{"id":21384,"date":"2022-03-27T00:07:39","date_gmt":"2022-03-27T00:07:39","guid":{"rendered":"http:\/\/www.ecoitaliano.com.ar\/?p=21384"},"modified":"2022-03-27T00:07:39","modified_gmt":"2022-03-27T00:07:39","slug":"serena-conduce-operaclassica-eco-italiano-1379","status":"publish","type":"post","link":"https:\/\/www.ecoitaliano.com.ar\/?p=21384","title":{"rendered":"Serena conduce operaclassica eco italiano."},"content":{"rendered":"<p style=\"text-align: center;\"><a href=\"http:\/\/www.ecoitaliano.com.ar\/wp-content\/uploads\/2022\/03\/image002-1.png\"><img decoding=\"async\" class=\"alignnone size-full wp-image-21385\" src=\"http:\/\/www.ecoitaliano.com.ar\/wp-content\/uploads\/2022\/03\/image002-1.png\" alt=\"\" width=\"119\" height=\"86\" \/><\/a><\/p>\n<p>Ufficio Stampa 24\/03\/2022<\/p>\n<p>PER LA PRIMA VOLTA A VERONA, LA SCALA DI SETA:<br \/>\nL\u2019ELEGANZA DEL ROSSINI BUFFO CON UN CAST DI GIOVANI PROMESSE<br \/>\nFarsa comica in un atto mai eseguita al Filarmonico, La Scala di seta debutta domenica 27 marzo in una nuova produzione firmata da Stefania Bonfadelli con un team creativo tutto femminile. Esordisce nell\u2019opera anche il giovane maestro Nikolas N\u00e4gele, alla guida dell\u2019Orchestra areniana e di un cast di eccellenze rossiniane, di cui molte per la prima volta a Verona<br \/>\nNel frattempo Fondazione Arena \u00e8 in finalissima al Concorso Art Bonus: ultimi giorni per votare<\/p>\n<p>La Scala di seta di Gioachino Rossini<\/p>\n<p>Domenica 27 marzo \u00b7 ore 15.30<br \/>\nMercoled\u00ec 30 marzo \u00b7 ore 19.00<br \/>\nVenerd\u00ec 1 aprile \u00b7 ore 20.00<br \/>\nDomenica 3 aprile \u00b7 ore 15.30<br \/>\nTeatro Filarmonico di Verona<\/p>\n<p>Un matrimonio segreto e una serie di spassosi equivoci che coinvolgono una cugina curiosa, un ammiratore importuno, un seduttore inaspettato, un nevrotico tutore: sono i primi ingredienti della brillante farsa di Rossini. L\u2019esperto basso buffo Carlo Lepore canta con i giovanissimi Eleonora Bellocci, Manuel Amati, Caterina Piva, Matteo Roma, Emmanuel Franco. La veronese Stefania Bonfadelli cura la sua prima regia al Teatro Filarmonico contestualizzando le gag rossiniane in un elegante negozio di stoffe anni \u201930 con le scene di Serena Rocco, i costumi di Valeria Donata Bettella e le luci di Fiammetta Baldiserri.<br \/>\nLa freschezza e il genio del giovanissimo Gioachino Rossini trovarono terreno fertile nell\u2019ambito della farsa comica: tra i 18 e i 20 anni ne compose ben cinque solo per il Teatro San Mois\u00e8 di Venezia, inaugurando un intensissimo ventennio in cui si trov\u00f2 a scrivere quattro o cinque titoli ogni anno per diversi palcoscenici. La Scala di seta, che vide la luce nel maggio 1812, nonostante la musica di pregevole fattura e la trama che ammiccava al pubblico quella de Il Matrimonio segreto di Cimarosa, non ebbe un successo duraturo e dopo una dozzina d\u2019anni cadde nell\u2019oblio. Bisogn\u00f2 attendere gli anni \u201950 del Novecento e soprattutto le cure pesaresi della Rossini Renaissance per ridare all\u2019opera l\u2019attenzione che meritava: a testimoniarne il valore basterebbe la sinfonia introduttiva, che non \u00e8 mai uscita dal repertorio dei maggiori direttori d\u2019orchestra del secolo scorso e di oggi. Ma oltre alla sinfonia c\u2019\u00e8 molto di pi\u00f9: in una struttura collaudata, una ricca invenzione melodica, un ritmo teatrale incalzante, comico e originale, gi\u00e0 inconfondibilmente rossiniano, affidato a sei voci cui sono richiesti tanto doti belcantistiche quanto puntuale recitazione.<br \/>\nLa vicenda. Il vecchio tutore Dormont ha destinato la sua protetta Giulia al ricco Blansac. Non sa che la ragazza ha gi\u00e0 sposato in segreto l\u2019amato giovane Dorvil e che lei lo fa salire nelle sue stanze di nascosto tutte le sere calando una scala di seta dalla finestra. Giulia deve quindi convincere il nuovo pretendente Blansac a sedurre non lei ma la cugina Lucilla, che sarebbe peraltro molto interessata: filerebbe tutto liscio se non ci mettesse il becco anche il servitore Germano, che unisce attenzioni non richieste per Giulia a molesta curiosit\u00e0 e scarso tempismo. Per una serie di imprevisti e divertenti equivoci, a mezzanotte tutti i personaggi si ritroveranno nella stessa stanza: qui Giulia e Dorvil saranno costretti a svelare il proprio segreto, perdonato e accolto con un sospirato lieto fine.<br \/>\nIn questa nuova produzione, sono molti i giovanissimi interpreti che vantano gi\u00e0 notevoli esperienze anche internazionali nel repertorio rossiniano: il soprano Eleonora Bellocci, appena applaudita a Verona in Rigoletto, \u00e8 Giulia; l\u2019amato Dorvil \u00e8 interpretato dal tenore Matteo Roma, che debutta al Filarmonico, cos\u00ec come la Lucilla del mezzosoprano Caterina Piva, il frizzante Dormont del tenore Manuel Amati e il servo Germano del baritono Emmanuel Franco. Un vero lusso \u00e8 il Blansac dell\u2019illustre basso buffo Carlo Lepore, che anche simbolicamente, e sempre nel segno di Rossini, torna sul palcoscenico dove \u00e8 stato protagonista nell\u2019ultima produzione de L\u2019Italiana in Algeri, interrotta dalla pandemia nel 2020, quindi pioniere l\u2019anno successivo ne Il Barbiere di Siviglia, prima opera trasmessa in streaming.<br \/>\nA dirigere l\u2019Orchestra areniana \u00e8 un altro giovane di talento con diverse esperienze all\u2019attivo nel repertorio operistico, in particolare mozartiano e rossiniano: il tedesco Nikolas N\u00e4gele, anch\u2019egli dopo un primo concerto sinfonico con i complessi artistici veronesi avvenuto nell\u2019autunno 2020 senza pubblico in sala, trasmesso in streaming e tuttora disponibile sul canale youtube e sulla webtv di Fondazione Arena. Per la prima volta a Verona, il maestro N\u00e4gele dirige La Scala di seta integralmente nella sua edizione critica.<br \/>\nLa Scala di seta prosegue un dialogo storico fra i palcoscenici veronesi e la musica del Cigno di Pesaro, che dalle prime esplorazioni degli anni \u201990 \u00e8 ripreso solo negli ultimi anni: accanto al fortunato Barbiere di Siviglia (opera recentemente anche areniana), alla gi\u00e0 citata Italiana e Cenerentola, recentemente il Teatro Filarmonico ha visto in scena per la prima volta alcuni importanti titoli, come La Gazza ladra, Il Viaggio a Reims, nonch\u00e9 la Petite messe solennelle.<br \/>\nLo spettacolo in scena da domenica 27 marzo \u00e8 affidato ad un\u2019altra artista importante, anche rossiniana, di origini veronesi ma dalla carriera internazionale, prima come soprano, quindi come regista: \u00e8 in questa veste che debutta al Filarmonico Stefania Bonfadelli a capo di un team creativo interamente femminile, comprendente la scenografa Serena Rocco, la costumista Valeria Donata Bettella e la light designer Fiammetta Baldiserri. Le gerarchie sociali ed economiche, i rapporti personali e lo humour originali di Rossini sono rispettati, anzi amplificati dalla drammaturgia che colloca la vicenda in un negozio di stoffe anni \u201930: cosa che permetter\u00e0, fra gag e stoffe pregiate, anche la comparsa di una vera scala di seta.<br \/>\n\u00abQuesta nuova produzione prosegue il mandato culturale e sociale di Fondazione Arena per il suo pubblico, sia per gli affezionati che per i nuovi spettatori \u2013 dichiara il Sovrintendente e Direttore Artistico Cecilia Gasdia. \u2013 Per Verona infatti, La Scala di seta \u00e8 allo stesso tempo una nuova scoperta e un divertimento: la trama e la musica di Rossini garantiscono il pieno godimento al pubblico di ogni et\u00e0 ma fungono anche da banco di prova per tutti gli esecutori. I solisti devono avere vocalit\u00e0 da virtuosi e tempi teatrali serrati, mentre alla nostra Orchestra sono richieste leggerezza e trasparenza che consacrano Rossini quale massimo autore comico, fuori dal tempo\u00bb.<br \/>\n\u00abLa Scala di seta \u00e8 un\u2019opera di bellezza pura \u2013 prosegue il Maestro Nikolas N\u00e4gele \u2013 di un Rossini ventenne ma gi\u00e0 molto maturo: \u00e8 una farsa in un atto nel segno della tradizione buffa ma con un linguaggio personale e una struttura tipica delle grandi opere a venire\u00bb.<br \/>\n\u00abMettere in scena Rossini \u00e8 sempre un impegno, ma innegabilmente una grande gioia, \u2013 conclude la regista Stefania Bonfadelli \u2013 perch\u00e9 Rossini \u00e8 come noi. Noi italiani, intendo: buffo, ironico, un po\u2019 larmoyant, mai scontato, inguaribilmente individualista ed egocentrico, sempre pronto a stupire, appassionante nella sua \u201cfollia organizzata\u201d\u00bb.<br \/>\nL\u2019esilarante farsa rossiniana, in un unico atto di 90 minuti circa, debutta domenica 27 marzo alle 15.30 e replica mercoled\u00ec 30 marzo (alle 19), venerd\u00ec 1 aprile (alle 20) e domenica 3 aprile (alle 15.30).<br \/>\nPer legge, l\u2019accesso agli spettacoli \u00e8 consentito esclusivamente agli spettatori muniti di certificazione verde Covid-19 di avvenuta vaccinazione o guarigione, \u201cGreen Pass rafforzato\u201d. Inoltre \u00e8 confermato l\u2019obbligo di\u00a0mascherina Ffp2. Le nuove disposizioni governative, la cui entrata in vigore \u00e8 prevista dal mese di aprile, saranno aggiornate puntualmente sul sito web: https:\/\/www.arena.it\/it\/teatro-filarmonico\/info-covid<\/p>\n<p>Con La Scala di seta sono riprese inoltre le conferenze di presentazione delle opere in scena nel 2022 in collaborazione con Amici del Filarmonico e Verona Lirica: il prossimo appuntamento \u00e8 in Sala Filarmonica marted\u00ec 3 maggio alle 18, per Orlando furioso di Vivaldi, con Roberto Mori. Ingresso libero da via Roma 3.<\/p>\n<p>Con la Stagione Lirica 2022, riprendono le iniziative di Arena Young, rivolte a studenti e personale di scuole, universit\u00e0, accademie. Sono disponibili posti venerd\u00ec 25 marzo alle 16 per l\u2019anteprima giovani de La Scala di seta al prezzo speciale di \u20ac 5 a biglietto.<br \/>\n\u00c8 confermato anche il Ritorno a teatro: un percorso di avvicinamento all\u2019opera e alla musica sinfonica proposto dalla Fondazione Arena di Verona. Il mondo della Scuola potr\u00e0 assistere alle rappresentazioni in cartellone per la Stagione Artistica 2022 al Teatro Filarmonico, con l\u2019opportunit\u00e0 di partecipare ad un Preludio un\u2019ora prima dello spettacolo: un momento di approccio alla trama, ai personaggi e al linguaggio del teatro in musica, che avr\u00e0 luogo nella prestigiosa Sala Maffeiana. Per La Scala di seta \u00e8 possibile partecipare al Preludio mercoled\u00ec 30 marzo alle 18 e venerd\u00ec 1 aprile alle 19.<br \/>\nInformazioni e prenotazioni: Ufficio Formazione scuola@arenadiverona.it \u2013 tel 045 8051933.<br \/>\nFONDAZIONE ARENA DI VERONA IN FINALISSIMA AL CONCORSO ART BONUS: l\u2019iniziativa di fundraising \u201c67 colonne per l\u2019Arena di Verona\u201d \u00e8 arrivata alla fase finale del Concorso per il miglior progetto di Art Bonus del 2021 promosso dal Ministero della Cultura.<br \/>\nSolo fino alle ore 12.00 del 1\u00b0 aprile \u00e8 ancora possibile votare l\u2019Arena di Verona sui canali social ai link Facebook:\u00a0bit.ly\/votaveronaFB e Instagram:\u00a0bit.ly\/votaveronaIG<\/p>\n<p>Informazioni<br \/>\nUfficio Stampa Fondazione Arena di Verona \u2013 Via Roma 7\/D, 37121 Verona<br \/>\ntel. (+39) 045 805.1861-1905-1891-1939 &#8211; fax (+39) 045 803.1443<br \/>\nufficio.stampa@arenadiverona.it \u2013 www.arena.it<\/p>\n<p>BIGLIETTERIA ARENA DI VERONA Via Dietro Anfiteatro 6\/b, 37121 Verona<br \/>\nAperta da luned\u00ec a venerd\u00ec 10.30 &#8211; 16.00 | sabato 9.15 &#8211; 12.45<br \/>\nTel. 045 596517 \u2219 Fax 045 8013287<br \/>\nBIGLIETTERIA TEATRO FILARMONICO Via dei Mutilati 4\/k, 37121 Verona<br \/>\nAperta due ore prima dello spettacolo<br \/>\nTel 045 8002880 \u2219 Fax 045 8013266<br \/>\nPunti vendita TicketOne.it<br \/>\nbiglietteria@arenadiverona.it<br \/>\nCall center (+39) 045 8005151 \u2219 www.arena.it<\/p>\n<p>* * *<\/p>\n<p>Domenica 27 marzo \u00b7 ore 15.30 turno A<br \/>\nMercoled\u00ec 30 marzo \u00b7 ore 19.00 turno C<br \/>\nVenerd\u00ec 1 aprile \u00b7 ore 20.00 turno D<br \/>\nDomenica 3 aprile \u00b7 ore 15.30 turno B<\/p>\n<p>La Scala di seta<br \/>\nFarsa comica in un atto.<br \/>\nLibretto di Giuseppe Maria Foppa<br \/>\nMusica di Gioachino Rossini<br \/>\nEdizione critica della Fondazione Rossini in collaborazione con Casa Ricordi,<br \/>\na cura di Anders Wiklund<\/p>\n<p>Direttore Nikolas Naegele<br \/>\nRegia Stefania Bonfadelli<br \/>\nScene Serena Rocco<br \/>\nCostumi Valeria Donata Bettella<br \/>\nLuci Fiammetta Baldiserri<\/p>\n<p>Personaggi e interpreti<\/p>\n<p>Dormont<br \/>\nGiulia<br \/>\nLucilla<br \/>\nDorvil<br \/>\nBlansac<br \/>\nGermano<br \/>\nManuel Amati<br \/>\nEleonora Bellocci<br \/>\nCaterina Piva<br \/>\nMatteo Roma<br \/>\nCarlo Lepore<br \/>\nEmmanuel Franco<\/p>\n<p>ORCHESTRA E TECNICI DELLA FONDAZIONE ARENA DI VERONA<\/p>\n<p>Nuovo allestimento della Fondazione Arena di Verona<\/p>\n<p>Tempi di spettacolo:<br \/>\nAtto unico, durata 90\u2019 circa<\/p>\n<p>* * *<\/p>\n<p>Novit\u00e0 di biglietteria: sono disponibili nuovi mini-abbonamenti per la Stagione Lirica e la Stagione Sinfonica 2022, per offrire agli spettatori una scelta ancora pi\u00f9 ampia e flessibile con opzioni di 3 o 5 titoli tra i programmi preferiti nell\u2019offerta artistica della Fondazione Arena di Verona al Teatro Filarmonico.<\/p>\n<p>Carnet 3 OPERE di DOMENICA &#8211; Platea \u20ac 165 oppure Galleria \u20ac 105 per 3 date a scelta fra:<br \/>\nSCALA DI SETA \u2013 domenica 3 aprile, ore 15.30<br \/>\nORLANDO FURIOSO \u2013 domenica 15 maggio, ore 15.30<br \/>\nLA GIOCONDA \u2013 domenica 30 ottobre, ore 15.30<br \/>\nLA BOH\u00c8ME \u2013 domenica 18 dicembre, ore 15.30<\/p>\n<p>Carnet 3 OPERE di VENERD\u00cc &#8211; Platea \u20ac 165 oppure Galleria \u20ac 105 per 3 date a scelta fra:<br \/>\nSCALA DI SETA \u2013 venerd\u00ec 1 aprile ore 20.00<br \/>\nORLANDO FURIOSO \u2013 venerd\u00ec 13 maggio ore 20.00<br \/>\nLA GIOCONDA \u2013 venerd\u00ec 28 ottobre ore 20.00<br \/>\nLA BOH\u00c8ME \u2013 venerd\u00ec 16 dicembre ore 20.00<\/p>\n<p>Carnet 5 CONCERTI sinfonici &#8211; Posto unico numerato \u20ac 110 per 5 date a scelta della Stagione Sinfonica:<br \/>\n5\u00b0 concerto \u2013 venerd\u00ec 8 aprile, ore 20.00<br \/>\n6\u00b0 concerto \u2013 venerd\u00ec 22 aprile, ore 20.00<br \/>\n7\u00b0 concerto \u2013 venerd\u00ec 29 aprile, ore 20.00<br \/>\n8\u00b0 concerto \u2013 venerd\u00ec 20 maggio, ore 20.00<br \/>\n9\u00b0 concerto \u2013 venerd\u00ec 11 novembre, ore 20.00<br \/>\n10\u00b0 concerto \u2013 venerd\u00ec 25 novembre, ore 20.00<\/p>\n<p>Carnet 3 CONCERTI marzo\/maggio &#8211; Posto unico numerato \u20ac 66 per 3 concerti a scelta da marzo a maggio:<br \/>\n5\u00b0 concerto \u2013 venerd\u00ec 8 aprile, ore 20.00<br \/>\n6\u00b0 concerto \u2013 venerd\u00ec 22 aprile, ore 20.00<br \/>\n7\u00b0 concerto \u2013 venerd\u00ec 29 aprile, ore 20.00<br \/>\n8\u00b0 concerto \u2013 venerd\u00ec 20 maggio, ore 20.00<\/p>\n<p>\u00c8 naturalmente sempre possibile acquistare i biglietti singoli per ogni data della Stagione Artistica 2022:<br \/>\nPREZZI BIGLIETTI LIRICA Platea LIRICA 1^Galleria LIRICA 2^Galleria SINFONICA Posto unico numerato<br \/>\nINTERO \u20ac 64 \u20ac 41 \u20ac 30 \u20ac 26<br \/>\nRIDOTTO \u20ac 54 \u20ac 34 \u20ac 25 \u20ac 22<br \/>\nRIDOTTO OVER 65 \u20ac 44 \u20ac 28 \u20ac 20 \u20ac 17<br \/>\nRIDOTTO UNDER 30 \u20ac 24 \u20ac 15 \u20ac 11 \u20ac 10<\/p>\n<p>BIGLIETTERIA ARENA DI VERONA Via Dietro Anfiteatro 6\/b, 37121 Verona<br \/>\nAperta da luned\u00ec a venerd\u00ec 10.30-16.00 | sabato 9.15-12.45<br \/>\nTel. 045 596517 \u2219 Fax 045 8013287<\/p>\n<p>BIGLIETTERIA TEATRO FILARMONICO Via dei Mutilati 4\/k, 37121 Verona<br \/>\nAperta due ore prima dello spettacolo<br \/>\nTel 045 8002880 \u2219 Fax 045 8013266<\/p>\n<p>Punti vendita TicketOne.it<br \/>\nbiglietteria@arenadiverona.it<br \/>\nCall center (+39) 045 8005151 \u2219 www.arena.it<\/p>\n<p><a href=\"http:\/\/www.ecoitaliano.com.ar\/wp-content\/uploads\/2022\/03\/cgvhbjnm.jpg\"><img decoding=\"async\" class=\"alignnone size-full wp-image-21386\" src=\"http:\/\/www.ecoitaliano.com.ar\/wp-content\/uploads\/2022\/03\/cgvhbjnm.jpg\" alt=\"\" width=\"846\" height=\"1199\" srcset=\"https:\/\/www.ecoitaliano.com.ar\/wp-content\/uploads\/2022\/03\/cgvhbjnm.jpg 846w, https:\/\/www.ecoitaliano.com.ar\/wp-content\/uploads\/2022\/03\/cgvhbjnm-212x300.jpg 212w, https:\/\/www.ecoitaliano.com.ar\/wp-content\/uploads\/2022\/03\/cgvhbjnm-768x1088.jpg 768w, https:\/\/www.ecoitaliano.com.ar\/wp-content\/uploads\/2022\/03\/cgvhbjnm-723x1024.jpg 723w, https:\/\/www.ecoitaliano.com.ar\/wp-content\/uploads\/2022\/03\/cgvhbjnm-106x150.jpg 106w\" sizes=\"(max-width: 846px) 100vw, 846px\" \/><\/a><\/p>\n<p><a href=\"http:\/\/www.ecoitaliano.com.ar\/wp-content\/uploads\/2022\/03\/xcgvbnkm.jpg\"><img decoding=\"async\" class=\"alignnone size-full wp-image-21387\" src=\"http:\/\/www.ecoitaliano.com.ar\/wp-content\/uploads\/2022\/03\/xcgvbnkm.jpg\" alt=\"\" width=\"1199\" height=\"848\" srcset=\"https:\/\/www.ecoitaliano.com.ar\/wp-content\/uploads\/2022\/03\/xcgvbnkm.jpg 1199w, https:\/\/www.ecoitaliano.com.ar\/wp-content\/uploads\/2022\/03\/xcgvbnkm-300x212.jpg 300w, https:\/\/www.ecoitaliano.com.ar\/wp-content\/uploads\/2022\/03\/xcgvbnkm-768x543.jpg 768w, https:\/\/www.ecoitaliano.com.ar\/wp-content\/uploads\/2022\/03\/xcgvbnkm-1024x724.jpg 1024w, https:\/\/www.ecoitaliano.com.ar\/wp-content\/uploads\/2022\/03\/xcgvbnkm-150x106.jpg 150w\" sizes=\"(max-width: 1199px) 100vw, 1199px\" \/><\/a><\/p>\n","protected":false},"excerpt":{"rendered":"<p>Ufficio Stampa 24\/03\/2022 PER LA PRIMA VOLTA A VERONA, LA SCALA DI SETA: L\u2019ELEGANZA DEL ROSSINI BUFFO CON UN CAST [&hellip;]<\/p>\n","protected":false},"author":1,"featured_media":0,"comment_status":"open","ping_status":"open","sticky":false,"template":"","format":"standard","meta":{"footnotes":""},"categories":[1],"tags":[],"class_list":["post-21384","post","type-post","status-publish","format-standard","hentry","category-sin-categoria"],"_links":{"self":[{"href":"https:\/\/www.ecoitaliano.com.ar\/index.php?rest_route=\/wp\/v2\/posts\/21384","targetHints":{"allow":["GET"]}}],"collection":[{"href":"https:\/\/www.ecoitaliano.com.ar\/index.php?rest_route=\/wp\/v2\/posts"}],"about":[{"href":"https:\/\/www.ecoitaliano.com.ar\/index.php?rest_route=\/wp\/v2\/types\/post"}],"author":[{"embeddable":true,"href":"https:\/\/www.ecoitaliano.com.ar\/index.php?rest_route=\/wp\/v2\/users\/1"}],"replies":[{"embeddable":true,"href":"https:\/\/www.ecoitaliano.com.ar\/index.php?rest_route=%2Fwp%2Fv2%2Fcomments&post=21384"}],"version-history":[{"count":0,"href":"https:\/\/www.ecoitaliano.com.ar\/index.php?rest_route=\/wp\/v2\/posts\/21384\/revisions"}],"wp:attachment":[{"href":"https:\/\/www.ecoitaliano.com.ar\/index.php?rest_route=%2Fwp%2Fv2%2Fmedia&parent=21384"}],"wp:term":[{"taxonomy":"category","embeddable":true,"href":"https:\/\/www.ecoitaliano.com.ar\/index.php?rest_route=%2Fwp%2Fv2%2Fcategories&post=21384"},{"taxonomy":"post_tag","embeddable":true,"href":"https:\/\/www.ecoitaliano.com.ar\/index.php?rest_route=%2Fwp%2Fv2%2Ftags&post=21384"}],"curies":[{"name":"wp","href":"https:\/\/api.w.org\/{rel}","templated":true}]}}