{"id":21389,"date":"2022-03-27T17:22:23","date_gmt":"2022-03-27T17:22:23","guid":{"rendered":"http:\/\/www.ecoitaliano.com.ar\/?p=21389"},"modified":"2022-03-27T17:22:23","modified_gmt":"2022-03-27T17:22:23","slug":"annotazioni-sulla-cittadinanza-onoraria-dellaquila-al-prof-francesco-sabatini-linsigne-linguista-gia-presidente-dellaccademia-della-crusca-candida-la-citta-a-capitale-d","status":"publish","type":"post","link":"https:\/\/www.ecoitaliano.com.ar\/?p=21389","title":{"rendered":"ANNOTAZIONI SULLA CITTADINANZA ONORARIA DELL\u2019AQUILA AL PROF. FRANCESCO SABATINI &#8211; L\u2019insigne linguista, gi\u00e0 Presidente dell\u2019Accademia della Crusca, candida la citt\u00e0 a Capitale dell\u2019Appennino"},"content":{"rendered":"<div id='gallery-1' class='gallery galleryid-21389 gallery-columns-3 gallery-size-thumbnail'><figure class='gallery-item'>\n\t\t\t<div class='gallery-icon landscape'>\n\t\t\t\t<a href='https:\/\/www.ecoitaliano.com.ar\/?attachment_id=21392'><img decoding=\"async\" width=\"150\" height=\"150\" src=\"https:\/\/www.ecoitaliano.com.ar\/wp-content\/uploads\/2022\/03\/Prof_opt-150x150.jpg\" class=\"attachment-thumbnail size-thumbnail\" alt=\"\" \/><\/a>\n\t\t\t<\/div><\/figure><figure class='gallery-item'>\n\t\t\t<div class='gallery-icon landscape'>\n\t\t\t\t<a href='https:\/\/www.ecoitaliano.com.ar\/?attachment_id=21393'><img decoding=\"async\" width=\"150\" height=\"150\" src=\"https:\/\/www.ecoitaliano.com.ar\/wp-content\/uploads\/2022\/03\/3-Cittadinanza-onoraria-a-prof_opt-150x150.jpg\" class=\"attachment-thumbnail size-thumbnail\" alt=\"\" \/><\/a>\n\t\t\t<\/div><\/figure>\n\t\t<\/div>\n\n<div id='gallery-2' class='gallery galleryid-21389 gallery-columns-3 gallery-size-thumbnail'><figure class='gallery-item'>\n\t\t\t<div class='gallery-icon landscape'>\n\t\t\t\t<a href='https:\/\/www.ecoitaliano.com.ar\/?attachment_id=21395'><img decoding=\"async\" width=\"150\" height=\"150\" src=\"https:\/\/www.ecoitaliano.com.ar\/wp-content\/uploads\/2022\/03\/4-Cittadnanza-onoraria-a-prof.-Sabatini-150x150.jpg\" class=\"attachment-thumbnail size-thumbnail\" alt=\"\" \/><\/a>\n\t\t\t<\/div><\/figure><figure class='gallery-item'>\n\t\t\t<div class='gallery-icon landscape'>\n\t\t\t\t<a href='https:\/\/www.ecoitaliano.com.ar\/?attachment_id=21398'><img decoding=\"async\" width=\"150\" height=\"150\" src=\"https:\/\/www.ecoitaliano.com.ar\/wp-content\/uploads\/2022\/03\/2-Cittadinanza-onoraria-a-prof_opt1-150x150.jpg\" class=\"attachment-thumbnail size-thumbnail\" alt=\"\" \/><\/a>\n\t\t\t<\/div><\/figure><figure class='gallery-item'>\n\t\t\t<div class='gallery-icon landscape'>\n\t\t\t\t<a href='https:\/\/www.ecoitaliano.com.ar\/?attachment_id=21400'><img decoding=\"async\" width=\"150\" height=\"150\" src=\"https:\/\/www.ecoitaliano.com.ar\/wp-content\/uploads\/2022\/03\/8-Lintervento-di-Stefano-Palumbo_opt-150x150.jpg\" class=\"attachment-thumbnail size-thumbnail\" alt=\"\" \/><\/a>\n\t\t\t<\/div><\/figure><figure class='gallery-item'>\n\t\t\t<div class='gallery-icon landscape'>\n\t\t\t\t<a href='https:\/\/www.ecoitaliano.com.ar\/?attachment_id=21401'><img decoding=\"async\" width=\"150\" height=\"150\" src=\"https:\/\/www.ecoitaliano.com.ar\/wp-content\/uploads\/2022\/03\/9-Lintervento-di-Ersilia-Lancia_opt-150x150.jpg\" class=\"attachment-thumbnail size-thumbnail\" alt=\"\" \/><\/a>\n\t\t\t<\/div><\/figure><figure class='gallery-item'>\n\t\t\t<div class='gallery-icon landscape'>\n\t\t\t\t<a href='https:\/\/www.ecoitaliano.com.ar\/?attachment_id=21402'><img decoding=\"async\" width=\"150\" height=\"150\" src=\"https:\/\/www.ecoitaliano.com.ar\/wp-content\/uploads\/2022\/03\/Francesco-Sabatini-e-signora-Francesca_opt-150x150.jpg\" class=\"attachment-thumbnail size-thumbnail\" alt=\"\" \/><\/a>\n\t\t\t<\/div><\/figure><figure class='gallery-item'>\n\t\t\t<div class='gallery-icon portrait'>\n\t\t\t\t<a href='https:\/\/www.ecoitaliano.com.ar\/?attachment_id=21403'><img decoding=\"async\" width=\"150\" height=\"150\" src=\"https:\/\/www.ecoitaliano.com.ar\/wp-content\/uploads\/2022\/03\/3-Cittadinanza-onoraria-a-prof_opt1-150x150.jpg\" class=\"attachment-thumbnail size-thumbnail\" alt=\"\" \/><\/a>\n\t\t\t<\/div><\/figure><figure class='gallery-item'>\n\t\t\t<div class='gallery-icon landscape'>\n\t\t\t\t<a href='https:\/\/www.ecoitaliano.com.ar\/?attachment_id=21404'><img decoding=\"async\" width=\"150\" height=\"150\" src=\"https:\/\/www.ecoitaliano.com.ar\/wp-content\/uploads\/2022\/03\/5-Cittadinanza-onoraria-a-prof_opt-150x150.jpg\" class=\"attachment-thumbnail size-thumbnail\" alt=\"\" \/><\/a>\n\t\t\t<\/div><\/figure><figure class='gallery-item'>\n\t\t\t<div class='gallery-icon landscape'>\n\t\t\t\t<a href='https:\/\/www.ecoitaliano.com.ar\/?attachment_id=21406'><img decoding=\"async\" width=\"150\" height=\"150\" src=\"https:\/\/www.ecoitaliano.com.ar\/wp-content\/uploads\/2022\/03\/6-Discorso-prof_opt-150x150.jpg\" class=\"attachment-thumbnail size-thumbnail\" alt=\"\" \/><\/a>\n\t\t\t<\/div><\/figure>\n\t\t<\/div>\n\n<p>&nbsp;<\/p>\n<p align=\"left\"><span style=\"font-family: Times, serif;\"><span style=\"font-family: Arial Narrow, serif;\"><span style=\"font-size: small;\">27 marzo 2022<\/span><\/span><\/span><\/p>\n<p align=\"center\"><span style=\"font-family: Times, serif;\"><b><span style=\"font-family: Arial Narrow, serif;\"><span style=\"font-size: small;\">Annotazioni sulla Cittadinanza onoraria dell\u2019Aquila al prof. FRANCESCO SABATINI <\/span><\/span><\/b><\/span><\/p>\n<p align=\"center\"><span style=\"font-family: Times, serif;\"><b><span style=\"font-family: Arial Narrow, serif;\"><span style=\"font-size: small;\"><i>L\u2019insigne linguista, gi\u00e0 Presidente dell\u2019Accademia della Crusca, candida la citt\u00e0 a Capitale dell\u2019Appennino<\/i><\/span><\/span><\/b><\/span><\/p>\n<p align=\"center\"><span style=\"font-family: Times, serif;\"><span style=\"font-family: Arial Narrow, serif;\"><span style=\"font-size: small;\">di <\/span><\/span><b><span style=\"font-family: Arial Narrow, serif;\"><span style=\"font-size: small;\">Goffredo Palmerini<\/span><\/span><\/b><\/span><\/p>\n<p align=\"justify\"><span style=\"font-family: Times, serif;\"><span style=\"font-family: Arial Narrow, serif;\"><span style=\"font-size: small;\">L\u2019AQUILA \u2013 Una cerimonia sobria ma densa di suggestioni ha fatto da cornice al conferimento della Cittadinanza onoraria dell\u2019Aquila al <\/span><\/span><b><span style=\"font-family: Arial Narrow, serif;\"><span style=\"font-size: small;\">prof. Francesco Sabatini<\/span><\/span><\/b><span style=\"font-family: Arial Narrow, serif;\"><span style=\"font-size: small;\">, linguista e filologo insigne, <\/span><\/span><b><span style=\"font-family: Arial Narrow, serif;\"><span style=\"font-size: small;\">Presidente emerito dell\u2019Accademia della Crusca<\/span><\/span><\/b><span style=\"font-family: Arial Narrow, serif;\"><span style=\"font-size: small;\">. A mezzogiorno del 18 marzo scorso, nell\u2019auditorium progettato da <\/span><\/span><b><span style=\"font-family: Arial Narrow, serif;\"><span style=\"font-size: small;\">Renzo Piano<\/span><\/span><\/b><span style=\"font-family: Arial Narrow, serif;\"><span style=\"font-size: small;\"> nel Parco del Castello cinquecentesco, l\u2019accoglienza del <\/span><\/span><b><span style=\"font-family: Arial Narrow, serif;\"><span style=\"font-size: small;\">prof. Sabatini<\/span><\/span><\/b><span style=\"font-family: Arial Narrow, serif;\"><span style=\"font-size: small;\"> (accompagnato dalla moglie, signora Francesca) con il saluto del presidente del Consiglio comunale <\/span><\/span><b><span style=\"font-family: Arial Narrow, serif;\"><span style=\"font-size: small;\">Roberto Tinari<\/span><\/span><\/b><span style=\"font-family: Arial Narrow, serif;\"><span style=\"font-size: small;\"> e del sindaco <\/span><\/span><b><span style=\"font-family: Arial Narrow, serif;\"><span style=\"font-size: small;\">Pierluigi Biondi<\/span><\/span><\/b><span style=\"font-family: Arial Narrow, serif;\"><span style=\"font-size: small;\">, quindi la lettura della pergamena con le motivazioni del conferimento della pi\u00f9 alta onorificenza civica, qual \u00e8 la Cittadinanza onoraria, e la consegna della riproduzione in argento del magnifico rosone di Collemaggio. Alcuni minuti di forte emozione per tutti, rappresentanti della Municipalit\u00e0 aquilana e pubblico che ha ricolmato l\u2019Auditorium del Parco. Intensa la commozione del <\/span><\/span><b><span style=\"font-family: Arial Narrow, serif;\"><span style=\"font-size: small;\">prof. Sabatini<\/span><\/span><\/b><span style=\"font-family: Arial Narrow, serif;\"><span style=\"font-size: small;\">, grande amico dell\u2019Aquila. Sulla particolare amicizia verso la citt\u00e0 si era parlato nel corso della seduta del Consiglio comunale, convocata alle 10 per trattare l\u2019unico argomento all\u2019ordine del giorno di convocazione &#8211; <\/span><\/span><b><span style=\"font-family: Arial Narrow, serif;\"><span style=\"font-size: small;\">il conferimento al prof. Francesco Sabatini della Cittadinanza onoraria dell\u2019Aquila<\/span><\/span><\/b><span style=\"font-family: Arial Narrow, serif;\"><span style=\"font-size: small;\"> &#8211; e per deliberare al riguardo. <\/span><\/span><\/span><\/p>\n<p align=\"justify\"><span style=\"font-family: Times, serif;\"><span style=\"font-family: Arial Narrow, serif;\"><span style=\"font-size: small;\">Dopo l\u2019introduzione del presidente dell\u2019Assemblea civica, <\/span><\/span><b><span style=\"font-family: Arial Narrow, serif;\"><span style=\"font-size: small;\">Roberto Tinari<\/span><\/span><\/b><span style=\"font-family: Arial Narrow, serif;\"><span style=\"font-size: small;\">, e la lettura della proposta di deliberazione, i due gli interventi concordati tra i gruppi consiliari: il primo del consigliere <\/span><\/span><b><span style=\"font-family: Arial Narrow, serif;\"><span style=\"font-size: small;\">Stefano Palumbo<\/span><\/span><\/b><span style=\"font-family: Arial Narrow, serif;\"><span style=\"font-size: small;\"> a nome dei gruppi di minoranza in Consiglio, il secondo di <\/span><\/span><b><span style=\"font-family: Arial Narrow, serif;\"><span style=\"font-size: small;\">Ersilia Lancia<\/span><\/span><\/b><span style=\"font-family: Arial Narrow, serif;\"><span style=\"font-size: small;\"> per i gruppi di maggioranza. Entrambi gli interventi sono stati contrassegnati dalla solennit\u00e0 del momento e dalla particolare rilevanza per la citt\u00e0 capoluogo con l\u2019atto di conferimento della cittadinanza onoraria al <\/span><\/span><b><span style=\"font-family: Arial Narrow, serif;\"><span style=\"font-size: small;\">prof. Sabatini<\/span><\/span><\/b><span style=\"font-family: Arial Narrow, serif;\"><span style=\"font-size: small;\">, non solo per gli indiscussi meriti scientifici e culturali, ma soprattutto per quanto egli ha fatto per <\/span><\/span><b><span style=\"font-family: Arial Narrow, serif;\"><span style=\"font-size: small;\">L\u2019Aquila<\/span><\/span><\/b><span style=\"font-family: Arial Narrow, serif;\"><span style=\"font-size: small;\"> dopo il terremoto del 2009, rafforzando quel legame affettivo nutrito da sempre per l\u2019amata citt\u00e0 capoluogo d\u2019Abruzzo. Il voto unanime del Consiglio comunale ha suggellato il conferimento della Cittadinanza onoraria, seguito da un prolungato applauso, certamente appropriato pur se un po\u2019 fuori dalle regole formali dell\u2019organo consiliare. E\u2019 a questo punto che il <\/span><\/span><b><span style=\"font-family: Arial Narrow, serif;\"><span style=\"font-size: small;\">presidente Tinari<\/span><\/span><\/b><span style=\"font-family: Arial Narrow, serif;\"><span style=\"font-size: small;\"> e il <\/span><\/span><b><span style=\"font-family: Arial Narrow, serif;\"><span style=\"font-size: small;\">sindaco Biondi<\/span><\/span><\/b><span style=\"font-family: Arial Narrow, serif;\"><span style=\"font-size: small;\"> sono andati ad accogliere al suo arrivo il <\/span><\/span><b><span style=\"font-family: Arial Narrow, serif;\"><span style=\"font-size: small;\">prof. Sabatini<\/span><\/span><\/b><span style=\"font-family: Arial Narrow, serif;\"><span style=\"font-size: small;\"> e ad accompagnarlo in auditorium, salutato da un caloroso applauso del pubblico in piedi. E\u2019 quindi seguita la cerimonia ufficiale. Il presidente del Consiglio comunale, dopo parole di affettuoso saluto al prof. Sabatini, ha espresso tra l\u2019altro le considerazioni che seguono. <\/span><\/span><\/span><\/p>\n<p align=\"justify\">\u201c<span style=\"font-family: Times, serif;\"><span style=\"font-family: Arial Narrow, serif;\"><span style=\"font-size: small;\"><i>Come tutti sappiamo<\/i><\/span><\/span><span style=\"font-family: Arial Narrow, serif;\"><span style=\"font-size: small;\"> &#8211; ha evidenziato il presidente<\/span><\/span><b><span style=\"font-family: Arial Narrow, serif;\"><span style=\"font-size: small;\"> Tinari<\/span><\/span><\/b><span style=\"font-family: Arial Narrow, serif;\"><span style=\"font-size: small;\"> &#8211; <\/span><\/span><span style=\"font-family: Arial Narrow, serif;\"><span style=\"font-size: small;\"><i>il prof. Sabatini \u00e8 stato insignito dal Presidente della Repubblica dell\u2019onorificenza di Cavaliere di Gran Croce OMRI, della Medaglia d\u2019Oro quale benemerito della Scuola, della Cultura e dell\u2019Arte, e di altri mille riconoscimenti ancora\u2026 La medaglia pi\u00f9 grande, la pi\u00f9 preziosa, che gli Aquilani le riconoscono, caro Professore, \u00e8 quella che porta nel cuore. Ed \u00e8 quella che tutti gli Aquilani le hanno riconosciuto quando le sue commoventi ed efficaci iniziative hanno concentrato l\u2019attenzione nazionale sulla nostra citt\u00e0 ferita dopo il disastroso terremoto\u2026 La gente dell\u2019Aquila non dimenticher\u00e0 mai come quali espressioni, gesti e parole Lei ha fatto sentire quando nei momenti bui ha parlato di noi, della nostra citt\u00e0, della sua indiscussa rinascita. E\u2019 per questo che oggi siamo qui, caro Prof. Sabatini. Allora eravamo nelle tende e non l\u2019abbiamo potuto fare. Siamo qui per dirle grazie, un grazie carico di affetto e di profonda stima e riconoscenza\u2026E\u2019 da quel momento che lei \u00e8 per tutti noi Cittadino onorario della nostra citt\u00e0. E per lei, per i suoi figli, per i figli dei figli e per le generazioni che verranno ci sono e ci saranno sempre porte aperte nella citt\u00e0 dell\u2019Aquila!<\/i><\/span><\/span><span style=\"font-family: Arial Narrow, serif;\"><span style=\"font-size: small;\">\u201d. <\/span><\/span><b><span style=\"font-family: Arial Narrow, serif;\"><span style=\"font-size: small;\">Tinari<\/span><\/span><\/b><span style=\"font-family: Arial Narrow, serif;\"><span style=\"font-size: small;\"> ha quindi ricordato come il prof. Sabatini sia un figlio della nostra terra, essendo nato a <\/span><\/span><b><span style=\"font-family: Arial Narrow, serif;\"><span style=\"font-size: small;\">Pescocostanzo<\/span><\/span><\/b><span style=\"font-family: Arial Narrow, serif;\"><span style=\"font-size: small;\"> e \u201c<\/span><\/span><span style=\"font-family: Arial Narrow, serif;\"><span style=\"font-size: small;\"><i>soprattutto colui che pi\u00f9 di tutti, con i suoi studi ovunque conosciuti e universalmente considerati in modo profondo, ha insegnato a intere generazioni l\u2019uso corretto e il valore della lingua pi\u00f9 bella del mondo: l\u2019italiano. Per quanto riguarda noi<\/i><\/span><\/span><span style=\"font-family: Arial Narrow, serif;\"><span style=\"font-size: small;\"> \u2013 ha concluso <\/span><\/span><b><span style=\"font-family: Arial Narrow, serif;\"><span style=\"font-size: small;\">Tinari<\/span><\/span><\/b><span style=\"font-family: Arial Narrow, serif;\"><span style=\"font-size: small;\"> \u2013 <\/span><\/span><span style=\"font-family: Arial Narrow, serif;\"><span style=\"font-size: small;\"><i>abbiamo avuto il privilegio di avere il nostro beneamato concittadino quale Presidente della Deputazione Abruzzese di Storia Patria, da sempre punto di riferimento istituzionale della nostra citt\u00e0 in fatto di cultura. Inoltre essenziale \u00e8 stato il suo apporto che ha consentito di tagliare il traguardo del riconoscimento della Perdonanza come patrimonio culturale immateriale dell\u2019Umanit\u00e0 da parte dell\u2019Unesco<\/i><\/span><\/span><span style=\"font-family: Arial Narrow, serif;\"><span style=\"font-size: small;\">\u201d. <\/span><\/span><b><span style=\"font-family: Arial Narrow, serif;\"><span style=\"font-size: small;\">Tinari<\/span><\/span><\/b><span style=\"font-family: Arial Narrow, serif;\"><span style=\"font-size: small;\"> ha infine ricordato che la proposta della cittadinanza onoraria al <\/span><\/span><b><span style=\"font-family: Arial Narrow, serif;\"><span style=\"font-size: small;\">prof. Sabatini<\/span><\/span><\/b><span style=\"font-family: Arial Narrow, serif;\"><span style=\"font-size: small;\"> sia pervenuta dal <\/span><\/span><b><span style=\"font-family: Arial Narrow, serif;\"><span style=\"font-size: small;\">Lions Club dell\u2019Aquila<\/span><\/span><\/b><span style=\"font-family: Arial Narrow, serif;\"><span style=\"font-size: small;\">, presente all\u2019auditorium del Parco con il presidente <\/span><\/span><b><span style=\"font-family: Arial Narrow, serif;\"><span style=\"font-size: small;\">Massimiliano Laurini<\/span><\/span><\/b><span style=\"font-family: Arial Narrow, serif;\"><span style=\"font-size: small;\"> e con altri esponenti, tra i quali <\/span><\/span><b><span style=\"font-family: Arial Narrow, serif;\"><span style=\"font-size: small;\">Duilio Chilante<\/span><\/span><\/b><span style=\"font-family: Arial Narrow, serif;\"><span style=\"font-size: small;\"> dal quale l\u2019idea era nata.<\/span><\/span><\/span><\/p>\n<p class=\"western\" align=\"justify\"><span style=\"font-size: small;\"><span style=\"font-family: Arial Narrow, serif;\">Il sindaco<\/span><\/span><span style=\"font-family: Arial Narrow, serif;\"><span style=\"font-size: small;\"><b> Pierluigi Biondi<\/b><\/span><\/span><span style=\"font-size: small;\"><span style=\"font-family: Arial Narrow, serif;\">,<\/span><\/span><b> <\/b><span style=\"font-family: Arial Narrow, serif;\"><span style=\"font-size: small;\">sottolineando il valore della cittadinanza onoraria tributata al <\/span><\/span><span style=\"font-family: Arial Narrow, serif;\"><span style=\"font-size: small;\"><b>prof. Sabatini<\/b><\/span><\/span><span style=\"font-family: Arial Narrow, serif;\"><span style=\"font-size: small;\">, ne ha voluto richiamare il particolare significato:\u00a0\u201c<\/span><\/span><span style=\"font-family: Arial Narrow, serif;\"><span style=\"font-size: small;\"><i>Conferire la cittadinanza onoraria al professor <\/i><\/span><\/span><span style=\"font-family: Arial Narrow, serif;\"><span style=\"font-size: small;\"><i><b>Francesco Sabatini<\/b><\/i><\/span><\/span><span style=\"font-family: Arial Narrow, serif;\"><span style=\"font-size: small;\"><i> i<\/i><\/span><\/span><span style=\"font-family: Arial Narrow, serif;\"><span style=\"font-size: small;\"><i>n questo tempo di guerra che ha colpito il cuore dell\u2019Europa, non \u00e8 solo un gesto di riconoscenza da parte della municipalit\u00e0 nei confronti di una personalit\u00e0 di indubbia caratura culturale nel campo della linguistica e della filologia, ma \u00e8 anche un gesto etico che pone l\u2019accento sul portato valoriale delle donne e degli uomini che hanno fatto della salvaguardia della cultura e del patrimonio storico-artistico il fulcro della loro esistenza. <\/i><\/span><\/span><span style=\"font-family: Arial Narrow, serif;\"><span style=\"font-size: small;\"><i>Le terribili immagini che giungono dall\u2019<\/i><\/span><\/span><span style=\"font-family: Arial Narrow, serif;\"><span style=\"font-size: small;\"><i><b>Ucraina<\/b><\/i><\/span><\/span><span style=\"font-family: Arial Narrow, serif;\"><span style=\"font-size: small;\"><i>, con le strade affollate di profughi, le citt\u00e0 oltraggiate dalle fiamme e dalla distruzione, i bombardamenti sul patrimonio culturale e lo spettro che si aggira tra le macerie di una possibile quanto antistorica epurazione culturale, ci raccontano di un popolo fiero e coraggioso che difende la propria identit\u00e0 culturale e del personale museale che disperatamente cerca di mettere in salvo le opere d\u2019arte. A <\/i><\/span><\/span><span style=\"font-family: Arial Narrow, serif;\"><span style=\"font-size: small;\"><i><b>Kiev<\/b><\/i><\/span><\/span><span style=\"font-family: Arial Narrow, serif;\"><span style=\"font-size: small;\"><i>, per spostare nei depositi cittadini la collezione del museo nazionale di storia, gli ucraini, lo scorso 3 marzo, hanno impiegato 12 ore. Intanto, si cerca il sostegno internazionale per evacuare opere d\u2019arte, archivi, libri, da tutto il territorio ucraino. La Pace di <\/i><\/span><\/span><span style=\"font-family: Arial Narrow, serif;\"><span style=\"font-size: small;\"><i><b>Antonio Canova<\/b><\/i><\/span><\/span><span style=\"font-family: Arial Narrow, serif;\"><span style=\"font-size: small;\"><i>, era esposta nel museo di Kiev fino a pochi giorni fa, ora \u00e8 in un bunker, protetta dalle bombe, affinch\u00e9 il valore universale che esprime, umiliato dalla guerra in atto, possa presto disvelarsi di nuovo in tutta la sua potenza evocativa. Salvare il patrimonio culturale significa salvare la propria storia, le proprie radici, quelle radici che sono la forza viva delle donne e degli uomini in tutte le latitudini.<\/i><\/span><\/span><\/p>\n<p class=\"western\" align=\"justify\"><span style=\"font-family: Arial Narrow, serif;\"><span style=\"font-size: small;\"><i>All\u2019Aquila &#8211; in una scala storica, esistenziale e territoriale indubbiamente minimale rispetto a un teatro di guerra &#8211; la distruzione causata dal sisma, le conseguenze dolorose, la comunit\u00e0 dispersa, l\u2019incommensurabile vuoto identitario che ne \u00e8 derivato hanno trovato nella cultura &#8211; nella sua potenza emotiva, nella sua capacit\u00e0 di declinare e finalizzare la caparbiet\u00e0 e la determinazione degli aquilani &#8211; la forza per rivendicare e costruire un futuro. E, in questo processo di ridefinizione fisica e identitaria, il professor Sabatini ha contribuito a permeare di conoscenza e bellezza la rinascita dell\u2019Aquila, sollecitando l\u2019attenzione e la solidariet\u00e0 degli ambienti culturali anche attraverso la <\/i><\/span><\/span><span style=\"font-family: Arial Narrow, serif;\"><span style=\"font-size: small;\"><i><b>Deputazione Abruzzese di Storia Patria<\/b><\/i><\/span><\/span><span style=\"font-family: Arial Narrow, serif;\"><span style=\"font-size: small;\"><i>, di cui \u00e8 autorevole componente. La citt\u00e0 \u00e8 espressione dell\u2019umanit\u00e0 e, nella divaricazione tra la citt\u00e0 amabile e la citt\u00e0 funzionale, irrompe la cultura a storicizzare la trama urbana. Questo sta accadendo all\u2019Aquila, questo ci dobbiamo augurare accadr\u00e0 in Ucraina, dove sono a rischio importanti monumenti e siti Unesco, come la Cattedrale di Santa Sofia a <\/i><\/span><\/span><span style=\"font-family: Arial Narrow, serif;\"><span style=\"font-size: small;\"><i><b>Kiev <\/b><\/i><\/span><\/span><span style=\"font-family: Arial Narrow, serif;\"><span style=\"font-size: small;\"><i>o il centro storico di <\/i><\/span><\/span><span style=\"font-family: Arial Narrow, serif;\"><span style=\"font-size: small;\"><i><b>Leopoli<\/b><\/i><\/span><\/span><span style=\"font-family: Arial Narrow, serif;\"><span style=\"font-size: small;\"><i>. A proposito dell\u2019Organizzazione delle Nazioni Unite per l\u2019educazione, la scienza e la cultura, nel segno dell\u2019Aquila rinascente nel suo tessuto urbano e nella ridefinizione della propria anima, Sabatini \u00e8 stato uno dei principali artefici del riconoscimento, da parte dell\u2019<\/i><\/span><\/span><span style=\"font-family: Arial Narrow, serif;\"><span style=\"font-size: small;\"><i><b>Unesco<\/b><\/i><\/span><\/span><span style=\"font-family: Arial Narrow, serif;\"><span style=\"font-size: small;\"><i>, della <\/i><\/span><\/span><span style=\"font-family: Arial Narrow, serif;\"><span style=\"font-size: small;\"><i><b>Perdonanza celestiniana<\/b><\/i><\/span><\/span><span style=\"font-family: Arial Narrow, serif;\"><span style=\"font-size: small;\"><i> quale patrimonio immateriale dell\u2019umanit\u00e0. E se <\/i><\/span><\/span><span style=\"font-family: Arial Narrow, serif;\"><span style=\"font-size: small;\"><i><b>L\u2019Aquila<\/b><\/i><\/span><\/span><span style=\"font-family: Arial Narrow, serif;\"><span style=\"font-size: small;\"><i> si va sempre pi\u00f9 caratterizzando come un laboratorio di idee &#8211; in un\u2019alterit\u00e0 feconda dove il sapere \u00e8 fabbricatore di crescita, la memoria \u00e8 nutrimento per la rifioritura e la contaminazione delle culture \u00e8 visione e progettualit\u00e0 &#8211; lo si deve a uomini come il professor Sabatini che ha condiviso la sua conoscenza con tantissimi studenti, ma anche con studiosi, ricercatori e appassionati della lingua. La grandezza di Sabatini sta nella generosit\u00e0 con la quale ha saputo trasmettere il suo sapere alle giovani generazioni, il suo sentimento di appartenenza all\u2019Aquila in uno dei momenti pi\u00f9 drammatici della nostra storia cittadina, la sua disponibilit\u00e0 a dare alla linguistica una comprensione la pi\u00f9 ampia possibile. Il nostro grazie, convinto e imperituro, al <\/i><\/span><\/span><span style=\"font-family: Arial Narrow, serif;\"><span style=\"font-size: small;\"><i><b>professor Sabatini<\/b><\/i><\/span><\/span><span style=\"font-family: Arial Narrow, serif;\"><span style=\"font-size: small;\"><i> si concretizza oggi nel conferimento della <\/i><\/span><\/span><span style=\"font-family: Arial Narrow, serif;\"><span style=\"font-size: small;\"><i><b>cittadinanza onoraria dell\u2019Aquila<\/b><\/i><\/span><\/span><span style=\"font-family: Arial Narrow, serif;\"><span style=\"font-size: small;\">.<\/span><\/span><span style=\"font-family: Arial Narrow, serif;\"><span style=\"font-size: small;\">\u201d<\/span><\/span><\/p>\n<p class=\"western\" align=\"justify\"><span style=\"font-family: Arial Narrow, serif;\"><span style=\"font-size: small;\">E\u2019 a questo punto che il <\/span><\/span><span style=\"font-family: Arial Narrow, serif;\"><span style=\"font-size: small;\"><b>prof. Sabatini<\/b><\/span><\/span><span style=\"font-family: Arial Narrow, serif;\"><span style=\"font-size: small;\">, ringraziando per il riconoscimento tributatogli, ha fatto al Consiglio comunale, al pubblico presente e a tutti gli Aquilani, il dono d\u2019un discorso memorabile, elevato, culturalmente solenne. Una vera e propria <\/span><\/span><span style=\"font-family: Arial Narrow, serif;\"><span style=\"font-size: small;\"><i>lectio magistralis<\/i><\/span><\/span><span style=\"font-family: Arial Narrow, serif;\"><span style=\"font-size: small;\">, sebbene proclamata con il personale suo tratto di sobriet\u00e0, quasi di discrezione, che ha colpito nel profondo la silenziosa e assorta attenzione degli astanti. Un discorso di alta politica economica e infrastrutturale, riguardante il presente e il futuro di una citt\u00e0 di grande cultura, qual \u00e8 <\/span><\/span><span style=\"font-family: Arial Narrow, serif;\"><span style=\"font-size: small;\"><b>L\u2019Aquila<\/b><\/span><\/span><span style=\"font-family: Arial Narrow, serif;\"><span style=\"font-size: small;\">, che deve aspirare a diventare \u201c<\/span><\/span><span style=\"font-family: Arial Narrow, serif;\"><span style=\"font-size: small;\"><b>Capitale dell\u2019Appennino<\/b><\/span><\/span><span style=\"font-family: Arial Narrow, serif;\"><span style=\"font-size: small;\">\u201d. Una visione progettuale di ampio respiro, ancorata alla gloriosa storia civica, che ha intrigato tutti i presenti che magari s\u2019attendevano altre considerazioni di circostanza. Si \u00e8 respirata un\u2019atmosfera sospesa tra lo stupore e l\u2019incanto di tanta sapienza, scioltasi con una interminabile ovazione finale, tutti in piedi in calorosa acclamazione. Il <\/span><\/span><span style=\"font-family: Arial Narrow, serif;\"><span style=\"font-size: small;\"><b>prof. Sabatini<\/b><\/span><\/span><span style=\"font-family: Arial Narrow, serif;\"><span style=\"font-size: small;\">, lo ha pronunciato in piedi il suo discorso, del quale chi scrive \u00e8 riuscito a registrare solo la parte che qui di seguito \u00e8 trascritta. La prima parte, affidata alla labilit\u00e0 della mia memoria per la quale chiedo indulgenza, ha avuto per <\/span><\/span><span style=\"font-family: Arial Narrow, serif;\"><span style=\"font-size: small;\"><i>incipit<\/i><\/span><\/span><span style=\"font-family: Arial Narrow, serif;\"><span style=\"font-size: small;\"> il richiamo ai suoi natali in <\/span><\/span><span style=\"font-family: Arial Narrow, serif;\"><span style=\"font-size: small;\"><b>Pescocostanzo<\/b><\/span><\/span><span style=\"font-family: Arial Narrow, serif;\"><span style=\"font-size: small;\">, il ricordo di suo padre <\/span><\/span><span style=\"font-family: Arial Narrow, serif;\"><span style=\"font-size: small;\"><b>Gaetano<\/b><\/span><\/span><span style=\"font-family: Arial Narrow, serif;\"><span style=\"font-size: small;\"> e dell\u2019amore che serbava per <\/span><\/span><span style=\"font-family: Arial Narrow, serif;\"><span style=\"font-size: small;\"><b>L\u2019Aquila<\/b><\/span><\/span><span style=\"font-family: Arial Narrow, serif;\"><span style=\"font-size: small;\"> dove aveva seguito gli studi nel prestigioso convitto liceo classico \u201cCotugno\u201d, poi medico e fine storico, peraltro tra i fondatori della <\/span><\/span><span style=\"font-family: Arial Narrow, serif;\"><span style=\"font-size: small;\"><b>Deputazione Abruzzese di Storia Patria<\/b><\/span><\/span><span style=\"font-family: Arial Narrow, serif;\"><span style=\"font-size: small;\">. Dell\u2019istituzione ha quindi a lungo parlato il prof. Sabatini, un po\u2019 sorvolando per discrezione sul triennio della sua presidenza vivace e stimolante \u2013 durante la quale si sottolinea il forte impulso da lui dato alle attivit\u00e0 della <\/span><\/span><span style=\"font-family: Arial Narrow, serif;\"><span style=\"font-size: small;\"><b>Deputazione<\/b><\/span><\/span><span style=\"font-family: Arial Narrow, serif;\"><span style=\"font-size: small;\">, anche con la nascita del Notiziario semestrale \u2013, affiancato dal vicepresidente vicario <\/span><\/span><span style=\"font-family: Arial Narrow, serif;\"><span style=\"font-size: small;\"><b>Walter Capezzali<\/b><\/span><\/span><span style=\"font-family: Arial Narrow, serif;\"><span style=\"font-size: small;\">, che gli sarebbe succeduto alla presidenza e che l\u2019ha visto poi guidare l\u2019istituzione per quasi un trentennio. Proprio <\/span><\/span><span style=\"font-family: Arial Narrow, serif;\"><span style=\"font-size: small;\"><b>Capezzali<\/b><\/span><\/span><span style=\"font-family: Arial Narrow, serif;\"><span style=\"font-size: small;\"> \u00e8 stata la prima persona che il prof. Sabatini ha citato, richiamandone il rapporto di amicizia e di forte collaborazione, ringraziandolo peraltro per la presenza. Nel contempo, illustrando il valore culturale della Deputazione, Sabatini ha voluto sottolineare il contributo scientifico reso all\u2019istituzione dalle nuove leve, come le docenti <\/span><\/span><span style=\"font-family: Arial Narrow, serif;\"><span style=\"font-size: small;\"><b>Silvia Mantini<\/b><\/span><\/span><span style=\"font-family: Arial Narrow, serif;\"><span style=\"font-size: small;\">, <\/span><\/span><span style=\"font-family: Arial Narrow, serif;\"><span style=\"font-size: small;\"><b>Maria Rita Berardi<\/b><\/span><\/span><span style=\"font-family: Arial Narrow, serif;\"><span style=\"font-size: small;\">, <\/span><\/span><span style=\"font-family: Arial Narrow, serif;\"><span style=\"font-size: small;\"><b>Valeria Valeri<\/b><\/span><\/span><span style=\"font-family: Arial Narrow, serif;\"><span style=\"font-size: small;\"> e il <\/span><\/span><span style=\"font-family: Arial Narrow, serif;\"><span style=\"font-size: small;\"><b>dr.<\/b><\/span><\/span> <span style=\"font-family: Arial Narrow, serif;\"><span style=\"font-size: small;\"><b>Paolo Muzi<\/b><\/span><\/span><span style=\"font-family: Arial Narrow, serif;\"><span style=\"font-size: small;\">. E\u2019 seguito quindi il puntuale richiamo alla consuetudine di relazioni che egli ha intrattenuto con la citt\u00e0 capoluogo e le intense collaborazioni culturali con persone speciali, come il prof. <\/span><\/span><span style=\"font-family: Arial Narrow, serif;\"><span style=\"font-size: small;\"><b>Alessandro Clementi<\/b><\/span><\/span><span style=\"font-family: Arial Narrow, serif;\"><span style=\"font-size: small;\">, il prof. <\/span><\/span><span style=\"font-family: Arial Narrow, serif;\"><span style=\"font-size: small;\"><b>Marcello Vittorini<\/b><\/span><\/span><span style=\"font-family: Arial Narrow, serif;\"><span style=\"font-size: small;\">, il prof. <\/span><\/span><span style=\"font-family: Arial Narrow, serif;\"><span style=\"font-size: small;\"><b>Ferdinando Bologna<\/b><\/span><\/span><span style=\"font-family: Arial Narrow, serif;\"><span style=\"font-size: small;\">, il prof. <\/span><\/span><span style=\"font-family: Arial Narrow, serif;\"><span style=\"font-size: small;\"><b>Raffaele Colapietra<\/b><\/span><\/span><span style=\"font-family: Arial Narrow, serif;\"><span style=\"font-size: small;\">, il prof. <\/span><\/span><span style=\"font-family: Arial Narrow, serif;\"><span style=\"font-size: small;\"><b>Fabrizio Marinelli<\/b><\/span><\/span><span style=\"font-family: Arial Narrow, serif;\"><span style=\"font-size: small;\">. E inoltre <\/span><\/span><span style=\"font-family: Arial Narrow, serif;\"><span style=\"font-size: small;\"><b>Duilio Chilante,<\/b><\/span><\/span><span style=\"font-family: Arial Narrow, serif;\"><span style=\"font-size: small;\"> anch\u2019egli presente all\u2019evento. Per ciascuno di loro, ma anche di qualche altro di cui la memoria non mi viene in soccorso, il <\/span><\/span><span style=\"font-family: Arial Narrow, serif;\"><span style=\"font-size: small;\"><b>prof. Sabatini<\/b><\/span><\/span><span style=\"font-family: Arial Narrow, serif;\"><span style=\"font-size: small;\"> ha in sintesi richiamato i progetti condivisi e realizzati, come pure le grandi amicizie che si sono cementate con loro. <\/span><\/span><\/p>\n<p align=\"justify\">\u201c<span style=\"font-family: Arial Narrow, serif;\"><span style=\"font-size: small;\"><i>Con altri studiosi aquilani<\/i><\/span><\/span><span style=\"font-family: Arial Narrow, serif;\"><span style=\"font-size: small;\"> \u2013 ha poi continuato il <\/span><\/span><span style=\"font-family: Arial Narrow, serif;\"><span style=\"font-size: small;\"><b>prof. Sabatini<\/b><\/span><\/span><span style=\"font-family: Arial Narrow, serif;\"><span style=\"font-size: small;\">, come in questa trascrizione letterale <\/span><\/span><span style=\"font-family: Arial Narrow, serif;\"><span style=\"font-size: small;\"><i>\u2013 ho lavorato ad altre iniziative, professionisti eccellenti nei loro campi, ma anche fervidi operatori culturali, come <\/i><\/span><\/span><span style=\"font-family: Arial Narrow, serif;\"><span style=\"font-size: small;\"><i><b>Giandomenico Cifani<\/b><\/i><\/span><\/span><span style=\"font-family: Arial Narrow, serif;\"><span style=\"font-size: small;\"><i> e <\/i><\/span><\/span><span style=\"font-family: Arial Narrow, serif;\"><span style=\"font-size: small;\"><i><b>Mario Centofanti<\/b><\/i><\/span><\/span><span style=\"font-family: Arial Narrow, serif;\"><span style=\"font-size: small;\"><i> e i docenti dell\u2019universit\u00e0 aquilana <\/i><\/span><\/span><span style=\"font-family: Arial Narrow, serif;\"><span style=\"font-size: small;\"><i><b>Carlo De Matteis<\/b><\/i><\/span><\/span><span style=\"font-family: Arial Narrow, serif;\"><span style=\"font-size: small;\"><i> e <\/i><\/span><\/span><span style=\"font-family: Arial Narrow, serif;\"><span style=\"font-size: small;\"><i><b>Francesco Avolio<\/b><\/i><\/span><\/span><span style=\"font-family: Arial Narrow, serif;\"><span style=\"font-size: small;\"><i>, <\/i><\/span><\/span><span style=\"font-family: Arial Narrow, serif;\"><span style=\"font-size: small;\"><i><b>Luigi Gaffuri<\/b><\/i><\/span><\/span><span style=\"font-family: Arial Narrow, serif;\"><span style=\"font-size: small;\"><i> e <\/i><\/span><\/span><span style=\"font-family: Arial Narrow, serif;\"><span style=\"font-size: small;\"><i><b>Lina Calandra<\/b><\/i><\/span><\/span><span style=\"font-family: Arial Narrow, serif;\"><span style=\"font-size: small;\"><i>. C\u2019\u00e8 un tema di studio che mi ha sempre condotto a visitare la storia aquilana, quella della via degli Abruzzi, l\u2019asse delle comunicazioni che da Firenze collegava la Toscana per l\u2019Italia centrale con Napoli, soprattutto dal Duecento al Cinquecento. L\u2019asse al quale \u00e8 legato il sogno del fiorire del comune aquilano dal Medioevo al Rinascimento, fino a quando non ha preso il sopravvento il ramo lombardo emiliano, e quindi adriatico, di questo asse peninsulare. Molti dei miei rapporti di amicizia con cittadini aquilani sono legati a questi miei studi, dai quali \u00e8 partita anche la scintilla dell\u2019iniziativa del riconoscimento Unesco della tradizione della <\/i><\/span><\/span><span style=\"font-family: Arial Narrow, serif;\"><span style=\"font-size: small;\"><i><b>Perdonanza<\/b><\/i><\/span><\/span><span style=\"font-family: Arial Narrow, serif;\"><span style=\"font-size: small;\"><i>, una battaglia alfine vinta e consegnata alla vittoria con l\u2019apporto di tanti aquilani a questa citt\u00e0. Per concludere questo mio ringraziamento desidero tornare al gran tema della viabilit\u00e0. Un tema che ora vorrei consegnare ad un\u2019altra categoria che non \u00e8 pi\u00f9 quella degli studiosi del passato, ma quella degli operatori del presente, soprattutto gli ingegneri, gli urbanisti, gli architetti. Da questo settore delle professioni ho ricevuto attestati di amicizia e di stima dei quali ancora una volta li ringrazio, mostrando anche il segno tangibile di questa loro benevolenza consegnandomi in una cerimonia del 5 ottobre del 2013 questa meravigliosa riproduzione del rosone di Collemaggio. Li ringrazio ancora, ma anche li sollecito a studiare bene i problemi della viabilit\u00e0 esterna regionale ed interregionale che riguardano L\u2019Aquila<\/i><\/span><\/span><span style=\"font-family: Arial Narrow, serif;\"><span style=\"font-size: small;\">. <\/span><\/span><\/p>\n<p align=\"justify\"><span style=\"font-family: Arial Narrow, serif;\"><span style=\"font-size: small;\"><i>Nonostante il sopraggiungere da pi\u00f9 di 30 anni del collegamento autostradale, <\/i><\/span><\/span><span style=\"font-family: Arial Narrow, serif;\"><span style=\"font-size: small;\"><i><b>L\u2019Aquila<\/b><\/i><\/span><\/span><span style=\"font-family: Arial Narrow, serif;\"><span style=\"font-size: small;\"><i> non \u00e8 stata ancora strappata al suo isolamento. Un centro urbano, se non \u00e8 un grande o addirittura un grandissimo polo di vita e di attivit\u00e0, non riesce ad essere un polo di riferimento. Rischia di essere solo legato da un cordone ombelicale ad un altro grande centro. E\u2019 proprio questa la situazione dell\u2019Aquila nei confronti di <\/i><\/span><\/span><span style=\"font-family: Arial Narrow, serif;\"><span style=\"font-size: small;\"><i><b>Roma<\/b><\/i><\/span><\/span><span style=\"font-family: Arial Narrow, serif;\"><span style=\"font-size: small;\"><i>, con la quale ha per fortuna un collegamento veloce e sicuro per tutte le attivit\u00e0 o in caso di calamit\u00e0, ma si tratta di un legame di dipendenza o poco pi\u00f9. Un centro cittadino di media o medio-piccola dimensione ha necessit\u00e0 di essere anche un centro di passaggio aperto e funzionale nelle due direzioni. Ebbene la funzione vitale per L\u2019Aquila deve essere quella di centro di passaggio nelle due direzioni. Mi sto avventurando su un terreno che non \u00e8 certo quello delle mie modeste e ben diverse competenze. Ma la lezione che ho ricevuto dalla conoscenza storica delle comunicazioni appenniniche dall\u2019epoca delle attivit\u00e0 delle banche e dei commerci della grande <\/i><\/span><\/span><span style=\"font-family: Arial Narrow, serif;\"><span style=\"font-size: small;\"><i><b>Firenze<\/b><\/i><\/span><\/span><span style=\"font-family: Arial Narrow, serif;\"><span style=\"font-size: small;\"><i> del Duecento e Trecento e dell\u2019allora capitale Napoli, quelle comunicazioni attraversavano e facevano fiorire L\u2019Aquila. La lezione ricavata da quegli studi mi porta a concludere che la citt\u00e0 vive e soffre per la sua mono-dipendenza da <\/i><\/span><\/span><span style=\"font-family: Arial Narrow, serif;\"><span style=\"font-size: small;\"><i><b>Roma<\/b><\/i><\/span><\/span><span style=\"font-family: Arial Narrow, serif;\"><span style=\"font-size: small;\"><i> e che \u00e8 ancora poco collegata con gran parte della regione di cui \u00e8 tuttavia la capitale amministrativa e che dunque soffre dello scarso lungo e tortuoso collegamento con l\u2019altro polo importante dell\u2019intera regione, la concorrenza \u2013 e lo sappiamo su quali piani \u2013 di Pescara e del suo territorio. <\/i><\/span><\/span><\/p>\n<p align=\"justify\"><span style=\"font-family: Arial Narrow, serif;\"><span style=\"font-size: small;\"><i>Lasciatemi dire, anzi lasciatemi sognare che si realizzi un collegamento pi\u00f9 diretto tra <\/i><\/span><\/span><span style=\"font-family: Arial Narrow, serif;\"><span style=\"font-size: small;\"><i><b>L\u2019Aquila<\/b><\/i><\/span><\/span><span style=\"font-family: Arial Narrow, serif;\"><span style=\"font-size: small;\"><i> e <\/i><\/span><\/span><span style=\"font-family: Arial Narrow, serif;\"><span style=\"font-size: small;\"><i><b>Pescara<\/b><\/i><\/span><\/span><span style=\"font-family: Arial Narrow, serif;\"><span style=\"font-size: small;\"><i>, e <\/i><\/span><\/span><span style=\"font-family: Arial Narrow, serif;\"><span style=\"font-size: small;\"><i><b>Chieti <\/b><\/i><\/span><\/span><span style=\"font-family: Arial Narrow, serif;\"><span style=\"font-size: small;\"><i>con il suo entroterra pulsante di industrie e di feconda agricoltura. Un collegamento che parta dall\u2019autostrada subito dopo l\u2019uscita dal traforo del Gran Sasso e che raggiunga il semi-anello che aggira alle spalle la citt\u00e0 di Pescara e la congiunga al grande asse adriatico. Con il grande flusso dalla riviera adriatica, ancor meglio da una posizione di transito, la citt\u00e0 vivrebbe di una posizione di incrocio non solo per traffici tra Roma e l\u2019Adriatico ad una latitudine maggiore rispetto al braccio autostradale Avezzano Sulmona Pescara, ma per traffici che dal cuore dell\u2019Umbria e dell\u2019alto Lazio siano diretti alla sponda adriatica per San Benedetto del Tronto, il Molise e la Puglia. Perdonate questa incursione in campi che non sono quelli del filologo e del linguista quale io sono professionalmente, ma che \u00e8 dettata dalla conoscenza storica e in misura meno sufficiente da quella geografica ed economica di questo nostro territorio. Nei tempi in cui L\u2019Aquila \u00e8 fiorita prodigiosamente si incrociavano qui traffici delle merci che venivano dalla citt\u00e0 adriatiche, ce lo dicono gli studi di uno storico giapponese <\/i><\/span><\/span><span style=\"font-family: Arial Narrow, serif;\"><span style=\"font-size: small;\"><i><b>Idetoshi Hoshino<\/b><\/i><\/span><\/span><span style=\"font-family: Arial Narrow, serif;\"><span style=\"font-size: small;\"><i>, pubblicato dalla Deputazione di Storia Patria. E c\u2019era qui anche il baricentro del commercio della lana. Questa grande risorsa del passato non ha certo il ruolo del tempo antico, ma la rete dei tratturi era orientata in questo senso e in particolare il <\/i><\/span><\/span><span style=\"font-family: Arial Narrow, serif;\"><span style=\"font-size: small;\"><i><b>Tratturo magno<\/b><\/i><\/span><\/span><span style=\"font-family: Arial Narrow, serif;\"><span style=\"font-size: small;\"><i> L\u2019Aquila-Foggia seguiva esattamente a grandi linee il tracciato ideale che ho indicato poco sopra. Non posso spingermi oltre. <\/i><\/span><\/span><\/p>\n<p align=\"justify\"><span style=\"font-family: Arial Narrow, serif;\"><span style=\"font-size: small;\"><i>Qualche anno fa dal gran tumulto di idee seguite al trauma del terremoto sono emerse due indicazioni che hanno avuto anche un seguito, come il riconoscimento della <\/i><\/span><\/span><span style=\"font-family: Arial Narrow, serif;\"><span style=\"font-size: small;\"><i><b>Perdonanza celestiniana<\/b><\/i><\/span><\/span><span style=\"font-family: Arial Narrow, serif;\"><span style=\"font-size: small;\"><i> come <\/i><\/span><\/span><span style=\"font-family: Arial Narrow, serif;\"><span style=\"font-size: small;\"><i><b>Patrimonio culturale dell\u2019Umanit\u00e0<\/b><\/i><\/span><\/span><span style=\"font-family: Arial Narrow, serif;\"><span style=\"font-size: small;\"><i>. Dopo tanti sforzi di tanti soggetti l\u2019iniziativa ha avuto successo, come certamente sapete, ed ora \u00e8 affidata alle vostre mani perch\u00e9 dia i suoi frutti. Parallelamente ha preso forma, anche definitiva e statutaria, l\u2019idea di un <\/i><\/span><\/span><span style=\"font-family: Arial Narrow, serif;\"><span style=\"font-size: small;\"><i><b>Centro italiano di studi storici e geografici sull\u2019Appennino<\/b><\/i><\/span><\/span><span style=\"font-family: Arial Narrow, serif;\"><span style=\"font-size: small;\"><i> affiancato all\u2019universit\u00e0 di questa citt\u00e0. Il sopraggiungere delle tante difficolt\u00e0 create dalla pandemia del Covid ha impedito che questo Centro avviasse le proprie attivit\u00e0. Finora me ne sono assunta la responsabilit\u00e0 principale, essendo affiancato da validissimi compagni di lavoro. Si tratter\u00e0 di ripartire con maggiore decisione ed iniziative precise non appena possibile. Confesso che la propulsione a questo ben amato organismo attende ora la guida pi\u00f9 incisiva di un vertice pienamente operante in questa citt\u00e0. Le forze non mancano, ma saranno chiamate a prendere direttamente le redini dell\u2019organismo che pu\u00f2 portare proprio a quella ridefinizione o meglio al riconoscimento di questa citt\u00e0 come <\/i><\/span><\/span><span style=\"font-family: Arial Narrow, serif;\"><span style=\"font-size: small;\"><i><b>Capitale dell\u2019Appennino<\/b><\/i><\/span><\/span><span style=\"font-family: Arial Narrow, serif;\"><span style=\"font-size: small;\"><i>. O, se volete, potr\u00e0 condurre a raccogliere l\u2019eredit\u00e0 di quella citt\u00e0 peligna che nel primo secolo avanti Cristo, in antagonismo con <\/i><\/span><\/span><span style=\"font-family: Arial Narrow, serif;\"><span style=\"font-size: small;\"><i><b>Roma<\/b><\/i><\/span><\/span><span style=\"font-family: Arial Narrow, serif;\"><span style=\"font-size: small;\"><i>, si defin\u00ec capitale d\u2019Italia. Si tratta, come avrete ben capito, dell\u2019antica <\/i><\/span><\/span><span style=\"font-family: Arial Narrow, serif;\"><span style=\"font-size: small;\"><i><b>Corfinio<\/b><\/i><\/span><\/span><span style=\"font-family: Arial Narrow, serif;\"><span style=\"font-size: small;\"><i>. L\u2019allora capitale dell\u2019Appennino non \u00e8 pi\u00f9 nemica di Roma, ha dato moltissimo con trasferimenti di capitale umano a tutti i livelli alla capitale della nuova Italia. Ha ricevuto appoggi qualificati, che oggi permettono l\u2019esistenza di grandi centri di ricerca &#8211; il <\/i><\/span><\/span><span style=\"font-family: Arial Narrow, serif;\"><span style=\"font-size: small;\"><i><b>Laboratorio di fisica nucleare del Gran Sasso<\/b><\/i><\/span><\/span><span style=\"font-family: Arial Narrow, serif;\"><span style=\"font-size: small;\"><i> e il <\/i><\/span><\/span><span style=\"font-family: Arial Narrow, serif;\"><span style=\"font-size: small;\"><i><b>Gran Sasso Science Institute<\/b><\/i><\/span><\/span><span style=\"font-family: Arial Narrow, serif;\"><span style=\"font-size: small;\"><i> -, ma c\u2019\u00e8 tutto lo spazio perch\u00e9 con molte strutture di studio e di ricerca la citt\u00e0 dell\u2019Aquila prenda su di s\u00e9 il carico di promuovere gli studi sull\u2019intera catena dell\u2019Appennino. Il tema che ad <\/i><\/span><\/span><span style=\"font-family: Arial Narrow, serif;\"><span style=\"font-size: small;\"><i><b>Ascoli Piceno<\/b><\/i><\/span><\/span><span style=\"font-family: Arial Narrow, serif;\"><span style=\"font-size: small;\"><i> ha affrontato un gruppo di studio &#8211; che ha preso nome, non lo credereste, dal santo protettore contro i terremoti <\/i><\/span><\/span><span style=\"font-family: Arial Narrow, serif;\"><span style=\"font-size: small;\"><i><b>Emidio di Treviri<\/b><\/i><\/span><\/span><span style=\"font-family: Arial Narrow, serif;\"><span style=\"font-size: small;\"><i>, nato appunto a Treviri in Germania -, \u00e8 cresciuto ad opera di giovani ricercatori dotati di grande slancio in tutti i sensi, punto di riferimento nelle vicine <\/i><\/span><\/span><span style=\"font-family: Arial Narrow, serif;\"><span style=\"font-size: small;\"><i><b>Marche<\/b><\/i><\/span><\/span><span style=\"font-family: Arial Narrow, serif;\"><span style=\"font-size: small;\"><i>, in <\/i><\/span><\/span><span style=\"font-family: Arial Narrow, serif;\"><span style=\"font-size: small;\"><i><b>Umbria<\/b><\/i><\/span><\/span><span style=\"font-family: Arial Narrow, serif;\"><span style=\"font-size: small;\"><i>, nell\u2019alto <\/i><\/span><\/span><span style=\"font-family: Arial Narrow, serif;\"><span style=\"font-size: small;\"><i><b>Lazio<\/b><\/i><\/span><\/span><span style=\"font-family: Arial Narrow, serif;\"><span style=\"font-size: small;\"><i> e nell\u2019<\/i><\/span><\/span><span style=\"font-family: Arial Narrow, serif;\"><span style=\"font-size: small;\"><i><b>Abruzzo<\/b><\/i><\/span><\/span><span style=\"font-family: Arial Narrow, serif;\"><span style=\"font-size: small;\"><i>. Il tema \u00e8 riassunto nel titolo di un loro recentissimo libro a pi\u00f9 voci, che mi fa piacere mostrarvi e nominare nel titolo \u201c<\/i><\/span><\/span><span style=\"font-family: Arial Narrow, serif;\"><span style=\"font-size: small;\">Sulle tracce dell\u2019Appennino che cambia<\/span><\/span><span style=\"font-family: Arial Narrow, serif;\"><span style=\"font-size: small;\"><i>\u201d, a cura di Emidio di Treviri. E\u2019 ora che l\u2019altera citt\u00e0 dell\u2019Aquila sposi decisamente il ruvido e tumultuante Appennino, si sciolga un po\u2019 dai lacci dell\u2019ammaliante Roma e si congiunga appunto al ruvido e tumultuante Appennino. Con questa immagine di amore coniugale tra montagne e citt\u00e0, vie e mari, ringrazio tutti voi e il Consiglio comunale che mi ha dato questo riconoscimento di straordinaria impressione per me a compimento dell\u2019itinerario alle mie spalle. Vi ringrazio di cuore, ringrazio tutti i presenti, tra i quali ci sono gli amici che ho nominato. A voi questo avvio a celebrare il matrimonio tra L\u2019Aquila e l\u2019Appennino. Grazie! \u201c<\/i><\/span><\/span><\/p>\n<p class=\"western\" align=\"justify\"><a name=\"_GoBack\"><\/a> <span style=\"font-family: Arial Narrow, serif;\"><span style=\"font-size: small;\">Ora qualche breve annotazione biografica. Dest\u00f2 non poca sorpresa, nel marzo del 2000, l\u2019elezione di <\/span><\/span><span style=\"font-family: Arial Narrow, serif;\"><span style=\"font-size: small;\"><b>Francesco Sabatini<\/b><\/span><\/span><span style=\"font-family: Arial Narrow, serif;\"><span style=\"font-size: small;\"> alla presidenza dell\u2019<\/span><\/span><span style=\"font-family: Arial Narrow, serif;\"><span style=\"font-size: small;\"><b>Accademia<\/b><\/span><\/span> <span style=\"font-family: Arial Narrow, serif;\"><span style=\"font-size: small;\"><b>della Crusca<\/b><\/span><\/span><span style=\"font-family: Arial Narrow, serif;\"><span style=\"font-size: small;\">. E non certo perch\u00e9 mancasse di fama, ma per il fatto che il <\/span><\/span><span style=\"font-family: Arial Narrow, serif;\"><span style=\"font-size: small;\"><b>prof. Sabatini<\/b><\/span><\/span><span style=\"font-family: Arial Narrow, serif;\"><span style=\"font-size: small;\"> rompeva una tradizione secolare secondo la quale<\/span><\/span> <span style=\"font-family: Arial Narrow, serif;\"><span style=\"font-size: small;\">alla guida della pi\u00f9 antica e prestigiosa istituzione linguistica del Paese c\u2019era sempre stato un toscano, docente dell\u2019Universit\u00e0 di Firenze. <\/span><\/span><span style=\"font-family: Arial Narrow, serif;\"><span style=\"font-size: small;\"><b>Francesco Sabatini<\/b><\/span><\/span><span style=\"font-family: Arial Narrow, serif;\"><span style=\"font-size: small;\"> invece \u00e8 abruzzese, nato nel 1931 a <\/span><\/span><span style=\"font-family: Arial Narrow, serif;\"><span style=\"font-size: small;\"><b>Pescocostanzo<\/b><\/span><\/span><span style=\"font-family: Arial Narrow, serif;\"><span style=\"font-size: small;\">, in provincia dell\u2019Aquila. Laureatosi nel 1954 in Letteratura italiana all\u2019Universit\u00e0 di Roma, dal 1971 egli \u00e8 stato professore ordinario nella stessa disciplina. Ha insegnato nelle universit\u00e0 di <\/span><\/span><span style=\"font-family: Arial Narrow, serif;\"><span style=\"font-size: small;\"><b>Lecce<\/b><\/span><\/span><span style=\"font-family: Arial Narrow, serif;\"><span style=\"font-size: small;\">, <\/span><\/span><span style=\"font-family: Arial Narrow, serif;\"><span style=\"font-size: small;\"><b>Genova<\/b><\/span><\/span><span style=\"font-family: Arial Narrow, serif;\"><span style=\"font-size: small;\">, <\/span><\/span><span style=\"font-family: Arial Narrow, serif;\"><span style=\"font-size: small;\"><b>Napoli<\/b><\/span><\/span><span style=\"font-family: Arial Narrow, serif;\"><span style=\"font-size: small;\">, <\/span><\/span><span style=\"font-family: Arial Narrow, serif;\"><span style=\"font-size: small;\"><b>Roma<\/b><\/span><\/span><span style=\"font-family: Arial Narrow, serif;\"><span style=\"font-size: small;\">, dapprima alla Sapienza e infine alla Terza Universit\u00e0 della capitale. E\u2019 stato presidente della Societ\u00e0 Linguistica italiana e poi dell\u2019Associazione per la Storia della Lingua italiana. Socio dell\u2019<\/span><\/span><span style=\"font-family: Arial Narrow, serif;\"><span style=\"font-size: small;\"><b>Accademia della Crusca <\/b><\/span><\/span><span style=\"font-family: Arial Narrow, serif;\"><span style=\"font-size: small;\">dal 1976 ed Accademico dall\u201988, ne divent\u00f2 <\/span><\/span><span style=\"font-family: Arial Narrow, serif;\"><span style=\"font-size: small;\"><b>Presidente <\/b><\/span><\/span><span style=\"font-family: Arial Narrow, serif;\"><span style=\"font-size: small;\">appunto nel marzo 2000, <\/span><\/span><span style=\"font-family: Arial Narrow, serif;\"><span style=\"font-size: small;\"><b>confermato per tre successivi mandati<\/b><\/span><\/span><span style=\"font-family: Arial Narrow, serif;\"><span style=\"font-size: small;\">. Il 16 maggio 2008, in coincidenza con l\u2019approvazione del nuovo Statuto e con un anno d\u2019anticipo, Sabatini lasci\u00f2 la guida dell\u2019<\/span><\/span><span style=\"font-family: Arial Narrow, serif;\"><span style=\"font-size: small;\"><b>Accademia della Crusca <\/b><\/span><\/span><span style=\"font-family: Arial Narrow, serif;\"><span style=\"font-size: small;\">e della prestigiosa istituzione fu nominato <\/span><\/span><span style=\"font-family: Arial Narrow, serif;\"><span style=\"font-size: small;\"><b>Presidente onorario<\/b><\/span><\/span><span style=\"font-family: Arial Narrow, serif;\"><span style=\"font-size: small;\">. A succedergli fu eletta presidente <\/span><\/span><span style=\"font-family: Arial Narrow, serif;\"><span style=\"font-size: small;\"><b>Nicoletta Maraschi<\/b><\/span><\/span><span style=\"font-family: Arial Narrow, serif;\"><span style=\"font-size: small;\">, d\u2019origine pavese &#8211; ormai la tradizione dell\u2019Accademia era gi\u00e0 stata infranta &#8211; docente all\u2019Universit\u00e0 di Firenze, prima donna a guidare dell\u2019Accademia. <\/span><\/span><\/p>\n<p class=\"western\" align=\"justify\"><span style=\"font-family: Arial Narrow, serif;\"><span style=\"font-size: small;\">Nel suo lungo mandato <\/span><\/span><span style=\"font-family: Arial Narrow, serif;\"><span style=\"font-size: small;\"><b>Sabatini<\/b><\/span><\/span><span style=\"font-family: Arial Narrow, serif;\"><span style=\"font-size: small;\"> ha portato nella storica istituzione una vera e propria rivoluzione organizzativa. Sotto la sua innovativa e feconda presidenza l\u2019<\/span><\/span><span style=\"font-family: Arial Narrow, serif;\"><span style=\"font-size: small;\"><b>Accademia<\/b><\/span><\/span> <span style=\"font-family: Arial Narrow, serif;\"><span style=\"font-size: small;\"><b>della Crusca<\/b><\/span><\/span><span style=\"font-family: Arial Narrow, serif;\"><span style=\"font-size: small;\"> ha attuato un vasto programma di informatizzazione che ha reso ogni ricerca su documentazione e storia della lingua italiana funzionale ed efficiente, ha realizzato un sito web molto curato ed ha messo in rete l\u2019intero archivio storico. Un impegno particolare la presidenza Sabatini ha profuso nella promozione della lingua italiana all\u2019estero, progettando e dirigendo i programmi della <\/span><\/span><span style=\"font-family: Arial Narrow, serif;\"><span style=\"font-size: small;\"><b>Settimana della Lingua Italiana nel Mondo<\/b><\/span><\/span><span style=\"font-family: Arial Narrow, serif;\"><span style=\"font-size: small;\">, che ormai dal 2001 annualmente si svolge in tutti gli <\/span><\/span><span style=\"font-family: Arial Narrow, serif;\"><span style=\"font-size: small;\"><b>Istituti Italiani di Cultura<\/b><\/span><\/span><span style=\"font-family: Arial Narrow, serif;\"><span style=\"font-size: small;\"> nei cinque continenti. Iniziativa davvero preziosa per la nostra cultura all\u2019estero, arricchita dal forte impulso dato dall\u2019Accademia alle relazioni con la scuola, in Italia ed all\u2019estero, attraverso seminari con gli ispettori della Pubblica Istruzione e con i docenti delle Scuole europee, quindi con corsi d\u2019aggiornamento per gli operatori dell\u2019educazione linguistica. L\u2019<\/span><\/span><span style=\"font-family: Arial Narrow, serif;\"><span style=\"font-size: small;\"><b>Accademia della Crusca<\/b><\/span><\/span><span style=\"font-family: Arial Narrow, serif;\"><span style=\"font-size: small;\">, riconosciuta nelle sue competenze e funzioni <\/span><\/span><span style=\"font-family: Arial Narrow, serif;\"><span style=\"font-size: small;\"><i>\u201cnella revisione del dizionario della lingua italiana e nella conservazione della purit\u00e0 della lingua medesima\u201d<\/i><\/span><\/span><span style=\"font-family: Arial Narrow, serif;\"><span style=\"font-size: small;\">, per oltre quattro secoli \u2013 nacque a <\/span><\/span><span style=\"font-family: Arial Narrow, serif;\"><span style=\"font-size: small;\"><b>Firenze<\/b><\/span><\/span><span style=\"font-family: Arial Narrow, serif;\"><span style=\"font-size: small;\"> nel 1583 ed \u00e8 la pi\u00f9 antica accademia linguistica del mondo &#8211; ha portato avanti la sua missione, ampliando progressivamente lo spettro delle iniziative a favore della nostra lingua. Dopo la riforma del 1923 ad opera di <\/span><\/span><span style=\"font-family: Arial Narrow, serif;\"><span style=\"font-size: small;\"><b>Giovanni Gentile<\/b><\/span><\/span><span style=\"font-family: Arial Narrow, serif;\"><span style=\"font-size: small;\">, promuove lo studio e l\u2019edizione critica degli antichi testi e dei classici della letteratura italiana, dalle origini al XIX secolo, mentre per le attivit\u00e0 lessicali \u00e8 insediato nella sede dell\u2019Accademia un Istituto del <\/span><\/span><span style=\"font-family: Arial Narrow, serif;\"><span style=\"font-size: small;\"><b>Consiglio Nazionale delle Ricerche<\/b><\/span><\/span><span style=\"font-family: Arial Narrow, serif;\"><span style=\"font-size: small;\"> che con essa opera sinergicamente. <\/span><\/span><\/p>\n<p class=\"western\" align=\"justify\"><span style=\"font-family: Arial Narrow, serif;\"><span style=\"font-size: small;\">Al governo dell\u2019ente, <\/span><\/span><span style=\"font-family: Arial Narrow, serif;\"><span style=\"font-size: small;\"><b>Francesco Sabatini<\/b><\/span><\/span><span style=\"font-family: Arial Narrow, serif;\"><span style=\"font-size: small;\"> ha costruito uno speciale rapporto con la Presidenza della Repubblica, la quale ha concesso in via permanente all\u2019Accademia l\u2019Alto Patronato sulle numerose iniziative. Le nostre comunit\u00e0 all\u2019estero ricordano davvero fortemente l\u2019utilissimo programma televisivo di <\/span><\/span><span style=\"font-family: Arial Narrow, serif;\"><span style=\"font-size: small;\">Rai <\/span><\/span><span style=\"font-family: Arial Narrow, serif;\"><span style=\"font-size: small;\">International \u201c<\/span><\/span><span style=\"font-family: Arial Narrow, serif;\"><span style=\"font-size: small;\"><i>Le voci dell\u2019italiano<\/i><\/span><\/span><span style=\"font-family: Arial Narrow, serif;\"><span style=\"font-size: small;\">\u201d, che il <\/span><\/span><span style=\"font-family: Arial Narrow, serif;\"><span style=\"font-size: small;\"><b>prof. Sabatini<\/b><\/span><\/span><span style=\"font-family: Arial Narrow, serif;\"><span style=\"font-size: small;\"> curava quale autore e conduttore. Successivamente il suo straordinario contributo scientifico si \u00e8 spostato su <\/span><\/span><span style=\"font-family: Arial Narrow, serif;\"><span style=\"font-size: small;\">Rai <\/span><\/span><span style=\"font-family: Arial Narrow, serif;\"><span style=\"font-size: small;\">Uno con la seguitissima rubrica settimanale <\/span><\/span><span style=\"font-family: Arial Narrow, serif;\"><span style=\"font-size: small;\"><i>\u201cPronto Soccorso linguistico\u201d.<\/i><\/span><\/span><span style=\"font-family: Arial Narrow, serif;\"><span style=\"font-size: small;\"> Numerosi i riconoscimenti tributati all\u2019illustre accademico, quali le <\/span><\/span><span style=\"font-family: Arial Narrow, serif;\"><span style=\"font-size: small;\"><b>lauree <\/b><\/span><\/span><span style=\"font-family: Arial Narrow, serif;\"><span style=\"font-size: small;\"><i><b>honoris causa<\/b><\/i><\/span><\/span><b> <\/b><span style=\"font-family: Arial Narrow, serif;\"><span style=\"font-size: small;\">conferitegli dall\u2019Universit\u00e0 \u201cAldo Moro\u201d di Bari in Lingue e Letterature moderne e dall\u2019Universit\u00e0 \u201cGabriele d\u2019Annunzio\u201d di Chieti-Pescara in Scienze Sociali. Come pure gli sono state conferite le cittadinanze onorarie dai comuni di <\/span><\/span><span style=\"font-family: Arial Narrow, serif;\"><span style=\"font-size: small;\"><b>Gravina di Puglia<\/b><\/span><\/span><span style=\"font-family: Arial Narrow, serif;\"><span style=\"font-size: small;\">, <\/span><\/span><span style=\"font-family: Arial Narrow, serif;\"><span style=\"font-size: small;\"><b>Introdacqua<\/b><\/span><\/span><span style=\"font-family: Arial Narrow, serif;\"><span style=\"font-size: small;\"> e nel 2019 dal comune di <\/span><\/span><span style=\"font-family: Arial Narrow, serif;\"><span style=\"font-size: small;\"><b>Palermo<\/b><\/span><\/span><span style=\"font-family: Arial Narrow, serif;\"><span style=\"font-size: small;\">, consegnatagli nel corso della XXIII Settimana di Studi Danteschi dal sindaco <\/span><\/span><span style=\"font-family: Arial Narrow, serif;\"><span style=\"font-size: small;\"><b>Leoluca Orlando<\/b><\/span><\/span><span style=\"font-family: Arial Narrow, serif;\"><span style=\"font-size: small;\">. Infine, nell\u2019ottobre 2021, presso la sede centrale della <\/span><\/span><span style=\"font-family: Arial Narrow, serif;\"><span style=\"font-size: small;\"><b>Societ\u00e0<\/b><\/span><\/span> <span style=\"font-family: Arial Narrow, serif;\"><span style=\"font-size: small;\"><b>Dante Alighieri<\/b><\/span><\/span><span style=\"font-family: Arial Narrow, serif;\"><span style=\"font-size: small;\"> a Roma, nell\u2019ambito del VII Premio Letterario internazionale \u201cCitt\u00e0 del Galateo\u201d, gli \u00e8 stato tributato <\/span><\/span><span style=\"font-family: Arial Narrow, serif;\"><span style=\"font-size: small;\"><i>honoris causa<\/i><\/span><\/span><span style=\"font-family: Arial Narrow, serif;\"><span style=\"font-size: small;\"> il Premio d\u2019Eccellenza per la Cultura. <\/span><\/span><span style=\"font-family: Arial Narrow, serif;\"><span style=\"font-size: small;\"><b>Francesco Sabatini<\/b><\/span><\/span><span style=\"font-family: Arial Narrow, serif;\"><span style=\"font-size: small;\"> \u00e8 un abruzzese di grande valore, una delle personalit\u00e0 pi\u00f9 eminenti della cultura letteraria italiana. E tuttavia egli non perde un filo dell\u2019indole dell\u2019uomo di montagna, retaggio dei propri natali nell\u2019incantevole borgo dell\u2019Abruzzo interno, situato lungo l\u2019antico tracciato del Tratturo magno che per oltre due millenni e mezzo ha visto passare le greggi transumanti dai monti dell\u2019aquilano fino al Tavoliere delle Puglie. Il carattere degli abruzzesi di montagna \u00e8 essenziale, semplice, ispirato alla modestia ed al profilo discreto. <\/span><\/span><span style=\"font-family: Arial Narrow, serif;\"><span style=\"font-size: small;\"><b>Sabatini<\/b><\/span><\/span><span style=\"font-family: Arial Narrow, serif;\"><span style=\"font-size: small;\"> ne porta l\u2019impronta. Palese. Immediata. Un cordone ombelicale lo riporta nella sua terra in ogni occasione culturale di rilievo, quasi a ricollegarsi alle proprie origini, come in questo caso per diventare Cittadino onorario dell\u2019Aquila. <\/span><\/span><\/p>\n","protected":false},"excerpt":{"rendered":"<p>&nbsp; 27 marzo 2022 Annotazioni sulla Cittadinanza onoraria dell\u2019Aquila al prof. FRANCESCO SABATINI L\u2019insigne linguista, gi\u00e0 Presidente dell\u2019Accademia della Crusca, [&hellip;]<\/p>\n","protected":false},"author":1,"featured_media":0,"comment_status":"open","ping_status":"open","sticky":false,"template":"","format":"standard","meta":{"footnotes":""},"categories":[43,10],"tags":[],"class_list":["post-21389","post","type-post","status-publish","format-standard","hentry","category-historias","category-italiano"],"_links":{"self":[{"href":"https:\/\/www.ecoitaliano.com.ar\/index.php?rest_route=\/wp\/v2\/posts\/21389","targetHints":{"allow":["GET"]}}],"collection":[{"href":"https:\/\/www.ecoitaliano.com.ar\/index.php?rest_route=\/wp\/v2\/posts"}],"about":[{"href":"https:\/\/www.ecoitaliano.com.ar\/index.php?rest_route=\/wp\/v2\/types\/post"}],"author":[{"embeddable":true,"href":"https:\/\/www.ecoitaliano.com.ar\/index.php?rest_route=\/wp\/v2\/users\/1"}],"replies":[{"embeddable":true,"href":"https:\/\/www.ecoitaliano.com.ar\/index.php?rest_route=%2Fwp%2Fv2%2Fcomments&post=21389"}],"version-history":[{"count":0,"href":"https:\/\/www.ecoitaliano.com.ar\/index.php?rest_route=\/wp\/v2\/posts\/21389\/revisions"}],"wp:attachment":[{"href":"https:\/\/www.ecoitaliano.com.ar\/index.php?rest_route=%2Fwp%2Fv2%2Fmedia&parent=21389"}],"wp:term":[{"taxonomy":"category","embeddable":true,"href":"https:\/\/www.ecoitaliano.com.ar\/index.php?rest_route=%2Fwp%2Fv2%2Fcategories&post=21389"},{"taxonomy":"post_tag","embeddable":true,"href":"https:\/\/www.ecoitaliano.com.ar\/index.php?rest_route=%2Fwp%2Fv2%2Ftags&post=21389"}],"curies":[{"name":"wp","href":"https:\/\/api.w.org\/{rel}","templated":true}]}}