{"id":21626,"date":"2022-04-04T09:32:29","date_gmt":"2022-04-04T09:32:29","guid":{"rendered":"http:\/\/www.ecoitaliano.com.ar\/?p=21626"},"modified":"2022-04-04T14:04:34","modified_gmt":"2022-04-04T14:04:34","slug":"la-favola-antica-un-pomeriggio-intenso-alluniversita-dellaquila","status":"publish","type":"post","link":"https:\/\/www.ecoitaliano.com.ar\/?p=21626","title":{"rendered":"LA FAVOLA ANTICA, UN POMERIGGIO INTENSO ALL\u2019UNIVERSITA\u2019 DELL\u2019AQUILA"},"content":{"rendered":"<div id='gallery-1' class='gallery galleryid-21626 gallery-columns-3 gallery-size-thumbnail'><figure class='gallery-item'>\n\t\t\t<div class='gallery-icon landscape'>\n\t\t\t\t<a href='https:\/\/www.ecoitaliano.com.ar\/?attachment_id=21627'><img decoding=\"async\" width=\"150\" height=\"150\" src=\"https:\/\/www.ecoitaliano.com.ar\/wp-content\/uploads\/2022\/04\/Relazione-prof.-Arnaldo-Marcone-150x150.jpg\" class=\"attachment-thumbnail size-thumbnail\" alt=\"\" \/><\/a>\n\t\t\t<\/div><\/figure><figure class='gallery-item'>\n\t\t\t<div class='gallery-icon landscape'>\n\t\t\t\t<a href='https:\/\/www.ecoitaliano.com.ar\/?attachment_id=21628'><img decoding=\"async\" width=\"150\" height=\"150\" src=\"https:\/\/www.ecoitaliano.com.ar\/wp-content\/uploads\/2022\/04\/Universit\u00e0-AQ-dipartimento-di-Scienze-Umane-150x150.jpg\" class=\"attachment-thumbnail size-thumbnail\" alt=\"\" \/><\/a>\n\t\t\t<\/div><\/figure>\n\t\t<\/div>\n\n<p>&nbsp;<\/p>\n<p align=\"center\"><span style=\"font-family: Georgia, serif;\"><span style=\"font-size: large;\"><b>LA FAVOLA ANTICA,<\/b><\/span><\/span><\/p>\n<p align=\"center\"><span style=\"font-family: Georgia, serif;\"><span style=\"font-size: large;\"><b>UN POMERIGGIO INTENSO ALL\u2019UNIVERSITA\u2019 DELL\u2019AQUILA<\/b><\/span><\/span><\/p>\n<p align=\"justify\"><span style=\"font-family: Georgia, serif;\"><span style=\"font-size: medium;\">L\u2019AQUILA &#8211; Gioved\u00ec 31 marzo all\u2019Universit\u00e0 dell\u2019Aquila per un\u2019iniziativa congiunta tra il <\/span><\/span><span style=\"font-family: Georgia, serif;\"><span style=\"font-size: medium;\"><b>Dipartimento di Scienze Umane<\/b><\/span><\/span><span style=\"font-family: Georgia, serif;\"><span style=\"font-size: medium;\"> e il <\/span><\/span><span style=\"font-family: Georgia, serif;\"><span style=\"font-size: medium;\"><b>Centro Studi Sallustiani<\/b><\/span><\/span><span style=\"font-family: Georgia, serif;\"><span style=\"font-size: medium;\"> si \u00e8 presentato il volume di <\/span><\/span><span style=\"font-family: Georgia, serif;\"><span style=\"font-size: medium;\"><b>Antonio La Penna <\/b><\/span><\/span><span style=\"font-family: Georgia, serif;\"><span style=\"font-size: medium;\"><i>&#8211; La Favola Antica. Esopo e la sapienza degli schiavi<\/i><\/span><\/span><span style=\"font-family: Georgia, serif;\"><span style=\"font-size: medium;\">, a cura di <\/span><\/span><span style=\"font-family: Georgia, serif;\"><span style=\"font-size: medium;\"><b>Giovanni Niccoli<\/b><\/span><\/span><span style=\"font-family: Georgia, serif;\"><span style=\"font-size: medium;\"> e <\/span><\/span><span style=\"font-family: Georgia, serif;\"><span style=\"font-size: medium;\"><b>Stefano Grazzini<\/b><\/span><\/span><span style=\"font-family: Georgia, serif;\"><span style=\"font-size: medium;\">, (ed. Della Porta, Pisa 2021). <\/span><\/span><\/p>\n<p align=\"justify\"><span style=\"font-family: Georgia, serif;\"><span style=\"font-size: medium;\"><b>La Penna<\/b><\/span><\/span><span style=\"font-family: Georgia, serif;\"><span style=\"font-size: medium;\"> \u00e8 uno dei massimi filologi classici italiani, autore di monografie fondamentali su <\/span><\/span><span style=\"font-family: Georgia, serif;\"><span style=\"font-size: medium;\"><b>Orazio, Sallustio, Properzio, Virgilio<\/b><\/span><\/span><span style=\"font-family: Georgia, serif;\"><span style=\"font-size: medium;\">, aveva programmato di pubblicare un libro sulla favola antica per Einaudi gi\u00e0 negli anni \u201950. Ma per vari motivi, per quanto <\/span><\/span><span style=\"font-family: Georgia, serif;\"><span style=\"font-size: medium;\"><b>La Penna<\/b><\/span><\/span><span style=\"font-family: Georgia, serif;\"><span style=\"font-size: medium;\"> abbia continuato a scrivere sulla favola, la monografia da lui progettata non usc\u00ec mai. Il merito di questo libro \u00e8 stato quello di riunire saggi molto importanti, alcuni dei quali di difficile reperibilit\u00e0, e di renderli cos\u00ec fruibili.<\/span><\/span><\/p>\n<p align=\"justify\"><span style=\"font-family: Georgia, serif;\"><span style=\"font-size: medium;\">L\u2019incontro \u00e8 stato seguito da un pubblico numeroso, in presenza e a distanza attraverso un collegamento streaming. Nella prima parte del pomeriggio <\/span><\/span><span style=\"font-family: Georgia, serif;\"><span style=\"font-size: medium;\"><b>Laura Lulli<\/b><\/span><\/span><span style=\"font-family: Georgia, serif;\"><span style=\"font-size: medium;\"> (Universit\u00e0 dell\u2019Aquila) e <\/span><\/span><span style=\"font-family: Georgia, serif;\"><span style=\"font-size: medium;\"><b>Stefano Grazzini<\/b><\/span><\/span><span style=\"font-family: Georgia, serif;\"><span style=\"font-size: medium;\"> (Universit\u00e0 di Salerno) hanno svolto due brillanti interventi, dedicati rispettivamente alle visioni greche in margine alla lettura del volume <\/span><\/span><span style=\"font-family: Georgia, serif;\"><span style=\"font-size: medium;\"><i>La Favola Antica. Esopo e la sapienza degli schiavi <\/i><\/span><\/span><span style=\"font-family: Georgia, serif;\"><span style=\"font-size: medium;\">di <\/span><\/span><span style=\"font-family: Georgia, serif;\"><span style=\"font-size: medium;\"><b>Antonio La Penna<\/b><\/span><\/span><span style=\"font-family: Georgia, serif;\"><span style=\"font-size: medium;\"> e alla figura della scimmia nella pagina esopica.<\/span><\/span><\/p>\n<p align=\"justify\"><span style=\"font-family: Georgia, serif;\"><span style=\"font-size: medium;\">Nella seconda parte del pomeriggio <\/span><\/span><span style=\"font-family: Georgia, serif;\"><span style=\"font-size: medium;\"><b>Franca Ela Consolino<\/b><\/span><\/span><span style=\"font-family: Georgia, serif;\"><span style=\"font-size: medium;\">, professoressa emerita di Letteratura Latina all\u2019Universit\u00e0 dell\u2019Aquila e <\/span><\/span><span style=\"font-family: Georgia, serif;\"><span style=\"font-size: medium;\"><b>Arnaldo Marcone<\/b><\/span><\/span><span style=\"font-family: Georgia, serif;\"><span style=\"font-size: medium;\">, (Universit\u00e0 Roma Tre e <\/span><\/span><span style=\"font-family: Georgia, serif;\"><span style=\"font-size: medium;\"><b>presidente del Centro Studi Sallustiani<\/b><\/span><\/span><span style=\"font-family: Georgia, serif;\"><span style=\"font-size: medium;\">), entrambi allievi di <\/span><\/span><span style=\"font-family: Georgia, serif;\"><span style=\"font-size: medium;\"><b>La Penna<\/b><\/span><\/span><span style=\"font-family: Georgia, serif;\"><span style=\"font-size: medium;\">, hanno presentato il libro. Consolino e Marcone nei loro interventi hanno sottolineato come <\/span><\/span><span style=\"font-family: Georgia, serif;\"><span style=\"font-size: medium;\"><b>La Penna<\/b><\/span><\/span> <span style=\"font-family: Georgia, serif;\"><span style=\"font-size: medium;\">dia rilievo con nettezza, nei suoi saggi, alla questione di fondo che lo preoccupa, che ha a che vedere con la storia sociale oltre che con la storia della storiografia. <\/span><\/span><\/p>\n<p align=\"justify\"><span style=\"font-family: Georgia, serif;\"><span style=\"font-size: medium;\">Sugli scritti raccolti nel libro si avverte chiaramente la presenza di <\/span><\/span><span style=\"font-family: Georgia, serif;\"><span style=\"font-size: medium;\"><b>Gramsci<\/b><\/span><\/span><span style=\"font-family: Georgia, serif;\"><span style=\"font-size: medium;\">, con il quale il confronto di <\/span><\/span><span style=\"font-family: Georgia, serif;\"><span style=\"font-size: medium;\"><b>La Penna<\/b><\/span><\/span><span style=\"font-family: Georgia, serif;\"><span style=\"font-size: medium;\"> era gi\u00e0 iniziato, per quanto possibile, nell\u2019immediato secondo dopoguerra. <\/span><\/span><span style=\"font-family: Georgia, serif;\"><span style=\"font-size: medium;\"><b>Consolino<\/b><\/span><\/span><span style=\"font-family: Georgia, serif;\"><span style=\"font-size: medium;\"> e <\/span><\/span><span style=\"font-family: Georgia, serif;\"><span style=\"font-size: medium;\"><b>Marcone<\/b><\/span><\/span><span style=\"font-family: Georgia, serif;\"><span style=\"font-size: medium;\"> hanno messo in luce, tra l\u2019altro, come La Penna ipotizzi che nella favola abbiano avuto una parte importante autori appartenenti agli strati inferiori. Mancando nei protagonisti delle narrazioni favolistiche la necessit\u00e0 di esprimere una propria individualit\u00e0, l\u2019autore opera in forma anonima con la conseguente facile modificabilit\u00e0 del testo rispetto al quale ha un peso notevole la tradizione orale.<\/span><\/span><\/p>\n<p align=\"justify\"><a name=\"_GoBack\"><\/a> <span style=\"font-family: Georgia, serif;\"><span style=\"font-size: medium;\"><b>Stefano Grazzini<\/b><\/span><\/span><span style=\"font-family: Georgia, serif;\"><span style=\"font-size: medium;\"> ha ripreso, nel suo intervento conclusivo, alcune considerazioni svolte dai presentatori ricordando come <\/span><\/span><span style=\"font-family: Georgia, serif;\"><span style=\"font-size: medium;\"><b>La Penna<\/b><\/span><\/span><span style=\"font-family: Georgia, serif;\"><span style=\"font-size: medium;\"> considerasse la favola esopica un passo decisivo nel distacco dalla cultura religiosa e nell\u2019elaborazione di una cultura laica popolare. Il pubblico presente in sala, cos\u00ec come quello collegato via streaming, ai termini dei lavori ha manifestato la propria soddisfazione per la qualit\u00e0 degli interventi.<\/span><\/span><\/p>\n<p align=\"justify\"><span style=\"font-family: Georgia, serif;\"><span style=\"font-size: medium;\"><b>Goffredo Palmerini<\/b><\/span><\/span><\/p>\n<p>&nbsp;<\/p>\n","protected":false},"excerpt":{"rendered":"<p>&nbsp; LA FAVOLA ANTICA, UN POMERIGGIO INTENSO ALL\u2019UNIVERSITA\u2019 DELL\u2019AQUILA L\u2019AQUILA &#8211; Gioved\u00ec 31 marzo all\u2019Universit\u00e0 dell\u2019Aquila per un\u2019iniziativa congiunta tra [&hellip;]<\/p>\n","protected":false},"author":1,"featured_media":0,"comment_status":"open","ping_status":"open","sticky":false,"template":"","format":"standard","meta":{"footnotes":""},"categories":[4,10],"tags":[],"class_list":["post-21626","post","type-post","status-publish","format-standard","hentry","category-cultura","category-italiano"],"_links":{"self":[{"href":"https:\/\/www.ecoitaliano.com.ar\/index.php?rest_route=\/wp\/v2\/posts\/21626","targetHints":{"allow":["GET"]}}],"collection":[{"href":"https:\/\/www.ecoitaliano.com.ar\/index.php?rest_route=\/wp\/v2\/posts"}],"about":[{"href":"https:\/\/www.ecoitaliano.com.ar\/index.php?rest_route=\/wp\/v2\/types\/post"}],"author":[{"embeddable":true,"href":"https:\/\/www.ecoitaliano.com.ar\/index.php?rest_route=\/wp\/v2\/users\/1"}],"replies":[{"embeddable":true,"href":"https:\/\/www.ecoitaliano.com.ar\/index.php?rest_route=%2Fwp%2Fv2%2Fcomments&post=21626"}],"version-history":[{"count":0,"href":"https:\/\/www.ecoitaliano.com.ar\/index.php?rest_route=\/wp\/v2\/posts\/21626\/revisions"}],"wp:attachment":[{"href":"https:\/\/www.ecoitaliano.com.ar\/index.php?rest_route=%2Fwp%2Fv2%2Fmedia&parent=21626"}],"wp:term":[{"taxonomy":"category","embeddable":true,"href":"https:\/\/www.ecoitaliano.com.ar\/index.php?rest_route=%2Fwp%2Fv2%2Fcategories&post=21626"},{"taxonomy":"post_tag","embeddable":true,"href":"https:\/\/www.ecoitaliano.com.ar\/index.php?rest_route=%2Fwp%2Fv2%2Ftags&post=21626"}],"curies":[{"name":"wp","href":"https:\/\/api.w.org\/{rel}","templated":true}]}}