{"id":21633,"date":"2022-04-04T15:03:48","date_gmt":"2022-04-04T15:03:48","guid":{"rendered":"http:\/\/www.ecoitaliano.com.ar\/?p=21633"},"modified":"2022-04-04T15:03:48","modified_gmt":"2022-04-04T15:03:48","slug":"serena-conduce-operaclassica-eco-italiano-1400","status":"publish","type":"post","link":"https:\/\/www.ecoitaliano.com.ar\/?p=21633","title":{"rendered":"Serena conduce operaclassica eco italiano."},"content":{"rendered":"<p><a href=\"http:\/\/www.ecoitaliano.com.ar\/wp-content\/uploads\/2022\/03\/dfgjo\u00e8.jpg\"><img decoding=\"async\" class=\"alignnone size-full wp-image-20934\" src=\"http:\/\/www.ecoitaliano.com.ar\/wp-content\/uploads\/2022\/03\/dfgjo\u00e8.jpg\" alt=\"\" width=\"281\" height=\"101\" srcset=\"https:\/\/www.ecoitaliano.com.ar\/wp-content\/uploads\/2022\/03\/dfgjo\u00e8.jpg 281w, https:\/\/www.ecoitaliano.com.ar\/wp-content\/uploads\/2022\/03\/dfgjo\u00e8-150x54.jpg 150w\" sizes=\"(max-width: 281px) 100vw, 281px\" \/><\/a><\/p>\n<p>Comunicato stampa<br \/>\nDANIEL HARDING E LEONIDAS KAVAKOS CON L\u2019ORCHESTRA RAI<\/p>\n<p>Bart\u00f3k e Brahms in programma nel concerto di gioved\u00ec 7 aprile a Torino, in diretta su Radio3 e in streaming su raicultura.it<\/p>\n<p>Sale per la quarta sul podio dell\u2019Orchestra Sinfonica Nazionale della Rai\u00a0in poco pi\u00f9 di un anno il grande direttore d\u2019orchestra inglese\u00a0Daniel Harding, protagonista del concerto\u00a0in programma\u00a0gioved\u00ec 7 aprile alle 20.30 all\u2019Auditorium Rai \u201cArturo Toscanini\u201d di Torino.\u00a0La serata,\u00a0replicata venerd\u00ec 8 aprile alle 20,\u00a0\u00e8 trasmessa in diretta su Radio3 e in live streaming sul portale di Rai Cultura, che la trasmetter\u00e0\u00a0inoltre\u00a0sul suo canale Rai5 il 26 maggio 2022.<\/p>\n<p>Al suo debutto con la compagine Rai, datato 13 dicembre 2020, sono seguiti altri due memorabili concerti il 17 dicembre dello stesso anno e il 7 gennaio 2021, tutti realizzati a porte chiuse e trasmessi in streaming e su Radio3 a causa delle restrizioni imposte dalla pandemia. La doppia serata del 7 e 8 aprile \u00e8 quindi il primo incontro di Harding con il pubblico dell\u2019Auditorium Rai di Torino, citt\u00e0 con la quale\u00a0ha un rapporto pi\u00f9 che ventennale, avendo debuttato ai Concerti del Lingotto nel 1999 con la Mahler Chamber Orchestra. Da allora \u00e8 tornato pi\u00f9 volte, sempre ospite del Lingotto, con orchestre diverse: Royal Concertgebouw di Amsterdam, Orchestra Sinfonica della Radio Svedese, London Symphony Orchestra e Berliner Philharmoniker. Indimenticabile il suo ciclo di concerti per il festival pluriennale \u201cSintonie\u201d, che tra il 2003 e il 2006 ha accompagnato la citt\u00e0 alle Olimpiadi invernali con l\u2019integrale delle Sinfonie di Beethoven, il\u00a0Wozzeck\u00a0di Berg, la\u00a0Passione secondo Matteo\u00a0di Bach e\u00a0La Creazione\u00a0di Haydn.<br \/>\nNato nel 1975 a Oxford, Daniel\u00a0Harding\u00a0ha iniziato giovanissimo la carriera come assistente prima di Sir Simon\u00a0Rattle alla City of Birmingham Symphony Orchestra\u00a0e poi di Claudio Abbado presso i Berliner Philharmoniker. Ha ricoperto incarichi presso l\u2019Orchestre de Paris, la Mahler Chamber Orchestra, la London Symphony Orchestra e l\u2019Orchestra Sinfonica della Radio Svedese, ma \u00e8 stato ospite di tutte le pi\u00f9 prestigiose istituzioni musicali del mondo, dai Berliner e Wiener Philharmoniker al Festival di Salisburgo, al Teatro alla Scala.<\/p>\n<p>Per il suo ritorno con l\u2019Orchestra Sinfonica Nazionale della Rai Harding \u00e8 affiancato dal violinista greco\u00a0Leonidas Kavakos,\u00a0salito alla ribalta internazionale giovanissimo, dopo aver vinto il Concorso Sibelius nel 1985 e i Premi Paganini e Naumburg nel 1988. Da allora \u00e8 protagonista con le compagini e i direttori pi\u00f9 prestigiosi. Ospite frequente dell\u2019OSN Rai fin dal 1999, propone Il\u00a0Concerto n. 2 per violino e orchestra di\u00a0B\u00e9la Bart\u00f3k, scritto nel 1937 per il violinista\u00a0Zolt\u00e1n Sz\u00e9kely\u00a0ed eseguito per la prima volta\u00a0nel 1939 ad Amsterdam.<\/p>\n<p>Chiude la serata la\u00a0Sinfonia\u00a0n. 1 in do minore op. 68 di Johannes Brahms, ultimata nel 1876 ma i cui primi abbozzi risalgono al 1855. La distanza che intercorre tra l\u2019inizio del lavoro e la sua conclusione \u00e8 da ricondurre alla continua insoddisfazione e all\u2019incessante ricerca di perfezione da parte del compositore tedesco. Nel Finale\u00a0\u00e8 possibile riconoscere una reminiscenza del celebre tema dell\u2019Inno alla gioia\u00a0di Beethoven. La prima esecuzione della Sinfonia in do minore, avvenuta il 4 novembre 1876 a Karlsruhe sotto la direzione di Felix Otto Dessoff, ebbe un grande successo. Il direttore d\u2019orchestra Hans Von B\u00fclow la ribattezz\u00f2 la \u201cDecima Sinfonia di Beethoven\u201d, quasi a indicare in Brahms l\u2019erede del compositore di Bonn.<\/p>\n<p>I biglietti per il concerto, da 10 a 25 euro, sono\u00a0in vendita online\u00a0sul sito dell\u2019OSN Rai e presso la biglietteria dell\u2019Auditorium Rai di Torino. Il pubblico in sala sar\u00e0 accolto nel rispetto delle pi\u00f9 recenti norme per il contenimento della pandemia.<\/p>\n<p>04.04.2022<\/p>\n<p>Paolo Cairoli<br \/>\nRai\u00a0Cultura &#8211; Comunicazione<br \/>\nAuditorium\u00a0Rai\u00a0\u201cArturo Toscanini\u201d<br \/>\nPiazza Rossaro<br \/>\n10124 Torino<br \/>\nT. 011.8104996<br \/>\nM.\u00a0331.8361276<br \/>\nwww.osn.rai.it<\/p>\n<p><a href=\"http:\/\/www.ecoitaliano.com.ar\/wp-content\/uploads\/2022\/04\/1-4.jpg\"><img decoding=\"async\" class=\"alignnone size-full wp-image-21634\" src=\"http:\/\/www.ecoitaliano.com.ar\/wp-content\/uploads\/2022\/04\/1-4.jpg\" alt=\"\" width=\"819\" height=\"1228\" srcset=\"https:\/\/www.ecoitaliano.com.ar\/wp-content\/uploads\/2022\/04\/1-4.jpg 819w, https:\/\/www.ecoitaliano.com.ar\/wp-content\/uploads\/2022\/04\/1-4-200x300.jpg 200w, https:\/\/www.ecoitaliano.com.ar\/wp-content\/uploads\/2022\/04\/1-4-768x1152.jpg 768w, https:\/\/www.ecoitaliano.com.ar\/wp-content\/uploads\/2022\/04\/1-4-683x1024.jpg 683w, https:\/\/www.ecoitaliano.com.ar\/wp-content\/uploads\/2022\/04\/1-4-100x150.jpg 100w\" sizes=\"(max-width: 819px) 100vw, 819px\" \/><\/a> <a href=\"http:\/\/www.ecoitaliano.com.ar\/wp-content\/uploads\/2022\/04\/2-3.jpg\"><img decoding=\"async\" class=\"alignnone size-full wp-image-21635\" src=\"http:\/\/www.ecoitaliano.com.ar\/wp-content\/uploads\/2022\/04\/2-3.jpg\" alt=\"\" width=\"827\" height=\"1219\" srcset=\"https:\/\/www.ecoitaliano.com.ar\/wp-content\/uploads\/2022\/04\/2-3.jpg 827w, https:\/\/www.ecoitaliano.com.ar\/wp-content\/uploads\/2022\/04\/2-3-204x300.jpg 204w, https:\/\/www.ecoitaliano.com.ar\/wp-content\/uploads\/2022\/04\/2-3-768x1132.jpg 768w, https:\/\/www.ecoitaliano.com.ar\/wp-content\/uploads\/2022\/04\/2-3-695x1024.jpg 695w, https:\/\/www.ecoitaliano.com.ar\/wp-content\/uploads\/2022\/04\/2-3-102x150.jpg 102w\" sizes=\"(max-width: 827px) 100vw, 827px\" \/><\/a><\/p>\n","protected":false},"excerpt":{"rendered":"<p>Comunicato stampa DANIEL HARDING E LEONIDAS KAVAKOS CON L\u2019ORCHESTRA RAI Bart\u00f3k e Brahms in programma nel concerto di gioved\u00ec 7 [&hellip;]<\/p>\n","protected":false},"author":1,"featured_media":0,"comment_status":"open","ping_status":"open","sticky":false,"template":"","format":"standard","meta":{"footnotes":""},"categories":[1],"tags":[],"class_list":["post-21633","post","type-post","status-publish","format-standard","hentry","category-sin-categoria"],"_links":{"self":[{"href":"https:\/\/www.ecoitaliano.com.ar\/index.php?rest_route=\/wp\/v2\/posts\/21633","targetHints":{"allow":["GET"]}}],"collection":[{"href":"https:\/\/www.ecoitaliano.com.ar\/index.php?rest_route=\/wp\/v2\/posts"}],"about":[{"href":"https:\/\/www.ecoitaliano.com.ar\/index.php?rest_route=\/wp\/v2\/types\/post"}],"author":[{"embeddable":true,"href":"https:\/\/www.ecoitaliano.com.ar\/index.php?rest_route=\/wp\/v2\/users\/1"}],"replies":[{"embeddable":true,"href":"https:\/\/www.ecoitaliano.com.ar\/index.php?rest_route=%2Fwp%2Fv2%2Fcomments&post=21633"}],"version-history":[{"count":0,"href":"https:\/\/www.ecoitaliano.com.ar\/index.php?rest_route=\/wp\/v2\/posts\/21633\/revisions"}],"wp:attachment":[{"href":"https:\/\/www.ecoitaliano.com.ar\/index.php?rest_route=%2Fwp%2Fv2%2Fmedia&parent=21633"}],"wp:term":[{"taxonomy":"category","embeddable":true,"href":"https:\/\/www.ecoitaliano.com.ar\/index.php?rest_route=%2Fwp%2Fv2%2Fcategories&post=21633"},{"taxonomy":"post_tag","embeddable":true,"href":"https:\/\/www.ecoitaliano.com.ar\/index.php?rest_route=%2Fwp%2Fv2%2Ftags&post=21633"}],"curies":[{"name":"wp","href":"https:\/\/api.w.org\/{rel}","templated":true}]}}