{"id":21637,"date":"2022-04-04T15:52:40","date_gmt":"2022-04-04T15:52:40","guid":{"rendered":"http:\/\/www.ecoitaliano.com.ar\/?p=21637"},"modified":"2022-04-04T15:52:40","modified_gmt":"2022-04-04T15:52:40","slug":"serena-conduce-operaclassica-eco-italiano-1401","status":"publish","type":"post","link":"https:\/\/www.ecoitaliano.com.ar\/?p=21637","title":{"rendered":"Serena conduce operaclassica eco italiano."},"content":{"rendered":"<p style=\"text-align: center;\"><a href=\"http:\/\/www.ecoitaliano.com.ar\/wp-content\/uploads\/2022\/03\/image004.png\"><img decoding=\"async\" class=\"alignnone size-full wp-image-21092\" src=\"http:\/\/www.ecoitaliano.com.ar\/wp-content\/uploads\/2022\/03\/image004.png\" alt=\"\" width=\"143\" height=\"89\" \/><\/a> <a href=\"http:\/\/www.ecoitaliano.com.ar\/wp-content\/uploads\/2022\/03\/image002.png\"><img decoding=\"async\" class=\"alignnone size-full wp-image-21091\" src=\"http:\/\/www.ecoitaliano.com.ar\/wp-content\/uploads\/2022\/03\/image002.png\" alt=\"\" width=\"119\" height=\"86\" \/><\/a><\/p>\n<div class=\"kvgmc6g5 cxmmr5t8 oygrvhab hcukyx3x c1et5uql ii04i59q\"><\/div>\n<div class=\"cxmmr5t8 oygrvhab hcukyx3x c1et5uql o9v6fnle ii04i59q\">\n<div dir=\"auto\">\n<p>Ufficio Stampa 04\/04\/2022<\/p>\n<p>L\u2019ULTIMA FUGA E IL REQUIEM: MONUMENTALI MOZART E CHERUBINI CON ORCHESTRA E CORO ARENIANI<br \/>\nVenerd\u00ec 8 e sabato 9 aprile, il direttore Beltrami torna dopo dodici anni alla guida dei complessi artistici della Fondazione Arena di Verona in un programma drammatico e sacro in do minore per il tempo di Pasqua: il celebre Adagio e fuga di Mozart e il grande Requiem di Luigi Cherubini<\/p>\n<p>5\u00b0 Concerto<br \/>\nVenerd\u00ec 8 aprile \u00b7 ore 20.00<br \/>\nSabato 9 aprile \u00b7 ore 17.00<br \/>\nTeatro Filarmonico di Verona<\/p>\n<p>Furore drammatico e neoclassica compostezza convivono nell\u2019imponente Requiem di Cherubini, pagina centrale del 5\u00b0 concerto sinfonico-corale della Stagione Sinfonica 2022: Matteo Beltrami dirige l\u2019Orchestra e il Coro preparato dal nuovo maestro Ulisse Trabacchin. Ad aprire il programma \u00e8 la pagina intensa ed enigmatica, unica nel catalogo mozartiano, del maturo Adagio e fuga su modello di Bach.<br \/>\nDirettore gi\u00e0 affermato in Italia e all\u2019estero soprattutto in campo operistico, il maestro genovese Matteo Beltrami torna a Verona dopo un concerto sinfonico del 2010 comprendente anche la raffinata Voix humaine di Poulenc in forma semiscenica. Ritorna quindi nel segno del contrappunto col 5\u00b0 concerto sinfonico 2022, il cui programma \u00e8 gi\u00e0 un richiamo ideale al tempo di Pasqua, con due pagine molto diverse per organico e concezione ma unite dalla tonalit\u00e0 dominante di do minore e dal comune volgersi ad un passato austero e sacrale, che conferisce ad entrambe uno spessore monumentale fuori dal tempo.<br \/>\nNegli ultimi anni di vita a Vienna, Mozart (1756-1691) frequent\u00f2 con assiduit\u00e0 i circoli massonici e la biblioteca erudita del Barone Van Swieten, occasioni per riscoprire il dettato contrappuntistico delle opere di Bach e H\u00e4ndel. In quel contesto, ma non solo, la Fuga era ed \u00e8 considerata la forma musicale che pi\u00f9 compiutamente combina rigore matematico, armonia universale, slancio artistico. Nel genere Mozart si ciment\u00f2 relativamente poco, lasciando diversi abbozzi incompiuti fino alla Fuga in do minore del 1783, brano a s\u00e9 stante per due pianoforti catalogato come KV 426. Il progetto non si aren\u00f2: il genio salisburghese ebbe occasione di riprenderlo cinque anni dopo, nelle stesse settimane in cui lavorava alle due ultime sinfonie (le KV 550 in sol minore e 551 \u201cJupiter\u201d): Mozart trascrisse la Fuga in do minore per quartetto d\u2019archi (spesso adattata anche per orchestra, come in questo concerto) e vi antepose un originale Preludio in tempo Adagio, di intenso slancio drammatico quasi spigoloso: concentrato in circa 6 minuti, pur seguendo il modello bachiano, l\u2019Adagio e fuga se ne distingue per l\u2019invenzione melodica, rigorosamente fedele alla forma classica ma con uno sguardo che pare gi\u00e0 rivolto alle venture tempeste romantiche.<br \/>\nIl severo do minore \u00e8 la tonalit\u00e0 d\u2019impianto del primo dei due Requiem composti da Luigi Cherubini (1760-1842), autore cardine dell\u2019et\u00e0 post-rivoluzionaria, che conquist\u00f2 Parigi con l\u2019opera e l\u2019Italia con le sue creazioni sinfoniche, cameristiche e liturgiche. Di questo suo repertorio Fondazione Arena ha gi\u00e0 presentato la sua unica Sinfonia in Re, di rarissima esecuzione, nel percorso iniziato col Viaggio in Italia del 2019. Ora, unendo le masse artistiche areniane, viene presentata al pubblico la Messa da Requiem in do minore per coro e orchestra, scritta nel 1815 su commissione della restaurata monarchia francese dopo la parentesi napoleonica. La Messa, della durata di 45 minuti circa, espressamente dedicata alla memoria di Luigi XVI, riscosse molta ammirazione nei colleghi pi\u00f9 illustri sin dal suo apparire nel 1817: se per Beethoven rappresentava la commemorazione ideale, per Berlioz costituiva il capolavoro di Cherubini. Di certo si tratta di un\u2019opera di ampie proporzioni che rifugge il facile effetto di matrice teatrale: l\u2019utilizzo spesso omoritmico del coro, l\u2019assenza di solisti, l\u2019alternanza continua fra orchestra e voci nell\u2019esposizione della melodia con un insolito rilievo dato al canto degli strumenti, il contrappunto rigoroso, sono tutte caratteristiche che collocano l\u2019opera nel solco di una tradizione classicheggiante volta agli esempi solenni di Palestrina. Il furore del giorno del giudizio (Dies irae), il richiamo al passato dell\u2019Offertorium, la gloria celeste del Sanctus sono affidate a calibrati effetti madrigalistici o a fugati. Ma la cifra dominante con cui si apre e chiude questo Requiem \u00e8 una contemplazione solenne, una preghiera intima di autentica commemorazione nonostante l\u2019ampiezza di mezzi dispiegati: cos\u00ec sono il Kyrie iniziale, il melodico Pie Jesu e soprattutto il sommesso mormorio dell\u2019Agnus Dei finale, che avrebbe ispirato molti compositori futuri (non ultimo Giuseppe Verdi, massimo operista, nel suo capolavoro sacro: la Messa da Requiem del 1874).<br \/>\nIl 5\u00b0 concerto della Stagione Sinfonica 2022 debutta venerd\u00ec 8 aprile alle 20.00 (turno A), con una durata di un\u2019ora circa (non \u00e8 previsto intervallo), e replica anche sabato 9 aprile alle 17.00 (turno B).<br \/>\nPer legge, l\u2019accesso agli spettacoli \u00e8 consentito esclusivamente agli spettatori muniti di certificazione verde Covid-19 di avvenuta vaccinazione o guarigione, \u201cGreen Pass rafforzato\u201d.\u00a0Inoltre \u00e8 confermato l\u2019obbligo di\u00a0mascherina modello FFP2. Ulteriori informazioni e aggiornamenti sul sito web alla pagina dedicata: https:\/\/www.arena.it\/it\/teatro-filarmonico\/info-covid<\/p>\n<p>* * *<\/p>\n<p>Proseguono per la Stagione Artistica 2022 le iniziative di Arena Young, rivolte a studenti e personale di scuole, universit\u00e0, accademie. Per ogni appuntamento \u00e8 confermato il Ritorno a teatro: un percorso di avvicinamento all\u2019opera e alla musica sinfonica proposto dalla Fondazione Arena di Verona. Il mondo della Scuola potr\u00e0 assistere alle rappresentazioni in cartellone per la Stagione Artistica 2022 al Teatro Filarmonico, con l\u2019opportunit\u00e0 di partecipare ad un Preludio un\u2019ora prima dello spettacolo: un momento di approccio al linguaggio musicale, che avr\u00e0 luogo nella prestigiosa Sala Maffeiana. Per il 5\u00b0 concerto sinfonico \u00e8 possibile partecipare al Preludio venerd\u00ec 8 aprile alle 19.<br \/>\nInformazioni e prenotazioni: scuola@arenadiverona.it \u2013 tel 045 8051933 Ufficio Formazione.<\/p>\n<p>Informazioni<br \/>\nUfficio Stampa Fondazione Arena di Verona \u2013 Via Roma 7\/D, 37121 Verona<br \/>\ntel. (+39) 045 805.1861-1905-1891-1939 &#8211; fax (+39) 045 803.1443<br \/>\nufficio.stampa@arenadiverona.it \u2013 www.arena.it<\/p>\n<p>BIGLIETTERIA ARENA DI VERONA Via Dietro Anfiteatro 6\/b, 37121 Verona<br \/>\nAperta da luned\u00ec a venerd\u00ec 10.30 &#8211; 16.00 | sabato 9.15 &#8211; 12.45<br \/>\nTel. 045 596517 \u2219 Fax 045 8013287<br \/>\nBIGLIETTERIA TEATRO FILARMONICO Via dei Mutilati 4\/k, 37121 Verona<br \/>\nAperta due ore prima dello spettacolo<br \/>\nTel 045 8002880 \u2219 Fax 045 8013266<br \/>\nPunti vendita TicketOne.it<br \/>\nbiglietteria@arenadiverona.it<br \/>\nCall center (+39) 045 8005151 \u2219 www.arena.it<\/p>\n<p>* * *<\/p>\n<p>Venerd\u00ec 8 aprile \u00b7 ore 20.00 turno A<br \/>\nSabato 9 aprile \u00b7 ore 17.00 turno B<\/p>\n<p>5\u00b0 Concerto MOZART &#8211; CHERUBINI<br \/>\nDirettore Matteo Beltrami<\/p>\n<p>Wolfgang Amadeus Mozart (1756-1791)<br \/>\nAdagio e fuga in do minore per archi, KV 546<br \/>\n(Preludio) Adagio \u2013 Fuga. Allegro<\/p>\n<p>Luigi Cherubini (1760-1842)<br \/>\nRequiem in do minore, per coro e orchestra per l\u2019anniversario della morte di Luigi XVI<br \/>\nI. Introitus. Larghetto sostenuto<br \/>\nII. Graduale \u2013 Andantino largo<br \/>\nIII. Dies irae \u2013 Allegro maestoso<br \/>\nIV. Offertorium \u2013 Andante<br \/>\nV. Sanctus \u2013 Andante<br \/>\nVI. Pie Jesu \u2013 Larghetto<br \/>\nVII. Agnus Dei &#8211; Sostenuto<\/p>\n<p>ORCHESTRA E CORO DELLA FONDAZIONE ARENA DI VERONA<br \/>\nMaestro del Coro Ulisse Trabacchin<\/p>\n<p>Durata complessiva: 60 minuti circa, senza intervallo.<\/p>\n<p>Novit\u00e0 di biglietteria: sono disponibili nuovi mini-abbonamenti per la Stagione Lirica e la Stagione Sinfonica 2022, per offrire agli spettatori una scelta ancora pi\u00f9 ampia e flessibile con opzioni di 3 o 5 titoli tra i programmi preferiti nell\u2019offerta artistica della Fondazione Arena di Verona al Teatro Filarmonico.<\/p>\n<p>Carnet 3 OPERE di DOMENICA &#8211; Platea \u20ac 165 oppure Galleria \u20ac 105 per 3 date a scelta fra:<br \/>\nORLANDO FURIOSO \u2013 domenica 15 maggio, ore 15.30<br \/>\nLA GIOCONDA \u2013 domenica 30 ottobre, ore 15.30<br \/>\nLA BOH\u00c8ME \u2013 domenica 18 dicembre, ore 15.30<\/p>\n<p>Carnet 3 OPERE di VENERD\u00cc &#8211; Platea \u20ac 165 oppure Galleria \u20ac 105 per 3 date a scelta fra:<br \/>\nORLANDO FURIOSO \u2013 venerd\u00ec 13 maggio ore 20.00<br \/>\nLA GIOCONDA \u2013 venerd\u00ec 28 ottobre ore 20.00<br \/>\nLA BOH\u00c8ME \u2013 venerd\u00ec 16 dicembre ore 20.00<\/p>\n<p>Carnet 5 CONCERTI sinfonici &#8211; Posto unico numerato \u20ac 110 per 5 date a scelta della Stagione Sinfonica:<br \/>\n5\u00b0 concerto \u2013 venerd\u00ec 8 aprile, ore 20.00<br \/>\n6\u00b0 concerto \u2013 venerd\u00ec 22 aprile, ore 20.00<br \/>\n7\u00b0 concerto \u2013 venerd\u00ec 29 aprile, ore 20.00<br \/>\n8\u00b0 concerto \u2013 venerd\u00ec 20 maggio, ore 20.00<br \/>\n9\u00b0 concerto \u2013 venerd\u00ec 11 novembre, ore 20.00<br \/>\n10\u00b0 concerto \u2013 venerd\u00ec 25 novembre, ore 20.00<\/p>\n<p>Carnet 3 CONCERTI marzo\/maggio &#8211; Posto unico numerato \u20ac 66 per 3 concerti a scelta da marzo a maggio:<br \/>\n5\u00b0 concerto \u2013 venerd\u00ec 8 aprile, ore 20.00<br \/>\n6\u00b0 concerto \u2013 venerd\u00ec 22 aprile, ore 20.00<br \/>\n7\u00b0 concerto \u2013 venerd\u00ec 29 aprile, ore 20.00<br \/>\n8\u00b0 concerto \u2013 venerd\u00ec 20 maggio, ore 20.00<\/p>\n<p>\u00c8 naturalmente sempre possibile acquistare i biglietti singoli per ogni data della Stagione Artistica 2022:<br \/>\nPREZZI BIGLIETTI LIRICA Platea LIRICA 1^Galleria LIRICA 2^Galleria SINFONICA Posto unico numerato<br \/>\nINTERO \u20ac 64 \u20ac 41 \u20ac 30 \u20ac 26<br \/>\nRIDOTTO \u20ac 54 \u20ac 34 \u20ac 25 \u20ac 22<br \/>\nRIDOTTO OVER 65 \u20ac 44 \u20ac 28 \u20ac 20 \u20ac 17<br \/>\nRIDOTTO UNDER 30 \u20ac 24 \u20ac 15 \u20ac 11 \u20ac 10<\/p>\n<p><a href=\"http:\/\/www.ecoitaliano.com.ar\/wp-content\/uploads\/2022\/04\/yo-1.jpg\"><img decoding=\"async\" class=\"alignnone size-full wp-image-21640\" src=\"http:\/\/www.ecoitaliano.com.ar\/wp-content\/uploads\/2022\/04\/yo-1.jpg\" alt=\"\" width=\"833\" height=\"1212\" srcset=\"https:\/\/www.ecoitaliano.com.ar\/wp-content\/uploads\/2022\/04\/yo-1.jpg 833w, https:\/\/www.ecoitaliano.com.ar\/wp-content\/uploads\/2022\/04\/yo-1-206x300.jpg 206w, https:\/\/www.ecoitaliano.com.ar\/wp-content\/uploads\/2022\/04\/yo-1-768x1117.jpg 768w, https:\/\/www.ecoitaliano.com.ar\/wp-content\/uploads\/2022\/04\/yo-1-704x1024.jpg 704w, https:\/\/www.ecoitaliano.com.ar\/wp-content\/uploads\/2022\/04\/yo-1-103x150.jpg 103w\" sizes=\"(max-width: 833px) 100vw, 833px\" \/><\/a> <a href=\"http:\/\/www.ecoitaliano.com.ar\/wp-content\/uploads\/2022\/04\/yoooo.jpg\"><img decoding=\"async\" class=\"alignnone size-full wp-image-21641\" src=\"http:\/\/www.ecoitaliano.com.ar\/wp-content\/uploads\/2022\/04\/yoooo.jpg\" alt=\"\" width=\"858\" height=\"1187\" srcset=\"https:\/\/www.ecoitaliano.com.ar\/wp-content\/uploads\/2022\/04\/yoooo.jpg 858w, https:\/\/www.ecoitaliano.com.ar\/wp-content\/uploads\/2022\/04\/yoooo-217x300.jpg 217w, https:\/\/www.ecoitaliano.com.ar\/wp-content\/uploads\/2022\/04\/yoooo-768x1062.jpg 768w, https:\/\/www.ecoitaliano.com.ar\/wp-content\/uploads\/2022\/04\/yoooo-740x1024.jpg 740w, https:\/\/www.ecoitaliano.com.ar\/wp-content\/uploads\/2022\/04\/yoooo-108x150.jpg 108w\" sizes=\"(max-width: 858px) 100vw, 858px\" \/><\/a><\/p>\n<\/div>\n<\/div>\n","protected":false},"excerpt":{"rendered":"<p>Ufficio Stampa 04\/04\/2022 L\u2019ULTIMA FUGA E IL REQUIEM: MONUMENTALI MOZART E CHERUBINI CON ORCHESTRA E CORO ARENIANI Venerd\u00ec 8 e [&hellip;]<\/p>\n","protected":false},"author":1,"featured_media":0,"comment_status":"open","ping_status":"open","sticky":false,"template":"","format":"standard","meta":{"footnotes":""},"categories":[1],"tags":[],"class_list":["post-21637","post","type-post","status-publish","format-standard","hentry","category-sin-categoria"],"_links":{"self":[{"href":"https:\/\/www.ecoitaliano.com.ar\/index.php?rest_route=\/wp\/v2\/posts\/21637","targetHints":{"allow":["GET"]}}],"collection":[{"href":"https:\/\/www.ecoitaliano.com.ar\/index.php?rest_route=\/wp\/v2\/posts"}],"about":[{"href":"https:\/\/www.ecoitaliano.com.ar\/index.php?rest_route=\/wp\/v2\/types\/post"}],"author":[{"embeddable":true,"href":"https:\/\/www.ecoitaliano.com.ar\/index.php?rest_route=\/wp\/v2\/users\/1"}],"replies":[{"embeddable":true,"href":"https:\/\/www.ecoitaliano.com.ar\/index.php?rest_route=%2Fwp%2Fv2%2Fcomments&post=21637"}],"version-history":[{"count":0,"href":"https:\/\/www.ecoitaliano.com.ar\/index.php?rest_route=\/wp\/v2\/posts\/21637\/revisions"}],"wp:attachment":[{"href":"https:\/\/www.ecoitaliano.com.ar\/index.php?rest_route=%2Fwp%2Fv2%2Fmedia&parent=21637"}],"wp:term":[{"taxonomy":"category","embeddable":true,"href":"https:\/\/www.ecoitaliano.com.ar\/index.php?rest_route=%2Fwp%2Fv2%2Fcategories&post=21637"},{"taxonomy":"post_tag","embeddable":true,"href":"https:\/\/www.ecoitaliano.com.ar\/index.php?rest_route=%2Fwp%2Fv2%2Ftags&post=21637"}],"curies":[{"name":"wp","href":"https:\/\/api.w.org\/{rel}","templated":true}]}}