{"id":21643,"date":"2022-04-04T22:08:41","date_gmt":"2022-04-04T22:08:41","guid":{"rendered":"http:\/\/www.ecoitaliano.com.ar\/?p=21643"},"modified":"2022-04-04T22:09:08","modified_gmt":"2022-04-04T22:09:08","slug":"idero-presente-en-el-6-congreso-de-la-construccion-argentina-y-en-expo-construir-argentina-2022-en-el-marco-del-6-congreso-de-la-construccion-argentina-lucas-salvatore-director-de-ider","status":"publish","type":"post","link":"https:\/\/www.ecoitaliano.com.ar\/?p=21643","title":{"rendered":"IDERO PRESENTE EN EL 6\u00b0 CONGRESO DE LA CONSTRUCCI\u00d3N ARGENTINA Y EN EXPO CONSTRUIR ARGENTINA 2022"},"content":{"rendered":"<div id='gallery-1' class='gallery galleryid-21643 gallery-columns-3 gallery-size-thumbnail'><figure class='gallery-item'>\n\t\t\t<div class='gallery-icon landscape'>\n\t\t\t\t<a href='https:\/\/www.ecoitaliano.com.ar\/?attachment_id=21644'><img decoding=\"async\" width=\"150\" height=\"150\" src=\"https:\/\/www.ecoitaliano.com.ar\/wp-content\/uploads\/2022\/04\/idero-lucas-salvatore-en-el-6-congreso-de-la-construccion-argentina-2022-150x150.jpeg\" class=\"attachment-thumbnail size-thumbnail\" alt=\"\" srcset=\"https:\/\/www.ecoitaliano.com.ar\/wp-content\/uploads\/2022\/04\/idero-lucas-salvatore-en-el-6-congreso-de-la-construccion-argentina-2022-150x150.jpeg 150w, https:\/\/www.ecoitaliano.com.ar\/wp-content\/uploads\/2022\/04\/idero-lucas-salvatore-en-el-6-congreso-de-la-construccion-argentina-2022-300x300.jpeg 300w, https:\/\/www.ecoitaliano.com.ar\/wp-content\/uploads\/2022\/04\/idero-lucas-salvatore-en-el-6-congreso-de-la-construccion-argentina-2022.jpeg 755w\" sizes=\"(max-width: 150px) 100vw, 150px\" \/><\/a>\n\t\t\t<\/div><\/figure><figure class='gallery-item'>\n\t\t\t<div class='gallery-icon landscape'>\n\t\t\t\t<a href='https:\/\/www.ecoitaliano.com.ar\/?attachment_id=21647'><img decoding=\"async\" width=\"150\" height=\"150\" src=\"https:\/\/www.ecoitaliano.com.ar\/wp-content\/uploads\/2022\/04\/idero-charla-mies-en-expo-construir-7-de-abril11-150x150.jpg\" class=\"attachment-thumbnail size-thumbnail\" alt=\"\" srcset=\"https:\/\/www.ecoitaliano.com.ar\/wp-content\/uploads\/2022\/04\/idero-charla-mies-en-expo-construir-7-de-abril11-150x150.jpg 150w, https:\/\/www.ecoitaliano.com.ar\/wp-content\/uploads\/2022\/04\/idero-charla-mies-en-expo-construir-7-de-abril11-300x300.jpg 300w, https:\/\/www.ecoitaliano.com.ar\/wp-content\/uploads\/2022\/04\/idero-charla-mies-en-expo-construir-7-de-abril11-768x767.jpg 768w, https:\/\/www.ecoitaliano.com.ar\/wp-content\/uploads\/2022\/04\/idero-charla-mies-en-expo-construir-7-de-abril11.jpg 800w\" sizes=\"(max-width: 150px) 100vw, 150px\" \/><\/a>\n\t\t\t<\/div><\/figure><figure class='gallery-item'>\n\t\t\t<div class='gallery-icon landscape'>\n\t\t\t\t<a href='https:\/\/www.ecoitaliano.com.ar\/?attachment_id=21650'><img decoding=\"async\" width=\"150\" height=\"150\" src=\"https:\/\/www.ecoitaliano.com.ar\/wp-content\/uploads\/2022\/04\/idero-charla-bim-en-expo-construir-8-de-abril1-150x150.jpg\" class=\"attachment-thumbnail size-thumbnail\" alt=\"\" srcset=\"https:\/\/www.ecoitaliano.com.ar\/wp-content\/uploads\/2022\/04\/idero-charla-bim-en-expo-construir-8-de-abril1-150x150.jpg 150w, https:\/\/www.ecoitaliano.com.ar\/wp-content\/uploads\/2022\/04\/idero-charla-bim-en-expo-construir-8-de-abril1-300x300.jpg 300w, https:\/\/www.ecoitaliano.com.ar\/wp-content\/uploads\/2022\/04\/idero-charla-bim-en-expo-construir-8-de-abril1.jpg 640w\" sizes=\"(max-width: 150px) 100vw, 150px\" \/><\/a>\n\t\t\t<\/div><\/figure>\n\t\t<\/div>\n\n<p>&nbsp;<\/p>\n<p>&nbsp;<\/p>\n<p align=\"center\"><span style=\"font-family: Calibri, serif;\"><span style=\"font-size: large;\"><b>IDERO PRESENTE EN EL 6\u00b0 CONGRESO DE LA CONSTRUCCI\u00d3N ARGENTINA <\/b><\/span><\/span><\/p>\n<p align=\"center\"><span style=\"font-family: Calibri, serif;\"><span style=\"font-size: large;\"><b>Y EN EXPO CONSTRUIR ARGENTINA 2022<\/b><\/span><\/span><\/p>\n<p align=\"justify\"><span style=\"font-family: Calibri, serif;\">En el marco del <\/span><span style=\"font-family: Calibri, serif;\"><b>6\u00b0 Congreso de la Construcci\u00f3n Argentina<\/b><\/span><span style=\"font-family: Calibri, serif;\">, <\/span><span style=\"font-family: Calibri, serif;\"><b>Lucas Salvatore, Director de IDERO<\/b><\/span><span style=\"font-family: Calibri, serif;\">, junto a reconocidos profesionales de la industria de la construcci\u00f3n, ser\u00e1 uno de los speaker de la charla <\/span><span style=\"font-family: Calibri, serif;\"><b>\u201cNuevas Tecnolog\u00edas para la Construcci\u00f3n\u201d<\/b><\/span><span style=\"font-family: Calibri, serif;\">. La exposici\u00f3n tendr\u00e1 como objetivo analizar sistemas y materiales que est\u00e1n cambiando la forma de construir, as\u00ed como tambi\u00e9n las estrategias de construcci\u00f3n para el Siglo XXI. El evento tendr\u00e1 lugar el d\u00eda <\/span><span style=\"font-family: Calibri, serif;\"><b>jueves 7 de abril a las 18.30hs<\/b><\/span><span style=\"font-family: Calibri, serif;\"> en el Auditorio del Hotel Hilton de Buenos Aires. <\/span><\/p>\n<p align=\"justify\"><span style=\"font-family: Calibri, serif;\">En paralelo, se desarrollar\u00e1 <\/span><span style=\"font-family: Calibri, serif;\"><b>Expo Construir Argentina 2022 en el Hotel Hilton de Buenos Aires,<\/b><\/span><span style=\"font-family: Calibri, serif;\"> donde <\/span><span style=\"font-family: Calibri, serif;\"><b>IDERO<\/b><\/span><span style=\"font-family: Calibri, serif;\"> estar\u00e1 presente con un stand y exhibir\u00e1 sus principales soluciones as\u00ed como tambi\u00e9n las novedades de la compa\u00f1\u00eda. Adem\u00e1s, organiza e invita a los visitantes de la feria, a participar de dos charlas sobre sobre nuevas tecnolog\u00edas para la construcci\u00f3n, el potencial del sistema BIM y su ic\u00f3nica l\u00ednea de casas MIES. <\/span><\/p>\n<p align=\"justify\"><span style=\"font-family: Calibri, serif;\"><b>Exposici\u00f3n<\/b><\/span><span style=\"font-family: Calibri, serif;\"><i><b> \u201cCasas MIES. Viviendas Modernas, Robustas y Sustentables\u201d<\/b><\/i><\/span><span style=\"font-family: Calibri, serif;\"><b>: <\/b><\/span><\/p>\n<p align=\"justify\"><span style=\"font-family: Calibri, serif;\">El d\u00eda <\/span><span style=\"font-family: Calibri, serif;\"><b>jueves 7 de abril a las 15.30hs, <\/b><\/span><span style=\"font-family: Calibri, serif;\">el arquitecto <\/span><span style=\"font-family: Calibri, serif;\"><b>Agustin Moscato, dise\u00f1ador de casas MIES<\/b><\/span><span style=\"font-family: Calibri, serif;\">, estar\u00e1 a cargo de la presentaci\u00f3n sobre la l\u00ednea de casas MIES, viviendas con inspiraci\u00f3n moderna y cuya estructura es construida con Alma de Acero. Sustentabilidad, dise\u00f1o moderno e integraci\u00f3n de la industria con la arquitectura son solo algunos temas que van a ser tratados en la charla. <\/span><\/p>\n<p align=\"justify\"><span style=\"font-family: Calibri, serif;\">Integrando un concepto minimalista y moderno, las casas MIES poseen una estructura met\u00e1lica que se combina con amplias aberturas para permitir conectar con el entorno, que junto al proceso industrializado aseguran precisi\u00f3n, calidad, sustentabilidad, certeza y rapidez de construcci\u00f3n, garantizando la m\u00ednima intervenci\u00f3n del suelo con una estructura met\u00e1lica en perfiles de alta resistencia en un reducido tiempo de obra. <\/span><\/p>\n<p align=\"justify\"><span style=\"font-family: Calibri, serif;\"><b>Exposici\u00f3n<\/b><\/span><span style=\"font-family: Calibri, serif;\"><i><b> \u201cIntegraci\u00f3n del BIM con la construcci\u00f3n industrializada<\/b><\/i><\/span><span style=\"font-family: Calibri, serif;\"><b>\u201d<\/b><\/span><span style=\"font-family: Calibri, serif;\">: <\/span><\/p>\n<p align=\"justify\"><a name=\"_GoBack\"><\/a><span style=\"font-family: Calibri, serif;\">El d\u00eda <\/span><span style=\"font-family: Calibri, serif;\"><b>viernes 8 de abril a las 16:30hs,<\/b><\/span><span style=\"font-family: Calibri, serif;\"> el arquitecto <\/span><span style=\"font-family: Calibri, serif;\"><b>Rodolfo Gowland, director del Estudio GWD Arquitectura y director de TRUST Desarrollos<\/b><\/span><span style=\"font-family: Calibri, serif;\">, expondr\u00e1 diversos temas como el potencial de la metodolog\u00eda BIM, integraci\u00f3n con la construcci\u00f3n industrializada y casos reales en Argentina, entre otros. <\/span><\/p>\n<p align=\"justify\"><span style=\"font-family: Calibri, serif;\">IDERO utiliza metodolog\u00eda BIM en 3D, permitiendo resolver la mayor cantidad de detalles desde la oficina y minimizar los errores en todo el proceso de obra. Esta innovadora metodolog\u00eda permite detectar errores y resolverlos en la oficina, lo que significa ahorrar tiempo y dinero a diferencia de resolverse en obra. <\/span><\/p>\n<p align=\"justify\"><span style=\"font-family: Calibri, serif;\">Ambos d\u00edas contar\u00e1n con una agenda completa de grandes actividades que permitir\u00e1n generar negocios basados en la industria de la construcci\u00f3n en un solo lugar. <\/span><\/p>\n<p align=\"right\"><span style=\"font-family: Calibri, serif;\">Informaci\u00f3n de prensa<\/span><\/p>\n","protected":false},"excerpt":{"rendered":"<p>&nbsp; &nbsp; IDERO PRESENTE EN EL 6\u00b0 CONGRESO DE LA CONSTRUCCI\u00d3N ARGENTINA Y EN EXPO CONSTRUIR ARGENTINA 2022 En el [&hellip;]<\/p>\n","protected":false},"author":1,"featured_media":0,"comment_status":"open","ping_status":"open","sticky":false,"template":"","format":"standard","meta":{"footnotes":""},"categories":[2,10],"tags":[],"class_list":["post-21643","post","type-post","status-publish","format-standard","hentry","category-informacion","category-italiano"],"_links":{"self":[{"href":"https:\/\/www.ecoitaliano.com.ar\/index.php?rest_route=\/wp\/v2\/posts\/21643","targetHints":{"allow":["GET"]}}],"collection":[{"href":"https:\/\/www.ecoitaliano.com.ar\/index.php?rest_route=\/wp\/v2\/posts"}],"about":[{"href":"https:\/\/www.ecoitaliano.com.ar\/index.php?rest_route=\/wp\/v2\/types\/post"}],"author":[{"embeddable":true,"href":"https:\/\/www.ecoitaliano.com.ar\/index.php?rest_route=\/wp\/v2\/users\/1"}],"replies":[{"embeddable":true,"href":"https:\/\/www.ecoitaliano.com.ar\/index.php?rest_route=%2Fwp%2Fv2%2Fcomments&post=21643"}],"version-history":[{"count":0,"href":"https:\/\/www.ecoitaliano.com.ar\/index.php?rest_route=\/wp\/v2\/posts\/21643\/revisions"}],"wp:attachment":[{"href":"https:\/\/www.ecoitaliano.com.ar\/index.php?rest_route=%2Fwp%2Fv2%2Fmedia&parent=21643"}],"wp:term":[{"taxonomy":"category","embeddable":true,"href":"https:\/\/www.ecoitaliano.com.ar\/index.php?rest_route=%2Fwp%2Fv2%2Fcategories&post=21643"},{"taxonomy":"post_tag","embeddable":true,"href":"https:\/\/www.ecoitaliano.com.ar\/index.php?rest_route=%2Fwp%2Fv2%2Ftags&post=21643"}],"curies":[{"name":"wp","href":"https:\/\/api.w.org\/{rel}","templated":true}]}}