{"id":21653,"date":"2022-04-04T23:28:04","date_gmt":"2022-04-04T23:28:04","guid":{"rendered":"http:\/\/www.ecoitaliano.com.ar\/?p=21653"},"modified":"2022-04-04T23:28:04","modified_gmt":"2022-04-04T23:28:04","slug":"serena-conduce-operaclassica-eco-italiano-1402","status":"publish","type":"post","link":"https:\/\/www.ecoitaliano.com.ar\/?p=21653","title":{"rendered":"Serena conduce operaclassica eco italiano."},"content":{"rendered":"<p><a href=\"http:\/\/www.ecoitaliano.com.ar\/wp-content\/uploads\/2022\/04\/image001.png\"><img decoding=\"async\" class=\"alignnone size-full wp-image-21654\" src=\"http:\/\/www.ecoitaliano.com.ar\/wp-content\/uploads\/2022\/04\/image001.png\" alt=\"\" width=\"343\" height=\"46\" srcset=\"https:\/\/www.ecoitaliano.com.ar\/wp-content\/uploads\/2022\/04\/image001.png 343w, https:\/\/www.ecoitaliano.com.ar\/wp-content\/uploads\/2022\/04\/image001-300x40.png 300w, https:\/\/www.ecoitaliano.com.ar\/wp-content\/uploads\/2022\/04\/image001-150x20.png 150w\" sizes=\"(max-width: 343px) 100vw, 343px\" \/><\/a><\/p>\n<p style=\"font-weight: 400;\"><strong>Il Teatro del Maggio ha dato notizia di alcuni importanti cambiamenti nella programmazione.<\/strong><\/p>\n<p style=\"font-weight: 400;\"><strong>Il maestro Franz Welser-M\u00f6st ha cancellato la sua presenza a Firenze a causa di una indisposizione<\/strong>.<\/p>\n<p style=\"font-weight: 400;\"><strong>Al suo posto, sul podio, i maestri Theodor Guschlbauer il 6 aprile e Mark Philip Elder, il 9 a Orvieto e il 10 aprile in Sala Mehta al Maggio.<\/strong><\/p>\n<p style=\"font-weight: 400;\">\n<p style=\"font-weight: 400;\"><u>Il ricavato del concerto del 10 aprile \u00e8 destinato al Comune di Firenze per il sostegno dei profughi ucraini in Citt\u00e0<\/u>.<\/p>\n<p style=\"font-weight: 400;\">\n<p style=\"font-weight: 400;\"><strong>Il maestro Zubin Mehta, direttore emerito del Maggio, non diriger\u00e0 l\u2019opera\u00a0<em>Le nozze di Figaro<\/em>\u00a0in programma nel corso del Festival.<\/strong><\/p>\n<p style=\"font-weight: 400;\"><strong>Il maestro Marc Minkowski lo sostituir\u00e0 alla direzione. Il maestro Mehta rispetter\u00e0 i suoi appuntamenti sinfonici, con un solo cambio di data.<\/strong><\/p>\n<p style=\"font-weight: 400;\">\n<p style=\"font-weight: 400;\">\n<p style=\"font-weight: 400;\"><em>Firenze 4 aprile 2022<\/em>\u00a0\u2013 Il sovrintendente del Maggio Musicale Fiorentino\u00a0<strong>Alexander Pereira<\/strong>, nel corso di una conferenza stampa, ha dato notizia di alcuni importanti cambiamenti nella programmazione della Stagione Sinfonica in corso e di un altrettanto importante cambiamento del calendario dell\u201984esima edizione del Festival del Maggio che riguarda il direttore emerito a vita del Maggio, maestro Zubin Mehta. Il sovrintendente ha informato che per una indisposizione il maestro Franz Welser-M\u00f6st, ha cancellato i suoi impegni con il Maggio Fiorentino. \u00a0Il maestro Welser-M\u00f6st, avrebbe dovuto dirigere gli ultimi due appuntamenti sinfonici in programma il 6 e 10 aprile alle ore 20 \u00a0nella Sala Mehta, prima dell\u2019avvio dell\u201984esima edizione del Festival, oltre al concerto pasquale nel Duomo di Orvieto, il 9 aprile.<\/p>\n<p style=\"font-weight: 400;\">\n<p style=\"font-weight: 400;\">Il concerto del 6 aprile sar\u00e0 diretto dal maestro\u00a0<strong><u>Theodor Guschlbauer.<\/u><\/strong><u>\u00a0<\/u>Il maestro Guschlbauer torna sul podio del Teatro del Maggio dopo oltre 20 anni dalla sua ultima direzione, quando nel settembre del 2000 diresse\u00a0<em>Die Zauberfl\u00f6te<\/em>\u00a0di Wolfgang Amadeus Mozart, per la regia di Julie Taymor.\u00a0 Il programma del concerto in locandina il 6 aprile\u00a0<u>resta confermato integralmente<\/u>\u00a0(Franz Schubert, Sinfonia n. 2 in si bemolle maggiore D. 125 &#8211; Robert Schumann, Concerto in la minore op. 129 per violoncello e orchestra, violoncello solista\u00a0<strong>Julia Hagen \u2013\u00a0<\/strong>Franz Schubert Sinfonia n. 3 in re maggiore D. 200).\u00a0<u>Sar\u00e0 poi il maestro sir\u00a0<strong>Mark Philip Elder<\/strong><\/u>\u00a0\u00a0&#8211; che torna anche lui al Maggio dopo quasi un ventennio: il maestro diresse infatti l\u2019opera\u00a0<em>Il Trovatore<\/em>\u00a0di Giuseppe Verdi, con regia di Pier Luigi Pizzi nel settembre \u00a02003\u00a0 &#8211;\u00a0 a sostituire Welser-M\u00f6st.\u00a0<u>Sir Mark Philip<\/u>\u00a0sar\u00e0 impegnato prima il 9 aprile nel Duomo di Orvieto alle ore 18 (il concerto sar\u00e0 registrato da Rai 1 e trasmesso il 15 aprile \u2013 venerd\u00ec santo &#8211; \u00a0in differita) e poi il 10 aprile alle ore 20 nella Sala Mehta del Teatro del Maggio.\u00a0<u>Il programma diretto dal maestro Elder<\/u>\u00a0sar\u00e0 differente da quello inizialmente annunciato per il concerto diretto dal maestro Welser-M\u00f6st.<\/p>\n<p style=\"font-weight: 400;\">Verranno eseguiti il Preludio dall\u2019oratorio\u00a0<em>Die Sch\u00f6pfung,<\/em>\u00a0\u00a0\u201cLa Creazione\u201d, di Franz Joseph Haydn, l\u2019aria \u201cAh, lo previdi! Ah, t\u2019invola agli occhi miei\u201d in do minore K272 di Wolfgang Amadeus Mozart per soprano solo e orchestra, solista\u00a0<strong>Mandy Fredrich<\/strong>\u00a0e \u00a0&#8211; \u201cmai tanto adatta in questo periodo di forti tensioni belliche in cui l\u2019invocazione finale \u00e8\u00a0<em>dona nobis pacem<\/em>\u201d ha detto Pereira \u00a0&#8211; la Messa n. 9 in Do Magg (<em>Missa in Tempore Belli<\/em>) \u00abPaukenmesse\u00bb di Franz Joseph Haydn con le voci soliste di\u00a0<strong>Mandy Fredrich<\/strong>,\u00a0<strong>Marie Claude Chappuis<\/strong>,\u00a0<strong>Matthew Swensen<\/strong>,\u00a0<strong>Alessandro Luongo<\/strong>. Orchestra e Coro del Maggio Musicale Fiorentino. Direttore del Coro Lorenzo Fratini.<\/p>\n<p style=\"font-weight: 400;\"><u>Il sovrintendente ha annunciato che il ricavato del concerto verr\u00e0 devoluto al Comune di Firenze per le iniziative che la Citt\u00e0 sta organizzando per il sostegno dei profughi ucraini a Firenze<\/u>.<\/p>\n<p style=\"font-weight: 400;\">\n<p style=\"font-weight: 400;\">Dopo questo annuncio il sovrintendente Pereira ha dato notizia che il direttore emerito a vita del Maggio, maestro\u00a0<strong>Zubin Mehta<\/strong>, dovr\u00e0 sottoporsi, a Los Angeles, a un intervento chirurgico ortopedico alla spalla destra, non pi\u00f9 rimandabile. Gli impegni nel Festival del Maggio del maestro Mehta subiranno quindi delle variazioni e il maestro purtroppo non potr\u00e0 dirigere l\u2019opera\u00a0<em>Le nozze di Figaro<\/em>\u00a0di Wolfgang Amadeus Mozart, in programma al Teatro della Pergola. Il celebre allestimento con la regia di Jonathan Miller del 1992, messo in scena anche nel 2010, sar\u00e0 ripreso di Georg Rootering. \u00a0Al posto del maestro Mehta che diresse le due edizioni precedenti \u00e8 stato chiamato e ha dato la sua disponibilit\u00e0, uno dei pi\u00f9 eminenti direttori mozartiani, il maestro\u00a0<strong>Marc Minkowski<\/strong>\u00a0che solo lo scorso 20 marzo aveva diretto con grande successo un concerto sinfonico per la Stagione sinfonica 21\/22. Le date delle rappresentazioni subiranno alcune modifiche:\u00a0<u>la prima rappresentazione viene anticipata al 7 maggio<\/u>\u00a0e le repliche sono previste il 14, 15 e 19 maggio.<\/p>\n<p style=\"font-weight: 400;\">\n<p style=\"font-weight: 400;\">Il maestro Mehta con l\u2019eccezione del suo impegno operistico, rispetter\u00e0 tutti gli appuntamenti sinfonici previsti\u00a0<u>con l\u2019unica variazione del cambio di data relativo al primo concerto<\/u>. Il maestro Mehta avrebbe dovuto dirigerlo il 30 aprile, e verr\u00e0 probabilmente spostato al mese di giugno in una data che si sta cercando di individuare e che sar\u00e0 comunicata non appena possibile . In programma la Sinfonia n.1\u00a0<em>Titan<\/em>\u00a0di Gustav Mahler e di Richard Strauss il poema sinfonico\u00a0<em>Also sprach Zarathustra<\/em>, op.30. \u201cSe ci\u00f2 non sar\u00e0 possibile &#8211; \u00a0ha detto il sovrintendente &#8211; \u00a0sar\u00e0 un\u2019altra bacchetta a salire sul podio\u201d.<\/p>\n<p style=\"font-weight: 400;\">Restano confermati il concerto del 26 maggio con le ultime tre sinfonie mozartiane, 39 in mi bem. magg. K543, 40 in sol min. K550 e 41 in do magg. K551\u00a0<em>Jupiter<\/em>\u00a0e tutti i concerti successivi al Maggio. Il maestro Mehta \u00a0&#8211; ha annunciato Pereira &#8211; con l\u2019orchestra del Maggio sar\u00e0 poi a Vienna al Musikverein il 19 giugno con lo stesso programma mozartiano. \u00c8 altrettanto confermato l\u2019importante concerto offerto alla Citt\u00e0 il 14 luglio quando il maestro Mehta diriger\u00e0 la Nona sinfonia di Ludwig van Beethoven (solisti\u00a0<strong>Mandy Fredrich<\/strong>,\u00a0<strong>Marie Claude Chappuis<\/strong>,\u00a0<strong>AJ Glueckert<\/strong>,\u00a0<strong>Florian Boesch<\/strong>) e poi il concerto conclusivo del Festival il 14 luglio con in programma di Ludwig van Beethoven\u00a0<em>Die Gesch\u00f6pfe des Prometheus<\/em>\u00a0(Le creature di Prometeo), ouverture ed estratti, di P\u00ebtr Il&#8217;i\u010d \u010cajkovskij le Variazioni su un tema rococ\u00f2 per violoncello e orchestra op. 33 con\u00a0<strong>Antonio Meneses<\/strong>\u00a0solista la violoncello e sempre di \u010cajkovskij la Sinfonia n. 4 in fa minore op. 36<\/p>\n<p style=\"font-weight: 400;\">\n<p style=\"font-weight: 400;\">Il Teatro del Maggio ringrazia il maestro Theodor Guschlbauer, il maestro sir Mark Philip Elder e il maestro Marc Minkowski \u00a0per la loro disponibilit\u00e0 e augura con tutto il cuore al caro maestro Mehta un rapido recupero della sua forma e lo attende, con tutto il pubblico, nella sua Firenze e nel suo Teatro.<\/p>\n<p style=\"font-weight: 400;\">\n<p style=\"font-weight: 400;\">\n<p style=\"font-weight: 400;\">\n<p style=\"font-weight: 400;\">\n<p style=\"font-weight: 400;\"><strong>Paolo Klun<\/strong><\/p>\n<p style=\"font-weight: 400;\"><em>Responsabile<\/em><\/p>\n<p style=\"font-weight: 400;\"><em>Ufficio Stampa &amp; Media- Comunicazione<\/em><\/p>\n<p style=\"font-weight: 400;\">Maggio Musicale Fiorentino<\/p>\n<p style=\"font-weight: 400;\">Piazza Vittorio Gui 1\u00a0 &#8211; 50123 Firenze<\/p>\n<p style=\"font-weight: 400;\">tel. + 39 055 2779.251<\/p>\n<p style=\"font-weight: 400;\"><a href=\"http:\/\/www.maggiofiorentino.com\/\">www.maggiofiorentino.com<\/a><\/p>\n<p style=\"font-weight: 400;\">MARC MINKOWSKI<br \/>\nSvolge un\u2019intensa attivit\u00e0 nella promozione della musica classica, nel duplice ruolo di direttore d\u2019orchestra e di dirigente in ambito artistico. Fondatore e Direttore artistico dell\u2019Orchestra Les Musiciens du Louvre nel 1982, ha creato, nel 2011, il R\u00e9 Majeure Festival sull\u2019\u00cele de R\u00e9 (sulla costa atlantica francese). \u00c8 stato General Manager dell\u2019Op\u00e9ra national de Bordeaux dal 2016 al 2021, Artistic Advisor della Kanazawa Orchestra (in Giappone) dal settembre 2018 e Direttore artistico della Mozartwoche a Salisburgo dal 2013 al 2017. Nel 2018, \u00e8 stato nominato Chevalier de la L\u00e9gion d\u2019Honneur. Dopo aver studiato fagotto, Marc Minkowski ha iniziato giovanissimo la carriera di direttore d\u2019orchestra e ha partecipato, in seguito, all\u2019Accademia di Charles Bruck alla Pierre Monteux Memorial School ad Hancock nel Maine. A 19 anni, ha fondato Les Musiciens du Louvre, un ensemble che ha svolto un ruolo importante nel revival della musica barocca. Sotto la sua direzione, Les Musiciens du Louvre hanno interpretato il Barocco francese e le musiche di H\u00e4ndel, ampliando quindi il loro repertorio alle opera di Mozart, Rossini, Offenbach, Bizet e Wagner. Marc Minkowski \u00e8 ospite regolarmente dei pi\u00f9 importanti teatri d\u2019opera e delle pi\u00f9 prestigiose sale da concerto internazionali: a Parigi, ha diretto Idomeneo, Plat\u00e9e, Die Zauberfl\u00f6te, Ariodante, Giulio Cesare, Iphig\u00e9nie en<br \/>\nTauride, Mireille e Alceste all\u2019Op\u00e9ra; La belle H\u00e9l\u00e8ne, La GrandeDuchesse de G\u00e9rolstein, Carmen e Die Feen di Wagner al Th\u00e9\u00e2tre du Ch\u00e2telet; La Dame blanche, Pell\u00e9as et M\u00e9lisande, Cendrillon, Die Fledermaus, M\u00e2rouf, savetier du Caire di Henri Rabaud e Manon all\u2019Op\u00e9ra Comique, e al Festival di Salisburgo (Die Entf\u00fchrung aus dem Serail, Mitridate, re di Ponto, Cos\u00ec fan tutte, Lucio Silla e Die Fledermaus). Tra gli altri suoi impegni internazionali, ricordiamo: Don Giovanni a San Francisco; Les Huguenots a Ginevra; Les Huguenots, Hamlet e Il trovatore alla Monnaie di Bruxelles; Pell\u00e9as et M\u00e9lisande al Teatro Stanislavski di Mosca (per la prima rappresentazione, pluripremiata, su un palcoscenico russo); Hamlet, Fidelio, Le nozze di Figaro e Der fliegende Holl\u00e4nder al Theater an der Wien; Alcina e Armide di Gluck alla Wiener Staatsoper; L\u2019incoronazione di Poppea, Le nozze di Figaro, Die Entf\u00fchrung aus dem Serail, Idomeneo, Don Giovanni, Les Bor\u00e9ades e Il turco in Italia a Aix-en-Provence, oltre a ulteriori presenze nei teatri di Zurigo, Venezia, Berlino e Amsterdam. Inoltre, dalla Stagione 2014-2015, ha diretto alla Royal Opera House, Covent Garden di Londra (Idomeneo, La traviata, Don Giovanni), nonch\u00e9 al Teatro alla Scala di Milano (Lucio Silla, L\u2019Enfant et les Sortil\u00e8ges e L\u2019heure espagnole) e all\u2019Op\u00e9ra national de Bordeaux (Pell\u00e9as et M\u00e9lisande, La vie parisienne, Il barbiere di Siviglia, Manon e Carmen). Marc Minkowski \u00e8 apprezzatissimo anche in ambito sinfonico e ha diretto celebri orchestra, tra le quali: Deutsches Symphonie-Orchester Berlin, Staatskapelle Dresden, Berliner Philharmoniker, Salzburg Mozarteum Orchestra, Wiener Philharmoniker, Wiener Symphoniker, Bamberger Symphoniker, Mahler Chamber Orchestra, Orquestra Simf\u00f2nica del Gran Teatre del Liceu di Barcellona, BBC Symphony, City of Birmingham Symphony, Kanazawa Orchestra, Tokyo Metropolitan Symphony Orchestra, Cleveland Orchestra, Los Angeles Philharmonic, SWR Symphonieorchester Stuttgart, Swedish Radio Orchestra, Finnish Radio Orchestra, Basel Chamber Orchestra, Chamber Orchestra of Europe, Orchestre national du Capitole de Toulouse e Mariinsky Orchestra. Il suo vasto repertorio spazia da Rameau ad Adams e le sue incisioni includono, fra le altre, l\u2019integrale delle Sinfonie di Schubert; le Sinfonie \u201clondinesi\u201d di Haydn; le Sinfonia n. 40 e 41 di Mozart e la Symphonie Fantastique di Berlioz. \u00c8 stato inoltre un precursore nell\u2019abbinare l\u2019equitazione con la musica classica, creando numerosi shows con la compagnia equestre Bartabas. Tra i principali impegni della stagione 2021\/22, ricordiamo Les contes d\u2019Hoffmann a Valencia, la trilogia Mozart\/Da Ponte al Liceu di Barcellona e all\u2019Op\u00e9ra national di Bordeaux, Plat\u00e9e all\u2019Op\u00e9ra di Parigi e Robert le diable ancora e Bordeaux, mentre in concerto \u00e8 sul podio della Orquesta National de Espa\u00f1a, della SWR Symphonieorchester Stuttgart, dell\u2019Orchestra Sinfonica Giovanile Nazionale Russa, del Kanazawa Ensemble e dell\u2019Orchestra Sinfonica di Tours.<\/p>\n<p>Sir Mark Philip Elder<\/p>\n<p>Sir Mark Elder \u00e8 Direttore Musicale della Hall\u00e9 dal settembre 2000 e diventer\u00e0 Direttore Ospite Principale dell&#8217;Orchestra Filarmonica di Bergen nel settembre 2022. \u00c8 stato Direttore Musicale della English National Opera (1979-1993), Direttore Ospite Principale della Citt\u00e0 di Birmingham Symphony Orchestra (1992 \u2013 1995) e Direttore Musicale della Rochester Philharmonic Orchestra, USA (1989 \u2013 1994). Ha ricoperto incarichi come Direttore Ospite Principale della BBC Symphony Orchestra e dei London Mozart Players.<\/p>\n<p>Ha lavorato con le pi\u00f9 importanti orchestre sinfoniche del mondo, tra cui la Filarmonica di Berlino, l&#8217;Orchestre de Paris, la Chicago Symphony, la Boston Symphony, la Royal Concertgebouw, la Budapest Festival Orchestra e la London Philharmonic. \u00c8 un artista principale dell&#8217;Orchestra of the Age of Enlightenment e lavora regolarmente con la London Symphony Orchestra. \u00c8 apparso ogni anno ai Proms per molti anni, tra cui nel 1987 e nel 2006, Last Night of the Proms trasmesso in televisione a livello internazionale e dal 2003 con la Hall\u00e9 Orchestra.<\/p>\n<p>Lavora regolarmente nei pi\u00f9 importanti teatri d&#8217;opera internazionali, tra cui il Royal Opera House Covent Garden, Metropolitan Opera New York, Op\u00e9ra National de Paris, Lyric Opera Chicago, Glyndebourne Festival Opera. Altri impegni come ospiti lo hanno portato al Festival di Bayreuth (dove \u00e8 stato il primo direttore d&#8217;orchestra inglese a dirigere una nuova produzione), Monaco, Amsterdam, Zurigo, Ginevra, Berlino e al Festival di Bregenz.<\/p>\n<p>Sir Mark Philip Elder ha effettuato numerose registrazioni con orchestre tra cui la Hall\u00e9, London Philharmonic, Royal Concertgebouw Orchestra, City of Birmingham Symphony Orchestra, BBC Symphony, OAE, Orchestra of the Royal Opera House ed ENO, in un repertorio che spazia tra Verdi, Strauss e Wagner alla musica contemporanea. Nel 2003 la Hall\u00e9 ha lanciato la propria etichetta di CD e le pubblicazioni hanno riscosso il plauso universale della critica, culminando con i Gramophone Awards per The dream of Geronitus di Edward Elgar nel 2009 e G\u00f6tterd\u00e4mmerung di Richard Wagner e il Concerto per violino e orchestra sempre di Edward Elgar nel 2010, oltre ad aver vinto il premio \u201cregistrazione dell&#8217;anno\u201d nel 2013 del BBC Music Magazine. La recente uscita di\u00a0Siegfried\u00a0ha completato la sua Tetralogia su disco con la Hall\u00e9. Una registrazione dal vivo di\u00a0Lohengrin\u00a0\u00e8 stata recentemente pubblicata dalla Royal Concertgebouw Orchestra.<\/p>\n<p>Le apparizioni televisive includono un film in due parti sulla vita e la musica di Giuseppe Verdi per la BBC TV nel 1994 e un progetto simile su Gaetano Donizetti per la televisione tedesca nel 1996. Nel novembre 2011 ha co-presentato la serie in quattro parti della BBCTV Symphony e nel 2012 \u00e8 stato il frontman della BBC2 Serie TV Maestro all&#8217;Opera. Ha presentato una serie di programmi TV su BBC4 durante i Proms 2015 in cui ha parlato di otto sinfonie che vanno da Ludwig van Beethoven a MacMillan con esibizioni dei concerti della stagione.<\/p>\n<p>\u00c8 stato Direttore Artistico dell&#8217;Opera Rara dal 2011 al 2019 per la quale le sue numerose registrazioni includevano i progetti discografici di Gaetano Donizetti\u00a0Dom S\u00e9bastien,\u00a0Imelda de\u2019 Lambertazzi, Linda di Chamounix,\u00a0Maria di Rohan, una pluripremiata pubblicazione di\u00a0Les Martyrs\u00a0e, pi\u00f9 recentemente,\u00a0Semiramide\u00a0di Gioachino Rossini.<\/p>\n<p>I recenti e imminenti impegni di concerti, oltre al suo impegno con la Hall\u00e9, includono concerti con la Pittsburgh e Cincinnati Symphony, National Symphony Orchestra Washington, London Symphony Orchestra, London Philharmonic Orchestra, Netherlands Radio Philharmonic, Rotterdam Philharmonic, Bergen Philharmonic, Budapest Festival Orchestra, Orchestra dell&#8217;Accademia Nazionale di Santa Cecilia a Roma e la Vienna Symphony. Gli impegni operistici includono una performance completa di\u00a0Parsifal\u00a0ai BBC Proms con la Hall\u00e9,\u00a0Tannh\u00e4user\u00a0e\u00a0La boh\u00e8me\u00a0all&#8217;Op\u00e9ra National de Paris,\u00a0Benvenuto Cellini\u00a0per la Dutch National Opera,\u00a0Die Meistersinger von N\u00fcrnberg\u00a0per l&#8217;Opera di San Francisco,\u00a0Billy Budd,\u00a0Falstaff\u00a0e\u00a0La Traviata\u00a0per Glyndebourne, diverse produzioni per il Covent Garden tra cui\u00a0Wozzeck,\u00a0Fidelio,\u00a0La\u00a0boh\u00e8me,\u00a0Il\u00a0Barbiere\u00a0di Siviglia e\u00a0L&#8217;Etoile\u00a0e concerti di\u00a0Lohengrin\u00a0con la Royal Concertgebouw Orchestra. Ha aperto la stagione del Met a New York nel settembre 2018 con una nuova produzione di\u00a0Samson et Dalila. Ritorna a Covent Garden nel 2022 per una nuova produzione di Peter Grimes.<\/p>\n<p>Sir Mark Elder \u00e8 stato nominato Companion of Honor nel 2017 Queen&#8217;s Birthday Honours, ed \u00e8 stato nominato cavaliere nel 2008 e insignito del CBE nel 1989. Ha vinto un Olivier Award nel 1991 per il suo eccezionale lavoro presso ENO e nel maggio 2006 \u00e8 stato nominato Direttore dell\u2019Anno dalla Royal Philharmonic Society. Nel 2011 \u00e8 stato nominato membro onorario della Royal Philharmonic Society.<\/p>\n<p>Theodor Guschlbauer<\/p>\n<p>Nato a Vienna, ha studiato pianoforte, violoncello, composizione e direzione d\u2019orchestra con Hans Swarowsky, Lovro von Mata\u0107i\u0107 e Herbert von Karajan.<\/p>\n<p>La sua carriera internazionale, iniziata con il debutto alla Wiener Volksoper nel 1964, \u00e8 proseguita in breve tempo con autorevoli e frequenti presenze nei maggiori teatri e sale da concerto d\u2019Europa. Europa.<\/p>\n<p>Dal 1969 al 1975 \u00e8 stato direttore stabile dell\u2019Op\u00e9ra di Lione in Francia, ricoprendo in seguito l\u2019incarico di Generalmusikdirektor a Linz.<\/p>\n<p>Dal 1983 al 1998 \u00e8 stato direttore artistico e stabile della Filarmonica di Strasburgo e, in seguito, dell\u2019Orchestra Filarmonica della Renania.<\/p>\n<p>Nel corso della sua carriera ha collaborato con le orchestre di Vienna, Berlino, Amsterdam, Londra, Ginevra, M\u00f2naco di Baviera, Madrid, Parigi, Mosca, Torino, Genova, Roma, Napoli e Palermo, oltre con i principi compagini degli Stati Uniti e del Giappone.<\/p>\n<p>Il suo repertorio include numerose opere liriche che ha diretto nei teatri di Amburgo, Vienna, Parigi, Firenze, Lisbona, Ginevra, Zurigo e Tokio in occasione di importanti festival internazionali tra cui quelli di Salisburgo, Praga, Lucerna, Montreux,\u00e4 Bregenz, Wexford e Savonlinna, nonch\u00e9 al Festival delle Fiandre e al Maggio Mucicale Fiorentino.<\/p>\n<p>Ha ricevuto numerosi riconoscimenti alla carriera e per sua attivit\u00e1 artistica, tra cui il Premio Mozart della Fondazione Goethe di Basilea, la Croce d\u2019Onore per le Scienze e le Arti della Repubblica Austriaca e la L\u00e9gion d\u2019Honneur della Repubblica Francese.<\/p>\n<p><a href=\"http:\/\/www.ecoitaliano.com.ar\/wp-content\/uploads\/2022\/04\/1-5.jpg\"><img decoding=\"async\" class=\"alignnone size-full wp-image-21655\" src=\"http:\/\/www.ecoitaliano.com.ar\/wp-content\/uploads\/2022\/04\/1-5.jpg\" alt=\"\" width=\"1228\" height=\"819\" srcset=\"https:\/\/www.ecoitaliano.com.ar\/wp-content\/uploads\/2022\/04\/1-5.jpg 1228w, https:\/\/www.ecoitaliano.com.ar\/wp-content\/uploads\/2022\/04\/1-5-300x200.jpg 300w, https:\/\/www.ecoitaliano.com.ar\/wp-content\/uploads\/2022\/04\/1-5-768x512.jpg 768w, https:\/\/www.ecoitaliano.com.ar\/wp-content\/uploads\/2022\/04\/1-5-1024x683.jpg 1024w, https:\/\/www.ecoitaliano.com.ar\/wp-content\/uploads\/2022\/04\/1-5-150x100.jpg 150w\" sizes=\"(max-width: 1228px) 100vw, 1228px\" \/><\/a><\/p>\n<p><a href=\"http:\/\/www.ecoitaliano.com.ar\/wp-content\/uploads\/2022\/04\/2-5.jpg\"><img decoding=\"async\" class=\"alignnone size-full wp-image-21659\" src=\"http:\/\/www.ecoitaliano.com.ar\/wp-content\/uploads\/2022\/04\/2-5.jpg\" alt=\"\" width=\"819\" height=\"1228\" srcset=\"https:\/\/www.ecoitaliano.com.ar\/wp-content\/uploads\/2022\/04\/2-5.jpg 819w, https:\/\/www.ecoitaliano.com.ar\/wp-content\/uploads\/2022\/04\/2-5-200x300.jpg 200w, https:\/\/www.ecoitaliano.com.ar\/wp-content\/uploads\/2022\/04\/2-5-768x1152.jpg 768w, https:\/\/www.ecoitaliano.com.ar\/wp-content\/uploads\/2022\/04\/2-5-683x1024.jpg 683w, https:\/\/www.ecoitaliano.com.ar\/wp-content\/uploads\/2022\/04\/2-5-100x150.jpg 100w\" sizes=\"(max-width: 819px) 100vw, 819px\" \/><\/a><\/p>\n<p><a href=\"http:\/\/www.ecoitaliano.com.ar\/wp-content\/uploads\/2022\/04\/3-2.jpg\"><img decoding=\"async\" class=\"alignnone size-full wp-image-21657\" src=\"http:\/\/www.ecoitaliano.com.ar\/wp-content\/uploads\/2022\/04\/3-2.jpg\" alt=\"\" width=\"1024\" height=\"1024\" srcset=\"https:\/\/www.ecoitaliano.com.ar\/wp-content\/uploads\/2022\/04\/3-2.jpg 1024w, https:\/\/www.ecoitaliano.com.ar\/wp-content\/uploads\/2022\/04\/3-2-150x150.jpg 150w, https:\/\/www.ecoitaliano.com.ar\/wp-content\/uploads\/2022\/04\/3-2-300x300.jpg 300w, https:\/\/www.ecoitaliano.com.ar\/wp-content\/uploads\/2022\/04\/3-2-768x768.jpg 768w\" sizes=\"(max-width: 1024px) 100vw, 1024px\" \/><\/a><\/p>\n<p><a href=\"http:\/\/www.ecoitaliano.com.ar\/wp-content\/uploads\/2022\/04\/4-2.jpg\"><img decoding=\"async\" class=\"alignnone size-full wp-image-21658\" src=\"http:\/\/www.ecoitaliano.com.ar\/wp-content\/uploads\/2022\/04\/4-2.jpg\" alt=\"\" width=\"1024\" height=\"1024\" srcset=\"https:\/\/www.ecoitaliano.com.ar\/wp-content\/uploads\/2022\/04\/4-2.jpg 1024w, https:\/\/www.ecoitaliano.com.ar\/wp-content\/uploads\/2022\/04\/4-2-150x150.jpg 150w, https:\/\/www.ecoitaliano.com.ar\/wp-content\/uploads\/2022\/04\/4-2-300x300.jpg 300w, https:\/\/www.ecoitaliano.com.ar\/wp-content\/uploads\/2022\/04\/4-2-768x768.jpg 768w\" sizes=\"(max-width: 1024px) 100vw, 1024px\" \/><\/a><\/p>\n","protected":false},"excerpt":{"rendered":"<p>Il Teatro del Maggio ha dato notizia di alcuni importanti cambiamenti nella programmazione. Il maestro Franz Welser-M\u00f6st ha cancellato la [&hellip;]<\/p>\n","protected":false},"author":1,"featured_media":0,"comment_status":"open","ping_status":"open","sticky":false,"template":"","format":"standard","meta":{"footnotes":""},"categories":[1],"tags":[],"class_list":["post-21653","post","type-post","status-publish","format-standard","hentry","category-sin-categoria"],"_links":{"self":[{"href":"https:\/\/www.ecoitaliano.com.ar\/index.php?rest_route=\/wp\/v2\/posts\/21653","targetHints":{"allow":["GET"]}}],"collection":[{"href":"https:\/\/www.ecoitaliano.com.ar\/index.php?rest_route=\/wp\/v2\/posts"}],"about":[{"href":"https:\/\/www.ecoitaliano.com.ar\/index.php?rest_route=\/wp\/v2\/types\/post"}],"author":[{"embeddable":true,"href":"https:\/\/www.ecoitaliano.com.ar\/index.php?rest_route=\/wp\/v2\/users\/1"}],"replies":[{"embeddable":true,"href":"https:\/\/www.ecoitaliano.com.ar\/index.php?rest_route=%2Fwp%2Fv2%2Fcomments&post=21653"}],"version-history":[{"count":0,"href":"https:\/\/www.ecoitaliano.com.ar\/index.php?rest_route=\/wp\/v2\/posts\/21653\/revisions"}],"wp:attachment":[{"href":"https:\/\/www.ecoitaliano.com.ar\/index.php?rest_route=%2Fwp%2Fv2%2Fmedia&parent=21653"}],"wp:term":[{"taxonomy":"category","embeddable":true,"href":"https:\/\/www.ecoitaliano.com.ar\/index.php?rest_route=%2Fwp%2Fv2%2Fcategories&post=21653"},{"taxonomy":"post_tag","embeddable":true,"href":"https:\/\/www.ecoitaliano.com.ar\/index.php?rest_route=%2Fwp%2Fv2%2Ftags&post=21653"}],"curies":[{"name":"wp","href":"https:\/\/api.w.org\/{rel}","templated":true}]}}