{"id":21691,"date":"2022-04-06T21:25:17","date_gmt":"2022-04-06T21:25:17","guid":{"rendered":"http:\/\/www.ecoitaliano.com.ar\/?p=21691"},"modified":"2022-04-06T21:25:17","modified_gmt":"2022-04-06T21:25:17","slug":"niente-di-nuovo-sotto-il-sole-la-guerra-e-un-crimine-di-paolo-de-angelis","status":"publish","type":"post","link":"https:\/\/www.ecoitaliano.com.ar\/?p=21691","title":{"rendered":"NIENTE DI NUOVO SOTTO IL SOLE, LA GUERRA E\u2019 UN CRIMINE &#8211; di Paolo De Angelis"},"content":{"rendered":"<p><a href=\"http:\/\/www.ecoitaliano.com.ar\/wp-content\/uploads\/2022\/04\/Stalag-VIII-C-Sagan.jpeg\"><img decoding=\"async\" class=\"alignnone size-full wp-image-21692\" src=\"http:\/\/www.ecoitaliano.com.ar\/wp-content\/uploads\/2022\/04\/Stalag-VIII-C-Sagan.jpeg\" alt=\"\" width=\"729\" height=\"428\" srcset=\"https:\/\/www.ecoitaliano.com.ar\/wp-content\/uploads\/2022\/04\/Stalag-VIII-C-Sagan.jpeg 729w, https:\/\/www.ecoitaliano.com.ar\/wp-content\/uploads\/2022\/04\/Stalag-VIII-C-Sagan-300x176.jpeg 300w, https:\/\/www.ecoitaliano.com.ar\/wp-content\/uploads\/2022\/04\/Stalag-VIII-C-Sagan-150x88.jpeg 150w\" sizes=\"(max-width: 729px) 100vw, 729px\" \/><\/a><\/p>\n<div id='gallery-1' class='gallery galleryid-21691 gallery-columns-3 gallery-size-thumbnail'><figure class='gallery-item'>\n\t\t\t<div class='gallery-icon landscape'>\n\t\t\t\t<a href='https:\/\/www.ecoitaliano.com.ar\/?attachment_id=21693'><img decoding=\"async\" width=\"150\" height=\"150\" src=\"https:\/\/www.ecoitaliano.com.ar\/wp-content\/uploads\/2022\/04\/De-Angelis-Mario-ex-IMI-150x150.jpg\" class=\"attachment-thumbnail size-thumbnail\" alt=\"\" \/><\/a>\n\t\t\t<\/div><\/figure><figure class='gallery-item'>\n\t\t\t<div class='gallery-icon portrait'>\n\t\t\t\t<a href='https:\/\/www.ecoitaliano.com.ar\/?attachment_id=21695'><img decoding=\"async\" width=\"150\" height=\"150\" src=\"https:\/\/www.ecoitaliano.com.ar\/wp-content\/uploads\/2022\/04\/De-Angelis-Mario-internato-presso-Stalag-8-C-150x150.jpg\" class=\"attachment-thumbnail size-thumbnail\" alt=\"\" \/><\/a>\n\t\t\t<\/div><\/figure><figure class='gallery-item'>\n\t\t\t<div class='gallery-icon landscape'>\n\t\t\t\t<a href='https:\/\/www.ecoitaliano.com.ar\/?attachment_id=21699'><img decoding=\"async\" width=\"150\" height=\"150\" src=\"https:\/\/www.ecoitaliano.com.ar\/wp-content\/uploads\/2022\/04\/Lager-tedeschi-mappa5-150x150.jpg\" class=\"attachment-thumbnail size-thumbnail\" alt=\"\" \/><\/a>\n\t\t\t<\/div><\/figure>\n\t\t<\/div>\n\n<p><span style=\"color: #050505;\"><span style=\"font-family: Georgia, serif;\"><span style=\"font-size: large;\"><b>NIENTE DI NUOVO SOTTO IL SOLE, LA GUERRA E\u2019 UN CRIMINE<\/b><\/span><\/span><\/span><\/p>\n<p align=\"center\"><span style=\"color: #050505;\"><span style=\"font-family: Georgia, serif;\"><span style=\"font-size: medium;\">di <\/span><\/span><\/span><span style=\"color: #050505;\"><span style=\"font-family: Georgia, serif;\"><span style=\"font-size: medium;\"><b>Paolo De Angelis<\/b><\/span><\/span><\/span><\/p>\n<p align=\"justify\"><span style=\"font-family: Georgia, serif;\"><span style=\"font-size: medium;\">L\u2019AQUILA &#8211; Nulla di nuovo sotto il sole. Non esiste un modo \u201cleale\u201d di fare la guerra. La guerra \u00e8 l\u2019abominio del genere umano. Lo so che questa riflessione \u00e8 un po\u2019 lunga, ma vi consiglio di leggerla\u2026 All\u2019inizio dell\u2019assedio da parte dei russi, in citt\u00e0 sono rimasti intrappolati 200.000 civili. Uomini, donne e bambini che non sono riusciti a fuggire. Chi si \u00e8 salvato lo ha fatto camminando sul mare ghiacciato che in molti punti ha ceduto, ingoiando migliaia di persone e non lasciando scampo a coloro che erano finiti nell\u2019acqua gelata\u2026 <\/span><\/span><\/p>\n<p align=\"justify\"><span style=\"font-family: Georgia, serif;\"><span style=\"font-size: medium;\">Alla fine della battaglia sono sopravvissuti 20.000 civili che sono stati <\/span><\/span><span style=\"font-family: Georgia, serif;\"><span style=\"font-size: medium;\"><b>deportati in<\/b><\/span><\/span> <span style=\"font-family: Georgia, serif;\"><span style=\"font-size: medium;\"><b>Russia <\/b><\/span><\/span><span style=\"font-family: Georgia, serif;\"><span style=\"font-size: medium;\">per essere avviati nei campi di lavoro in <\/span><\/span><span style=\"font-family: Georgia, serif;\"><span style=\"font-size: medium;\"><b>Asia centrale<\/b><\/span><\/span><span style=\"font-family: Georgia, serif;\"><span style=\"font-size: medium;\"> ed in <\/span><\/span><span style=\"font-family: Georgia, serif;\"><span style=\"font-size: medium;\"><b>Siberia<\/b><\/span><\/span><span style=\"font-family: Georgia, serif;\"><span style=\"font-size: medium;\"> e la cui sorte \u00e8 sconosciuta. La citt\u00e0 \u00e8 stata totalmente ripopolata da etnia russa. Dopo 97 giorni di assedio con bombardamenti incessanti, le truppe sovietiche entrano in citt\u00e0. I comandanti aizzano i soldati a vendicarsi contro i loro nemici e iniziano gli stupri, i saccheggi, gli omicidi. La battaglia \u00e8 finita. I Russi contano 160.000 morti, altrettanto tra gli avversari ed un numero spaventoso, sicuramente superiore ai 200.000 tra i civili, donne e bambini. Pi\u00f9 di mezzo milione di morti giace sul terreno. <\/span><\/span><\/p>\n<p align=\"justify\"><span style=\"font-family: Georgia, serif;\"><span style=\"font-size: medium;\">Non \u00e8 la cronaca che proviene da <\/span><\/span><span style=\"font-family: Georgia, serif;\"><span style=\"font-size: medium;\"><b>Bucha<\/b><\/span><\/span><span style=\"font-family: Georgia, serif;\"><span style=\"font-size: medium;\"> o di <\/span><\/span><span style=\"font-family: Georgia, serif;\"><span style=\"font-size: medium;\"><b>Mariupol<\/b><\/span><\/span><span style=\"font-family: Georgia, serif;\"><span style=\"font-size: medium;\">, ma stiamo parlando di <\/span><\/span><em><span style=\"font-family: Georgia, serif;\"><span style=\"font-size: medium;\"><b>K\u00f6nigsberg<\/b><\/span><\/span><\/em><span style=\"font-family: Georgia, serif;\"><span style=\"font-size: medium;\"> (oggi <\/span><\/span><span style=\"font-family: Georgia, serif;\"><span style=\"font-size: medium;\"><b>Kaliningrad<\/b><\/span><\/span><span style=\"font-family: Georgia, serif;\"><span style=\"font-size: medium;\">) e i fatti risalgono <\/span><\/span><span style=\"font-family: Georgia, serif;\"><span style=\"font-size: medium;\"><b>dal gennaio all\u2019aprile 1945<\/b><\/span><\/span><span style=\"font-family: Georgia, serif;\"><span style=\"font-size: medium;\">. Quello che successe l\u00ec non l\u2019ho letto dai libri, ma dalla testimonianza diretta di mio padre, che era prigioniero internato nello <\/span><\/span><span style=\"font-family: Georgia, serif;\"><span style=\"font-size: medium;\"><b>Stammlager VIII C<\/b><\/span><\/span><span style=\"font-family: Georgia, serif;\"><span style=\"font-size: medium;\"> di <\/span><\/span><span style=\"font-family: Georgia, serif;\"><span style=\"font-size: medium;\"><b>Sagan<\/b><\/span><\/span><span style=\"font-family: Georgia, serif;\"><span style=\"font-size: medium;\"> (<\/span><\/span><span style=\"color: #000000;\"><span style=\"font-family: Georgia, serif;\"><span style=\"font-size: medium;\">ora \u017baga\u0144, in Polonia<\/span><\/span><\/span><span style=\"font-family: Georgia, serif;\"><span style=\"font-size: medium;\">) costretto ai lavori forzati. Poco prima, nel dicembre \u201944, i tedeschi l\u2019avevano portato a<\/span><\/span><em><span style=\"font-family: Georgia, serif;\"><span style=\"font-size: medium;\"><b> K\u00f6nigsberg<\/b><\/span><\/span><\/em><em><span style=\"font-family: Georgia, serif;\"><span style=\"font-size: medium;\">, insieme ad un centinaio di altri prigionieri, per essere utilizzati come forza lavoro nella realizzazione di opere di difesa della citt\u00e0<\/span><\/span><\/em><span style=\"font-family: Georgia, serif;\"><span style=\"font-size: medium;\">. Tutti i giorni usciva dal lager (Stablack) nei pressi della citt\u00e0 per recarsi al lavoro ed assisteva a spettacoli terribili. Riporto fedelmente uno stralcio dal suo diario.<\/span><\/span><\/p>\n<p align=\"justify\"><a name=\"_GoBack\"><\/a> \u201c<span style=\"font-family: Georgia, serif;\"><span style=\"font-size: medium;\"><i>Il nostro trasferimento avvenne prima della mezzanotte<\/i><\/span><\/span><span style=\"font-family: Georgia, serif;\"><span style=\"font-size: medium;\">, <\/span><\/span><span style=\"font-family: Georgia, serif;\"><span style=\"font-size: medium;\"><i>sotto i bombardamenti e i razzi bengala per colpire meglio i bersagli<\/i><\/span><\/span><span style=\"font-family: Georgia, serif;\"><span style=\"font-size: medium;\">. <\/span><\/span><span style=\"font-family: Georgia, serif;\"><span style=\"font-size: medium;\"><i>Il giorno 10<\/i><\/span><\/span><span style=\"font-family: Georgia, serif;\"><span style=\"font-size: medium;\"> (dicembre, ndr) <\/span><\/span><span style=\"font-family: Georgia, serif;\"><span style=\"font-size: medium;\"><i>ci portarono a lavorare a tu per tu, sul fronte russo, a fare le barricate da un palazzo all\u2019altro<\/i><\/span><\/span><span style=\"font-family: Georgia, serif;\"><span style=\"font-size: medium;\">. <\/span><\/span><span style=\"font-family: Georgia, serif;\"><span style=\"font-size: medium;\"><i>Il 14 ci fecero partire per trasferirci in un altro campo<\/i><\/span><\/span> <span style=\"font-family: Georgia, serif;\"><span style=\"font-size: medium;\"><i>in un altro quartiere della<\/i><\/span><\/span> <span style=\"font-family: Georgia, serif;\"><span style=\"font-size: medium;\"><i>citt\u00e0 che si chiama \u201cKenigsplatz\u201d<\/i><\/span><\/span><span style=\"font-family: Georgia, serif;\"><span style=\"font-size: medium;\"> (<\/span><\/span><em><span style=\"font-family: Georgia, serif;\"><span style=\"font-size: medium;\">K\u00f6nigsplatz,<\/span><\/span><\/em><span style=\"font-family: Georgia, serif;\"><span style=\"font-size: medium;\"> credo che ogni citt\u00e0 abbia una piazza con quel nome, ndr) <\/span><\/span><span style=\"font-family: Georgia, serif;\"><span style=\"font-size: medium;\"><i>facendoci rifugiare in una casa diroccata, senza mangiare e senza acqua<\/i><\/span><\/span><span style=\"font-family: Georgia, serif;\"><span style=\"font-size: medium;\">. <\/span><\/span><span style=\"font-family: Georgia, serif;\"><span style=\"font-size: medium;\"><i>Bombardamenti e granate<\/i><\/span><\/span> <span style=\"font-family: Georgia, serif;\"><span style=\"font-size: medium;\"><i>si incrociavano in ogni direzione, seminando terrore e morte.<\/i><\/span><\/span> <span style=\"font-family: Georgia, serif;\"><span style=\"font-size: medium;\"><i>Quante paure, preghiere e raccomandazioni si rivolgevano al buon Dio affinch\u00e9 ci liberasse da questo immane flagello.<\/i><\/span><\/span> <span style=\"font-family: Georgia, serif;\"><span style=\"font-size: medium;\"><i>Il 24 mattina tutte le armi russe aprirono nuovamente il fuoco e sconvolsero nuovamente tutta la zona, cio\u00e8 il quartiere di Kenigsplatz. La sera ci fecero tornare nuovamente al quartier \u201cburgvaide\u201d <\/i><\/span><\/span><span style=\"font-family: Georgia, serif;\"><span style=\"font-size: medium;\">(lui stesso dice di scriverlo come lo pronunciano, potrebbe essere <\/span><\/span><span style=\"font-family: Georgia, serif;\"><span style=\"font-size: medium;\"><i>burgweider<\/i><\/span><\/span><span style=\"font-family: Georgia, serif;\"><span style=\"font-size: medium;\">-borghese) <\/span><\/span><span style=\"font-family: Georgia, serif;\"><span style=\"font-size: medium;\"><i>dove giungemmo alle ore 23 attraversando palazzi in fiamme e cadaveri che bruciavano, gente ancora viva avvolta dalle fiamme.<\/i><\/span><\/span> <span style=\"font-family: Georgia, serif;\"><span style=\"font-size: medium;\"><i>Il dolore e le avventure le potete immaginare perch\u00e9 non \u00e8 possibile descriverli in questi fogli<\/i><\/span><\/span><span style=\"font-family: Georgia, serif;\"><span style=\"font-size: medium;\">. <\/span><\/span><span style=\"font-family: Georgia, serif;\"><span style=\"font-size: medium;\"><i>Rimanemmo al quartiere<\/i><\/span><\/span> <span style=\"font-family: Georgia, serif;\"><span style=\"font-size: medium;\"><i>\u201cburgvaide\u201d<\/i><\/span><\/span> <span style=\"font-family: Georgia, serif;\"><span style=\"font-size: medium;\"><i>sotto l\u2019insidia e la minaccia tedesca, sotto le botte e la fame<\/i><\/span><\/span><span style=\"font-family: Georgia, serif;\"><span style=\"font-size: medium;\">, <\/span><\/span><span style=\"font-family: Georgia, serif;\"><span style=\"font-size: medium;\"><i>accompagnato dal lavoro forzato, sotto i bombardamenti e i mitragliamenti delle armi russe<\/i><\/span><\/span> <span style=\"font-family: Georgia, serif;\"><span style=\"font-size: medium;\"><i>dove i cadaveri non si contano pi\u00f9 e le malattie si moltiplicano continuamente.<\/i><\/span><\/span><\/p>\n<p align=\"justify\"><span style=\"font-family: Georgia, serif;\"><span style=\"font-size: medium;\"><i>Strada facendo, vento, fuoco, fumo, gente morta, cavalli, soldati, macchine bruciate coprivano il terreno tanto che non si poteva camminare. Non potete riuscire a farvi idea di ci\u00f2 che poteva essere, di questo orrendo spettacolo, di questa carne umana tagliata a pezzi e maciullata\u2026 io rimanevo fisso con lo sguardo, sembravo uno che era impazzito. Fissavo lo sguardo in aria, guardavo nel vuoto, pensavo, riflettevo\u2026 ma che cosa? &#8230; cose orrende, cose tristi, morte e sventure, patimenti e strazio, orrore e turbamento da non potersi descrivere. Mi domando \u201cma perch\u00e9 avvengono queste cose?\u201d Perch\u00e9 io devo vedere tanti morti di persone sconosciute che hanno sparso il loro sangue? Se il destino ha messo a terra questi corpi tra noi ancora viventi, dobbiamo sentirci umiliati perch\u00e9 si vede con gli occhi inchiodati, la realt\u00e0 delle atrocit\u00e0 della guerra e chiede a chi resta la ragione del perch\u00e9 accade questo. Forse soltanto questi morti sanno il perch\u00e9. <\/i><\/span><\/span><\/p>\n<p align=\"justify\"><span style=\"font-family: Georgia, serif;\"><span style=\"font-size: medium;\"><i>Io non so cosa dire, almeno ora, perch\u00e9 sono terrorizzato come tanti e tanti altri ancora nel vedere questi morti, pensando che almeno per loro la guerra e le sofferenze sono davvero finite. Io non capisco pi\u00f9 nulla, sono sconvolto, piango lacrime veramente amare, vedo morti su morti, gente che corre terrorizzata senza una meta, senza speranze e senza conforto\u2026 Ma perch\u00e9 permettere tutto questo? Perch\u00e9 non scende sulla Terra un Santo, perch\u00e9 una voce non urla da lontano \u201cpace, pace pace\u201d\u2026 Perch\u00e9 la Terra, avida di sangue non dice \u201cBASTA!\u201d.<\/i><\/span><\/span> <span style=\"font-family: Georgia, serif;\"><span style=\"font-size: medium;\"><i>L\u2019esperienza di guerre passate non ha saziato si sangue coloro i quali sono responsabili e non li ammaestrati nel quieto vivere? Vorrei chiedermi tante cose, vorrei avere tante spiegazioni, sentire tante belle parole, ma in questo momento qualunque spiegazione \u00e8 superflua, perch\u00e9 non capisco pi\u00f9 nulla, non sono pi\u00f9 capace di rendermi conto di alcuna spiegazione\u2026\u201d. <\/i><\/span><\/span><\/p>\n<p align=\"justify\"><span style=\"font-family: Georgia, serif;\"><span style=\"font-size: medium;\">Poi i soldati russi conquistarono <\/span><\/span><em><span style=\"font-family: Georgia, serif;\"><span style=\"font-size: medium;\"><b>K\u00f6nigsberg<\/b><\/span><\/span><\/em><span style=\"font-family: Georgia, serif;\"><span style=\"font-size: medium;\">, ma le cose non andarono particolarmente bene, neppure per i prigionieri dei tedeschi. Mio padre scriveva \u2026 \u201c<\/span><\/span><span style=\"font-family: Georgia, serif;\"><span style=\"font-size: medium;\"><i>Le parole che circolavano tra di noi erano sempre le stesse, tanto per consolarci\u2026 \u2018non ci hanno ammazzati\u2019\u2026. Che banditi, altro che liberatori!!! E difatti, pi\u00f9 che liberatori, si rivelarono tirannici. Ma forse agivano di loro iniziativa, di loro spontanea volont\u00e0, perch\u00e9 si trattava di soldati cosacchi, mongoli, chirghisi e siberiani<\/i><\/span><\/span><span style=\"font-family: Georgia, serif;\"><span style=\"font-size: medium;\"> (guarda caso gli stessi di <\/span><\/span><span style=\"font-family: Georgia, serif;\"><span style=\"font-size: medium;\"><b>Bucha<\/b><\/span><\/span><span style=\"font-family: Georgia, serif;\"><span style=\"font-size: medium;\">, ndr) <\/span><\/span><span style=\"font-family: Georgia, serif;\"><span style=\"font-size: medium;\"><i>e tanti altri asiatici<\/i><\/span><\/span><span style=\"font-family: Georgia, serif;\"><span style=\"font-size: medium;\">. <\/span><\/span><span style=\"font-family: Georgia, serif;\"><span style=\"font-size: medium;\"><i>In genere questi soldati fanno paura solo a guardarli, sono peggio delle bestie inferocite e senza piet\u00e0<\/i><\/span><\/span><span style=\"font-family: Georgia, serif;\"><span style=\"font-size: medium;\">\u201d. Successivamente mio padre e gli altri i prigionieri furono trasferiti a <\/span><\/span><span style=\"font-family: Georgia, serif;\"><span style=\"font-size: medium;\"><b>Breslau <\/b><\/span><\/span><span style=\"font-family: Georgia, serif;\"><span style=\"font-size: medium;\">(in Slesia, ora Wroclaw)<\/span><\/span><b> <\/b><span style=\"font-family: Georgia, serif;\"><span style=\"font-size: medium;\">dove nell\u2019ultimo tratto arrivarono attraverso una strada di campagna\u2026 \u201c<\/span><\/span><span style=\"font-family: Georgia, serif;\"><span style=\"font-size: medium;\"><i>Da questa strada si dominava tutta la citt\u00e0, dense nubi di fumo e fiamme di fuoco si levavano verso il cielo: bruciava tutto. I soldati russi, con i lanciafiamme bruciavano vivi i tedeschi (ormai arresisi) &#8230; <\/i><\/span><\/span><span style=\"font-family: Georgia, serif;\"><span style=\"font-size: medium;\">(omissis)<\/span><\/span><span style=\"font-family: Georgia, serif;\"><span style=\"font-size: medium;\"><i>\u2026\u201d.<\/i><\/span><\/span><\/p>\n<p align=\"justify\"><span style=\"font-family: Georgia, serif;\"><span style=\"font-size: medium;\">Poi mio padre ed altri due suoi compagni presero un carrettino e tentarono di andare alla ricerca di qualche cosa da mangiare, frugando tra le macerie, ma\u2026 \u201c<\/span><\/span><span style=\"font-family: Georgia, serif;\"><span style=\"font-size: medium;\"><i>Appena percorsi 4 km trovammo una lunghissima fila perch\u00e9 la strada era interrotta. Un ponte sulla palude formata dal fiume Oder era spezzato. Bisogna portarsi dall\u2019altra parte, camminando su delle tavole che erano state approntate, aiutandoci l\u2019un l\u2019altro, prima donne e bambini, poi gli uomini con carrettini e roba\u2026<\/i><\/span><\/span><span style=\"font-family: Georgia, serif;\"><span style=\"font-size: medium;\"> (omissis). <\/span><\/span><\/p>\n<p align=\"justify\"><span style=\"font-family: Georgia, serif;\"><span style=\"font-size: medium;\"><i>Appena fui al di l\u00e0 cercai di ritrovare i miei due compagni di viaggio. Poco prima di raggiungerli, si udirono due forti detonazioni in mezzo alla colonna che stava per mettersi in movimento. Quattro mine scoppiarono, una dopo l\u2019altra, urtate dalle persone che erano in sosta. Erano nascoste tra l\u2019erba e nessuno le aveva viste. Si udirono delle grida, urla disperate che riempirono la valle desolata. A me e Teodolti caddero le braccia, ma corremmo, ritrovammo la forza di correre&#8230; correre verso la testa della colonna per vedere cosa fosse successo e se il nostro inseparabile amico fosse salvo<\/i><\/span><\/span><span style=\"font-family: Georgia, serif;\"><span style=\"font-size: medium;\">\u201d (omissis). <\/span><\/span><\/p>\n<p align=\"justify\"><span style=\"font-family: Georgia, serif;\"><span style=\"font-size: medium;\">Nella via del ritorno, con il carrettino pieno di cibo <\/span><\/span><span style=\"font-family: Georgia, serif;\"><span style=\"font-size: medium;\"><i>\u201c\u2026 mi si present\u00f2 lo spettro di sei uomini ed una donna, fucilati, trovati morti lungo la strada che avevamo percorsa. Dopo che erano stati denudati, una scarica di mitra li aveva perforati e giacevano a terra con gli occhi aperti, come se non fossero morti\u2026 Pensai che tra qualche minuto anche noi tre, poveri sventurati, dovevamo giacere morti l\u00ec dentro senza che nessuno avesse pi\u00f9 notizie di noi. Pensai alla cara mamma, ai fratelli, alle sorelle, ai parenti, a coloro che conoscevo fin dalla mia infanzia, dando a tutti un caro addio.\u201d<\/i><\/span><\/span><span style=\"font-family: Georgia, serif;\"><span style=\"font-size: medium;\"> \u2026 (omissis). <\/span><\/span><\/p>\n<p align=\"justify\"><span style=\"font-family: Georgia, serif;\"><span style=\"font-size: medium;\">Ecco. Oggi ci stupiamo di ci\u00f2 che sta succedendo in <\/span><\/span><span style=\"font-family: Georgia, serif;\"><span style=\"font-size: medium;\"><b>Ucraina<\/b><\/span><\/span><span style=\"font-family: Georgia, serif;\"><span style=\"font-size: medium;\">, dei crimini. Ma questi episodi non sono crimini. LA GUERRA STESSA E\u2019 UN CRIMINE.<\/span><\/span> <span style=\"font-family: Georgia, serif;\"><span style=\"font-size: medium;\">Il diario di prigionia di mio padre <\/span><\/span><span style=\"font-family: Georgia, serif;\"><span style=\"font-size: medium;\"><b>Mario<\/b><\/span><\/span> <span style=\"font-family: Georgia, serif;\"><span style=\"font-size: medium;\"><b>De Angelis<\/b><\/span><\/span><span style=\"font-family: Georgia, serif;\"><span style=\"font-size: medium;\"> \u00e8 molto lungo. Purtroppo mancano un centinaio di pagine. Mia madre mi dice che lei non sa cosa ci fosse scritto, ma quando mio padre le leggeva, piangeva tutta la notte. Sparirono&#8230; Mia madre mi dice che le distrusse.<\/span><\/span><\/p>\n<p><strong><em>Tutte l\u2019opinioni versati nel sito, correspondono solo a chi la manifesta. Non e necessariamente l\u2019opinione della Direzione.<\/em><\/strong><\/p>\n","protected":false},"excerpt":{"rendered":"<p>NIENTE DI NUOVO SOTTO IL SOLE, LA GUERRA E\u2019 UN CRIMINE di Paolo De Angelis L\u2019AQUILA &#8211; Nulla di nuovo [&hellip;]<\/p>\n","protected":false},"author":1,"featured_media":0,"comment_status":"open","ping_status":"open","sticky":false,"template":"","format":"standard","meta":{"footnotes":""},"categories":[10,35],"tags":[],"class_list":["post-21691","post","type-post","status-publish","format-standard","hentry","category-italiano","category-opiniones"],"_links":{"self":[{"href":"https:\/\/www.ecoitaliano.com.ar\/index.php?rest_route=\/wp\/v2\/posts\/21691","targetHints":{"allow":["GET"]}}],"collection":[{"href":"https:\/\/www.ecoitaliano.com.ar\/index.php?rest_route=\/wp\/v2\/posts"}],"about":[{"href":"https:\/\/www.ecoitaliano.com.ar\/index.php?rest_route=\/wp\/v2\/types\/post"}],"author":[{"embeddable":true,"href":"https:\/\/www.ecoitaliano.com.ar\/index.php?rest_route=\/wp\/v2\/users\/1"}],"replies":[{"embeddable":true,"href":"https:\/\/www.ecoitaliano.com.ar\/index.php?rest_route=%2Fwp%2Fv2%2Fcomments&post=21691"}],"version-history":[{"count":0,"href":"https:\/\/www.ecoitaliano.com.ar\/index.php?rest_route=\/wp\/v2\/posts\/21691\/revisions"}],"wp:attachment":[{"href":"https:\/\/www.ecoitaliano.com.ar\/index.php?rest_route=%2Fwp%2Fv2%2Fmedia&parent=21691"}],"wp:term":[{"taxonomy":"category","embeddable":true,"href":"https:\/\/www.ecoitaliano.com.ar\/index.php?rest_route=%2Fwp%2Fv2%2Fcategories&post=21691"},{"taxonomy":"post_tag","embeddable":true,"href":"https:\/\/www.ecoitaliano.com.ar\/index.php?rest_route=%2Fwp%2Fv2%2Ftags&post=21691"}],"curies":[{"name":"wp","href":"https:\/\/api.w.org\/{rel}","templated":true}]}}