{"id":21823,"date":"2022-04-10T09:19:37","date_gmt":"2022-04-10T09:19:37","guid":{"rendered":"http:\/\/www.ecoitaliano.com.ar\/?p=21823"},"modified":"2022-04-10T09:19:37","modified_gmt":"2022-04-10T09:19:37","slug":"giornata-internazionale-rom-sinti-e-caminanti","status":"publish","type":"post","link":"https:\/\/www.ecoitaliano.com.ar\/?p=21823","title":{"rendered":"Giornata internazionale Rom, Sinti e Caminanti.."},"content":{"rendered":"<div id='gallery-1' class='gallery galleryid-21823 gallery-columns-3 gallery-size-thumbnail'><figure class='gallery-item'>\n\t\t\t<div class='gallery-icon landscape'>\n\t\t\t\t<a href='https:\/\/www.ecoitaliano.com.ar\/?attachment_id=21824'><img decoding=\"async\" width=\"150\" height=\"150\" src=\"https:\/\/www.ecoitaliano.com.ar\/wp-content\/uploads\/2022\/04\/concerto-2-150x150.jpg\" class=\"attachment-thumbnail size-thumbnail\" alt=\"\" \/><\/a>\n\t\t\t<\/div><\/figure><figure class='gallery-item'>\n\t\t\t<div class='gallery-icon landscape'>\n\t\t\t\t<a href='https:\/\/www.ecoitaliano.com.ar\/?attachment_id=21825'><img decoding=\"async\" width=\"150\" height=\"150\" src=\"https:\/\/www.ecoitaliano.com.ar\/wp-content\/uploads\/2022\/04\/bandieraromsi-900x445-150x150.jpg\" class=\"attachment-thumbnail size-thumbnail\" alt=\"\" \/><\/a>\n\t\t\t<\/div><\/figure><figure class='gallery-item'>\n\t\t\t<div class='gallery-icon landscape'>\n\t\t\t\t<a href='https:\/\/www.ecoitaliano.com.ar\/?attachment_id=21826'><img decoding=\"async\" width=\"150\" height=\"150\" src=\"https:\/\/www.ecoitaliano.com.ar\/wp-content\/uploads\/2022\/04\/Gelem-150x150.jpg\" class=\"attachment-thumbnail size-thumbnail\" alt=\"\" \/><\/a>\n\t\t\t<\/div><\/figure>\n\t\t<\/div>\n\n<p>&nbsp;<\/p>\n<p class=\"western\" lang=\"it-IT\" align=\"justify\"><span style=\"color: #ff0000;\"><span style=\"font-family: Times New Roman, serif;\"><span style=\"font-size: large;\"><b>Giornata internazionale di Rom, Sinti e Caminanti.<\/b><\/span><\/span><\/span><\/p>\n<p class=\"western\" lang=\"it-IT\" align=\"justify\"><span style=\"color: #ff0000;\"><span style=\"font-family: Times New Roman, serif;\"><span style=\"font-size: large;\"><b>Entusiasmo e successo a Pesaro per l\u2019Alexian Group <\/b><\/span><\/span><\/span><\/p>\n<p class=\"western\" lang=\"it-IT\" align=\"justify\"><span style=\"color: #000000;\"><span style=\"font-family: Arial, sans-serif;\"><span style=\"font-size: large;\">Venerd\u00ec 8 aprile<\/span><\/span><\/span><span style=\"color: #000000;\"><span style=\"font-family: Arial, sans-serif;\"><span style=\"font-size: large;\"> si \u00e8 celebrato <\/span><\/span><\/span><span style=\"color: #000000;\"><span style=\"font-family: Arial, sans-serif;\"><span style=\"font-size: large;\">\u00a0<\/span><\/span><\/span><span style=\"color: #000000;\"><span style=\"font-family: Arial, sans-serif;\"><span style=\"font-size: large;\">in tutto il mondo il <\/span><\/span><\/span><span style=\"color: #000000;\"><span style=\"font-family: Arial, sans-serif;\"><span style=\"font-size: large;\"><i>Roman\u00f2 Div\u00e9s<\/i><\/span><\/span><\/span><span style=\"color: #000000;\"><span style=\"font-family: Arial, sans-serif;\"><span style=\"font-size: large;\">, la\u00a0<\/span><\/span><\/span><span style=\"color: #000000;\"><span style=\"font-family: Arial, sans-serif;\"><span style=\"font-size: large;\">Giornata internazionale di Rom, Sinti e Caminanti<\/span><\/span><\/span><span style=\"color: #000000;\"><span style=\"font-family: Arial, sans-serif;\"><span style=\"font-size: large;\">. La ricorrenza \u00e8 stata istituita nel 1990 a Serock (Polonia) sede del IV Congresso mondiale dell\u2019Unione Internazionale Rom (IRU) per ricordare il\u00a0suo <\/span><\/span><\/span><span style=\"color: #000000;\"><span style=\"font-family: Arial, sans-serif;\"><span style=\"font-size: large;\">primo ritrovo universale <\/span><\/span><\/span><span style=\"color: #000000;\"><span style=\"font-family: Arial, sans-serif;\"><span style=\"font-size: large;\">che si tenne\u00a0<\/span><\/span><\/span><span style=\"color: #000000;\"><span style=\"font-family: Arial, sans-serif;\"><span style=\"font-size: large;\">a<\/span><\/span><\/span><span style=\"color: #000000;\"><span style=\"font-family: Arial, sans-serif;\"><span style=\"font-size: large;\"> Chelsfield, vicino a\u00a0<\/span><\/span><\/span><span style=\"color: #000000;\"><span style=\"font-family: Arial, sans-serif;\"><span style=\"font-size: large;\"> Londra, nell\u2019aprile 1971<\/span><\/span><\/span><span style=\"color: #000000;\"><span style=\"font-family: Arial, sans-serif;\"><span style=\"font-size: large;\">. <\/span><\/span><\/span><\/p>\n<p lang=\"it-IT\" align=\"justify\"><span style=\"font-family: Times New Roman, serif;\"><span style=\"color: #000000;\"><span style=\"font-family: Arial, sans-serif;\"><span style=\"font-size: large;\">In quell\u2019occasione il nome <\/span><\/span><\/span><span style=\"color: #000000;\"><span style=\"font-family: Arial, sans-serif;\"><span style=\"font-size: large;\"><i>Rom<\/i><\/span><\/span><\/span><span style=\"color: #000000;\"><span style=\"font-family: Arial, sans-serif;\"><span style=\"font-size: large;\"> &#8211; che significa <\/span><\/span><\/span><span style=\"color: #000000;\"><span style=\"font-family: Arial, sans-serif;\"><span style=\"font-size: large;\"><i>Uomo<\/i><\/span><\/span><\/span><span style=\"color: #000000;\"><span style=\"font-family: Arial, sans-serif;\"><span style=\"font-size: large;\"> &#8211; fu scelto per indicare la nazione Roman\u00ec che comprende i popoli Manouches, Kalderash, Lovara, Roman\u00ecch\u00e9ls, Vlax, Domari, Nawar, L\u00e0utari\u00a0ecc. <\/span><\/span><\/span><\/span><\/p>\n<p lang=\"it-IT\" align=\"justify\"><span style=\"font-family: Times New Roman, serif;\"><span style=\"color: #000000;\"><span style=\"font-family: Arial, sans-serif;\"><span style=\"font-size: large;\">Quel giorno si costitu\u00ec la\u00a0<\/span><\/span><\/span><span style=\"color: #000000;\"><span style=\"font-family: Arial, sans-serif;\"><span style=\"font-size: large;\"><i>Roman\u00ec Union<\/i><\/span><\/span><\/span><b> <\/b><span style=\"color: #000000;\"><span style=\"font-family: Arial, sans-serif;\"><span style=\"font-size: large;\">(<\/span><\/span><\/span><span style=\"color: #000000;\"><span style=\"font-family: Arial, sans-serif;\"><span style=\"font-size: large;\">la prima associazione mondiale dei Rom) e furono scelti l\u2019inno <\/span><\/span><\/span><span style=\"color: #000000;\"><span style=\"font-family: Arial, sans-serif;\"><span style=\"font-size: large;\">e la bandiera della comunit\u00e0.<\/span><\/span><\/span><\/span><\/p>\n<p lang=\"it-IT\" align=\"justify\"><span style=\"font-family: Times New Roman, serif;\"><span style=\"color: #000000;\"><span style=\"font-family: Arial, sans-serif;\"><span style=\"font-size: large;\">Composto nella sua forma ufficiale dopo la fine della seconda guerra mondiale\u00a0dal musicista \u017darko Jovanovi\u0107, l\u2019inno <\/span><\/span><\/span><span style=\"color: #000000;\"><span style=\"font-family: Arial, sans-serif;\"><span style=\"font-size: large;\"><i>Gelem Gelem<\/i><\/span><\/span><\/span><span style=\"color: #000000;\"><span style=\"font-family: Arial, sans-serif;\"><span style=\"font-size: large;\"> fu adattato ad una melodia tradizionale. Nel brano sono presenti riferimenti al\u00a0Samudaripen, lo sterminio di Rom e\u00a0Sinti\u00a0perpetrato dai nazisti,\u00a0 operato dagli Schutzstaffel, la cosiddetta \u00a0\u2018<\/span><\/span><\/span><span style=\"color: #0000ff;\"><a href=\"https:\/\/it.wikipedia.org\/wiki\/Schutzstaffel\"><span style=\"color: #000000;\"><span style=\"font-family: Arial, sans-serif;\"><span style=\"font-size: large;\"><i>Legione Nera<\/i><\/span><\/span><\/span><\/a><\/span><span style=\"font-family: Arial, sans-serif;\"><span style=\"font-size: large;\"><i>\u2019<\/i><\/span><\/span><span style=\"font-family: Arial, sans-serif;\"><span style=\"font-size: large;\">,<\/span><\/span><span style=\"color: #000000;\"><span style=\"font-family: Arial, sans-serif;\"><span style=\"font-size: large;\"> un&#8217;organizzazione\u00a0 paramilitare del Partito Nazionalsocialista Tedesco (NSDAP). L\u2019Olocausto Rom (quasi 3000 massacrati nel campo di Auschwitz- Birkenau per un totale di 500mila morti durante il conflitto mondiale) si celebra il 2 agosto.<\/span><\/span><\/span><\/span><\/p>\n<p lang=\"it-IT\" align=\"justify\"><span style=\"font-family: Times New Roman, serif;\"><span style=\"color: #000000;\"><span style=\"font-family: Arial, sans-serif;\"><span style=\"font-size: large;\">Nei lager la lettera Z era tatuata sulle braccia dei Rom e anche per questo la parola \u2018<\/span><\/span><\/span><span style=\"color: #000000;\"><span style=\"font-family: Arial, sans-serif;\"><span style=\"font-size: large;\"><i>zingaro<\/i><\/span><\/span><\/span><span style=\"color: #000000;\"><span style=\"font-family: Arial, sans-serif;\"><span style=\"font-size: large;\">\u2019 (che indirettamente la evoca) pu\u00f2 essere vissuta come un\u2019offesa dagli appartenenti alla comunit\u00e0. <\/span><\/span><\/span><\/span><\/p>\n<p class=\"western\" lang=\"it-IT\" align=\"justify\"><span style=\"color: #000000;\"><span style=\"font-family: Arial, sans-serif;\"><span style=\"font-size: large;\">La<\/span><\/span><\/span><i> <\/i><span style=\"font-family: Arial, sans-serif;\"><span style=\"font-size: large;\">bandiera internazionale \u00e8 costituita da due strisce orizzontali (la superiore azzurra e l&#8217;inferiore verde) che rappresentano il cielo e la terra. Al centro vi figura una ruota raggiata rossa che indica il migrare dei Rom. La ruota \u00e8 simile a quella presente sulla bandiera indiana, sebbene in quest&#8217;ultima rappresenti piuttosto un chakra che una ruota vera e propria.<\/span><\/span><\/p>\n<p class=\"western\" lang=\"it-IT\" align=\"justify\"><span style=\"font-family: Arial, sans-serif;\"><span style=\"font-size: large;\">La Roman\u00ec Union fu riconosciuta dall\u2019ONU solo nel 1979.<\/span><\/span><\/p>\n<p class=\"western\" lang=\"it-IT\" align=\"justify\"><span style=\"color: #000000;\"><span style=\"font-family: Arial, sans-serif;\"><span style=\"font-size: large;\">Il Consiglio d\u2019Europa &#8211; dopo avere utilizzato varie terminologie a partire dal 1970- decise di adottare il termine generico <\/span><\/span><\/span><span style=\"color: #000000;\"><span style=\"font-family: Arial, sans-serif;\"><span style=\"font-size: large;\"><i>Rom<\/i><\/span><\/span><\/span><span style=\"color: #000000;\"><span style=\"font-family: Arial, sans-serif;\"><span style=\"font-size: large;\"> dal 2010 ed ha realizzato un glossario ad hoc.<\/span><\/span><\/span><\/p>\n<p lang=\"it-IT\" align=\"justify\"><span style=\"font-family: Times New Roman, serif;\"><span style=\"color: #000000;\"><span style=\"font-family: Arial, sans-serif;\"><span style=\"font-size: large;\">Nel 2012 \u00e8 stata adottata la Strategia nazionale d&#8217;inclusione dei Rom, Sinti e Caminanti ad opera dell\u2019Organizzazione per la Sicurezza e la Cooperazione in Europa (Osce)<\/span><\/span><\/span><\/span><\/p>\n<p lang=\"it-IT\" align=\"justify\"><span style=\"font-family: Times New Roman, serif;\"><span style=\"color: #000000;\"><span style=\"font-family: Arial, sans-serif;\"><span style=\"font-size: large;\">Ricordo a me tutte queste cose mentre presenzio al concerto<\/span><\/span><\/span><span style=\"color: #000000;\"><span style=\"font-family: Arial, sans-serif;\"><span style=\"font-size: large;\"> etno-sinfonico al T<\/span><\/span><\/span><span style=\"color: #000000;\"><span style=\"font-family: Arial, sans-serif;\"><span style=\"font-size: large;\">eatro Sperimentale di Pesaro che ha visto sul palco The Alexian Group formato da<\/span><\/span><\/span><i><b> <\/b><\/i><span style=\"color: #000000;\"><span style=\"font-family: Arial, sans-serif;\"><span style=\"font-size: large;\">Alexian Santino Spinelli<\/span><\/span><\/span><span style=\"color: #000000;\"><span style=\"font-family: Arial, sans-serif;\"><span style=\"font-size: large;\"><i>\u00a0<\/i><\/span><\/span><\/span><span style=\"color: #000000;\"><span style=\"font-family: Arial, sans-serif;\"><span style=\"font-size: large;\">alla\u00a0<\/span><\/span><\/span><span style=\"color: #000000;\"><span style=\"font-family: Arial, sans-serif;\"><span style=\"font-size: large;\"><i>fisarmonica solista<\/i><\/span><\/span><\/span><span style=\"color: #000000;\"><span style=\"font-family: Arial, sans-serif;\"><span style=\"font-size: large;\"> ed i suoi figli: <\/span><\/span><\/span><span style=\"color: #000000;\"><span style=\"font-family: Arial, sans-serif;\"><span style=\"font-size: large;\"><i>Gennaro<\/i><\/span><\/span><\/span><span style=\"color: #000000;\"><span style=\"font-family: Arial, sans-serif;\"><span style=\"font-size: large;\">\u00a0(<\/span><\/span><\/span><span style=\"color: #000000;\"><span style=\"font-family: Arial, sans-serif;\"><span style=\"font-size: large;\"><i>violino solista)<\/i><\/span><\/span><\/span><span style=\"color: #000000;\"><span style=\"font-family: Arial, sans-serif;\"><span style=\"font-size: large;\">,\u00a0<\/span><\/span><\/span><span style=\"color: #000000;\"><span style=\"font-family: Arial, sans-serif;\"><span style=\"font-size: large;\"><i>Giulia<\/i><\/span><\/span><\/span><span style=\"color: #000000;\"><span style=\"font-family: Arial, sans-serif;\"><span style=\"font-size: large;\">\u00a0(<\/span><\/span><\/span><span style=\"color: #000000;\"><span style=\"font-family: Arial, sans-serif;\"><span style=\"font-size: large;\"><i>violoncello)<\/i><\/span><\/span><\/span><span style=\"color: #000000;\"><span style=\"font-family: Arial, sans-serif;\"><span style=\"font-size: large;\">\u00a0ed\u00a0<\/span><\/span><\/span><span style=\"color: #000000;\"><span style=\"font-family: Arial, sans-serif;\"><span style=\"font-size: large;\"><i>Evedise\u00a0<\/i><\/span><\/span><\/span><span style=\"color: #000000;\"><span style=\"font-family: Arial, sans-serif;\"><span style=\"font-size: large;\">(<\/span><\/span><\/span><span style=\"color: #000000;\"><span style=\"font-family: Arial, sans-serif;\"><span style=\"font-size: large;\"><i>arpa), <\/i><\/span><\/span><\/span><span style=\"color: #000000;\"><span style=\"font-family: Arial, sans-serif;\"><span style=\"font-size: large;\">unitamente ad alcuni membri<\/span><\/span><\/span><i> <\/i><span style=\"color: #000000;\"><span style=\"font-family: Arial, sans-serif;\"><span style=\"font-size: large;\">dell&#8217;<\/span><\/span><\/span><span style=\"color: #000000;\"><span style=\"font-family: Arial, sans-serif;\"><span style=\"font-size: large;\">Orchestra Europea per la Pace<\/span><\/span><\/span><span style=\"color: #000000;\"><span style=\"font-family: Arial, sans-serif;\"><span style=\"font-size: large;\">\u00a0e dell&#8217;<\/span><\/span><\/span><span style=\"color: #000000;\"><span style=\"font-family: Arial, sans-serif;\"><span style=\"font-size: large;\">Orchestra Sinfonica G. Rossini (organizzatrice dell\u2019evento). La direzione \u00e8 stata affidata <\/span><\/span><\/span><span style=\"color: #000000;\"><span style=\"font-family: Arial, sans-serif;\"><span style=\"font-size: large;\">al M\u00b0\u00a0<\/span><\/span><\/span><span style=\"color: #000000;\"><span style=\"font-family: Arial, sans-serif;\"><span style=\"font-size: large;\">Nicola Russo<\/span><\/span><\/span><span style=\"color: #000000;\"><span style=\"font-family: Arial, sans-serif;\"><span style=\"font-size: large;\">.<\/span><\/span><\/span><\/span><\/p>\n<p lang=\"it-IT\" align=\"justify\"><span style=\"font-family: Times New Roman, serif;\"><span style=\"color: #000000;\"><span style=\"font-family: Arial, sans-serif;\"><span style=\"font-size: large;\">Il concerto ha rappresenta un evento artistico culturale originale e di grande spessore, un \u2018<\/span><\/span><\/span><span style=\"color: #000000;\"><span style=\"font-family: Arial, sans-serif;\"><span style=\"font-size: large;\"><i>passaggio storico della musica rom dal folklore al sinfonismo\u2019<\/i><\/span><\/span><\/span><span style=\"color: #000000;\"><span style=\"font-family: Arial, sans-serif;\"><span style=\"font-size: large;\">\u00a0dopo oltre 600 anni di presenza delle comunit\u00e0 roman\u00e8s in Europa e in Italia.<\/span><\/span><\/span><\/span><\/p>\n<p lang=\"it-IT\" align=\"justify\"><span style=\"font-family: Times New Roman, serif;\"><span style=\"color: #000000;\"><span style=\"font-family: Arial, sans-serif;\"><span style=\"font-size: large;\">Si \u00e8 snodato attraverso<\/span><\/span><\/span><span style=\"color: #555555;\"><span style=\"font-family: Arial, sans-serif;\"><span style=\"font-size: large;\"> un <\/span><\/span><\/span><span style=\"color: #000000;\"><span style=\"font-family: Arial, sans-serif;\"><span style=\"font-size: large;\">suggestivo viaggio musicale in cui sono state rievocate, attraverso suoni e parole, le radici profonde di un popolo millenario caratterizzato da molteplici sfumature culturali. <\/span><\/span><\/span><\/span><\/p>\n<p lang=\"it-IT\" align=\"justify\"><span style=\"font-family: Times New Roman, serif;\"><span style=\"color: #000000;\"><span style=\"font-family: Arial, sans-serif;\"><span style=\"font-size: large;\">Si \u00e8 partiti dall\u2019India del Nord (e pi\u00f9 precisamente dalle regioni del Punjab, Rajasthan, Uttar Pradesh e la Valle del Sindh da dove i Rom provengono) per arrivare alla Spagna attravers i brani \u2018<\/span><\/span><\/span><span style=\"color: #000000;\"><span style=\"font-family: Arial, sans-serif;\"><span style=\"font-size: large;\"><i>Echi d&#8217;Oriente\u2019 <\/i><\/span><\/span><\/span><span style=\"color: #000000;\"><span style=\"font-family: Arial, sans-serif;\"><span style=\"font-size: large;\">e \u2018<\/span><\/span><\/span><span style=\"color: #000000;\"><span style=\"font-family: Arial, sans-serif;\"><span style=\"font-size: large;\"><i>Roman\u00f2 Div\u00e9s\u2019<\/i><\/span><\/span><\/span><span style=\"color: #000000;\"><span style=\"font-family: Arial, sans-serif;\"><span style=\"font-size: large;\">, dalle sonorit\u00e0 e dai ritmi indiani e \u2018<\/span><\/span><\/span><span style=\"color: #000000;\"><span style=\"font-family: Arial, sans-serif;\"><span style=\"font-size: large;\"><i>Paquito\u2019,<\/i><\/span><\/span><\/span><span style=\"color: #000000;\"><span style=\"font-family: Arial, sans-serif;\"><span style=\"font-size: large;\">\u00a0che contiene sonorit\u00e0 iberiche, dalla rumba catalana alla grande tradizione roman\u00ec del flamenco.<\/span><\/span><\/span><\/span><\/p>\n<p lang=\"it-IT\" align=\"justify\"><span style=\"font-family: Times New Roman, serif;\"><span style=\"color: #000000;\"><span style=\"font-family: Arial, sans-serif;\"><span style=\"font-size: large;\">Si \u00e8 poi proseguito con l\u2019inno \u2018<\/span><\/span><\/span><span style=\"color: #000000;\"><span style=\"font-family: Arial, sans-serif;\"><span style=\"font-size: large;\"><i>Gelem gelem\u2019<\/i><\/span><\/span><\/span><span style=\"color: #000000;\"><span style=\"font-family: Arial, sans-serif;\"><span style=\"font-size: large;\"> e \u2018<\/span><\/span><\/span><span style=\"color: #000000;\"><span style=\"font-family: Arial, sans-serif;\"><span style=\"font-size: large;\"><i>Murdevel\u00eb\u201d<\/i><\/span><\/span><\/span><span style=\"color: #000000;\"><span style=\"font-family: Arial, sans-serif;\"><span style=\"font-size: large;\"> (Padre Nostro), cantati dal tenore Nunzio Fazzini ed il soprano Bianca D\u2019Amore in lingua roman\u00ec, \u2018<\/span><\/span><\/span><span style=\"color: #000000;\"><span style=\"font-family: Arial, sans-serif;\"><span style=\"font-size: large;\"><i>Caje Sukarije\u2019<\/i><\/span><\/span><\/span><span style=\"color: #000000;\"><span style=\"font-family: Arial, sans-serif;\"><span style=\"font-size: large;\"> della leggendaria cantante macedone Ezma Red\u017eepova , <\/span><\/span><\/span><span style=\"color: #000000;\"><span style=\"font-family: Arial, sans-serif;\"><span style=\"font-size: large;\"><i>A Briglie Sciolte,\u00a0<\/i><\/span><\/span><\/span><span style=\"color: #000000;\"><span style=\"font-family: Arial, sans-serif;\"><span style=\"font-size: large;\">composizione di Spinelli dedicata al cavallo, animale simbolo della cultura roman\u00ec;\u00a0<\/span><\/span><\/span><span style=\"color: #000000;\"><span style=\"font-family: Arial, sans-serif;\"><span style=\"font-size: large;\"><i>Melologo, \u00a0<\/i><\/span><\/span><\/span><span style=\"color: #000000;\"><span style=\"font-family: Arial, sans-serif;\"><span style=\"font-size: large;\">brano del violinista Marco Bartolini, membro dell\u2019Orchestra Rossini composto appositamente per il concerto e che rappresenta un connubio di musica e poesia. <\/span><\/span><\/span><\/span><\/p>\n<p lang=\"it-IT\" align=\"justify\"><span style=\"font-family: Times New Roman, serif;\"><span style=\"color: #000000;\"><span style=\"font-family: Arial, sans-serif;\"><span style=\"font-size: large;\">Spinelli \u2013 che ha decantato in lingua italiana e roman\u00ec le sue poesie \u2018<\/span><\/span><\/span><span style=\"color: #000000;\"><span style=\"font-family: Arial, sans-serif;\"><span style=\"font-size: large;\"><i>Auschwitz\u2019<\/i><\/span><\/span><\/span><span style=\"color: #000000;\"><span style=\"font-family: Arial, sans-serif;\"><span style=\"font-size: large;\"> e \u2018<\/span><\/span><\/span><span style=\"color: #000000;\"><span style=\"font-family: Arial, sans-serif;\"><span style=\"font-size: large;\"><i>Per non dimenticare\u2019<\/i><\/span><\/span><\/span><span style=\"color: #000000;\"><span style=\"font-family: Arial, sans-serif;\"><span style=\"font-size: large;\">, volte a commemorare il\u00a0<\/span><\/span><\/span><span style=\"color: #000000;\"><span style=\"font-family: Arial, sans-serif;\"><span style=\"font-size: large;\">Samudaripen<\/span><\/span><\/span><span style=\"color: #000000;\"><span style=\"font-family: Arial, sans-serif;\"><span style=\"font-size: large;\">&#8211;<\/span><\/span><\/span><\/span><\/p>\n<p lang=\"it-IT\" align=\"justify\"><span style=\"font-family: Times New Roman, serif;\"><span style=\"color: #000000;\"><span style=\"font-family: Arial, sans-serif;\"><span style=\"font-size: large;\">\u00c8 f<\/span><\/span><\/span><span style=\"font-family: Arial, sans-serif;\"><span style=\"font-size: large;\">ondatore e presidente<\/span><\/span><span style=\"font-family: Arial, sans-serif;\"><span style=\"font-size: large;\">\u00a0dell\u2019 associazione culturale\u00a0\u2018<\/span><\/span><span style=\"font-family: Arial, sans-serif;\"><span style=\"font-size: large;\"><i>Th\u00e8m Roman\u00f2<\/i><\/span><\/span><span style=\"font-family: Arial, sans-serif;\"><span style=\"font-size: large;\"><i>\u00a0-Mondo rom\u2019,<\/i><\/span><\/span><span style=\"font-family: Arial, sans-serif;\"><span style=\"font-size: large;\"> inclusa nel Registro delle Associazioni e degli Enti che svolgono attivit\u00e0 nel campo della lotta alle discriminazioni e della promozione della parit\u00e0 di trattamento, istituito dall\u2019<\/span><\/span><span style=\"color: #19191a;\"><span style=\"font-family: Arial, sans-serif;\"><span style=\"font-size: large;\">Ufficio Nazionale Antidiscriminazioni Razziali<\/span><\/span><\/span><span style=\"color: #19191a;\"><span style=\"font-family: Arial, sans-serif;\"><span style=\"font-size: large;\"> (UNAR) di cui al Dipartimento per le Pari Opportunit\u00e0 della Presidenza del Consiglio dei Ministri.<\/span><\/span><\/span><\/span><\/p>\n<p lang=\"it-IT\" align=\"justify\"><span style=\"font-family: Times New Roman, serif;\"><span style=\"font-family: Arial, sans-serif;\"><span style=\"font-size: large;\">Con la sua famiglia <\/span><\/span><span style=\"color: #000000;\"><span style=\"font-family: Arial, sans-serif;\"><span style=\"font-size: large;\">si \u00e8 esibito al cospetto di Papi, Capi di Stato e di Governo presso il\u00a0<\/span><\/span><\/span><span style=\"color: #000000;\"><span style=\"font-family: Arial, sans-serif;\"><span style=\"font-size: large;\">Palazzo del Consiglio d&#8217;Europa a Strasburgo<\/span><\/span><\/span><span style=\"color: #000000;\"><span style=\"font-family: Arial, sans-serif;\"><span style=\"font-size: large;\">, il\u00a0<\/span><\/span><\/span><span style=\"color: #000000;\"><span style=\"font-family: Arial, sans-serif;\"><span style=\"font-size: large;\">Parlamento europeo a Bruxelles<\/span><\/span><\/span><span style=\"color: #000000;\"><span style=\"font-family: Arial, sans-serif;\"><span style=\"font-size: large;\">\u00a0e la\u00a0<\/span><\/span><\/span><span style=\"color: #000000;\"><span style=\"font-family: Arial, sans-serif;\"><span style=\"font-size: large;\">Presidenza del Consiglio dei Ministri<\/span><\/span><\/span><span style=\"color: #000000;\"><span style=\"font-family: Arial, sans-serif;\"><span style=\"font-size: large;\">\u00a0a Palazzo Chigi. Ha suonato nell&#8217;Aula Magna dell&#8217;Universit\u00e0 \u2018<\/span><\/span><\/span><span style=\"color: #000000;\"><span style=\"font-family: Arial, sans-serif;\"><span style=\"font-size: large;\"><i>La Sapienza\u2019<\/i><\/span><\/span><\/span><span style=\"color: #000000;\"><span style=\"font-family: Arial, sans-serif;\"><span style=\"font-size: large;\"> in occasione del 60\u00b0 anniversario dei Trattati di Roma <\/span><\/span><\/span><span style=\"color: #333333;\"><span style=\"font-family: Arial, sans-serif;\">&#8211;<\/span><\/span><span style=\"color: #333333;\"><span style=\"font-family: Arial, sans-serif;\"><span style=\"font-size: large;\">che il <\/span><\/span><\/span><strong><span style=\"color: #333333;\"><span style=\"font-family: Arial, sans-serif;\"><span style=\"font-size: large;\">25 marzo 1957<\/span><\/span><\/span><\/strong><span style=\"color: #333333;\"><span style=\"font-family: Arial, sans-serif;\"><span style=\"font-size: large;\">\u00a0<\/span><\/span><\/span><span style=\"color: #333333;\"><span style=\"font-family: Arial, sans-serif;\"><span style=\"font-size: large;\">diedero vita alla\u00a0<\/span><\/span><\/span><span style=\"color: #333333;\"><span style=\"font-family: Arial, sans-serif;\"><span style=\"font-size: large;\">Comunit\u00e0 Economica Europea (CEE)<\/span><\/span><\/span><span style=\"color: #333333;\"><span style=\"font-family: Arial, sans-serif;\"><span style=\"font-size: large;\"><b>\u00a0<\/b><\/span><\/span><\/span><span style=\"color: #333333;\"><span style=\"font-family: Arial, sans-serif;\"><span style=\"font-size: large;\">e alla\u00a0<\/span><\/span><\/span><span style=\"color: #333333;\"><span style=\"font-family: Arial, sans-serif;\"><span style=\"font-size: large;\">Comunit\u00e0 europea dell&#8217;energia atomica (Euratom)<\/span><\/span><\/span><span style=\"color: #333333;\"><span style=\"font-family: Arial, sans-serif;\"><span style=\"font-size: large;\">&#8211;\u00a0<\/span><\/span><\/span><span style=\"color: #000000;\"><span style=\"font-family: Arial, sans-serif;\"><span style=\"font-size: large;\"> oltre che nei pi\u00f9 importanti teatri italiani ed europei.<\/span><\/span><\/span><\/span><\/p>\n<p lang=\"it-IT\" align=\"justify\"><span style=\"color: #000000;\">\u2018<span style=\"font-family: Times New Roman, serif;\"><span style=\"font-family: Arial, sans-serif;\"><span style=\"font-size: large;\"><i>Una serata di altissimo profilo sia artistico che simbolico, tanto pi\u00f9 importante in un periodo in cui l&#8217;arte e la musica in particolare diventano un forte messaggio contro l&#8217;odio e la prevaricazione tra i popoli a favore della pace e del dialogo\u2019-<\/i><\/span><\/span><\/span><span style=\"font-family: Arial, sans-serif;\"><span style=\"font-size: large;\"> ha commentato il vice Sindaco ed Assessore alla Bellezza del Comune di Pesaro,\u00a0<\/span><\/span><span style=\"font-family: Arial, sans-serif;\"><span style=\"font-size: large;\">Daniele Vimini<\/span><\/span><span style=\"font-family: Arial, sans-serif;\"><span style=\"font-size: large;\">\u00a0.<\/span><\/span><\/span><\/p>\n<p lang=\"it-IT\" align=\"justify\"><span style=\"font-family: Times New Roman, serif;\"><span style=\"color: #000000;\"><span style=\"font-family: Arial, sans-serif;\"><span style=\"font-size: large;\">Sorrido uscendo dal teatro ricordando che molti artisti di etnia Rom hanno avuto molto successo nel mondo dell\u2019arte, anche la gente lo ignora: <\/span><\/span><\/span><span style=\"color: #000000;\"><span style=\"font-family: Arial, sans-serif;\"><span style=\"font-size: large;\">Michael Caine e Yul Brynner<\/span><\/span><\/span><span style=\"color: #000000;\"><span style=\"font-family: Arial, sans-serif;\"><span style=\"font-size: large;\">\u00a0(entrambi hanno ricoperto la carica di presidente della Roman\u00ec Unione), Elvis Presley, Pablo Picasso, Antonio Banderas, Charlie Chaplin e la \u2018<\/span><\/span><\/span><span style=\"color: #000000;\"><span style=\"font-family: Arial, sans-serif;\"><span style=\"font-size: large;\"><i>bella tra le belle\u2019<\/i><\/span><\/span><\/span><span style=\"color: #000000;\"><span style=\"font-family: Arial, sans-serif;\"><span style=\"font-size: large;\"> al periodo di \u2018<\/span><\/span><\/span><span style=\"color: #000000;\"><span style=\"font-family: Arial, sans-serif;\"><span style=\"font-size: large;\"><i>Gilda\u2019<\/i><\/span><\/span><\/span><span style=\"color: #000000;\"><span style=\"font-family: Arial, sans-serif;\"><span style=\"font-size: large;\">, Rita Hayworth. <\/span><\/span><\/span><\/span><\/p>\n<p lang=\"it-IT\" align=\"justify\">Paola Cecchini<\/p>\n","protected":false},"excerpt":{"rendered":"<p>&nbsp; Giornata internazionale di Rom, Sinti e Caminanti. Entusiasmo e successo a Pesaro per l\u2019Alexian Group Venerd\u00ec 8 aprile si [&hellip;]<\/p>\n","protected":false},"author":1,"featured_media":0,"comment_status":"open","ping_status":"open","sticky":false,"template":"","format":"standard","meta":{"footnotes":""},"categories":[33,10],"tags":[],"class_list":["post-21823","post","type-post","status-publish","format-standard","hentry","category-espectaculo","category-italiano"],"_links":{"self":[{"href":"https:\/\/www.ecoitaliano.com.ar\/index.php?rest_route=\/wp\/v2\/posts\/21823","targetHints":{"allow":["GET"]}}],"collection":[{"href":"https:\/\/www.ecoitaliano.com.ar\/index.php?rest_route=\/wp\/v2\/posts"}],"about":[{"href":"https:\/\/www.ecoitaliano.com.ar\/index.php?rest_route=\/wp\/v2\/types\/post"}],"author":[{"embeddable":true,"href":"https:\/\/www.ecoitaliano.com.ar\/index.php?rest_route=\/wp\/v2\/users\/1"}],"replies":[{"embeddable":true,"href":"https:\/\/www.ecoitaliano.com.ar\/index.php?rest_route=%2Fwp%2Fv2%2Fcomments&post=21823"}],"version-history":[{"count":0,"href":"https:\/\/www.ecoitaliano.com.ar\/index.php?rest_route=\/wp\/v2\/posts\/21823\/revisions"}],"wp:attachment":[{"href":"https:\/\/www.ecoitaliano.com.ar\/index.php?rest_route=%2Fwp%2Fv2%2Fmedia&parent=21823"}],"wp:term":[{"taxonomy":"category","embeddable":true,"href":"https:\/\/www.ecoitaliano.com.ar\/index.php?rest_route=%2Fwp%2Fv2%2Fcategories&post=21823"},{"taxonomy":"post_tag","embeddable":true,"href":"https:\/\/www.ecoitaliano.com.ar\/index.php?rest_route=%2Fwp%2Fv2%2Ftags&post=21823"}],"curies":[{"name":"wp","href":"https:\/\/api.w.org\/{rel}","templated":true}]}}