{"id":21828,"date":"2022-04-10T09:21:17","date_gmt":"2022-04-10T09:21:17","guid":{"rendered":"http:\/\/www.ecoitaliano.com.ar\/?p=21828"},"modified":"2022-04-10T09:21:17","modified_gmt":"2022-04-10T09:21:17","slug":"la-luminaria-grazie-lucio-donata-alla-fondazione-santorsola-di-bologna-dal-mecenate-francesco-amante","status":"publish","type":"post","link":"https:\/\/www.ecoitaliano.com.ar\/?p=21828","title":{"rendered":"La luminaria \u00abGrazie Lucio\u00bb donata alla Fondazione Sant\u2019Orsola di Bologna dal mecenate Francesco Amante"},"content":{"rendered":"<table role=\"presentation\" border=\"0\" width=\"100%\" cellspacing=\"0\" cellpadding=\"10\">\n<tbody>\n<tr>\n<td>\n<div>\n<div>\n<p><u>COMUNICATO STAMPA<\/u><\/p>\n<p><strong>\u00a0<\/strong><\/p>\n<p><strong>L\u2019imprenditore bolognese Francesco Amante dona <\/strong><\/p>\n<p><strong>alla Fondazione Sant\u2019Orsola una delle luminarie <\/strong><\/p>\n<p><strong>dedicate alla canzone \u201cFutura\u201d di Lucio Dalla<\/strong><\/p>\n<\/div>\n<\/div>\n<\/td>\n<\/tr>\n<\/tbody>\n<\/table>\n<table class=\"m_-5735336811864781919image_block\" role=\"presentation\" border=\"0\" width=\"100%\" cellspacing=\"0\" cellpadding=\"10\">\n<tbody>\n<tr>\n<td>\n<div align=\"center\"><img decoding=\"async\" class=\"m_-5735336811864781919big CToWUd a6T\" tabindex=\"0\" src=\"https:\/\/ci6.googleusercontent.com\/proxy\/cxEwyRyjLIp8kMgQzYdMqsbdGO8E5mOHtDDuuU0DU1KxyZJC63AjsaEo5jPFhX5P_Gv_oqJ7UH76G5LaWNBUQSRr9S0GL-Q_4dZ2vPdR_yBnWXwtTayuwmRg4T8aPV5zRmPplwvnueA_Oc-4c94_NYoX5BsC=s0-d-e1-ft#https:\/\/culturaliart.img.musvc2.net\/static\/91342\/images\/1\/7767d8f7-dc60-4f97-b45f-be4e14aebfc5.jpg\" width=\"580\" \/><\/div>\n<\/td>\n<\/tr>\n<\/tbody>\n<\/table>\n<table role=\"presentation\" border=\"0\" width=\"100%\" cellspacing=\"0\" cellpadding=\"10\">\n<tbody>\n<tr>\n<td>\n<div align=\"center\">\n<table role=\"presentation\" border=\"0\" width=\"100%\" cellspacing=\"0\" cellpadding=\"0\">\n<tbody>\n<tr>\n<td><\/td>\n<\/tr>\n<\/tbody>\n<\/table>\n<\/div>\n<\/td>\n<\/tr>\n<\/tbody>\n<\/table>\n<table role=\"presentation\" border=\"0\" width=\"100%\" cellspacing=\"0\" cellpadding=\"10\">\n<tbody>\n<tr>\n<td>\n<div>\n<div>\n<p>Venerd\u00ec 8 aprile 2022 alle ore 17.30 nel <strong>Day Hospital di Oncologia<\/strong>, Padiglione 2, del Policlinico di<strong> Sant\u2019Orsola <\/strong>\u00e8 stata installata in modo permanente un&#8217;opera d&#8217;arte donata dall\u2019imprenditore e mecenate bolognese <strong>Francesco Amante<\/strong>, da sempre vicino alla sua citt\u00e0 e al territorio.<\/p>\n<p>&nbsp;<\/p>\n<p>Ad accogliere i pazienti del reparto di Oncologia del Sant\u2019Orsola sar\u00e0 da oggi <strong>la scritta al neon \u201c<em>Grazie Lucio<\/em>\u201d<\/strong> che \u00e8 parte dell&#8217;installazione luminosa che nell\u2019inverno 2020 ha riacceso via d\u2019Azeglio a Bologna con i versi della canzone della canzone \u201cFutura\u201d del <strong>cantautore Lucio Dalla<\/strong>.<\/p>\n<p>Le parole del brano musicale, divenute arte urbana, nella forma di una poesia visiva raccolgono il miglior auspicio che ci possa aspettare dalla vita: cantare il futuro; per questo Francesco Amante si \u00e8 aggiudicato il pezzo durante <strong>l\u2019asta di beneficienza <\/strong>organizzata ad ottobre 2021 dal <strong>Consorzio degli Esercenti di via d&#8217;Azeglio Pedonale<\/strong>, con il patrocinio del <strong>Comune di Bologna<\/strong> e della <strong>Fondazione Lucio Dalla<\/strong>, in collaborazione con <strong>Sotheby\u2019s<\/strong> e con la <strong>Galleria d\u2019Arte Maggiore \u2013 GAM. <\/strong><\/p>\n<p>L\u2019installazione luminosa \u201cGrazie Lucio\u201d, firmata dall\u2019artista <strong>Pablo Echaurren<\/strong> e realizzata dall\u2019artigiano <strong>Antonio Spiezia<\/strong>, andr\u00e0 ora ad illuminare il Day Hospital di Oncologia Policlinico di Sant\u2019Orsola a Bologna, dove ogni anno oltre 1.800 pazienti ricevono le terapie per sconfiggere patologie oncologiche.<\/p>\n<p>&nbsp;<\/p>\n<p>Dichiara <strong>Andrea Faccani<\/strong>, Presidente della Fondazione Lucio Dalla \u201c<em>La gara di solidariet\u00e0 che ha animato l\u2019asta benefica ha testimoniato il grande affetto che accompagna il ricordo di Lucio e l\u2019impegno di chi vi ha partecipato a contribuire in modo concreto al benessere delle persone, impegno che Francesco Amante oggi rinnova donando la luminaria \u201cGrazie Lucio\u201d al day hospital di oncologia, un gesto molto bello di cui siamo felici di essere testimoni. Siamo davvero lieti che grazie a questa donazione l\u2019affettuoso omaggio di Pablo Ecahurren a Lucio che chiudeva la sequenza delle installazioni luminose dedicate a Futura possa continuare a splendere portando conforto e fiducia in un futuro migliore a coloro che vivono le difficolt\u00e0 dei percorsi di cura. In questa occasione di gioia ci teniamo anche a ricordare con affetto Franco Calarota, con cui abbiamo condiviso gli eventi benefici delle luminarie dedicate alle canzoni di Lucio e che ne \u00e8 stato il cuore e l\u2019anima, certamente sarebbe stato felice di essere qui a condividere questo momento importante<\/em>\u201d.<\/p>\n<p>&nbsp;<\/p>\n<p>Afferma l&#8217;imprenditore <strong>Francesco Amante<\/strong>: \u201c<em>Da collezionista quale sono, ritengo che le opere d\u2019arte debbano il pi\u00f9 possibile essere fruite dal pubblico. In tale senso mi sento vicino alla prospettiva del caro Amico Concetto Pozzati quando asseriva che le opere dovrebbero avere le ruote per girare. Delle tre opere acquistate all\u2019evento benefico delle luminarie dedicate a \u201cFutura\u201d di Lucio Dalla a favore della Fondazione Policlinico Sant\u2019Orsola, la pi\u00f9 importante \u201cGrazie Lucio\u201d ho deciso di donarla alla Fondazione Sant\u2019Orsola, perch\u00e9 possa essere anche un segnale di conforto e di speranza, un auspicio da leggere, da vedere, da sperare&#8230; un auspicio, di guarigione e con esso di vita attraverso un semplice ma importante \u201cGrazie\u201d di luce\u201d.<\/em><\/p>\n<p>&nbsp;<\/p>\n<p>Durante la cerimonia <strong>Luca Rizzo Nervo<\/strong>, Assessore. Deleghe. Welfare, nuove cittadinanze, fragilit\u00e0 del <strong>Comune di Bologna<\/strong> ha ringraziato Francesco Amante: \u00ab<em>ringrazio per l&#8217;ennesima volta e per l&#8217;ennesimo gesto di grande generosit\u00e0 verso questa citt\u00e0 Francesco Amante. Non \u00e8 la prima volta che incrocio la sua determinazione, la sua generosit\u00e0; lo ringrazio per il fatto di regalare a Bologna delle occasioni per ritrovarsi attorno a delle cose belle<\/em>\u00ab.<\/p>\n<\/div>\n<\/div>\n<\/td>\n<\/tr>\n<\/tbody>\n<\/table>\n<table class=\"m_-5735336811864781919image_block\" role=\"presentation\" border=\"0\" width=\"100%\" cellspacing=\"0\" cellpadding=\"15\">\n<tbody>\n<tr>\n<td>\n<div align=\"center\"><img decoding=\"async\" class=\"m_-5735336811864781919big CToWUd a6T\" tabindex=\"0\" src=\"https:\/\/ci3.googleusercontent.com\/proxy\/WU0miVebOyF2Ts6YsSHl2gmjjPb2ZYFjPOf_kCr78N5iPNvOA-WQkMBp29Kj_c5JPMjeJMQctP-jSya6f4u6PfbtIV_Noin0MUhFvFLftkPv1BXQEpvT8Sc_rru6AVV4gltdWOXuBJHAmV-N7ZOmbgAS9-FQ=s0-d-e1-ft#https:\/\/culturaliart.img.musvc2.net\/static\/91342\/images\/1\/7dd41eaf-4c87-4f20-88f4-1e28063f024d.jpg\" width=\"570\" \/><\/div>\n<\/td>\n<\/tr>\n<\/tbody>\n<\/table>\n<table role=\"presentation\" border=\"0\" width=\"100%\" cellspacing=\"0\" cellpadding=\"10\">\n<tbody>\n<tr>\n<td>\n<div>\n<div>\n<p><strong>Amante <\/strong>non \u00e8 nuovo a queste iniziative filantropiche: ricordiamo l\u2019installazione <strong><em>Sala d\u2019Attesa<\/em><\/strong> presso il Pantheon della Certosa di Bologna, il grande lampadario di <strong><em>Casa Grande<\/em><\/strong> collocato davanti alla Cineteca di Bologna e <strong>il restauro e ricollocazione delle sculture in bronzo di Romagnoli<\/strong> sulla facciata di Palazzo d\u2019Accursio in piazza Maggiore, dove erano posti e rimossi 75 anni fa.<\/p>\n<p>L\u2019asta, organizzata da Sotheby\u2019s, ha raccolto un totale <strong>di 122 mila euro, che <\/strong>\u2013 detratte le spese vive sostenute dagli organizzatori &#8211;<strong> \u00e8 stato devoluto a favore della Fondazione Sant&#8217;Orsola<\/strong> per la ristrutturazione radicale del reparto di degenza oncologica. Durante la serata, che ha visto la partecipazione di oltre 350 ospiti, la scritta \u201c<strong>Grazie Lucio<\/strong>\u201d ha registrato il prezzo pi\u00f9 alto battuto in asta per la cifra di <strong>16.000 <\/strong>euro<strong>.<\/strong><\/p>\n<\/div>\n<\/div>\n<\/td>\n<\/tr>\n<\/tbody>\n<\/table>\n","protected":false},"excerpt":{"rendered":"<p>COMUNICATO STAMPA \u00a0 L\u2019imprenditore bolognese Francesco Amante dona alla Fondazione Sant\u2019Orsola una delle luminarie dedicate alla canzone \u201cFutura\u201d di Lucio [&hellip;]<\/p>\n","protected":false},"author":1,"featured_media":0,"comment_status":"open","ping_status":"open","sticky":false,"template":"","format":"standard","meta":{"footnotes":""},"categories":[10,53],"tags":[],"class_list":["post-21828","post","type-post","status-publish","format-standard","hentry","category-italiano","category-medicina"],"_links":{"self":[{"href":"https:\/\/www.ecoitaliano.com.ar\/index.php?rest_route=\/wp\/v2\/posts\/21828","targetHints":{"allow":["GET"]}}],"collection":[{"href":"https:\/\/www.ecoitaliano.com.ar\/index.php?rest_route=\/wp\/v2\/posts"}],"about":[{"href":"https:\/\/www.ecoitaliano.com.ar\/index.php?rest_route=\/wp\/v2\/types\/post"}],"author":[{"embeddable":true,"href":"https:\/\/www.ecoitaliano.com.ar\/index.php?rest_route=\/wp\/v2\/users\/1"}],"replies":[{"embeddable":true,"href":"https:\/\/www.ecoitaliano.com.ar\/index.php?rest_route=%2Fwp%2Fv2%2Fcomments&post=21828"}],"version-history":[{"count":0,"href":"https:\/\/www.ecoitaliano.com.ar\/index.php?rest_route=\/wp\/v2\/posts\/21828\/revisions"}],"wp:attachment":[{"href":"https:\/\/www.ecoitaliano.com.ar\/index.php?rest_route=%2Fwp%2Fv2%2Fmedia&parent=21828"}],"wp:term":[{"taxonomy":"category","embeddable":true,"href":"https:\/\/www.ecoitaliano.com.ar\/index.php?rest_route=%2Fwp%2Fv2%2Fcategories&post=21828"},{"taxonomy":"post_tag","embeddable":true,"href":"https:\/\/www.ecoitaliano.com.ar\/index.php?rest_route=%2Fwp%2Fv2%2Ftags&post=21828"}],"curies":[{"name":"wp","href":"https:\/\/api.w.org\/{rel}","templated":true}]}}