{"id":21877,"date":"2022-04-12T10:04:33","date_gmt":"2022-04-12T10:04:33","guid":{"rendered":"http:\/\/www.ecoitaliano.com.ar\/?p=21877"},"modified":"2022-04-12T19:46:12","modified_gmt":"2022-04-12T19:46:12","slug":"eva-fischer-in-mostra-a-volterra","status":"publish","type":"post","link":"https:\/\/www.ecoitaliano.com.ar\/?p=21877","title":{"rendered":"Eva FIscher in Mostra a Volterra"},"content":{"rendered":"<p><a href=\"http:\/\/www.ecoitaliano.com.ar\/wp-content\/uploads\/2022\/04\/Colori-Toscani-Olio-su-tela-del-1986-cm.-140x200.jpg\"><img decoding=\"async\" class=\"alignnone size-full wp-image-21883\" src=\"http:\/\/www.ecoitaliano.com.ar\/wp-content\/uploads\/2022\/04\/Colori-Toscani-Olio-su-tela-del-1986-cm.-140x200.jpg\" alt=\"\" width=\"939\" height=\"646\" srcset=\"https:\/\/www.ecoitaliano.com.ar\/wp-content\/uploads\/2022\/04\/Colori-Toscani-Olio-su-tela-del-1986-cm.-140x200.jpg 939w, https:\/\/www.ecoitaliano.com.ar\/wp-content\/uploads\/2022\/04\/Colori-Toscani-Olio-su-tela-del-1986-cm.-140x200-300x206.jpg 300w, https:\/\/www.ecoitaliano.com.ar\/wp-content\/uploads\/2022\/04\/Colori-Toscani-Olio-su-tela-del-1986-cm.-140x200-768x528.jpg 768w, https:\/\/www.ecoitaliano.com.ar\/wp-content\/uploads\/2022\/04\/Colori-Toscani-Olio-su-tela-del-1986-cm.-140x200-150x103.jpg 150w\" sizes=\"(max-width: 939px) 100vw, 939px\" \/><\/a><\/p>\n<p>&nbsp;<\/p>\n<div id='gallery-1' class='gallery galleryid-21877 gallery-columns-3 gallery-size-thumbnail'><figure class='gallery-item'>\n\t\t\t<div class='gallery-icon landscape'>\n\t\t\t\t<a href='https:\/\/www.ecoitaliano.com.ar\/?attachment_id=21880'><img decoding=\"async\" width=\"150\" height=\"150\" src=\"https:\/\/www.ecoitaliano.com.ar\/wp-content\/uploads\/2022\/04\/Con-lattore-doppiatore-presentatore-Silvio-Noto-verso-al-fine-degli-anni-cinquanta-150x150.jpg\" class=\"attachment-thumbnail size-thumbnail\" alt=\"\" \/><\/a>\n\t\t\t<\/div><\/figure><figure class='gallery-item'>\n\t\t\t<div class='gallery-icon portrait'>\n\t\t\t\t<a href='https:\/\/www.ecoitaliano.com.ar\/?attachment_id=21881'><img decoding=\"async\" width=\"150\" height=\"150\" src=\"https:\/\/www.ecoitaliano.com.ar\/wp-content\/uploads\/2022\/04\/Alberto-Sordi1-150x150.jpg\" class=\"attachment-thumbnail size-thumbnail\" alt=\"\" \/><\/a>\n\t\t\t<\/div><\/figure><figure class='gallery-item'>\n\t\t\t<div class='gallery-icon landscape'>\n\t\t\t\t<a href='https:\/\/www.ecoitaliano.com.ar\/?attachment_id=21882'><img decoding=\"async\" width=\"150\" height=\"150\" src=\"https:\/\/www.ecoitaliano.com.ar\/wp-content\/uploads\/2022\/04\/Carlo-Levi-150x150.jpg\" class=\"attachment-thumbnail size-thumbnail\" alt=\"\" \/><\/a>\n\t\t\t<\/div><\/figure>\n\t\t<\/div>\n\n<p align=\"center\"><span style=\"color: #000000;\"><span style=\"font-size: large;\"><b>SCHEGGE DI MURI E DI VITA \u2013 Comunicato Stampa<\/b><\/span><\/span><\/p>\n<p align=\"justify\"><span style=\"color: #000000;\">Si inaugurer\u00e0 il <\/span><span style=\"color: #000000;\"><b>14 aprile 2022<\/b><\/span><span style=\"color: #000000;\">, presso il <\/span><span style=\"color: #000000;\"><b>Palazzo dei Priori di Volterra<\/b><\/span><span style=\"color: #000000;\">, \u201c<\/span><span style=\"color: #000000;\"><b>Schegge di muri e di vita<\/b><\/span><span style=\"color: #000000;\">\u201d, retrospettiva di <\/span><span style=\"color: #000000;\"><b>Eva Fischer<\/b><\/span><span style=\"color: #000000;\"> (1920-2015).<\/span><\/p>\n<p align=\"justify\"><span style=\"color: #000000;\">Nel contesto di \u201c<\/span><span style=\"color: #000000;\"><b>Volterra, Prima Citt\u00e0 Toscana della Cultura 2022<\/b><\/span><span style=\"color: #000000;\">\u201d, il Comune ospiter\u00e0 <\/span><span style=\"color: #000000;\"><b>16 opere<\/b><\/span><span style=\"color: #000000;\"> pittoriche di questa artista che ha portato l\u2019Italia nel mondo attraverso i suoi quadri ed \u00e8 stata testimone di gran parte della cultura del secolo scorso e dei primi anni di questo. Sar\u00e0 la personale numero 135 di Eva Fischer.<\/span><\/p>\n<p align=\"justify\"><span style=\"color: #000000;\">La particolarit\u00e0 di questa mostra di Eva, \u00e8 che \u00e8 la prima in un contesto di <\/span><span style=\"color: #000000;\"><b>opere astratte<\/b><\/span><span style=\"color: #000000;\"> ma di <\/span><span style=\"color: #000000;\"><b>alto significato umano<\/b><\/span><span style=\"color: #000000;\"> ed in un qual modo figurativo: da <\/span><span style=\"color: #000000;\"><i>Clowneide<\/i><\/span><span style=\"color: #000000;\"> all\u2019<\/span><span style=\"color: #000000;\"><i>Ordigno meccanico col Rosso<\/i><\/span><span style=\"color: #000000;\">, dal <\/span><span style=\"color: #000000;\"><i>Muro del Ghetto<\/i><\/span><span style=\"color: #000000;\"> &#8211; nella storia delle <\/span><span style=\"color: #000000;\"><b>deportazioni naziste<\/b><\/span><span style=\"color: #000000;\"> a Roma i muri hanno significato un modo per mandare dei messaggi nascosti alla <\/span><span style=\"color: #000000;\"><b>popolazione ebraica<\/b><\/span><span style=\"color: #000000;\"> &#8211; ai <\/span><span style=\"color: #000000;\"><i>Colori toscani<\/i><\/span><span style=\"color: #000000;\"> nel quale \u00e8 possibile estrarre attraverso le tonalit\u00e0 pittoriche, le componenti storiche che hanno costruito le citt\u00e0. I quadri esposti sono stati dipinti tra il 1953 ed il 1986.<\/span><\/p>\n<p align=\"justify\"><span style=\"color: #000000;\">L\u2019esposizione di Volterra \u00e8 stata fortemente voluta da <\/span><span style=\"color: #000000;\"><b>Walter Sandri<\/b><\/span><span style=\"color: #000000;\">, <\/span><span style=\"color: #000000;\">console per la provincia di Massa Carrara del <\/span><span style=\"color: #000000;\"><b>Touring Club Italiano<\/b><\/span><span style=\"color: #000000;\">, ed \u00e8 la prima di un itinerario toscano collegato<\/span> <span style=\"color: #000000;\">attraverso le tematiche pittoriche della Fischer. Luoghi, poli museali, presenze storicoculturali differenti, verranno accomunati nel 2022 dal tratto pittorico di un\u2019artista contemporanea. Questo il percorso creato tra il TCI e la <\/span><span style=\"color: #000000;\"><i>Eva Fischer Foundation<\/i><\/span><span style=\"color: #000000;\">.<\/span><\/p>\n<p align=\"justify\"><span style=\"color: #000000;\">La mostra volterrana durer\u00e0 sino al 10 maggio.<\/span><\/p>\n<p align=\"justify\"><span style=\"color: #0f243e;\">\u201cSchegge di muri e di vita\u201d, mostra retrospettiva di Eva Fischer<\/span><\/p>\n<p align=\"justify\"><span style=\"color: #0f243e;\">Palazzo dei Priori di Volterra, sala del Giudice Conciliatore<\/span><\/p>\n<p align=\"justify\"><span style=\"color: #0f243e;\">14 aprile \u2013 10 maggio 2022 \u2013 dalle 09.00 alle 19.00<\/span><\/p>\n<p align=\"justify\"><span style=\"color: #0000ff;\"><a href=\"https:\/\/volterra22.it\/eventi\/mostra-di-pittura-di-eva-fischer\/\"><span style=\"color: #0f243e;\">https:\/\/volterra22.it\/eventi\/mostra-di-pittura-di-eva-fischer<\/span><\/a><\/span><\/p>\n<p align=\"justify\"><span style=\"color: #000000;\"><i>Inaugurazione alle ore 18.00 del 14 aprile <\/i><\/span><\/p>\n<p align=\"justify\"><i><b>Eva Fischer Foundation &#8211; Ufficio Stampa<\/b><\/i><\/p>\n<p align=\"justify\"><span style=\"color: #0000ff;\"><a href=\"http:\/\/www.evafischer.foundation\/\"><span style=\"color: #000000;\">www.evafischer.foundation<\/span><\/a><\/span><span style=\"color: #000000;\"> \u2013 <\/span><span style=\"color: #0000ff;\"><a href=\"http:\/\/www.evafischer.com\/\"><span style=\"color: #000000;\">www.evafischer.com<\/span><\/a><\/span><\/p>\n<p align=\"justify\"><span style=\"font-size: small;\">Segue una biografia di Eva Fischer<\/span><\/p>\n<p align=\"center\"><b>Eva Fischer (1920 &#8211; 2015) &#8211; Brevi note biografiche<\/b><\/p>\n<p align=\"justify\"><span style=\"font-size: small;\">Nata a Daruvar, nella ex-Jugoslavia, il 19 novembre 1920, Eva Fischer si diplom\u00f2 a soli 19 anni all\u2019Accademia di Belle Arti di Lione. Rientrata a Belgrado \u2013 dove la famiglia si era trasferita -, fu poi costretta a fuggire dopo la deportazione per mano nazista del padre Leopold, eccelso talmudista e letterato in contatto anche con Franz Kafka. Assieme alla madre ed al fratello pi\u00f9 piccolo si consegnarono agli \u201citaliani brava gente\u201d e vennero rinchiusi nel campo di Vallegrande, nell\u2019isola di Curzola. <\/span><\/p>\n<p align=\"justify\"><span style=\"font-size: small;\">Da qui Eva riusc\u00ec ad ottenere un permesso \u2013 grazie al ritratto fatto ad alcuni soldati italiani \u2013 per portare la madre malata a Bologna, dove sotto falso nome divenne esponente attiva della lotta partigiana (Anpi l\u2018annovera fra i suoi soci onorari). <\/span><\/p>\n<p align=\"justify\"><span style=\"font-size: small;\">Eva fu talmente segnata da questa tragedia che per anni la releg\u00f2 nell\u2019oblio e nel silenzio pi\u00f9 assoluto; affid\u00f2 invece la voce del suo dolore ad una copiosa produzione di opere \u2013 mantenute segrete sino al 1989 perfino ai suoi familiari &#8211; che rappresentano un toccante e personale diario sulla Shoah. <\/span><\/p>\n<p align=\"justify\"><span style=\"font-size: small;\">A guerra finita Eva scelse Roma come citt\u00e0 d\u2019adozione ma la sua fu una vita di brevi migrazioni, ovunque il suo estro l\u2019abbia chiamata: Parigi, Madrid, Gerusalemme, Londra. <\/span><\/p>\n<p align=\"justify\"><span style=\"font-size: small;\">Entrata a far parte del gruppo di Via Margutta divenne amica di Amerigo Tot, Mafai, Guttuso e Capogrossi. Di quel periodo ancora ricorda le lunghe passeggiate con Cagli e De Chirico, di quando Dal\u00ec si innamor\u00f2 dei suoi mercati ed Ehrenburg che scrisse sulle sue \u201cumili e orgogliose biciclette\u201d. <\/span><\/p>\n<p align=\"justify\"><span style=\"font-size: small;\">Con Picasso s\u2019intrattenne a casa Visconti parlando d\u2019arte e creativit\u00e0 e dove il maestro la esort\u00f2 a progredire e continuare nel suo lavoro. <\/span><\/p>\n<p align=\"justify\"><span style=\"font-size: small;\">Durante il soggiorno a Parigi divenne amica di Chagall e a Madrid fu assidua frequentatrice dell\u2019atelier di Juana Mord\u00f2. <\/span><\/p>\n<p align=\"justify\"><span style=\"font-size: small;\">Nel 1963 Eva sposa Alberto Baumann, giornalista, poeta ed artista cresciuto a Montecatini Terme e di padre ungherese e madre livornese. Nel 1964 nasce il figlio Alan Dav\u00ecd, giornalista e scrittore nonch\u00e9 presidente della <\/span><span style=\"font-size: small;\"><i>Eva Fischer Foundation<\/i><\/span><span style=\"font-size: small;\">.<\/span><\/p>\n<p align=\"justify\"><span style=\"font-size: small;\">Definita \u201cultima rappresentante la Scuola Romana del Dopoguerra\u201d, la Fischer venne nominata \u201cArtista della Comunit\u00e0 Europea\u201d nei primi anni \u201980. \u00c8 stata la prima donna ed il primo pittore ad esporre al Museo di Belle Arti di Osaka; ha tenuto oltre 130 mostre personali, fra le quali quella allo <\/span><span style=\"font-size: small;\"><i>Yad Vashem<\/i><\/span><span style=\"font-size: small;\"> di Gerusalemme, il Museo dedicato alla Shoah pi\u00f9 famoso nel mondo. Nasce nel 1991 a Kfar-Sava (Israele) l\u2019<\/span><span style=\"font-size: small;\"><i>Eva Fischer Fund.<\/i><\/span><\/p>\n<p align=\"justify\"><span style=\"font-size: small;\">La carriera artistica di Eva Fischer \u00e8 stata costellata da scambi ed amicizie con artisti e letterati del suo tempo, fra i quali va ricordato anche il lungo sodalizio con Ennio Morricone, che tradusse l\u2019emozione dei suoi cromatismi pittorici nelle magiche note di brani indimenticabili scritti per lei e pubblicati nel cd \u201cA Eva Fischer pittore\u201d.<\/span><\/p>\n<p align=\"justify\"><span style=\"font-size: small;\">Il Presidente della Repubblica Italiana Giorgio Napolitano <\/span><span style=\"color: #000000;\"><span style=\"font-size: small;\">le ha conferito nel 2008 l&#8217;onorificenza di Cavaliere al merito della Repubblica.<\/span><\/span><\/p>\n<p align=\"justify\"><span style=\"color: #000000;\"><span style=\"font-size: small;\">Nelle sue opere \u00e8 costante il gioco delle trasparenze frutto del suo stile personalissimo. Il lungo percorso pittorico \u00e8 ricco di melodie dai romanticismi melanconici, dai racconti di vita vissuta o di vita calpestata.<\/span><\/span><span style=\"color: #000000;\"><span style=\"font-size: small;\">\u00a0<\/span><\/span><\/p>\n<p align=\"justify\"><span style=\"color: #000000;\"><span style=\"font-size: small;\">Le immagini raccolte e depositate nei suoi \u201cmomenti pittorici\u201d possono per\u00f2 passare dal fantasioso al fantastico, dal \u201cnudo e crudo\u201d a quell\u2019impercettibilit\u00e0 che solo la sensibilit\u00e0 di un\u2019artista riesce a personalizzare.<\/span><\/span><\/p>\n<p align=\"justify\"><span style=\"color: #000000;\"><span style=\"font-size: small;\">Una retrospettiva con oltre 140 opere si \u00e8 tenuta nel 2021 a Cagliari, riscontrando grande e costante successo per oltre sei mesi. <\/span><\/span><\/p>\n<p align=\"justify\"><span style=\"color: #000000;\"><span style=\"font-size: small;\">Nel mese di gennaio 2022, la citt\u00e0 natale di Eva <\/span><\/span><span style=\"color: #000000;\"><span style=\"font-size: small;\"><i>Daruvar<\/i><\/span><\/span><span style=\"color: #000000;\"><span style=\"font-size: small;\">, le ha intitolato la Galleria d\u2019Arte Moderna.<\/span><\/span><\/p>\n<p align=\"justify\"><span style=\"color: #000000;\"><span style=\"font-size: small;\">Riferendosi alla dimensione artistica del ventunesimo secolo, Eva sottolineava che \u201c\u00e8 arte solo quel che provoca emozioni\u201d. <\/span><\/span><\/p>\n<p align=\"justify\"><span style=\"color: #000000;\"><span style=\"font-size: small;\">Per un ulteriore approfondimento <\/span><\/span><span style=\"color: #0000ff;\"><a href=\"http:\/\/www.evafischer.com\/\"><span style=\"color: #000000;\"><span style=\"font-size: small;\">www.evafischer.com<\/span><\/span><\/a><\/span><span style=\"color: #000000;\"><span style=\"font-size: small;\"> e <\/span><\/span><span style=\"color: #0000ff;\"><a href=\"http:\/\/www.evafischer.foundation\/\"><span style=\"color: #000000;\"><span style=\"font-size: small;\">www.evafischer.foundation<\/span><\/span><\/a><\/span><span style=\"color: #000000;\"><span style=\"font-size: small;\">. <\/span><\/span><\/p>\n","protected":false},"excerpt":{"rendered":"<p>&nbsp; SCHEGGE DI MURI E DI VITA \u2013 Comunicato Stampa Si inaugurer\u00e0 il 14 aprile 2022, presso il Palazzo dei [&hellip;]<\/p>\n","protected":false},"author":1,"featured_media":0,"comment_status":"open","ping_status":"open","sticky":false,"template":"","format":"standard","meta":{"footnotes":""},"categories":[4,10],"tags":[],"class_list":["post-21877","post","type-post","status-publish","format-standard","hentry","category-cultura","category-italiano"],"_links":{"self":[{"href":"https:\/\/www.ecoitaliano.com.ar\/index.php?rest_route=\/wp\/v2\/posts\/21877","targetHints":{"allow":["GET"]}}],"collection":[{"href":"https:\/\/www.ecoitaliano.com.ar\/index.php?rest_route=\/wp\/v2\/posts"}],"about":[{"href":"https:\/\/www.ecoitaliano.com.ar\/index.php?rest_route=\/wp\/v2\/types\/post"}],"author":[{"embeddable":true,"href":"https:\/\/www.ecoitaliano.com.ar\/index.php?rest_route=\/wp\/v2\/users\/1"}],"replies":[{"embeddable":true,"href":"https:\/\/www.ecoitaliano.com.ar\/index.php?rest_route=%2Fwp%2Fv2%2Fcomments&post=21877"}],"version-history":[{"count":0,"href":"https:\/\/www.ecoitaliano.com.ar\/index.php?rest_route=\/wp\/v2\/posts\/21877\/revisions"}],"wp:attachment":[{"href":"https:\/\/www.ecoitaliano.com.ar\/index.php?rest_route=%2Fwp%2Fv2%2Fmedia&parent=21877"}],"wp:term":[{"taxonomy":"category","embeddable":true,"href":"https:\/\/www.ecoitaliano.com.ar\/index.php?rest_route=%2Fwp%2Fv2%2Fcategories&post=21877"},{"taxonomy":"post_tag","embeddable":true,"href":"https:\/\/www.ecoitaliano.com.ar\/index.php?rest_route=%2Fwp%2Fv2%2Ftags&post=21877"}],"curies":[{"name":"wp","href":"https:\/\/api.w.org\/{rel}","templated":true}]}}