{"id":21897,"date":"2022-04-12T19:28:58","date_gmt":"2022-04-12T19:28:58","guid":{"rendered":"http:\/\/www.ecoitaliano.com.ar\/?p=21897"},"modified":"2022-04-12T19:28:58","modified_gmt":"2022-04-12T19:28:58","slug":"il-palazzo-sulla-fredericiagade-il-volume-dellambasciatore-gaetano-cortese-sullambasciata-ditalia-a-copenaghen","status":"publish","type":"post","link":"https:\/\/www.ecoitaliano.com.ar\/?p=21897","title":{"rendered":"Il Palazzo sulla Fredericiagade, il volume dell\u2019Ambasciatore Gaetano Cortese sull\u2019Ambasciata d\u2019Italia a Copenaghen"},"content":{"rendered":"<div id='gallery-1' class='gallery galleryid-21897 gallery-columns-3 gallery-size-thumbnail'><figure class='gallery-item'>\n\t\t\t<div class='gallery-icon portrait'>\n\t\t\t\t<a href='https:\/\/www.ecoitaliano.com.ar\/?attachment_id=21898'><img decoding=\"async\" width=\"150\" height=\"150\" src=\"https:\/\/www.ecoitaliano.com.ar\/wp-content\/uploads\/2022\/04\/1-12-150x150.jpg\" class=\"attachment-thumbnail size-thumbnail\" alt=\"\" \/><\/a>\n\t\t\t<\/div><\/figure><figure class='gallery-item'>\n\t\t\t<div class='gallery-icon portrait'>\n\t\t\t\t<a href='https:\/\/www.ecoitaliano.com.ar\/?attachment_id=21899'><img decoding=\"async\" width=\"150\" height=\"150\" src=\"https:\/\/www.ecoitaliano.com.ar\/wp-content\/uploads\/2022\/04\/2-13-150x150.jpg\" class=\"attachment-thumbnail size-thumbnail\" alt=\"\" \/><\/a>\n\t\t\t<\/div><\/figure><figure class='gallery-item'>\n\t\t\t<div class='gallery-icon portrait'>\n\t\t\t\t<a href='https:\/\/www.ecoitaliano.com.ar\/?attachment_id=21900'><img decoding=\"async\" width=\"150\" height=\"150\" src=\"https:\/\/www.ecoitaliano.com.ar\/wp-content\/uploads\/2022\/04\/5-9-150x150.jpg\" class=\"attachment-thumbnail size-thumbnail\" alt=\"\" \/><\/a>\n\t\t\t<\/div><\/figure>\n\t\t<\/div>\n\n<div id='gallery-2' class='gallery galleryid-21897 gallery-columns-3 gallery-size-thumbnail'><figure class='gallery-item'>\n\t\t\t<div class='gallery-icon portrait'>\n\t\t\t\t<a href='https:\/\/www.ecoitaliano.com.ar\/?attachment_id=21901'><img decoding=\"async\" width=\"150\" height=\"150\" src=\"https:\/\/www.ecoitaliano.com.ar\/wp-content\/uploads\/2022\/04\/4-7-150x150.jpg\" class=\"attachment-thumbnail size-thumbnail\" alt=\"\" \/><\/a>\n\t\t\t<\/div><\/figure><figure class='gallery-item'>\n\t\t\t<div class='gallery-icon landscape'>\n\t\t\t\t<a href='https:\/\/www.ecoitaliano.com.ar\/?attachment_id=21902'><img decoding=\"async\" width=\"150\" height=\"150\" src=\"https:\/\/www.ecoitaliano.com.ar\/wp-content\/uploads\/2022\/04\/3-Copenaghen-150x150.jpg\" class=\"attachment-thumbnail size-thumbnail\" alt=\"\" \/><\/a>\n\t\t\t<\/div><\/figure><figure class='gallery-item'>\n\t\t\t<div class='gallery-icon landscape'>\n\t\t\t\t<a href='https:\/\/www.ecoitaliano.com.ar\/?attachment_id=21903'><img decoding=\"async\" width=\"150\" height=\"150\" src=\"https:\/\/www.ecoitaliano.com.ar\/wp-content\/uploads\/2022\/04\/6-6-150x150.jpg\" class=\"attachment-thumbnail size-thumbnail\" alt=\"\" \/><\/a>\n\t\t\t<\/div><\/figure>\n\t\t<\/div>\n\n<p>&nbsp;<\/p>\n<p align=\"center\"><a name=\"_GoBack\"><\/a> <span style=\"font-family: Georgia, serif;\"><span style=\"font-size: x-large;\">Il Palazzo sulla Fredericiagade, il volume dell\u2019Ambasciatore Gaetano Cortese sull\u2019Ambasciata d\u2019Italia a Copenaghen<\/span><\/span><\/p>\n<p>&nbsp;<\/p>\n<p align=\"center\"><span style=\"font-family: Georgia, serif;\"><span style=\"font-size: medium;\">di <\/span><\/span><span style=\"font-family: Georgia, serif;\"><span style=\"font-size: medium;\"><b>Francesco Franza<\/b><\/span><\/span><\/p>\n<p>&nbsp;<\/p>\n<p align=\"justify\"><span style=\"font-family: Georgia, serif;\"><span style=\"font-size: medium;\">ROMA &#8211; Nella Collana dei libri dedicati alle Ambasciate italiane nel mondo pubblicati dall\u2019Ambasciatore <\/span><\/span><span style=\"font-family: Georgia, serif;\"><span style=\"font-size: medium;\"><b>Gaetano Cortese<\/b><\/span><\/span><span style=\"font-family: Georgia, serif;\"><span style=\"font-size: medium;\"> sulle pi\u00f9 prestigiose sedi diplomatiche italiane all\u2019estero, oggi abbiamo l\u2019Ambasciata d\u2019Italia a Copenaghen. Il titolo del volume \u00e8 \u201c<\/span><\/span><span style=\"font-family: Georgia, serif;\"><span style=\"font-size: medium;\"><i>Il Palazzo sulla Fredericiagade<\/i><\/span><\/span><span style=\"font-family: Georgia, serif;\"><span style=\"font-size: medium;\">\u201d dell\u2019<\/span><\/span><span style=\"font-family: Georgia, serif;\"><span style=\"font-size: medium;\"><b>Editore Colombo <\/b><\/span><\/span><span style=\"font-family: Georgia, serif;\"><span style=\"font-size: medium;\">di Roma. Il volume esce in occasione del 160\u00b0 anniversario dell\u2019Unit\u00e0 d\u2019Italia e delle relazioni diplomatiche tra l\u2019Italia e la Danimarca.<\/span><\/span><\/p>\n<p align=\"justify\"><span style=\"font-family: Georgia, serif;\"><span style=\"font-size: medium;\">Il testo si apre con la prefazione dell\u2019Ambasciatore d\u2019Italia a Copenaghen <\/span><\/span><span style=\"font-family: Georgia, serif;\"><span style=\"font-size: medium;\"><b>Luigi Ferrari<\/b><\/span><\/span><span style=\"font-family: Georgia, serif;\"><span style=\"font-size: medium;\">, a seguire un indirizzo di saluto dell\u2019ambasciatore di Danimarca a Roma, <\/span><\/span><span style=\"font-family: Georgia, serif;\"><span style=\"font-size: medium;\"><b>Anders Carsten Damsgaard<\/b><\/span><\/span><span style=\"font-family: Georgia, serif;\"><span style=\"font-size: medium;\">; poi i contributi del Prof. <\/span><\/span><span style=\"font-family: Georgia, serif;\"><span style=\"font-size: medium;\"><b>Chris Fisher<\/b><\/span><\/span><span style=\"font-family: Georgia, serif;\"><span style=\"font-size: medium;\">, Direttore del Centre for Advanced Studies in Master Drawings della Galleria Nazionale di Danimarca con una interessante descrizione \u201c<\/span><\/span><span style=\"font-family: Georgia, serif;\"><span style=\"font-size: medium;\"><i>L\u2019Ambasciata d\u2019Italia a Copenaghen<\/i><\/span><\/span><span style=\"font-family: Georgia, serif;\"><span style=\"font-size: medium;\">\u201d e del Prof. <\/span><\/span><span style=\"font-family: Georgia, serif;\"><span style=\"font-size: medium;\"><b>Francesco Perfetti<\/b><\/span><\/span><span style=\"font-family: Georgia, serif;\"><span style=\"font-size: medium;\">, Ordinario di Storia contemporanea e di Storia delle Relazioni Internazionali presso la LUISS Guido Carli di Roma e gi\u00e0 Capo dell\u2019Archivio Storico del Ministero degli Affari Esteri, con un\u2019analisi su \u201c<\/span><\/span><span style=\"font-family: Georgia, serif;\"><span style=\"font-size: medium;\"><i>Italia e Danimarca, mondi lontani, ma vicini<\/i><\/span><\/span><span style=\"font-family: Georgia, serif;\"><span style=\"font-size: medium;\">\u201d.<\/span><\/span><\/p>\n<p align=\"justify\"><span style=\"font-family: Georgia, serif;\"><span style=\"font-size: medium;\">L\u2019Ambasciata d\u2019Italia a <\/span><\/span><span style=\"font-family: Georgia, serif;\"><span style=\"font-size: medium;\"><b>Copenaghen<\/b><\/span><\/span><span style=\"font-family: Georgia, serif;\"><span style=\"font-size: medium;\"> \u00e8 un edificio settecentesco che si trova nel centro della citt\u00e0, nel quartiere di Frederikstaden, nelle immediate vicinanze del <\/span><\/span><span style=\"font-family: Georgia, serif;\"><span style=\"font-size: medium;\"><b>Castello di Amalienborg<\/b><\/span><\/span><span style=\"font-family: Georgia, serif;\"><span style=\"font-size: medium;\">, dimora d\u2019inverno della famiglia reale danese. Le sue origini risalgono al 1750, quando Re <\/span><\/span><span style=\"font-family: Georgia, serif;\"><span style=\"font-size: medium;\"><b>Federico V<\/b><\/span><\/span><span style=\"font-family: Georgia, serif;\"><span style=\"font-size: medium;\"> cedette a <\/span><\/span><span style=\"font-family: Georgia, serif;\"><span style=\"font-size: medium;\"><b>Christian Baerenz<\/b><\/span><\/span><span style=\"font-family: Georgia, serif;\"><span style=\"font-size: medium;\"> un terreno per costruirvi la propria dimora che fu edificata all\u2019angolo tra Amaliagade e <\/span><\/span><span style=\"font-family: Georgia, serif;\"><span style=\"font-size: medium;\"><b>Fredericiagade<\/b><\/span><\/span><span style=\"font-family: Georgia, serif;\"><span style=\"font-size: medium;\">, su disegno di <\/span><\/span><span style=\"font-family: Georgia, serif;\"><span style=\"font-size: medium;\"><b>Nicolai Eigtved<\/b><\/span><\/span><span style=\"font-family: Georgia, serif;\"><span style=\"font-size: medium;\">, all\u2019epoca massimo architetto danese, autore della contigua Reggia e di altre importanti residenze limitrofe, questo fu infatti il primo nucleo del Palazzo odierno. Successivamente, in esito a differenti interventi architettonici, rispettosi dell\u2019armonia complessiva, l\u2019immobile fu ampliato su Amaliegade e sulla stessa Fredericiagade, fino a raggiungere tra il 1907 ed il 1920 la configurazione attuale. <\/span><\/span><\/p>\n<p align=\"justify\"><span style=\"font-family: Georgia, serif;\"><span style=\"font-size: medium;\"><br \/>\nIl Palazzo \u00e8 stato acquistato dal <\/span><\/span><span style=\"font-family: Georgia, serif;\"><span style=\"font-size: medium;\"><b>Regno d\u2019Italia<\/b><\/span><\/span><span style=\"font-family: Georgia, serif;\"><span style=\"font-size: medium;\"> nel 1924, circa un secolo fa, in quanto si era alla ricerca di una sede adeguata alle funzioni di rappresentanza dell\u2019Italia per il suo inviato diplomatico accreditato presso la Corte danese, tenuto conto delle frequentazioni tra le due famiglie reali, l\u2019italiana e la danese, e dello sviluppo delle relazioni bilaterali in tutti i vari settori politico, economico, e culturale tra l\u2019<\/span><\/span><span style=\"font-family: Georgia, serif;\"><span style=\"font-size: medium;\"><b>Italia<\/b><\/span><\/span><span style=\"font-family: Georgia, serif;\"><span style=\"font-size: medium;\"> e la <\/span><\/span><span style=\"font-family: Georgia, serif;\"><span style=\"font-size: medium;\"><b>Danimarca<\/b><\/span><\/span><span style=\"font-family: Georgia, serif;\"><span style=\"font-size: medium;\">. Nel corso degli anni sono stati poi effettuati diversi interventi di conservazione e restauro al fine di porgere mirabile lustro alla Residenza che si pu\u00f2 annoverare fra uno dei pi\u00f9 splendidi Palazzi del nostro patrimonio architettonico demaniale del Nord dell\u2019Europa.<\/span><\/span><\/p>\n<p align=\"justify\"><span style=\"font-family: Georgia, serif;\"><span style=\"font-size: medium;\">Alcune importanti personalit\u00e0 danesi hanno abitato nel Palazzo, basti pensare fra queste, la scrittrice <\/span><\/span><span style=\"font-family: Georgia, serif;\"><span style=\"font-size: medium;\"><b>Thomasine Heiberg Gyllembourg<\/b><\/span><\/span><span style=\"font-family: Georgia, serif;\"><span style=\"font-size: medium;\"> ( 1773-1856), prima donna attiva nella prosa, che dal 1806 si trasfer\u00ec nella casa d\u2019angolo con il secondo marito, <\/span><\/span><span style=\"font-family: Georgia, serif;\"><span style=\"font-size: medium;\"><b>Carl Frederick Gyllembourg<\/b><\/span><\/span><span style=\"font-family: Georgia, serif;\"><span style=\"font-size: medium;\">; poi suo figlio <\/span><\/span><span style=\"font-family: Georgia, serif;\"><span style=\"font-size: medium;\"><b>Johan Ludwig Heiberg<\/b><\/span><\/span><span style=\"font-family: Georgia, serif;\"><span style=\"font-size: medium;\">, apprezzato drammaturgo e direttore del Teatro Reale, vi abit\u00f2 fino al 1812; infine l\u2019industriale danese <\/span><\/span><span style=\"font-family: Georgia, serif;\"><span style=\"font-size: medium;\"><b>Alfred Walter Grut<\/b><\/span><\/span><span style=\"font-family: Georgia, serif;\"><span style=\"font-size: medium;\">, nipote del magnate della finanza danese <\/span><\/span><span style=\"font-family: Georgia, serif;\"><span style=\"font-size: medium;\"><b>Andreas Nikolaj Hansen<\/b><\/span><\/span><span style=\"font-family: Georgia, serif;\"><span style=\"font-size: medium;\"> e parente della scrittrice <\/span><\/span><span style=\"font-family: Georgia, serif;\"><span style=\"font-size: medium;\"><b>Karen Blixen<\/b><\/span><\/span><span style=\"font-family: Georgia, serif;\"><span style=\"font-size: medium;\">, che acquist\u00f2 la casa nel 1902 portandovi radicali restauri per trasformarla in abitazione signorile. Nel 1908 l\u2019immobile venne infine acquistato in blocco dal banchiere <\/span><\/span><span style=\"font-family: Georgia, serif;\"><span style=\"font-size: medium;\"><b>Emil Gluckstadt<\/b><\/span><\/span><span style=\"font-family: Georgia, serif;\"><span style=\"font-size: medium;\">, figlio del direttore della Landmandsbanken, primo istituto di credito danese, che alla morte del padre, nel 1910, assunse lo stesso titolo. <\/span><\/span><\/p>\n<p align=\"justify\"><span style=\"font-family: Georgia, serif;\"><span style=\"font-size: medium;\">Tra il 1922 e il 1923, a seguito di una serie di investimenti fallimentari e della perdita di enormi crediti in conseguenza della rivoluzione russa, <\/span><\/span><span style=\"font-family: Georgia, serif;\"><span style=\"font-size: medium;\"><b>Gluckstadt<\/b><\/span><\/span><span style=\"font-family: Georgia, serif;\"><span style=\"font-size: medium;\"> and\u00f2 in rovina e il Palazzo fu acquistato dalla Landmandsbanken, che ne divenne proprietario formale. Nel 1924 il Re d\u2019Italia <\/span><\/span><span style=\"font-family: Georgia, serif;\"><span style=\"font-size: medium;\"><b>Vittorio Emanuele III<\/b><\/span><\/span><span style=\"font-family: Georgia, serif;\"><span style=\"font-size: medium;\">, da tempo alla ricerca di una Sede adeguata alle funzioni di rappresentanza diplomatica, acquis\u00ec l\u2019immobile all\u2019asta, stabilendovi da allora la Legazione d\u2019Italia.<\/span><\/span><\/p>\n<p align=\"justify\"><span style=\"font-family: Georgia, serif;\"><span style=\"font-size: medium;\">Nel momento della vendita l\u2019immobile era quasi vuoto e ben poco rimase pertanto dell\u2019arredamento e delle collezioni d\u2019arte del banchiere. Nella cessione furono tuttavia acquisiti dallo Stato italiano due importanti dipinti da soffitto \u201c<\/span><\/span><span style=\"font-family: Georgia, serif;\"><span style=\"font-size: medium;\"><i>Giove, Cerere, Mercurio e Saturno attorniati dai quattro elementi<\/i><\/span><\/span><span style=\"font-family: Georgia, serif;\"><span style=\"font-size: medium;\">\u201d di <\/span><\/span><span style=\"font-family: Georgia, serif;\"><span style=\"font-size: medium;\"><b>Hendrich Krock<\/b><\/span><\/span><span style=\"font-family: Georgia, serif;\"><span style=\"font-size: medium;\"> (1671-1738) e la tela a quadrifoglio \u201c<\/span><\/span><span style=\"font-family: Georgia, serif;\"><span style=\"font-size: medium;\"><i>Cerere<\/i><\/span><\/span><span style=\"font-family: Georgia, serif;\"><span style=\"font-size: medium;\">\u201d attribuita al pittore norvegese <\/span><\/span><span style=\"font-family: Georgia, serif;\"><span style=\"font-size: medium;\"><b>Magnus Berg<\/b><\/span><\/span><span style=\"font-family: Georgia, serif;\"><span style=\"font-size: medium;\"> (1666-1739). Delle antiche donazioni risultano ancora oggi ugualmente ben conservati un importante com\u00f2 di stile francese in legno di rosa intarsiato e\u00a0un grande e stupendo orologio da camino.<\/span><\/span><\/p>\n<p align=\"justify\"><span style=\"font-family: Georgia, serif;\"><span style=\"font-size: medium;\">Il Palazzo fu via via dotato di vari arredi provenienti dall\u2019Italia tra cui le grandi tele seicentesche di <\/span><\/span><span style=\"font-family: Georgia, serif;\"><span style=\"font-size: medium;\"><b>Giuseppe Recco<\/b><\/span><\/span><span style=\"font-family: Georgia, serif;\"><span style=\"font-size: medium;\"> e <\/span><\/span><span style=\"font-family: Georgia, serif;\"><span style=\"font-size: medium;\"><b>Gasparo Lopez<\/b><\/span><\/span><span style=\"font-family: Georgia, serif;\"><span style=\"font-size: medium;\">, prestate dal Museo di Capodimonte a Napoli, collocate in una delle sale da pranzo, nonch\u00e9 altri pezzi di qualit\u00e0, come sei antiche specchiere veneziane collocate nella sala da ballo. La storia della Residenza \u00e8 ripercorsa nel libro illustrato \u201c<\/span><\/span><span style=\"font-family: Georgia, serif;\"><span style=\"font-size: medium;\"><i>L\u2019Ambasciata d\u2019Italia a Copenaghen<\/i><\/span><\/span><span style=\"font-family: Georgia, serif;\"><span style=\"font-size: medium;\">\u201d, curato dagli storici dell\u2019arte danesi <\/span><\/span><span style=\"font-family: Georgia, serif;\"><span style=\"font-size: medium;\"><b>Chris Fischer<\/b><\/span><\/span><span style=\"font-family: Georgia, serif;\"><span style=\"font-size: medium;\"> e <\/span><\/span><span style=\"font-family: Georgia, serif;\"><span style=\"font-size: medium;\"><b>Hanne Raabyemagle<\/b><\/span><\/span><span style=\"font-family: Georgia, serif;\"><span style=\"font-size: medium;\">. Per pi\u00f9 di 250 anni la Danimarca \u00e8 stata attratta dal fascino dell\u2019Italia e lo stesso Re di Danimarca e Norvegia, <\/span><\/span><span style=\"font-family: Georgia, serif;\"><span style=\"font-size: medium;\"><b>Frederik IV<\/b><\/span><\/span><span style=\"font-family: Georgia, serif;\"><span style=\"font-size: medium;\">, fece diversi viaggi a Vicenza, Venezia, Bologna, Pisa, Lucca e Firenze. Nel 1692 il principe di Danimarca Frederik soggiorn\u00f2 a Firenze, ospite del Granduca Cosimo III. <\/span><\/span><\/p>\n<p align=\"justify\"><span style=\"font-family: Georgia, serif;\"><span style=\"font-size: medium;\">Molti anni dopo, alla fine del 1708, <\/span><\/span><span style=\"font-family: Georgia, serif;\"><span style=\"font-size: medium;\"><b>Frederik IV<\/b><\/span><\/span><span style=\"font-family: Georgia, serif;\"><span style=\"font-size: medium;\">, gi\u00e0 proclamato Re di Danimarca e Norvegia intraprese un Grand Tour in Italia. La visita del Re Frederik IV viene ricordata ed \u00e8 ancora oggi visibile a <\/span><\/span><span style=\"font-family: Georgia, serif;\"><span style=\"font-size: medium;\"><b>Firenze<\/b><\/span><\/span><span style=\"font-family: Georgia, serif;\"><span style=\"font-size: medium;\"> in una targa posta sopra la porta medioevale di San Gallo che ne ricorda lo storico evento. La visita del Re di Danimarca e Norvegia Frederik IV in Toscana \u00e8 stata ricostruita in una Mostra \u201c<\/span><\/span><span style=\"font-family: Georgia, serif;\"><span style=\"font-size: medium;\"><i>Tesori reali di Danimarca. 1709<\/i><\/span><\/span><span style=\"font-family: Georgia, serif;\"><span style=\"font-size: medium;\">\u201d, allestita presso il Museo degli Argenti di Palazzo Pitti, Firenze, il 17 maggio 1994. Il riconoscimento del Regno d\u2019Italia da parte del Regno di Danimarca ha formato oggetto di una interessante documentazione storica che ripercorre le varie tappe dell\u2019evolversi delle trattative che hanno caratterizzato il rapporto fra il popolo danese e quello italiano anche prima del 1861. Preziosi i documenti, il carteggio e le immagini che attestano ci\u00f2.<\/span><\/span><\/p>\n<p align=\"justify\"><span style=\"font-family: Georgia, serif;\"><span style=\"font-size: medium;\">Mirabili le immagini del volume, lasciano vivere storia arte, documenti e passaggi di diplomazia, esse sono storia del passato e del presente, talmente ricche e mirate da fornire notizia storica sulla storia delle case regnanti italiana e danese, con ritratti, uniformi ed anche il mantello di consacrazione di Sua Altezza <\/span><\/span><span style=\"font-family: Georgia, serif;\"><span style=\"font-size: medium;\"><b>Christian V<\/b><\/span><\/span><span style=\"font-family: Georgia, serif;\"><span style=\"font-size: medium;\"> il 7 giugno del 1671. Il volume presenta anche un\u2019originale sezione, ampiamente illustrata, sui protagonisti delle relazioni diplomatiche tra l\u2019Italia e la Danimarca negli ultimi centosessanta anni, con la ricostruzione storico-diplomatica, dal Regno d\u2019Italia ad oggi, di tutti i Capi di Stato, Capi di Governo, Ministri degli Affari Esteri, Segretari Generali del Ministero degli Affari Esteri e Rappresentanti diplomatici che hanno segnato la storia dal 1861 al 2021. Di particolare rilevanza le immagini riprodotte sulle visite di Stato dei Reali di Danimarca in Italia e dei Presidenti della Repubblica italiana nel Regno di Danimarca, tratte dall\u2019Archivio storico della Presidenza della Repubblica e dall\u2019Archivio fotografico dell\u2019Ansa. <\/span><\/span><\/p>\n<p align=\"center\"><span style=\"font-family: Georgia, serif;\"><span style=\"font-size: medium;\">***<\/span><\/span><\/p>\n<p align=\"justify\"><span style=\"font-family: Georgia, serif;\"><span style=\"font-size: medium;\"><b>Gaetano Cortese<\/b><\/span><\/span><span style=\"font-family: Georgia, serif;\"><span style=\"font-size: medium;\">, dal 2006 al 2009, \u00e8 stato Ambasciatore d\u2019Italia nel Regno dei Paesi Bassi e Rappresentante Permanente d\u2019Italia presso l\u2019Organizzazione per la Proibizione delle Armi Chimiche (OPAC) a L\u2019Aja e dal 1999 al 2003 Ambasciatore d\u2019Italia nel Regno del Belgio. In precedenza ha prestato servizio presso le Ambasciate d\u2019Italia di Zagabria, Berna, L\u2019Avana, Washington e alla Rappresentanza Permanente d\u2019Italia presso l\u2019Unione Europea di Bruxelles, in qualit\u00e0 di Ministro Consigliere. Dal 1992 al 1999 ha ricoperto l\u2019incarico di Consigliere aggiunto per la Informazione e la Stampa del Presidente della Repubblica. \u00c8 autore di testi giuridici e di numerosi articoli di diritto comunitario e internazionale pubblicati quando a Parigi era Docteur de l\u2019Universit\u00e9 de Paris en Droit International della Facolt\u00e0 di Giurisprudenza della Sorbona e a Roma Assistente di Organizzazione Internazionale e di Diritto Internazionale alla Facolt\u00e0 di Scienze Politiche dell\u2019Universit\u00e0 degli Studi La Sapienza.<\/span><\/span><\/p>\n<p><span style=\"font-family: Georgia, serif;\"><span style=\"font-size: medium;\">Gaetano Cortese, <\/span><\/span><span style=\"font-family: Georgia, serif;\"><span style=\"font-size: medium;\"><i>Il Palazzo sulla Fredericiagade. L\u2019Ambasciata d\u2019Italia a Copenaghen<\/i><\/span><\/span><span style=\"font-family: Georgia, serif;\"><span style=\"font-size: medium;\">, Servizi Tipografici Carlo Colombo, Roma, 2022, pp.410.<\/span><\/span><\/p>\n<p>&nbsp;<\/p>\n","protected":false},"excerpt":{"rendered":"<p>&nbsp; Il Palazzo sulla Fredericiagade, il volume dell\u2019Ambasciatore Gaetano Cortese sull\u2019Ambasciata d\u2019Italia a Copenaghen &nbsp; di Francesco Franza &nbsp; ROMA [&hellip;]<\/p>\n","protected":false},"author":1,"featured_media":0,"comment_status":"open","ping_status":"open","sticky":false,"template":"","format":"standard","meta":{"footnotes":""},"categories":[10,22],"tags":[],"class_list":["post-21897","post","type-post","status-publish","format-standard","hentry","category-italiano","category-libros-y-revistas-literatura"],"_links":{"self":[{"href":"https:\/\/www.ecoitaliano.com.ar\/index.php?rest_route=\/wp\/v2\/posts\/21897","targetHints":{"allow":["GET"]}}],"collection":[{"href":"https:\/\/www.ecoitaliano.com.ar\/index.php?rest_route=\/wp\/v2\/posts"}],"about":[{"href":"https:\/\/www.ecoitaliano.com.ar\/index.php?rest_route=\/wp\/v2\/types\/post"}],"author":[{"embeddable":true,"href":"https:\/\/www.ecoitaliano.com.ar\/index.php?rest_route=\/wp\/v2\/users\/1"}],"replies":[{"embeddable":true,"href":"https:\/\/www.ecoitaliano.com.ar\/index.php?rest_route=%2Fwp%2Fv2%2Fcomments&post=21897"}],"version-history":[{"count":0,"href":"https:\/\/www.ecoitaliano.com.ar\/index.php?rest_route=\/wp\/v2\/posts\/21897\/revisions"}],"wp:attachment":[{"href":"https:\/\/www.ecoitaliano.com.ar\/index.php?rest_route=%2Fwp%2Fv2%2Fmedia&parent=21897"}],"wp:term":[{"taxonomy":"category","embeddable":true,"href":"https:\/\/www.ecoitaliano.com.ar\/index.php?rest_route=%2Fwp%2Fv2%2Fcategories&post=21897"},{"taxonomy":"post_tag","embeddable":true,"href":"https:\/\/www.ecoitaliano.com.ar\/index.php?rest_route=%2Fwp%2Fv2%2Ftags&post=21897"}],"curies":[{"name":"wp","href":"https:\/\/api.w.org\/{rel}","templated":true}]}}