{"id":21958,"date":"2022-04-14T23:53:07","date_gmt":"2022-04-14T23:53:07","guid":{"rendered":"http:\/\/www.ecoitaliano.com.ar\/?p=21958"},"modified":"2022-04-14T23:53:07","modified_gmt":"2022-04-14T23:53:07","slug":"aarticolo-con-videointerviste-sul-3-congresso-di-ostetricia-e-ginecologia","status":"publish","type":"post","link":"https:\/\/www.ecoitaliano.com.ar\/?p=21958","title":{"rendered":"Aarticolo con Videointerviste sul 3\u00b0 congresso di Ostetricia e Ginecologia"},"content":{"rendered":"<p><a href=\"http:\/\/www.ecoitaliano.com.ar\/wp-content\/uploads\/2022\/04\/foto-cover2.jpg\"><img decoding=\"async\" class=\"alignnone size-full wp-image-21962\" src=\"http:\/\/www.ecoitaliano.com.ar\/wp-content\/uploads\/2022\/04\/foto-cover2.jpg\" alt=\"\" width=\"1228\" height=\"819\" srcset=\"https:\/\/www.ecoitaliano.com.ar\/wp-content\/uploads\/2022\/04\/foto-cover2.jpg 1228w, https:\/\/www.ecoitaliano.com.ar\/wp-content\/uploads\/2022\/04\/foto-cover2-300x200.jpg 300w, https:\/\/www.ecoitaliano.com.ar\/wp-content\/uploads\/2022\/04\/foto-cover2-768x512.jpg 768w, https:\/\/www.ecoitaliano.com.ar\/wp-content\/uploads\/2022\/04\/foto-cover2-1024x683.jpg 1024w, https:\/\/www.ecoitaliano.com.ar\/wp-content\/uploads\/2022\/04\/foto-cover2-150x100.jpg 150w\" sizes=\"(max-width: 1228px) 100vw, 1228px\" \/><\/a><\/p>\n<p>&nbsp;<\/p>\n<p><span style=\"font-family: Times New Roman, serif;\"><span style=\"font-size: large;\"><i><b>A VILLA MONDRAGONE IL CONGRESSO DI OSTETRICIA E GINECOLOGIA DELL&#8217;OSPEDALE DEI CASTELLI. LE VIDEOINTERVISTE DEGLI SPECIALISTI E DELLE AUTORITA&#8217;<\/b><\/i><\/span><\/span><\/p>\n<p>&nbsp;<\/p>\n<p><span style=\"font-family: Times New Roman, serif;\"><span style=\"font-size: large;\"><i><b>Di Silvia Gambadoro<\/b><\/i><\/span><\/span><\/p>\n<p><span style=\"font-family: Times New Roman, serif;\"><span style=\"font-size: large;\"><i><b>Si \u00e8 appena concluso a villa Mondragone, nel cuore dei Castelli Romani,\u00a0il congresso scientifico dal titolo \u00abAttuali orientamenti in Ostetricia e Ginecologia\u00bb.Una kermesse di due giorni che ha riunito i pi\u00f9 importanti luminari d&#8217;Italia.\u00a0Al centro del simposio la salute della donna, la gestione della pandemia, le creazioni delle reti aziendali, l&#8217;approccio multidisciplinare e le tecniche innovative\u00a0della chirurgia ostetrica e ginecologica.<\/b><\/i><\/span><\/span><\/p>\n<p><span style=\"font-family: Times New Roman, serif;\"><span style=\"font-size: large;\">L&#8217;8 e il 9 aprile\u00a02022,\u00a0nello splendido scenario di Villa Mondragone a Monteporzio Catone, si \u00e8 tenuto il congresso scientifico organizzato dall&#8217;UOC di Ostetricia e Ginecologia dell&#8217;Ospedale dei Castelli- ASL Roma 6, Presidente del convegno il dottor <\/span><\/span><span style=\"font-family: Times New Roman, serif;\"><span style=\"font-size: large;\"><b>Francesco Barletta<\/b><\/span><\/span><span style=\"font-family: Times New Roman, serif;\"><span style=\"font-size: large;\">, Responsabile dell&#8217;UOC Ostetricia e Ginecologia dell&#8217;Ospedale dei Castelli, ASL RM6.<\/span><\/span><\/p>\n<p><span style=\"font-family: Times New Roman, serif;\"><span style=\"font-size: medium;\"><span style=\"font-size: large;\">Durante il congresso \u00e8 stata inoltre riservata una sessione al Simposio Regionale della societ\u00e0 SEGI, (Societ\u00e0 Endoscopia e Ginecologia italiana)\u00a0un&#8217;occasione di confronto sulle novit\u00e0 delle tecniche endoscopiche, su progetti scientifici e proposte, un appuntamento che anticipa il prossimo Convegno Nazionale SEGI che avr\u00e0 luogo nella seconda met\u00e0 di giugno.<\/span><\/span><\/span><\/p>\n<p><span style=\"font-family: Times New Roman, serif;\"><span style=\"font-size: medium;\"><span style=\"font-size: large;\">Il convegno si \u00e8 aperto con l&#8217;intervento delle autorit\u00e0 \u00a0<\/span><b><span style=\"font-size: large;\">Rodolfo Lena, <\/span><\/b><span style=\"font-size: large;\">Presidente della Commissione Sanit\u00e0\u00a0 della regione Lazio ,<\/span><b><span style=\"font-size: large;\">\u00a0Roberto Corsi, <\/span><\/b><span style=\"font-size: large;\">Direttore Sanitario della ASL RM6, e la sindaca di Frascati <\/span><b><span style=\"font-size: large;\">Francesca Sbardella<\/span><\/b><span style=\"font-size: large;\">.<\/span><\/span><\/span><\/p>\n<p>&nbsp;<\/p>\n<p><span style=\"font-family: Times New Roman, serif;\"><span style=\"font-size: large;\">Guarda la videointervista d<\/span><\/span><span style=\"font-family: Times New Roman, serif;\"><span style=\"font-size: large;\"><b>i Francesco Barletta<\/b><\/span><\/span><span style=\"font-family: Times New Roman, serif;\"><span style=\"font-size: large;\">, Responsabile della UOC di Ostetricia e Ginecologia dell&#8217;Ospedale dei Castelli ASL RM6 e Presidente e organizzatore del congresso.<\/span><\/span><\/p>\n<p>&nbsp;<\/p>\n<p><span style=\"font-family: Times New Roman, serif;\"><span style=\"font-size: large;\">Il convegno si \u00e8 aperto con l&#8217;intervento delle autorit\u00e0 <\/span><\/span><span style=\"font-family: Times New Roman, serif;\"><span style=\"font-size: large;\"><b>Rodolfo Lena,\u00a0 <\/b><\/span><\/span><span style=\"font-family: Times New Roman, serif;\"><span style=\"font-size: large;\">P<\/span><\/span><span style=\"font-family: Times New Roman, serif;\"><span style=\"font-size: large;\">residente della Commissione Sanit\u00e0\u00a0 della regione Lazio,<\/span><\/span><span style=\"font-family: Times New Roman, serif;\"><span style=\"font-size: large;\"><b>\u00a0Roberto Corsi, <\/b><\/span><\/span><span style=\"font-family: Times New Roman, serif;\"><span style=\"font-size: large;\">Direttore Sanitario della ASL RM6, e la sindaca di Frascati\u00a0<\/span><\/span><span style=\"font-family: Times New Roman, serif;\"><span style=\"font-size: large;\"><b>Francesca Sbardella<\/b><\/span><\/span><span style=\"font-family: Times New Roman, serif;\"><span style=\"font-size: large;\"> .<\/span><\/span><\/p>\n<p>&nbsp;<\/p>\n<p><span style=\"font-family: Times New Roman, serif;\"><span style=\"font-size: large;\"><b>Le interviste delle autorit\u00e0:\u00a0<\/b><\/span><\/span><\/p>\n<p>&nbsp;<\/p>\n<p><span style=\"font-family: Times New Roman, serif;\"><span style=\"font-size: large;\">Videointervista\u00a0<\/span><\/span><span style=\"font-family: Times New Roman, serif;\"><span style=\"font-size: large;\"><b>di Rodolfo Lena, <\/b><\/span><\/span><span style=\"font-family: Times New Roman, serif;\"><span style=\"font-size: large;\">Presidente della Commissione Sanit\u00e0 della regione Lazio<\/span><\/span><\/p>\n<p>&nbsp;<\/p>\n<p><span style=\"font-family: Times New Roman, serif;\"><span style=\"font-size: large;\">Video intervista<\/span><\/span><span style=\"font-family: Times New Roman, serif;\"><span style=\"font-size: large;\"><b> di Roberto Corsi, <\/b><\/span><\/span><span style=\"font-family: Times New Roman, serif;\"><span style=\"font-size: large;\">Direttore Sanitario della ASL Roma 6<\/span><\/span><\/p>\n<p>&nbsp;<\/p>\n<p><span style=\"font-family: Times New Roman, serif;\"><span style=\"font-size: large;\">Video intervista di<\/span><\/span><span style=\"font-family: Times New Roman, serif;\"><span style=\"font-size: large;\"><b> Francesca Sbardella,\u00a0<\/b><\/span><\/span><span style=\"font-family: Times New Roman, serif;\"><span style=\"font-size: large;\">Sindaca di Frascati\u00a0<\/span><\/span><\/p>\n<p>&nbsp;<\/p>\n<p><a name=\"_GoBack\"><\/a> <span style=\"font-family: Times New Roman, serif;\"><span style=\"font-size: large;\"><b>Le interviste degli accademici<\/b><\/span><\/span><\/p>\n<h6 class=\"western\"><b><span style=\"font-size: large;\">L&#8217;induzione del travaglio:\u00a0la videointervista di <\/span><\/b><span style=\"font-size: large;\">Sergio Ferrazzani<\/span><b><span style=\"font-size: large;\">-Professore Associato di Ginecologia e Ostetricia &#8211; Universit\u00e0 Cattolica Fondazione Policlinico Gemelli\u00a0<\/span><\/b><\/h6>\n<p><span style=\"font-family: Times New Roman, serif;\"><span style=\"font-size: large;\">I rischi\u00a0della prematurit\u00e0 e\u00a0le cure al prematuro: la videointervista di <\/span><\/span><span style=\"font-family: Times New Roman, serif;\"><span style=\"font-size: large;\"><b>Enrico Ferrazzi<\/b><\/span><\/span><span style=\"font-family: Times New Roman, serif;\"><span style=\"font-size: large;\">, <\/span><\/span><span style=\"font-family: Times New Roman, serif;\"><span style=\"font-size: large;\">Professore ordinario di Ginecologia e Ostetricia dell\u2019Universit\u00e0 degli Studi di Milano.<\/span><\/span><\/p>\n<p><span style=\"font-family: Times New Roman, serif;\"><span style=\"font-size: large;\">L\u2019emergenza ostetrica. La video intervista di <\/span><\/span><span style=\"font-family: Times New Roman, serif;\"><span style=\"font-size: large;\"><b>Antonio Ragusa<\/b><\/span><\/span><span style=\"font-family: Times New Roman, serif;\"><span style=\"font-size: large;\">, Direttore dell\u2019Unit\u00e0 operativa complessa\u00a0Ostetricia e Ginecologia Ospedale Fatebenefratelli di Roma<\/span><\/span><\/p>\n<p><span style=\"font-family: Times New Roman, serif;\"><span style=\"font-size: large;\">Il parto e la diagnostica prenatale. La video intervista di <\/span><\/span><span style=\"font-family: Times New Roman, serif;\"><span style=\"font-size: large;\"><b>Giuseppe Rizzo,\u00a0<\/b><\/span><\/span><span style=\"font-family: Times New Roman, serif;\"><span style=\"font-size: large;\">Professore Ordinario di Ginecologia ed Ostetricia Universit\u00e0 di Roma Tor Vergata\u00a0<\/span><\/span><\/p>\n<p><span style=\"font-family: Times New Roman, serif;\"><span style=\"font-size: large;\">La medicina di precisione in oncologia:\u00a0la video intervista di<\/span><\/span><span style=\"font-family: Times New Roman, serif;\"><span style=\"font-size: large;\"><b> Enrico Vizza, <\/b><\/span><\/span><span style=\"font-family: Times New Roman, serif;\"><span style=\"font-size: large;\">Direttore dipartimento clinica oncologica\u00a0e ricerca &#8211; Istituto Nazionale dei Tumori Regina Elena IFO- Roma<\/span><\/span><\/p>\n<p><span style=\"font-family: Times New Roman, serif;\"><span style=\"font-size: large;\">Denatalit\u00e0 e naturalit\u00e0 nel parto:\u00a0la video intervista di<\/span><\/span><span style=\"font-family: Times New Roman, serif;\"><span style=\"font-size: large;\"><b> Silvia Vaccari, <\/b><\/span><\/span><span style=\"font-family: Times New Roman, serif;\"><span style=\"font-size: large;\">Presidente Nazionale della Fnopo- <\/span><\/span><span style=\"font-family: Times New Roman, serif;\"><span style=\"font-size: large;\">Federazione Nazionale degli Ordini della Professione di Ostetrica<\/span><\/span><\/p>\n<p>&nbsp;<\/p>\n<p>&nbsp;<\/p>\n<p>&nbsp;<\/p>\n<p>&nbsp;<\/p>\n<p>&nbsp;<\/p>\n<p>&nbsp;<\/p>\n<p>&nbsp;<\/p>\n","protected":false},"excerpt":{"rendered":"<p>&nbsp; A VILLA MONDRAGONE IL CONGRESSO DI OSTETRICIA E GINECOLOGIA DELL&#8217;OSPEDALE DEI CASTELLI. LE VIDEOINTERVISTE DEGLI SPECIALISTI E DELLE AUTORITA&#8217; [&hellip;]<\/p>\n","protected":false},"author":1,"featured_media":0,"comment_status":"open","ping_status":"open","sticky":false,"template":"","format":"standard","meta":{"footnotes":""},"categories":[10,53],"tags":[],"class_list":["post-21958","post","type-post","status-publish","format-standard","hentry","category-italiano","category-medicina"],"_links":{"self":[{"href":"https:\/\/www.ecoitaliano.com.ar\/index.php?rest_route=\/wp\/v2\/posts\/21958","targetHints":{"allow":["GET"]}}],"collection":[{"href":"https:\/\/www.ecoitaliano.com.ar\/index.php?rest_route=\/wp\/v2\/posts"}],"about":[{"href":"https:\/\/www.ecoitaliano.com.ar\/index.php?rest_route=\/wp\/v2\/types\/post"}],"author":[{"embeddable":true,"href":"https:\/\/www.ecoitaliano.com.ar\/index.php?rest_route=\/wp\/v2\/users\/1"}],"replies":[{"embeddable":true,"href":"https:\/\/www.ecoitaliano.com.ar\/index.php?rest_route=%2Fwp%2Fv2%2Fcomments&post=21958"}],"version-history":[{"count":0,"href":"https:\/\/www.ecoitaliano.com.ar\/index.php?rest_route=\/wp\/v2\/posts\/21958\/revisions"}],"wp:attachment":[{"href":"https:\/\/www.ecoitaliano.com.ar\/index.php?rest_route=%2Fwp%2Fv2%2Fmedia&parent=21958"}],"wp:term":[{"taxonomy":"category","embeddable":true,"href":"https:\/\/www.ecoitaliano.com.ar\/index.php?rest_route=%2Fwp%2Fv2%2Fcategories&post=21958"},{"taxonomy":"post_tag","embeddable":true,"href":"https:\/\/www.ecoitaliano.com.ar\/index.php?rest_route=%2Fwp%2Fv2%2Ftags&post=21958"}],"curies":[{"name":"wp","href":"https:\/\/api.w.org\/{rel}","templated":true}]}}