{"id":21986,"date":"2022-04-16T02:19:36","date_gmt":"2022-04-16T02:19:36","guid":{"rendered":"http:\/\/www.ecoitaliano.com.ar\/?p=21986"},"modified":"2022-04-16T02:19:36","modified_gmt":"2022-04-16T02:19:36","slug":"serena-conduce-operaclassica-eco-italiano-1429","status":"publish","type":"post","link":"https:\/\/www.ecoitaliano.com.ar\/?p=21986","title":{"rendered":"Serena conduce operaclassica eco italiano"},"content":{"rendered":"<p style=\"text-align: center;\"><a href=\"http:\/\/www.ecoitaliano.com.ar\/wp-content\/uploads\/2022\/02\/171f0d23f60b4818b059feb8af35143b-2.jpg\"><img decoding=\"async\" class=\"alignnone size-full wp-image-20781\" src=\"http:\/\/www.ecoitaliano.com.ar\/wp-content\/uploads\/2022\/02\/171f0d23f60b4818b059feb8af35143b-2.jpg\" alt=\"\" width=\"300\" height=\"97\" srcset=\"https:\/\/www.ecoitaliano.com.ar\/wp-content\/uploads\/2022\/02\/171f0d23f60b4818b059feb8af35143b-2.jpg 300w, https:\/\/www.ecoitaliano.com.ar\/wp-content\/uploads\/2022\/02\/171f0d23f60b4818b059feb8af35143b-2-150x49.jpg 150w\" sizes=\"(max-width: 300px) 100vw, 300px\" \/><\/a><\/p>\n<table class=\"row row-2\" border=\"0\" width=\"100%\" cellspacing=\"0\" cellpadding=\"0\" align=\"center\">\n<tbody>\n<tr>\n<td>\n<table class=\"row-content stack\" border=\"0\" width=\"600\" cellspacing=\"0\" cellpadding=\"0\" align=\"center\">\n<tbody>\n<tr>\n<td class=\"column column-1\" width=\"100%\">\n<table class=\"text_block\" border=\"0\" width=\"100%\" cellspacing=\"0\" cellpadding=\"10\">\n<tbody>\n<tr>\n<td>\n<div>\n<div class=\"txtTinyMce-wrapper\">\n<p><strong>IN SCENA DOPO OLTRE 30 ANNI DI ASSENZA UN CAPOLAVORO DI BELLINI<\/strong><\/p>\n<p><strong>IL 19 APRILE DEBUTTA UN NUOVO ALLESTIMENTO DE \u201cI PURITANI\u201d:<\/strong><\/p>\n<p><strong>NELLA LETTURA DI DE ROSA LA FOLLIA PORTA ELVIRA ALLA CECIT\u00c0;<\/strong><\/p>\n<p><strong>ABBADO DIRIGE LA VERSIONE INTEGRALE DELLA PRIMA ASSOLUTA<\/strong><\/p>\n<p><strong>Protagonisti Jessica Pratt e John Osborn. La \u201cprima\u201d sar\u00e0 trasmessa in diretta su Rai Radio3<\/strong><\/p>\n<p>&nbsp;<\/p>\n<p>&nbsp;<\/p>\n<p>&nbsp;<\/p>\n<p><strong>COMUNICATO STAMPA<\/strong><\/p>\n<p><strong>14 APRILE 2022<\/strong><\/p>\n<p>&nbsp;<\/p>\n<p>&nbsp;<\/p>\n<p><strong>Marted\u00ec 19 aprile alle 20.00<\/strong>, in diretta su Rai Radio3,<strong>\u00a0<\/strong><strong><em>I puritani<\/em><\/strong><em>\u00a0<\/em>di\u00a0<strong>Vincenzo<\/strong><strong>\u00a0Bellini\u00a0<\/strong><strong>debutta al\u00a0<\/strong><strong>Teatro dell\u2019Opera di Roma<\/strong>. Sul podio il Maestro\u00a0<strong>Roberto Abbado<\/strong>.\u00a0<strong>Andrea De Rosa<\/strong><strong>\u00a0<\/strong>firma la regia di un<strong>\u00a0<u>nuovo allestimento<\/u>\u00a0<\/strong>che vede le scene di<strong>\u00a0Nicolas Bovey<\/strong>,<strong>\u00a0<\/strong>i costumi di\u00a0<strong>Mariano Tufano<\/strong>\u00a0e le luci di\u00a0<strong>Pasquale Mari<\/strong>.<\/p>\n<p>L\u2019ultimo capolavoro della fulminea carriera del cigno di Catania manca al Costanzi dal 1990. Torna finalmente dopo oltre trent\u2019anni di assenza dal palcoscenico e dopo il successo dell\u2019esecuzione in forma di concerto il\u00a0<strong>23 gennaio 2021. Lo streaming gratuito\u00a0<\/strong>su operaroma.tv, durante la chiusura al pubblico a causa della pandemia, \u00e8 stato<strong>\u00a0<\/strong>seguito da moltissimi spettatori virtuali da ogni parte del mondo. In questa occasione, come allora, il Maestro\u00a0<strong>Roberto Abbado<\/strong>\u00a0guida l\u2019<strong>Orchestra<\/strong>\u00a0<strong>del Teatro dell\u2019Opera di Roma<\/strong>\u00a0nella versione integrale, con i tagli decisi dal compositore stesso prima del debutto assoluto. \u201c<em>Sono molto felice di dirigere questo sublime lavoro di Bellini,<\/em>\u00a0<em>ingiustamente poco ra<\/em><em>ppresentato oggi<\/em>\u00a0\u2013 dichiara il Maestro\u00a0<strong>Abbado<\/strong>\u00a0\u2013<em>: r<\/em><em>ichiede cantanti eccezionali e il ruolo dell\u2019orchestra \u00e8 molto sviluppato. Se c\u2019\u00e8 un\u2019opera dove la musica si fa teatro questa \u00e8\u00a0<\/em>I puritani<em>. Non ci sono grandi accadimenti ma la musica di Bellini, divina, rende credibile, unifica e d\u00e0 un senso al tutto, \u00e8 di grande potenza. La guerra, quella civile inglese, c\u2019\u00e8 nella drammaturgia e si sente nella musica<\/em>\u201d.<\/p>\n<p>\u201c<em>Quando abbiamo cominciato le prove<\/em>\u00a0\u2013 racconta il regista\u00a0<strong>Andrea De Rosa<\/strong>\u00a0<em>\u2013\u00a0<\/em><em>quasi contemporaneamente \u00e8 iniziata l\u2019invasione dell\u2019Ucraina.\u00a0<\/em><em>Ho sentito il bisogno\u00a0<\/em><em>di portare qualcosa di questa grande tragedia in un\u2019opera in cui la guerra c\u2019\u00e8 anche se, nel libretto, \u00e8 sullo sfondo. L\u2019ho restituita attraverso l\u2019ossessione che rivive Elvira ogni volta che si sentono i corni nell\u2019orchestra, i corni di guerra appunto, \u00e8 spaventata, si tappa le orecchie, come sicuramente succede quando risuonano le sirene antiaeree nei luoghi di conflitto. In primo piano c\u2019\u00e8 invece il trauma grandissimo della protagonista che pensa di essere stata abbandonata dal suo amante il giorno delle nozze. Da qui emerge l\u2019episodio centrale dell\u2019opera: la follia. Elvira perde completamente di vista la realt\u00e0. Non vede e\u00a0non riconosce pi\u00f9 quello che ha davanti. Ho interpretato e messo in scena questa follia attraverso una forma di cecit\u00e0 della protagonista<\/em>\u201d.<\/p>\n<p>&nbsp;<\/p>\n<p>A dar voce ai protagonisti dell\u2019opera un cast d\u2019eccezione: Lord Arturo Talbo sar\u00e0 interpretato da\u00a0<strong>John Osborn<\/strong>\u00a0e da\u00a0<strong>Francesco Demuro<\/strong>\u00a0(26, 28, 30). Negli altri ruoli canteranno gli stessi interpreti impegnati nel fortunato concerto in streaming di gennaio 2021:\u00a0<strong>Jessica Pratt<\/strong>\u00a0(Lady Elvira Valton),\u00a0<strong>Franco Vassallo\u00a0<\/strong>(Sir Riccardo Forth),\u00a0<strong>Nicola Ulivieri<\/strong>\u00a0(Sir Giorgio Valton) e\u00a0<strong>Roberto Lorenzi<\/strong>\u00a0(Lord Gualtiero Valton). Riconfermati nel cast anche i due giovani talenti dal progetto\u00a0<strong>\u201cFabbrica\u201d Young Artist Program del Teatro dell\u2019Opera di Roma<\/strong>,\u00a0<strong>Rodrigo Ortiz<\/strong>\u00a0e\u00a0<strong>Irene Savignano<\/strong>\u00a0rispettivamente nei ruoli di Sir Bruno Roberton ed Enrichetta di Francia. Il\u00a0<strong>Coro del Teatro dell\u2019Opera di Roma<\/strong>\u00a0sar\u00e0 diretto dal maestro\u00a0<strong>Roberto Gabbiani<\/strong>.<\/p>\n<p>&nbsp;<\/p>\n<p>Opera seria in tre atti su libretto di Carlo Pepoli, tratto dal dramma storico\u00a0<em>T\u00eates rondes et Cavaliers<\/em>\u00a0di\u00a0<strong>Jacques-Fran\u00e7ois Ancelot<\/strong>\u00a0e\u00a0<strong>Joseph Xavier Boniface<\/strong>,\u00a0<strong><em>I puritani<\/em><\/strong><em>\u00a0<\/em>fu composta da Bellini tra il 1834 e il 1835. Accolta trionfalmente alla prima assoluta a Parigi al Th\u00e9\u00e2tre des Italien il 24 gennaio 1835, otto mesi prima della morte prematura del compositore, avvenuta il 23 settembre dello stesso anno, la vicenda de\u00a0<em>I puritani<\/em>\u00a0si svolge in Inghilterra intorno al 1650, al tempo della guerra civile fra i Puritani, seguaci di Cromwell, e gli Stuart, fedeli al Re Carlo I. L\u2019ardua e contrastata passione tra Elvira, figlia del generale dei Puritani, e Arturo, cavaliere degli Stuart, ostacolata dalla gelosia dell\u2019antagonista Riccardo, conduce la giovane alla follia, immersa nei ricordi del suo passato felice, fino al tanto desiderato ritorno dell\u2019amato che, condannato a morte, si salver\u00e0 all\u2019ultimo momento graziato da un\u2019amnistia generale.<\/p>\n<p>&nbsp;<\/p>\n<p><strong>Dopo la prima di marted\u00ec 19 aprile ore 20.00, in diretta su Rai Radio3,\u00a0<em>I puritani<\/em>\u00a0di Bellini sar\u00e0 replicata gioved\u00ec 21 (ore 20.00), domenica 24 (ore 16.30), marted\u00ec 26 (ore 20.00), gioved\u00ec 28 (ore 20.00), sabato 30 (ore 18.00)<\/strong>.<\/p>\n<p><strong>\u00a0<\/strong><\/p>\n<p><strong>Per informazioni: operaroma.it<\/strong><\/p>\n<p>&nbsp;<\/p>\n<p><strong>TEATRO DELL\u2019OPERA DI ROMA<\/strong><\/p>\n<p align=\"center\"><strong>Cosimo Manicone<\/strong><\/p>\n<p align=\"center\">Ufficio Stampa<\/p>\n<p align=\"center\"><a class=\"mailto-link\" href=\"mailto:cosimo.manicone@operaroma.it\" target=\"_blank\" rel=\"noopener\">cosimo.manicone@operaroma.it<\/a><\/p>\n<p align=\"center\">\n<p align=\"center\">\n<\/div>\n<\/div>\n<\/td>\n<\/tr>\n<\/tbody>\n<\/table>\n<\/td>\n<\/tr>\n<\/tbody>\n<\/table>\n<\/td>\n<\/tr>\n<\/tbody>\n<\/table>\n<table class=\"row row-3\" border=\"0\" width=\"100%\" cellspacing=\"0\" cellpadding=\"0\" align=\"center\">\n<tbody>\n<tr>\n<td>\n<table class=\"row-content stack\" border=\"0\" width=\"600\" cellspacing=\"0\" cellpadding=\"0\" align=\"center\">\n<tbody>\n<tr>\n<td class=\"column column-1\" width=\"100%\"><\/td>\n<\/tr>\n<\/tbody>\n<\/table>\n<\/td>\n<\/tr>\n<\/tbody>\n<\/table>\n<table class=\"row row-4\" border=\"0\" width=\"100%\" cellspacing=\"0\" cellpadding=\"0\" align=\"center\">\n<tbody>\n<tr>\n<td>\n<table class=\"row-content stack\" border=\"0\" width=\"600\" cellspacing=\"0\" cellpadding=\"0\" align=\"center\">\n<tbody>\n<tr>\n<td class=\"column column-1\" width=\"100%\">\n<table class=\"image_block\" border=\"0\" width=\"100%\" cellspacing=\"0\" cellpadding=\"0\">\n<tbody>\n<tr>\n<td><\/td>\n<\/tr>\n<\/tbody>\n<\/table>\n<\/td>\n<\/tr>\n<\/tbody>\n<\/table>\n<\/td>\n<\/tr>\n<\/tbody>\n<\/table>\n<p>operaclassica video gallery de i puritani al teatro dell&#8217;opera di Roma.<\/p>\n<div style=\"width: 640px;\" class=\"wp-video\"><!--[if lt IE 9]><script>document.createElement('video');<\/script><![endif]-->\n<video class=\"wp-video-shortcode\" id=\"video-21986-1\" width=\"640\" height=\"360\" preload=\"metadata\" controls=\"controls\"><source type=\"video\/mp4\" src=\"http:\/\/www.ecoitaliano.com.ar\/wp-content\/uploads\/2022\/04\/Nuovo-progetto.mp4?_=1\" \/><a href=\"http:\/\/www.ecoitaliano.com.ar\/wp-content\/uploads\/2022\/04\/Nuovo-progetto.mp4\">http:\/\/www.ecoitaliano.com.ar\/wp-content\/uploads\/2022\/04\/Nuovo-progetto.mp4<\/a><\/video><\/div>\n","protected":false},"excerpt":{"rendered":"<p>IN SCENA DOPO OLTRE 30 ANNI DI ASSENZA UN CAPOLAVORO DI BELLINI IL 19 APRILE DEBUTTA UN NUOVO ALLESTIMENTO DE [&hellip;]<\/p>\n","protected":false},"author":1,"featured_media":0,"comment_status":"open","ping_status":"open","sticky":false,"template":"","format":"standard","meta":{"footnotes":""},"categories":[1],"tags":[],"class_list":["post-21986","post","type-post","status-publish","format-standard","hentry","category-sin-categoria"],"_links":{"self":[{"href":"https:\/\/www.ecoitaliano.com.ar\/index.php?rest_route=\/wp\/v2\/posts\/21986","targetHints":{"allow":["GET"]}}],"collection":[{"href":"https:\/\/www.ecoitaliano.com.ar\/index.php?rest_route=\/wp\/v2\/posts"}],"about":[{"href":"https:\/\/www.ecoitaliano.com.ar\/index.php?rest_route=\/wp\/v2\/types\/post"}],"author":[{"embeddable":true,"href":"https:\/\/www.ecoitaliano.com.ar\/index.php?rest_route=\/wp\/v2\/users\/1"}],"replies":[{"embeddable":true,"href":"https:\/\/www.ecoitaliano.com.ar\/index.php?rest_route=%2Fwp%2Fv2%2Fcomments&post=21986"}],"version-history":[{"count":0,"href":"https:\/\/www.ecoitaliano.com.ar\/index.php?rest_route=\/wp\/v2\/posts\/21986\/revisions"}],"wp:attachment":[{"href":"https:\/\/www.ecoitaliano.com.ar\/index.php?rest_route=%2Fwp%2Fv2%2Fmedia&parent=21986"}],"wp:term":[{"taxonomy":"category","embeddable":true,"href":"https:\/\/www.ecoitaliano.com.ar\/index.php?rest_route=%2Fwp%2Fv2%2Fcategories&post=21986"},{"taxonomy":"post_tag","embeddable":true,"href":"https:\/\/www.ecoitaliano.com.ar\/index.php?rest_route=%2Fwp%2Fv2%2Ftags&post=21986"}],"curies":[{"name":"wp","href":"https:\/\/api.w.org\/{rel}","templated":true}]}}