{"id":22176,"date":"2022-04-25T16:10:50","date_gmt":"2022-04-25T16:10:50","guid":{"rendered":"http:\/\/www.ecoitaliano.com.ar\/?p=22176"},"modified":"2022-04-25T16:10:50","modified_gmt":"2022-04-25T16:10:50","slug":"serena-conduce-operaclassica-eco-italiano-1447","status":"publish","type":"post","link":"https:\/\/www.ecoitaliano.com.ar\/?p=22176","title":{"rendered":"Serena conduce operaclassica eco italiano"},"content":{"rendered":"<p><a href=\"http:\/\/www.ecoitaliano.com.ar\/wp-content\/uploads\/2022\/03\/fghjk.jpg\"><img decoding=\"async\" class=\"alignnone size-full wp-image-21523\" src=\"http:\/\/www.ecoitaliano.com.ar\/wp-content\/uploads\/2022\/03\/fghjk.jpg\" alt=\"\" width=\"493\" height=\"103\" srcset=\"https:\/\/www.ecoitaliano.com.ar\/wp-content\/uploads\/2022\/03\/fghjk.jpg 493w, https:\/\/www.ecoitaliano.com.ar\/wp-content\/uploads\/2022\/03\/fghjk-300x63.jpg 300w, https:\/\/www.ecoitaliano.com.ar\/wp-content\/uploads\/2022\/03\/fghjk-150x31.jpg 150w\" sizes=\"(max-width: 493px) 100vw, 493px\" \/><\/a><\/p>\n<p>COMUNICATO STAMPA<\/p>\n<p>CONCERTO DI PRIMAVERA<\/p>\n<p><a href=\"http:\/\/www.ecoitaliano.com.ar\/wp-content\/uploads\/2022\/04\/manifesto20Concerto20di20primavera.jpg\"><img decoding=\"async\" class=\"alignnone size-full wp-image-22177\" src=\"http:\/\/www.ecoitaliano.com.ar\/wp-content\/uploads\/2022\/04\/manifesto20Concerto20di20primavera.jpg\" alt=\"\" width=\"2480\" height=\"3508\" srcset=\"https:\/\/www.ecoitaliano.com.ar\/wp-content\/uploads\/2022\/04\/manifesto20Concerto20di20primavera.jpg 2480w, https:\/\/www.ecoitaliano.com.ar\/wp-content\/uploads\/2022\/04\/manifesto20Concerto20di20primavera-212x300.jpg 212w, https:\/\/www.ecoitaliano.com.ar\/wp-content\/uploads\/2022\/04\/manifesto20Concerto20di20primavera-768x1086.jpg 768w, https:\/\/www.ecoitaliano.com.ar\/wp-content\/uploads\/2022\/04\/manifesto20Concerto20di20primavera-724x1024.jpg 724w, https:\/\/www.ecoitaliano.com.ar\/wp-content\/uploads\/2022\/04\/manifesto20Concerto20di20primavera-106x150.jpg 106w\" sizes=\"(max-width: 2480px) 100vw, 2480px\" \/><\/a><\/p>\n<p>Trieste, 22 aprile 2022: Un appuntamento speciale, che vedr\u00e0 protagoniste le voci femminili della Fondazione Teatro Lirico Giuseppe Verdi di Trieste, insieme ad alcuni solisti e all\u2019 orchestra della Fondazione.<br \/>\nMarted\u00ec 3 maggio alle 20.30 va in scena il \u201cConcerto di Primavera\u201d, con il coro diretto dal Maestro Paolo Longo. Il programma prevede, nella prima parte, la \u201cCantata per soprano e tenore soli, coro femminile e cinque strumenti\u201d di Igor Stravinskij, con il soprano Luisella Capoccia e il tenore Francesco Cortese, accompagnati dai flauti Valter Zampiron e Daniele Porcile, dall\u2019oboe Paola Fundar\u00f2, dall\u2019 oboe e corno inglese Giovanni Scocchi e dal violoncello Matteo Salizzoni. Nella seconda parte \u201cA Ceremony of Carols per coro femminile, voci soliste e arpa\u201d di Benjamin Britten. Treble I: Vida Mati\u010di\u010d Malnar\u0161i\u010d. Treble II: Anna Katarzyna Ir. All\u2019arpa Sofia Marzetti.<\/p>\n<p>\u201cSi tratta di un concerto molto particolare &#8211; spiega Longo &#8211; con due brani di colossi del Novecento. Nel primo, oltre al coro e ai solisti, c\u2019\u00e8 un piccolo ensemble, mentre nel secondo da rilevare la presenza dell\u2019arpa che non solo accompagna, ma si ritaglia anche un momento solistico, un dettaglio che timbricamente regala una dimensione diversa, speciale\u201d. Per quanto riguarda invece le parti solistiche dei cantanti, Longo ricorda come \u201cin Stravinskij, in particolare, sono preponderanti e complesse, qui i cantanti hanno modo di mostrarsi pienamente, nella loro completezza\u201d. Parlando in generale della musica, il Maestro cita anche un \u201cdenominatore comune nel concerto, sono entrambi lavori di ispirazione sacra, su testi inglesi antichi. Ma se la cantata di Stravinskij \u00e8 una perla rara, che si esegue poco &#8211; precisa &#8211; quella di Britten invece \u00e8 molto famosa, popolare e conosciuta nei Paesi anglosassoni, presentata spesso in occasione di festivit\u00e0 importanti\u201d.<\/p>\n<p>Il concerto va ad arricchire la stagione lirica e di balletto 2022 del Teatro Verdi.<br \/>\nI biglietti, a partire da 10 euro, sono in vendita presso la biglietteria del teatro, aperta da marted\u00ec a sabato dalle 9 alle 16, e nei giorni di spettacolo dalle 9 alle 13 e dalle 18 alle 21. Domenica dalle 10 alle 13, e nei giorni di spettacolo anche dalle 15 alle 16. Chiusura il luned\u00ec. Biglietti in vendita anche sul circuito Vivaticket: www.vivaticket.com\/it\/acquista-biglietti\/verdi-trieste.<\/p>\n<p>Notizie, foto, video e ulteriori informazioni sono presenti sui canali social ufficiali del teatro: Facebook, Instagram, Twitter, Youtube e Telegram.<\/p>\n<p>Responsabile ufficio stampa: Micol Brusaferro, 3209718524<br \/>\npress@teatroverdi-trieste.com<br \/>\nwww.teatroverdi-trieste.com<\/p>\n","protected":false},"excerpt":{"rendered":"<p>COMUNICATO STAMPA CONCERTO DI PRIMAVERA Trieste, 22 aprile 2022: Un appuntamento speciale, che vedr\u00e0 protagoniste le voci femminili della Fondazione [&hellip;]<\/p>\n","protected":false},"author":1,"featured_media":0,"comment_status":"open","ping_status":"open","sticky":false,"template":"","format":"standard","meta":{"footnotes":""},"categories":[1],"tags":[],"class_list":["post-22176","post","type-post","status-publish","format-standard","hentry","category-sin-categoria"],"_links":{"self":[{"href":"https:\/\/www.ecoitaliano.com.ar\/index.php?rest_route=\/wp\/v2\/posts\/22176","targetHints":{"allow":["GET"]}}],"collection":[{"href":"https:\/\/www.ecoitaliano.com.ar\/index.php?rest_route=\/wp\/v2\/posts"}],"about":[{"href":"https:\/\/www.ecoitaliano.com.ar\/index.php?rest_route=\/wp\/v2\/types\/post"}],"author":[{"embeddable":true,"href":"https:\/\/www.ecoitaliano.com.ar\/index.php?rest_route=\/wp\/v2\/users\/1"}],"replies":[{"embeddable":true,"href":"https:\/\/www.ecoitaliano.com.ar\/index.php?rest_route=%2Fwp%2Fv2%2Fcomments&post=22176"}],"version-history":[{"count":0,"href":"https:\/\/www.ecoitaliano.com.ar\/index.php?rest_route=\/wp\/v2\/posts\/22176\/revisions"}],"wp:attachment":[{"href":"https:\/\/www.ecoitaliano.com.ar\/index.php?rest_route=%2Fwp%2Fv2%2Fmedia&parent=22176"}],"wp:term":[{"taxonomy":"category","embeddable":true,"href":"https:\/\/www.ecoitaliano.com.ar\/index.php?rest_route=%2Fwp%2Fv2%2Fcategories&post=22176"},{"taxonomy":"post_tag","embeddable":true,"href":"https:\/\/www.ecoitaliano.com.ar\/index.php?rest_route=%2Fwp%2Fv2%2Ftags&post=22176"}],"curies":[{"name":"wp","href":"https:\/\/api.w.org\/{rel}","templated":true}]}}