{"id":23569,"date":"2022-06-05T10:30:51","date_gmt":"2022-06-05T10:30:51","guid":{"rendered":"http:\/\/www.ecoitaliano.com.ar\/?p=23569"},"modified":"2022-06-05T10:30:51","modified_gmt":"2022-06-05T10:30:51","slug":"segnalazione-mostra-genesis-di-lee-maelee-venezia","status":"publish","type":"post","link":"https:\/\/www.ecoitaliano.com.ar\/?p=23569","title":{"rendered":"Segnalazione mostra Genesis di Lee Maelee, Venezia"},"content":{"rendered":"<div id='gallery-1' class='gallery galleryid-23569 gallery-columns-3 gallery-size-thumbnail'><figure class='gallery-item'>\n\t\t\t<div class='gallery-icon landscape'>\n\t\t\t\t<a href='https:\/\/www.ecoitaliano.com.ar\/?attachment_id=23570'><img decoding=\"async\" width=\"150\" height=\"150\" src=\"https:\/\/www.ecoitaliano.com.ar\/wp-content\/uploads\/2022\/06\/Genesis-Lee-Maelee-ang--150x150.jpg\" class=\"attachment-thumbnail size-thumbnail\" alt=\"\" \/><\/a>\n\t\t\t<\/div><\/figure><figure class='gallery-item'>\n\t\t\t<div class='gallery-icon landscape'>\n\t\t\t\t<a href='https:\/\/www.ecoitaliano.com.ar\/?attachment_id=23571'><img decoding=\"async\" width=\"150\" height=\"150\" src=\"https:\/\/www.ecoitaliano.com.ar\/wp-content\/uploads\/2022\/06\/Genesis-LeeMaelee--150x150.jpg\" class=\"attachment-thumbnail size-thumbnail\" alt=\"\" \/><\/a>\n\t\t\t<\/div><\/figure><figure class='gallery-item'>\n\t\t\t<div class='gallery-icon portrait'>\n\t\t\t\t<a href='https:\/\/www.ecoitaliano.com.ar\/?attachment_id=23572'><img decoding=\"async\" width=\"150\" height=\"150\" src=\"https:\/\/www.ecoitaliano.com.ar\/wp-content\/uploads\/2022\/06\/Genesis_LeeMaelee-150x150.jpg\" class=\"attachment-thumbnail size-thumbnail\" alt=\"\" \/><\/a>\n\t\t\t<\/div><\/figure>\n\t\t<\/div>\n\n<p>&nbsp;<\/p>\n<p class=\"western\" align=\"justify\"><span class=\"sd-abs-pos\"><img decoding=\"async\" src=\"file:\/\/\/tmp\/lu935115wmfz.tmp\/lu935115wmg9_tmp_50b67246c06a2a4e.jpg\" width=\"415\" height=\"397\" name=\"image2.jpg\" border=\"0\" \/> <\/span><span style=\"color: #424242;\"><span style=\"font-family: Source Code Pro, serif;\"><span style=\"font-size: small;\"><span style=\"color: #000000;\"><span style=\"font-family: Calibri, serif;\"><span style=\"font-size: medium;\">Venezia, 2 maggio 2022<\/span><\/span><\/span><\/span><\/span><\/span><\/p>\n<p class=\"western\" align=\"justify\"><span style=\"color: #424242;\"><span style=\"font-family: Source Code Pro, serif;\"><span style=\"font-size: small;\"><span style=\"color: #000000;\"><span style=\"font-family: Calibri, serif;\"><span style=\"font-size: medium;\">COMUNICATO STAMPA 2<\/span><\/span><\/span><\/span><\/span><\/span><\/p>\n<p class=\"western\" align=\"justify\"><span style=\"color: #424242;\"><span style=\"color: #000000;\">\u00a0<\/span><\/span><\/p>\n<p class=\"western\" align=\"justify\"><span style=\"color: #424242;\"><span style=\"font-family: Source Code Pro, serif;\"><span style=\"font-size: small;\"><span style=\"color: #000000;\"><span style=\"font-family: Calibri, serif;\"><span style=\"font-size: large;\">Maelee Lee<\/span><\/span><\/span><\/span><\/span><\/span><\/p>\n<p class=\"western\" align=\"justify\"><span style=\"color: #424242;\"><span style=\"font-family: Source Code Pro, serif;\"><span style=\"font-size: small;\"><span style=\"color: #a61c00;\"><span style=\"font-family: Roboto, serif;\"><span style=\"font-size: large;\"><i><b>GENESIS<\/b><\/i><\/span><\/span><\/span><span style=\"color: #000000;\"><span style=\"font-family: Roboto, serif;\"><span style=\"font-size: large;\"><i><b>\u00a0 <\/b><\/i><\/span><\/span><\/span><\/span><\/span><\/span><\/p>\n<p class=\"western\" align=\"justify\"><span style=\"color: #424242;\"><span style=\"font-family: Source Code Pro, serif;\"><span style=\"font-size: small;\"><span style=\"color: #000000;\"><span style=\"font-family: Calibri, serif;\"><span style=\"font-size: large;\">A cura di Thalia Vrachopoulos<\/span><\/span><\/span><\/span><\/span><\/span><\/p>\n<p class=\"western\" align=\"justify\"><span style=\"color: #424242;\"><span style=\"font-family: Source Code Pro, serif;\"><span style=\"font-size: small;\"><span style=\"color: #000000;\"><span style=\"font-family: Calibri, serif;\"><span style=\"font-size: large;\">fino al 28.06.2022\u00a0\u00a0<\/span><\/span><\/span><\/span><\/span><\/span><\/p>\n<p class=\"western\" align=\"justify\"><span style=\"color: #424242;\"><span style=\"font-family: Source Code Pro, serif;\"><span style=\"font-size: small;\"><span style=\"color: #000000;\"><span style=\"font-family: Calibri, serif;\"><span style=\"font-size: large;\">Galleria San Polo, San Polo 387, 30125, Venezia (VE).<\/span><\/span><\/span><\/span><\/span><\/span><\/p>\n<p class=\"western\" align=\"center\"><span style=\"color: #424242;\"><span style=\"font-family: Source Code Pro, serif;\"><span style=\"font-size: small;\"><span style=\"color: #000000;\"><span style=\"font-family: Calibri, serif;\"><span style=\"font-size: medium;\"><i>Genesi, Verso 1:27 Dio cre\u00f2 l&#8217;Uomo a sua immagine; a sua immagine Dio lo cre\u00f2; maschio e femmina li cre\u00f2.<\/i><\/span><\/span><\/span><\/span><\/span><\/span><\/p>\n<p class=\"western\" align=\"justify\"><span style=\"color: #424242;\"><span style=\"font-family: Source Code Pro, serif;\"><span style=\"font-size: small;\"><span style=\"color: #000000;\"><span style=\"font-family: Calibri, serif;\"><span style=\"font-size: medium;\">La Galleria San Polo presenta la mostra personale <\/span><\/span><\/span><span style=\"color: #000000;\"><span style=\"font-family: Calibri, serif;\"><span style=\"font-size: medium;\"><i><b>Genesis<\/b><\/i><\/span><\/span><\/span><span style=\"color: #000000;\"><span style=\"font-family: Calibri, serif;\"><span style=\"font-size: medium;\"><i>,<\/i><\/span><\/span><\/span><span style=\"color: #000000;\"><span style=\"font-family: Calibri, serif;\"><span style=\"font-size: medium;\"> dell\u2019artista sudcoreana <\/span><\/span><\/span><span style=\"color: #000000;\"><span style=\"font-family: Calibri, serif;\"><span style=\"font-size: medium;\"><b>Lee Maelee<\/b><\/span><\/span><\/span><span style=\"color: #000000;\"><span style=\"font-family: Calibri, serif;\"><span style=\"font-size: medium;\"> (1963, Repubblica di Corea), organizzata dalla curatrice ed esperta di arte asiatica, <\/span><\/span><\/span><span style=\"color: #000000;\"><span style=\"font-family: Calibri, serif;\"><span style=\"font-size: medium;\"><b>Thalia Vrachopoulos<\/b><\/span><\/span><\/span><span style=\"color: #000000;\"><span style=\"font-family: Calibri, serif;\"><span style=\"font-size: medium;\">, che<\/span><\/span><\/span><span style=\"color: #000000;\"><span style=\"font-family: Calibri, serif;\"><span style=\"font-size: medium;\"><b> sar\u00e0 visitabile fino al 28 giugno 2022<\/b><\/span><\/span><\/span><span style=\"color: #000000;\"><span style=\"font-family: Calibri, serif;\"><span style=\"font-size: medium;\">. <\/span><\/span><\/span><\/span><\/span><\/span><\/p>\n<p class=\"western\" align=\"justify\"><span style=\"color: #424242;\"><span style=\"font-family: Source Code Pro, serif;\"><span style=\"font-size: small;\"><span style=\"color: #000000;\"><span style=\"font-family: Calibri, serif;\"><span style=\"font-size: medium;\"><i>Genesis<\/i><\/span><\/span><\/span><span style=\"color: #000000;\"><span style=\"font-family: Calibri, serif;\"><span style=\"font-size: medium;\"> nasce dalla ricerca artistica di Lee, incentrata sulle questioni pi\u00f9 profonde che riguardano l\u2019essere umano e la storia e tutto ci\u00f2 che \u00e8 legato all\u2019esistenza e all\u2019essere e vuole rappresentare un medium tra il passato, il presente e il futuro.\u00a0<\/span><\/span><\/span><\/span><\/span><\/span><\/p>\n<p class=\"western\" align=\"justify\"><span style=\"color: #424242;\"><span style=\"font-family: Source Code Pro, serif;\"><span style=\"font-size: small;\"><span style=\"color: #000000;\"><span style=\"font-family: Calibri, serif;\"><span style=\"font-size: medium;\">L\u2019esposizione raccoglie un insieme di trentasei dipinti, realizzati trascrivendo in\u00a0polvere d\u2019oro a 24k frasi dalla Genesi della Bibbia e da altre fonti religiose non cristiane, come il buddista Sutra del Diamante, tradotte in diverse lingue quali Latino, Greco, Ebraico, Inglese e Coreano.<\/span><\/span><\/span><\/span><\/span><\/span><\/p>\n<p class=\"western\" align=\"justify\"><span style=\"color: #424242;\"><span style=\"font-family: Source Code Pro, serif;\"><span style=\"font-size: small;\"><span style=\"color: #000000;\"><span style=\"font-family: Calibri, serif;\"><span style=\"font-size: medium;\">L\u2019allestimento prevede anche una componente sonora, costituita da voci registrate che recitano brani di testi provenienti da tradizioni di Paesi diversi, la fusione di pittura, parola e voce crea un\u2019esperienza immersiva e sinestetica, grazie alla quale il visitatore, seguendo la disposizione circolare dei dipinti lungo le pareti, sperimenta anche la <\/span><\/span><\/span><span style=\"color: #000000;\"><span style=\"font-family: Calibri, serif;\"><span style=\"font-size: medium;\"><i>circumambulazione<\/i><\/span><\/span><\/span><span style=\"color: #000000;\"><span style=\"font-family: Calibri, serif;\"><span style=\"font-size: medium;\"> legata al rituale buddista del girare intorno alla pagoda. \u00a0<\/span><\/span><\/span><\/span><\/span><\/span><\/p>\n<p class=\"western\" align=\"justify\"><span style=\"color: #424242;\"><span style=\"font-family: Source Code Pro, serif;\"><span style=\"font-size: small;\"><span style=\"color: #000000;\"><span style=\"font-family: Calibri, serif;\"><span style=\"font-size: medium;\"><i>Genesis<\/i><\/span><\/span><\/span><span style=\"color: #000000;\"><span style=\"font-family: Calibri, serif;\"><span style=\"font-size: medium;\"> ha l&#8217;intento di indagare l\u2019esistenza umana in continua evoluzione e il ciclo senza fine di nascita e morte a cui ogni cosa deve sottostare. I testi che l\u2019Artista trascrive possono essere assimilati a una sorta di veicolo della memoria collettiva, per trasmettere il passato ai posteri.\u00a0<\/span><\/span><\/span><\/span><\/span><\/span><\/p>\n<p class=\"western\" align=\"justify\"><span style=\"color: #424242;\"><span style=\"font-family: Source Code Pro, serif;\"><span style=\"font-size: small;\"><span style=\"color: #000000;\"><span style=\"font-family: Calibri, serif;\"><span style=\"font-size: medium;\">Lee Maelee con la sua arte affronta i temi legati all\u2019esistenza, all\u2019essere e al divenire, fino ad espandere la sua ricerca al tema dell&#8217;origine dell\u2019Uomo, con un grande afflato creativo.<\/span><\/span><\/span><\/span><\/span><\/span><\/p>\n<p class=\"western\" align=\"justify\"><span style=\"color: #424242;\"><span style=\"font-family: Source Code Pro, serif;\"><span style=\"font-size: small;\"><span style=\"color: #000000;\"><span style=\"font-family: Calibri, serif;\"><span style=\"font-size: large;\"><b>HASHTAGS<\/b><\/span><\/span><\/span><\/span><\/span><\/span><\/p>\n<p class=\"western\" align=\"justify\"><span style=\"color: #424242;\"><span style=\"font-family: Source Code Pro, serif;\"><span style=\"font-size: small;\"><span style=\"color: #000000;\"><span style=\"font-family: Calibri, serif;\"><span style=\"font-size: medium;\">#LeeMaelee #genesisleemaelee #southkoreartist #thaliavrachopoulos <\/span><\/span><\/span><\/span><\/span><\/span><\/p>\n<p class=\"western\" align=\"justify\"><span style=\"color: #424242;\"><span style=\"font-family: Source Code Pro, serif;\"><span style=\"font-size: small;\"><span style=\"color: #000000;\"><span style=\"font-family: Calibri, serif;\"><span style=\"font-size: medium;\"><b>SCHEDA INFORMATIVA<\/b><\/span><\/span><\/span><\/span><\/span><\/span><\/p>\n<p class=\"western\" align=\"justify\"><span style=\"color: #424242;\"><span style=\"font-family: Source Code Pro, serif;\"><span style=\"font-size: small;\"><span style=\"color: #000000;\"><span style=\"font-family: Calibri, serif;\"><span style=\"font-size: medium;\"><b>MOSTRA <\/b><\/span><\/span><\/span><\/span><\/span><\/span><\/p>\n<p class=\"western\" align=\"justify\"><span style=\"color: #424242;\"><span style=\"font-family: Source Code Pro, serif;\"><span style=\"font-size: small;\"><span style=\"color: #000000;\"><span style=\"font-family: Calibri, serif;\"><span style=\"font-size: medium;\"><i>Genesis<\/i><\/span><\/span><\/span><\/span><\/span><\/span><\/p>\n<p class=\"western\" align=\"justify\"><span style=\"color: #424242;\"><span style=\"font-family: Source Code Pro, serif;\"><span style=\"font-size: small;\"><span style=\"color: #000000;\"><span style=\"font-family: Calibri, serif;\"><span style=\"font-size: medium;\">di Lee Mae Lee <\/span><\/span><\/span><\/span><\/span><\/span><\/p>\n<p class=\"western\" align=\"justify\"><span style=\"color: #424242;\"><span style=\"font-family: Source Code Pro, serif;\"><span style=\"font-size: small;\"><span style=\"color: #000000;\"><span style=\"font-family: Calibri, serif;\"><span style=\"font-size: medium;\">fino al 28.06.2022<\/span><\/span><\/span><\/span><\/span><\/span><\/p>\n<p class=\"western\" align=\"justify\"><span style=\"color: #424242;\"><span style=\"font-family: Source Code Pro, serif;\"><span style=\"font-size: small;\"><span style=\"color: #000000;\"><span style=\"font-family: Calibri, serif;\"><span style=\"font-size: medium;\"><b>a cura di <\/b><\/span><\/span><\/span><\/span><\/span><\/span><\/p>\n<p class=\"western\" align=\"justify\"><span style=\"color: #424242;\"><span style=\"font-family: Source Code Pro, serif;\"><span style=\"font-size: small;\"><span style=\"color: #000000;\"><span style=\"font-family: Calibri, serif;\"><span style=\"font-size: medium;\">Thalia Vrachopoulos <\/span><\/span><\/span><\/span><\/span><\/span><\/p>\n<p class=\"western\" align=\"justify\"><span style=\"color: #424242;\"><span style=\"font-family: Source Code Pro, serif;\"><span style=\"font-size: small;\"><span style=\"color: #000000;\"><span style=\"font-family: Calibri, serif;\"><span style=\"font-size: medium;\"><b>DOVE<\/b><\/span><\/span><\/span><\/span><\/span><\/span><\/p>\n<p class=\"western\" align=\"justify\"><span style=\"color: #424242;\"><span style=\"font-family: Source Code Pro, serif;\"><span style=\"font-size: small;\"><span style=\"color: #000000;\"><span style=\"font-family: Calibri, serif;\"><span style=\"font-size: medium;\">Galleria San Polo <\/span><\/span><\/span><\/span><\/span><\/span><\/p>\n<p class=\"western\" align=\"justify\"><span style=\"color: #424242;\"><span style=\"font-family: Source Code Pro, serif;\"><span style=\"font-size: small;\"><span style=\"color: #000000;\"><span style=\"font-family: Calibri, serif;\"><span style=\"font-size: medium;\">Ruga vecchia San Giovanni &#8211; Rialto &#8211; San Polo, 387 <\/span><\/span><\/span><\/span><\/span><\/span><\/p>\n<p class=\"western\" align=\"justify\"><span style=\"color: #424242;\"><span style=\"font-family: Source Code Pro, serif;\"><span style=\"font-size: small;\"><span style=\"color: #000000;\"><span style=\"font-family: Calibri, serif;\"><span style=\"font-size: medium;\"><b>ORARI DI VISITA<\/b><\/span><\/span><\/span><\/span><\/span><\/span><\/p>\n<p class=\"western\" align=\"justify\"><span style=\"color: #424242;\"><span style=\"font-family: Source Code Pro, serif;\"><span style=\"font-size: small;\"><span style=\"color: #000000;\"><span style=\"font-family: Calibri, serif;\"><span style=\"font-size: medium;\">Dal marted\u00ec alla domenica (lun chiuso) 11-18<\/span><\/span><\/span><\/span><\/span><\/span><\/p>\n<p class=\"western\" align=\"justify\"><span style=\"color: #424242;\"><span style=\"font-family: Source Code Pro, serif;\"><span style=\"font-size: small;\"><span style=\"color: #000000;\"><span style=\"font-family: Calibri, serif;\"><span style=\"font-size: medium;\"><b>SITO WEB<\/b><\/span><\/span><\/span><\/span><\/span><\/span><\/p>\n<p class=\"western\" align=\"justify\"><span style=\"color: #424242;\"><span style=\"font-family: Source Code Pro, serif;\"><span style=\"font-size: small;\"><span style=\"color: #000000;\"><span style=\"font-family: Calibri, serif;\"><span style=\"font-size: medium;\">www.leemaelee.works<\/span><\/span><\/span><\/span><\/span><\/span><\/p>\n<p class=\"western\" align=\"justify\"><span style=\"color: #424242;\"><span style=\"font-family: Source Code Pro, serif;\"><span style=\"font-size: small;\"><span style=\"color: #000000;\"><span style=\"font-family: Calibri, serif;\"><span style=\"font-size: medium;\"><b>UFFICIO STAMPA<\/b><\/span><\/span><\/span><\/span><\/span><\/span><\/p>\n<p class=\"western\" align=\"justify\"><span style=\"color: #424242;\"><span style=\"font-family: Source Code Pro, serif;\"><span style=\"font-size: small;\"><span style=\"color: #000000;\"><span style=\"font-family: Calibri, serif;\"><span style=\"font-size: medium;\">FG Comunicazione \u2013 Venezia <\/span><\/span><\/span><\/span><\/span><\/span><\/p>\n<p class=\"western\" align=\"justify\"><span style=\"color: #424242;\"><span style=\"font-family: Source Code Pro, serif;\"><span style=\"font-size: small;\"><span style=\"color: #000000;\"><span style=\"font-family: Calibri, serif;\"><span style=\"font-size: medium;\">Cristina Gatti <\/span><\/span><\/span><\/span><\/span><\/span><\/p>\n<p class=\"western\" align=\"justify\"><span style=\"color: #424242;\"><span style=\"font-family: Source Code Pro, serif;\"><span style=\"font-size: small;\"><a href=\"mailto:cristina.gatti@fg-comunicazione.it\"><span style=\"color: #000000;\"><span style=\"font-family: Calibri, serif;\"><span style=\"font-size: medium;\"><u>cristina.gatti@fg-comunicazione.it<\/u><\/span><\/span><\/span><\/a><\/span><\/span><\/span><\/p>\n<p class=\"western\" align=\"justify\"><span style=\"color: #424242;\"><span style=\"font-family: Source Code Pro, serif;\"><span style=\"font-size: small;\"><span style=\"color: #000000;\"><span style=\"font-family: Calibri, serif;\"><span style=\"font-size: medium;\"><b>Testo curatoriale <\/b><\/span><\/span><\/span><\/span><\/span><\/span><\/p>\n<p class=\"western\" align=\"justify\"><span style=\"color: #424242;\"><span style=\"font-family: Source Code Pro, serif;\"><span style=\"font-size: small;\"><span style=\"color: #000000;\"><span style=\"font-family: Calibri, serif;\"><span style=\"font-size: medium;\">Uno dei temi principali del lavoro artistico di Lee Maelee riguarda, in generale, l\u2019evoluzione umana, con le relative problematiche, interessi e domande; da anni il focus della sua ricerca \u00e8 l\u2019essere, il divenire, l\u2019essere diventato, del mondo, degli altri e di se stessa.\u00a0<\/span><\/span><\/span><\/span><\/span><\/span><\/p>\n<p class=\"western\" align=\"justify\"><span style=\"color: #424242;\"><span style=\"font-family: Source Code Pro, serif;\"><span style=\"font-size: small;\"><span style=\"color: #000000;\"><span style=\"font-family: Calibri, serif;\"><span style=\"font-size: medium;\">Di conseguenza, la serie di opere <\/span><\/span><\/span><span style=\"color: #000000;\"><span style=\"font-family: Calibri, serif;\"><span style=\"font-size: medium;\"><i>Genesis<\/i><\/span><\/span><\/span><span style=\"color: #000000;\"><span style=\"font-family: Calibri, serif;\"><span style=\"font-size: medium;\"> coinvolge la storia, l&#8217;umanit\u00e0, considerando diversi gruppi etnici, la vita e la morte, come anche la nascita e il crollo delle nazioni.<\/span><\/span><\/span><\/span><\/span><\/span><\/p>\n<p class=\"western\" align=\"justify\"><span style=\"color: #424242;\"><span style=\"font-family: Source Code Pro, serif;\"><span style=\"font-size: small;\"><span style=\"color: #000000;\"><span style=\"font-family: Calibri, serif;\"><span style=\"font-size: medium;\">La Genesi biblica simboleggia uno spazio e una metodologia attraverso la quale registriamo e archiviamo le traiettorie degli accadimenti storici. <\/span><\/span><\/span><span style=\"color: #000000;\"><span style=\"font-family: Calibri, serif;\"><span style=\"font-size: medium;\"><i>Genesis<\/i><\/span><\/span><\/span><span style=\"color: #000000;\"><span style=\"font-family: Calibri, serif;\"><span style=\"font-size: medium;\"> pu\u00f2 essere, infatti, interpretata come uno strumento per preservare e trasmettere la memoria collettiva, riportando i grandi eventi dell\u2019umanit\u00e0, il sorgere e la fine delle civilt\u00e0, le guerre, l&#8217;instaurazione di regimi, i massacri e le migrazioni e pi\u00f9 in generale il ricorso ciclico del potere nella civilt\u00e0.<\/span><\/span><\/span><\/span><\/span><\/span><\/p>\n<p class=\"western\" align=\"justify\"><span style=\"color: #424242;\"><span style=\"font-family: Source Code Pro, serif;\"><span style=\"font-size: small;\"><span style=\"color: #000000;\"><span style=\"font-family: Calibri, serif;\"><span style=\"font-size: medium;\">L&#8217;Artista interpreta questi temi da un punto di vista scientifico e filosofico, mentre esprime tali questioni esistenziali per mezzo della serie <\/span><\/span><\/span><span style=\"color: #000000;\"><span style=\"font-family: Calibri, serif;\"><span style=\"font-size: medium;\"><i>Genesis<\/i><\/span><\/span><\/span><span style=\"color: #000000;\"><span style=\"font-family: Calibri, serif;\"><span style=\"font-size: medium;\">, metafora di uno strumento di memoria.\u00a0<\/span><\/span><\/span><\/span><\/span><\/span><\/p>\n<p class=\"western\" align=\"justify\"><span style=\"color: #424242;\"><span style=\"font-family: Source Code Pro, serif;\"><span style=\"font-size: small;\"><span style=\"color: #000000;\"><span style=\"font-family: Calibri, serif;\"><span style=\"font-size: medium;\">Lee incide ripetutamente sulle tele un testo dorato, prendendo versi dal capitolo della Genesi della Bibbia cristiana tradotte in latino, greco, ebraico, inglese e coreano nonch\u00e9 utilizzando testi religiosi da una variet\u00e0 di fonti non cristiane. Tecnicamente il lavoro di scrittura richiede molto tempo, dal momento che l\u2019Artista usa un sottile pennello intinto in una polvere d\u2019oro 24 carati. La scelta di usare l\u2019oro piuttosto che l\u2019inchiostro non \u00e8 casuale, Lee si ispira, infatti, ad alcune pitture buddiste dell\u2019antico regno coreano di Goryeo interamente realizzate con questa tecnica.\u00a0<\/span><\/span><\/span><\/span><\/span><\/span><\/p>\n<p class=\"western\" align=\"justify\"><span style=\"color: #424242;\"><span style=\"font-family: Source Code Pro, serif;\"><span style=\"font-size: small;\"><span style=\"color: #000000;\"><span style=\"font-family: Calibri, serif;\"><span style=\"font-size: medium;\">Il posizionamento dell&#8217;installazione sul muro, simile a un fregio, si traduce in un tipo di <\/span><\/span><\/span><span style=\"color: #000000;\"><span style=\"font-family: Calibri, serif;\"><span style=\"font-size: medium;\"><i>circumambulazione<\/i><\/span><\/span><\/span><span style=\"color: #000000;\"><span style=\"font-family: Calibri, serif;\"><span style=\"font-size: medium;\"> legata al rituale buddista di girare intorno alla Pagoda, chiamato \u00ab<\/span><\/span><\/span><span style=\"color: #000000;\"><span style=\"font-family: Calibri, serif;\"><span style=\"font-size: medium;\"><i>tap-dol-i<\/i><\/span><\/span><\/span><span style=\"color: #000000;\"><span style=\"font-family: Calibri, serif;\"><span style=\"font-size: medium;\">\u00bb in coreano. L&#8217;atto di girare in cerchio ha due diversi significati: per i vivi \u00e8 un processo di \u00abaugurio\u00bb mentre per i morti \u00e8 la \u00abconsolazione dello spirito\u00bb.<\/span><\/span><\/span><\/span><\/span><\/span><\/p>\n<p class=\"western\" align=\"justify\"><span style=\"color: #424242;\"><span style=\"font-family: Source Code Pro, serif;\"><span style=\"font-size: small;\"><span style=\"color: #000000;\"><span style=\"font-family: Calibri, serif;\"><span style=\"font-size: medium;\">Come riportato nella Genesi, esiste l\u2019ipotesi che la storia della civilt\u00e0 umana &#8211; apparsa sulla terra circa 250.000 anni fa e che ha raggiunto il suo stato attuale attraverso una costante evoluzione. Questa constatazione fa, quindi, nascere diverse domande \u00abche forma assumeranno le societ\u00e0 future?\u00bb \u00abLa nostra attuale civilt\u00e0 esister\u00e0 per l&#8217;eternit\u00e0?\u00bb \u00abCome evolveranno gli esseri umani in futuro?\u00bb \u00abCome penseremo a questo tipo di problemi e condurremo le nostre vite nei giorni a venire?\u00bb\u00a0<\/span><\/span><\/span><\/span><\/span><\/span><\/p>\n<p class=\"western\" align=\"justify\"><span style=\"color: #424242;\"><span style=\"font-family: Source Code Pro, serif;\"><span style=\"font-size: small;\"><span style=\"color: #000000;\"><span style=\"font-family: Calibri, serif;\"><span style=\"font-size: medium;\">Lee esplora queste domande mentre tenta di trovare risposte attraverso e da prospettive religiose, antropologiche, sociologiche e letterarie. In questa ricerca, Lee ha simboleggiato le scritture incidendo la Genesi e il Sutra del diamante della letteratura buddhista in quattro lingue diverse (latino, greco, ebraico, inglese, e coreano) su delle tele.<\/span><\/span><\/span><\/span><\/span><\/span><\/p>\n<p class=\"western\" align=\"justify\"><span style=\"color: #424242;\"><span style=\"font-family: Source Code Pro, serif;\"><span style=\"font-size: small;\"><span style=\"color: #000000;\"><span style=\"font-family: Calibri, serif;\"><span style=\"font-size: medium;\">La mostra sar\u00e0 accompagnata da registrazioni di voci che recitano poesie provenienti da tradizioni letterarie di diversi paesi. Incorporando suono, pittura, scultura e architettura nel suo lavoro, Lee crea un&#8217;opera multidisciplinare, multietnica e immersiva che dona al visitatore un&#8217;esperienza sinestetica e un potente messaggio.\u00a0<\/span><\/span><\/span><\/span><\/span><\/span><\/p>\n<p class=\"western\" align=\"justify\"><span style=\"color: #424242;\"><span style=\"font-family: Source Code Pro, serif;\"><span style=\"font-size: small;\"><span style=\"color: #000000;\"><span style=\"font-family: Calibri, serif;\"><span style=\"font-size: medium;\">La mostra sar\u00e0 composta dalle seguenti opere:<\/span><\/span><\/span><\/span><\/span><\/span><\/p>\n<ol>\n<li>\n<p class=\"western\" align=\"justify\"><span style=\"color: #424242;\"><span style=\"font-family: Source Code Pro, serif;\"><span style=\"font-size: small;\"><span style=\"color: #000000;\"><span style=\"font-family: Calibri, serif;\"><span style=\"font-size: medium;\">Una serie di 36 dipinti ca. 48&#215;66 cm ciascuno, installati con un motivo a fregio attorno alle pareti della galleria.<\/span><\/span><\/span><\/span><\/span><\/span><\/p>\n<\/li>\n<li>\n<p class=\"western\" align=\"justify\"><span style=\"color: #424242;\"><span style=\"font-family: Source Code Pro, serif;\"><span style=\"font-size: small;\"><span style=\"color: #000000;\"><span style=\"font-family: Calibri, serif;\"><span style=\"font-size: medium;\">Una performance, in occasione dell\u2019opening della mostra, durante la quale l\u2019artista scriver\u00e0 versi poetici sulle pareti della galleria.<\/span><\/span><\/span><\/span><\/span><\/span><\/p>\n<\/li>\n<li>\n<p class=\"western\" align=\"justify\"><span style=\"color: #424242;\"><span style=\"font-family: Source Code Pro, serif;\"><span style=\"font-size: small;\"><span style=\"color: #000000;\"><span style=\"font-family: Calibri, serif;\"><span style=\"font-size: medium;\">Una proiezione sonora.<\/span><\/span><\/span><\/span><\/span><\/span><\/p>\n<\/li>\n<\/ol>\n<p class=\"western\" align=\"right\"><span style=\"color: #424242;\"><span style=\"font-family: Source Code Pro, serif;\"><span style=\"font-size: small;\"><span style=\"color: #000000;\"><span style=\"font-family: Calibri, serif;\"><span style=\"font-size: medium;\">Thalia Vrachopoulos<\/span><\/span><\/span><\/span><\/span><\/span><\/p>\n<p class=\"western\" align=\"right\"><span style=\"color: #424242;\"><span style=\"font-family: Source Code Pro, serif;\"><span style=\"font-size: small;\"><span style=\"color: #000000;\"><span style=\"font-family: Calibri, serif;\"><span style=\"font-size: medium;\">Art historian and Professor<\/span><\/span><\/span><\/span><\/span><\/span><\/p>\n<p class=\"western\"><span style=\"color: #424242;\"> <span style=\"font-family: Source Code Pro, serif;\"><span style=\"font-size: small;\"><span style=\"color: #000000;\"><span style=\"font-family: Calibri, serif;\"><span style=\"font-size: x-large;\">Lee Maelee &#8211; Biografia<\/span><\/span><\/span><\/span><\/span><\/span><\/p>\n<p class=\"western\" align=\"justify\"><span style=\"color: #424242;\"><span style=\"font-family: Source Code Pro, serif;\"><span style=\"font-size: small;\"><span style=\"color: #000000;\"><span style=\"font-family: Calibri, serif;\"><span style=\"font-size: medium;\">Nasce nel 1963 a Gangjin, Repubblica di Corea. Lavora e vive a Gwang-ju (Corea del Sud).\u00a0<\/span><\/span><\/span><\/span><\/span><\/span><\/p>\n<p class=\"western\" align=\"justify\"><span style=\"color: #424242;\"><span style=\"font-family: Source Code Pro, serif;\"><span style=\"font-size: small;\"><span style=\"color: #000000;\"><span style=\"font-family: Calibri, serif;\"><span style=\"font-size: medium;\"><b>Formazione e Residenze:\u00a0<\/b><\/span><\/span><\/span><\/span><\/span><\/span><\/p>\n<p class=\"western\" align=\"justify\"><span style=\"color: #424242;\"><span style=\"font-family: Source Code Pro, serif;\"><span style=\"font-size: small;\"><span style=\"color: #000000;\"><span style=\"font-family: Calibri, serif;\"><span style=\"font-size: medium;\">2014.01.30.-02.28.2014 \u201cVisiting Artist Program\u201d (Siena Art Institute-Siena, Italy)<\/span><\/span><\/span><\/span><\/span><\/span><\/p>\n<p class=\"western\" align=\"justify\"><span style=\"color: #424242;\"><span style=\"font-family: Source Code Pro, serif;\"><span style=\"font-size: small;\"><span style=\"color: #000000;\"><span style=\"font-family: Calibri, serif;\"><span style=\"font-size: medium;\">2008 \u00a0 \u00a0 \u00a0 \u00a0 \u00a0 \u00a0 Ph.D. in Fine Arts, Chosun University, Gwangju, South Korea<\/span><\/span><\/span><\/span><\/span><\/span><\/p>\n<p class=\"western\" align=\"justify\"><span style=\"color: #424242;\"><span style=\"font-family: Source Code Pro, serif;\"><span style=\"font-size: small;\"><span style=\"color: #000000;\"><span style=\"font-family: Calibri, serif;\"><span style=\"font-size: medium;\">1996 \u00a0 \u00a0 \u00a0 \u00a0 \u00a0 \u00a0 MFA, Chosun University, Gwangju, South Korea<\/span><\/span><\/span><\/span><\/span><\/span><\/p>\n<p class=\"western\" align=\"justify\"><span style=\"color: #424242;\"><span style=\"font-family: Source Code Pro, serif;\"><span style=\"font-size: small;\"><span style=\"color: #000000;\"><span style=\"font-family: Calibri, serif;\"><span style=\"font-size: medium;\">1986 \u00a0 \u00a0 \u00a0 \u00a0 \u00a0 \u00a0 BFA, Mokpo National University, Mokpo, South Korea<\/span><\/span><\/span><\/span><\/span><\/span><\/p>\n<p class=\"western\" align=\"justify\"><span style=\"color: #424242;\"><span style=\"font-family: Source Code Pro, serif;\"><span style=\"font-size: small;\"><span style=\"color: #000000;\"><span style=\"font-family: Calibri, serif;\"><span style=\"font-size: medium;\"><b>Esposizioni personali 2021 &#8211; 2011<\/b><\/span><\/span><\/span><\/span><\/span><\/span><\/p>\n<p class=\"western\" align=\"justify\"><span style=\"color: #424242;\"><span style=\"font-family: Source Code Pro, serif;\"><span style=\"font-size: small;\"><span style=\"color: #000000;\"><span style=\"font-family: Calibri, serif;\"><span style=\"font-size: medium;\">2021 \u00a0 <\/span><\/span><\/span><span style=\"color: #000000;\"><span style=\"font-family: Calibri, serif;\"><span style=\"font-size: medium;\"><i>Poetry Delivery 2021<\/i><\/span><\/span><\/span><span style=\"color: #000000;\"><span style=\"font-family: Calibri, serif;\"><span style=\"font-size: medium;\"> :PYO Gallery, Seoul , South Korea<\/span><\/span><\/span><\/span><\/span><\/span><\/p>\n<p class=\"western\" align=\"justify\"><span style=\"color: #424242;\"><span style=\"font-family: Source Code Pro, serif;\"><span style=\"font-size: small;\"><span style=\"color: #000000;\"><span style=\"font-family: Calibri, serif;\"><span style=\"font-size: medium;\">2020 \u00a0 <\/span><\/span><\/span><span style=\"color: #000000;\"><span style=\"font-family: Calibri, serif;\"><span style=\"font-size: medium;\"><i>Poetry Delivery 2020<\/i><\/span><\/span><\/span><span style=\"color: #000000;\"><span style=\"font-family: Calibri, serif;\"><span style=\"font-size: medium;\"> :The Muan Seungwoo oh Museum of Art, Muan, South Korea<\/span><\/span><\/span><\/span><\/span><\/span><\/p>\n<p class=\"western\" align=\"justify\"><span style=\"color: #424242;\"><span style=\"font-family: Source Code Pro, serif;\"><span style=\"font-size: small;\"><span style=\"color: #000000;\"><span style=\"font-family: Calibri, serif;\"><span style=\"font-size: medium;\"><i>Poetry Delivery 2020<\/i><\/span><\/span><\/span><span style=\"color: #000000;\"><span style=\"font-family: Calibri, serif;\"><span style=\"font-size: medium;\"> :Sinsege gallery<\/span><\/span><\/span><\/span><\/span><\/span><\/p>\n<p class=\"western\" align=\"justify\"><span style=\"color: #424242;\"><span style=\"font-family: Source Code Pro, serif;\"><span style=\"font-size: small;\"><span style=\"color: #000000;\"><span style=\"font-family: Calibri, serif;\"><span style=\"font-size: medium;\">2019 \u00a0 <\/span><\/span><\/span><span style=\"color: #000000;\"><span style=\"font-family: Calibri, serif;\"><span style=\"font-size: medium;\"><i>The Cantos\u2019s Space<\/i><\/span><\/span><\/span><span style=\"color: #000000;\"><span style=\"font-family: Calibri, serif;\"><span style=\"font-size: medium;\">, Woojaegill Museum of Art, Gwangju, South Korea<\/span><\/span><\/span><\/span><\/span><\/span><\/p>\n<p class=\"western\" align=\"justify\"><span style=\"color: #424242;\"><span style=\"font-family: Source Code Pro, serif;\"><span style=\"font-size: small;\"><span style=\"color: #000000;\"><span style=\"font-family: Calibri, serif;\"><span style=\"font-size: medium;\">2017 \u00a0 <\/span><\/span><\/span><span style=\"color: #000000;\"><span style=\"font-family: Calibri, serif;\"><span style=\"font-size: medium;\"><i>Poetry Delivery 2017<\/i><\/span><\/span><\/span><span style=\"color: #000000;\"><span style=\"font-family: Calibri, serif;\"><span style=\"font-size: medium;\"> : Gwangju Museum of Art, Gwangju, South Korea<\/span><\/span><\/span><\/span><\/span><\/span><\/p>\n<p class=\"western\" align=\"justify\"><span style=\"color: #424242;\"><span style=\"font-family: Source Code Pro, serif;\"><span style=\"font-size: small;\"><span style=\"color: #000000;\"><span style=\"font-family: Calibri, serif;\"><span style=\"font-size: medium;\"><i>Mae-lee Lee <\/i><\/span><\/span><\/span><span style=\"color: #000000;\"><span style=\"font-family: Calibri, serif;\"><span style=\"font-size: medium;\">: <\/span><\/span><\/span><span style=\"color: #000000;\"><span style=\"font-family: Calibri, serif;\"><span style=\"font-size: medium;\"><i>The Next Step<\/i><\/span><\/span><\/span><span style=\"color: #000000;\"><span style=\"font-family: Calibri, serif;\"><span style=\"font-size: medium;\">, Elga Wimmer PCC, New York, USA<\/span><\/span><\/span><\/span><\/span><\/span><\/p>\n<p class=\"western\" align=\"justify\"><span style=\"color: #424242;\"><span style=\"font-family: Source Code Pro, serif;\"><span style=\"font-size: small;\"><span style=\"color: #000000;\"><span style=\"font-family: Calibri, serif;\"><span style=\"font-size: medium;\">2016 \u00a0 <\/span><\/span><\/span><span style=\"color: #000000;\"><span style=\"font-family: Calibri, serif;\"><span style=\"font-size: medium;\"><i>Mae-lee Lee<\/i><\/span><\/span><\/span><span style=\"color: #000000;\"><span style=\"font-family: Calibri, serif;\"><span style=\"font-size: medium;\"> : <\/span><\/span><\/span><span style=\"color: #000000;\"><span style=\"font-family: Calibri, serif;\"><span style=\"font-size: medium;\"><i>Expanding the Paradigm<\/i><\/span><\/span><\/span><span style=\"color: #000000;\"><span style=\"font-family: Calibri, serif;\"><span style=\"font-size: medium;\">, Dononopoulos International Fine Arts, Thessaloniki, Greece<\/span><\/span><\/span><\/span><\/span><\/span><\/p>\n<p class=\"western\" align=\"justify\"><span style=\"color: #424242;\"><span style=\"font-family: Source Code Pro, serif;\"><span style=\"font-size: small;\"><span style=\"color: #000000;\"><span style=\"font-family: Calibri, serif;\"><span style=\"font-size: medium;\">2015 \u00a0 <\/span><\/span><\/span><span style=\"color: #000000;\"><span style=\"font-family: Calibri, serif;\"><span style=\"font-size: medium;\"><i>Mae-lee Lee<\/i><\/span><\/span><\/span><span style=\"color: #000000;\"><span style=\"font-family: Calibri, serif;\"><span style=\"font-size: medium;\"> : <\/span><\/span><\/span><span style=\"color: #000000;\"><span style=\"font-family: Calibri, serif;\"><span style=\"font-size: medium;\"><i>Walking the Truth<\/i><\/span><\/span><\/span><span style=\"color: #000000;\"><span style=\"font-family: Calibri, serif;\"><span style=\"font-size: medium;\">, Museum of Contemporary Art of Crete, Crete, Greece<\/span><\/span><\/span><\/span><\/span><\/span><\/p>\n<p class=\"western\" align=\"justify\"><span style=\"color: #424242;\"><span style=\"font-family: Source Code Pro, serif;\"><span style=\"font-size: small;\"><span style=\"color: #000000;\"><span style=\"font-family: Calibri, serif;\"><span style=\"font-size: medium;\">2014 \u00a0 <\/span><\/span><\/span><span style=\"color: #000000;\"><span style=\"font-family: Calibri, serif;\"><span style=\"font-size: medium;\"><i>Mae-lee Lee<\/i><\/span><\/span><\/span><span style=\"color: #000000;\"><span style=\"font-family: Calibri, serif;\"><span style=\"font-size: medium;\"> : <\/span><\/span><\/span><span style=\"color: #000000;\"><span style=\"font-family: Calibri, serif;\"><span style=\"font-size: medium;\"><i>On the Road to Wisdom<\/i><\/span><\/span><\/span><span style=\"color: #000000;\"><span style=\"font-family: Calibri, serif;\"><span style=\"font-size: medium;\">, National Assembly Member\u2019s Office Building 3F Public Space,\u00a0<\/span><\/span><\/span><\/span><\/span><\/span><\/p>\n<p class=\"western\" align=\"justify\"><span style=\"color: #424242;\"><span style=\"font-family: Source Code Pro, serif;\"><span style=\"font-size: small;\"><span style=\"color: #000000;\"><span style=\"font-family: Calibri, serif;\"><span style=\"font-size: medium;\">Seoul, South Korea\u00a0<\/span><\/span><\/span><\/span><\/span><\/span><\/p>\n<p class=\"western\" align=\"justify\"><span style=\"color: #424242;\"><span style=\"color: #000000;\">\u00a0\u00a0\u00a0\u00a0\u00a0\u00a0\u00a0<\/span><span style=\"font-family: Source Code Pro, serif;\"><span style=\"font-size: small;\"><span style=\"color: #000000;\"><span style=\"font-family: Calibri, serif;\"><span style=\"font-size: medium;\"><i>Mae-lee Lee<\/i><\/span><\/span><\/span><span style=\"color: #000000;\"><span style=\"font-family: Calibri, serif;\"><span style=\"font-size: medium;\"> : <\/span><\/span><\/span><span style=\"color: #000000;\"><span style=\"font-family: Calibri, serif;\"><span style=\"font-size: medium;\"><i>Open Studio<\/i><\/span><\/span><\/span><span style=\"color: #000000;\"><span style=\"font-family: Calibri, serif;\"><span style=\"font-size: medium;\">, Siena Art Institute, Siena, Italia<\/span><\/span><\/span><\/span><\/span><\/span><\/p>\n<p class=\"western\" align=\"justify\"><span style=\"color: #424242;\"><span style=\"font-family: Source Code Pro, serif;\"><span style=\"font-size: small;\"><span style=\"color: #000000;\"><span style=\"font-family: Calibri, serif;\"><span style=\"font-size: medium;\">2013 \u00a0 <\/span><\/span><\/span><span style=\"color: #000000;\"><span style=\"font-family: Calibri, serif;\"><span style=\"font-size: medium;\"><i>Mae-lee Lee<\/i><\/span><\/span><\/span><span style=\"color: #000000;\"><span style=\"font-family: Calibri, serif;\"><span style=\"font-size: medium;\"> : <\/span><\/span><\/span><span style=\"color: #000000;\"><span style=\"font-family: Calibri, serif;\"><span style=\"font-size: medium;\"><i>Portraits of shoe-Where do we come from and where are we heading to?,<\/i><\/span><\/span><\/span><span style=\"color: #000000;\"><span style=\"font-family: Calibri, serif;\"><span style=\"font-size: medium;\"> Media Cube 338,<\/span><\/span><\/span><\/span><\/span><\/span><\/p>\n<p class=\"western\" align=\"justify\"><span style=\"color: #424242;\"><span style=\"font-family: Source Code Pro, serif;\"><span style=\"font-size: small;\"><span style=\"color: #000000;\"><span style=\"font-family: Calibri, serif;\"><span style=\"font-size: medium;\">Gwangju, South Korea<\/span><\/span><\/span><\/span><\/span><\/span><\/p>\n<p class=\"western\" align=\"justify\"><span style=\"color: #424242;\"><span style=\"color: #000000;\">\u00a0\u00a0\u00a0\u00a0\u00a0\u00a0\u00a0<span style=\"font-family: Source Code Pro, serif;\"><span style=\"font-size: small;\"><span style=\"font-family: Calibri, serif;\"><span style=\"font-size: medium;\"><i>Mae-lee Lee : Portraits of shoe<\/i><\/span><\/span><\/span><span style=\"font-family: Calibri, serif;\"><span style=\"font-size: medium;\">, Eunam Museum of Art, Gwangju, South Korea<\/span><\/span><\/span><\/span><\/span><\/p>\n<p class=\"western\" align=\"justify\"><span style=\"color: #424242;\"><span style=\"font-family: Source Code Pro, serif;\"><span style=\"font-size: small;\"><span style=\"color: #000000;\"><span style=\"font-family: Calibri, serif;\"><span style=\"font-size: medium;\">2012 \u00a0 <\/span><\/span><\/span><span style=\"color: #000000;\"><span style=\"font-family: Calibri, serif;\"><span style=\"font-size: medium;\"><i>Mae-lee Lee : Re-birth<\/i><\/span><\/span><\/span><span style=\"color: #000000;\"><span style=\"font-family: Calibri, serif;\"><span style=\"font-size: medium;\">, Eunam Museum of Art, Gwangju, South Korea<\/span><\/span><\/span><\/span><\/span><\/span><\/p>\n<p class=\"western\" align=\"justify\"><span style=\"color: #424242;\"><span style=\"font-family: Source Code Pro, serif;\"><span style=\"font-size: small;\"><span style=\"color: #000000;\"><span style=\"font-family: Calibri, serif;\"><span style=\"font-size: medium;\">2011 \u00a0 <\/span><\/span><\/span><span style=\"color: #000000;\"><span style=\"font-family: Calibri, serif;\"><span style=\"font-size: medium;\"><i>Mae-lee Lee : Infinite Space<\/i><\/span><\/span><\/span><span style=\"color: #000000;\"><span style=\"font-family: Calibri, serif;\"><span style=\"font-size: medium;\">, Chelsea Art Museum, New York, USA<\/span><\/span><\/span><\/span><\/span><\/span><\/p>\n<p class=\"western\" align=\"justify\"><span style=\"color: #424242;\"><span style=\"color: #000000;\">\u00a0\u00a0\u00a0\u00a0\u00a0\u00a0\u00a0<\/span><span style=\"font-family: Source Code Pro, serif;\"><span style=\"font-size: small;\"><span style=\"color: #000000;\"><span style=\"font-family: Calibri, serif;\"><span style=\"font-size: medium;\"><i>Mae-lee Lee : Dawn and Space<\/i><\/span><\/span><\/span><span style=\"color: #000000;\"><span style=\"font-family: Calibri, serif;\"><span style=\"font-size: medium;\">, FEI Gallery, Guangzhou, China\u00a0<\/span><\/span><\/span><\/span><\/span><\/span><\/p>\n<p class=\"western\" align=\"justify\"><span style=\"color: #424242;\"><span style=\"color: #000000;\">\u00a0\u00a0\u00a0\u00a0\u00a0\u00a0\u00a0<\/span><span style=\"font-family: Source Code Pro, serif;\"><span style=\"font-size: small;\"><span style=\"color: #000000;\"><span style=\"font-family: Calibri, serif;\"><span style=\"font-size: medium;\"><i>Mae-lee Lee ; 2011 National Gwangju Museum and Contemporary Art<\/i><\/span><\/span><\/span><span style=\"color: #000000;\"><span style=\"font-family: Calibri, serif;\"><span style=\"font-size: medium;\">, National Gwangju Museum,\u00a0<\/span><\/span><\/span><\/span><\/span><\/span><\/p>\n<p class=\"western\" align=\"justify\"><span style=\"color: #424242;\"><span style=\"font-family: Source Code Pro, serif;\"><span style=\"font-size: small;\"><span style=\"color: #000000;\"><span style=\"font-family: Calibri, serif;\"><span style=\"font-size: medium;\">Gwangju, South Korea\u00a0<\/span><\/span><\/span><\/span><\/span><\/span><\/p>\n<p class=\"western\" align=\"justify\"><span style=\"color: #424242;\"><span style=\"font-family: Source Code Pro, serif;\"><span style=\"font-size: small;\"><span style=\"color: #000000;\"><span style=\"font-family: Calibri, serif;\"><span style=\"font-size: medium;\"><b>(\u2026.)<\/b><\/span><\/span><\/span><\/span><\/span><\/span><\/p>\n<p class=\"western\" align=\"justify\"><span style=\"color: #424242;\"><span style=\"font-family: Source Code Pro, serif;\"><span style=\"font-size: small;\"><span style=\"color: #000000;\"><span style=\"font-family: Calibri, serif;\"><span style=\"font-size: medium;\"><b>Selezione di\u00a0 esposizioni collettive e doppie personali:\u00a0<\/b><\/span><\/span><\/span><\/span><\/span><\/span><\/p>\n<p class=\"western\" align=\"justify\"><span style=\"color: #424242;\"><span style=\"font-family: Source Code Pro, serif;\"><span style=\"font-size: small;\"><span style=\"color: #000000;\"><span style=\"font-family: Calibri, serif;\"><span style=\"font-size: medium;\">2019 \u00a0 <\/span><\/span><\/span><span style=\"color: #000000;\"><span style=\"font-family: Calibri, serif;\"><span style=\"font-size: medium;\"><i>The 4<\/i><\/span><\/span><\/span><span style=\"color: #000000;\"><sup><span style=\"font-family: Calibri, serif;\"><span style=\"font-size: medium;\"><i>th<\/i><\/span><\/span><\/sup><\/span><span style=\"color: #000000;\"><span style=\"font-family: Calibri, serif;\"><span style=\"font-size: medium;\"><i> Today\u2019 s Documents_ A Stitch in Time <\/i><\/span><\/span><\/span><span style=\"color: #000000;\"><span style=\"font-family: Calibri, serif;\"><span style=\"font-size: medium;\">Today Art Museum, Beijing, China<\/span><\/span><\/span><\/span><\/span><\/span><\/p>\n<p class=\"western\" align=\"justify\"><span style=\"color: #424242;\"><span style=\"font-family: Source Code Pro, serif;\"><span style=\"font-size: small;\"><span style=\"color: #000000;\"><span style=\"font-family: Calibri, serif;\"><span style=\"font-size: medium;\"><i>&#8216;Grasses&#8217;<\/i><\/span><\/span><\/span><\/span><span style=\"font-family: Source Code Pro;\"><span style=\"font-size: small;\"><span style=\"font-family: Calibri;\"><span style=\"font-size: medium;\"><i>\u79bb\u79bb\u539f\u4e0a\u8349<\/i><\/span><\/span><\/span> <\/span><\/span><span style=\"font-family: Source Code Pro, serif;\"><span style=\"font-size: small;\"><span style=\"color: #000000;\"><span style=\"font-family: Calibri, serif;\"><span style=\"font-size: medium;\">Korean Cultural Center, Shanghai, Shanghai, China<\/span><\/span><\/span><\/span><\/span><\/span><\/p>\n<p class=\"western\" align=\"justify\"><span style=\"color: #424242;\"><span style=\"font-family: Source Code Pro, serif;\"><span style=\"font-size: small;\"><span style=\"color: #000000;\"><span style=\"font-family: Calibri, serif;\"><span style=\"font-size: medium;\">2018 \u00a0 <\/span><\/span><\/span><span style=\"color: #000000;\"><span style=\"font-family: Calibri, serif;\"><span style=\"font-size: medium;\"><i>2018 Gwangju Biennale Finland Pavilion Project <\/i><\/span><\/span><\/span><span style=\"color: #000000;\"><span style=\"font-family: Calibri, serif;\"><span style=\"font-size: medium;\"><i>\u2018Fictional Friction\u2019<\/i><\/span><\/span><\/span><span style=\"color: #000000;\"><span style=\"font-family: Calibri, serif;\"><span style=\"font-size: medium;\">, Mugaksa, Gwangju, South Korea<\/span><\/span><\/span><\/span><\/span><\/span><\/p>\n<p class=\"western\" align=\"justify\"><span style=\"color: #424242;\"><span style=\"font-family: Source Code Pro, serif;\"><span style=\"font-size: small;\"><span style=\"color: #000000;\"><span style=\"font-family: Calibri, serif;\"><span style=\"font-size: medium;\">2017 \u00a0 <\/span><\/span><\/span><span style=\"color: #000000;\"><span style=\"font-family: Calibri, serif;\"><span style=\"font-size: medium;\"><i>Silver Lining Anniversary Show<\/i><\/span><\/span><\/span><span style=\"color: #000000;\"><span style=\"font-family: Calibri, serif;\"><span style=\"font-size: medium;\">, Elga Wimmer PCC, NewYork, USA<\/span><\/span><\/span><\/span><\/span><\/span><\/p>\n<p class=\"western\" align=\"justify\"><span style=\"color: #424242;\"><span style=\"font-family: Source Code Pro, serif;\"><span style=\"font-size: small;\"><span style=\"color: #000000;\"><span style=\"font-family: Calibri, serif;\"><span style=\"font-size: medium;\">2016 \u00a0 <\/span><\/span><\/span><span style=\"color: #000000;\"><span style=\"font-family: Calibri, serif;\"><span style=\"font-size: medium;\"><i>Shanghai Project<\/i><\/span><\/span><\/span><span style=\"color: #000000;\"><span style=\"font-family: Calibri, serif;\"><span style=\"font-size: medium;\">, Himalayas Museum, Shanghai, China<\/span><\/span><\/span><\/span><\/span><\/span><\/p>\n<p class=\"western\" align=\"justify\"><span style=\"color: #424242;\"><span style=\"color: #000000;\">\u00a0\u00a0\u00a0\u00a0\u00a0\u00a0 \u00a0<\/span><span style=\"font-family: Source Code Pro, serif;\"><span style=\"font-size: small;\"><span style=\"color: #000000;\"><span style=\"font-family: Calibri, serif;\"><span style=\"font-size: medium;\"><i>HUMANISTIC NATURE AND SOCIETY (SHAN-SHUI) AN INSIGHT INTO THE FUTURE<\/i><\/span><\/span><\/span><span style=\"color: #000000;\"><span style=\"font-family: Calibri, serif;\"><span style=\"font-size: medium;\">, Chongging, Xi&#8217;an, Beijing \/ <\/span><\/span><\/span><\/span><\/span><\/span><\/p>\n<p class=\"western\" align=\"justify\"><span style=\"color: #424242;\"><span style=\"font-family: Source Code Pro, serif;\"><span style=\"font-size: small;\"><span style=\"color: #000000;\"><span style=\"font-family: Calibri, serif;\"><span style=\"font-size: medium;\"> Himalayas Museum, Shanghai, China<\/span><\/span><\/span><\/span><\/span><\/span><\/p>\n<p class=\"western\" align=\"justify\"><span style=\"color: #424242;\"><span style=\"font-family: Source Code Pro, serif;\"><span style=\"font-size: small;\"><span style=\"color: #000000;\"><span style=\"font-family: Calibri, serif;\"><span style=\"font-size: medium;\">2015 \u00a0 <\/span><\/span><\/span><span style=\"color: #000000;\"><span style=\"font-family: Calibri, serif;\"><span style=\"font-size: medium;\"><i>56th Venice Biennale<\/i><\/span><\/span><\/span><span style=\"color: #000000;\"><span style=\"font-family: Calibri, serif;\"><span style=\"font-size: medium;\">, La Biennale di Venezia Eventi Collaterali, Palazzo Ca&#8217;Paccanoon, Venezia, Italia<\/span><\/span><\/span><\/span><\/span><\/span><\/p>\n<p class=\"western\" align=\"justify\"><span style=\"color: #424242;\"><span style=\"color: #000000;\">\u00a0\u00a0\u00a0\u00a0\u00a0\u00a0\u00a0<span style=\"font-family: Source Code Pro, serif;\"><span style=\"font-size: small;\"><span style=\"font-family: Calibri, serif;\"><span style=\"font-size: medium;\"><i>5th Kobe Biennale<\/i><\/span><\/span><\/span><span style=\"font-family: Calibri, serif;\"><span style=\"font-size: medium;\">, Meriken Park, Kobe, Japan<\/span><\/span><\/span><\/span><\/span><\/p>\n<p class=\"western\" align=\"justify\"><span style=\"color: #424242;\"><span style=\"font-family: Source Code Pro, serif;\"><span style=\"font-size: small;\"><span style=\"color: #000000;\"><span style=\"font-family: Calibri, serif;\"><span style=\"font-size: medium;\"><i>UNESCO the Media Art Creative Cities<\/i><\/span><\/span><\/span><span style=\"color: #000000;\"><span style=\"font-family: Calibri, serif;\"><span style=\"font-size: medium;\">, Gwangju 1stMugaksa, Gwangju, South Korea<\/span><\/span><\/span><\/span><\/span><\/span><\/p>\n<p class=\"western\" align=\"justify\"><span style=\"color: #424242;\"><span style=\"font-family: Source Code Pro, serif;\"><span style=\"font-size: small;\"><span style=\"color: #000000;\"><span style=\"font-family: Calibri, serif;\"><span style=\"font-size: medium;\"><i>&#8216;Korean Flux&#8217;<\/i><\/span><\/span><\/span><span style=\"color: #000000;\"><span style=\"font-family: Calibri, serif;\"><span style=\"font-size: medium;\"> Cyprus Gallery, Athens, Greece<\/span><\/span><\/span><\/span><\/span><\/span><\/p>\n<p class=\"western\" align=\"justify\"><span style=\"color: #424242;\"><span style=\"font-family: Source Code Pro, serif;\"><span style=\"font-size: small;\"><span style=\"color: #000000;\"><span style=\"font-family: Calibri, serif;\"><span style=\"font-size: medium;\">2014 \u00a0 <\/span><\/span><\/span><span style=\"color: #000000;\"><span style=\"font-family: Calibri, serif;\"><span style=\"font-size: medium;\"><i>Multifarious Appearances of Ten Thousand Things-From Things to Beings<\/i><\/span><\/span><\/span><span style=\"color: #000000;\"><span style=\"font-family: Calibri, serif;\"><span style=\"font-size: medium;\">,\u00a0<\/span><\/span><\/span><\/span><\/span><\/span><\/p>\n<p class=\"western\" align=\"justify\"><span style=\"color: #424242;\"><span style=\"color: #000000;\">\u00a0\u00a0\u00a0\u00a0\u00a0\u00a0\u00a0<span style=\"font-family: Source Code Pro, serif;\"><span style=\"font-size: small;\"><span style=\"font-family: Calibri, serif;\"><span style=\"font-size: medium;\">Nam Seoul Living Arts Museum, Seoul, South Korea<\/span><\/span><\/span><\/span><\/span><\/span><\/p>\n<p class=\"western\" align=\"justify\"><span style=\"color: #424242;\"><span style=\"font-family: Source Code Pro, serif;\"><span style=\"font-size: small;\"><span style=\"color: #000000;\"><span style=\"font-family: Calibri, serif;\"><span style=\"font-size: medium;\"><i>2014 Light of the Futher Gwangju Internationa Media Art Festival<\/i><\/span><\/span><\/span><span style=\"color: #000000;\"><span style=\"font-family: Calibri, serif;\"><span style=\"font-size: medium;\">, Gwangju, South Korea\u00a0<\/span><\/span><\/span><\/span><\/span><\/span><\/p>\n<p class=\"western\" align=\"justify\"><span style=\"color: #424242;\"><span style=\"font-family: Source Code Pro, serif;\"><span style=\"font-size: small;\"><span style=\"color: #000000;\"><span style=\"font-family: Calibri, serif;\"><span style=\"font-size: medium;\">2013 \u00a0 <\/span><\/span><\/span><span style=\"color: #000000;\"><span style=\"font-family: Calibri, serif;\"><span style=\"font-size: medium;\"><i>Multifarious Appearances of Ten Thousand Things-From Things to Beings<\/i><\/span><\/span><\/span><span style=\"color: #000000;\"><span style=\"font-family: Calibri, serif;\"><span style=\"font-size: medium;\">, Gwangju Museum of Art,\u00a0<\/span><\/span><\/span><\/span><\/span><\/span><\/p>\n<p class=\"western\" align=\"justify\"><span style=\"color: #424242;\"><span style=\"font-family: Source Code Pro, serif;\"><span style=\"font-size: small;\"><span style=\"color: #000000;\"><span style=\"font-family: Calibri, serif;\"><span style=\"font-size: medium;\">Gwangju, South Korea<\/span><\/span><\/span><\/span><\/span><\/span><\/p>\n<p class=\"western\" align=\"justify\"><span style=\"color: #424242;\"><span style=\"font-family: Source Code Pro, serif;\"><span style=\"font-size: small;\"><span style=\"color: #000000;\"><span style=\"font-family: Calibri, serif;\"><span style=\"font-size: medium;\">2012 \u00a0 <\/span><\/span><\/span><span style=\"color: #000000;\"><span style=\"font-family: Calibri, serif;\"><span style=\"font-size: medium;\"><i>AMATERAS Annual Paper Art Exhibition 2012 SOFIA paper art fest<\/i><\/span><\/span><\/span><span style=\"color: #000000;\"><span style=\"font-family: Calibri, serif;\"><span style=\"font-size: medium;\">, Alley Gallery, Sofia, Bulgaria<\/span><\/span><\/span><\/span><\/span><\/span><\/p>\n<p class=\"western\" align=\"justify\"><span style=\"color: #424242;\"><span style=\"color: #000000;\">\u00a0<\/span><span style=\"font-family: Source Code Pro, serif;\"><span style=\"font-size: small;\"><span style=\"color: #000000;\"><span style=\"font-family: Calibri, serif;\"><span style=\"font-size: medium;\"><i>Round Table 2012 Gwang ju Biennale<\/i><\/span><\/span><\/span><span style=\"color: #000000;\"><span style=\"font-family: Calibri, serif;\"><span style=\"font-size: medium;\"> &#8211; Gwang ju Biennale, Gwang ju, South Korea<\/span><\/span><\/span><\/span><\/span><\/span><\/p>\n<p class=\"western\" align=\"justify\"><span style=\"color: #424242;\"><span style=\"font-family: Source Code Pro, serif;\"><span style=\"font-size: small;\"><span style=\"color: #000000;\"><span style=\"font-family: Calibri, serif;\"><span style=\"font-size: medium;\">2011 \u00a0 <\/span><\/span><\/span><span style=\"color: #000000;\"><span style=\"font-family: Calibri, serif;\"><span style=\"font-size: medium;\"><i>Sofia Paper Biennael 2011 SOFIA paper art fest<\/i><\/span><\/span><\/span><span style=\"color: #000000;\"><span style=\"font-family: Calibri, serif;\"><span style=\"font-size: medium;\">, National Gallery of Foreign Art, Sofia, Bulgaria<\/span><\/span><\/span><\/span><\/span><\/span><\/p>\n<p class=\"western\" align=\"justify\"><span style=\"color: #424242;\"><span style=\"color: #000000;\">\u00a0\u00a0\u00a0\u00a0\u00a0\u00a0\u00a0<\/span><span style=\"font-family: Source Code Pro, serif;\"><span style=\"font-size: small;\"><span style=\"color: #000000;\"><span style=\"font-family: Calibri, serif;\"><span style=\"font-size: medium;\"><i>AMATERAS Annual Paper Art Exhibition 2011<\/i><\/span><\/span><\/span> <span style=\"color: #000000;\"><span style=\"font-family: Calibri, serif;\"><span style=\"font-size: medium;\"><i>SOFIA paper art fest<\/i><\/span><\/span><\/span><span style=\"color: #000000;\"><span style=\"font-family: Calibri, serif;\"><span style=\"font-size: medium;\">, Alley Gallery, Sofia, Bulgaria\u00a0<\/span><\/span><\/span><\/span><\/span><\/span><\/p>\n<p class=\"western\" align=\"justify\"><span style=\"color: #424242;\"><span style=\"font-family: Source Code Pro, serif;\"><span style=\"font-size: small;\"><span style=\"color: #000000;\"><span style=\"font-family: Calibri, serif;\"><span style=\"font-size: medium;\"><i>KHG Art Project :DINGSDABUMSDA<\/i><\/span><\/span><\/span><span style=\"color: #000000;\"><span style=\"font-family: Calibri, serif;\"><span style=\"font-size: medium;\">, KUNSTHALLE GWANGJU-Cultural Showcase of The Asian Culture Complex, Gwangju, South Korea<\/span><\/span><\/span><\/span><\/span><\/span><\/p>\n<p class=\"western\" align=\"justify\"><span style=\"color: #424242;\"><span style=\"font-family: Source Code Pro, serif;\"><span style=\"font-size: small;\"><span style=\"color: #000000;\"><span style=\"font-family: Calibri, serif;\"><span style=\"font-size: medium;\"><i>CREATION FROM FINGERTIPS<\/i><\/span><\/span><\/span><span style=\"color: #000000;\"><span style=\"font-family: Calibri, serif;\"><span style=\"font-size: medium;\">, The 3<\/span><\/span><\/span><span style=\"color: #000000;\"><sup><span style=\"font-family: Calibri, serif;\"><span style=\"font-size: medium;\">rd<\/span><\/span><\/sup><\/span><span style=\"color: #000000;\"><span style=\"font-family: Calibri, serif;\"><span style=\"font-size: medium;\"> International Contemporary Art-Gwangju Art vision,\u00a0<\/span><\/span><\/span><\/span><\/span><\/span><\/p>\n<p class=\"western\" align=\"justify\"><span style=\"color: #424242;\"><span style=\"color: #000000;\">\u00a0\u00a0\u00a0\u00a0\u00a0\u00a0\u00a0<span style=\"font-family: Source Code Pro, serif;\"><span style=\"font-size: small;\"><span style=\"font-family: Calibri, serif;\"><span style=\"font-size: medium;\">Gwangju Biennale, Gwangju, South Korea<\/span><\/span><\/span><\/span><\/span><\/span><\/p>\n<p class=\"western\" align=\"justify\"><span style=\"color: #424242;\"><span style=\"font-family: Source Code Pro, serif;\"><span style=\"font-size: small;\"><span style=\"color: #000000;\"><span style=\"font-family: Calibri, serif;\"><span style=\"font-size: medium;\"><b>Collezioni pubbliche<\/b><\/span><\/span><\/span><\/span><\/span><\/span><\/p>\n<p class=\"western\" align=\"justify\"><span style=\"color: #424242;\"><span style=\"font-family: Source Code Pro, serif;\"><span style=\"font-size: small;\"><span style=\"color: #000000;\"><span style=\"font-family: Calibri, serif;\"><span style=\"font-size: medium;\">Rush Philanthropic Art Foundation, New York, USA\u00a0<\/span><\/span><\/span><\/span><\/span><\/span><\/p>\n<p class=\"western\" align=\"justify\"><span style=\"color: #424242;\"><span style=\"font-family: Source Code Pro, serif;\"><span style=\"font-size: small;\"><span style=\"color: #000000;\"><span style=\"font-family: Calibri, serif;\"><span style=\"font-size: medium;\">Museum of Contemporary Art of Crete, Crete, Greece<\/span><\/span><\/span><\/span><\/span><\/span><\/p>\n<p class=\"western\" align=\"justify\"><span style=\"color: #424242;\"><span style=\"font-family: Source Code Pro, serif;\"><span style=\"font-size: small;\"><span style=\"color: #000000;\"><span style=\"font-family: Calibri, serif;\"><span style=\"font-size: medium;\">National Contemporary Museum, Sofia, Bulgaria\u00a0<\/span><\/span><\/span><\/span><\/span><\/span><\/p>\n<p class=\"western\" align=\"justify\"><span style=\"color: #424242;\"><span style=\"font-family: Source Code Pro, serif;\"><span style=\"font-size: small;\"><span style=\"color: #000000;\"><span style=\"font-family: Calibri, serif;\"><span style=\"font-size: medium;\">Seoul Metropolitan Government, Seoul, South Korea<\/span><\/span><\/span><\/span><\/span><\/span><\/p>\n<p class=\"western\" align=\"justify\"><span style=\"color: #424242;\"><span style=\"font-family: Source Code Pro, serif;\"><span style=\"font-size: small;\"><span style=\"color: #000000;\"><span style=\"font-family: Calibri, serif;\"><span style=\"font-size: medium;\">National Museum of Modern and Contemporary Art, Korea, Seoul, South Korea<\/span><\/span><\/span><\/span><\/span><\/span><\/p>\n<p class=\"western\" align=\"justify\"><span style=\"color: #424242;\"><span style=\"font-family: Source Code Pro, serif;\"><span style=\"font-size: small;\"><span style=\"color: #000000;\"><span style=\"font-family: Calibri, serif;\"><span style=\"font-size: medium;\">Gwangju Museum of Art, Gwangju, South Korea<\/span><\/span><\/span><\/span><\/span><\/span><\/p>\n<p class=\"western\" align=\"justify\"><span style=\"color: #424242;\"><span style=\"font-family: Source Code Pro, serif;\"><span style=\"font-size: small;\"><span style=\"color: #000000;\"><span style=\"font-family: Calibri, serif;\"><span style=\"font-size: medium;\">Gwangju Cultural Foundation, Gwangju, South Korea<\/span><\/span><\/span><\/span><\/span><\/span><\/p>\n<p class=\"western\" align=\"justify\"><span style=\"color: #424242;\"><span style=\"font-family: Source Code Pro, serif;\"><span style=\"font-size: small;\"><span style=\"color: #000000;\"><span style=\"font-family: Calibri, serif;\"><span style=\"font-size: medium;\">Gwangju University, Gwangju, South Korea<\/span><\/span><\/span><\/span><\/span><\/span><\/p>\n<p class=\"western\" align=\"justify\"><span style=\"color: #424242;\"><span style=\"font-family: Source Code Pro, serif;\"><span style=\"font-size: small;\"><span style=\"color: #000000;\"><span style=\"font-family: Calibri, serif;\"><span style=\"font-size: medium;\">Gwangju Speer Girls&#8217; High School, Gwangju, South Korea<\/span><\/span><\/span><\/span><\/span><\/span><\/p>\n<p class=\"western\" align=\"justify\"><span style=\"color: #424242;\"><span style=\"font-family: Source Code Pro, serif;\"><span style=\"font-size: small;\"><span style=\"color: #000000;\"><span style=\"font-family: Calibri, serif;\"><span style=\"font-size: medium;\">Chonnam National University Hospital, Gwangju, South Korea<\/span><\/span><\/span><\/span><\/span><\/span><\/p>\n<p class=\"western\" align=\"justify\"><span style=\"color: #424242;\"><span style=\"font-family: Source Code Pro, serif;\"><span style=\"font-size: small;\"><span style=\"color: #000000;\"><span style=\"font-family: Calibri, serif;\"><span style=\"font-size: medium;\">Jeollanamdo Provincial Government, Muan, South Korea<\/span><\/span><\/span><\/span><\/span><\/span><\/p>\n<p class=\"western\" align=\"justify\"><span style=\"color: #424242;\"><span style=\"font-family: Source Code Pro, serif;\"><span style=\"font-size: small;\"><span style=\"color: #000000;\"><span style=\"font-family: Calibri, serif;\"><span style=\"font-size: medium;\">Gwangju Munwha Broadcasting Corporation, Gwangju, South Korea\u00a0<\/span><\/span><\/span><\/span><\/span><\/span><\/p>\n<p class=\"western\" align=\"justify\"><span style=\"color: #424242;\"><span style=\"font-family: Source Code Pro, serif;\"><span style=\"font-size: small;\"><span style=\"color: #000000;\"><span style=\"font-family: Calibri, serif;\"><span style=\"font-size: medium;\">Bareun Gil Law Firm, Gwangju, South Korea\u00a0<\/span><\/span><\/span><\/span><\/span><\/span><\/p>\n","protected":false},"excerpt":{"rendered":"<p>&nbsp; Venezia, 2 maggio 2022 COMUNICATO STAMPA 2 \u00a0 Maelee Lee GENESIS\u00a0 A cura di Thalia Vrachopoulos fino al 28.06.2022\u00a0\u00a0 [&hellip;]<\/p>\n","protected":false},"author":1,"featured_media":0,"comment_status":"open","ping_status":"open","sticky":false,"template":"","format":"standard","meta":{"footnotes":""},"categories":[4,10],"tags":[],"class_list":["post-23569","post","type-post","status-publish","format-standard","hentry","category-cultura","category-italiano"],"_links":{"self":[{"href":"https:\/\/www.ecoitaliano.com.ar\/index.php?rest_route=\/wp\/v2\/posts\/23569","targetHints":{"allow":["GET"]}}],"collection":[{"href":"https:\/\/www.ecoitaliano.com.ar\/index.php?rest_route=\/wp\/v2\/posts"}],"about":[{"href":"https:\/\/www.ecoitaliano.com.ar\/index.php?rest_route=\/wp\/v2\/types\/post"}],"author":[{"embeddable":true,"href":"https:\/\/www.ecoitaliano.com.ar\/index.php?rest_route=\/wp\/v2\/users\/1"}],"replies":[{"embeddable":true,"href":"https:\/\/www.ecoitaliano.com.ar\/index.php?rest_route=%2Fwp%2Fv2%2Fcomments&post=23569"}],"version-history":[{"count":0,"href":"https:\/\/www.ecoitaliano.com.ar\/index.php?rest_route=\/wp\/v2\/posts\/23569\/revisions"}],"wp:attachment":[{"href":"https:\/\/www.ecoitaliano.com.ar\/index.php?rest_route=%2Fwp%2Fv2%2Fmedia&parent=23569"}],"wp:term":[{"taxonomy":"category","embeddable":true,"href":"https:\/\/www.ecoitaliano.com.ar\/index.php?rest_route=%2Fwp%2Fv2%2Fcategories&post=23569"},{"taxonomy":"post_tag","embeddable":true,"href":"https:\/\/www.ecoitaliano.com.ar\/index.php?rest_route=%2Fwp%2Fv2%2Ftags&post=23569"}],"curies":[{"name":"wp","href":"https:\/\/api.w.org\/{rel}","templated":true}]}}