{"id":23601,"date":"2022-06-07T10:31:39","date_gmt":"2022-06-07T10:31:39","guid":{"rendered":"http:\/\/www.ecoitaliano.com.ar\/?p=23601"},"modified":"2022-06-07T10:31:39","modified_gmt":"2022-06-07T10:31:39","slug":"parte-la-xxvii-edizione-del-salone-internazionale-del-restauro-a-ferrara-fiere-gli-highlights-della-prima-giornata-8-giugno-2022","status":"publish","type":"post","link":"https:\/\/www.ecoitaliano.com.ar\/?p=23601","title":{"rendered":"Parte la XXVII edizione del Salone Internazionale del Restauro a Ferrara Fiere | Gli highlights della prima giornata &#8211; 8 giugno 2022"},"content":{"rendered":"<p><a href=\"https:\/\/culturaliart.musvc2.net\/e\/r?q=Op%3dBzOqM_xvTt_96_suYu_30_xvTt_8AjUiYc.GgDmOv8mCkIu.7uH_suYu_30l_MRwV_WgLtG.bMvS_suYu_30_xvTt_9Ao8k_MRwV_XeL4_MRwV_WgQ4_-7eA_xvTt_99rSl90_LWxQ_WjRwQ4bbVh_MRwV_Xb_LWxQ_Wjb75h04.dE_MRwV_W7R_xvTt_99qP_xvTt_8ac_LWxQ_VBS_suYu_48vK_suYu_3ZzS.-4_LWxQ_Wg-c46gTcXl_MRwV_XeKuUxLThMq%26i%3dd2W0W%26e%3dG1Nw78.IfN%26oN%3d2UAe4%26F%3d7%26I%3d8b86b5g%26J%3d3dCe0%26N%3d-9X5dEe5cE&amp;mupckp=mupAtu4m8OiX0wt\" target=\"_blank\" rel=\"noopener\" name=\"m_-3404870086492895741_showInBrowser\" data-saferedirecturl=\"https:\/\/www.google.com\/url?q=https:\/\/culturaliart.musvc2.net\/e\/r?q%3DOp%253dBzOqM_xvTt_96_suYu_30_xvTt_8AjUiYc.GgDmOv8mCkIu.7uH_suYu_30l_MRwV_WgLtG.bMvS_suYu_30_xvTt_9Ao8k_MRwV_XeL4_MRwV_WgQ4_-7eA_xvTt_99rSl90_LWxQ_WjRwQ4bbVh_MRwV_Xb_LWxQ_Wjb75h04.dE_MRwV_W7R_xvTt_99qP_xvTt_8ac_LWxQ_VBS_suYu_48vK_suYu_3ZzS.-4_LWxQ_Wg-c46gTcXl_MRwV_XeKuUxLThMq%2526i%253dd2W0W%2526e%253dG1Nw78.IfN%2526oN%253d2UAe4%2526F%253d7%2526I%253d8b86b5g%2526J%253d3dCe0%2526N%253d-9X5dEe5cE%26mupckp%3DmupAtu4m8OiX0wt&amp;source=gmail&amp;ust=1654683986726000&amp;usg=AOvVaw378yAwq78LW_cQ07xYP5mk\">messaggio, clicca qui<\/a><\/p>\n<table role=\"presentation\" border=\"0\" width=\"100%\" cellspacing=\"0\" cellpadding=\"0\">\n<tbody>\n<tr>\n<td>\n<table role=\"presentation\" border=\"0\" width=\"100%\" cellspacing=\"0\" cellpadding=\"0\" align=\"center\">\n<tbody>\n<tr>\n<td>\n<table class=\"m_-3404870086492895741row-content m_-3404870086492895741stack\" role=\"presentation\" border=\"0\" width=\"600\" cellspacing=\"0\" cellpadding=\"0\" align=\"center\">\n<tbody>\n<tr>\n<td class=\"m_-3404870086492895741column\" width=\"100%\">\n<table class=\"m_-3404870086492895741image_block\" role=\"presentation\" border=\"0\" width=\"100%\" cellspacing=\"0\" cellpadding=\"0\">\n<tbody>\n<tr>\n<td>\n<div align=\"center\"><img decoding=\"async\" class=\"m_-3404870086492895741big CToWUd\" src=\"https:\/\/ci6.googleusercontent.com\/proxy\/DkF0Xitnjm9EQNADeWC5vcz5WMzeB8YlY2LfK6_IDBpKyFq4sZYxomFzqPUISbCyJjdYXzvzmcaKuRaWrZyB0o1wUFo8Q180p0jbmzWaoBCGiaL485LcNQ=s0-d-e1-ft#https:\/\/culturaliart.img.musvc2.net\/static\/91342\/images\/1\/restaro.png\" width=\"600\" \/><\/div>\n<\/td>\n<\/tr>\n<\/tbody>\n<\/table>\n<table role=\"presentation\" border=\"0\" width=\"100%\" cellspacing=\"0\" cellpadding=\"10\">\n<tbody>\n<tr>\n<td>\n<div>\n<div>\n<p><u>COMUNICATO STAMPA<\/u><\/p>\n<\/div>\n<\/div>\n<\/td>\n<\/tr>\n<\/tbody>\n<\/table>\n<table class=\"m_-3404870086492895741image_block\" role=\"presentation\" border=\"0\" width=\"100%\" cellspacing=\"0\" cellpadding=\"0\">\n<tbody>\n<tr>\n<td>\n<div align=\"center\"><img decoding=\"async\" class=\"CToWUd\" src=\"https:\/\/ci3.googleusercontent.com\/proxy\/zS9D3YA521Bj3jv876STo5qnx672IDUUOqAYQExKJUPxWcNYCujY6uzjK8VsSz9Uq7pcgmO_2CYUdgLP6WAIWSEMscHLLFroyCRyraH1Wa3GWpMTjBqgr8bngbFSwuYiHAKN6g9N=s0-d-e1-ft#https:\/\/culturaliart.img.musvc2.net\/static\/91342\/images\/1\/SALONE_INTERNAZIONALE.jpg\" width=\"180\" \/><\/div>\n<\/td>\n<\/tr>\n<\/tbody>\n<\/table>\n<table role=\"presentation\" border=\"0\" width=\"100%\" cellspacing=\"0\" cellpadding=\"10\">\n<tbody>\n<tr>\n<td>\n<div>\n<div>\n<p><strong>Parte la XXVII edizione <\/strong><\/p>\n<p><strong>del Salone Internazionale del Restauro <\/strong><\/p>\n<p><strong>a Ferrara Fiere<\/strong><\/p>\n<p><strong>\u00a0<\/strong><\/p>\n<p><strong>GLI HIGHLIGHTS DELLA PRIMA GIORNATA <\/strong><\/p>\n<p><strong>8 giugno 2022<\/strong><\/p>\n<\/div>\n<\/div>\n<\/td>\n<\/tr>\n<\/tbody>\n<\/table>\n<table class=\"m_-3404870086492895741image_block\" role=\"presentation\" border=\"0\" width=\"100%\" cellspacing=\"0\" cellpadding=\"0\">\n<tbody>\n<tr>\n<td>\n<div align=\"center\"><img decoding=\"async\" class=\"CToWUd a6T\" tabindex=\"0\" src=\"https:\/\/ci4.googleusercontent.com\/proxy\/DSfGw4ei7dJJxYDsBRp32Q6re-r8uov8dBDyEcMfHOObXHDLDsk-XSGSf-4UuChxa4tCUwNzfw7BR5e6nswJHpDQ8OOV4re3erI-ibOiB2quq0I=s0-d-e1-ft#https:\/\/culturaliart.img.musvc2.net\/static\/91342\/images\/1\/hd.png\" width=\"480\" \/><\/div>\n<\/td>\n<\/tr>\n<\/tbody>\n<\/table>\n<\/td>\n<\/tr>\n<\/tbody>\n<\/table>\n<\/td>\n<\/tr>\n<\/tbody>\n<\/table>\n<\/td>\n<\/tr>\n<\/tbody>\n<\/table>\n<table role=\"presentation\" border=\"0\" width=\"100%\" cellspacing=\"0\" cellpadding=\"0\">\n<tbody>\n<tr>\n<td>\n<div>\n<div>\n<p>Haltadefinizione \u2013 digitalizzazione post restauro Stendardo della Santissima Trinit\u00e0, Raffaello,<\/p>\n<p>Pinacoteca Civica, Citt\u00e0 di Castello<\/p>\n<\/div>\n<\/div>\n<\/td>\n<\/tr>\n<\/tbody>\n<\/table>\n<table role=\"presentation\" border=\"0\" width=\"100%\" cellspacing=\"0\" cellpadding=\"10\">\n<tbody>\n<tr>\n<td>\n<div>\n<div>\n<p><strong>8-10 giugno 2022<\/strong><\/p>\n<p><strong>Ferrara Fiere<\/strong><\/p>\n<p>Via della Fiera 11, Ferrara<\/p>\n<p>&nbsp;<\/p>\n<p>Al via <strong>domani 8 giugno 2022<\/strong> la XXVII edizione del <strong>Salone Internazionale del Restauro a Ferrara Fiere,<\/strong> la prima e pi\u00f9 importante manifestazione nel panorama fieristico internazionale dedicata all\u2019<strong>Economia, Conservazione, Tecnologie e Valorizzazione dei Beni Culturali e Ambientali<\/strong>.<\/p>\n<p>&nbsp;<\/p>\n<p>La prima giornata si aprir\u00e0 con il consueto <strong>taglio del nastro<\/strong>, alla presenza delle principali autorit\u00e0 competenti ed istituzionali.<\/p>\n<p>&nbsp;<\/p>\n<p>Si proseguir\u00e0 con un ricco programma, rivolto ad addetti del settore e al grande pubblico, che prevede un palinsesto imperdibile di <strong>oltre 100<\/strong> <strong>stand espositivi, momenti congressuali, eventi, mostre, incontri b2b con operatori esteri.<\/strong><\/p>\n<p>&nbsp;<\/p>\n<p>Tra i focus della prima giornata: la <strong>gestione delle emergenze<\/strong> e la pianificazione dei progetti di tutela, la <strong>ricostruzione post-sisma a 10 anni dal terremoto dell\u2019Emilia-Romagna<\/strong>, la valorizzazione e tutela del <strong>paesaggio in Italia<\/strong>, i <strong>fondi del PNRR<\/strong> e le prospettive future per il comparto dei beni culturali, il <strong>restauro del Ducato Estense<\/strong>, le nuove tecnologie digitali per i beni culturali, il ruolo degli edifici storici nel raggiungimento degli <strong>obiettivi di sviluppo sostenibile<\/strong>; <strong>salute e sicurezza degli operatori nelle attivit\u00e0 di restauro.<\/strong><\/p>\n<p>&nbsp;<\/p>\n<p>&nbsp;<\/p>\n<p><strong>GLI ESPOSITORI<\/strong><\/p>\n<p>&nbsp;<\/p>\n<p><strong>Oltre 100 saranno i prestigiosi espositori<\/strong> presenti al Salone del Restauro 2022 tra realt\u00e0 istituzionali e aziende leader a livello nazionale ed internazionale provenienti da diversi settori.<\/p>\n<p>&nbsp;<\/p>\n<p>Confermata anche per il 2022 la prestigiosa presenza del <strong>MIC &#8211; Ministero della Cultura <\/strong>che porter\u00e0 al suo stand l\u2019esperienza e le novit\u00e0 di Direzioni, Istituti, Musei, Parchi e Segretariati Regionali, oltre che un ricco programma di workshop e convegni.<\/p>\n<p>&nbsp;<\/p>\n<p>Tra le istituzioni presenti: la <strong>Regione Emilia-Romagna<\/strong>, <strong>INAIL \u2013 Istituto Nazionale per l\u2019Assicurazione contro gli Infortuni sul Lavoro<\/strong>, il<strong> Comune di Ferrara, Camera di Commercio di Ferrara,<\/strong> il <strong>Museo Archeologico Nazionale di Napoli,<\/strong> il <strong>Segretariato Regionale MIC della Calabria<\/strong>, il <strong>Museo della Zecca di Roma,<\/strong> <strong>GBC \u2013 Green Building Council Italia<\/strong> e <strong>ENEA.<\/strong><\/p>\n<p>&nbsp;<\/p>\n<p>Espositori ma anche sponsor dell\u2019evento, saranno: <strong>Agosti Nobilium Thermapanel<\/strong> azienda specializzata nella realizzazione di pannelli isolanti naturali traspiranti ed incombustibili, ed <strong>Enel X<\/strong> la societ\u00e0 del Gruppo Enel e fornitore di prodotti e servizi innovativi al servizio della trasformazione energetica.<\/p>\n<p>&nbsp;<\/p>\n<p>&nbsp;<\/p>\n<p><strong>RESTORATION WEEK 2022<\/strong><\/p>\n<p>&nbsp;<\/p>\n<p>Anche per questa edizione il Salone Internazionale del Restauro ospita il Progetto \u201c<strong>RESTAURO MADE IN ITALY<\/strong>\u201d e una tappa della <strong>Restoration Week 2022<\/strong> in collaborazione con Assorestauro, il Ministero degli Affari Esteri e della Cooperazione Internazionale ed Agenzia-ICE, per la promozione e la valorizzazione del restauro italiano nel mondo. Presenti in fiera <strong>58 delegati internazionali provenienti da 13 paesi<\/strong> (Albania &#8211; Arabia Saudita \u2013 Azerbaijan \u2013 Bosnia Erzegovina \u2013 Croazia \u2013 Cuba \u2013 Giordania \u2013 Iran \u2013 Israele \u2013 Libano \u2013 Stati Uniti &#8211; Turchia \u2013 Uzbekistan) che avranno la possibilit\u00e0 di interagire con gli espositori presenti in manifestazione per lo svolgimento degli incontri b2b di networking.<\/p>\n<p>&nbsp;<\/p>\n<p>&nbsp;<\/p>\n<p><strong>LE MOSTRE<\/strong><\/p>\n<p>&nbsp;<\/p>\n<p>Ad arricchire la proposta espositiva ci saranno <strong>due mostre<\/strong> allestite negli spazi di Ferrara Fiere durante le tre giornate del Salone Internazionale del Restauro:<\/p>\n<p>&nbsp;<\/p>\n<p><strong>L\u2019esperienza del CNVVF a supporto della tutela dei beni culturali e dell\u2019ambiente<\/strong>: in esposizione le immagini di alcuni interventi realizzati dal <strong>Corpo Nazionale dei Vigili del Fuoco in occasione dell\u2019emergenza sisma in Emilia-Romagna<\/strong>, finalizzati a mettere in salvo o preservare edifici e beni storico-artistici. In mostra anche casi di buone pratiche di collaborazione con altri Enti e Istituzioni, per il ripristino della fruizione delle opere. Mostra realizzata in collaborazione con il Dipartimento di Architettura dell\u2019Universit\u00e0 degli Studi di Ferrara.<\/p>\n<p>&nbsp;<\/p>\n<p><strong>Selezione fotografica di alcuni degli interventi di restauro a cura di Progetto Arte Poli<\/strong>: il progetto \u00e8 uno studio ispirato alle <strong>botteghe rinascimentali<\/strong>, dove ancora oggi come in passato, diverse tecniche convivono e si intrecciano per la creazione di opere uniche. Lo studio crea una serie di opere d&#8217;arte come vetrate artistiche, arte del mosaico, affreschi, sculture e restauri in ferro battuto. Ogni opera d&#8217;arte \u00e8 il risultato di un abile maestro artigiano, artista, designer o tecnico.<\/p>\n<p>&nbsp;<\/p>\n<p>&nbsp;<\/p>\n<p><strong>I CONVEGNI<\/strong><\/p>\n<p>&nbsp;<\/p>\n<p>Al via la prima giornata del <strong>ricco programma di convegni<\/strong>, circa 140 in totale, rivolto al pubblico e agli addetti ai lavori. Numerose le tematiche affrontate: dagli interventi di restauro del Ducato Estense a quelli delle murarie nuragiche della Sardegna, dai fondi del PNRR all\u2019art bonus pubblico-privato, dalla ricostruzione post-sisma alla valorizzazione del paesaggio italiano, dal della \u201cResurrezione\u201d di Piero della Francesca alla logistica applicata all\u2019arte.<\/p>\n<p>&nbsp;<\/p>\n<p>Tra i convegni dell\u20198 giugno 2022 si segnalano:<\/p>\n<p>&nbsp;<\/p>\n<ul>\n<li>Ore 09:30-14:00 \u2013 Sala Oceania<\/li>\n<\/ul>\n<p><strong><em>\u201cLa tutela dei beni culturali e dell\u2019ambiente: dagli interventi in emergenza alla prevenzione del rischio\u201d<\/em><\/strong><\/p>\n<p>a cura della <strong>Direzione Regionale dei Vigili del Fuoco dell\u2019Emilia-Romagna<\/strong> e del <strong>Dipartimento di Architettura dell\u2019Universit\u00e0 degli Studi di Ferrara<\/strong>; in collaborazione con Corpo Nazionale dei Vigili del Fuoco, Dipartimento di Architettura dell\u2019Universit\u00e0 degli Studi di Ferrara, Soprintendenza Archeologia, Belle Arti e Paesaggio per la citt\u00e0 metropolitana di Bologna e le province di Modena, Reggio Emilia e Ferrara, Agenzia Regionale per la Sicurezza Territoriale e la Protezione Civile, ICOM Italia, Restauro. Salone Internazionale dei Beni Culturali e Ambientali.<\/p>\n<p>Il convegno vuole approfondire la gestione delle emergenze e la pianificazione del sistema di protezione e di resilienza delle attivit\u00e0 svolte anche in edifici tutelati. Durante il seminario sar\u00e0 inoltre approfondito <strong>il ruolo del Ministero della Cultura a dieci anni dal sisma 2012 dell\u2019Emilia-Romagna, dalla messa in sicurezza alla ricostruzione<\/strong>.<\/p>\n<p>&nbsp;<\/p>\n<ul>\n<li>Ore 09:30-14:30 \u2013 Sala Ministero della Cultura \u201cB\u201d<\/li>\n<\/ul>\n<p>\u201c<strong><em>Ducato Estense: dagli interventi di restauro alla realizzazione di un brand culturale<\/em><\/strong>\u201d<\/p>\n<p>a cura del <strong>Segretariato regionale del MiC per l\u2019Emilia-Romagna<\/strong> in collaborazione con il Segretariato regionale del MiC per la Toscana.<\/p>\n<p>Il convegno approfondir\u00e0 i progetti e lo stato di avanzamento dei lavori di <strong>restauro del Ducato Estense<\/strong>, oltre che la comunicazione per il lancio del brand come nuovo attrattore turistico-culturale.<\/p>\n<p>&nbsp;<\/p>\n<ul>\n<li>Ore 09:30-14:30 \u2013 Sala Ministero della Cultura \u201cA\u201d<\/li>\n<\/ul>\n<p>\u201c<strong><em>Conservazione delle strutture murarie nuragiche. Riflessioni alla luce di interventi recenti<\/em><\/strong>\u201d a cura del <strong>Segretariato regionale del MiC per la Sardegna<\/strong> in collaborazione con la Soprintendenza Archeologia, belle arti e paesaggio per la citt\u00e0 metropolitana di Cagliari e le province di Oristano e Sud Sardegna.<\/p>\n<p>&nbsp;<\/p>\n<ul>\n<li>Ore 11:00-13:30 \u2013 Sala America<\/li>\n<\/ul>\n<p>\u201c<strong><em>Protocollo Historic Building e fondi del PNRR per guidare il processo di valorizzazione del patrimonio storico testimoniale italiano<\/em><\/strong>\u201d<\/p>\n<p>a cura del <strong>GBC \u2013 Green Buildin Council Italia<\/strong> e di <strong>Assorestauro. <\/strong><\/p>\n<p>All\u2019incontro si parler\u00e0 di Tassonomia, ESG e PNRR e del ruolo che gli edifici storici possono giocare nel raggiungimento degli <strong>obiettivi di decarbonizzazione al 2050<\/strong>. La missione della transizione green del Piano Nazionale di Ripresa e Resilienza (PNRR) prevede di allocare pi\u00f9 del 32% delle risorse a questo obiettivo nel periodo 2021-2026.<\/p>\n<p>&nbsp;<\/p>\n<ul>\n<li>Ore 11:00-12:15 \u2013 Sala Ministero della Cultura \u201cA\u201d<\/li>\n<\/ul>\n<p>\u201c<strong><em>Tutela architettonica e tutela ambientale: il caso del restauro del portale della chiesa di Santa Maria del Suffragio di Gravina in Puglia<\/em><\/strong>\u201d a cura della <strong>Soprintendenza Archeologia, belle arti e paesaggio per la citt\u00e0 metropolitana di Bari<\/strong>.<\/p>\n<p>&nbsp;<\/p>\n<ul>\n<li>Ore 11:00-13:30 \u2013 Sala Europa<\/li>\n<\/ul>\n<p>\u201c<strong><em>Salute e sicurezza degli operatori nelle attivit\u00e0 di restauro<\/em><\/strong>\u201d a cura di <strong>INAIL<\/strong><\/p>\n<p><strong>\u00a0<\/strong><\/p>\n<ul>\n<li>Ore 11:15-13:15 \u2013 Area Workshop Paese<\/li>\n<\/ul>\n<p><strong>Presentazione settore \u201ccultural heritage\u201d dei seguenti Paesi: Turchia, Uzbekistan, Libano e Iran. <\/strong><\/p>\n<p><strong>\u00a0<\/strong><\/p>\n<ul>\n<li>Ore 13:15-13:55 \u2013 Sala Ministero della Cultura \u201cA\u201d<\/li>\n<\/ul>\n<p>\u201c<strong><em>Il restauro della Vittoria Alata di Brescia (2018-2020) \u2013 Proiezione del video<\/em><\/strong>\u201d a cura dell\u2019<strong>Opificio delle Pietre Dure<\/strong> in collaborazione con la Fondazione Brescia Musei.<\/p>\n<p>&nbsp;<\/p>\n<ul>\n<li>Ore 14:00-18:00 \u2013 Sala Oceania<\/li>\n<\/ul>\n<p>\u201c<strong><em>Il PAESAGGIO IN ITALIA pianificazione, tutela, sviluppo sostenibile<\/em><\/strong>\u201d a cura del <strong>Comitato Tecnico Scientifico<\/strong> del Salone Internazionale del Restauro e di Assorestauro.<\/p>\n<p>ll seminario intende raccogliere le esperienze di valore realizzate in ambito di tutela del paesaggio in Italia; passando dalla pianificazione territoriale al contesto archeologico si approfondiranno con i maggiori esperti del tema, le prospettive a livello locale e nazionale.<\/p>\n<p>&nbsp;<\/p>\n<ul>\n<li>Ore 14:30-16:00 \u2013 Sala Ministero della Cultura \u201cA\u201d<\/li>\n<\/ul>\n<p>\u201c<strong><em>Art Bonus: pubblico e privati insieme per la salvaguardia del patrimonio culturale<\/em><\/strong>\u201d<\/p>\n<p>a cura di <strong>ALES S.p.a.<\/strong> in collaborazione con il MIC \u2013 Ministero della Cultura.<\/p>\n<p>Durante il convegno saranno approfondite le seguenti tematiche: la strategia e i risultati della misura fiscale per favorire il mecenatismo culturale; l\u2019applicazione dell\u2019Art Bonus e le buone pratiche di comunicazione a sostegno delle raccolte fondi; la sinergia con i privati per la cura del patrimonio culturale di Ferrara; il restauro dei beni danneggiati dal sisma 2016 con l\u2019Art Bonus.<\/p>\n<p>&nbsp;<\/p>\n<ul>\n<li>Ore 14:30-16:00 \u2013 Sala Europa<\/li>\n<\/ul>\n<p>\u201c<strong><em>La Resurrezione di Piero della Francesca. Il restauro della pittura pi\u00f9 bella del mondo tra memorie di storia civica e scoperte<\/em><\/strong>\u201d a cura di <strong>Cecilia Frosinini<\/strong>, relatore Simona Rinaldi. A seguire \u201c<strong><em>Necessitano alla Vittoria Alate le cure del restauratore<\/em><\/strong>\u201d a cura di <strong>EDIFIR<\/strong>.<\/p>\n<p>&nbsp;<\/p>\n<ul>\n<li>Ore 15:00-16:00 \u2013 Sala Asia<\/li>\n<\/ul>\n<p>\u201c<strong><em>Buone pratiche di ricostruzione post sismica a Ferrara<\/em><\/strong>\u201d a cura del <strong>Comune di Ferrara<\/strong> e <strong>UNIFE<\/strong>.<\/p>\n<p>&nbsp;<\/p>\n<ul>\n<li>Ore 16:30-18.30 \u2013 Sala America<\/li>\n<\/ul>\n<p>\u201c<strong><em>Linee guida documento di indirizzo per la progettazione dei depositi di sicurezza per il ricovero dei beni mobili colpiti da calamit\u00e0<\/em><\/strong>\u201d<\/p>\n<p>a cura della <strong>Direzione generale Sicurezza del Patrimonio Culturale<\/strong> e in collaborazione con il Segretariato generale MIC \u2013 Ministero della Cultura.<\/p>\n<p>Durante il convegno saranno illustrate le Linee Guida di indirizzo per la progettazione dei depositi di sicurezza per il ricovero dei beni mobili colpiti da calamit\u00e0 naturali, approfondendo l\u2019esperienza dei depositi di sicurezza nell\u2019emergenza sismica del 2012 in Emilia Romagna e del Santo Chiodo a Spoleto nell\u2019emergenza sismica del 2016.<\/p>\n<p>&nbsp;<\/p>\n<ul>\n<li>Ore 16:30-17.30 \u2013 Sala Asia<\/li>\n<\/ul>\n<p>\u201c<strong><em>Arte in movimento \u2013 organizziamo il cammino<\/em><\/strong>\u201d<\/p>\n<p>a cura di <strong>Logistica Arte<\/strong>.<\/p>\n<p>Trasportare l\u2019arte \u00e8, in s\u00e9 stessa, un\u2019arte, con molteplici e spesso sconosciute sfaccettature. Il convegno offrir\u00e0 una panoramica dell\u2019argomento passando dallo stato di fatto nei rapporti istituzionali, al rapporto con il mercato \u2013 specialmente dei nuovi artisti \u2013 a come supportare con soluzioni adeguate che la movimentazione avvenga in sicurezza, alle nuove frontiere digitali, alle nuove figure professionali.<\/p>\n<p>&nbsp;<\/p>\n<ul>\n<li>Ore 17:30-18:00 \u2013 Sala Ministero della Cultura \u201cA\u201d<\/li>\n<\/ul>\n<p>\u201c<strong><em>Il restauro conservativo dei tendaggi del letto a baldacchino di Francesco II<\/em><\/strong>\u201d a cura <strong>del Museo Reggia di Caserta<\/strong> in collaborazione con Tiraz Conservazione Restauro e Ganosis.<\/p>\n<p>&nbsp;<\/p>\n<p><strong>Il programma completo del Salone Internazionale del Restauro 2022 in continuo aggiornamento \u00e8 disponibile su <\/strong><a href=\"https:\/\/culturaliart.musvc2.net\/e\/t?q=A%3dBX9b5%26I%3d7%26L%3d0e8%26M%3d5gChB%26R%3dnRwM_xyVw_99_uxYx_5C_xyVw_8DzT3.QdIuLhAkJuByRdRxM.fLs_PTzV_Zi_OW1S_ZlSwJ_yMxOiC_uxYx_6AtC9d8gzPrCwQkP_uxYx_5c1Rp_JkBlRs_PTzV_agBs9lI_xyVw_8dxQs_AdJv9lDt_PTzV_agJgGoRv%26B%3dpRyTfY.tCw%26Fy%3dY4bFa&amp;mupckp=mupAtu4m8OiX0wt\" target=\"_blank\" rel=\"noopener\" data-saferedirecturl=\"https:\/\/www.google.com\/url?q=https:\/\/culturaliart.musvc2.net\/e\/t?q%3DA%253dBX9b5%2526I%253d7%2526L%253d0e8%2526M%253d5gChB%2526R%253dnRwM_xyVw_99_uxYx_5C_xyVw_8DzT3.QdIuLhAkJuByRdRxM.fLs_PTzV_Zi_OW1S_ZlSwJ_yMxOiC_uxYx_6AtC9d8gzPrCwQkP_uxYx_5c1Rp_JkBlRs_PTzV_agBs9lI_xyVw_8dxQs_AdJv9lDt_PTzV_agJgGoRv%2526B%253dpRyTfY.tCw%2526Fy%253dY4bFa%26mupckp%3DmupAtu4m8OiX0wt&amp;source=gmail&amp;ust=1654683986726000&amp;usg=AOvVaw2-k_gEP4XlSOlDu5K_Lli6\"><strong>www.salonedelrestauro.com<\/strong><\/a><\/p>\n<p>&nbsp;<\/p>\n<p>&nbsp;<\/p>\n<p><strong>INFORMAZIONI UTILI: <\/strong><\/p>\n<p>&nbsp;<\/p>\n<p>EVENTO: <strong>RESTAURO<\/strong> &#8211; <strong>Salone Internazionale dei Beni Culturali e Ambientali \u2013 XXVII Edizione<\/strong><\/p>\n<p>DATE:<strong> Dall\u20198 al 10 giugno 2022<\/strong><\/p>\n<p>ORARI: <strong>Mercoled\u00ec 8 e gioved\u00ec 9 giugno dalle 9.30 alle 18.30; venerd\u00ec 10 giugno dalle ore 9.30 alle 15.00<\/strong><\/p>\n<p>DOVE:<strong> Ferrara Fiere, Via della Fiera 11, Ferrara<\/strong><\/p>\n<p><strong>\u00a0<\/strong><\/p>\n<p>Ingresso gratuito previa registrazione obbligatoria da effettuarsi sul sito della manifestazione <a href=\"https:\/\/culturaliart.musvc2.net\/e\/t?q=5%3dVX4VO%26I%3d2%26F%3dTe3%26G%3dOg8bV%26R%3diLGM_sspw_43_ExTr_OC_sspw_38JTx.KxIpF2AfDEBtLxRsG.zLn_JnzQ_T3_ORum_ZgMGJ_tGHOd7_ExTr_PAo73x8bJPm7GQfJ_ExTr_OcvL0_Jf66Rn_JnzQ_U1Bn36I_sspw_3XHQn_5xJq36Do_JnzQ_U1JbA9Rq%266%3d0RtNzY.o7G%26Ft%3dSNbAU&amp;mupckp=mupAtu4m8OiX0wt\" target=\"_blank\" rel=\"noopener\" data-saferedirecturl=\"https:\/\/www.google.com\/url?q=https:\/\/culturaliart.musvc2.net\/e\/t?q%3D5%253dVX4VO%2526I%253d2%2526F%253dTe3%2526G%253dOg8bV%2526R%253diLGM_sspw_43_ExTr_OC_sspw_38JTx.KxIpF2AfDEBtLxRsG.zLn_JnzQ_T3_ORum_ZgMGJ_tGHOd7_ExTr_PAo73x8bJPm7GQfJ_ExTr_OcvL0_Jf66Rn_JnzQ_U1Bn36I_sspw_3XHQn_5xJq36Do_JnzQ_U1JbA9Rq%25266%253d0RtNzY.o7G%2526Ft%253dSNbAU%26mupckp%3DmupAtu4m8OiX0wt&amp;source=gmail&amp;ust=1654683986727000&amp;usg=AOvVaw35D-hEJHUcJ5SzKXihtAPU\">www.salonedelrestauro.com<\/a><\/p>\n<p>&nbsp;<\/p>\n<p>PATROCINI: <strong>MIC \u2013 Ministero della Cultura; MAECI \u2013 Ministero degli Affari Esteri e della Cooperazione Internazionale; ALA Assoarchitetti; AIDI &#8211; Associazione Italiana di Illuminazione; AIPnD &#8211; Associazione Italiana Prove Non Distruttive; ANCE \u2013 Associazione Nazionale Costruttori Edili; Camera di Commercio di Ferrara; CNA Ferrara; Comune di Ferrara; Confartigianato; Consiglio Nazionale degli Architetti Pianificatori Paesaggisti e Conservatori; Consiglio Nazionale degli ingegneri; Consiglio Nazionale Geometri e Geometri Laureati; ENEA \u2013 Agenzia Nazionale per le nuove tecnologie, l\u2019energia e lo sviluppo economico sostenibile; LogisticaArte; Provincia di Ferrara, Regione Emilia-Romagna<\/strong><\/p>\n<p>&nbsp;<\/p>\n<p>SPONSOR: <strong>Agosti Nobilium Thermapanel <\/strong>e<strong> Enel X<\/strong><\/p>\n<p>&nbsp;<\/p>\n<p><strong>\u00a0<\/strong><\/p>\n<p><strong>CONTATTI<\/strong><\/p>\n<p>&nbsp;<\/p>\n<p>tel. +39 0532 900713<\/p>\n<p><a href=\"mailto:info@salonedelrestauro.com\" target=\"_blank\" rel=\"noopener\">info@salonedelrestauro.com<\/a><\/p>\n<p>Sito: <a href=\"https:\/\/culturaliart.musvc2.net\/e\/t?q=0%3dPWBaI%26H%3d0%26K%3dNdA%26L%3dIfFgP%26Q%3dqQAL_1xjv_B8_9wbw_IB_1xjv_ACDS6.PrHxKv0nI9A2QrQ1L.tKv_OhyY_YwJnT_9wbw_IBrQ_9wbw_IBqL4A_1xjv_AC_9wbw_JB4Q4_OxR99n_OhyY_ZuJnT0HnQAA1_OhyY_YMQ3J_4AmFBI_1xjv_BAvIjF3_NZzg_XERAI_l84LjFxJ_1xjv_BA478r7jrIBL%26m%3dJBO50I.JnQ%26zO%3d0XLfB&amp;mupckp=mupAtu4m8OiX0wt\" target=\"_blank\" rel=\"noopener\" data-saferedirecturl=\"https:\/\/www.google.com\/url?q=https:\/\/culturaliart.musvc2.net\/e\/t?q%3D0%253dPWBaI%2526H%253d0%2526K%253dNdA%2526L%253dIfFgP%2526Q%253dqQAL_1xjv_B8_9wbw_IB_1xjv_ACDS6.PrHxKv0nI9A2QrQ1L.tKv_OhyY_YwJnT_9wbw_IBrQ_9wbw_IBqL4A_1xjv_AC_9wbw_JB4Q4_OxR99n_OhyY_ZuJnT0HnQAA1_OhyY_YMQ3J_4AmFBI_1xjv_BAvIjF3_NZzg_XERAI_l84LjFxJ_1xjv_BA478r7jrIBL%2526m%253dJBO50I.JnQ%2526zO%253d0XLfB%26mupckp%3DmupAtu4m8OiX0wt&amp;source=gmail&amp;ust=1654683986727000&amp;usg=AOvVaw3XiL7feRK3ytS1wSd7Jygt\">http:\/\/www.salonedelrestauro.<wbr \/>com\/new\/it\/home\/<\/a><\/p>\n<p>Facebook: <a href=\"https:\/\/culturaliart.musvc2.net\/e\/t?q=A%3dBW8b5%26H%3d6%26L%3d0d7%26M%3d5fBhB%26Q%3dmRwLx_PTyU_ad_NV1S_Xk_PTyU_ZiS2U.i7hCeKtI.fKr_PTyU_ZiOfJrJjBhHwCvPfSuK_wyVv_8DxPr_QrQwAh_NV1S_YiLhSxJhPyCu_NV1S_XASwI_rCgEzK_uwXx_60jKdEq_PTyU_Z9QyK_f7rNdElL_uwXx_60r9lHzN%26g%3dIzQy97.LhP%26nQ%3d4W09d7fh6&amp;mupckp=mupAtu4m8OiX0wt\" target=\"_blank\" rel=\"noopener\" data-saferedirecturl=\"https:\/\/www.google.com\/url?q=https:\/\/culturaliart.musvc2.net\/e\/t?q%3DA%253dBW8b5%2526H%253d6%2526L%253d0d7%2526M%253d5fBhB%2526Q%253dmRwLx_PTyU_ad_NV1S_Xk_PTyU_ZiS2U.i7hCeKtI.fKr_PTyU_ZiOfJrJjBhHwCvPfSuK_wyVv_8DxPr_QrQwAh_NV1S_YiLhSxJhPyCu_NV1S_XASwI_rCgEzK_uwXx_60jKdEq_PTyU_Z9QyK_f7rNdElL_uwXx_60r9lHzN%2526g%253dIzQy97.LhP%2526nQ%253d4W09d7fh6%26mupckp%3DmupAtu4m8OiX0wt&amp;source=gmail&amp;ust=1654683986727000&amp;usg=AOvVaw3xvJR6FwmXIU_s51fWpJ1U\">https:\/\/www.facebook.com\/<wbr \/>salonedelrestauro<\/a><\/p>\n<p>Twitter: <a href=\"https:\/\/culturaliart.musvc2.net\/e\/t?q=5%3dFTLV9%26E%3dJ%26F%3dDaK%26G%3d9cPbF%26N%3d1L1IB_JXvi_Uh_KjuW_Uy_JXvi_TmMFA1MxJ.jH6_JXvi_TmLtDvGxJlLC32K8_JXvi_UmNCE_zHDJj8_AsZs_L6u3h4t8FKs8CLlK_AsZs_KX2M6_El72Mt_KjuW_Vw7t42D_ytlr_9YDLt_6tEw429u_KjuW_VwEhB5Mw%267%3d6MzOvT.u8C%26Az%3dTJWGV&amp;mupckp=mupAtu4m8OiX0wt\" target=\"_blank\" rel=\"noopener\" data-saferedirecturl=\"https:\/\/www.google.com\/url?q=https:\/\/culturaliart.musvc2.net\/e\/t?q%3D5%253dFTLV9%2526E%253dJ%2526F%253dDaK%2526G%253d9cPbF%2526N%253d1L1IB_JXvi_Uh_KjuW_Uy_JXvi_TmMFA1MxJ.jH6_JXvi_TmLtDvGxJlLC32K8_JXvi_UmNCE_zHDJj8_AsZs_L6u3h4t8FKs8CLlK_AsZs_KX2M6_El72Mt_KjuW_Vw7t42D_ytlr_9YDLt_6tEw429u_KjuW_VwEhB5Mw%25267%253d6MzOvT.u8C%2526Az%253dTJWGV%26mupckp%3DmupAtu4m8OiX0wt&amp;source=gmail&amp;ust=1654683986727000&amp;usg=AOvVaw1WIyfAKJps6ppZE-QN15LI\">https:\/\/twitter.com\/<wbr \/>salonerestauro<\/a><\/p>\n<p>Instagram: <a href=\"https:\/\/culturaliart.musvc2.net\/e\/t?q=8%3dAWGY4%26H%3dE%26I%3d9dF%26J%3d4fKeA%26Q%3dvOvL7_MSyd_Xc_NexR_Xt_MSyd_WhSAR.kJ7OcC66o.93H_twgu_4B76nK20fAzMgO86wN3_MSyd_Wh_NexR_YtPvI_7JwNq0_twgu_5020yOz0vPsM_twgu_4b9Oo_Is9kQ1_MSyd_XfA16kH_6vUv_FawP1_8cI46kC2_MSyd_XfIoDnQ4%269%3doQ7QeX.26c7o0v%26E7%3dV3aNX&amp;mupckp=mupAtu4m8OiX0wt\" target=\"_blank\" rel=\"noopener\" data-saferedirecturl=\"https:\/\/www.google.com\/url?q=https:\/\/culturaliart.musvc2.net\/e\/t?q%3D8%253dAWGY4%2526H%253dE%2526I%253d9dF%2526J%253d4fKeA%2526Q%253dvOvL7_MSyd_Xc_NexR_Xt_MSyd_WhSAR.kJ7OcC66o.93H_twgu_4B76nK20fAzMgO86wN3_MSyd_Wh_NexR_YtPvI_7JwNq0_twgu_5020yOz0vPsM_twgu_4b9Oo_Is9kQ1_MSyd_XfA16kH_6vUv_FawP1_8cI46kC2_MSyd_XfIoDnQ4%25269%253doQ7QeX.26c7o0v%2526E7%253dV3aNX%26mupckp%3DmupAtu4m8OiX0wt&amp;source=gmail&amp;ust=1654683986727000&amp;usg=AOvVaw09G_ZrEPyCaMindJkGDc68\">https:\/\/www.instagram.com\/<wbr \/>salonedelrestauro\/<\/a><\/p>\n<p>Youtube: <a href=\"https:\/\/culturaliart.musvc2.net\/e\/t?q=A%3dGWIb0%26H%3dG%26L%3dEdH%26M%3d0fMhG%26Q%3dxR2L9_PYyf_ai_Ng1X_Xv_PYyf_ZnSCU.7KAR38u.AwI_8yav_HD3OuP_zwix_0BVGmNqzmO093N5_PYyf_anQ0K_1KAPkA_8yav_IBvACQtA0RmN_8yav_Hd3P3_Km0ySu_Ng1X_YtCu7yJ_zwix_0bARu_9qKx7yEv_Ng1X_YtKiE2Sx%260%3d3S1RsZ.vA09i7q%26G1%3dWGcHY&amp;mupckp=mupAtu4m8OiX0wt\" target=\"_blank\" rel=\"noopener\" data-saferedirecturl=\"https:\/\/www.google.com\/url?q=https:\/\/culturaliart.musvc2.net\/e\/t?q%3DA%253dGWIb0%2526H%253dG%2526L%253dEdH%2526M%253d0fMhG%2526Q%253dxR2L9_PYyf_ai_Ng1X_Xv_PYyf_ZnSCU.7KAR38u.AwI_8yav_HD3OuP_zwix_0BVGmNqzmO093N5_PYyf_anQ0K_1KAPkA_8yav_IBvACQtA0RmN_8yav_Hd3P3_Km0ySu_Ng1X_YtCu7yJ_zwix_0bARu_9qKx7yEv_Ng1X_YtKiE2Sx%25260%253d3S1RsZ.vA09i7q%2526G1%253dWGcHY%26mupckp%3DmupAtu4m8OiX0wt&amp;source=gmail&amp;ust=1654683986727000&amp;usg=AOvVaw3rba0JXoK5OCGafWeYc-yi\">https:\/\/www.youtube.com\/user\/<wbr \/>FieraRestauro<\/a><\/p>\n<p>Linkedin: <a href=\"https:\/\/culturaliart.musvc2.net\/e\/t?q=5%3dHQHVA%26B%3dF%26F%3dFXG%26G%3dAZLbH%26K%3dwL3F8_JZse_Uj_HfuY_Ru_JZse_ToMBO.u93Cn4xF.lE2_JZse_To34Ey13Q_1qhr_A683uE37m51JnI934H4_JZse_To_HfuY_SuM3C_8G4Hr7_1qhr_B4376I173JtJ_1qhr_AV0Lv_Ct6rK2_JZse_Um523rB_7sbp_GX4J2_5jC53r73_JZse_UmCpA3j1puK5%266%3dvK8NlR.373%2698%3dS0UOU&amp;mupckp=mupAtu4m8OiX0wt\" target=\"_blank\" rel=\"noopener\" data-saferedirecturl=\"https:\/\/www.google.com\/url?q=https:\/\/culturaliart.musvc2.net\/e\/t?q%3D5%253dHQHVA%2526B%253dF%2526F%253dFXG%2526G%253dAZLbH%2526K%253dwL3F8_JZse_Uj_HfuY_Ru_JZse_ToMBO.u93Cn4xF.lE2_JZse_To34Ey13Q_1qhr_A683uE37m51JnI934H4_JZse_To_HfuY_SuM3C_8G4Hr7_1qhr_B4376I173JtJ_1qhr_AV0Lv_Ct6rK2_JZse_Um523rB_7sbp_GX4J2_5jC53r73_JZse_UmCpA3j1puK5%25266%253dvK8NlR.373%252698%253dS0UOU%26mupckp%3DmupAtu4m8OiX0wt&amp;source=gmail&amp;ust=1654683986727000&amp;usg=AOvVaw22L-Av7trC-4DbrgkZN8xx\">https:\/\/www.linkedin.com\/<wbr \/>company\/salonedelrestauro\/<\/a><\/p>\n<p>&nbsp;<\/p>\n<\/div>\n<\/div>\n<\/td>\n<\/tr>\n<\/tbody>\n<\/table>\n","protected":false},"excerpt":{"rendered":"<p>messaggio, clicca qui COMUNICATO STAMPA Parte la XXVII edizione del Salone Internazionale del Restauro a Ferrara Fiere \u00a0 GLI HIGHLIGHTS [&hellip;]<\/p>\n","protected":false},"author":1,"featured_media":0,"comment_status":"open","ping_status":"open","sticky":false,"template":"","format":"standard","meta":{"footnotes":""},"categories":[4,10],"tags":[],"class_list":["post-23601","post","type-post","status-publish","format-standard","hentry","category-cultura","category-italiano"],"_links":{"self":[{"href":"https:\/\/www.ecoitaliano.com.ar\/index.php?rest_route=\/wp\/v2\/posts\/23601","targetHints":{"allow":["GET"]}}],"collection":[{"href":"https:\/\/www.ecoitaliano.com.ar\/index.php?rest_route=\/wp\/v2\/posts"}],"about":[{"href":"https:\/\/www.ecoitaliano.com.ar\/index.php?rest_route=\/wp\/v2\/types\/post"}],"author":[{"embeddable":true,"href":"https:\/\/www.ecoitaliano.com.ar\/index.php?rest_route=\/wp\/v2\/users\/1"}],"replies":[{"embeddable":true,"href":"https:\/\/www.ecoitaliano.com.ar\/index.php?rest_route=%2Fwp%2Fv2%2Fcomments&post=23601"}],"version-history":[{"count":0,"href":"https:\/\/www.ecoitaliano.com.ar\/index.php?rest_route=\/wp\/v2\/posts\/23601\/revisions"}],"wp:attachment":[{"href":"https:\/\/www.ecoitaliano.com.ar\/index.php?rest_route=%2Fwp%2Fv2%2Fmedia&parent=23601"}],"wp:term":[{"taxonomy":"category","embeddable":true,"href":"https:\/\/www.ecoitaliano.com.ar\/index.php?rest_route=%2Fwp%2Fv2%2Fcategories&post=23601"},{"taxonomy":"post_tag","embeddable":true,"href":"https:\/\/www.ecoitaliano.com.ar\/index.php?rest_route=%2Fwp%2Fv2%2Ftags&post=23601"}],"curies":[{"name":"wp","href":"https:\/\/api.w.org\/{rel}","templated":true}]}}