{"id":23757,"date":"2022-06-11T17:43:07","date_gmt":"2022-06-11T17:43:07","guid":{"rendered":"http:\/\/www.ecoitaliano.com.ar\/?p=23757"},"modified":"2022-06-11T17:43:07","modified_gmt":"2022-06-11T17:43:07","slug":"serena-conduce-operaclassica-eco-italiano-1557","status":"publish","type":"post","link":"https:\/\/www.ecoitaliano.com.ar\/?p=23757","title":{"rendered":"Serena conduce operaclassica eco italiano"},"content":{"rendered":"<p style=\"text-align: center;\"><a href=\"http:\/\/www.ecoitaliano.com.ar\/wp-content\/uploads\/2022\/05\/Part_6-1.gif\"><img decoding=\"async\" class=\"alignnone size-full wp-image-23103\" src=\"http:\/\/www.ecoitaliano.com.ar\/wp-content\/uploads\/2022\/05\/Part_6-1.gif\" alt=\"\" width=\"116\" height=\"71\" \/><\/a><\/p>\n<p>Comunicato stampa<\/p>\n<p><strong>TCBO: LE \u201cVARIAZIONI\u201d DI BRAHMS, DVO\u0158\u00c1K ED ELGAR DIRETTE DA ASHER FISCH<\/strong><\/p>\n<p><em>Gioved\u00ec 16 giugno\u00a0alle 20.30 &#8211; Auditorium Manzoni, Bologna<\/em><\/p>\n<p><a href=\"http:\/\/www.ecoitaliano.com.ar\/wp-content\/uploads\/2022\/06\/Ascher-Fisch_D4_0377_\u00a9AndreaRanzi-Casaluci-Ranzi.jpg\"><img decoding=\"async\" class=\"alignnone size-full wp-image-23759\" src=\"http:\/\/www.ecoitaliano.com.ar\/wp-content\/uploads\/2022\/06\/Ascher-Fisch_D4_0377_\u00a9AndreaRanzi-Casaluci-Ranzi.jpg\" alt=\"\" width=\"3543\" height=\"2362\" srcset=\"https:\/\/www.ecoitaliano.com.ar\/wp-content\/uploads\/2022\/06\/Ascher-Fisch_D4_0377_\u00a9AndreaRanzi-Casaluci-Ranzi.jpg 3543w, https:\/\/www.ecoitaliano.com.ar\/wp-content\/uploads\/2022\/06\/Ascher-Fisch_D4_0377_\u00a9AndreaRanzi-Casaluci-Ranzi-300x200.jpg 300w, https:\/\/www.ecoitaliano.com.ar\/wp-content\/uploads\/2022\/06\/Ascher-Fisch_D4_0377_\u00a9AndreaRanzi-Casaluci-Ranzi-768x512.jpg 768w, https:\/\/www.ecoitaliano.com.ar\/wp-content\/uploads\/2022\/06\/Ascher-Fisch_D4_0377_\u00a9AndreaRanzi-Casaluci-Ranzi-1024x683.jpg 1024w, https:\/\/www.ecoitaliano.com.ar\/wp-content\/uploads\/2022\/06\/Ascher-Fisch_D4_0377_\u00a9AndreaRanzi-Casaluci-Ranzi-150x100.jpg 150w\" sizes=\"(max-width: 3543px) 100vw, 3543px\" \/><\/a><\/p>\n<p>Torna sul podio dell\u2019Orchestra del Teatro Comunale di Bologna il direttore\u00a0israeliano\u00a0<strong>Asher Fisch<\/strong>, gi\u00e0 protagonista di importanti produzioni operistiche del teatro felsineo come\u00a0<em>Adriana Lecouvreur\u00a0<\/em>nel 2021 e prossimamente impegnato nell\u2019<em>Otello<\/em>\u00a0di Verdi, per un concerto della\u00a0<strong>Stagione Sinfonica 2022<\/strong>\u00a0incentrato sul tema delle variazioni, in programma\u00a0<strong>gioved\u00ec 16 giugno alle 20.30 all\u2019Auditorium Manzoni<\/strong>.<\/p>\n<p>&nbsp;<\/p>\n<p>Direttore principale\u00a0della West Australian Symphony Orchestra di Perth e Direttore principale ospite dell\u2019Opera di Seattle, Fisch apre la serata\u00a0con le\u00a0<em>Variazioni su un tema di Haydn<\/em>\u00a0op. 56a di Johannes Brahms. Scritte nel 1873, prima nella versione per due pianoforti e poi per grande orchestra, le \u201cVariazioni\u201d erano nate dopo che il compositore tedesco aveva visionato in una biblioteca il manoscritto di un \u201cDivertimento\u201d ricondotto in modo inesatto proprio ad Haydn.<\/p>\n<p>&nbsp;<\/p>\n<p>Si prosegue con le\u00a0<em>Variazioni sinfoniche<\/em>\u00a0op. 78 composte da Anton\u00edn Dvo\u0159\u00e1k nel 1877, dimenticate a seguito della prima esecuzione a Praga e poi riprese con esito positivo nella stessa citt\u00e0 dieci anni dopo. A sancirne il pieno successo fu per\u00f2 il concerto diretto a Vienna dal celebre Hans Richter nel 1887, come raccont\u00f2 lo stesso Brahms, amico del compositore ceco.<\/p>\n<p>&nbsp;<\/p>\n<p>Fu ancora Richter a tenere a battesimo nel 1899 a\u00a0Londra<em>\u00a0<\/em>le<em>\u00a0<\/em><em>Variations on an Original Theme\u00a0<\/em>\u201cEnigma\u201d\u00a0op. 36, che resero famoso in tutto il mondo il compositore inglese Edward Elgar\u00a0e che chiudono il programma bolognese. Due sono gli enigmi a cui rimanda il titolo del brano: la scoperta dei personaggi della cerchia di amici di Elgar nascosti dietro a ognuna delle 14 variazioni e l\u2019identificazione del tema principale che \u2013 a detta dello stesso compositore \u2013 \u201cnon appare mai\u201d.<\/p>\n<p>&nbsp;<\/p>\n<p>Il concerto \u00e8 realizzato grazie a\u00a0Intesa Sanpaolo,\u00a0Main Partner della Stagione Sinfonica 2022 del TCBO.<\/p>\n<p>&nbsp;<\/p>\n<p>I biglietti\u00a0\u2013\u00a0da 10 a 40 euro\u00a0\u2013\u00a0sono in vendita online tramite Vivaticket e presso la biglietteria del Teatro Comunale (Piazza Verdi), dal marted\u00ec al venerd\u00ec dalle 12 alle 18 e il sabato dalle 11 alle 15; il giorno del concerto presso l\u2019Auditorium Manzoni da 1 ora prima fino a 15 minuti dopo l\u2019inizio dello spettacolo.<\/p>\n<p>Info:\u00a0<u><a href=\"http:\/\/www.tcbo.it\/\" target=\"_blank\" rel=\"noopener\"><span style=\"color: #954f72;\"><span style=\"color: #1474bd;\">www.tcbo.it<\/span><\/span><\/a><\/u>\u00a0\/\u00a0<u><a href=\"https:\/\/www.tcbo.it\/eventi\/stagione-sinfonica-2022-fisch\/\" target=\"_blank\" rel=\"noopener\"><span style=\"color: #954f72;\"><span style=\"color: #1474bd;\">https:\/\/www.tcbo.it\/eventi\/stagione-sinfonica-2022-fisch\/<\/span><\/span><\/a><\/u><\/p>\n<p>10.06.2022<\/p>\n<p>A questo link le foto di Asher Fisch con\u00a0l\u2019Orchestra del Teatro Comunale di Bologna. Crediti da menzionare Andrea Ranzi:<\/p>\n<p>&nbsp;<\/p>\n<p>&nbsp;<\/p>\n<p>Ufficio Stampa &#8211; Skill&amp;Music<\/p>\n<p>Irene Sala &#8211; Carla Monni<br \/>\nFondazione Teatro Comunale di Bologna<br \/>\nLargo Respighi, 1 &#8211; 40126 Bologna<br \/>\nT.\u00a0+39 051 529947<br \/>\ne-mail:\u00a0<a href=\"mailto:ufficiostampa@comunalebologna.it\">ufficiostampa@comunalebologna.it<\/a><u><br \/>\n<\/u><a href=\"http:\/\/www.tcbo.it\/\">www.tcbo.it<\/a><\/p>\n<p>&nbsp;<\/p>\n<p><strong>STAGIONE SINFONICA 2022 DEL TEATRO COMUNALE DI BOLOGNA<\/strong><\/p>\n<p><strong>Gioved\u00ec 16 giugno, ore 20.30<\/strong><br \/>\n<strong>Auditorium Manzoni<\/strong><\/p>\n<p>&nbsp;<\/p>\n<p>Asher Fisch\u00a0<em>direttore<\/em><br \/>\nOrchestra del Teatro Comunale di Bologna<\/p>\n<p>Johannes Brahms<\/p>\n<p><em>Variazioni su un tema di Haydn<\/em>\u00a0op. 56a<\/p>\n<p>&nbsp;<\/p>\n<p>Anton\u00edn Dvo\u0159\u00e1k<\/p>\n<p><em>Variazioni sinfoniche<\/em>\u00a0op. 78<\/p>\n<p>&nbsp;<\/p>\n<p>Edward Elgar<\/p>\n<p><em>Variations on an Original Theme\u00a0<\/em>\u201cEnigma\u201d\u00a0op. 36<\/p>\n<p><br style=\"font-weight: 400;\" \/><\/p>\n<table>\n<tbody>\n<tr>\n<td><strong>Ufficio Stampa<\/strong><\/p>\n<p><strong>telefono: 051-529947<\/strong><\/td>\n<td><em>\u00a0 \u00a0 \u00a0 \u00a0 \u00a0 \u00a0 \u00a0 \u00a0<\/em><\/td>\n<td>Fondazione Teatro Comunale di Bologna<br \/>\nLargo Respighi, 1 &#8211; 40126 Bologna<br \/>\n<a href=\"http:\/\/www.tcbo.it\/\"><em>www.tcbo.it<\/em><\/a><\/td>\n<\/tr>\n<\/tbody>\n<\/table>\n<p><a href=\"http:\/\/www.ecoitaliano.com.ar\/wp-content\/uploads\/2022\/06\/Ascher-Fisch_D4_0705_\u00a9AndreaRanzi-Casaluci-Ranzi.jpg\"><img decoding=\"async\" class=\"alignnone size-full wp-image-23760\" src=\"http:\/\/www.ecoitaliano.com.ar\/wp-content\/uploads\/2022\/06\/Ascher-Fisch_D4_0705_\u00a9AndreaRanzi-Casaluci-Ranzi.jpg\" alt=\"\" width=\"3543\" height=\"2362\" srcset=\"https:\/\/www.ecoitaliano.com.ar\/wp-content\/uploads\/2022\/06\/Ascher-Fisch_D4_0705_\u00a9AndreaRanzi-Casaluci-Ranzi.jpg 3543w, https:\/\/www.ecoitaliano.com.ar\/wp-content\/uploads\/2022\/06\/Ascher-Fisch_D4_0705_\u00a9AndreaRanzi-Casaluci-Ranzi-300x200.jpg 300w, https:\/\/www.ecoitaliano.com.ar\/wp-content\/uploads\/2022\/06\/Ascher-Fisch_D4_0705_\u00a9AndreaRanzi-Casaluci-Ranzi-768x512.jpg 768w, https:\/\/www.ecoitaliano.com.ar\/wp-content\/uploads\/2022\/06\/Ascher-Fisch_D4_0705_\u00a9AndreaRanzi-Casaluci-Ranzi-1024x683.jpg 1024w, https:\/\/www.ecoitaliano.com.ar\/wp-content\/uploads\/2022\/06\/Ascher-Fisch_D4_0705_\u00a9AndreaRanzi-Casaluci-Ranzi-150x100.jpg 150w\" sizes=\"(max-width: 3543px) 100vw, 3543px\" \/><\/a> <a href=\"http:\/\/www.ecoitaliano.com.ar\/wp-content\/uploads\/2022\/06\/Asher-Fisch_D4_0163_@AndreaRanzi-Casaluci-Ranzi.jpg\"><img decoding=\"async\" class=\"alignnone size-full wp-image-23761\" src=\"http:\/\/www.ecoitaliano.com.ar\/wp-content\/uploads\/2022\/06\/Asher-Fisch_D4_0163_@AndreaRanzi-Casaluci-Ranzi.jpg\" alt=\"\" width=\"3543\" height=\"2362\" srcset=\"https:\/\/www.ecoitaliano.com.ar\/wp-content\/uploads\/2022\/06\/Asher-Fisch_D4_0163_@AndreaRanzi-Casaluci-Ranzi.jpg 3543w, https:\/\/www.ecoitaliano.com.ar\/wp-content\/uploads\/2022\/06\/Asher-Fisch_D4_0163_@AndreaRanzi-Casaluci-Ranzi-300x200.jpg 300w, https:\/\/www.ecoitaliano.com.ar\/wp-content\/uploads\/2022\/06\/Asher-Fisch_D4_0163_@AndreaRanzi-Casaluci-Ranzi-768x512.jpg 768w, https:\/\/www.ecoitaliano.com.ar\/wp-content\/uploads\/2022\/06\/Asher-Fisch_D4_0163_@AndreaRanzi-Casaluci-Ranzi-1024x683.jpg 1024w, https:\/\/www.ecoitaliano.com.ar\/wp-content\/uploads\/2022\/06\/Asher-Fisch_D4_0163_@AndreaRanzi-Casaluci-Ranzi-150x100.jpg 150w\" sizes=\"(max-width: 3543px) 100vw, 3543px\" \/><\/a> <a href=\"http:\/\/www.ecoitaliano.com.ar\/wp-content\/uploads\/2022\/06\/Asher-Fisch_D4_9385_\u220fAndreaRanzi-StudioCasaluci.jpg\"><img decoding=\"async\" class=\"alignnone size-full wp-image-23762\" src=\"http:\/\/www.ecoitaliano.com.ar\/wp-content\/uploads\/2022\/06\/Asher-Fisch_D4_9385_\u220fAndreaRanzi-StudioCasaluci.jpg\" alt=\"\" width=\"3543\" height=\"2362\" srcset=\"https:\/\/www.ecoitaliano.com.ar\/wp-content\/uploads\/2022\/06\/Asher-Fisch_D4_9385_\u220fAndreaRanzi-StudioCasaluci.jpg 3543w, https:\/\/www.ecoitaliano.com.ar\/wp-content\/uploads\/2022\/06\/Asher-Fisch_D4_9385_\u220fAndreaRanzi-StudioCasaluci-300x200.jpg 300w, https:\/\/www.ecoitaliano.com.ar\/wp-content\/uploads\/2022\/06\/Asher-Fisch_D4_9385_\u220fAndreaRanzi-StudioCasaluci-768x512.jpg 768w, https:\/\/www.ecoitaliano.com.ar\/wp-content\/uploads\/2022\/06\/Asher-Fisch_D4_9385_\u220fAndreaRanzi-StudioCasaluci-1024x683.jpg 1024w, https:\/\/www.ecoitaliano.com.ar\/wp-content\/uploads\/2022\/06\/Asher-Fisch_D4_9385_\u220fAndreaRanzi-StudioCasaluci-150x100.jpg 150w\" sizes=\"(max-width: 3543px) 100vw, 3543px\" \/><\/a> <a href=\"http:\/\/www.ecoitaliano.com.ar\/wp-content\/uploads\/2022\/06\/Asher-Fisch_D4_9432_\u220fAndreaRanzi-StudioCasaluci.jpg\"><img decoding=\"async\" class=\"alignnone size-full wp-image-23763\" src=\"http:\/\/www.ecoitaliano.com.ar\/wp-content\/uploads\/2022\/06\/Asher-Fisch_D4_9432_\u220fAndreaRanzi-StudioCasaluci.jpg\" alt=\"\" width=\"3543\" height=\"2362\" srcset=\"https:\/\/www.ecoitaliano.com.ar\/wp-content\/uploads\/2022\/06\/Asher-Fisch_D4_9432_\u220fAndreaRanzi-StudioCasaluci.jpg 3543w, https:\/\/www.ecoitaliano.com.ar\/wp-content\/uploads\/2022\/06\/Asher-Fisch_D4_9432_\u220fAndreaRanzi-StudioCasaluci-300x200.jpg 300w, https:\/\/www.ecoitaliano.com.ar\/wp-content\/uploads\/2022\/06\/Asher-Fisch_D4_9432_\u220fAndreaRanzi-StudioCasaluci-768x512.jpg 768w, https:\/\/www.ecoitaliano.com.ar\/wp-content\/uploads\/2022\/06\/Asher-Fisch_D4_9432_\u220fAndreaRanzi-StudioCasaluci-1024x683.jpg 1024w, https:\/\/www.ecoitaliano.com.ar\/wp-content\/uploads\/2022\/06\/Asher-Fisch_D4_9432_\u220fAndreaRanzi-StudioCasaluci-150x100.jpg 150w\" sizes=\"(max-width: 3543px) 100vw, 3543px\" \/><\/a><\/p>\n","protected":false},"excerpt":{"rendered":"<p>Comunicato stampa TCBO: LE \u201cVARIAZIONI\u201d DI BRAHMS, DVO\u0158\u00c1K ED ELGAR DIRETTE DA ASHER FISCH Gioved\u00ec 16 giugno\u00a0alle 20.30 &#8211; Auditorium [&hellip;]<\/p>\n","protected":false},"author":1,"featured_media":0,"comment_status":"open","ping_status":"open","sticky":false,"template":"","format":"standard","meta":{"footnotes":""},"categories":[1],"tags":[],"class_list":["post-23757","post","type-post","status-publish","format-standard","hentry","category-sin-categoria"],"_links":{"self":[{"href":"https:\/\/www.ecoitaliano.com.ar\/index.php?rest_route=\/wp\/v2\/posts\/23757","targetHints":{"allow":["GET"]}}],"collection":[{"href":"https:\/\/www.ecoitaliano.com.ar\/index.php?rest_route=\/wp\/v2\/posts"}],"about":[{"href":"https:\/\/www.ecoitaliano.com.ar\/index.php?rest_route=\/wp\/v2\/types\/post"}],"author":[{"embeddable":true,"href":"https:\/\/www.ecoitaliano.com.ar\/index.php?rest_route=\/wp\/v2\/users\/1"}],"replies":[{"embeddable":true,"href":"https:\/\/www.ecoitaliano.com.ar\/index.php?rest_route=%2Fwp%2Fv2%2Fcomments&post=23757"}],"version-history":[{"count":0,"href":"https:\/\/www.ecoitaliano.com.ar\/index.php?rest_route=\/wp\/v2\/posts\/23757\/revisions"}],"wp:attachment":[{"href":"https:\/\/www.ecoitaliano.com.ar\/index.php?rest_route=%2Fwp%2Fv2%2Fmedia&parent=23757"}],"wp:term":[{"taxonomy":"category","embeddable":true,"href":"https:\/\/www.ecoitaliano.com.ar\/index.php?rest_route=%2Fwp%2Fv2%2Fcategories&post=23757"},{"taxonomy":"post_tag","embeddable":true,"href":"https:\/\/www.ecoitaliano.com.ar\/index.php?rest_route=%2Fwp%2Fv2%2Ftags&post=23757"}],"curies":[{"name":"wp","href":"https:\/\/api.w.org\/{rel}","templated":true}]}}