{"id":23765,"date":"2022-06-11T17:49:21","date_gmt":"2022-06-11T17:49:21","guid":{"rendered":"http:\/\/www.ecoitaliano.com.ar\/?p=23765"},"modified":"2022-06-11T17:49:21","modified_gmt":"2022-06-11T17:49:21","slug":"serena-conduce-operaclassica-eco-italiano-1558","status":"publish","type":"post","link":"https:\/\/www.ecoitaliano.com.ar\/?p=23765","title":{"rendered":"Serena conduce operaclassica eco italiano"},"content":{"rendered":"<p style=\"text-align: center;\"><a href=\"http:\/\/www.ecoitaliano.com.ar\/wp-content\/uploads\/2022\/05\/Part_6-1.gif\"><img decoding=\"async\" class=\"alignnone size-full wp-image-23103\" src=\"http:\/\/www.ecoitaliano.com.ar\/wp-content\/uploads\/2022\/05\/Part_6-1.gif\" alt=\"\" width=\"116\" height=\"71\" \/><\/a><\/p>\n<p>Comunicato stampa<\/p>\n<p><strong>TCBO:\u00a0<\/strong>\u201c<strong>PARLIAMO D\u2019OPERA\u201d\u00a0SI CHIUDE CON GABRIELE LAVIA<\/strong><\/p>\n<p><em>L\u2019incontro, dal titolo \u201cTradimenti\u201d, \u00e8 realizzato in occasione dell\u2019<\/em>Otello<em>\u00a0<\/em><em>verdiano<\/em><\/p>\n<p><em>Marted\u00ec 14 giugno alle 18.00 nel Foyer Respighi del Comunale e in diretta streaming sulla pagina Facebook<\/em><\/p>\n<p>Vede protagonista il regista\u00a0<strong>Gabriele Lavia<\/strong>, che ha firmato l\u2019allestimento dell\u2019<em>Otello\u00a0<\/em>di Giuseppe Verdi (in scena dal 24 al 30 giugno in Sala Bibiena), il terzo e ultimo appuntamento primaverile della rassegna\u00a0\u201c<strong>Parliamo d<\/strong>\u2019<strong>Opera\u201d\u00a0<\/strong>intitolato\u00a0<strong>\u201cTradimenti\u201d<\/strong>, in programma<strong>\u00a0<\/strong><strong>marted\u00ec 14 giugno alle 18.00 nel Foyer Respighi del Comunale<\/strong>.<\/p>\n<p>Perfettamente architettato da Shakespeare e messo in musica da Verdi su libretto di Boito,\u00a0<em>Otello\u00a0<\/em>pone lo spettatore davanti a quesiti mai risolti, spinge a domandarsi quale e dove sia il confine tra il bene e il male e fino a che punto la forza generatrice dell\u2019amore possa diventare distruttiva attraverso la brama di possesso, la gelosia, il sospetto. Desdemona, accusata ingiustamente di tradimento, \u00e8 in realt\u00e0 vittima della rete di tradimenti di Otello e Iago. Di quest\u2019opera e del teatro shakespeariano, che sa portare in scena la complessit\u00e0 del vivere in modo profondo e archetipico, rinnovando continuamente la sua contemporaneit\u00e0, parler\u00e0 nell\u2019incontro l\u2019attore, regista e sceneggiatore Gabriele Lavia.<\/p>\n<p>L\u2019appuntamento vede inoltre la partecipazione degli\u00a0allievi della Scuola dell\u2019Opera del TCBO, che interpreteranno pagine verdiane legate al tema\u00a0\u201cTradimenti\u201d:\u00a0il\u00a0baritono\u00a0<strong>Tong Liu\u00a0<\/strong>canter\u00e0\u00a0\u201c\u00c8 sogno? O realt\u00e0?\u201d\u00a0dal<em>\u00a0Falstaff<\/em>\u00a0ed\u00a0\u201cEri tu\u201d\u00a0da\u00a0<em>Un ballo in maschera<\/em>\u00a0accompagnato al pianoforte da\u00a0<strong>Matilde Bianchi<\/strong>, che\u00a0suoner\u00e0 inoltre la scena dell\u2019uragano\u00a0e\u00a0\u201cFuoco di gioia!\u201d\u00a0dall\u2019<em>Otello<\/em>.<\/p>\n<p>Partner dell\u2019iniziativa \u00e8\u00a0<strong>Rekeep<\/strong>.<\/p>\n<p>Per partecipare \u00e8 possibile prenotarsi tramite il\u00a0sito\u00a0<a href=\"https:\/\/www.tcbo.it\/\">www.tcbo.it<\/a>\u00a0oppure registrarsi direttamente in loco.\u00a0L\u2019ingresso \u00e8 consentito fino a esaurimento dei posti disponibili. L\u2019appuntamento sar\u00e0 trasmesso anche in diretta streaming sulla pagina\u00a0<a href=\"https:\/\/www.facebook.com\/TeatroComunaleBologna\">Facebook del TCBO<\/a>.<\/p>\n<p><a href=\"https:\/\/www.tcbo.it\/eventi\/parliamo-dopera-2022-tradimenti\/\">https:\/\/www.tcbo.it\/eventi\/parliamo-dopera-2022-tradimenti\/<\/a><\/p>\n<p>11.06.2022<\/p>\n<p>&nbsp;<\/p>\n<p>&nbsp;<\/p>\n<p>&nbsp;<\/p>\n<p>Ufficio Stampa &#8211; Skill&amp;Music<\/p>\n<p>Irene Sala &#8211; Carla Monni<br \/>\nFondazione Teatro Comunale di Bologna<br \/>\nLargo Respighi, 1 &#8211; 40126 Bologna<br \/>\nT.\u00a0+39 051 529947<br \/>\ne-mail:\u00a0<a href=\"mailto:ufficiostampa@comunalebologna.it\">ufficiostampa@comunalebologna.it<\/a><u><br \/>\n<\/u><a href=\"http:\/\/www.tcbo.it\/\">www.tcbo.it<\/a><\/p>\n<p>&nbsp;<\/p>\n<p><strong>\u201cPARLIAMO D\u2019OPERA\u201d 2022<\/strong><\/p>\n<p><strong>Foyer Respighi del Teatro Comunale di Bologna, ore 18.00<\/strong><\/p>\n<p><strong>Marted\u00ec 14 giugno<\/strong>\u00a0|\u00a0<em>Otello<\/em><\/p>\n<p>\u201cTradimenti\u201d\u00a0con Gabriele Lavia<\/p>\n<p>Tong Hiu\u00a0(baritono) e<em>\u00a0<\/em>Matilde Bianchi (pianoforte),\u00a0allievi della Scuola dell\u2019Opera del Teatro Comunale di Bologna,\u00a0interpretano pagine verdiane da\u00a0<em>Falstaff<\/em>,\u00a0<em>Un ballo in maschera<\/em>\u00a0e\u00a0<em>Otello<\/em><\/p>\n<p><strong>Rekeep S.p.A.<\/strong><\/p>\n<p>Rekeep \u00e8 il principale operatore italiano e uno dei principali player a livello europeo del settore dell\u2019Integrated Facility Management, ovvero l\u2019erogazione e la gestione di servizi integrati rivolti agli immobili, al territorio e a supporto dell\u2019attivit\u00e0 sanitaria. In particolare, i servizi forniti dal Gruppo Rekeep si suddividono in due principali aree di attivit\u00e0:\u00a0<strong>Integrated Facility Management<\/strong>\u00a0ovvero servizi di gestione e manutenzione di immobili (igiene ambientale, servizi tecnico &#8211; manutentivi, cura del verde, servizi logistici, servizi ausiliari, gestione calore, illuminazione, gestione documentale, impianti antincendio e di videosorveglianza) e\u00a0<strong>Laundering &amp; Sterilization<\/strong>, servizi di \u201clavanolo\u201d e sterilizzazione di biancheria e strumentario chirurgico a supporto dell\u2019attivit\u00e0 sanitaria. Rekeep ha sede direzionale a Zola Predosa (Bologna), sedi operative in Polonia, Francia, Arabia Saudita e conta circa 28.000 dipendenti, in Italia e all\u2019estero.<\/p>\n<p><br style=\"font-weight: 400;\" \/><\/p>\n<table>\n<tbody>\n<tr>\n<td><strong>Ufficio Stampa<\/strong><\/p>\n<p><strong>telefono: 051-529947<\/strong><\/td>\n<td><em>\u00a0 \u00a0 \u00a0 \u00a0 \u00a0 \u00a0 \u00a0 \u00a0<\/em><\/td>\n<td>Fondazione Teatro Comunale di Bologna<br \/>\nLargo Respighi, 1 &#8211; 40126 Bologna<br \/>\n<a href=\"http:\/\/www.tcbo.it\/\"><em>www.tcbo.it<\/em><\/a><\/td>\n<\/tr>\n<\/tbody>\n<\/table>\n<p><a href=\"http:\/\/www.ecoitaliano.com.ar\/wp-content\/uploads\/2022\/06\/cKqtjt6A.jpeg\"><img decoding=\"async\" class=\"alignnone size-full wp-image-23766\" src=\"http:\/\/www.ecoitaliano.com.ar\/wp-content\/uploads\/2022\/06\/cKqtjt6A.jpeg\" alt=\"\" width=\"2832\" height=\"4256\" srcset=\"https:\/\/www.ecoitaliano.com.ar\/wp-content\/uploads\/2022\/06\/cKqtjt6A.jpeg 2832w, https:\/\/www.ecoitaliano.com.ar\/wp-content\/uploads\/2022\/06\/cKqtjt6A-200x300.jpeg 200w, https:\/\/www.ecoitaliano.com.ar\/wp-content\/uploads\/2022\/06\/cKqtjt6A-768x1154.jpeg 768w, https:\/\/www.ecoitaliano.com.ar\/wp-content\/uploads\/2022\/06\/cKqtjt6A-681x1024.jpeg 681w, https:\/\/www.ecoitaliano.com.ar\/wp-content\/uploads\/2022\/06\/cKqtjt6A-100x150.jpeg 100w\" sizes=\"(max-width: 2832px) 100vw, 2832px\" \/><\/a><\/p>\n","protected":false},"excerpt":{"rendered":"<p>Comunicato stampa TCBO:\u00a0\u201cPARLIAMO D\u2019OPERA\u201d\u00a0SI CHIUDE CON GABRIELE LAVIA L\u2019incontro, dal titolo \u201cTradimenti\u201d, \u00e8 realizzato in occasione dell\u2019Otello\u00a0verdiano Marted\u00ec 14 giugno [&hellip;]<\/p>\n","protected":false},"author":1,"featured_media":0,"comment_status":"open","ping_status":"open","sticky":false,"template":"","format":"standard","meta":{"footnotes":""},"categories":[1],"tags":[],"class_list":["post-23765","post","type-post","status-publish","format-standard","hentry","category-sin-categoria"],"_links":{"self":[{"href":"https:\/\/www.ecoitaliano.com.ar\/index.php?rest_route=\/wp\/v2\/posts\/23765","targetHints":{"allow":["GET"]}}],"collection":[{"href":"https:\/\/www.ecoitaliano.com.ar\/index.php?rest_route=\/wp\/v2\/posts"}],"about":[{"href":"https:\/\/www.ecoitaliano.com.ar\/index.php?rest_route=\/wp\/v2\/types\/post"}],"author":[{"embeddable":true,"href":"https:\/\/www.ecoitaliano.com.ar\/index.php?rest_route=\/wp\/v2\/users\/1"}],"replies":[{"embeddable":true,"href":"https:\/\/www.ecoitaliano.com.ar\/index.php?rest_route=%2Fwp%2Fv2%2Fcomments&post=23765"}],"version-history":[{"count":0,"href":"https:\/\/www.ecoitaliano.com.ar\/index.php?rest_route=\/wp\/v2\/posts\/23765\/revisions"}],"wp:attachment":[{"href":"https:\/\/www.ecoitaliano.com.ar\/index.php?rest_route=%2Fwp%2Fv2%2Fmedia&parent=23765"}],"wp:term":[{"taxonomy":"category","embeddable":true,"href":"https:\/\/www.ecoitaliano.com.ar\/index.php?rest_route=%2Fwp%2Fv2%2Fcategories&post=23765"},{"taxonomy":"post_tag","embeddable":true,"href":"https:\/\/www.ecoitaliano.com.ar\/index.php?rest_route=%2Fwp%2Fv2%2Ftags&post=23765"}],"curies":[{"name":"wp","href":"https:\/\/api.w.org\/{rel}","templated":true}]}}