{"id":23768,"date":"2022-06-11T20:00:59","date_gmt":"2022-06-11T20:00:59","guid":{"rendered":"http:\/\/www.ecoitaliano.com.ar\/?p=23768"},"modified":"2022-06-11T20:00:59","modified_gmt":"2022-06-11T20:00:59","slug":"serena-conduce-operaclassica-eco-italiano-1559","status":"publish","type":"post","link":"https:\/\/www.ecoitaliano.com.ar\/?p=23768","title":{"rendered":"Serena conduce operaclassica eco italiano"},"content":{"rendered":"<p style=\"text-align: center;\"><a href=\"http:\/\/www.ecoitaliano.com.ar\/wp-content\/uploads\/2022\/05\/171f0d23f60b4818b059feb8af35143b.jpg\"><img decoding=\"async\" class=\"alignnone size-full wp-image-22344\" src=\"http:\/\/www.ecoitaliano.com.ar\/wp-content\/uploads\/2022\/05\/171f0d23f60b4818b059feb8af35143b.jpg\" alt=\"\" width=\"300\" height=\"97\" srcset=\"https:\/\/www.ecoitaliano.com.ar\/wp-content\/uploads\/2022\/05\/171f0d23f60b4818b059feb8af35143b.jpg 300w, https:\/\/www.ecoitaliano.com.ar\/wp-content\/uploads\/2022\/05\/171f0d23f60b4818b059feb8af35143b-150x49.jpg 150w\" sizes=\"(max-width: 300px) 100vw, 300px\" \/><\/a><\/p>\n<p><strong>NUOVO BANDO \u201cFABBRICA\u201d YOUNG ARTIST PROGRAM<\/strong><\/p>\n<p><strong>GIOVANI TALENTI DA TUTTO IL MONDO ATTESI AL<\/strong><\/p>\n<p><strong>TEATRO DELL\u2019OPERA DI ROMA<\/strong><\/p>\n<p><strong>PER LA IV EDIZIONE DELLO \u201cYOUNG ARTIST PROGRAM\u201d<\/strong><\/p>\n<p><strong>Le attivit\u00e0 inizieranno a gennaio 2023<\/strong><\/p>\n<p>&nbsp;<\/p>\n<p>&nbsp;<\/p>\n<p><strong>COMUNICATO STAMPA<\/strong><\/p>\n<p><strong>10 GIUGNO 2022<\/strong><\/p>\n<p>&nbsp;<\/p>\n<p>&nbsp;<\/p>\n<p>\u00c8\u00a0<strong>online<\/strong>\u00a0il\u00a0<strong>bando per la quarta edizione di \u201cFabbrica\u201d<\/strong>, lo Young Artist Program del Teatro dell\u2019Opera di Roma. Le candidature vanno inviate compilando il form di iscrizione (<a href=\"https:\/\/fondazioneteatrodelloperadirom.musvc2.net\/e\/t?q=8%3dRaTcP%26D%3dL%26I%3dOSNW%26A%3dSTcTTR%26P6w3u%3d4LDKE_Jkxl_Uu_Mmuj_W2_Jkxl_TzRIO.z6x4BDy3.9K1JuMAEu.DF%266%3d7PENwW.07D%26DE%3dVLcT&amp;mupckp=mupAtu4m8OiX0wt\" target=\"_blank\" rel=\"noopener\">https:\/\/www.fabbrica.operaroma.it<\/a>)\u00a0<strong>entro e non oltre il 15 luglio 2022<\/strong>, mese in cui terminer\u00e0 la III edizione attualmente in corso (<a href=\"https:\/\/fondazioneteatrodelloperadirom.musvc2.net\/e\/t?q=3%3dHeAXF%26H%3d3%26D%3dEW5R%261%3dWAXJX9%26K%3dtPuF5_NRsb_Yb_HcyQ_Rr_NRsb_XgM9S.g1n8s9o7.pFqNbH1Ib.96_NRsb_XgJqN11-q0jPuKo5-Df3Q-Df3R%261m7bp%3dIvI893.DqP%26jI%3dFX9X&amp;mupckp=mupAtu4m8OiX0wt\" target=\"_blank\" rel=\"noopener\">https:\/\/www.fabbrica.operaroma.it\/terza-edizione-2021-2022<\/a>).\u00a0Il programma \u00e8 aperto a\u00a0<strong>8 cantanti<\/strong>,\u00a0<strong>2 maestri collaboratori<\/strong>,\u00a0<strong>1 regista<\/strong>,\u00a0<strong>1 scenografo\/a<\/strong>,\u00a0<strong>1 costumista<\/strong>\u00a0e\u00a0<strong>1 lighting designer<\/strong>. Il bando \u00e8 rivolto a\u00a0<strong>giovani\u00a0<\/strong><strong>provenienti da tutto il mondo<\/strong>\u00a0pronti a essere accompagnati nella delicata fase di passaggio tra la fine degli studi e l\u2019inizio della carriera vera e propria, che abbiano gi\u00e0 terminato un percorso di studi attinente e che preferibilmente abbiano gi\u00e0 maturato delle prime esperienze in palcoscenico, che vogliano far della propria passione un mestiere. L\u2019obiettivo del bando \u00e8 selezionare un gruppo che unisca le principali professionalit\u00e0 coinvolte nella produzione di un\u2019opera lirica. Sono previsti 19 mesi di lavoro e una borsa di studio complessiva di 19.000\u20ac per ogni partecipante erogata mensilmente.<\/p>\n<p>\u00ab<em>Il Teatro della capitale<\/em>\u00a0\u2013 racconta la direttrice di \u201cFabbrica\u201d\u00a0<strong>Eleonora Pacetti<\/strong>\u00a0\u2013\u00a0<em>non aveva un\u2019iniziativa rivolta alla formazione dagli anni Trenta del secolo scorso, quando la Scuola di avviamento dell\u2019allora Teatro Reale dell\u2019Opera form\u00f2 grandi interpreti del passato quali Gobbi, Taddei, Silveri, Neri, Tajo. Era necessario rimediare. Mancava un programma di avviamento\u00a0<\/em><em>professionale in cui la finalit\u00e0 fosse la produzione artistica, l\u2019incontro col mondo dello spettacolo, lo scontro con le dure regole del mercato, in cui il punto di partenza fosse il lavoro quotidiano tra le mura del Teatro Costanzi accanto ai pi\u00f9 grandi artisti della scena contemporanea\u00bb.<\/em><\/p>\n<p>&nbsp;<\/p>\n<p>La sfida \u00e8 stata lanciata nel 2016 con la fondazione di \u201cFabbrica\u201d Young Artist Program. Tantissimi giovani da tutto il mondo hanno scelto Roma e l\u2019Italia come luogo per dare inizio alla propria carriera. Il Teatro dell\u2019Opera di Roma ha accolto oltre 40 talenti provenienti da Albania, Argentina, Brasile, Cile, Cina, Cuba Israele, Italia, Polonia, Portogallo, Russia, Spagna, Turchia, Ucraina, Ungheria. La scommessa iniziale \u00e8 quella di arrivare a un debutto importante sul palcoscenico del Teatro dell\u2019Opera di Roma, ma l\u2019auspicio \u00e8 che \u201cFabbrica\u201d sia trampolino per carriere internazionali, per un adeguato inserimento lavorativo. Cos\u00ec \u00e8 successo a Roberta Mantegna, soprano che ha gi\u00e0 calcato i palcoscenici dei maggiori teatri lirici italiani ed esteri, incluso quello della Scala di Milano; ai pianisti Alessandro Stefanelli e Ramon Theobald che sono entrati rispettivamente all\u2019Opera di Monaco di Baviera e Op\u00e9ra di Parigi; al regista Luis Ernesto Do\u00f1as che collabora stabilmente con il Teatro di Bergamo, lavora in sinergia tra l\u2019Italia e Cuba, il suo paese d\u2019origine, ed \u00e8 stato assistente alla regia e alla direzione di scena ne\u00a0<em>La boh\u00e8me<\/em>, film-opera firmato da Mario Martone per la direzione di Michele Mariotti trasmesso dalla RAI. Nel corso delle tre edizioni i cantanti sono stati coinvolti in moltissime produzioni in scena al Teatro dell\u2019Opera di Roma, sono stati protagonisti di quattro prime assolute al Teatro Nazionale di cui tre completamente affidate al team creativo di \u201cFabbrica\u201d:\u00a0<em>On\/Off<\/em>\u00a0di Sara Caneva,\u00a0<em>She<\/em>\u00a0di Maria Kallionp\u00e4\u00e4,\u00a0<em>Un romano a Marte<\/em>\u00a0di Vittorio Montalti,\u00a0<em>Acquaprofonda<\/em>\u00a0di Giovanni Sollima (Premio Abbiati per la didattica Filippo Siebaneck, 2022). La RAI ha trasmesso \u201cL\u2019Opera in Ambasciata a Roma e a Parigi\u201d, film-concerto girato a Palazzo Farnese per la regia di Giulia Randazzo.<\/p>\n<p>\u201cFabbrica\u201d \u00e8 la dimostrazione della vitalit\u00e0 della lirica italiana, grande veicolo di promozione del Paese e un formidabile strumento di attrazione dei giovani artisti da tutto il mondo.<\/p>\n<p>&nbsp;<\/p>\n<p><strong>Per informazioni:<\/strong><\/p>\n<p><a href=\"https:\/\/fondazioneteatrodelloperadirom.musvc2.net\/e\/t?q=7%3dSdIbQ%26G%3dA%26H%3dPVCV%26B%3dVIbUWG%26O5x6j%3d5O3JF_MZwm_Xj_LnxY_V3_MZwm_WoQJR.o5y71Cz6.xJ2MjLBHj.CG%269%3dvOFQlV.A03%26CF%3dYAbU&amp;mupckp=mupAtu4m8OiX0wt\" target=\"_blank\" rel=\"noopener\">https:\/\/www.fabbrica.operaroma.it<\/a>;\u00a0<a class=\"mailto-link\" href=\"mailto:fabbrica@operaroma.it\" target=\"_blank\" rel=\"noopener\">fabbrica@operaroma.it<\/a>;<\/p>\n<p>facebook.com\/fabbricayap; @fabbricayap_operaroma<\/p>\n<p><strong>Trailer:<\/strong><strong>\u00a0<\/strong><a href=\"https:\/\/fondazioneteatrodelloperadirom.musvc2.net\/e\/t?q=5%3dTYQZR%26B%3dI%26F%3dQQKT%26C%3dQQZVRO%26M3y1r%3d6JAHG_Hhun_Sr_Josg_T4_Hhun_RwQCKAM.z5_9sqp_I8voXX88Mlaup%266%3dAK0N1R.57H%2690%3dVPXO&amp;mupckp=mupAtu4m8OiX0wt\" target=\"_blank\" rel=\"noopener\">https:\/\/youtu.be\/XOG6jh6JCUY<\/a><\/p>\n<p><strong>I talenti delle precedenti edizioni si raccontano:<\/strong><strong>\u00a0<\/strong><a href=\"https:\/\/fondazioneteatrodelloperadirom.musvc2.net\/e\/t?q=7%3dAZOb9%26C%3dG%26H%3d8RIV%26t%3dRObCSM%26O5f2p%3dmK9Jx_IfwU_Tp_LVte_Vk_IfwU_SuStL9O.g6_7uXq_G0-vBguBa0jlj%26s%3dGzJA77.EtN%26nJ%3dIVCY&amp;mupckp=mupAtu4m8OiX0wt\" target=\"_blank\" rel=\"noopener\">https:\/\/youtu.be\/-qkRQ70uFgI<\/a><\/p>\n<p>&nbsp;<\/p>\n<p><strong>TEATRO DELL\u2019OPERA DI ROMA<\/strong><\/p>\n<p><strong>Cosimo Manicone<\/strong><\/p>\n<p>Ufficio Stampa<\/p>\n<p><a class=\"mailto-link\" href=\"mailto:cosimo.manicone@operaroma.it\" target=\"_blank\" rel=\"noopener\">cosimo.manicone@operaroma.it<\/a><\/p>\n<p><iframe loading=\"lazy\" title=\"TRAILER BANDI IV EDIZIONE &quot;FABBRICA&quot; YAP\" width=\"500\" height=\"281\" src=\"https:\/\/www.youtube.com\/embed\/XOG6jh6JCUY?feature=oembed\" frameborder=\"0\" allow=\"accelerometer; autoplay; clipboard-write; encrypted-media; gyroscope; picture-in-picture; web-share\" referrerpolicy=\"strict-origin-when-cross-origin\" allowfullscreen><\/iframe><\/p>\n<p><iframe loading=\"lazy\" title=\"NUOVI BANDI \u201cFABBRICA\u201d - NEW APPLICATIONS &quot;FABBRICA&quot;\" width=\"500\" height=\"281\" src=\"https:\/\/www.youtube.com\/embed\/-qkRQ70uFgI?feature=oembed\" frameborder=\"0\" allow=\"accelerometer; autoplay; clipboard-write; encrypted-media; gyroscope; picture-in-picture; web-share\" referrerpolicy=\"strict-origin-when-cross-origin\" allowfullscreen><\/iframe><\/p>\n<p><a href=\"http:\/\/www.ecoitaliano.com.ar\/wp-content\/uploads\/2022\/06\/Belle-Giulia_ph-Fabrizio-Sansoni-Opera-Roma-2021_7871.jpg\"><img decoding=\"async\" class=\"alignnone size-full wp-image-23769\" src=\"http:\/\/www.ecoitaliano.com.ar\/wp-content\/uploads\/2022\/06\/Belle-Giulia_ph-Fabrizio-Sansoni-Opera-Roma-2021_7871.jpg\" alt=\"\" width=\"1282\" height=\"1920\" srcset=\"https:\/\/www.ecoitaliano.com.ar\/wp-content\/uploads\/2022\/06\/Belle-Giulia_ph-Fabrizio-Sansoni-Opera-Roma-2021_7871.jpg 1282w, https:\/\/www.ecoitaliano.com.ar\/wp-content\/uploads\/2022\/06\/Belle-Giulia_ph-Fabrizio-Sansoni-Opera-Roma-2021_7871-200x300.jpg 200w, https:\/\/www.ecoitaliano.com.ar\/wp-content\/uploads\/2022\/06\/Belle-Giulia_ph-Fabrizio-Sansoni-Opera-Roma-2021_7871-768x1150.jpg 768w, https:\/\/www.ecoitaliano.com.ar\/wp-content\/uploads\/2022\/06\/Belle-Giulia_ph-Fabrizio-Sansoni-Opera-Roma-2021_7871-684x1024.jpg 684w, https:\/\/www.ecoitaliano.com.ar\/wp-content\/uploads\/2022\/06\/Belle-Giulia_ph-Fabrizio-Sansoni-Opera-Roma-2021_7871-100x150.jpg 100w\" sizes=\"(max-width: 1282px) 100vw, 1282px\" \/><\/a> <a href=\"http:\/\/www.ecoitaliano.com.ar\/wp-content\/uploads\/2022\/06\/Capoccia-Alessia_ph-Fabrizio-Sansoni-Opera-Roma-2021_0254.jpg\"><img decoding=\"async\" class=\"alignnone size-full wp-image-23770\" src=\"http:\/\/www.ecoitaliano.com.ar\/wp-content\/uploads\/2022\/06\/Capoccia-Alessia_ph-Fabrizio-Sansoni-Opera-Roma-2021_0254.jpg\" alt=\"\" width=\"1282\" height=\"1920\" srcset=\"https:\/\/www.ecoitaliano.com.ar\/wp-content\/uploads\/2022\/06\/Capoccia-Alessia_ph-Fabrizio-Sansoni-Opera-Roma-2021_0254.jpg 1282w, https:\/\/www.ecoitaliano.com.ar\/wp-content\/uploads\/2022\/06\/Capoccia-Alessia_ph-Fabrizio-Sansoni-Opera-Roma-2021_0254-200x300.jpg 200w, https:\/\/www.ecoitaliano.com.ar\/wp-content\/uploads\/2022\/06\/Capoccia-Alessia_ph-Fabrizio-Sansoni-Opera-Roma-2021_0254-768x1150.jpg 768w, https:\/\/www.ecoitaliano.com.ar\/wp-content\/uploads\/2022\/06\/Capoccia-Alessia_ph-Fabrizio-Sansoni-Opera-Roma-2021_0254-684x1024.jpg 684w, https:\/\/www.ecoitaliano.com.ar\/wp-content\/uploads\/2022\/06\/Capoccia-Alessia_ph-Fabrizio-Sansoni-Opera-Roma-2021_0254-100x150.jpg 100w\" sizes=\"(max-width: 1282px) 100vw, 1282px\" \/><\/a> <a href=\"http:\/\/www.ecoitaliano.com.ar\/wp-content\/uploads\/2022\/06\/Della-Morte-Alessandro_ph-Fabrizio-Sansoni-Opera-Roma-2021_1866.jpg\"><img decoding=\"async\" class=\"alignnone size-full wp-image-23771\" src=\"http:\/\/www.ecoitaliano.com.ar\/wp-content\/uploads\/2022\/06\/Della-Morte-Alessandro_ph-Fabrizio-Sansoni-Opera-Roma-2021_1866.jpg\" alt=\"\" width=\"1282\" height=\"1920\" srcset=\"https:\/\/www.ecoitaliano.com.ar\/wp-content\/uploads\/2022\/06\/Della-Morte-Alessandro_ph-Fabrizio-Sansoni-Opera-Roma-2021_1866.jpg 1282w, https:\/\/www.ecoitaliano.com.ar\/wp-content\/uploads\/2022\/06\/Della-Morte-Alessandro_ph-Fabrizio-Sansoni-Opera-Roma-2021_1866-200x300.jpg 200w, https:\/\/www.ecoitaliano.com.ar\/wp-content\/uploads\/2022\/06\/Della-Morte-Alessandro_ph-Fabrizio-Sansoni-Opera-Roma-2021_1866-768x1150.jpg 768w, https:\/\/www.ecoitaliano.com.ar\/wp-content\/uploads\/2022\/06\/Della-Morte-Alessandro_ph-Fabrizio-Sansoni-Opera-Roma-2021_1866-684x1024.jpg 684w, https:\/\/www.ecoitaliano.com.ar\/wp-content\/uploads\/2022\/06\/Della-Morte-Alessandro_ph-Fabrizio-Sansoni-Opera-Roma-2021_1866-100x150.jpg 100w\" sizes=\"(max-width: 1282px) 100vw, 1282px\" \/><\/a> <a href=\"http:\/\/www.ecoitaliano.com.ar\/wp-content\/uploads\/2022\/06\/Espinosa-Arturo_ph-Fabrizio-Sansoni-Opera-Roma-2021_7023.jpg\"><img decoding=\"async\" class=\"alignnone size-full wp-image-23772\" src=\"http:\/\/www.ecoitaliano.com.ar\/wp-content\/uploads\/2022\/06\/Espinosa-Arturo_ph-Fabrizio-Sansoni-Opera-Roma-2021_7023.jpg\" alt=\"\" width=\"1282\" height=\"1920\" srcset=\"https:\/\/www.ecoitaliano.com.ar\/wp-content\/uploads\/2022\/06\/Espinosa-Arturo_ph-Fabrizio-Sansoni-Opera-Roma-2021_7023.jpg 1282w, https:\/\/www.ecoitaliano.com.ar\/wp-content\/uploads\/2022\/06\/Espinosa-Arturo_ph-Fabrizio-Sansoni-Opera-Roma-2021_7023-200x300.jpg 200w, https:\/\/www.ecoitaliano.com.ar\/wp-content\/uploads\/2022\/06\/Espinosa-Arturo_ph-Fabrizio-Sansoni-Opera-Roma-2021_7023-768x1150.jpg 768w, https:\/\/www.ecoitaliano.com.ar\/wp-content\/uploads\/2022\/06\/Espinosa-Arturo_ph-Fabrizio-Sansoni-Opera-Roma-2021_7023-684x1024.jpg 684w, https:\/\/www.ecoitaliano.com.ar\/wp-content\/uploads\/2022\/06\/Espinosa-Arturo_ph-Fabrizio-Sansoni-Opera-Roma-2021_7023-100x150.jpg 100w\" sizes=\"(max-width: 1282px) 100vw, 1282px\" \/><\/a> <a href=\"http:\/\/www.ecoitaliano.com.ar\/wp-content\/uploads\/2022\/06\/Grochala-Agnieszka_ph-Fabrizio-Sansoni-Opera-Roma-2021_7345.jpg\"><img decoding=\"async\" class=\"alignnone size-full wp-image-23773\" src=\"http:\/\/www.ecoitaliano.com.ar\/wp-content\/uploads\/2022\/06\/Grochala-Agnieszka_ph-Fabrizio-Sansoni-Opera-Roma-2021_7345.jpg\" alt=\"\" width=\"1282\" height=\"1920\" srcset=\"https:\/\/www.ecoitaliano.com.ar\/wp-content\/uploads\/2022\/06\/Grochala-Agnieszka_ph-Fabrizio-Sansoni-Opera-Roma-2021_7345.jpg 1282w, https:\/\/www.ecoitaliano.com.ar\/wp-content\/uploads\/2022\/06\/Grochala-Agnieszka_ph-Fabrizio-Sansoni-Opera-Roma-2021_7345-200x300.jpg 200w, https:\/\/www.ecoitaliano.com.ar\/wp-content\/uploads\/2022\/06\/Grochala-Agnieszka_ph-Fabrizio-Sansoni-Opera-Roma-2021_7345-768x1150.jpg 768w, https:\/\/www.ecoitaliano.com.ar\/wp-content\/uploads\/2022\/06\/Grochala-Agnieszka_ph-Fabrizio-Sansoni-Opera-Roma-2021_7345-684x1024.jpg 684w, https:\/\/www.ecoitaliano.com.ar\/wp-content\/uploads\/2022\/06\/Grochala-Agnieszka_ph-Fabrizio-Sansoni-Opera-Roma-2021_7345-100x150.jpg 100w\" sizes=\"(max-width: 1282px) 100vw, 1282px\" \/><\/a> <a href=\"http:\/\/www.ecoitaliano.com.ar\/wp-content\/uploads\/2022\/06\/Gurina-Elena_ph-Fabrizio-Sansoni-Opera-Roma-2021_0088.jpg\"><img decoding=\"async\" class=\"alignnone size-full wp-image-23774\" src=\"http:\/\/www.ecoitaliano.com.ar\/wp-content\/uploads\/2022\/06\/Gurina-Elena_ph-Fabrizio-Sansoni-Opera-Roma-2021_0088.jpg\" alt=\"\" width=\"1282\" height=\"1920\" srcset=\"https:\/\/www.ecoitaliano.com.ar\/wp-content\/uploads\/2022\/06\/Gurina-Elena_ph-Fabrizio-Sansoni-Opera-Roma-2021_0088.jpg 1282w, https:\/\/www.ecoitaliano.com.ar\/wp-content\/uploads\/2022\/06\/Gurina-Elena_ph-Fabrizio-Sansoni-Opera-Roma-2021_0088-200x300.jpg 200w, https:\/\/www.ecoitaliano.com.ar\/wp-content\/uploads\/2022\/06\/Gurina-Elena_ph-Fabrizio-Sansoni-Opera-Roma-2021_0088-768x1150.jpg 768w, https:\/\/www.ecoitaliano.com.ar\/wp-content\/uploads\/2022\/06\/Gurina-Elena_ph-Fabrizio-Sansoni-Opera-Roma-2021_0088-684x1024.jpg 684w, https:\/\/www.ecoitaliano.com.ar\/wp-content\/uploads\/2022\/06\/Gurina-Elena_ph-Fabrizio-Sansoni-Opera-Roma-2021_0088-100x150.jpg 100w\" sizes=\"(max-width: 1282px) 100vw, 1282px\" \/><\/a> <a href=\"http:\/\/www.ecoitaliano.com.ar\/wp-content\/uploads\/2022\/06\/Mappa-Marianna_ph-Fabrizio-Sansoni-Opera-Roma-2021_1011.jpg\"><img decoding=\"async\" class=\"alignnone size-full wp-image-23775\" src=\"http:\/\/www.ecoitaliano.com.ar\/wp-content\/uploads\/2022\/06\/Mappa-Marianna_ph-Fabrizio-Sansoni-Opera-Roma-2021_1011.jpg\" alt=\"\" width=\"1282\" height=\"1920\" srcset=\"https:\/\/www.ecoitaliano.com.ar\/wp-content\/uploads\/2022\/06\/Mappa-Marianna_ph-Fabrizio-Sansoni-Opera-Roma-2021_1011.jpg 1282w, https:\/\/www.ecoitaliano.com.ar\/wp-content\/uploads\/2022\/06\/Mappa-Marianna_ph-Fabrizio-Sansoni-Opera-Roma-2021_1011-200x300.jpg 200w, https:\/\/www.ecoitaliano.com.ar\/wp-content\/uploads\/2022\/06\/Mappa-Marianna_ph-Fabrizio-Sansoni-Opera-Roma-2021_1011-768x1150.jpg 768w, https:\/\/www.ecoitaliano.com.ar\/wp-content\/uploads\/2022\/06\/Mappa-Marianna_ph-Fabrizio-Sansoni-Opera-Roma-2021_1011-684x1024.jpg 684w, https:\/\/www.ecoitaliano.com.ar\/wp-content\/uploads\/2022\/06\/Mappa-Marianna_ph-Fabrizio-Sansoni-Opera-Roma-2021_1011-100x150.jpg 100w\" sizes=\"(max-width: 1282px) 100vw, 1282px\" \/><\/a> <a href=\"http:\/\/www.ecoitaliano.com.ar\/wp-content\/uploads\/2022\/06\/Ortiz-Rodrigo_ph-Fabrizio-Sansoni-Opera-Roma-2021_1102.jpg\"><img decoding=\"async\" class=\"alignnone size-full wp-image-23776\" src=\"http:\/\/www.ecoitaliano.com.ar\/wp-content\/uploads\/2022\/06\/Ortiz-Rodrigo_ph-Fabrizio-Sansoni-Opera-Roma-2021_1102.jpg\" alt=\"\" width=\"1300\" height=\"1920\" srcset=\"https:\/\/www.ecoitaliano.com.ar\/wp-content\/uploads\/2022\/06\/Ortiz-Rodrigo_ph-Fabrizio-Sansoni-Opera-Roma-2021_1102.jpg 1300w, https:\/\/www.ecoitaliano.com.ar\/wp-content\/uploads\/2022\/06\/Ortiz-Rodrigo_ph-Fabrizio-Sansoni-Opera-Roma-2021_1102-203x300.jpg 203w, https:\/\/www.ecoitaliano.com.ar\/wp-content\/uploads\/2022\/06\/Ortiz-Rodrigo_ph-Fabrizio-Sansoni-Opera-Roma-2021_1102-768x1134.jpg 768w, https:\/\/www.ecoitaliano.com.ar\/wp-content\/uploads\/2022\/06\/Ortiz-Rodrigo_ph-Fabrizio-Sansoni-Opera-Roma-2021_1102-693x1024.jpg 693w, https:\/\/www.ecoitaliano.com.ar\/wp-content\/uploads\/2022\/06\/Ortiz-Rodrigo_ph-Fabrizio-Sansoni-Opera-Roma-2021_1102-102x150.jpg 102w\" sizes=\"(max-width: 1300px) 100vw, 1300px\" \/><\/a> <a href=\"http:\/\/www.ecoitaliano.com.ar\/wp-content\/uploads\/2022\/06\/Randazzo-Giulia_ph-Fabrizio-Sansoni-Opera-Roma-2021_7676.jpg\"><img decoding=\"async\" class=\"alignnone size-full wp-image-23777\" src=\"http:\/\/www.ecoitaliano.com.ar\/wp-content\/uploads\/2022\/06\/Randazzo-Giulia_ph-Fabrizio-Sansoni-Opera-Roma-2021_7676.jpg\" alt=\"\" width=\"1282\" height=\"1920\" srcset=\"https:\/\/www.ecoitaliano.com.ar\/wp-content\/uploads\/2022\/06\/Randazzo-Giulia_ph-Fabrizio-Sansoni-Opera-Roma-2021_7676.jpg 1282w, https:\/\/www.ecoitaliano.com.ar\/wp-content\/uploads\/2022\/06\/Randazzo-Giulia_ph-Fabrizio-Sansoni-Opera-Roma-2021_7676-200x300.jpg 200w, https:\/\/www.ecoitaliano.com.ar\/wp-content\/uploads\/2022\/06\/Randazzo-Giulia_ph-Fabrizio-Sansoni-Opera-Roma-2021_7676-768x1150.jpg 768w, https:\/\/www.ecoitaliano.com.ar\/wp-content\/uploads\/2022\/06\/Randazzo-Giulia_ph-Fabrizio-Sansoni-Opera-Roma-2021_7676-684x1024.jpg 684w, https:\/\/www.ecoitaliano.com.ar\/wp-content\/uploads\/2022\/06\/Randazzo-Giulia_ph-Fabrizio-Sansoni-Opera-Roma-2021_7676-100x150.jpg 100w\" sizes=\"(max-width: 1282px) 100vw, 1282px\" \/><\/a> <a href=\"http:\/\/www.ecoitaliano.com.ar\/wp-content\/uploads\/2022\/06\/Savignano-Irene_ph-Fabrizio-Sansoni-Opera-Roma-2021_2098.jpg\"><img decoding=\"async\" class=\"alignnone size-full wp-image-23778\" src=\"http:\/\/www.ecoitaliano.com.ar\/wp-content\/uploads\/2022\/06\/Savignano-Irene_ph-Fabrizio-Sansoni-Opera-Roma-2021_2098.jpg\" alt=\"\" width=\"1282\" height=\"1920\" srcset=\"https:\/\/www.ecoitaliano.com.ar\/wp-content\/uploads\/2022\/06\/Savignano-Irene_ph-Fabrizio-Sansoni-Opera-Roma-2021_2098.jpg 1282w, https:\/\/www.ecoitaliano.com.ar\/wp-content\/uploads\/2022\/06\/Savignano-Irene_ph-Fabrizio-Sansoni-Opera-Roma-2021_2098-200x300.jpg 200w, https:\/\/www.ecoitaliano.com.ar\/wp-content\/uploads\/2022\/06\/Savignano-Irene_ph-Fabrizio-Sansoni-Opera-Roma-2021_2098-768x1150.jpg 768w, https:\/\/www.ecoitaliano.com.ar\/wp-content\/uploads\/2022\/06\/Savignano-Irene_ph-Fabrizio-Sansoni-Opera-Roma-2021_2098-684x1024.jpg 684w, https:\/\/www.ecoitaliano.com.ar\/wp-content\/uploads\/2022\/06\/Savignano-Irene_ph-Fabrizio-Sansoni-Opera-Roma-2021_2098-100x150.jpg 100w\" sizes=\"(max-width: 1282px) 100vw, 1282px\" \/><\/a> <a href=\"http:\/\/www.ecoitaliano.com.ar\/wp-content\/uploads\/2022\/06\/Tagliabue-Gaia_ph-Fabrizio-Sansoni-Opera-Roma-2021_8064.jpg\"><img decoding=\"async\" class=\"alignnone size-full wp-image-23779\" src=\"http:\/\/www.ecoitaliano.com.ar\/wp-content\/uploads\/2022\/06\/Tagliabue-Gaia_ph-Fabrizio-Sansoni-Opera-Roma-2021_8064.jpg\" alt=\"\" width=\"1282\" height=\"1920\" srcset=\"https:\/\/www.ecoitaliano.com.ar\/wp-content\/uploads\/2022\/06\/Tagliabue-Gaia_ph-Fabrizio-Sansoni-Opera-Roma-2021_8064.jpg 1282w, https:\/\/www.ecoitaliano.com.ar\/wp-content\/uploads\/2022\/06\/Tagliabue-Gaia_ph-Fabrizio-Sansoni-Opera-Roma-2021_8064-200x300.jpg 200w, https:\/\/www.ecoitaliano.com.ar\/wp-content\/uploads\/2022\/06\/Tagliabue-Gaia_ph-Fabrizio-Sansoni-Opera-Roma-2021_8064-768x1150.jpg 768w, https:\/\/www.ecoitaliano.com.ar\/wp-content\/uploads\/2022\/06\/Tagliabue-Gaia_ph-Fabrizio-Sansoni-Opera-Roma-2021_8064-684x1024.jpg 684w, https:\/\/www.ecoitaliano.com.ar\/wp-content\/uploads\/2022\/06\/Tagliabue-Gaia_ph-Fabrizio-Sansoni-Opera-Roma-2021_8064-100x150.jpg 100w\" sizes=\"(max-width: 1282px) 100vw, 1282px\" \/><\/a><\/p>\n<p><a href=\"http:\/\/www.ecoitaliano.com.ar\/wp-content\/uploads\/2022\/06\/Fabbrica-III-ediz_ph-Fabrizio-Sansoni-Opera-di-Roma-2021_6059.jpg\"><img decoding=\"async\" class=\"alignnone size-full wp-image-23780\" src=\"http:\/\/www.ecoitaliano.com.ar\/wp-content\/uploads\/2022\/06\/Fabbrica-III-ediz_ph-Fabrizio-Sansoni-Opera-di-Roma-2021_6059.jpg\" alt=\"\" width=\"1618\" height=\"1080\" srcset=\"https:\/\/www.ecoitaliano.com.ar\/wp-content\/uploads\/2022\/06\/Fabbrica-III-ediz_ph-Fabrizio-Sansoni-Opera-di-Roma-2021_6059.jpg 1618w, https:\/\/www.ecoitaliano.com.ar\/wp-content\/uploads\/2022\/06\/Fabbrica-III-ediz_ph-Fabrizio-Sansoni-Opera-di-Roma-2021_6059-300x200.jpg 300w, https:\/\/www.ecoitaliano.com.ar\/wp-content\/uploads\/2022\/06\/Fabbrica-III-ediz_ph-Fabrizio-Sansoni-Opera-di-Roma-2021_6059-768x513.jpg 768w, https:\/\/www.ecoitaliano.com.ar\/wp-content\/uploads\/2022\/06\/Fabbrica-III-ediz_ph-Fabrizio-Sansoni-Opera-di-Roma-2021_6059-1024x684.jpg 1024w, https:\/\/www.ecoitaliano.com.ar\/wp-content\/uploads\/2022\/06\/Fabbrica-III-ediz_ph-Fabrizio-Sansoni-Opera-di-Roma-2021_6059-150x100.jpg 150w\" sizes=\"(max-width: 1618px) 100vw, 1618px\" \/><\/a><\/p>\n<p><strong>La direttrice Eleonora Pacetti con i talenti di\u00a0 \u00abFabbrica\u00bb Young Artist Program del Teatro dell&#8217;Opera di Roma<\/strong><\/p>\n<p><strong>Foto: Fabrizio Sansoni-Teatro dell&#8217;Opera di Roma<\/strong><\/p>\n<p><a href=\"http:\/\/www.ecoitaliano.com.ar\/wp-content\/uploads\/2022\/06\/51111a50cb0b42a6bcd886505ddbf941.jpg\"><img decoding=\"async\" class=\"alignnone size-full wp-image-23781\" src=\"http:\/\/www.ecoitaliano.com.ar\/wp-content\/uploads\/2022\/06\/51111a50cb0b42a6bcd886505ddbf941.jpg\" alt=\"\" width=\"300\" height=\"147\" srcset=\"https:\/\/www.ecoitaliano.com.ar\/wp-content\/uploads\/2022\/06\/51111a50cb0b42a6bcd886505ddbf941.jpg 300w, https:\/\/www.ecoitaliano.com.ar\/wp-content\/uploads\/2022\/06\/51111a50cb0b42a6bcd886505ddbf941-150x74.jpg 150w\" sizes=\"(max-width: 300px) 100vw, 300px\" \/><\/a><\/p>\n","protected":false},"excerpt":{"rendered":"<p>NUOVO BANDO \u201cFABBRICA\u201d YOUNG ARTIST PROGRAM GIOVANI TALENTI DA TUTTO IL MONDO ATTESI AL TEATRO DELL\u2019OPERA DI ROMA PER LA [&hellip;]<\/p>\n","protected":false},"author":1,"featured_media":0,"comment_status":"open","ping_status":"open","sticky":false,"template":"","format":"standard","meta":{"footnotes":""},"categories":[1],"tags":[],"class_list":["post-23768","post","type-post","status-publish","format-standard","hentry","category-sin-categoria"],"_links":{"self":[{"href":"https:\/\/www.ecoitaliano.com.ar\/index.php?rest_route=\/wp\/v2\/posts\/23768","targetHints":{"allow":["GET"]}}],"collection":[{"href":"https:\/\/www.ecoitaliano.com.ar\/index.php?rest_route=\/wp\/v2\/posts"}],"about":[{"href":"https:\/\/www.ecoitaliano.com.ar\/index.php?rest_route=\/wp\/v2\/types\/post"}],"author":[{"embeddable":true,"href":"https:\/\/www.ecoitaliano.com.ar\/index.php?rest_route=\/wp\/v2\/users\/1"}],"replies":[{"embeddable":true,"href":"https:\/\/www.ecoitaliano.com.ar\/index.php?rest_route=%2Fwp%2Fv2%2Fcomments&post=23768"}],"version-history":[{"count":0,"href":"https:\/\/www.ecoitaliano.com.ar\/index.php?rest_route=\/wp\/v2\/posts\/23768\/revisions"}],"wp:attachment":[{"href":"https:\/\/www.ecoitaliano.com.ar\/index.php?rest_route=%2Fwp%2Fv2%2Fmedia&parent=23768"}],"wp:term":[{"taxonomy":"category","embeddable":true,"href":"https:\/\/www.ecoitaliano.com.ar\/index.php?rest_route=%2Fwp%2Fv2%2Fcategories&post=23768"},{"taxonomy":"post_tag","embeddable":true,"href":"https:\/\/www.ecoitaliano.com.ar\/index.php?rest_route=%2Fwp%2Fv2%2Ftags&post=23768"}],"curies":[{"name":"wp","href":"https:\/\/api.w.org\/{rel}","templated":true}]}}