{"id":23797,"date":"2022-06-12T23:03:47","date_gmt":"2022-06-12T23:03:47","guid":{"rendered":"http:\/\/www.ecoitaliano.com.ar\/?p=23797"},"modified":"2022-06-12T23:03:47","modified_gmt":"2022-06-12T23:03:47","slug":"al-giornalista-ennio-bellucci-il-prestigioso-premio-nazionale-intitolato-a-maria-grazia-cutuli","status":"publish","type":"post","link":"https:\/\/www.ecoitaliano.com.ar\/?p=23797","title":{"rendered":"Al giornalista Ennio Bellucci  il prestigioso Premio Nazionale intitolato a \u00abMaria Grazia Cutuli\u00bb"},"content":{"rendered":"<div id='gallery-1' class='gallery galleryid-23797 gallery-columns-3 gallery-size-thumbnail'><figure class='gallery-item'>\n\t\t\t<div class='gallery-icon portrait'>\n\t\t\t\t<a href='https:\/\/www.ecoitaliano.com.ar\/?attachment_id=23798'><img decoding=\"async\" width=\"150\" height=\"150\" src=\"https:\/\/www.ecoitaliano.com.ar\/wp-content\/uploads\/2022\/06\/Ennio-Bellucci-150x150.jpg\" class=\"attachment-thumbnail size-thumbnail\" alt=\"\" \/><\/a>\n\t\t\t<\/div><\/figure><figure class='gallery-item'>\n\t\t\t<div class='gallery-icon landscape'>\n\t\t\t\t<a href='https:\/\/www.ecoitaliano.com.ar\/?attachment_id=23799'><img decoding=\"async\" width=\"150\" height=\"150\" src=\"https:\/\/www.ecoitaliano.com.ar\/wp-content\/uploads\/2022\/06\/David-Sassoli-150x150.jpg\" class=\"attachment-thumbnail size-thumbnail\" alt=\"\" aria-describedby=\"gallery-1-23799\" \/><\/a>\n\t\t\t<\/div>\n\t\t\t\t<figcaption class='wp-caption-text gallery-caption' id='gallery-1-23799'>\n\t\t\t\tInauguration Helmut KOHL Building in the European Parliament in Brussels\n\t\t\t\t<\/figcaption><\/figure>\n\t\t<\/div>\n\n<p>&nbsp;<\/p>\n<p><strong>Al giornalista Ennio Bellucci<\/strong><\/p>\n<p><strong>il prestigioso Premio Nazionale intitolato a \u00abMaria Grazia Cutuli\u00bb<\/strong><\/p>\n<p>&nbsp;<\/p>\n<p>&nbsp;<\/p>\n<p>&nbsp;<\/p>\n<p>Il 18 settembre prossimo si svolger\u00e0 a <strong>San Severo<\/strong> (Foggia) la XXI edizione del <strong>Premio Giornalistico Nazionale \u00abMaria Grazia Cutuli\u00bb<\/strong>. La manifestazione, organizzata dal <strong>Centro Culturale Internazionale \u00abLuigi Einaudi\u00bb<\/strong> presieduto dalla Prof.ssa <strong>Rosa Nicoletta Tomasone<\/strong>, \u00e8\u00a0da annoverare tra le pi\u00f9\u00a0importanti del nostro Paese e quest&#8217;anno ha scelto, come suo tema centrale, \u00ab<strong><em>Educare ed essere costruttori di Pace<\/em><\/strong>\u00ab.<\/p>\n<p>&nbsp;<\/p>\n<p>La Giuria, che vede la presenza del tre\u00a0volte <strong>candidato al Nobel per la Pace <\/strong>e per la Letteratura, prof. <strong>Hafez Haidar<\/strong>, Ambasciatore internazionale del Premio, e Presidente la stessa <strong>Tomasone<\/strong>, \u00e8 composta da <strong>Domenico Vasciarelli, Francesco Totaro, Ottavia Iarocci, Vincenzo Fantetti<\/strong>, <strong>Giorgiana Cristalli<\/strong> e dai Giornalisti gi\u00e0 premiati nelle precedenti edizioni, ha deciso, all&#8217;unanimit\u00e0, di assegnare il prestigioso riconoscimento al noto Giornalista <strong>ENNIO BELLUCCI,<\/strong> per tanti anni in RAI e ideatore del Premio Nazionale Pratola, \u201cper il Suo impegno ed il Suo alto profilo professionale, requisiti che sono le cifre del Premio\u201d.<\/p>\n<p>&nbsp;<\/p>\n<p>L&#8217;evento, con l&#8217;alto Patronato della Presidenza della Repubblica dal 2006 al 2010 ed ora con la Medaglia di rappresentanza del Presidente, si avvale del Patrocinio della Camera dei Deputati, della Regione Puglia, Regione Sicilia, Provincia di Foggia, Unesco, Unicef, della Citt\u00e0 di San Severo e di tutti i Comuni ospitanti la cerimonia di conferimento del Premio.<\/p>\n<p>&nbsp;<\/p>\n<p>Il Premio, che ha per motto \u00ab<strong>Per non dimenticare e per costruire la Pace<\/strong>\u00ab, ha come obiettivi la difesa dell&#8217;informazione quale condizione di libert\u00e0 e di democrazia, la difesa dei diritti sociali e della dignit\u00e0 della Persona, sapendo che ci\u00f2\u00a0\u00e8\u00a0possibile se c&#8217;\u00e8 la conoscenza di quanto accade intorno a noi. E tanti sono i Giornalisti che perlustrano le strade del mondo e descrivono quanto accade, anche a costo di privazioni e sofferenze, talvolta a costo della vita, come accaduto in questi ultimi tre mesi ad una trentina di giornalisti e reporter nel teatro di guerra dell\u2019<strong>Ucraina<\/strong>.<\/p>\n<p>&nbsp;<\/p>\n<p>Per i primi dieci anni il Premio, proprio per ricordare e onorare la memoria di <strong>Maria Grazia Cutuli<\/strong>, Giornalista del Corriere della Sera assassinata nel 2001 in <strong>Afghanistan<\/strong>, \u00e8\u00a0stato assegnato esclusivamente \u00aball&#8217;Inviato speciale\u00bb. Oggi riguarda i Giornalisti che hanno svolto e svolgono al meglio la loro professione, facendo conoscere la realt\u00e0 complessa in cui viviamo.<\/p>\n<p>&nbsp;<\/p>\n<p>L&#8217;Albo d&#8217;oro\u00a0del Premio, tra i numerosi\u00a0altri Giornalisti della carta stampata e della televisione, annovera in particolare: Aldo Forbice, Lilli Gruber, Monica Maggioni, Michele Santoro, Giovanna Botteri, Franco Di Mare, Lucia Annunziata, Lorenzo Cremonesi, Tiziana Ferrario, Ettore Mo, Alberto Negri, Lucia Goracci, Hafez Haidar, Francesco Giorgino, Paolo Di Giannantonio, Aldo Cazzullo, Goffredo Palmerini, Maria Cuffaro, Carmen Lasorella, Andrea Vianello.<\/p>\n<p>&nbsp;<\/p>\n<p>Nel 2021, ventesimo anniversario della sua istituzione, il Premio \u00e8\u00a0stato conferito a Sua Santit\u00e0 <strong>Papa Francesco<\/strong>. Per l&#8217;edizione 2022 il riconoscimento alla memoria andr\u00e0 a <strong>Davide Sassoli<\/strong>, Giornalista Rai e Presidente del Parlamento Europeo, scomparso l\u201911 gennaio 2022.<\/p>\n<p>&nbsp;<\/p>\n","protected":false},"excerpt":{"rendered":"<p>&nbsp; Al giornalista Ennio Bellucci il prestigioso Premio Nazionale intitolato a \u00abMaria Grazia Cutuli\u00bb &nbsp; &nbsp; &nbsp; Il 18 settembre [&hellip;]<\/p>\n","protected":false},"author":1,"featured_media":0,"comment_status":"open","ping_status":"open","sticky":false,"template":"","format":"standard","meta":{"footnotes":""},"categories":[2,10],"tags":[],"class_list":["post-23797","post","type-post","status-publish","format-standard","hentry","category-informacion","category-italiano"],"_links":{"self":[{"href":"https:\/\/www.ecoitaliano.com.ar\/index.php?rest_route=\/wp\/v2\/posts\/23797","targetHints":{"allow":["GET"]}}],"collection":[{"href":"https:\/\/www.ecoitaliano.com.ar\/index.php?rest_route=\/wp\/v2\/posts"}],"about":[{"href":"https:\/\/www.ecoitaliano.com.ar\/index.php?rest_route=\/wp\/v2\/types\/post"}],"author":[{"embeddable":true,"href":"https:\/\/www.ecoitaliano.com.ar\/index.php?rest_route=\/wp\/v2\/users\/1"}],"replies":[{"embeddable":true,"href":"https:\/\/www.ecoitaliano.com.ar\/index.php?rest_route=%2Fwp%2Fv2%2Fcomments&post=23797"}],"version-history":[{"count":0,"href":"https:\/\/www.ecoitaliano.com.ar\/index.php?rest_route=\/wp\/v2\/posts\/23797\/revisions"}],"wp:attachment":[{"href":"https:\/\/www.ecoitaliano.com.ar\/index.php?rest_route=%2Fwp%2Fv2%2Fmedia&parent=23797"}],"wp:term":[{"taxonomy":"category","embeddable":true,"href":"https:\/\/www.ecoitaliano.com.ar\/index.php?rest_route=%2Fwp%2Fv2%2Fcategories&post=23797"},{"taxonomy":"post_tag","embeddable":true,"href":"https:\/\/www.ecoitaliano.com.ar\/index.php?rest_route=%2Fwp%2Fv2%2Ftags&post=23797"}],"curies":[{"name":"wp","href":"https:\/\/api.w.org\/{rel}","templated":true}]}}