{"id":23821,"date":"2022-06-13T15:20:15","date_gmt":"2022-06-13T15:20:15","guid":{"rendered":"http:\/\/www.ecoitaliano.com.ar\/?p=23821"},"modified":"2022-06-13T15:20:44","modified_gmt":"2022-06-13T15:20:44","slug":"comunicato-stampa-formazione-contenuti-e-tecniche-per-rilanciare-la-propria-attivita-ingessata-dalla-crisi-e-cogliere-nuove-opportunita-in-un-happening-gratuito-organizzato-allaquila-un","status":"publish","type":"post","link":"https:\/\/www.ecoitaliano.com.ar\/?p=23821","title":{"rendered":"COMUNICATO STAMPA  FORMAZIONE  CONTENUTI E TECNICHE PER RILANCIARE LA PROPRIA ATTIVIT\u00c0 INGESSATA DALLA CRISI E COGLIERE NUOVE OPPORTUNIT\u00c0, IN UN HAPPENING GRATUITO ORGANIZZATO ALL\u2019AQUILA"},"content":{"rendered":"<p><a href=\"http:\/\/www.ecoitaliano.com.ar\/wp-content\/uploads\/2022\/06\/13-GIU_INVIO-EMAIL_HAPPENING.jpeg\"><img decoding=\"async\" class=\"alignnone size-full wp-image-23822\" src=\"http:\/\/www.ecoitaliano.com.ar\/wp-content\/uploads\/2022\/06\/13-GIU_INVIO-EMAIL_HAPPENING.jpeg\" alt=\"\" width=\"240\" height=\"255\" srcset=\"https:\/\/www.ecoitaliano.com.ar\/wp-content\/uploads\/2022\/06\/13-GIU_INVIO-EMAIL_HAPPENING.jpeg 240w, https:\/\/www.ecoitaliano.com.ar\/wp-content\/uploads\/2022\/06\/13-GIU_INVIO-EMAIL_HAPPENING-141x150.jpeg 141w\" sizes=\"(max-width: 240px) 100vw, 240px\" \/><\/a><\/p>\n<p>&nbsp;<\/p>\n<p class=\"western\"><span style=\"color: #000000;\"><span style=\"font-family: Helvetica, serif;\"><span style=\"font-size: small;\"><b>COMUNICATO STAMPA<\/b><\/span><\/span><\/span><\/p>\n<p class=\"western\" align=\"justify\"><span style=\"font-family: Calibri, serif;\"><span style=\"font-size: large;\"><b>FORMAZIONE<\/b><\/span><\/span><\/p>\n<p class=\"western\" align=\"justify\"><span style=\"font-family: Calibri, serif;\"><span style=\"font-size: large;\"><b>CONTENUTI E TECNICHE PER RILANCIARE LA PROPRIA ATTIVIT\u00c0 INGESSATA DALLA CRISI E COGLIERE NUOVE OPPORTUNIT\u00c0, IN UN HAPPENING GRATUITO ORGANIZZATO ALL\u2019AQUILA.<\/b><\/span><\/span><\/p>\n<p class=\"western\" align=\"justify\"><span style=\"font-family: Calibri, serif;\"><span style=\"font-size: large;\">Un incontro formativo gratuito per imprenditori, artigiani, commercianti e liberi professionisti per scoprire le leve invisibili del successo. Operazione inBusiness \u00e8 il progetto di rilancio delle attivit\u00e0 promosso da <\/span><\/span><span style=\"font-family: Calibri, serif;\"><span style=\"font-size: large;\"><b>Diventa Impresa<\/b><\/span><\/span><span style=\"font-family: Calibri, serif;\"><span style=\"font-size: large;\">, <\/span><\/span><span style=\"font-family: Calibri, serif;\"><span style=\"font-size: large;\"><b>One Group<\/b><\/span><\/span><span style=\"font-family: Calibri, serif;\"><span style=\"font-size: large;\"> e <\/span><\/span><span style=\"font-family: Calibri, serif;\"><span style=\"font-size: large;\"><b>Q110 Officina di Alta Formazione<\/b><\/span><\/span><span style=\"font-family: Calibri, serif;\"><span style=\"font-size: large;\">. <\/span><\/span><\/p>\n<p class=\"western\" align=\"justify\"><span style=\"font-family: Calibri, serif;\"><span style=\"font-size: large;\">Appuntamento all\u2019Aquila, il 16 giugno, nella Sala Meeting del Tecnopolo d\u2019Abruzzo, dalle 15.30 alle 19.00.<\/span><\/span><\/p>\n<p class=\"western\" align=\"justify\"><span style=\"font-family: Calibri, serif;\"><span style=\"font-size: large;\">Perch\u00e9 le attivit\u00e0 falliscono o stentano a crescere e non fanno profitti? \u00c8 solo colpa della crisi? Quanto \u00e8 dovuto, invece, ad un modello di imprenditoria che non funziona pi\u00f9? Queste le domande cui si dar\u00e0 una soluzione nel corso dell\u2019evento attraverso <\/span><\/span><span style=\"font-family: Calibri, serif;\"><span style=\"font-size: large;\"><u>una visione del tutto rinnovata e appassionata<\/u><\/span><\/span><span style=\"font-family: Calibri, serif;\"><span style=\"font-size: large;\"> dei temi cui ogni giorno ci si trova a combattere: Amministrazione e Finanza; Cultura manageriale, innovazione e sviluppo; Marketing e comunicazione; Innovazione e processi aziendali. L\u2019incontro sar\u00e0 animato da trainer di grande esperienza nel settore capaci di trasmettere conoscenze, principi, concetti, strumenti indispensabili per far funzionare e crescere la propria attivit\u00e0 professionale. Ai discenti verr\u00e0 rilasciato al termine un attestato di partecipazione.<\/span><\/span><\/p>\n<p class=\"western\" align=\"justify\"><span style=\"font-family: Calibri, serif;\"><span style=\"font-size: large;\">Interverranno: <\/span><\/span><span style=\"font-family: Calibri, serif;\"><span style=\"font-size: large;\"><b>Stefano Cianciotta<\/b><\/span><\/span><span style=\"font-family: Calibri, serif;\"><span style=\"font-size: large;\">, <\/span><\/span><span style=\"color: #333333;\"><span style=\"font-family: Calibri, serif;\"><span style=\"font-size: large;\">Docente di Crisis Management al Centro di Formazione e all\u2019Istituto di Alti Studi Strategici del Ministero della Difesa e presidente di Abruzzo Sviluppo e guida l\u2019Osservatorio Nazionale sulle Infrastrutture di Confassociazioni; <\/span><\/span><\/span><span style=\"color: #333333;\"><span style=\"font-family: Calibri, serif;\"><span style=\"font-size: large;\"><b>Giorgio Petrucci<\/b><\/span><\/span><\/span><span style=\"color: #333333;\"><span style=\"font-family: Calibri, serif;\"><span style=\"font-size: large;\">, Co-Founder di Diventa Impresa; <\/span><\/span><\/span><span style=\"color: #333333;\"><span style=\"font-family: Calibri, serif;\"><span style=\"font-size: large;\"><b>Francesca Pompa<\/b><\/span><\/span><\/span><span style=\"color: #333333;\"><span style=\"font-family: Calibri, serif;\"><span style=\"font-size: large;\">, fondatrice dell\u2019agenzia di marketing e comunicazione One Group e della scuola di alta formazione Q110; <\/span><\/span><\/span><span style=\"color: #333333;\"><span style=\"font-family: Calibri, serif;\"><span style=\"font-size: large;\"><b>Federico Masiero<\/b><\/span><\/span><\/span><span style=\"color: #333333;\"><span style=\"font-family: Calibri, serif;\"><span style=\"font-size: large;\">, dottore in Ingegneria dell\u2019informazione e partner di Google Workspace, AWS e Laravel, e per un saluto di benvenuto <\/span><\/span><\/span><span style=\"color: #333333;\"><span style=\"font-family: Calibri, serif;\"><span style=\"font-size: large;\"><b>Roberto Romanelli<\/b><\/span><\/span><\/span><span style=\"color: #333333;\"><span style=\"font-family: Calibri, serif;\"><span style=\"font-size: large;\">, Direttore del Tecnopolo d\u2019Abruzzo.<\/span><\/span><\/span><\/p>\n<p class=\"western\" align=\"justify\"><span style=\"font-family: Calibri, serif;\"><span style=\"font-size: large;\">L\u2019evento \u00e8 patrocinato da <\/span><\/span><span style=\"font-family: Calibri, serif;\"><span style=\"font-size: large;\"><b>Confindustria L\u2019Aquila- Abruzzo Interno<\/b><\/span><\/span><span style=\"font-family: Calibri, serif;\"><span style=\"font-size: large;\">.<\/span><\/span><\/p>\n","protected":false},"excerpt":{"rendered":"<p>&nbsp; COMUNICATO STAMPA FORMAZIONE CONTENUTI E TECNICHE PER RILANCIARE LA PROPRIA ATTIVIT\u00c0 INGESSATA DALLA CRISI E COGLIERE NUOVE OPPORTUNIT\u00c0, IN [&hellip;]<\/p>\n","protected":false},"author":1,"featured_media":0,"comment_status":"open","ping_status":"open","sticky":false,"template":"","format":"standard","meta":{"footnotes":""},"categories":[2,10],"tags":[],"class_list":["post-23821","post","type-post","status-publish","format-standard","hentry","category-informacion","category-italiano"],"_links":{"self":[{"href":"https:\/\/www.ecoitaliano.com.ar\/index.php?rest_route=\/wp\/v2\/posts\/23821","targetHints":{"allow":["GET"]}}],"collection":[{"href":"https:\/\/www.ecoitaliano.com.ar\/index.php?rest_route=\/wp\/v2\/posts"}],"about":[{"href":"https:\/\/www.ecoitaliano.com.ar\/index.php?rest_route=\/wp\/v2\/types\/post"}],"author":[{"embeddable":true,"href":"https:\/\/www.ecoitaliano.com.ar\/index.php?rest_route=\/wp\/v2\/users\/1"}],"replies":[{"embeddable":true,"href":"https:\/\/www.ecoitaliano.com.ar\/index.php?rest_route=%2Fwp%2Fv2%2Fcomments&post=23821"}],"version-history":[{"count":0,"href":"https:\/\/www.ecoitaliano.com.ar\/index.php?rest_route=\/wp\/v2\/posts\/23821\/revisions"}],"wp:attachment":[{"href":"https:\/\/www.ecoitaliano.com.ar\/index.php?rest_route=%2Fwp%2Fv2%2Fmedia&parent=23821"}],"wp:term":[{"taxonomy":"category","embeddable":true,"href":"https:\/\/www.ecoitaliano.com.ar\/index.php?rest_route=%2Fwp%2Fv2%2Fcategories&post=23821"},{"taxonomy":"post_tag","embeddable":true,"href":"https:\/\/www.ecoitaliano.com.ar\/index.php?rest_route=%2Fwp%2Fv2%2Ftags&post=23821"}],"curies":[{"name":"wp","href":"https:\/\/api.w.org\/{rel}","templated":true}]}}