{"id":23825,"date":"2022-06-13T20:56:13","date_gmt":"2022-06-13T20:56:13","guid":{"rendered":"http:\/\/www.ecoitaliano.com.ar\/?p=23825"},"modified":"2022-06-13T20:56:13","modified_gmt":"2022-06-13T20:56:13","slug":"eccidio-di-filetto-riconciliazione-anche-sugli-auspici-del-presidente-tedesco-steinmeier-e-dal-cardinale-di-monaco-r-marx","status":"publish","type":"post","link":"https:\/\/www.ecoitaliano.com.ar\/?p=23825","title":{"rendered":"Eccidio di Filetto &#8211; riconciliazione anche sugli auspici del presidente tedesco Steinmeier e dal cardinale di Monaco R. Marx"},"content":{"rendered":"<div id='gallery-1' class='gallery galleryid-23825 gallery-columns-3 gallery-size-thumbnail'><figure class='gallery-item'>\n\t\t\t<div class='gallery-icon landscape'>\n\t\t\t\t<a href='https:\/\/www.ecoitaliano.com.ar\/?attachment_id=23826'><img decoding=\"async\" width=\"150\" height=\"150\" src=\"https:\/\/www.ecoitaliano.com.ar\/wp-content\/uploads\/2022\/06\/filetto-foto-1-150x150.jpg\" class=\"attachment-thumbnail size-thumbnail\" alt=\"\" \/><\/a>\n\t\t\t<\/div><\/figure><figure class='gallery-item'>\n\t\t\t<div class='gallery-icon portrait'>\n\t\t\t\t<a href='https:\/\/www.ecoitaliano.com.ar\/?attachment_id=23827'><img decoding=\"async\" width=\"150\" height=\"150\" src=\"https:\/\/www.ecoitaliano.com.ar\/wp-content\/uploads\/2022\/06\/filetto-foto-2-150x150.jpg\" class=\"attachment-thumbnail size-thumbnail\" alt=\"\" \/><\/a>\n\t\t\t<\/div><\/figure><figure class='gallery-item'>\n\t\t\t<div class='gallery-icon portrait'>\n\t\t\t\t<a href='https:\/\/www.ecoitaliano.com.ar\/?attachment_id=23828'><img decoding=\"async\" width=\"150\" height=\"150\" src=\"https:\/\/www.ecoitaliano.com.ar\/wp-content\/uploads\/2022\/06\/filetto-foto-3-150x150.jpg\" class=\"attachment-thumbnail size-thumbnail\" alt=\"\" \/><\/a>\n\t\t\t<\/div><\/figure>\n\t\t<\/div>\n\n<p>&nbsp;<\/p>\n<p>&nbsp;<\/p>\n<p class=\"western\" align=\"center\"><span style=\"font-family: Cambria, serif;\"><span style=\"font-size: x-large;\"><b>Riconciliazione a Filetto (L\u2019Aquila), con gli auspici del<\/b><\/span><\/span><\/p>\n<p class=\"western\" align=\"center\"><span style=\"font-family: Cambria, serif;\"><span style=\"font-size: x-large;\"><b>Presidente tedesco <\/b><\/span><\/span><b><span style=\"font-family: Cambria, serif;\"><span style=\"font-size: x-large;\">Steinmeier<\/span><\/span><\/b><span style=\"font-family: Cambria, serif;\"><span style=\"font-size: x-large;\"><b> e del cardinale Marx<\/b><\/span><\/span><\/p>\n<p class=\"western\" align=\"center\"><span style=\"font-family: Cambria, serif;\">di <\/span><span style=\"font-family: Cambria, serif;\"><b>Antonio Bini<\/b><\/span><\/p>\n<h1 class=\"western\" align=\"justify\"><a name=\"_Hlk105704053\"><\/a><a name=\"_Hlk105827918\"><\/a><a name=\"_Hlk106017761\"><\/a><a name=\"_Hlk105769715\"><\/a> <span style=\"font-family: Cambria, serif;\"><span style=\"font-size: small;\">L\u2019AQUILA &#8211; La piccola comunit\u00e0 abruzzese di <\/span><\/span><span style=\"font-family: Cambria, serif;\"><span style=\"font-size: small;\">Filetto<\/span><\/span><span style=\"font-family: Cambria, serif;\"><span style=\"font-size: small;\">, frazione del comune dell\u2019Aquila, ha accolto <\/span><\/span><span style=\"font-family: Cambria, serif;\"><span style=\"font-size: small;\">Rainer Schnitzer<\/span><\/span><span style=\"font-family: Cambria, serif;\"><span style=\"font-size: small;\">, borgomastro di <\/span><\/span><span style=\"font-family: Cambria, serif;\"><span style=\"font-size: small;\">P\u00f6cking<\/span><\/span><span style=\"font-family: Cambria, serif;\"><span style=\"font-size: small;\">,<\/span><\/span><span style=\"font-family: Cambria, serif;\"><span style=\"font-size: small;\"> giunto in Abruzzo per partecipare alla commemorazione di 17 civili uccisi per rappresaglia il <\/span><\/span><span style=\"font-family: Cambria, serif;\"><span style=\"font-size: small;\">7 giugno 1944<\/span><\/span><span style=\"font-family: Cambria, serif;\"><span style=\"font-size: small;\">, dopo l\u2019uccisione di un tedesco nel corso di uno scontro a fuoco con un gruppo di partigiani della banda \u201cGiovanni Di Vincenzo\u201d. Accompagnava Schnitzer una qualificata delegazione, comprensiva di <\/span><\/span><span style=\"font-family: Cambria, serif;\"><span style=\"font-size: small;\">Wolfram Staufenberg<\/span><\/span><span style=\"font-family: Cambria, serif;\"><span style=\"font-size: small;\"> e <\/span><\/span><span style=\"font-family: Cambria, serif;\"><span style=\"font-size: small;\">Albert Luppart<\/span><\/span><span style=\"font-family: Cambria, serif;\"><span style=\"font-size: small;\">, rispettivamente, secondo e terzo sindaco della cittadina bavarese.<\/span><\/span><\/h1>\n<h1 class=\"western\" align=\"justify\"><\/h1>\n<h1 class=\"western\" align=\"justify\"><span style=\"font-family: Cambria, serif;\"><span style=\"font-size: small;\">Quella di <\/span><\/span><span style=\"font-family: Cambria, serif;\"><span style=\"font-size: small;\">Filetto<\/span><\/span><span style=\"font-family: Cambria, serif;\"><span style=\"font-size: small;\"> \u00e8 una vicenda intricata che racchiude molteplici aspetti umani e storici. Il dramma \u00e8 stato sempre vissuto intensamente dalla piccola comunit\u00e0, che soffr\u00ec anche la devastazione, l\u2019incendio di molte case, razzie e furti. Ci vollero due giorni per spegnere l\u2019incendio del povero paese di montagna, a 1.070 m. di altezza, situato a 18 km da <\/span><\/span><span style=\"font-family: Cambria, serif;\"><span style=\"font-size: small;\">L\u2019Aquila,<\/span><\/span><span style=\"font-family: Cambria, serif;\"><span style=\"font-size: small;\"> che allora contava 650 abitanti, in genere pastori e contadini. Molti per sopravvivere alla miseria emigrarono. Oggi sono rimaste poco pi\u00f9 di cento persone, inevitabilmente legate a quei morti. <\/span><\/span><\/h1>\n<h1 class=\"western\" align=\"justify\"><\/h1>\n<h1 class=\"western\" align=\"justify\"><span style=\"font-family: Cambria, serif;\"><span style=\"font-size: small;\">Il paese si sent\u00ec estraneo all\u2019uccisione del militare tedesco perch\u00e9 non avvenuto per mano di uno della comunit\u00e0 che fino ad allora aveva stabilito buoni rapporti con tedeschi che vivevano a <\/span><\/span><span style=\"font-family: Cambria, serif;\"><span style=\"font-size: small;\">Filetto<\/span><\/span><span style=\"font-family: Cambria, serif;\"><span style=\"font-size: small;\">, tanto che viene tuttora ricordato come uno di loro il maresciallo <\/span><\/span><span style=\"font-family: Cambria, serif;\"><span style=\"font-size: small;\">Hermann<\/span><\/span> <span style=\"font-family: Cambria, serif;\"><span style=\"font-size: small;\">Schafer<\/span><\/span><span style=\"font-family: Cambria, serif;\"><span style=\"font-size: small;\">, responsabile del presidio che, nel tentativo di fermare l\u2019inizio della rappresaglia, venne ucciso da un commilitone, tra quelli giunti in forze da <\/span><\/span><span style=\"font-family: Cambria, serif;\"><span style=\"font-size: small;\">Paganica<\/span><\/span><span style=\"font-family: Cambria, serif;\"><span style=\"font-size: small;\"> e altri centri. Peraltro, precedentemente non erano mancati gravi episodi. Tra questi si segnala l\u2019uccisione a freddo, nel novembre 1943, di un pastore quindicenne al pascolo nei pressi del paese. <\/span><\/span><\/h1>\n<h1 class=\"western\" align=\"justify\"><\/h1>\n<h1 class=\"western\" align=\"justify\"><a name=\"_Hlk105664093\"><\/a> <span style=\"font-family: Cambria, serif;\"><span style=\"font-size: small;\">Nel 1969 la storia dell\u2019eccidio riemerse improvvisamente dall\u2019oblio per effetto di un articolo pubblicato dal settimanale <\/span><\/span><span style=\"font-family: Cambria, serif;\"><span style=\"font-size: small;\"><i>Der Spiegel<\/i><\/span><\/span><span style=\"font-family: Cambria, serif;\"><span style=\"font-size: small;\"> del 7 luglio 1969 dal titolo \u201cCrimini di guerra. Il vescovo Defregger. Piombo teutonico\u201d, che metteva in evidenza il passato del capitano <\/span><\/span><span style=\"font-family: Cambria, serif;\"><span style=\"font-size: small;\">Matthias Defregger<\/span><\/span><span style=\"font-family: Cambria, serif;\"><span style=\"font-size: small;\"> &#8211; presentato come criminale &#8211; che dopo il ritorno in Germania entr\u00f2 in seminario per diventare sacerdote nel 1949. Una scelta conseguente al tormento seguito alle vicende della guerra e di quella strage. La consacrazione a vescovo e quindi a vicario dell\u2019arcivescovo di Monaco di Baviera, cardinale <\/span><\/span><span style=\"font-family: Cambria, serif;\"><span style=\"font-size: small;\">Julius <\/span><\/span><span style=\"font-family: Cambria, serif;\"><span style=\"font-size: small;\">D\u00f6pfner<\/span><\/span><span style=\"font-family: Cambria, serif;\"><span style=\"font-size: small;\">, suo sostenitore,\u00a0trasform\u00f2 mons. Matthias Defregger in un bersaglio dei media. <\/span><\/span><\/h1>\n<h1 class=\"western\" align=\"justify\"><\/h1>\n<h1 class=\"western\" align=\"justify\"><span style=\"font-family: Cambria, serif;\"><span style=\"font-size: small;\">Del paese abruzzese, in realt\u00e0, interessava molto meno. La lettura della stampa dell\u2019epoca e del saggio \u201c<\/span><\/span><span style=\"font-family: Cambria, serif;\"><span style=\"font-size: small;\"><i>Morte a Filetto<\/i><\/span><\/span><span style=\"font-family: Cambria, serif;\"><span style=\"font-size: small;\">\u201d, ed. Mursia, Milano, 1970, curato dal <\/span><\/span><span style=\"font-family: Cambria, serif;\"><span style=\"font-size: small;\">Aldo Rasero<\/span><\/span><span style=\"font-family: Cambria, serif;\"><span style=\"font-size: small;\">, maggiore degli alpini e comandante partigiano nell\u2019area, si percepisce una strumentalizzazione dell\u2019eccidio contro la chiesa tedesca. <\/span><\/span><span style=\"font-family: Cambria, serif;\"><span style=\"font-size: small;\">Se fosse rimasto un semplice sacerdote forse non si sarebbe pi\u00f9 parlato dell\u2019ex capitano e di <\/span><\/span><span style=\"font-family: Cambria, serif;\"><span style=\"font-size: small;\">Filetto<\/span><\/span><span style=\"font-family: Cambria, serif;\"><span style=\"font-size: small;\">.<\/span><\/span><\/h1>\n<h1 class=\"western\" align=\"justify\"><\/h1>\n<h1 class=\"western\" align=\"justify\"><span style=\"font-family: Cambria, serif;\"><span style=\"font-size: small;\">Non \u00e8 questa la sede per andare oltre ad un accenno a quelle vicende, ma \u00e8 opportuno segnalare come da fonti tedesche riprese nell\u2019autorevole saggio di <\/span><\/span><span style=\"font-family: Cambria, serif;\"><span style=\"font-size: small;\">Costantino Felice<\/span><\/span><span style=\"font-family: Cambria, serif;\"><span style=\"font-size: small;\">, \u201cDalla Maiella alle Alpi: guerra e resistenza in Abruzzo\u201d, ed. Donzelli, Roma, 2014, l\u2019ordine del maggiore, poi generale, <\/span><\/span><span style=\"font-family: Cambria, serif;\"><span style=\"font-size: small;\">Hans Boelsen<\/span><\/span><span style=\"font-family: Cambria, serif;\"><span style=\"font-size: small;\"> a Defregger di \u201cincendiare il paese e fucilare tutti gli abitanti maschi\u201d, venne rifiutato, tanto da essere stato minacciato di morte. A quel punto la sorte dei filettesi era segnata. Segu\u00ec un ordine ufficiale, che Defregger deleg\u00f2 al sottotenente <\/span><\/span><span style=\"font-family: Cambria, serif;\"><span style=\"font-size: small;\">Paul Ehlert<\/span><\/span><span style=\"font-family: Cambria, serif;\"><span style=\"font-size: small;\">, il quale avrebbe a sua volta delegato un caporal maggiore, rimasto anonimo, che mise in atto la strage. <\/span><\/span><\/h1>\n<h1 class=\"western\" align=\"justify\"><\/h1>\n<h1 class=\"western\" align=\"justify\"><span style=\"font-family: Cambria, serif;\"><span style=\"font-size: small;\">Pare che Defregger, che non era presente, abbia cercato di ridurre il numero delle vittime rispetto allo sterminio voluto da <\/span><\/span><span style=\"font-family: Cambria, serif;\"><span style=\"font-size: small;\">Hans Boelsen<\/span><\/span><span style=\"font-family: Cambria, serif;\"><span style=\"font-size: small;\">, primo responsabile della strage, che si ripet\u00e9 solo quattro giorni dopo, ordinando un massacro nella vicina frazione di <\/span><\/span><span style=\"font-family: Cambria, serif;\"><span style=\"font-size: small;\">Onna<\/span><\/span><span style=\"font-family: Cambria, serif;\"><span style=\"font-size: small;\">. Una vicenda dimenticata che riemerse solo dopo il terremoto del 2009 che sconvolse la piccola frazione, provocando morti e distruzioni, che non lasciarono indifferente la Germania. Il sanguinario Boelsen il 22 giugno 1944 si macchi\u00f2 anche della strage di <\/span><\/span><span style=\"font-family: Cambria, serif;\"><span style=\"font-size: small;\">Gubbio<\/span><\/span><span style=\"font-family: Cambria, serif;\"><span style=\"font-size: small;\">, dove furono assassinati 40 civili. <\/span><\/span><span style=\"font-family: Cambria, serif;\"><span style=\"font-size: small;\"><i>Der Spiegel<\/i><\/span><\/span><span style=\"font-family: Cambria, serif;\"><span style=\"font-size: small;\"> e altri media ignorarono il ruolo determinante di Boelsen, deceduto nel 1960.<\/span><\/span><\/h1>\n<h1 class=\"western\" align=\"justify\"><\/h1>\n<h1 class=\"western\" align=\"justify\"><span style=\"font-family: Cambria, serif;\"><span style=\"font-size: small;\">I media si occuparono di quel tragico eccidio avvenuto in quel \u201cpaesetto montano\u201d (Der Spiegel), con molti giornalisti che cercarono invano di intervistare mons. Defregger e lo stesso card. <\/span><\/span><span style=\"font-family: Cambria, serif;\"><span style=\"font-size: small;\">D\u00f6pfner. Una cortina di silenzio si innalz\u00f2 da parte della chiesa bavarese. Solo qualche dichiarazione si riusc\u00ec a strappare a Defregger pressato da giornalisti e tv che parl\u00f2 di quella drammatica vicenda come di \u201c<\/span><\/span><span style=\"font-family: Cambria, serif;\"><span style=\"font-size: small;\">un terribile peso per la sua anima\u201d. La consegna del silenzio si estese addirittura dalla chiesa bavarese a quella aquilana. Tanto si evince dall\u2019articolo di <\/span><\/span><span style=\"font-family: Cambria, serif;\"><span style=\"font-size: small;\">Gian Franco Ven\u00e9<\/span><\/span><span style=\"font-family: Cambria, serif;\"><span style=\"font-size: small;\"> pubblicato su L\u2019Europeo del 14 agosto 1969. Il giornalista incontr\u00f2 il parroco di Filetto, <\/span><\/span><span style=\"font-family: Cambria, serif;\"><span style=\"font-size: small;\">don Demetrio Gianfranceschi<\/span><\/span><span style=\"font-family: Cambria, serif;\"><span style=\"font-size: small;\">, che chiar\u00ec: \u201c<\/span><\/span><span style=\"font-family: Cambria, serif;\"><span style=\"font-size: small;\"><i>Il mio vescovo mi ha chiesto il silenzio<\/i><\/span><\/span><span style=\"font-family: Cambria, serif;\"><span style=\"font-size: small;\">\u201d. <\/span><\/span><\/h1>\n<h1 class=\"western\" align=\"justify\"><\/h1>\n<h1 class=\"western\" align=\"justify\"><span style=\"font-family: Cambria, serif;\"><span style=\"font-size: small;\">Si sapr\u00e0 invece che il parroco era impegnato affinch\u00e9 tra i filettesi emergesse il desiderio della riconciliazione. Ricevette anche la toccante lettera di <\/span><\/span><span style=\"font-family: Cambria, serif;\"><span style=\"font-size: small;\">Berta Schreiner<\/span><\/span><span style=\"font-family: Cambria, serif;\"><span style=\"font-size: small;\">, vedova del sergente rimasto ucciso, che a 25 anni dopo la morte del marito Adolf, insieme ai figli, Rudolf, Manfred e Hans, scrisse di perdonare chi aveva colpito a morte il marito. Don Demetrio si rec\u00f2 anche a Monaco insieme ad alcuni parenti delle vittime per incontrare lo stesso Defregger che aveva gi\u00e0 dato la sua disponibilit\u00e0 a dimettersi da vescovo. La scelta del silenzio in ambito pubblico fu da ritenere inopportuna, tanto per i familiari dei civili morti che per l\u2019immagine della chiesa bavarese e per lo stesso Defregger. I filettesi non intesero concedere alcun perdono senza un segno di pentimento, senza una richiesta di perdono e una parola di piet\u00e0 per i morti. <\/span><\/span><\/h1>\n<h1 class=\"western\" align=\"justify\"><\/h1>\n<h1 class=\"western\" align=\"justify\"><span style=\"font-family: Cambria, serif;\"><span style=\"font-size: small;\">Anche in quelle settimane, in cui la vicenda era all\u2019attenzione dei media internazionali e poi durante la lavorazione del film \u201c<\/span><\/span><span style=\"font-family: Cambria, serif;\"><span style=\"font-size: small;\"><i>Quel giorno Dio non c\u2019era<\/i><\/span><\/span><span style=\"font-family: Cambria, serif;\"><span style=\"font-size: small;\">\u201d (Der Tag, an dem Gott nicht da war), di <\/span><\/span><span style=\"font-family: Cambria, serif;\"><span style=\"font-size: small;\">Osvaldo Civirani<\/span><\/span><span style=\"font-family: Cambria, serif;\"><span style=\"font-size: small;\">, l<\/span><\/span><span style=\"font-family: Cambria, serif;\"><span style=\"font-size: small;\">a piccola comunit\u00e0 rimase dignitosamente chiusa nel suo dolore, non desiderando alcuna notoriet\u00e0 per quella tragedia.<\/span><\/span><\/h1>\n<h1 class=\"western\" align=\"justify\"><\/h1>\n<h1 class=\"western\" align=\"justify\"><span style=\"font-family: Cambria, serif;\"><span style=\"font-size: small;\">Dopo la morte di Defregger, avvenuta nel 1995, il comune di <\/span><\/span><span style=\"font-family: Cambria, serif;\"><span style=\"font-size: small;\">P\u00f6cking<\/span><\/span><span style=\"font-family: Cambria, serif;\"><span style=\"font-size: small;\">, cittadina di 5600 abitanti <\/span><\/span><span style=\"font-family: Cambria, serif;\"><span style=\"font-size: small;\">sul lago di Starnberg, <\/span><\/span><span style=\"font-family: Cambria, serif;\"><span style=\"font-size: small;\">dove l\u2019ex capitano visse appartato in una propriet\u00e0 di famiglia, decise di dedicargli una piccola strada vicina al cimitero per ricordare il religioso che era stato rispettato e stimato dalla popolazione. Lo scorso anno la storica <\/span><\/span><span style=\"font-family: Cambria, serif;\"><span style=\"font-size: small;\">Marita Krauss,<\/span><\/span><span style=\"font-family: Cambria, serif;\"><span style=\"font-size: small;\"> scrivendo un saggio sulla storia della cittadina segnal\u00f2 al sindaco come quella denominazione fosse discutibile per il controverso passato del vescovo. Da qui la decisione del sindaco di avviare contatti con <\/span><\/span><span style=\"font-family: Cambria, serif;\"><span style=\"font-size: small;\">Giovanni Altobelli<\/span><\/span><span style=\"font-family: Cambria, serif;\"><span style=\"font-size: small;\"> e con il <\/span><\/span><span style=\"font-family: Cambria, serif;\"><span style=\"font-size: small;\">prof. Domenico Cupillari<\/span><\/span><span style=\"font-family: Cambria, serif;\"><span style=\"font-size: small;\">, presidente del Centro Sociale per Anziani di Filetto per sondare la possibilit\u00e0 di vedere accolta una delegazione guidata dallo stesso borgomastro<\/span><\/span><b><span style=\"font-family: Cambria, serif;\"><span style=\"font-size: small;\"> in occasione della commemorazione del 7 giugno. Il prof. Cupillari, promosse un\u2019assemblea che valut\u00f2 positivamente la richiesta.<\/span><\/span><\/b><\/h1>\n<h1 class=\"western\" align=\"justify\"><\/h1>\n<h1 class=\"western\" align=\"justify\"><b><span style=\"font-family: Cambria, serif;\"><span style=\"font-size: small;\">L\u2019anniversario \u00e8 stato quindi celebrato insieme alla rappresentanza tedesca, <\/span><\/span><\/b><span style=\"font-family: Cambria, serif;\"><span style=\"font-size: small;\">con la partecipazione della sezione alpini di Camarda, dalla delegazione dell\u2019ANPI dell\u2019Aquila e del consigliere Leonardo Scimia, su delega del sindaco dell\u2019Aquila. La celebrazione della messa \u00e8 stata presieduta da <\/span><\/span><span style=\"font-family: Cambria, serif;\"><span style=\"font-size: small;\">don Domenico Marcocci<\/span><\/span><span style=\"font-family: Cambria, serif;\"><span style=\"font-size: small;\">, nativo di Filetto. Nella sua omelia ha sottolineato i valori universali della pace e del perdono, facendo notare ai presenti che il calice con cui celebrava messa era stato donato dalla Arcidiocesi di Monaco. A seguire si \u00e8 formato un corteo verso il cimitero preceduto dagli alpini che ha poi sostato davanti al modesto monumento che ricorda l\u2019eccidio, realizzato grazie ai denari inviati dagli emigrati in America. <\/span><\/span><\/h1>\n<h1 class=\"western\" align=\"justify\"><\/h1>\n<h1 class=\"western\" align=\"justify\"><a name=\"_Hlk106018143\"><\/a> <span style=\"font-family: Cambria, serif;\"><span style=\"font-size: small;\">Dopo le note del silenzio, il sindaco <\/span><\/span><span style=\"font-family: Cambria, serif;\"><span style=\"font-size: small;\">Rainer Schnitzer<\/span><\/span><span style=\"font-family: Cambria, serif;\"><span style=\"font-size: small;\"> ha deposto una corona d\u2019alloro, con il picchetto di due carabinieri, per poi salutare i presenti, spiegando che da bambino era stato chierichetto di mons. Defragger e che a distanza di anni ha capito che l\u2019ex capitano non si era mai recato a Filetto, n\u00e9 aveva chiesto perdono. Con voce commossa ha detto: \u201c<\/span><\/span><span style=\"font-family: Cambria, serif;\"><span style=\"font-size: small;\"><i>Questo gesto lo vogliamo recuperare oggi. Siamo qui per commemorare e onorare le vittime<\/i><\/span><\/span><span style=\"font-family: Cambria, serif;\"><span style=\"font-size: small;\">\u201d. Un gesto sentito, accompagnato dagli applausi e seguito dalla lettura dei messaggi del presidente della Repubblica federale tedesca e del cardinale di Monaco di Baviera, diretti al sindaco di <\/span><\/span><span style=\"font-family: Cambria, serif;\"><span style=\"font-size: small;\">P\u00f6cking e<\/span><\/span><span style=\"font-family: Cambria, serif;\"><span style=\"font-size: small;\"> alla comunit\u00e0 di Filetto, letti in italiano dalla prof.ssa <\/span><\/span><span style=\"font-family: Cambria, serif;\"><span style=\"font-size: small;\">Monika Hutmacher<\/span><\/span><span style=\"font-family: Cambria, serif;\"><span style=\"font-size: small;\"> e dalla giornalista <\/span><\/span><span style=\"font-family: Cambria, serif;\"><span style=\"font-size: small;\">Sandra Sedlmaier.<\/span><\/span><\/h1>\n<h1 class=\"western\" align=\"justify\"><\/h1>\n<h1 class=\"western\" align=\"justify\"><span style=\"font-family: Cambria, serif;\"><span style=\"font-size: small;\">Al termine della lettura il sindaco ha ricevuto l\u2019abbraccio del giovane segretario dell\u2019ANPI <\/span><\/span><span style=\"font-family: Cambria, serif;\"><span style=\"font-size: small;\">Tommaso Cotellessa<\/span><\/span><span style=\"font-family: Cambria, serif;\"><span style=\"font-size: small;\"> che gli ha donato il suo fazzoletto tricolore. A seguire il pranzo preparato dalle donne e dagli uomini di Filetto. Piatti e bicchieri sono di plastica, le panche spartane, ma il calore umano e la sincera ospitalit\u00e0 della gente di Filetto sono senza pari. Palpabile l\u2019impegno della v. presidente del Centro Sociale per Anziani, <\/span><\/span><span style=\"font-family: Cambria, serif;\"><span style=\"font-size: small;\">Antonella Marinelli<\/span><\/span><span style=\"font-family: Cambria, serif;\"><span style=\"font-size: small;\">, impegnata in prima persona, dopo la scomparsa del prof. Cupillari, avvenuta i primi di maggio. Nemmeno un manifesto ha segnalato lo storico evento che \u00e8 stato volutamente vissuto in forma intima, ma non per questo meno solenne, dalla sola piccola comunit\u00e0.<\/span><\/span><\/h1>\n<h1 class=\"western\" align=\"justify\"><\/h1>\n<h1 class=\"western\" align=\"justify\"><span style=\"font-family: Cambria, serif;\"><span style=\"font-size: small;\">Tornando ai messaggi, parole nette quelle espresse dal presidente <\/span><\/span><b><span style=\"font-family: Cambria, serif;\"><span style=\"font-size: small;\">Frank-Walter Steinmeirer<\/span><\/span><\/b><b><span style=\"font-family: Cambria, serif;\"><span style=\"font-size: small;\"> che ha scritto come <\/span><\/span><\/b><span style=\"font-family: Cambria, serif;\"><span style=\"font-size: small;\">\u201csappiamo sempre troppo poco dei crimini tedeschi commessi in Italia. Le vittime, i loro discendenti, i superstiti hanno il diritto di non essere dimenticati\u201d, ammettendo di sentire <\/span><\/span><b><span style=\"font-family: Cambria, serif;\"><span style=\"font-size: small;\">\u201cvergogna di fronte a crimini come quello di Filetto, ma anche gratitudine per il fatto che le nostre amiche ed i nostri amici italiani accettino cos\u00ec generosamente le nostre richieste di perdono e che ci invitino a piangere per le vittime insieme a loro.\u201d Il suo messaggio va anche oltre l\u2019eccidio di Filetto e fa pensare alla scia di sangue lasciata dai tedeschi in Abruzzo e in Italia. <\/span><\/span><\/b><\/h1>\n<h1 class=\"western\" align=\"justify\"><\/h1>\n<h1 class=\"western\" align=\"justify\"><b><span style=\"font-family: Cambria, serif;\"><span style=\"font-size: small;\">Ma un rilievo specifico assume la lettera del <\/span><\/span><\/b><b><span style=\"font-family: Cambria, serif;\"><span style=\"font-size: small;\">cardinale <\/span><\/span><\/b><span style=\"font-family: Cambria, serif;\"><span style=\"font-size: small;\">Reinhard Marx<\/span><\/span><span style=\"font-family: Cambria, serif;\"><span style=\"font-size: small;\"> diretta \u201c<\/span><\/span><span style=\"font-family: Cambria, serif;\"><span style=\"font-size: small;\"><i>ai cari cittadini di Filetto<\/i><\/span><\/span><span style=\"font-family: Cambria, serif;\"><span style=\"font-size: small;\">\u201d, letta anche in chiesa, in cui, interrompendo il lungo silenzio della chiesa bavarese, ricorda &#8211; alludendo all\u2019Ucraina &#8211; \u201ccome il significato della guerra ci appare ancora una volta terribilmente chiaro\u201d, esprimendo il desiderio di essere idealmente con loro \u201cnella commemorazione delle vittime innocenti, nelle sofferenze inflitte e nel rispetto di un faticoso percorso di comprensione tra tedeschi e italiani.\u201d Il cardinale non evita di entrare nel merito della vicenda di mons. Defregger ponendosi l\u2019angoscioso interrogativo \u201cse non ci fosse una via d\u2019uscita dal dilemma in cui si trovava\u201d che resta senza risposta, ammettendo comunque come sia necessario \u201cesaminare criticamente il comportamento del vescovo Defregger prima e dopo il suo percorso religioso e fare i conti con esso\u201d. E con la storia. <\/span><\/span><\/h1>\n<h1 class=\"western\" align=\"justify\"><\/h1>\n<h1 class=\"western\" align=\"justify\"><span style=\"font-family: Cambria, serif;\"><span style=\"font-size: small;\">Il lungo e travagliato cammino verso la pace e la riconciliazione \u00e8 venuto a compiersi quando il paese \u00e8 ormai spopolato, come tanti paesi della montagna abruzzese, mentre molti di quelli che avrebbero desiderato partecipare a questo atteso momento non ci sono pi\u00f9. <\/span><\/span><\/h1>\n<h1 class=\"western\" align=\"justify\"><\/h1>\n<h1 class=\"western\" align=\"justify\"><a name=\"_GoBack\"><\/a> <span style=\"font-family: Cambria, serif;\"><span style=\"font-size: small;\">Ma occorre dare merito al sindaco <\/span><\/span><span style=\"font-family: Cambria, serif;\"><span style=\"font-size: small;\">Rainer Schnitzer<\/span><\/span><span style=\"font-family: Cambria, serif;\"><span style=\"font-size: small;\"> per aver promosso l\u2019incontro e cercato di coinvolgere nell\u2019iniziativa cos\u00ec importanti livelli istituzionali in Germania quando \u00e8 riemerso ancora una volta il passato dell\u2019ex vescovo. Proprio per la stima e la sua conoscenza diretta ha sentito di farsi umilmente carico della richiesta di perdono in luogo del vescovo innanzi alla comunit\u00e0 di <\/span><\/span><span style=\"font-family: Cambria, serif;\"><span style=\"font-size: small;\">Filetto<\/span><\/span><span style=\"font-family: Cambria, serif;\"><span style=\"font-size: small;\">, mentre come borgomastro, ha inteso dare un segnale pubblico di attenzione che rendesse concreto e attuale il desiderio di pace tra Italia e Germania per una nuova cultura della memoria, dopo il nazismo e le tragedie della seconda guerra mondiale. Un gesto encomiabile, non solo perch\u00e9 non era tenuto a farlo, ma ancor pi\u00f9 perch\u00e9 della seconda vita di Defregger aveva ed ha tuttora un ricordo positivo, di persona carismatica e di efficace predicatore che rimarr\u00e0 senz\u2019altro nella sua sfera personale e forse di molte altre persone. A livello pubblico ha annunciato che in un prossimo consiglio comunale informer\u00e0 della visita a Filetto e avanzer\u00e0 la proposta di revocare la denominazione della strada. Una storia esemplare che induce a riflettere. <\/span><\/span><\/h1>\n<h1 class=\"western\" align=\"justify\"><\/h1>\n<h1 class=\"western\" align=\"justify\"><\/h1>\n<h1 class=\"western\" align=\"justify\"><\/h1>\n<h1 class=\"western\" align=\"justify\"><\/h1>\n<h1 class=\"western\" align=\"justify\"><\/h1>\n<h1 class=\"western\" align=\"justify\"><\/h1>\n<h1 class=\"western\" align=\"justify\"><\/h1>\n","protected":false},"excerpt":{"rendered":"<p>&nbsp; &nbsp; Riconciliazione a Filetto (L\u2019Aquila), con gli auspici del Presidente tedesco Steinmeier e del cardinale Marx di Antonio Bini [&hellip;]<\/p>\n","protected":false},"author":1,"featured_media":0,"comment_status":"open","ping_status":"open","sticky":false,"template":"","format":"standard","meta":{"footnotes":""},"categories":[43,10],"tags":[],"class_list":["post-23825","post","type-post","status-publish","format-standard","hentry","category-historias","category-italiano"],"_links":{"self":[{"href":"https:\/\/www.ecoitaliano.com.ar\/index.php?rest_route=\/wp\/v2\/posts\/23825","targetHints":{"allow":["GET"]}}],"collection":[{"href":"https:\/\/www.ecoitaliano.com.ar\/index.php?rest_route=\/wp\/v2\/posts"}],"about":[{"href":"https:\/\/www.ecoitaliano.com.ar\/index.php?rest_route=\/wp\/v2\/types\/post"}],"author":[{"embeddable":true,"href":"https:\/\/www.ecoitaliano.com.ar\/index.php?rest_route=\/wp\/v2\/users\/1"}],"replies":[{"embeddable":true,"href":"https:\/\/www.ecoitaliano.com.ar\/index.php?rest_route=%2Fwp%2Fv2%2Fcomments&post=23825"}],"version-history":[{"count":0,"href":"https:\/\/www.ecoitaliano.com.ar\/index.php?rest_route=\/wp\/v2\/posts\/23825\/revisions"}],"wp:attachment":[{"href":"https:\/\/www.ecoitaliano.com.ar\/index.php?rest_route=%2Fwp%2Fv2%2Fmedia&parent=23825"}],"wp:term":[{"taxonomy":"category","embeddable":true,"href":"https:\/\/www.ecoitaliano.com.ar\/index.php?rest_route=%2Fwp%2Fv2%2Fcategories&post=23825"},{"taxonomy":"post_tag","embeddable":true,"href":"https:\/\/www.ecoitaliano.com.ar\/index.php?rest_route=%2Fwp%2Fv2%2Ftags&post=23825"}],"curies":[{"name":"wp","href":"https:\/\/api.w.org\/{rel}","templated":true}]}}