{"id":23837,"date":"2022-06-14T14:02:04","date_gmt":"2022-06-14T14:02:04","guid":{"rendered":"http:\/\/www.ecoitaliano.com.ar\/?p=23837"},"modified":"2022-06-14T14:02:04","modified_gmt":"2022-06-14T14:02:04","slug":"the-rooom-presenta-la-casa-editrice-e-rivista-digitale-artonworld-giovedi-16-giugno-2022-ore-1800-palazzo-aldrovandi-montanari-bologna","status":"publish","type":"post","link":"https:\/\/www.ecoitaliano.com.ar\/?p=23837","title":{"rendered":"the rooom presenta la casa editrice e rivista digitale ArtOnWorld | Gioved\u00ec 16 giugno 2022 ore 18:00, Palazzo Aldrovandi Montanari, Bologna"},"content":{"rendered":"<div class=\"gE iv gt\">\n<table class=\"cf gJ\" cellpadding=\"0\">\n<tbody>\n<tr class=\"acZ xD\">\n<td colspan=\"3\">\n<table class=\"cf adz\" cellpadding=\"0\">\n<tbody>\n<tr>\n<td class=\"ady\"><\/td>\n<\/tr>\n<\/tbody>\n<\/table>\n<\/td>\n<\/tr>\n<\/tbody>\n<\/table>\n<\/div>\n<div class=\"\">\n<div class=\"aHl\"><\/div>\n<div id=\":d9\" tabindex=\"-1\"><\/div>\n<div id=\":dk\" class=\"ii gt\">\n<div id=\":dw\" class=\"a3s aiL msg2396541735969068338\"><u><\/u><\/p>\n<div>\n<table role=\"presentation\" border=\"0\" width=\"100%\" cellspacing=\"0\" cellpadding=\"0\">\n<tbody>\n<tr>\n<td>\n<table role=\"presentation\" border=\"0\" width=\"100%\" cellspacing=\"0\" cellpadding=\"0\" align=\"center\">\n<tbody>\n<tr>\n<td>\n<table class=\"m_2396541735969068338row-content m_2396541735969068338stack\" role=\"presentation\" border=\"0\" width=\"600\" cellspacing=\"0\" cellpadding=\"0\" align=\"center\">\n<tbody>\n<tr>\n<td class=\"m_2396541735969068338column\" width=\"100%\">\n<table class=\"m_2396541735969068338image_block\" role=\"presentation\" border=\"0\" width=\"100%\" cellspacing=\"0\" cellpadding=\"0\">\n<tbody>\n<tr>\n<td>\n<div align=\"center\"><img decoding=\"async\" class=\"m_2396541735969068338big CToWUd a6T\" tabindex=\"0\" src=\"https:\/\/ci4.googleusercontent.com\/proxy\/mVmoQjZGMk8kQBbJtwX7dZAD3gEcCcouTiRivnlvtofe_vh-Ki1o2uGblnmo9Vmg03HgqWAFeqgQxIMFk2UELzHCNXxdL71-8suGpxgjiSEEvNxeaYR7aX3G-gCYo7uvPMRbq7j5UeBdTCnpyWs_Xuwln3vmJwSyRQ=s0-d-e1-ft#https:\/\/culturaliart.img.musvc2.net\/static\/91342\/images\/1\/Schermata%202022-05-24%20alle%2012.15.05.png\" width=\"600\" \/><\/div>\n<\/td>\n<\/tr>\n<\/tbody>\n<\/table>\n<\/td>\n<\/tr>\n<\/tbody>\n<\/table>\n<\/td>\n<\/tr>\n<\/tbody>\n<\/table>\n<\/td>\n<\/tr>\n<\/tbody>\n<\/table>\n<\/div>\n<\/div>\n<\/div>\n<\/div>\n<table role=\"presentation\" border=\"0\" width=\"100%\" cellspacing=\"0\" cellpadding=\"10\">\n<tbody>\n<tr>\n<td>\n<div>\n<div>\n<p><u><strong>Comunicato Stampa<\/strong><\/u><\/p>\n<p><strong>\u00a0<\/strong><\/p>\n<p><strong>the rooom presenta la casa editrice e rivista digitale ArtOnWorld<\/strong><\/p>\n<p><strong>\u00a0<\/strong><\/p>\n<p><strong>Gioved\u00ec 16 giugno 2022 ore 18:00<\/strong><\/p>\n<p><strong>Palazzo Aldrovandi Montanari<\/strong><\/p>\n<p><strong>Via Galliera 8, Bologna<\/strong><\/p>\n<\/div>\n<\/div>\n<\/td>\n<\/tr>\n<\/tbody>\n<\/table>\n<table class=\"m_2396541735969068338image_block\" role=\"presentation\" border=\"0\" width=\"100%\" cellspacing=\"0\" cellpadding=\"0\">\n<tbody>\n<tr>\n<td>\n<div align=\"center\"><img decoding=\"async\" class=\"CToWUd a6T\" tabindex=\"0\" src=\"https:\/\/ci5.googleusercontent.com\/proxy\/m_iotwDCIVFfrzFQThc_oClL8qvQnU12nAQsF5rh023wSa6JbPUMRP5xVhuL3WOHqctFAzXMnyWUb73MTUfJRd3TW8YHQe29vAzRqHo5V9ZGVZDkkkir9jbPofm9_r0YStND=s0-d-e1-ft#https:\/\/culturaliart.img.musvc2.net\/static\/91342\/images\/1\/cover%20artonworld.png\" width=\"360\" \/><\/div>\n<\/td>\n<\/tr>\n<\/tbody>\n<\/table>\n<table role=\"presentation\" border=\"0\" width=\"100%\" cellspacing=\"0\" cellpadding=\"10\">\n<tbody>\n<tr>\n<td>\n<div>\n<div>\n<p><strong>Gioved\u00ec 16 giugno<\/strong> alle ore 18 <strong>the rooom<\/strong> (Palazzo Aldrovandi Montanari, Bologna) ospiter\u00e0 la presentazione della <strong>rivista digitale ArtOnWorld<\/strong> alla presenza di <strong>Carmela Brunetti<\/strong>, Editore e Direttore Responsabile della testata Artonworld.com, di <strong>Marco Tina<\/strong>, CEO di the rooom, di <strong>Giorgia Sarti<\/strong>, socia e Cultural Curator di the rooom, il Docente universitario e Avvocato dell\u2019Arte <strong>Giulio Volpe<\/strong> e l\u2019artista e arte terapeuta internazionale <strong>Mona Lisa Tina<\/strong>.<\/p>\n<p>&nbsp;<\/p>\n<p>Sono presenti, fra gli ospiti, noti artisti internazionali come l\u2019israeliana <strong>Inbal Kristin<\/strong>, e le artiste italiane <strong>Federica Nobili<\/strong>, <strong>Rita Vitali Rosati<\/strong>, <strong>Maria Chiara Zarabini<\/strong>, il docente di Storia dell\u2019Arte Contemporanea <strong>Andrea Del Guercio<\/strong> e l\u2019esperta di Marketing Sensoriale <strong>Marina Montalto<\/strong> da Milano.<\/p>\n<p>&nbsp;<\/p>\n<p>La sede di <strong>the r<\/strong><strong>ooom<\/strong><strong>, <\/strong>all\u2019interno dello storico Palazzo Aldrovandi Montanari, ospita la presentazione sia della rivista <strong><a href=\"http:\/\/artonworld.com\" target=\"_blank\" rel=\"noopener\" data-saferedirecturl=\"https:\/\/www.google.com\/url?q=http:\/\/artonworld.com&amp;source=gmail&amp;ust=1655301558240000&amp;usg=AOvVaw3dd7Ivk2tgVhfAa9-iGQ1H\">artonworld.com<\/a> <\/strong>sia del libro <strong><em>Dalla Naftalina alla luna<\/em> <\/strong>scritto dall\u2019artista e scrittrice marchigiana <strong>Rita Vitali Rosati<\/strong>, edito da Affinit\u00e0 Elettive. Il libro sar\u00e0 presentato sempre il 16 giugno alle ore 18,30 con la partecipazione dell\u2019autrice.<\/p>\n<p>&nbsp;<\/p>\n<p>L\u2019evento \u00e8 un\u2019occasione per conoscere la produzione di cataloghi digitali a carattere internazionale e della rivista ArtOnWorld. Gli invitati possono inoltre ammirare la mostra fotografica dell\u2019artista <strong>Gianluca Chiodi<\/strong>, intitolata \u201c<strong>HEARTH<\/strong>\u201d, presentata l\u201911 maggio 2022 in occasione di ArteFiera e aperta fino al 30 giugno 2022. La mostra rientra nel progetto culturale sulla sostenibilit\u00e0 di cui the rooom, societ\u00e0 benefit, si fa promotore.<\/p>\n<p>&nbsp;<\/p>\n<p>Media partner della rivista e dell\u2019evento l\u2019ufficio stampa <strong>Culturalia <\/strong>diretto da <strong>Norma Waltmann<\/strong>.<\/p>\n<\/div>\n<\/div>\n<\/td>\n<\/tr>\n<\/tbody>\n<\/table>\n<table class=\"m_2396541735969068338image_block\" role=\"presentation\" border=\"0\" width=\"100%\" cellspacing=\"0\" cellpadding=\"0\">\n<tbody>\n<tr>\n<td>\n<div align=\"center\"><img decoding=\"async\" class=\"m_2396541735969068338big CToWUd a6T\" tabindex=\"0\" src=\"https:\/\/ci3.googleusercontent.com\/proxy\/gGq8_Zcof5HHwXytpGyGjeKhkK-LCr7iVcN8F_q4Mpsmdo8L3oppzFLplW8cYEfOQs2Tj03EFCxHhi-95s1APRVl3rLskpV0wgz9CyxCqEAbd9zSuW5tdyc=s0-d-e1-ft#https:\/\/culturaliart.img.musvc2.net\/static\/91342\/images\/1\/IMG_1434.png\" width=\"600\" \/><\/div>\n<\/td>\n<\/tr>\n<\/tbody>\n<\/table>\n<table role=\"presentation\" border=\"0\" width=\"100%\" cellspacing=\"0\" cellpadding=\"10\">\n<tbody>\n<tr>\n<td>\n<div>\n<div>\n<p><u>Note informative sull\u2019azienda <strong>the rooom<\/strong><\/u><\/p>\n<p><strong>\u00a0<\/strong><\/p>\n<p><strong>THE ROOOM<\/strong>, concept agency con sede nell\u2019affascinante cornice di Palazzo Aldrovandi Montanari, offre servizi di comunicazione alle imprese sui temi legati alla sostenibilit\u00e0 ambientale, all\u2019innovazione e alla responsabilit\u00e0 sociale. THE ROOOM \u00e8 uno spazio di contaminazione tra sfere economiche e creative che prende vita attraverso una programmazione di iniziative multidisciplinari ed eventi sui temi della sostenibilit\u00e0. Incontri aperti alla partecipazione attiva e alla condivisione di innovazione in cui le persone e le imprese possono trovare ispirazione creativa e consapevolezza.<\/p>\n<p>&nbsp;<\/p>\n<p><u>Note informative su <strong>ArtonWorld<\/strong><\/u><\/p>\n<p><strong>\u00a0<\/strong><\/p>\n<p>ArtOnWorld \u00e8 una nuova <strong>casa editrice multimediale e digitale<\/strong> nata a Roma nel 2020, fondata e diretta dalla storica dell\u2019arte e giornalista <strong>Carmela Brunetti<\/strong>, gi\u00e0 direttrice responsabile della rivista cartacea Arte Contemporanea News di Roma. Oggi la Brunetti riesce a portare avanti questa azienda, che si identifica nel settore dell\u2019editoria indipendente e sostenibile, grazie alla collaborazione di professionisti e docenti universitari: <strong>Giulio Volpe<\/strong> avvocato dell\u2019arte, <strong>Roberto Anchisi<\/strong> esperto del comportamento umano e psicoterapeuta, <strong>Luca Ticini<\/strong> neuroscienziato, <strong>Maria Ernesta Leone Neurologa<\/strong> scrittrice, <strong>Andrea Del Guercio<\/strong> docente di arte contemporanea a Brera, la storica dell\u2019arte <strong>Francesca Boschetti<\/strong> dei Musei Vaticani, <strong>Meeleng<\/strong> da Singapore artista e gallerista, <strong>Bill Claxton<\/strong> esperto di certificati digitali, l\u2019artista e arte terapeuta <strong>Mona Lisa Tina<\/strong>, <strong>Noemi Adabbo<\/strong> Digital Marketing, e uffici stampa internazionali come <strong>Culturalia<\/strong>, <strong>Nadine Dinter<\/strong> da Berlino e molti altri.<\/p>\n<p>&nbsp;<\/p>\n<p><strong>ArtonWorld<\/strong> realizza cataloghi per tutte le ricerche artistiche, monografie di artisti, e cataloghi di design, architettura, scienze e finanza. Ogni tre mesi \u00e8 pubblicata online la rivista internazionale di arte e finanza <a href=\"http:\/\/artonworld.com\" target=\"_blank\" rel=\"noopener\" data-saferedirecturl=\"https:\/\/www.google.com\/url?q=http:\/\/artonworld.com&amp;source=gmail&amp;ust=1655301558240000&amp;usg=AOvVaw3dd7Ivk2tgVhfAa9-iGQ1H\">artonworld.com<\/a>, che conta pi\u00f9 di 10.000 visualizzazioni al giorno nel mondo, presentando ai lettori il giornalismo indipendente e approfondito: elemento fondamentale che pu\u00f2 aiutare una societ\u00e0 a crescere libera da pregiudizi e onest\u00e0 intellettuale. All\u2019interno della rivista si trattano gli argomenti pi\u00f9 importanti del nostro tempo e si raccontano storie che altrimenti non sarebbero raccontate. L\u2019obiettivo finale \u00e8 quello di raggiungere sempre pi\u00f9 lettori inquinando il meno possibile.<\/p>\n<\/div>\n<\/div>\n<\/td>\n<\/tr>\n<\/tbody>\n<\/table>\n<table class=\"m_2396541735969068338image_block\" role=\"presentation\" border=\"0\" width=\"100%\" cellspacing=\"0\" cellpadding=\"0\">\n<tbody>\n<tr>\n<td>\n<div align=\"center\"><img decoding=\"async\" class=\"m_2396541735969068338big CToWUd a6T\" tabindex=\"0\" src=\"https:\/\/ci5.googleusercontent.com\/proxy\/KobGeXwKsigHhiuY5SmkxwJqtuSSknd-0iYIDYl4b9q-p5W0ooScFKBmG8HN8ipaeiS1ZT0J-8NE06K57MyLkmn2hX0hgE3bGaM0d0mzONi-It80bRXAVfnUNnT37hFZl_ocF_Eq4yhOfdwGkHL_Tu0mXJxrVaQ=s0-d-e1-ft#https:\/\/culturaliart.img.musvc2.net\/static\/91342\/images\/1\/the%20rooom%20presenta%20ArtOnWorld(0).png\" width=\"600\" \/><\/div>\n<\/td>\n<\/tr>\n<\/tbody>\n<\/table>\n<table role=\"presentation\" border=\"0\" width=\"100%\" cellspacing=\"0\" cellpadding=\"10\">\n<tbody>\n<tr>\n<td>\n<div>\n<div>\n<p><strong>Media Partner<\/strong><\/p>\n<p>Ufficio Stampa Culturalia<\/p>\n<p>We MAKe FUTURE Festival sull\u2019innvazione digitale di Rimini<\/p>\n<p>&nbsp;<\/p>\n<p>&nbsp;<\/p>\n<p><strong>Per informazioni<\/strong><\/p>\n<p>cellulare e WhatApp + 39 346 7620201<\/p>\n<p>e-mail: <a href=\"mailto:carmelbrunetti@gmail.com\" target=\"_blank\" rel=\"noopener\">carmelbrunetti@gmail.com<\/a><\/p>\n<\/div>\n<\/div>\n<\/td>\n<\/tr>\n<\/tbody>\n<\/table>\n","protected":false},"excerpt":{"rendered":"<p>Comunicato Stampa \u00a0 the rooom presenta la casa editrice e rivista digitale ArtOnWorld \u00a0 Gioved\u00ec 16 giugno 2022 ore 18:00 [&hellip;]<\/p>\n","protected":false},"author":1,"featured_media":0,"comment_status":"open","ping_status":"open","sticky":false,"template":"","format":"standard","meta":{"footnotes":""},"categories":[4,10],"tags":[],"class_list":["post-23837","post","type-post","status-publish","format-standard","hentry","category-cultura","category-italiano"],"_links":{"self":[{"href":"https:\/\/www.ecoitaliano.com.ar\/index.php?rest_route=\/wp\/v2\/posts\/23837","targetHints":{"allow":["GET"]}}],"collection":[{"href":"https:\/\/www.ecoitaliano.com.ar\/index.php?rest_route=\/wp\/v2\/posts"}],"about":[{"href":"https:\/\/www.ecoitaliano.com.ar\/index.php?rest_route=\/wp\/v2\/types\/post"}],"author":[{"embeddable":true,"href":"https:\/\/www.ecoitaliano.com.ar\/index.php?rest_route=\/wp\/v2\/users\/1"}],"replies":[{"embeddable":true,"href":"https:\/\/www.ecoitaliano.com.ar\/index.php?rest_route=%2Fwp%2Fv2%2Fcomments&post=23837"}],"version-history":[{"count":0,"href":"https:\/\/www.ecoitaliano.com.ar\/index.php?rest_route=\/wp\/v2\/posts\/23837\/revisions"}],"wp:attachment":[{"href":"https:\/\/www.ecoitaliano.com.ar\/index.php?rest_route=%2Fwp%2Fv2%2Fmedia&parent=23837"}],"wp:term":[{"taxonomy":"category","embeddable":true,"href":"https:\/\/www.ecoitaliano.com.ar\/index.php?rest_route=%2Fwp%2Fv2%2Fcategories&post=23837"},{"taxonomy":"post_tag","embeddable":true,"href":"https:\/\/www.ecoitaliano.com.ar\/index.php?rest_route=%2Fwp%2Fv2%2Ftags&post=23837"}],"curies":[{"name":"wp","href":"https:\/\/api.w.org\/{rel}","templated":true}]}}