{"id":23843,"date":"2022-06-14T23:29:53","date_gmt":"2022-06-14T23:29:53","guid":{"rendered":"http:\/\/www.ecoitaliano.com.ar\/?p=23843"},"modified":"2022-06-14T23:29:53","modified_gmt":"2022-06-14T23:29:53","slug":"serena-conduce-operaclassica-eco-italiano-1562","status":"publish","type":"post","link":"https:\/\/www.ecoitaliano.com.ar\/?p=23843","title":{"rendered":"Serena conduce operaclassica eco italiano"},"content":{"rendered":"<p><a href=\"http:\/\/www.ecoitaliano.com.ar\/wp-content\/uploads\/2022\/06\/ydscfhvj.png\"><img decoding=\"async\" class=\"alignnone size-full wp-image-23795\" src=\"http:\/\/www.ecoitaliano.com.ar\/wp-content\/uploads\/2022\/06\/ydscfhvj.png\" alt=\"\" width=\"343\" height=\"46\" srcset=\"https:\/\/www.ecoitaliano.com.ar\/wp-content\/uploads\/2022\/06\/ydscfhvj.png 343w, https:\/\/www.ecoitaliano.com.ar\/wp-content\/uploads\/2022\/06\/ydscfhvj-300x40.png 300w, https:\/\/www.ecoitaliano.com.ar\/wp-content\/uploads\/2022\/06\/ydscfhvj-150x20.png 150w\" sizes=\"(max-width: 343px) 100vw, 343px\" \/><\/a><\/p>\n<p>COMUNICATO STAMPA<\/p>\n<p>Il Maggio Musicale Fiorentino annuncia la programmazione da settembre 2022 ad aprile 2023.<\/p>\n<p>In complesso dalla ripresa dell\u2019attivit\u00e0 in settembre e fino all\u201985esima edizione del Festival dell\u2019aprile 2023, 10 opere liriche pi\u00f9 due opere dedicate alle scuole e ai bambini e una intensa attivit\u00e0 concertistica<br \/>\ncon 25 concerti sinfonici in sede<\/p>\n<p>Prendono avvio in ottobre e febbraio il Festival d\u2019Autunno del Maggio dedicato a Verdi<br \/>\ne il Festival di Carnevale del Maggio dedicato al Faust e Goethe<\/p>\n<p>Firenze 13 giugno 2022 \u2013 Il Maggio Musicale Fiorentino annuncia la programmazione da settembre 2022 ad aprile 2023 durante la quale prendono avvio a fine settembre e febbraio gli annunciati Festival \u201csatelliti\u201d, costole di quello storico, il \u201cGrande Festival\u201d che nel 2023 toccher\u00e0 la sua 85esima edizione. Il Festival d\u2019Autunno del Maggio, parte il 29 settembre e sar\u00e0 dedicato a Giuseppe Verdi con tre opere mature del Cigno di Busseto Il trovatore, Ernani e Don Carlo nella versione italiana in quattro atti e il Festival di Carnevale del Maggio che verr\u00e0 varato il 13 gennaio e che sar\u00e0 dedicato al Mito di Faust e Goethe. In complesso dalla ripresa in settembre dopo la pausa estiva (comunque dedicata ai concerti in tour a Siena, Ravello, Rimini, Macerata, Forte dei Marmi, Volterra), e fino all\u201985esima edizione del Festival, il Maggio mette in cartellone 10 opere liriche pi\u00f9 due opere dedicate ai bambini e ai pi\u00f9 giovani, alle famiglie e alle scuole, e una intensa attivit\u00e0 concertistica con 25 concerti sinfonici nelle due sale, la Grande e la Zubin Mehta. Questi i titoli lirici in sequenza cronologica: Il barbiere di Siviglia di Gioachino Rossini in settembre, Il trovatore di Giuseppe Verdi a fine settembre e ottobre, Alcina di Georg Frederich H\u00e4ndel (nell\u2019allestimento del Salzburger Pfingstfestpiele) con l\u2019Orchestra Les Musiciens du Prince \u2013 Monaco in ottobre, Ernani in novembre e Don Carlo di Giuseppe Verdi a fine dicembre e inizio di gennaio 2023 (sul palcoscenico della Sala grande finalmente completato tecnologicamente), La finta semplice di Wolfgang Amadeus Mozart in gennaio al Teatro Goldoni, Doktor Faust di Ferruccio Busoni in febbraio, La traviata di Giuseppe Verdi in febbraio, The Rake\u2019s Progress di Igor Stravinsky in marzo e per concludere Carmen di George Bizet a fine marzo e fino a met\u00e0 del mese di aprile. Due come detto, le opere dedicate ai bambini, i giovani, alle famiglie e alle scuole: Il Faust in coproduzione con Venti Lucenti con l\u2019Orchestra Giovanile Italiana, in novembre e inizio dicembre al Teatro Goldoni, e L\u2019italiana in Algeri di Gioachino Rossini con l\u2019Orchestra Giovanile Italiana a fine marzo e inizio aprile in Sala Mehta, per un totale di nove nuovi allestimenti, due riprese e l\u2019allestimento del Festival di Pentecoste di Salisburgo.<\/p>\n<p>Grande equilibrio nell\u2019impegno dei due cardini artistici sui quali si poggia il Maggio Musicale Fiorentino, il direttore emerito a vita Zubin Mehta e il direttore principale Daniele Gatti: entrambi sul podio per pi\u00f9 di 20 volte ciascuno sia per le opere &#8211; 3 titoli a testa: Il barbiere di Siviglia, Don Carlo, The Rake\u2019s Progress per Gatti e Il trovatore, La traviata e Carmen per Mehta &#8211; che per i concerti.<br \/>\nAl loro fianco una sequenza di nomi di altissimo profilo direttoriale impegnati sia sul versante operistico che concertistico, Herbert Blomstedt, Theodor Guschlbauer, Charles Dutoit, Andr\u00e9s Orozco-Estrada, James Conlon, Christoph Eschenbach, sir Marc Elder, Diego Fasolis, Marc Albrecht, Ingo Metzmacher Gianluca Capuano. Tra loro si segnala il debutto al Maggio di una raffinatissima interprete del repertorio mozartiano, Dame Jane Glover per un concerto sinfonico in novembre. Due le Orchestre ospiti sul fronte sinfonico la Gustav Mahler Jugendorchester diretta da Herbert Blomstedt e l\u2019Orchestra Filarmonica di Montecarlo diretta da Charles Dutoit. Tra gli artisti solisti nei diversi concerti Andrea Lucchesini al pianoforte, Luca Benucci al corno, Marco Salvadori all\u2019oboe, Maurizio Pollini al pianoforte, Martha Argerich al pianoforte, Alejandra Rojas Garcia al fagotto, Yefim Bronfman al pianoforte, Rudolf Buchbinder al pianoforte; i professori Benucci, Salvadori e la professoressa Rojas Garcia sono prime parti dell\u2019Orchestra del Maggio Musicale Fiorentino, a loro si aggiunge anche il professor Salvatore Quaranta, spalla dell\u2019Orchestra che sar\u00e0 impegnato nelle Quattro stagioni di Antonio Vivaldi, presto annunciato. Il loro coinvolgimento come solisti testimonia l\u2019eccellente livello dell\u2019orchestra del Maggio e ne valorizza l\u2019impegno. Le voci soliste nei differenti concerti saranno quelle di Mandy Fredrich, Marie-Claude Chappuis, Maximilian Schmitt, Tareq Nazmi, Eleonora Filipponi, Lenneke Ruiten, Lucia Cirillo, Juan Francisco Gatell, Georg Nigl, Jessica Pratt, Christiane Karg, Mich\u00e8le Losier.<\/p>\n<p>I registi che firmeranno i differenti allestimenti operistici, sempre in ordine cronologico sono Damiano Michieletto (Il barbiere di Siviglia e Alcina), Cesare Lievi (Il trovatore), Leo Muscato (Ernani), Manu Lalli (Faust per bambini), Roberto And\u00f2 (Don Carlo), Claudia Blersch (La finta semplice), Davide Livermore (Doktor Faust e La traviata), Frederic Wake Walker (The Rake\u2019s Progress), Grischa Asagaroff (L\u2019Italiana in Algeri per bambini) e Piero Faggioni (Carmen). Nelle dieci opere liriche le locandine schierano molti dei pi\u00f9 prestigiosi e celebri nomi del panorama lirico mondiale accanto a validissimi artisti affermati nei pi\u00f9 importanti teatri internazionali e a giovani emergenti come i talenti dell\u2019Accademia del Maggio Musicale Fiorentino. Per citarne alcuni nelle diverse locandine, Vasilisa Berzhanskaya, Nicola Alaimo, Fabio Capitanucci, Carmen Buendia, Ruzil Gatin, Evgeny Stavinsky (in Il Barbiere di Siviglia); Amartushvin Enkhbat, Mar\u00eda Jos\u00e9 Siri, Ekaterina Semenchuck, Fabio Sartori, Riccardo Fassi (in Il trovatore); Cecilia Bartoli, Carlo Vistoli, Lucia Mart\u00ecn-Cart\u00f2n, Kristina Hammarstroem, Petr Nekoranec, Riccardo Novaro (in Alcina); Francesco Meli, Roberto Frontali, Vitalij Kowalijow, (in Ernani); Mikhail Petrenko, Francesco Meli, Alexander Vinogradov, Benedetta Torre (in Don Carlo), Benedetta Torre e Luca Bernard (in La finta semplice); Thomas Hampson, Wilhelm Schwinghammer, Olga Bezsmertna (in Doktor Faust); Nadine Sierra, Francesco Meli, Pl\u00e1cido Domingo, Caterina Piva, Caterina Meldolesi, Francesco Samuele Venuti, Emanuele Cordaro, (in La traviata); Sara Blanch, Matthew Swensen, Vito Priante, Marie-Claude Chappuis, Adriana Di Paola, Christian Collia (in The Rake\u2019s Progress), Cl\u00e9mentine Margaine, Francesco Meli, Mattia Olivieri, Valentina Naforni\u021b\u0103 (in Carmen).<\/p>\n<p>Il Maggio continua a viaggiare nel corso della stagione 22\/23: Grosseto, Torre del Lago, Massa, Parma, Arezzo rappresentano le prime tappe confermate.<\/p>\n<p>Orchestra del Teatro del Maggio.<br \/>\nIl Coro e il Coro di voci bianche del Teatro del Maggio sono diretti da Lorenzo Fratini.<\/p>\n<p>LE OPERE<\/p>\n<p>La stagione operistica inizia l\u20198 settembre (repliche il 10, 12, 14, 15) in Sala Zubin Mehta con Il barbiere di Siviglia di Gioachino Rossini, nel rodatissimo e apprezzatissimo e sempre fresco allestimento con la regia di Damiano Michieletto, ripreso da Andrea Bernard (che al Maggio ha firmato un Don Pasquale nel 2020), che vedr\u00e0 sul podio il direttore principale Daniele Gatti. Nel cast Vasilisa Berzhanskaya come Rosina, Nicola Alaimo come Figaro, Fabio Capitanucci con Don Bartolo, Berta sar\u00e0 Carmen Buendia, Lindoro\/Conte sar\u00e0 Ruzil Gatin e Don Basilio sar\u00e0 interpretato da Evgeny Stavinskiy. Costumi di Carla Teti, Luci di Alessandro Tutini. Coro e Orchestra del Maggio Musicale Fiorentino.<br \/>\nNel primo decennio dell\u2019Ottocento il ventenne Gioachino Rossini aveva gi\u00e0 conquistato le scene teatrali con Tancredi e L\u2019Italiana in Algeri. Alla fine del 1815 firm\u00f2 un contratto con l\u2019impresario del Teatro Argentina di Roma per scrivere un\u2019opera, da inserire nel cartellone di Carnevale dell\u2019anno seguente, intitolata Almaviva, o sia L\u2019inutile precauzione. Il soggetto era ben noto perch\u00e9 tratto dalla commedia Le barbier de S\u00e9ville di Beaumarchais gi\u00e0 messo in musica da molti altri autori: tra essi il celebre Giovanni Paisiello, il cui Barbiere di Siviglia (1782) aveva furoreggiato nei teatri di mezza Europa. L\u2019impresa di proporre il remake di un titolo famoso mentre era ancora in vita Paisiello era oltremodo temeraria e cos\u00ec Rossini, per mettersi al riparo da possibili accuse, scelse un titolo diverso &#8211; Almaviva appunto &#8211; e decise di stampare nel libretto un avvertimento al pubblico in cui dichiarava che per rispetto nei confronti del pi\u00f9 anziano maestro aveva chiesto al poeta Cesare Sterbini di scrivere per l\u2019occasione un nuovo libretto. Ma la precauzione si rivel\u00f2 inutile poich\u00e9 al debutto, il 20 febbraio 1816, l\u2019opera fu fischiata e la serata degener\u00f2 in bagarre come raccontato da Rossini stesso. Il compositore pesarese tuttavia non si ingannava sul valore del suo lavoro, e dopo le prime repliche il suo Barbiere incass\u00f2 il plauso meritatissimo che gli spettava surclassando l\u2019opera di Paisiello e diventando in breve l\u2019opera pi\u00f9 amata e rappresentata. Qualche anno pi\u00f9 tardi, un compositore del calibro di Giuseppe Verdi avrebbe dato al Barbiere di Siviglia rossiniano la palma di \u201copera buffa pi\u00f9 bella che esista, per abbondanza di idee musicali, per verve comica e per verit\u00e0 di declamazione\u201d.<\/p>\n<p>Con il secondo titolo prende avvio il Festival d\u2019Autunno del Maggio, dedicato nella sua prima edizione a Giuseppe Verdi. Il 29 settembre con repliche il 2, 5, 7 ottobre in Sala Mehta va in scena un nuovo allestimento di Il trovatore. Sul podio il direttore emerito del Maggio Zubin Mehta; la regia \u00e8 di Cesare Lievi, le scene e i costumi sono di Luigi Perego, le luci di Luigi Saccomandi. In locandina, il conte di Luna di Amartushvin Enkhbat, la Leonora di Mar\u00eda Jos\u00e9 Siri che torner\u00e0 anche nella compagnia di canto di Ernani, l\u2019Azucena di Ekaterina Semenchuck, il Manrico di Fabio Sartori e il Ferrando di Riccardo Fassi. Coro e Orchestra del Maggio Musicale Fiorentino.<br \/>\nNel marzo del 1851, mentre si trova ancora a Venezia per il successo di Rigoletto, Giuseppe Verdi suggerisce un nuovo progetto operistico al poeta Salvatore Cammarano, fidato collaboratore delle precedenti Alzira, Battaglia di Legnano e Luisa Miller. La fonte proposta \u00e8 El trovator di Antonio Garcia Gutierrez, un dramma romantico rappresentato a Madrid nel 1836 e mai tradotto in italiano fino ad allora. Nonostante l\u2019entusiasmo del Maestro, i lavori vanno a rilento, forse per una mancata condivisione del soggetto da parte di Cammarano. A complicare la situazione l\u2019improvvisa e inaspettata morte del librettista, nel luglio del 1852 a libretto quasi ultimato, che costringe Verdi a chiedere l\u2019intervento di Leone Emanuele Bardare per ritoccare alcune parti del dramma. Come gi\u00e0 sperimentato in Rigoletto, anche nel Trovatore il compositore si concentra su un personaggio anticonvenzionale: la zingara Azucena, protagonista indiscussa dell\u2019opera. Dominata da passioni contrastanti &#8211; la sete di vendetta per la morte atroce della madre, arsa viva con l\u2019accusa di stregoneria, e l\u2019amore per il figlio adottivo Manrico &#8211; Azucena richiede una voce drammatica in grado di definire il carattere oscuro del personaggio, continuamente in bilico tra allucinazioni ed esplosioni cariche di pathos. Rappresentato per la prima volta il 19 gennaio 1853 al Teatro Apollo di Roma, Il trovatore, per la felicit\u00e0 di invenzioni melodiche, l\u2019appassionato lirismo e l\u2019orchestrazione coinvolgente e sempre attenta a sottolineare i caratteri dei quattro protagonisti, divenne in breve l\u2019opera pi\u00f9 amata ai tempi di Verdi.<\/p>\n<p>Il terzo titolo, l\u2019opera fiabesca e malinconica Alcina di Geog Frederich H\u00e4ndel va in scena il 18 ottobre con repliche il 20, 22, 24, 26, nella Sala Zubin Mehta. La produzione \u00e8 quella del Salzburger Pfingstfestpiele messa in scena con grandissimo successo a Salisburgo nel 2019. In buca l\u2019Orchestra Les Musiciens du Prince \u2013 Monaco diretta da Gianluca Capuano. La regia \u00e8 di Damiano Michieletto. Nel ruolo di Alcina, torna al Maggio dopo il trionfale concerto dell\u20198 ottobre 2020 Cecilia Bartoli. Con lei Carlo Vistoli come Ruggiero, Luc\u00eda Mart\u00edn-Cart\u00f3n come Morgana, Kristina Hammarstr\u00f6m come Bradamante, Petr Nekoranec come Oronte e Riccardo Novaro come Melisso. Le scene sono di Paolo Fantin, i costumi di Agostino Cavalca, le luci di Alessandro Carletti, i video di RoCa Film, la coreografia di Thomas Wilhelm.<br \/>\nAlcina di H\u00e4ndel debutt\u00f2 al Covent Garden di Londra il 16 aprile 1735 riscuotendo un enorme successo. Due anni prima il compositore aveva dovuto lasciare il King\u2019s Theatre, preso in gestione da un\u2019impresa rivale, per trasferirsi nel nuovo teatro londinese. L\u00ec diede vita alle sue ultime opere, tra cui Alcina, nate con l\u2019intento di primeggiare sulle produzioni dell\u2019impresa rivale e pertanto particolarmente curate e sontuose negli allestimenti. Al Covent Garden H\u00e4ndel pot\u00e9 disporre anche di un corpo di ballo, ragion per cui integr\u00f2 la partitura con numeri di danza ed episodi corali sulla falsariga dell\u2019opera francese. Il libretto anonimo dell\u2019opera &#8211; che vede al centro il tema dell\u2019incantamento d\u2019amore &#8211; era ispirato al canto VII dell\u2019Orlando furioso e a L\u2019isola di Alcina, un\u2019opera di Riccardo Broschi. La maga Alcina, grazie a un sortilegio, tiene legato a s\u00e9 il cavaliere Ruggiero in un\u2019isola incantata, ma grazie all\u2019intervento di Bradamante, Ruggiero riacquister\u00e0 coscienza e abbandoner\u00e0 la maga nella disperazione. Tra apparizioni, magie, travestimenti e cambi di scena a vista svettano ovviamente le arie dei solisti, vero cuore pulsante dell\u2019opera barocca. Per la maga e il suo amato il compositore realizz\u00f2 infatti alcune tra le arie pi\u00f9 apprezzate come \u201cOmbre pallide\u201d, cantata da Alcina o \u201cVerdi prati, selve amene\u201d, intonata da Ruggiero.<\/p>\n<p>Secondo titolo verdiano del Festival d\u2019Autunno del Maggio, e quarta opera in cartellone, \u00e8 Ernani. Va in scena il 10 novembre con repliche il 13, 15, 18, 20 in Sala Zubin Mehta. La direzione \u00e8 affidata a James Conlon e la regia a Leo Muscato. Nel cast come Ernani, il tenore Francesco Meli, nella prima della quattro opere nelle quali sar\u00e0 impegnato in questa stagione al Maggio. Le prossime sono Don Carlo, La traviata e infine sar\u00e0 don Jos\u00e9 in Carmen. Come Elvira torna dopo l\u2019interpretazione di Leonora in Il trovatore Maria Jos\u00e9 Siri. Don Carlo \u00e8 interpretato da Roberto Frontali; De Silva \u00e8 Vitalij Kowaljow. Le scene sono di Federica Parolini, i costumi di Silvia Aymonino, le luci di Alessandro Verazzi. Coro e Orchestra del Maggio Musicale Fiorentino.<br \/>\nDramma lirico in quattro parti su libretto di Francesco Maria Piave, Ernani debutt\u00f2 al Teatro la Fenice di Venezia il 9 marzo 1844. Per Verdi era il primo ingaggio in un teatro diverso dalla Scala che gli consent\u00ec non solo di cimentarsi con un nuovo pubblico e nuove esigenze, ma anche di incontrare il giovane poeta muranese Piave, con cui avrebbe instaurato un lungo rapporto lavorativo e di amicizia. Il libretto fu tratto dal dramma di Victor Hugo Hernani, considerato all\u2019epoca un caposaldo del romanticismo teatrale e letterario francese. La trama, ambientata nella Spagna di inizio Cinquecento, intreccia i due piani narrativi dell\u2019azione e del sentimento. Ernani, bandito a capo della congiura contro re Carlo e sotto le cui mentite spoglie si nasconde il nobile Don Giovanni d\u2019Aragona, ama perdutamente Elvira, gi\u00e0 promessa sposa allo zio Don Ruy de Silva, ma desiderata anche dal re. Oltre al quadrilatero amoroso caratterizzato dall\u2019eterno conflitto amore verso onore, nell\u2019opera si susseguono duelli, rivolte, mascheramenti e colpi di scena accompagnati da una musica dal ritmo incalzante, con continui cambi di marcia e con il piglio appassionato delle melodie solistiche e corali che garantirono al quinto titolo verdiano il favore del pubblico fin dalle prime repliche.<\/p>\n<p>Il terzo titolo verdiano Don Carlo nella versione italiana in quattro atti, e quinta opera in cartellone coincide con la riapertura operistica della Sala grande del Teatro del Maggio, dopo i necessari lavori di adeguamento tecnologico del grande palcoscenico, ora uno dei pi\u00f9 moderni ed efficienti al mondo. Daniele Gatti, direttore principale del Maggio torna a confrontarsi con il dramma di Schiller musicato da Verdi. La regia \u00e8 di Roberto And\u00f2 che torna al Maggio dopo Siberia di Umberto Giordano andata in scena nel Festival del Maggio nel luglio 2021. Torna nel ruolo del titolo per la seconda volta in stagione il tenore Francesco Meli, con lui in locandina per ora si leggono i nomi di Alexander Vinogradov come Il Grande Inquisitore, di Ekaterina Semenchuk come la Principessa Eboli e di Benedetta Torre, come la Voce dal cielo. Scene e luci sono di Gianni Carluccio, i costumi di Nan\u00e0 Cecchi. Coro e Orchestra del Maggio Musicale Fiorentino.<br \/>\nDon Carlo, versione italiana del Don Carlos, \u00e8 la quarta e ultima opera di Verdi su soggetto schilleriano. La fonte del libretto, scritto a quattro mani da Fran\u00e7ois-Joseph M\u00e9ry e Camille Du Locle, era Don Carlos, Infant von Spanien, una tragedia in cinque atti di Friedrich Schiller ispirata a fatti storici accaduti in Spagna a met\u00e0 Cinquecento. Lo scontro tra un sistema politico oppressivo e l\u2019aspirazione alla libert\u00e0 individuale, nonch\u00e9 il contrasto padre-figlio, che corre sul doppio binario della sfera politica e di quella privata, affascinarono Verdi che inizi\u00f2 la composizione dell\u2019opera dopo la commissione ricevuta dall\u2019Op\u00e9ra, dove Don Carlos debutt\u00f2 l\u201911 marzo 1867. Articolato inizialmente in cinque atti, con balli e scene di massa grandiose, in linea con le esigenze spettacolari del tempio della lirica francese, Don Carlos non ottenne il successo sperato e l\u2019autore, insoddisfatto, decise di rimettervi mano qualche anno dopo per una ripresa al Teatro alla Scala il 10 gennaio 1884. In tale occasione Verdi ridusse gli atti da cinque a quattro &#8211; eliminando tutto il primo atto ad eccezione dell\u2019aria del protagonista \u201cIo la vidi e il suo sorriso\u201d- e tagli\u00f2 i ballabili. La critica italiana, tuttavia, tacci\u00f2 l\u2019opera di \u2018wagnerismo\u2019 per l\u2019importanza assunta dall\u2019orchestra e per la scrittura flessibile e fluida adottata da Verdi in cui \u00e8 sempre meno netta la scansione tra numeri chiusi.<\/p>\n<p>A testimoniare il \u201crisveglio\u201d del piccolo e delizioso teatro ottocentesco Goldoni, il palcoscenico in Oltrarno del Teatro del Maggio ospiter\u00e0 &#8211; dopo la messinscena di Faust (in collaborazione con Venti Lucenti) di fine novembre &#8211; la produzione La finta semplice inserita nel calendario del secondo Festival del Maggio, quello di Carnevale. La prima opera di in italiano di Wolfgang Amadeus Mozart ancora fanciullo e basata su un libretto di Goldoni va in scena a partire dal 24 gennaio 2023 e con repliche il 26, 28 e 29 gennaio. Sul podio, dopo il concerto sinfonico a Grosseto dell\u20191 settembre e il primo iniziale di stagione 22\/23 al Maggio del 2 settembre e dopo il suo grande successo alla direzione di Le nozze di Figaro al Teatro la Pergola per l\u201984esima edizione del Festival del Maggio, torna Theodor Guschlbauer. La regia \u00e8 affidata a Claudia Blersch. Le scene e costumi sono degli allievi di Margherita Palli del NABA, Nuova accademia di Belle Arti di Milano. Il ruolo di Rosina \u00e8 interpretato da Benedetta Torre, quello di suo fratello Don Polidoro da Luca Bernard. In locandina si leggeranno poi anche i nomi degli altri interpreti provenienti dalle file dei giovani talenti in formazione all\u2019 Accademia del Maggio Musicale Fiorentino. Orchestra del Maggio Musicale Fiorentino.<br \/>\nTra l\u2019autunno del 1767 e la fine dell\u2019anno seguente Mozart si trova a Vienna assieme al padre Leopold. Nella capitale dell\u2019impero compone alcune pagine di musica sacra e qualche sinfonia ma soprattutto ha modo di assistere alle opere dei pi\u00f9 illustri maestri del suo tempo, assimilandone la lezione con rapidit\u00e0 e naturalezza. La finta semplice, dramma giocoso in tre atti su libretto originale di Carlo Goldoni riadattato da Marco Coltellini, fu commissionata a un Mozart poco pi\u00f9 che fanciullo da Giuseppe II. Ma il gesto dell\u2019imperatore suscit\u00f2 non pochi malumori e invidie nell\u2019ambiente musicale viennese tanto che il debutto dell\u2019opera, dopo ripetuti slittamenti, non avvenne a Vienna come previsto ma a Salisburgo nel 1769. Nonostante la giovanissima et\u00e0 e la poca esperienza teatrale, Mozart ne La finta semplice gi\u00e0 dimostra di padroneggiare con disinvoltura gli stilemi dell\u2019opera buffa italiana. Al soggetto di matrice goldoniana, gi\u00e0 garanzia di brillantezza drammaturgica, il giovanissimo compositore aggiunge un\u2019impronta musicale briosa e spumeggiante degna dell&#8217;enfant prodige pi\u00f9 noto d\u2019Europa.<\/p>\n<p>Dopo il delizioso titolo mozartiano il Festival di Carnevale del Maggio entra nel vivo della programmazione dedicata al mito di Faust di Goethe con la messa in scena di Doktor Faust di Ferruccio Busoni compositore italiano, nato a Empoli, e uno dei pi\u00f9 grandi pianisti di tutti i tempi. La prima, sul palcoscenico della Sala grande del Teatro del maggio \u00e8 in calendario il 7 febbraio con repliche l\u201911, il 14, 19 e 21 febbraio 2023. La direzione \u00e8 di Ingo Metzmacher e la regia di questo nuovo allestimento \u00e8 Davide Livermore. Composta nell\u2019arco di circa dieci anni e rimasta ancora incompiuta al momento della morte del compositore nel 1924, ha visto la sua prima assoluta in Italia, proprio a Firenze nell\u2019ambito dell\u2019ottavo Festival del Maggio nel 28 maggio 1942. Dopo quell\u2019occasione il titolo ha inaugurato il \u201cMaggio Espressionista\u201d nel 1964 e da allora nelle stagioni del Maggio non \u00e8 mai stato pi\u00f9 ripreso, dunque manca a Firenze da 59 anni. Nei ruoli principali tra gli interpreti, il ruolo di Doktor Faust \u00e8 interpretato da Thomas Hampson che torna dopo Il Cos\u00ec fan tutte, quello di Wagner da Wilhelm Schwinghammer; Mefistofele \u00e8 AJ Glueckert, recentemente nel cast di Ariadne auf Naxos e la duchessa di Parma \u00e8 Olga Bezsmertna, che \u00e8 stata ascoltata al Maggio ne Il pipistrello di Johann Strauss jr come Rosalinde. Coro e Orchestra del maggio Musicale Fiorentino.<br \/>\nCome molti artisti anche Busoni idealizz\u00f2 la figura di Faust e per oltre un decennio si dedic\u00f2 alla composizione di Doktor Faust, sua ultima opera rimasta incompiuta alla sua morte (sar\u00e0 completata in seguito dall\u2019allievo e collaboratore Philipp Jarnach). Ritenendo impossibile un confronto diretto con la pi\u00f9 illustre fonte letteraria &#8211; il Faust di Goethe &#8211; Busoni prefer\u00ec prendere in esame pi\u00f9 fonti per la stesura del libretto tra cui gli spettacoli di marionette di tradizione tedesca, il dramma The Tragical History of Doctor Faustus di Christopher Marlowe, senza ovviamente tralasciare il sommo Goethe. Nacque cos\u00ec un\u2019opera dal valore fortemente simbolico accentuato anche dall\u2019articolazione formale ad arco impiegata, che prevede una sinfonia iniziale, due interventi recitati, due prologhi, un intermezzo scenico e tre quadri. L\u2019episodio centrale, che vede Faust nelle vesti di prestigiatore alla corte di Parma durante i festeggiamenti per le nozze del duca e della duchessa, \u00e8 infatti contornato dagli altri episodi che come antecedenti o precedenti si collocano in maniera speculare secondo analogie e rimandi simbolici e musicali. Senza rinnegare la lezione del passato, Busoni adotta una scrittura multiforme che combina parimenti dissonanze, scale diatoniche e cromatiche, contrappunto, danze rinascimentali e arie d\u2019opera.<\/p>\n<p>Il 12 febbraio 2023 con repliche l 15, 17, e 22, sempre nel Festival di Carnevale &#8211; e nella Sala grande &#8211; torna in programmazione uno dei titoli pi\u00f9 rappresentati, celebri e amati al mondo La traviata, di Giuseppe Verdi, che sar\u00e0 diretta dal direttore emerito del Maggio, Zubin Mehta, nel bellissimo allestimento firmato da Davide Livermore per il Maggio nel 2021. Il cast conferma al completo quello di eccellenza dell\u2019edizione precedente con Nadine Sierra come Violetta e (terza presenza in cartellone in questa stagione) Francesco Meli come Alfredo, ruolo a lui tra i pi\u00f9 congeniali. Germont sar\u00e0 il carismatico Pl\u00e1cido Domingo, Flora sar\u00e0 Caterina Piva, il Barone Duphol sar\u00e0 interpretato da Francesco Venuti, il dottor Grenvil da Emanuele Cordaro, Annina da Caterina Meldolesi. Le scene sono di Gi\u00f2 Forma, i costumi di Mariana Fracasso, le luci di Antonio Castro. Coro e Orchestra del Maggio Musicale Fiorentino.<br \/>\nIl regista Davide Livermore ambienta la tragedia di Violetta in una Parigi del 1968 negli anni della contestazione. \u201cNon per provocare \u2013 dice Livermore \u2013 ma per raccontare pi\u00f9 da vicino questa storia, per sviluppare la ricchezza e la modernit\u00e0 del capolavoro verdiano e anche lo scandalo che cre\u00f2 nella societ\u00e0 di allora, nel 1853. Ci\u00f2 nel rispetto totale, parola per parola, nota per nota, del libretto e della partitura\u201d. \u201cAnche l\u2019amore tra Violetta e Alfredo \u00e8 altrettanto forte e rivoluzionario\u201d continua il regista \u201c\u00e8 quello di una giovane e bellissima prostituta, Violetta, che grazie a esso intraprende un vero e proprio percorso di redenzione personale\u201d.<\/p>\n<p>The Rake\u2019s Progress, favola lirica in tre atti di Igor Stravinskij, in Sala Mehta il 12 marzo, con repliche il 14, 16, 19, e 26 marzo 2023 vede il ritorno operistico sul podio per il direttore principale del Maggio Daniele Gatti che ha affrontato la partitura gi\u00e0 altre volte nel corso della sua carriera. La regia \u00e8 firmata da Frederic Wake-Walker, per la sua terza regia al Maggio dopo Adriana Lecouvreur e Rom\u00e9o et Juliette negli ultimi due Festival. Le scene e costumi sono di Anna Jones, i video di Ergo Phizmiz. Nel cast come Anne, torna Sara Blanch, calorosamente apprezzata nell\u2019Orph\u00e9e et Euridice di Gluck che ha inaugurato l\u201984 esima edizione del Festival del Maggio e che ha inoltre recentemente ottenuto uno strepitoso successo personale come Zerbinetta alla prima di Ariadne auf Naxos di Strauss sostituendo l\u2019indisposta Jessica Pratt a La Pergola nella programmazione dello stesso Festival dedicato al \u201cMito, Amore e Fabula\u201d. Negli altri ruoli si citano per ora nomi bel noti al pubblico del Maggio: Matthew Swensen come Tom Rakewell, Vito Priante come Nick Shadow, Marie-Claude Chappuis come Mother Goose, Christian Collia, come Sellem. Adriana Di Paola come Baba la turca \u00e8 al suo debutto fiorentino. Coro e Orchestra del maggio Musicale Fiorentino.<br \/>\nDopo il trasferimento negli anni Stati Uniti nel 1939, Igor Stravinskij accarezz\u00f2 l\u2019idea di scrivere un\u2019opera in inglese. Il progetto prese forma solo dopo alcuni anni quando nel 1947 il compositore rimase colpito dal ciclo di tele di William Hogarth esposte al Chicago Art Institute, che descrivevano l\u2019ascesa e la caduta di Tom Rakewell, uno spendaccione che dilapida dissennatamente i propri averi e finisce i suoi giorni in manicomio. Stravinskij pens\u00f2 subito di farne un\u2019opera e si rivolse per la stesura del libretto al poeta britannico Wystan Hugh Auden a cui si affiancher\u00e0 anche Chester Kallmann. Nel marzo del 1948 il libretto fu pronto, mentre per la musica Stravinskij si prese pi\u00f9 tempo, concludendo la partitura solo tre anni dopo. The Rake\u2019s Progress debutt\u00f2 al Teatro La Fenice di Venezia l\u201911 settembre 1951 con lo stesso autore sul podio per la prima assoluta. Organizzata in arie, recitativi, cori e pezzi d\u2019insieme in linea con lo schema teatrale settecentesco, l\u2019opera mostra un carattere decisamente retrospettivo e rappresenta l\u2019ultima tappa del periodo \u2018neoclassico\u2019 di Stravinskij. E se il modello di riferimento dichiarato \u00e8 il teatro di Mozart e Da Ponte &#8211; in particolare il Cos\u00ec fan tutte &#8211; nel Rake\u2019s Progress si affastellano numerose citazioni e rimandi a epoche e autori diversi, sottolineando ancora una volta la capacit\u00e0 di Stravinskij di assimilare in maniera organica ogni elemento della tradizione musicale.<\/p>\n<p>Ultimo e decimo titolo della programmazione prima del successivo Festival nella sua 85esima edizione \u00e8 Carmen di George Bizet con la direzione del direttore emerito Zubin Mehta alla sua seconda opera in stagione e la regia e le scene di Piero Faggioni. Nel cast come Carmen, Cl\u00e9mentine Margaine in un ruolo a lei particolarmente congeniale e che ha sostenuto con successo nei pi\u00f9 importanti teatri al mondo e come Don Jos\u00e9 Francesco Meli (al quarto titolo) anche lui in un ruolo che gli ha portato pi\u00f9 di un alloro nella sua carriera. Al loro fianco in locandina l\u2019Escamillo di Mattia Olivieri e la Michaela di Valentina Naforni\u021b\u0103. Coro, Coro di voci bianche e Orchestra del Maggio Musicale Fiorentino.<br \/>\nCarmen debutt\u00f2 il 3 marzo 1875 all\u2019Op\u00e9ra-Comique di Parigi. Fu l\u2019ultima fatica di George Bizet, che pochi mesi dopo il debutto morir\u00e0 in circostanze misteriose deluso dall\u2019insuccesso ottenuto dall\u2019opera. Quello che oggi all\u2019unanimit\u00e0 \u00e8 riconosciuto come il capolavoro assoluto del maestro francese, all\u2019epoca della prima rappresentazione non fu invece apprezzato n\u00e9 tantomeno compreso dal pubblico parigino che rimase scandalizzato dal crudo realismo della vicenda trattata e dai suoi protagonisti, assai lontani dai canoni tradizionali. Carmen racconta infatti una storia di amore violento e morboso che i librettisti Henri Meilhac e Ludovic Hal\u00e9vy trassero dall\u2019omonima novella di Prosper M\u00e9rim\u00e9e. L\u2019opera venne accusata di volgarit\u00e0 a causa della protagonista Carmen, una zingara sensuale e volitiva che vive i suoi amori con estrema libert\u00e0 e senza remore. Di lei si innamora perdutamente Don Jos\u00e9 che al suo fianco si trasforma gradualmente da amante appassionato a brutale assassino. Una vicenda torbida e popolata di personaggi loschi e poco rassicuranti dunque, ma con una veste musicale di fattura raffinatissima che dest\u00f2 l\u2019ammirazione, tra gli altri, di numerosi compositori come Brahms, Wagner e \u010cajkovskij.<\/p>\n<p>I CONCERTI<\/p>\n<p>Molto nutrita la programmazione concertistica del Maggio alla ripresa in settembre e fino al 24 marzo 2023 con 25 appuntamenti sinfonici e sinfonico corali (compreso il concerto del Gruppo di Musica d\u2019Insieme Astrolabio) alla guida dei quali figurano Zubin Mehta e Daniele Gatti per 13 concerti complessivamente e, sul podio per le altre occasioni, Theodor Guschlbauer, Herbert Blomsted alla guida della Gustav Mahler Jugendorchester, Andr\u00e9s Orozco-Estrada, Charles Dutoit sul podio dell\u2019Orchestra Filarmonica di Monte-Carlo, James Conlon, Dame Jane Glover, Christoph Eschenbach, Sir Marc Elder, Diego Fasolis, Marc Albrecht, Ingo Metzmacher. I maestri Guschlbauer, Conlon e Metzmacher saranno impegnati anche sul fronte operistico con le opere, in ordine, La finta semplice, Ernani, e Doktor Faust.<\/p>\n<p>Tra alcuni degli artisti solisti nei diversi concerti \u00e8 importante evidenziare i nomi dei professori Luca Benucci al corno (nel concerto diretto da Dame Jane Glover), di Marco Salvadori all\u2019oboe (nel concerto diretto da Andr\u00e9s Orozco-Estrada) , della professoressa Alejandra Rojas Garcia al fagotto (nel concerto diretto Sir Marc Elder) e del professor Salvatore Quaranta (spalla dell\u2019Orchestra che sar\u00e0 impegnato nelle Quattro stagioni di Antonio Vivaldi in un concerto presto annunciato) che sono prime parti dell\u2019Orchestra del Maggio Musicale Fiorentino. Il loro coinvolgimento come solisti testimonia la validit\u00e0 di ogni musicista e dell\u2019intera compagine, un complesso eccellente di alta levatura internazionale. Tra gli altri solisti si schierano i nomi di grandi pianisti come Andrea Lucchesini (in concerto con Theodor Guschlbauer), Maurizio Pollini (con Zubin Mehta), Martha Argerich (con Charles Dutoit), Yefim Bronfman (con Zubin Mehta), Rudolf Buchbinder (con Daniele Gatti); le voci soliste nei differenti concerti saranno quelle di Mandy Fredrich, Marie-Claude Chappuis, Maximilian Schmitt, Tareq Nazmi (con Zubin Mehta), Eleonora Filipponi (con Zubin Mehta), Lucia Cirillo, Juan Francisco Gatell, Georg Nigl (con Diego Fasolis), Jessica Pratt (con Daniele Gatti), Christiane Karg, Mich\u00e8le Losier (con Zubin Mehta). Lenneke Ruiten, Eleonora Filipponi e Maximilian Schmitt sono impegnati anche con Daniele Gatti.<\/p>\n<p>La stagione sinfonica che apre dunque il 2 settembre nella Sala grande del Maggio nel segno del classicismo viennese, con Theodor Guschlbauer impegnato nell\u2019esecuzione delle Sinfonie di Mozart \u2018Haffner \u2018e \u2018Linz\u2019 e nel Concerto in do maggiore op.15 per pianoforte e orchestra di Ludwig van Beethoven con solista Andrea Lucchesini. Il giorno precedente, 1 settembre, il maestro Guschlbauer anticiper\u00e0 con l\u2019Orchestra del Maggio lo stesso concerto a Grosseto. Prosegue il 4 settembre sempre nella Sala grande con Herbert Blomstedt, 93 enne direttore di grandissimo rango alla guida della Gustav Mahler Jugendorchester che impagina un programma con la Sinfonia n. 7 in mi maggiore di Anton Bruckner e la Sinfonia n. 3 in re maggiore D.200 di Franz Schubert.<br \/>\nIl 9 settembre torna in Sala grande il maestro Mehta per il recupero del concerto del ciclo Beethoven (in programma precedentemente nel dicembre del 2020 e poi spostato al gennaio del 2022), in programma la Sinfonia n. 8 in fa maggiore op.93 e la Sinfonia n. 9 in re minore op.125 per soli coro e orchestra. Le voci soliste sono quelle di Mandy Fredrich, Marie-Claude Chappuis, Maximilian Schmitt, Tareq Nazmi. Il Coro del Maggio \u00e8 diretto da Lorenzo Fratini.<br \/>\nIl 6 ottobre, iniziato il Festival d\u2019Autunno del Maggio, Zubin Mehta torna sul podio della Sala grande per un concerto in cui eseguir\u00e0 l\u2019ouverture da La Griselda di Pietro Alessandro Guglielmi, la Sinfonia in re maggiore di Luigi Cherubini e la Sinfonia n. 4 in re minore op.120 di Robert Schumann. Lo stesso concerto sar\u00e0 eseguito il 4 ottobre a Massa per l\u2019apertura del Teatro Guglielmi intitolato al pi\u00f9 illustre compositore massese.<br \/>\nL\u2019 11 ottobre il maestro Mehta proporr\u00e0 la grandiosa Sinfonia n. 8 in do minore di Anton Bruckner, la pi\u00f9 vasta e ambiziosa composizione del musicista austriaco. Il concerto \u00e8 tenuto nella Sala grande.<br \/>\nSempre nella stessa Sala, il maestro Gatti nel concerto del 16 ottobre affiancher\u00e0 l\u2019ultimo Wagner con il Preludio dal I\u00b0 atto del Parsifal e Verwandlungsmusik e poi dal terzo atto L\u2019incantesimo del Venerd\u00ec Santo, e l\u2019ultimo Verdi con i Quattro Pezzi Sacri. Questo concerto sar\u00e0 oggetto di una anteprima nell\u2019esecuzione a Torre del Lago (Viareggio) il 17 settembre e inoltre verr\u00e0 eseguito, nell\u2019ambito della XXII edizione del Festival Verdi di Parma, il 15 ottobre al Teatro Regio di Parma. Il Coro del Maggio \u00e8 diretto da Lorenzo Fratini.<br \/>\nIl 21 ottobre Zubin Mehta sar\u00e0 impegnato, in Sala grande, nella colossale Sinfonia n. 3 in re minore per contralto, coro, femminile e coro di bambini e orchestra di Gustav Mahler, la pi\u00f9 lunga della sua produzione. Voce solista Eleonora Filipponi. Il Coro e il Coro di voci bianche del Maggio sono diretti da Lorenzo Fratini.<br \/>\nNel concerto del 23 ottobre diretto da Andr\u00e9s Orozco-Estrada, al suo debutto al Maggio, nella Sala grande, ascolteremo opere di Franz Joseph Haydn: in programma la Sinfonia n. 97 in do magg. e il Concerto per oboe e orchestra in do magg nel quale sar\u00e0 impegnato come oboe solista il professor Marco Salvadori, primo oboe dell\u2019Orchestra del Maggio. A fianco alle due composizioni di Haydn, due composizioni novecentesche tra le pi\u00f9 emblematiche dedicate al Valzer: La Valse di Maurice Ravel e la Suite dal Der Rosenkavalier di Richard Strauss. Questo stesso concerto sar\u00e0 replicato il 25 ottobre ad Arezzo.<br \/>\nIl 29 ottobre a recupero del concerto in calendario il 19 gennaio 2022, Zubin Mehta sul podio e Maurizio Pollini al pianoforte, sul palcoscenico della Sala grande, insieme nell\u2019esecuzione dell\u2019ultimo concerto per pianoforte e orchestra in si bemolle maggiore KV 595 di Wolfgang Amadeus Mozart. Ad aprire l\u2019attesa serata sar\u00e0 la Sinfonia n. 1 in re maggiore D.82 di Franz Schubert e a chiuderla la Sinfonia n. 104 London di Franz Joseph Haydn.<br \/>\nUn altro recupero di un concerto che era previsto nello scorso gennaio 2022 \u00e8 l\u2019omaggio il 30 ottobre a Maurice Ravel con l\u2019attesa direzione Charles Dutoit alla testa dell\u2019Orchestra Filarmonica di Monte-Carlo e con Martha Argerich al pianoforte. In programma Valses nobles et sentimentales e il Concert in sol maggiore per pianoforte e Orchestra, mentre nella seconda parte la compagine monegasca sar\u00e0 impegnata in Le Sacre du printemps di Igor Stravinskij. Il concerto \u00e8 nella Sala grande del Teatro del Maggio.<br \/>\nIl 12 novembre mentre sar\u00e0 impegnato della direzione dell\u2019opera Ernani, sempre nella Sala Mehta il maestro James Conlon diriger\u00e0 un concerto sinfonico con un programma con il Trittico Botticelliano per orchestra P 151 di Ottorino Respighi e di Dmitrij \u0160ostakovi\u010d la Sinfonia n. 4 in do minore op.43.<br \/>\nIl 19 novembre in Sala grande, segna il debutto al Maggio di una raffinatissima direttrice d\u2019orchestra Dame Jane Glover. La direttrice e musicologa con una intensa carriera alla guida delle pi\u00f9 prestigiose orchestre statunitensi ed europee, grande esperta mozartiana offre ancora un omaggio al classicismo con pagine di Haydn e Mozart ma anche con la Sinfonia n. 1 in re maggiore di Prokof\u2019ev detta \u2018Classica\u2019 proprio perch\u00e9 pensata nello stile di Haydn che apre proprio il concerto. Di Wolfgang Amadeus Mozart diriger\u00e0 il mottetto Exultate Jubilate in fa maggiore K. 165, la sinfonia in fa maggiore K. 112 e il concerto in re maggiore K.412 pere corno e orchestra con solista il professor Luca Benucci, primo corno dell\u2019Orchestra del Maggio. Di Franz Joseph hayd verr\u00e0 proposta la sinfonia in si bemolle maggiore Hob .102.<br \/>\nIl 24 novembre, in Sala Mehta, il direttore principale del Maggio Daniele Gatti torna sul podio per un concerto dedicato a due esponenti della musica italiana di primo Novecento: Goffredo Petrassi, Giorgio Federico Ghedini e Alfredo Casella. Del primo verr\u00e0 eseguito il Primo concerto per orchestra e del secondo Musica Notturna per Orchestra e del terzo il Concerto per orchestra op. 61.<br \/>\nIl 27 novembre in Sala Mehta il maestro Christoph Eschenbach sar\u00e0 alle prese con la pi\u00f9 wagneriana delle Sinfonie di Anton Bruckner: la Settima in mi maggiore. Christoph Eschenbach \u00e8 anche un celebre pianista ed \u00e8 in questa veste che il pubblico del Maggio ha potuto gi\u00e0 apprezzarlo in passato: nel 1969, 1971, 1972 e pi\u00f9 recentemente nel 2016.<br \/>\nIl 4 dicembre in Sala Mehta un concerto di ispirazione spagnola sotto la bacchetta di Daniele Gatti. Dalle suite n.1 e 2 dal Cappello a tre punte dello spagnolo Manuel de Falla, alla Spagna celebrata da Claude Debussy in Iberia per concludere con Bol\u00e8ro, il brano orchestrale pi\u00f9 famoso di Maurice Ravel.<br \/>\nLa Sala Mehta continua ad ospitare, il 15 dicembre, un concerto sinfonico. Sir Marc Elder propone il Concerto per fagotto e orchestra op. 75 di Carl Maria von Weber e la Sinfonia n. 5 in do diesis minore di Gustav Mahler. Al fagotto per il concerto weberiano, la professoressa Alejandra Rojas Garcia, prima parte dell\u2019Orchestra del Maggio.<br \/>\nIl periodo natalizio questa volta \u00e8 sottolineato da due concerti il primo dei quali, quello del 18 dicembre in Sala Mehta \u00e8 quello oramai tradizionale del Gruppo Astrolabio affiancato dal Coro di Voci bianche del Teatro del Maggio diretto da Lorenzo Fratini. Il concerto di Natale del 22 dicembre \u00e8 affidato alla direzione di Diego Fasolis che diriger\u00e0 un programma tutto di Johann Sebastian Bach dall\u2019Oratorio di Natale BWV 248 con le prime tre Cantate. Voci soliste: Lenneke Ruiten, Lucia Cirillo, Juan Francisco Gatell<br \/>\nGeorg Nigl. Il coro del Maggio \u00e8 diretto da Lorenzo Fratini.<br \/>\nL\u2019ultimo concerto dell\u2019anno il 31 dicembre sar\u00e0 diretto dal maestro Daniele Gatti; in programma la Nona sinfonia in re minore op. 125 di Ludwig van Beethoven. Le voci soliste impegnate nella partitura sono quelle di Lenneke Ruiten, Eleonora Filipponi e Maximilian Schmitt. Il Coro del Maggio \u00e8 diretto da Lorenzo Fratini.<br \/>\nD\u00e0 avvio il 13 gennaio al Festival di Carnevale del Maggio dedicato a Faust e Goethe, il maestro Marc Albrecht che in Sala Mehta dirige di Franz Liszt la Faust-Symphonie S 108. La sinfonia corale dedicata dal compositore ungherese \u00e8 ispirata direttamente dal dramma di Johann Wolfgang von Goethe, Faust. Il Coro del Maggio \u00e8 diretto da Lorenzo Fratini.<br \/>\nIl 22 gennaio in Sala Mehta Ingo Metzmacher che a partire dal 7 febbraio diriger\u00e0 il Doktor Faust di Busoni, affiancher\u00e0 il ciclo dei R\u00fcckert-Lieder di Gustav Mahler all\u2019ultima sinfonia di Franz Schubert, la n. 9 in do maggiore detta \u2018La Grande\u2019. Il 18 febbraio il maestro Mehta, nella Sala che porta il suo nome, dirige di Johannes Brahms, l\u2019Overture Tragica in re minore Op. 8, di B\u00e9la Bart\u00f2k il Concerto n. 2 per pianoforte e orchestra SZ95, con Yefim Bronfman al pianoforte e in chiusura, di Brahms la Sinfonia n.4 in mi minore op. 98. Il 26 febbraio, Daniele Gatti, in Sala Mehta, sar\u00e0 impegnato con un programma sinfonico che prevede di Richard Wagner Faust Ouvert\u00fcre, di Ludwig van Beethoven il Concerto in do minore op. 37 con Rudolph Buchbinder al pianoforte; di Modest P. Musorgskij Una notte sul Monte Calvo e di Igor Stravinskij L\u2019uccello di fuoco-Suite (versione 1919).<br \/>\nIl 10 marzo il maestro Daniele Gatti (che in Sala Mehta dirige nel frattempo l\u2019opera The Rake\u2019s Progress) sul palcoscenico della Sala grande del Maggio, propone un concerto sinfonico che offre pagine di Antonio Vivaldi con il suo Concerto in re minore op.3 RV 565; di Johann Sebastian Bach la cantata Jauchzet Gott in allen Landen con la voce solista del soprano Jessica Pratt ma anche lo Stravinskij neoclassico di Pulchinella.<\/p>\n<p>Il 24 marzo si chiude la stagione sinfonica e la programmazione del Festival di Carnevale con il maestro Zubin Mehta che diriger\u00e0 nella Sala Mehta la Sinfonia n. 2 in do minore \u201cResurrezione\u201d di Gustav Mahler: una meditazione sulla vita, la morte e la vita dopo la morte. Le voci soliste sono quelle di Christiane Karg e di Mich\u00e8le Losier. Il Coro del Maggio \u00e8 diretto da Lorenzo Fratini. Il maestro Mehta a partire dal 28 marzo, nella Sala grande, diriger\u00e0 la nuova messinscena di Carmen che altrettanto chiuder\u00e0 la programmazione operistica della stagione e del Festival di Carnevale.<\/p>\n<p>Il Teatro del Maggio ringrazia i soci fondatori e i soci privati.<\/p>\n<p>La Fondazione Teatro del Maggio Musicale Fiorentino ringrazia per il sostegno i Soci: Soci di diritto Fondatori Pubblici: Repubblica Italiana nel Ministero dei Beni e delle Attivit\u00e0 Culturali e del Turismo, Comune di Firenze e Regione Toscana.<\/p>\n<p>La Fondazione Teatro del Maggio Musicale Fiorentino ringrazia altrettanto i Soci Fondatori privati: Fondazione CR Firenze, Intesa Sanpaolo, Enel; Baker Hughes, Allianz, Kuehne+Nagel, Gucci, Publiacqua, Toscana Aeroporti, Unicoop Firenze, Salvatore Ferragamo, Rolex Italia, American Friends of Florence Music, Toscana Energia, Universit\u00e0 di Firenze, Pitti Immagine, Caff\u00e8 Borbone, Officina Profumo-Farmaceutica di Santa Maria Novella.<\/p>\n<p>La Fondazione Teatro del Maggio Musicale Fiorentino ringrazia inoltre tutti gli aderenti all\u2019Albo degli Associati: le Aziende mecenati, i Mecenati, i Sostenitori, i Benemeriti, i Soci effettivi, i Soci effettivi junior, i Soci e l\u2019Associazione Amici del Maggio Musicale Fiorentino.<\/p>\n<p><a href=\"http:\/\/www.ecoitaliano.com.ar\/wp-content\/uploads\/2022\/06\/1-Lirica.jpg\"><img decoding=\"async\" class=\"alignnone size-full wp-image-23844\" src=\"http:\/\/www.ecoitaliano.com.ar\/wp-content\/uploads\/2022\/06\/1-Lirica.jpg\" alt=\"\" width=\"5512\" height=\"7874\" srcset=\"https:\/\/www.ecoitaliano.com.ar\/wp-content\/uploads\/2022\/06\/1-Lirica.jpg 5512w, https:\/\/www.ecoitaliano.com.ar\/wp-content\/uploads\/2022\/06\/1-Lirica-210x300.jpg 210w, https:\/\/www.ecoitaliano.com.ar\/wp-content\/uploads\/2022\/06\/1-Lirica-768x1097.jpg 768w, https:\/\/www.ecoitaliano.com.ar\/wp-content\/uploads\/2022\/06\/1-Lirica-717x1024.jpg 717w, https:\/\/www.ecoitaliano.com.ar\/wp-content\/uploads\/2022\/06\/1-Lirica-105x150.jpg 105w\" sizes=\"(max-width: 5512px) 100vw, 5512px\" \/><\/a><\/p>\n<h5>il barbiere di Siviglia<\/h5>\n<p><a href=\"http:\/\/www.ecoitaliano.com.ar\/wp-content\/uploads\/2022\/06\/Andrea-Bernard-ripresa-regia.jpg\"><img decoding=\"async\" class=\"alignnone size-full wp-image-23845\" src=\"http:\/\/www.ecoitaliano.com.ar\/wp-content\/uploads\/2022\/06\/Andrea-Bernard-ripresa-regia.jpg\" alt=\"\" width=\"1506\" height=\"1564\" srcset=\"https:\/\/www.ecoitaliano.com.ar\/wp-content\/uploads\/2022\/06\/Andrea-Bernard-ripresa-regia.jpg 1506w, https:\/\/www.ecoitaliano.com.ar\/wp-content\/uploads\/2022\/06\/Andrea-Bernard-ripresa-regia-289x300.jpg 289w, https:\/\/www.ecoitaliano.com.ar\/wp-content\/uploads\/2022\/06\/Andrea-Bernard-ripresa-regia-768x798.jpg 768w, https:\/\/www.ecoitaliano.com.ar\/wp-content\/uploads\/2022\/06\/Andrea-Bernard-ripresa-regia-986x1024.jpg 986w, https:\/\/www.ecoitaliano.com.ar\/wp-content\/uploads\/2022\/06\/Andrea-Bernard-ripresa-regia-144x150.jpg 144w\" sizes=\"(max-width: 1506px) 100vw, 1506px\" \/><\/a> <a href=\"http:\/\/www.ecoitaliano.com.ar\/wp-content\/uploads\/2022\/06\/Damiano-Michieletto-regia-\u00a9-Fabio-Lovino.jpg\"><img decoding=\"async\" class=\"alignnone size-full wp-image-23846\" src=\"http:\/\/www.ecoitaliano.com.ar\/wp-content\/uploads\/2022\/06\/Damiano-Michieletto-regia-\u00a9-Fabio-Lovino.jpg\" alt=\"\" width=\"960\" height=\"1440\" srcset=\"https:\/\/www.ecoitaliano.com.ar\/wp-content\/uploads\/2022\/06\/Damiano-Michieletto-regia-\u00a9-Fabio-Lovino.jpg 960w, https:\/\/www.ecoitaliano.com.ar\/wp-content\/uploads\/2022\/06\/Damiano-Michieletto-regia-\u00a9-Fabio-Lovino-200x300.jpg 200w, https:\/\/www.ecoitaliano.com.ar\/wp-content\/uploads\/2022\/06\/Damiano-Michieletto-regia-\u00a9-Fabio-Lovino-768x1152.jpg 768w, https:\/\/www.ecoitaliano.com.ar\/wp-content\/uploads\/2022\/06\/Damiano-Michieletto-regia-\u00a9-Fabio-Lovino-683x1024.jpg 683w, https:\/\/www.ecoitaliano.com.ar\/wp-content\/uploads\/2022\/06\/Damiano-Michieletto-regia-\u00a9-Fabio-Lovino-100x150.jpg 100w\" sizes=\"(max-width: 960px) 100vw, 960px\" \/><\/a><\/p>\n<figure id=\"attachment_23847\" aria-describedby=\"caption-attachment-23847\" style=\"width: 4134px\" class=\"wp-caption alignnone\"><a href=\"http:\/\/www.ecoitaliano.com.ar\/wp-content\/uploads\/2022\/06\/Daniele-Gatti-direttore-\u00a9-Marco-Borggreve.jpg\"><img decoding=\"async\" class=\"size-full wp-image-23847\" src=\"http:\/\/www.ecoitaliano.com.ar\/wp-content\/uploads\/2022\/06\/Daniele-Gatti-direttore-\u00a9-Marco-Borggreve.jpg\" alt=\"\" width=\"4134\" height=\"5560\" srcset=\"https:\/\/www.ecoitaliano.com.ar\/wp-content\/uploads\/2022\/06\/Daniele-Gatti-direttore-\u00a9-Marco-Borggreve.jpg 4134w, https:\/\/www.ecoitaliano.com.ar\/wp-content\/uploads\/2022\/06\/Daniele-Gatti-direttore-\u00a9-Marco-Borggreve-223x300.jpg 223w, https:\/\/www.ecoitaliano.com.ar\/wp-content\/uploads\/2022\/06\/Daniele-Gatti-direttore-\u00a9-Marco-Borggreve-768x1033.jpg 768w, https:\/\/www.ecoitaliano.com.ar\/wp-content\/uploads\/2022\/06\/Daniele-Gatti-direttore-\u00a9-Marco-Borggreve-761x1024.jpg 761w, https:\/\/www.ecoitaliano.com.ar\/wp-content\/uploads\/2022\/06\/Daniele-Gatti-direttore-\u00a9-Marco-Borggreve-112x150.jpg 112w\" sizes=\"(max-width: 4134px) 100vw, 4134px\" \/><\/a><figcaption id=\"caption-attachment-23847\" class=\"wp-caption-text\">Daniele Gatti&#8211; Chiefconductor Royal Concertgebouw Orchestra.Photo: Marco Borggreve<\/figcaption><\/figure>\n<p><a href=\"http:\/\/www.ecoitaliano.com.ar\/wp-content\/uploads\/2022\/06\/Il-barbiere-di-Siviglia-2020-\u00a9-Michele-Monasta-Maggio-Musicale-Fiorentino.jpg\"><img decoding=\"async\" class=\"alignnone size-full wp-image-23848\" src=\"http:\/\/www.ecoitaliano.com.ar\/wp-content\/uploads\/2022\/06\/Il-barbiere-di-Siviglia-2020-\u00a9-Michele-Monasta-Maggio-Musicale-Fiorentino.jpg\" alt=\"\" width=\"5000\" height=\"3333\" srcset=\"https:\/\/www.ecoitaliano.com.ar\/wp-content\/uploads\/2022\/06\/Il-barbiere-di-Siviglia-2020-\u00a9-Michele-Monasta-Maggio-Musicale-Fiorentino.jpg 5000w, https:\/\/www.ecoitaliano.com.ar\/wp-content\/uploads\/2022\/06\/Il-barbiere-di-Siviglia-2020-\u00a9-Michele-Monasta-Maggio-Musicale-Fiorentino-300x200.jpg 300w, https:\/\/www.ecoitaliano.com.ar\/wp-content\/uploads\/2022\/06\/Il-barbiere-di-Siviglia-2020-\u00a9-Michele-Monasta-Maggio-Musicale-Fiorentino-768x512.jpg 768w, https:\/\/www.ecoitaliano.com.ar\/wp-content\/uploads\/2022\/06\/Il-barbiere-di-Siviglia-2020-\u00a9-Michele-Monasta-Maggio-Musicale-Fiorentino-1024x683.jpg 1024w, https:\/\/www.ecoitaliano.com.ar\/wp-content\/uploads\/2022\/06\/Il-barbiere-di-Siviglia-2020-\u00a9-Michele-Monasta-Maggio-Musicale-Fiorentino-150x100.jpg 150w\" sizes=\"(max-width: 5000px) 100vw, 5000px\" \/><\/a> <a href=\"http:\/\/www.ecoitaliano.com.ar\/wp-content\/uploads\/2022\/06\/Il-barbiere-di-Siviglia-2021-\u00a9-Michele-Monasta-Maggio-Musicale-Fiorentino.jpg\"><img decoding=\"async\" class=\"alignnone size-full wp-image-23849\" src=\"http:\/\/www.ecoitaliano.com.ar\/wp-content\/uploads\/2022\/06\/Il-barbiere-di-Siviglia-2021-\u00a9-Michele-Monasta-Maggio-Musicale-Fiorentino.jpg\" alt=\"\" width=\"5000\" height=\"4363\" srcset=\"https:\/\/www.ecoitaliano.com.ar\/wp-content\/uploads\/2022\/06\/Il-barbiere-di-Siviglia-2021-\u00a9-Michele-Monasta-Maggio-Musicale-Fiorentino.jpg 5000w, https:\/\/www.ecoitaliano.com.ar\/wp-content\/uploads\/2022\/06\/Il-barbiere-di-Siviglia-2021-\u00a9-Michele-Monasta-Maggio-Musicale-Fiorentino-300x262.jpg 300w, https:\/\/www.ecoitaliano.com.ar\/wp-content\/uploads\/2022\/06\/Il-barbiere-di-Siviglia-2021-\u00a9-Michele-Monasta-Maggio-Musicale-Fiorentino-768x670.jpg 768w, https:\/\/www.ecoitaliano.com.ar\/wp-content\/uploads\/2022\/06\/Il-barbiere-di-Siviglia-2021-\u00a9-Michele-Monasta-Maggio-Musicale-Fiorentino-1024x894.jpg 1024w, https:\/\/www.ecoitaliano.com.ar\/wp-content\/uploads\/2022\/06\/Il-barbiere-di-Siviglia-2021-\u00a9-Michele-Monasta-Maggio-Musicale-Fiorentino-150x131.jpg 150w\" sizes=\"(max-width: 5000px) 100vw, 5000px\" \/><\/a> <a href=\"http:\/\/www.ecoitaliano.com.ar\/wp-content\/uploads\/2022\/06\/Il-barbiere-di-Siviglia-2022-\u00a9-Michele-Monasta-Maggio-Musicale-Fiorentino.jpg\"><img decoding=\"async\" class=\"alignnone size-full wp-image-23850\" src=\"http:\/\/www.ecoitaliano.com.ar\/wp-content\/uploads\/2022\/06\/Il-barbiere-di-Siviglia-2022-\u00a9-Michele-Monasta-Maggio-Musicale-Fiorentino.jpg\" alt=\"\" width=\"5000\" height=\"3333\" srcset=\"https:\/\/www.ecoitaliano.com.ar\/wp-content\/uploads\/2022\/06\/Il-barbiere-di-Siviglia-2022-\u00a9-Michele-Monasta-Maggio-Musicale-Fiorentino.jpg 5000w, https:\/\/www.ecoitaliano.com.ar\/wp-content\/uploads\/2022\/06\/Il-barbiere-di-Siviglia-2022-\u00a9-Michele-Monasta-Maggio-Musicale-Fiorentino-300x200.jpg 300w, https:\/\/www.ecoitaliano.com.ar\/wp-content\/uploads\/2022\/06\/Il-barbiere-di-Siviglia-2022-\u00a9-Michele-Monasta-Maggio-Musicale-Fiorentino-768x512.jpg 768w, https:\/\/www.ecoitaliano.com.ar\/wp-content\/uploads\/2022\/06\/Il-barbiere-di-Siviglia-2022-\u00a9-Michele-Monasta-Maggio-Musicale-Fiorentino-1024x683.jpg 1024w, https:\/\/www.ecoitaliano.com.ar\/wp-content\/uploads\/2022\/06\/Il-barbiere-di-Siviglia-2022-\u00a9-Michele-Monasta-Maggio-Musicale-Fiorentino-150x100.jpg 150w\" sizes=\"(max-width: 5000px) 100vw, 5000px\" \/><\/a> <a href=\"http:\/\/www.ecoitaliano.com.ar\/wp-content\/uploads\/2022\/06\/Il-barbiere-di-Siviglia-2023-\u00a9-Michele-Monasta-Maggio-Musicale-Fiorentino.jpg\"><img decoding=\"async\" class=\"alignnone size-full wp-image-23851\" src=\"http:\/\/www.ecoitaliano.com.ar\/wp-content\/uploads\/2022\/06\/Il-barbiere-di-Siviglia-2023-\u00a9-Michele-Monasta-Maggio-Musicale-Fiorentino.jpg\" alt=\"\" width=\"5000\" height=\"3333\" srcset=\"https:\/\/www.ecoitaliano.com.ar\/wp-content\/uploads\/2022\/06\/Il-barbiere-di-Siviglia-2023-\u00a9-Michele-Monasta-Maggio-Musicale-Fiorentino.jpg 5000w, https:\/\/www.ecoitaliano.com.ar\/wp-content\/uploads\/2022\/06\/Il-barbiere-di-Siviglia-2023-\u00a9-Michele-Monasta-Maggio-Musicale-Fiorentino-300x200.jpg 300w, https:\/\/www.ecoitaliano.com.ar\/wp-content\/uploads\/2022\/06\/Il-barbiere-di-Siviglia-2023-\u00a9-Michele-Monasta-Maggio-Musicale-Fiorentino-768x512.jpg 768w, https:\/\/www.ecoitaliano.com.ar\/wp-content\/uploads\/2022\/06\/Il-barbiere-di-Siviglia-2023-\u00a9-Michele-Monasta-Maggio-Musicale-Fiorentino-1024x683.jpg 1024w, https:\/\/www.ecoitaliano.com.ar\/wp-content\/uploads\/2022\/06\/Il-barbiere-di-Siviglia-2023-\u00a9-Michele-Monasta-Maggio-Musicale-Fiorentino-150x100.jpg 150w\" sizes=\"(max-width: 5000px) 100vw, 5000px\" \/><\/a> <a href=\"http:\/\/www.ecoitaliano.com.ar\/wp-content\/uploads\/2022\/06\/Il-barbiere-di-Siviglia-2024-\u00a9-Michele-Monasta-Maggio-Musicale-Fiorentino.jpg\"><img decoding=\"async\" class=\"alignnone size-full wp-image-23852\" src=\"http:\/\/www.ecoitaliano.com.ar\/wp-content\/uploads\/2022\/06\/Il-barbiere-di-Siviglia-2024-\u00a9-Michele-Monasta-Maggio-Musicale-Fiorentino.jpg\" alt=\"\" width=\"5000\" height=\"3331\" srcset=\"https:\/\/www.ecoitaliano.com.ar\/wp-content\/uploads\/2022\/06\/Il-barbiere-di-Siviglia-2024-\u00a9-Michele-Monasta-Maggio-Musicale-Fiorentino.jpg 5000w, https:\/\/www.ecoitaliano.com.ar\/wp-content\/uploads\/2022\/06\/Il-barbiere-di-Siviglia-2024-\u00a9-Michele-Monasta-Maggio-Musicale-Fiorentino-300x200.jpg 300w, https:\/\/www.ecoitaliano.com.ar\/wp-content\/uploads\/2022\/06\/Il-barbiere-di-Siviglia-2024-\u00a9-Michele-Monasta-Maggio-Musicale-Fiorentino-768x512.jpg 768w, https:\/\/www.ecoitaliano.com.ar\/wp-content\/uploads\/2022\/06\/Il-barbiere-di-Siviglia-2024-\u00a9-Michele-Monasta-Maggio-Musicale-Fiorentino-1024x682.jpg 1024w, https:\/\/www.ecoitaliano.com.ar\/wp-content\/uploads\/2022\/06\/Il-barbiere-di-Siviglia-2024-\u00a9-Michele-Monasta-Maggio-Musicale-Fiorentino-150x100.jpg 150w\" sizes=\"(max-width: 5000px) 100vw, 5000px\" \/><\/a> <a href=\"http:\/\/www.ecoitaliano.com.ar\/wp-content\/uploads\/2022\/06\/Il-barbiere-di-Siviglia-2025-\u00a9-Michele-Monasta-Maggio-Musicale-Fiorentino.jpg\"><img decoding=\"async\" class=\"alignnone size-full wp-image-23853\" src=\"http:\/\/www.ecoitaliano.com.ar\/wp-content\/uploads\/2022\/06\/Il-barbiere-di-Siviglia-2025-\u00a9-Michele-Monasta-Maggio-Musicale-Fiorentino.jpg\" alt=\"\" width=\"5000\" height=\"3333\" srcset=\"https:\/\/www.ecoitaliano.com.ar\/wp-content\/uploads\/2022\/06\/Il-barbiere-di-Siviglia-2025-\u00a9-Michele-Monasta-Maggio-Musicale-Fiorentino.jpg 5000w, https:\/\/www.ecoitaliano.com.ar\/wp-content\/uploads\/2022\/06\/Il-barbiere-di-Siviglia-2025-\u00a9-Michele-Monasta-Maggio-Musicale-Fiorentino-300x200.jpg 300w, https:\/\/www.ecoitaliano.com.ar\/wp-content\/uploads\/2022\/06\/Il-barbiere-di-Siviglia-2025-\u00a9-Michele-Monasta-Maggio-Musicale-Fiorentino-768x512.jpg 768w, https:\/\/www.ecoitaliano.com.ar\/wp-content\/uploads\/2022\/06\/Il-barbiere-di-Siviglia-2025-\u00a9-Michele-Monasta-Maggio-Musicale-Fiorentino-1024x683.jpg 1024w, https:\/\/www.ecoitaliano.com.ar\/wp-content\/uploads\/2022\/06\/Il-barbiere-di-Siviglia-2025-\u00a9-Michele-Monasta-Maggio-Musicale-Fiorentino-150x100.jpg 150w\" sizes=\"(max-width: 5000px) 100vw, 5000px\" \/><\/a> <a href=\"http:\/\/www.ecoitaliano.com.ar\/wp-content\/uploads\/2022\/06\/Il-barbiere-di-Siviglia-2026-\u00a9-Michele-Monasta-Maggio-Musicale-Fiorentino.jpg\"><img decoding=\"async\" class=\"alignnone size-full wp-image-23854\" src=\"http:\/\/www.ecoitaliano.com.ar\/wp-content\/uploads\/2022\/06\/Il-barbiere-di-Siviglia-2026-\u00a9-Michele-Monasta-Maggio-Musicale-Fiorentino.jpg\" alt=\"\" width=\"5000\" height=\"3333\" srcset=\"https:\/\/www.ecoitaliano.com.ar\/wp-content\/uploads\/2022\/06\/Il-barbiere-di-Siviglia-2026-\u00a9-Michele-Monasta-Maggio-Musicale-Fiorentino.jpg 5000w, https:\/\/www.ecoitaliano.com.ar\/wp-content\/uploads\/2022\/06\/Il-barbiere-di-Siviglia-2026-\u00a9-Michele-Monasta-Maggio-Musicale-Fiorentino-300x200.jpg 300w, https:\/\/www.ecoitaliano.com.ar\/wp-content\/uploads\/2022\/06\/Il-barbiere-di-Siviglia-2026-\u00a9-Michele-Monasta-Maggio-Musicale-Fiorentino-768x512.jpg 768w, https:\/\/www.ecoitaliano.com.ar\/wp-content\/uploads\/2022\/06\/Il-barbiere-di-Siviglia-2026-\u00a9-Michele-Monasta-Maggio-Musicale-Fiorentino-1024x683.jpg 1024w, https:\/\/www.ecoitaliano.com.ar\/wp-content\/uploads\/2022\/06\/Il-barbiere-di-Siviglia-2026-\u00a9-Michele-Monasta-Maggio-Musicale-Fiorentino-150x100.jpg 150w\" sizes=\"(max-width: 5000px) 100vw, 5000px\" \/><\/a> <a href=\"http:\/\/www.ecoitaliano.com.ar\/wp-content\/uploads\/2022\/06\/Il-barbiere-di-Siviglia-2027-\u00a9-Michele-Monasta-Maggio-Musicale-Fiorentino.jpg\"><img decoding=\"async\" class=\"alignnone size-full wp-image-23855\" src=\"http:\/\/www.ecoitaliano.com.ar\/wp-content\/uploads\/2022\/06\/Il-barbiere-di-Siviglia-2027-\u00a9-Michele-Monasta-Maggio-Musicale-Fiorentino.jpg\" alt=\"\" width=\"5000\" height=\"3333\" srcset=\"https:\/\/www.ecoitaliano.com.ar\/wp-content\/uploads\/2022\/06\/Il-barbiere-di-Siviglia-2027-\u00a9-Michele-Monasta-Maggio-Musicale-Fiorentino.jpg 5000w, https:\/\/www.ecoitaliano.com.ar\/wp-content\/uploads\/2022\/06\/Il-barbiere-di-Siviglia-2027-\u00a9-Michele-Monasta-Maggio-Musicale-Fiorentino-300x200.jpg 300w, https:\/\/www.ecoitaliano.com.ar\/wp-content\/uploads\/2022\/06\/Il-barbiere-di-Siviglia-2027-\u00a9-Michele-Monasta-Maggio-Musicale-Fiorentino-768x512.jpg 768w, https:\/\/www.ecoitaliano.com.ar\/wp-content\/uploads\/2022\/06\/Il-barbiere-di-Siviglia-2027-\u00a9-Michele-Monasta-Maggio-Musicale-Fiorentino-1024x683.jpg 1024w, https:\/\/www.ecoitaliano.com.ar\/wp-content\/uploads\/2022\/06\/Il-barbiere-di-Siviglia-2027-\u00a9-Michele-Monasta-Maggio-Musicale-Fiorentino-150x100.jpg 150w\" sizes=\"(max-width: 5000px) 100vw, 5000px\" \/><\/a> <a href=\"http:\/\/www.ecoitaliano.com.ar\/wp-content\/uploads\/2022\/06\/Il-barbiere-di-Siviglia-2028-\u00a9-Michele-Monasta-Maggio-Musicale-Fiorentino.jpg\"><img decoding=\"async\" class=\"alignnone size-full wp-image-23856\" src=\"http:\/\/www.ecoitaliano.com.ar\/wp-content\/uploads\/2022\/06\/Il-barbiere-di-Siviglia-2028-\u00a9-Michele-Monasta-Maggio-Musicale-Fiorentino.jpg\" alt=\"\" width=\"5000\" height=\"3333\" srcset=\"https:\/\/www.ecoitaliano.com.ar\/wp-content\/uploads\/2022\/06\/Il-barbiere-di-Siviglia-2028-\u00a9-Michele-Monasta-Maggio-Musicale-Fiorentino.jpg 5000w, https:\/\/www.ecoitaliano.com.ar\/wp-content\/uploads\/2022\/06\/Il-barbiere-di-Siviglia-2028-\u00a9-Michele-Monasta-Maggio-Musicale-Fiorentino-300x200.jpg 300w, https:\/\/www.ecoitaliano.com.ar\/wp-content\/uploads\/2022\/06\/Il-barbiere-di-Siviglia-2028-\u00a9-Michele-Monasta-Maggio-Musicale-Fiorentino-768x512.jpg 768w, https:\/\/www.ecoitaliano.com.ar\/wp-content\/uploads\/2022\/06\/Il-barbiere-di-Siviglia-2028-\u00a9-Michele-Monasta-Maggio-Musicale-Fiorentino-1024x683.jpg 1024w, https:\/\/www.ecoitaliano.com.ar\/wp-content\/uploads\/2022\/06\/Il-barbiere-di-Siviglia-2028-\u00a9-Michele-Monasta-Maggio-Musicale-Fiorentino-150x100.jpg 150w\" sizes=\"(max-width: 5000px) 100vw, 5000px\" \/><\/a><\/p>\n<h5>il trovatore<\/h5>\n<p><a href=\"http:\/\/www.ecoitaliano.com.ar\/wp-content\/uploads\/2022\/06\/Mar\u00eda-Jos\u00e9-Siri-Leonora-\u00a9-Amati-Bacciardi-Studio.jpg\"><img decoding=\"async\" class=\"alignnone size-full wp-image-23857\" src=\"http:\/\/www.ecoitaliano.com.ar\/wp-content\/uploads\/2022\/06\/Mar\u00eda-Jos\u00e9-Siri-Leonora-\u00a9-Amati-Bacciardi-Studio.jpg\" alt=\"\" width=\"4480\" height=\"6765\" srcset=\"https:\/\/www.ecoitaliano.com.ar\/wp-content\/uploads\/2022\/06\/Mar\u00eda-Jos\u00e9-Siri-Leonora-\u00a9-Amati-Bacciardi-Studio.jpg 4480w, https:\/\/www.ecoitaliano.com.ar\/wp-content\/uploads\/2022\/06\/Mar\u00eda-Jos\u00e9-Siri-Leonora-\u00a9-Amati-Bacciardi-Studio-199x300.jpg 199w, https:\/\/www.ecoitaliano.com.ar\/wp-content\/uploads\/2022\/06\/Mar\u00eda-Jos\u00e9-Siri-Leonora-\u00a9-Amati-Bacciardi-Studio-768x1160.jpg 768w, https:\/\/www.ecoitaliano.com.ar\/wp-content\/uploads\/2022\/06\/Mar\u00eda-Jos\u00e9-Siri-Leonora-\u00a9-Amati-Bacciardi-Studio-678x1024.jpg 678w, https:\/\/www.ecoitaliano.com.ar\/wp-content\/uploads\/2022\/06\/Mar\u00eda-Jos\u00e9-Siri-Leonora-\u00a9-Amati-Bacciardi-Studio-99x150.jpg 99w\" sizes=\"(max-width: 4480px) 100vw, 4480px\" \/><\/a> <a href=\"http:\/\/www.ecoitaliano.com.ar\/wp-content\/uploads\/2022\/06\/Riccardo-Fassi-Ferrando-\u00a9-Nicola-Allegri.jpg\"><img decoding=\"async\" class=\"alignnone size-full wp-image-23858\" src=\"http:\/\/www.ecoitaliano.com.ar\/wp-content\/uploads\/2022\/06\/Riccardo-Fassi-Ferrando-\u00a9-Nicola-Allegri.jpg\" alt=\"\" width=\"2667\" height=\"4000\" srcset=\"https:\/\/www.ecoitaliano.com.ar\/wp-content\/uploads\/2022\/06\/Riccardo-Fassi-Ferrando-\u00a9-Nicola-Allegri.jpg 2667w, https:\/\/www.ecoitaliano.com.ar\/wp-content\/uploads\/2022\/06\/Riccardo-Fassi-Ferrando-\u00a9-Nicola-Allegri-200x300.jpg 200w, https:\/\/www.ecoitaliano.com.ar\/wp-content\/uploads\/2022\/06\/Riccardo-Fassi-Ferrando-\u00a9-Nicola-Allegri-768x1152.jpg 768w, https:\/\/www.ecoitaliano.com.ar\/wp-content\/uploads\/2022\/06\/Riccardo-Fassi-Ferrando-\u00a9-Nicola-Allegri-683x1024.jpg 683w, https:\/\/www.ecoitaliano.com.ar\/wp-content\/uploads\/2022\/06\/Riccardo-Fassi-Ferrando-\u00a9-Nicola-Allegri-100x150.jpg 100w\" sizes=\"(max-width: 2667px) 100vw, 2667px\" \/><\/a><\/p>\n<figure id=\"attachment_23859\" aria-describedby=\"caption-attachment-23859\" style=\"width: 4961px\" class=\"wp-caption alignnone\"><a href=\"http:\/\/www.ecoitaliano.com.ar\/wp-content\/uploads\/2022\/06\/Zubin-Mehta-\u00a9-Alberto-Conti-Contrasto.jpg\"><img decoding=\"async\" class=\"size-full wp-image-23859\" src=\"http:\/\/www.ecoitaliano.com.ar\/wp-content\/uploads\/2022\/06\/Zubin-Mehta-\u00a9-Alberto-Conti-Contrasto.jpg\" alt=\"\" width=\"4961\" height=\"4961\" srcset=\"https:\/\/www.ecoitaliano.com.ar\/wp-content\/uploads\/2022\/06\/Zubin-Mehta-\u00a9-Alberto-Conti-Contrasto.jpg 4961w, https:\/\/www.ecoitaliano.com.ar\/wp-content\/uploads\/2022\/06\/Zubin-Mehta-\u00a9-Alberto-Conti-Contrasto-150x150.jpg 150w, https:\/\/www.ecoitaliano.com.ar\/wp-content\/uploads\/2022\/06\/Zubin-Mehta-\u00a9-Alberto-Conti-Contrasto-300x300.jpg 300w, https:\/\/www.ecoitaliano.com.ar\/wp-content\/uploads\/2022\/06\/Zubin-Mehta-\u00a9-Alberto-Conti-Contrasto-768x768.jpg 768w, https:\/\/www.ecoitaliano.com.ar\/wp-content\/uploads\/2022\/06\/Zubin-Mehta-\u00a9-Alberto-Conti-Contrasto-1024x1024.jpg 1024w\" sizes=\"(max-width: 4961px) 100vw, 4961px\" \/><\/a><figcaption id=\"caption-attachment-23859\" class=\"wp-caption-text\">zubin mehta &#8211; firenze novembre 2015<\/figcaption><\/figure>\n<p><a href=\"http:\/\/www.ecoitaliano.com.ar\/wp-content\/uploads\/2022\/06\/Amartuvshin-Enkhbat-Il-conte-di-Luna.png\"><img decoding=\"async\" class=\"alignnone size-full wp-image-23860\" src=\"http:\/\/www.ecoitaliano.com.ar\/wp-content\/uploads\/2022\/06\/Amartuvshin-Enkhbat-Il-conte-di-Luna.png\" alt=\"\" width=\"1010\" height=\"1830\" srcset=\"https:\/\/www.ecoitaliano.com.ar\/wp-content\/uploads\/2022\/06\/Amartuvshin-Enkhbat-Il-conte-di-Luna.png 1010w, https:\/\/www.ecoitaliano.com.ar\/wp-content\/uploads\/2022\/06\/Amartuvshin-Enkhbat-Il-conte-di-Luna-166x300.png 166w, https:\/\/www.ecoitaliano.com.ar\/wp-content\/uploads\/2022\/06\/Amartuvshin-Enkhbat-Il-conte-di-Luna-768x1392.png 768w, https:\/\/www.ecoitaliano.com.ar\/wp-content\/uploads\/2022\/06\/Amartuvshin-Enkhbat-Il-conte-di-Luna-565x1024.png 565w, https:\/\/www.ecoitaliano.com.ar\/wp-content\/uploads\/2022\/06\/Amartuvshin-Enkhbat-Il-conte-di-Luna-83x150.png 83w\" sizes=\"(max-width: 1010px) 100vw, 1010px\" \/><\/a> <a href=\"http:\/\/www.ecoitaliano.com.ar\/wp-content\/uploads\/2022\/06\/Cesare-Lievi-regia.jpg\"><img decoding=\"async\" class=\"alignnone size-full wp-image-23861\" src=\"http:\/\/www.ecoitaliano.com.ar\/wp-content\/uploads\/2022\/06\/Cesare-Lievi-regia.jpg\" alt=\"\" width=\"1200\" height=\"1800\" srcset=\"https:\/\/www.ecoitaliano.com.ar\/wp-content\/uploads\/2022\/06\/Cesare-Lievi-regia.jpg 1200w, https:\/\/www.ecoitaliano.com.ar\/wp-content\/uploads\/2022\/06\/Cesare-Lievi-regia-200x300.jpg 200w, https:\/\/www.ecoitaliano.com.ar\/wp-content\/uploads\/2022\/06\/Cesare-Lievi-regia-768x1152.jpg 768w, https:\/\/www.ecoitaliano.com.ar\/wp-content\/uploads\/2022\/06\/Cesare-Lievi-regia-683x1024.jpg 683w, https:\/\/www.ecoitaliano.com.ar\/wp-content\/uploads\/2022\/06\/Cesare-Lievi-regia-100x150.jpg 100w\" sizes=\"(max-width: 1200px) 100vw, 1200px\" \/><\/a> <a href=\"http:\/\/www.ecoitaliano.com.ar\/wp-content\/uploads\/2022\/06\/Ekaterina-Semenchuk-Azucena-\u00a9-Alexey-Kostromin.jpg\"><img decoding=\"async\" class=\"alignnone size-full wp-image-23862\" src=\"http:\/\/www.ecoitaliano.com.ar\/wp-content\/uploads\/2022\/06\/Ekaterina-Semenchuk-Azucena-\u00a9-Alexey-Kostromin.jpg\" alt=\"\" width=\"1200\" height=\"1000\" srcset=\"https:\/\/www.ecoitaliano.com.ar\/wp-content\/uploads\/2022\/06\/Ekaterina-Semenchuk-Azucena-\u00a9-Alexey-Kostromin.jpg 1200w, https:\/\/www.ecoitaliano.com.ar\/wp-content\/uploads\/2022\/06\/Ekaterina-Semenchuk-Azucena-\u00a9-Alexey-Kostromin-300x250.jpg 300w, https:\/\/www.ecoitaliano.com.ar\/wp-content\/uploads\/2022\/06\/Ekaterina-Semenchuk-Azucena-\u00a9-Alexey-Kostromin-768x640.jpg 768w, https:\/\/www.ecoitaliano.com.ar\/wp-content\/uploads\/2022\/06\/Ekaterina-Semenchuk-Azucena-\u00a9-Alexey-Kostromin-1024x853.jpg 1024w, https:\/\/www.ecoitaliano.com.ar\/wp-content\/uploads\/2022\/06\/Ekaterina-Semenchuk-Azucena-\u00a9-Alexey-Kostromin-150x125.jpg 150w\" sizes=\"(max-width: 1200px) 100vw, 1200px\" \/><\/a> <a href=\"http:\/\/www.ecoitaliano.com.ar\/wp-content\/uploads\/2022\/06\/Fabio-Sartori-Manrico.jpg\"><img decoding=\"async\" class=\"alignnone size-full wp-image-23863\" src=\"http:\/\/www.ecoitaliano.com.ar\/wp-content\/uploads\/2022\/06\/Fabio-Sartori-Manrico.jpg\" alt=\"\" width=\"1500\" height=\"1000\" srcset=\"https:\/\/www.ecoitaliano.com.ar\/wp-content\/uploads\/2022\/06\/Fabio-Sartori-Manrico.jpg 1500w, https:\/\/www.ecoitaliano.com.ar\/wp-content\/uploads\/2022\/06\/Fabio-Sartori-Manrico-300x200.jpg 300w, https:\/\/www.ecoitaliano.com.ar\/wp-content\/uploads\/2022\/06\/Fabio-Sartori-Manrico-768x512.jpg 768w, https:\/\/www.ecoitaliano.com.ar\/wp-content\/uploads\/2022\/06\/Fabio-Sartori-Manrico-1024x683.jpg 1024w, https:\/\/www.ecoitaliano.com.ar\/wp-content\/uploads\/2022\/06\/Fabio-Sartori-Manrico-150x100.jpg 150w\" sizes=\"(max-width: 1500px) 100vw, 1500px\" \/><\/a> <a href=\"http:\/\/www.ecoitaliano.com.ar\/wp-content\/uploads\/2022\/06\/Luigi-Perego-scene-e-costumi-\u00a9-Michele-Monasta-Maggio-Musicale-Fiorentino.jpg\"><img decoding=\"async\" class=\"alignnone size-full wp-image-23864\" src=\"http:\/\/www.ecoitaliano.com.ar\/wp-content\/uploads\/2022\/06\/Luigi-Perego-scene-e-costumi-\u00a9-Michele-Monasta-Maggio-Musicale-Fiorentino.jpg\" alt=\"\" width=\"7500\" height=\"5000\" srcset=\"https:\/\/www.ecoitaliano.com.ar\/wp-content\/uploads\/2022\/06\/Luigi-Perego-scene-e-costumi-\u00a9-Michele-Monasta-Maggio-Musicale-Fiorentino.jpg 7500w, https:\/\/www.ecoitaliano.com.ar\/wp-content\/uploads\/2022\/06\/Luigi-Perego-scene-e-costumi-\u00a9-Michele-Monasta-Maggio-Musicale-Fiorentino-300x200.jpg 300w, https:\/\/www.ecoitaliano.com.ar\/wp-content\/uploads\/2022\/06\/Luigi-Perego-scene-e-costumi-\u00a9-Michele-Monasta-Maggio-Musicale-Fiorentino-768x512.jpg 768w, https:\/\/www.ecoitaliano.com.ar\/wp-content\/uploads\/2022\/06\/Luigi-Perego-scene-e-costumi-\u00a9-Michele-Monasta-Maggio-Musicale-Fiorentino-1024x683.jpg 1024w, https:\/\/www.ecoitaliano.com.ar\/wp-content\/uploads\/2022\/06\/Luigi-Perego-scene-e-costumi-\u00a9-Michele-Monasta-Maggio-Musicale-Fiorentino-150x100.jpg 150w\" sizes=\"(max-width: 7500px) 100vw, 7500px\" \/><\/a><\/p>\n<h5>Alcina<\/h5>\n<p><a href=\"http:\/\/www.ecoitaliano.com.ar\/wp-content\/uploads\/2022\/06\/Gianluca-Capuano-direttore-\u00a9-OMC.jpg\"><img decoding=\"async\" class=\"alignnone size-full wp-image-23866\" src=\"http:\/\/www.ecoitaliano.com.ar\/wp-content\/uploads\/2022\/06\/Gianluca-Capuano-direttore-\u00a9-OMC.jpg\" alt=\"\" width=\"1901\" height=\"2376\" srcset=\"https:\/\/www.ecoitaliano.com.ar\/wp-content\/uploads\/2022\/06\/Gianluca-Capuano-direttore-\u00a9-OMC.jpg 1901w, https:\/\/www.ecoitaliano.com.ar\/wp-content\/uploads\/2022\/06\/Gianluca-Capuano-direttore-\u00a9-OMC-240x300.jpg 240w, https:\/\/www.ecoitaliano.com.ar\/wp-content\/uploads\/2022\/06\/Gianluca-Capuano-direttore-\u00a9-OMC-768x960.jpg 768w, https:\/\/www.ecoitaliano.com.ar\/wp-content\/uploads\/2022\/06\/Gianluca-Capuano-direttore-\u00a9-OMC-819x1024.jpg 819w, https:\/\/www.ecoitaliano.com.ar\/wp-content\/uploads\/2022\/06\/Gianluca-Capuano-direttore-\u00a9-OMC-120x150.jpg 120w\" sizes=\"(max-width: 1901px) 100vw, 1901px\" \/><\/a> <a href=\"http:\/\/www.ecoitaliano.com.ar\/wp-content\/uploads\/2022\/06\/Kristina-Hammarstr\u00f6m-Bradamante-\u00a9-Mats-B\u00e4cker.jpg\"><img decoding=\"async\" class=\"alignnone size-full wp-image-23867\" src=\"http:\/\/www.ecoitaliano.com.ar\/wp-content\/uploads\/2022\/06\/Kristina-Hammarstr\u00f6m-Bradamante-\u00a9-Mats-B\u00e4cker.jpg\" alt=\"\" width=\"1680\" height=\"720\" srcset=\"https:\/\/www.ecoitaliano.com.ar\/wp-content\/uploads\/2022\/06\/Kristina-Hammarstr\u00f6m-Bradamante-\u00a9-Mats-B\u00e4cker.jpg 1680w, https:\/\/www.ecoitaliano.com.ar\/wp-content\/uploads\/2022\/06\/Kristina-Hammarstr\u00f6m-Bradamante-\u00a9-Mats-B\u00e4cker-300x129.jpg 300w, https:\/\/www.ecoitaliano.com.ar\/wp-content\/uploads\/2022\/06\/Kristina-Hammarstr\u00f6m-Bradamante-\u00a9-Mats-B\u00e4cker-768x329.jpg 768w, https:\/\/www.ecoitaliano.com.ar\/wp-content\/uploads\/2022\/06\/Kristina-Hammarstr\u00f6m-Bradamante-\u00a9-Mats-B\u00e4cker-1024x439.jpg 1024w, https:\/\/www.ecoitaliano.com.ar\/wp-content\/uploads\/2022\/06\/Kristina-Hammarstr\u00f6m-Bradamante-\u00a9-Mats-B\u00e4cker-150x64.jpg 150w\" sizes=\"(max-width: 1680px) 100vw, 1680px\" \/><\/a> <a href=\"http:\/\/www.ecoitaliano.com.ar\/wp-content\/uploads\/2022\/06\/Luc\u00eda-Mart\u00edn-Cart\u00f3n-Morgana.png\"><img decoding=\"async\" class=\"alignnone size-full wp-image-23868\" src=\"http:\/\/www.ecoitaliano.com.ar\/wp-content\/uploads\/2022\/06\/Luc\u00eda-Mart\u00edn-Cart\u00f3n-Morgana.png\" alt=\"\" width=\"1024\" height=\"1009\" srcset=\"https:\/\/www.ecoitaliano.com.ar\/wp-content\/uploads\/2022\/06\/Luc\u00eda-Mart\u00edn-Cart\u00f3n-Morgana.png 1024w, https:\/\/www.ecoitaliano.com.ar\/wp-content\/uploads\/2022\/06\/Luc\u00eda-Mart\u00edn-Cart\u00f3n-Morgana-300x296.png 300w, https:\/\/www.ecoitaliano.com.ar\/wp-content\/uploads\/2022\/06\/Luc\u00eda-Mart\u00edn-Cart\u00f3n-Morgana-768x757.png 768w, https:\/\/www.ecoitaliano.com.ar\/wp-content\/uploads\/2022\/06\/Luc\u00eda-Mart\u00edn-Cart\u00f3n-Morgana-150x148.png 150w\" sizes=\"(max-width: 1024px) 100vw, 1024px\" \/><\/a> <a href=\"http:\/\/www.ecoitaliano.com.ar\/wp-content\/uploads\/2022\/06\/Petr-Nekoranec-Oronte.jpg\"><img decoding=\"async\" class=\"alignnone size-full wp-image-23869\" src=\"http:\/\/www.ecoitaliano.com.ar\/wp-content\/uploads\/2022\/06\/Petr-Nekoranec-Oronte.jpg\" alt=\"\" width=\"810\" height=\"1430\" srcset=\"https:\/\/www.ecoitaliano.com.ar\/wp-content\/uploads\/2022\/06\/Petr-Nekoranec-Oronte.jpg 810w, https:\/\/www.ecoitaliano.com.ar\/wp-content\/uploads\/2022\/06\/Petr-Nekoranec-Oronte-170x300.jpg 170w, https:\/\/www.ecoitaliano.com.ar\/wp-content\/uploads\/2022\/06\/Petr-Nekoranec-Oronte-768x1356.jpg 768w, https:\/\/www.ecoitaliano.com.ar\/wp-content\/uploads\/2022\/06\/Petr-Nekoranec-Oronte-580x1024.jpg 580w, https:\/\/www.ecoitaliano.com.ar\/wp-content\/uploads\/2022\/06\/Petr-Nekoranec-Oronte-85x150.jpg 85w\" sizes=\"(max-width: 810px) 100vw, 810px\" \/><\/a> <a href=\"http:\/\/www.ecoitaliano.com.ar\/wp-content\/uploads\/2022\/06\/Riccardo-Novaro-Melisso-\u00a9-Laure-Duchet.jpg\"><img decoding=\"async\" class=\"alignnone size-full wp-image-23870\" src=\"http:\/\/www.ecoitaliano.com.ar\/wp-content\/uploads\/2022\/06\/Riccardo-Novaro-Melisso-\u00a9-Laure-Duchet.jpg\" alt=\"\" width=\"2094\" height=\"3141\" srcset=\"https:\/\/www.ecoitaliano.com.ar\/wp-content\/uploads\/2022\/06\/Riccardo-Novaro-Melisso-\u00a9-Laure-Duchet.jpg 2094w, https:\/\/www.ecoitaliano.com.ar\/wp-content\/uploads\/2022\/06\/Riccardo-Novaro-Melisso-\u00a9-Laure-Duchet-200x300.jpg 200w, https:\/\/www.ecoitaliano.com.ar\/wp-content\/uploads\/2022\/06\/Riccardo-Novaro-Melisso-\u00a9-Laure-Duchet-768x1152.jpg 768w, https:\/\/www.ecoitaliano.com.ar\/wp-content\/uploads\/2022\/06\/Riccardo-Novaro-Melisso-\u00a9-Laure-Duchet-683x1024.jpg 683w, https:\/\/www.ecoitaliano.com.ar\/wp-content\/uploads\/2022\/06\/Riccardo-Novaro-Melisso-\u00a9-Laure-Duchet-100x150.jpg 100w\" sizes=\"(max-width: 2094px) 100vw, 2094px\" \/><\/a> <a href=\"http:\/\/www.ecoitaliano.com.ar\/wp-content\/uploads\/2022\/06\/Carlo-Vistoli-Ruggiero-\u00a9-Nicola-Allegri.jpg\"><img decoding=\"async\" class=\"alignnone size-full wp-image-23871\" src=\"http:\/\/www.ecoitaliano.com.ar\/wp-content\/uploads\/2022\/06\/Carlo-Vistoli-Ruggiero-\u00a9-Nicola-Allegri.jpg\" alt=\"\" width=\"4480\" height=\"5819\" srcset=\"https:\/\/www.ecoitaliano.com.ar\/wp-content\/uploads\/2022\/06\/Carlo-Vistoli-Ruggiero-\u00a9-Nicola-Allegri.jpg 4480w, https:\/\/www.ecoitaliano.com.ar\/wp-content\/uploads\/2022\/06\/Carlo-Vistoli-Ruggiero-\u00a9-Nicola-Allegri-231x300.jpg 231w, https:\/\/www.ecoitaliano.com.ar\/wp-content\/uploads\/2022\/06\/Carlo-Vistoli-Ruggiero-\u00a9-Nicola-Allegri-768x998.jpg 768w, https:\/\/www.ecoitaliano.com.ar\/wp-content\/uploads\/2022\/06\/Carlo-Vistoli-Ruggiero-\u00a9-Nicola-Allegri-788x1024.jpg 788w, https:\/\/www.ecoitaliano.com.ar\/wp-content\/uploads\/2022\/06\/Carlo-Vistoli-Ruggiero-\u00a9-Nicola-Allegri-115x150.jpg 115w\" sizes=\"(max-width: 4480px) 100vw, 4480px\" \/><\/a> <a href=\"http:\/\/www.ecoitaliano.com.ar\/wp-content\/uploads\/2022\/06\/Cecilia-Bartoli-al-Maggio-\u00a9-Michele-Monasta-Maggio-Musicale-Fiorentino.jpg\"><img decoding=\"async\" class=\"alignnone size-full wp-image-23873\" src=\"http:\/\/www.ecoitaliano.com.ar\/wp-content\/uploads\/2022\/06\/Cecilia-Bartoli-al-Maggio-\u00a9-Michele-Monasta-Maggio-Musicale-Fiorentino.jpg\" alt=\"\" width=\"5000\" height=\"3333\" srcset=\"https:\/\/www.ecoitaliano.com.ar\/wp-content\/uploads\/2022\/06\/Cecilia-Bartoli-al-Maggio-\u00a9-Michele-Monasta-Maggio-Musicale-Fiorentino.jpg 5000w, https:\/\/www.ecoitaliano.com.ar\/wp-content\/uploads\/2022\/06\/Cecilia-Bartoli-al-Maggio-\u00a9-Michele-Monasta-Maggio-Musicale-Fiorentino-300x200.jpg 300w, https:\/\/www.ecoitaliano.com.ar\/wp-content\/uploads\/2022\/06\/Cecilia-Bartoli-al-Maggio-\u00a9-Michele-Monasta-Maggio-Musicale-Fiorentino-768x512.jpg 768w, https:\/\/www.ecoitaliano.com.ar\/wp-content\/uploads\/2022\/06\/Cecilia-Bartoli-al-Maggio-\u00a9-Michele-Monasta-Maggio-Musicale-Fiorentino-1024x683.jpg 1024w, https:\/\/www.ecoitaliano.com.ar\/wp-content\/uploads\/2022\/06\/Cecilia-Bartoli-al-Maggio-\u00a9-Michele-Monasta-Maggio-Musicale-Fiorentino-150x100.jpg 150w\" sizes=\"(max-width: 5000px) 100vw, 5000px\" \/><\/a> <a href=\"http:\/\/www.ecoitaliano.com.ar\/wp-content\/uploads\/2022\/06\/Cecilia-Bartoli-e-Les-Musiciens-du-Prince-Monaco-al-Maggio-\u00a9-Michele-Monasta-Maggio-Musicale-Fiorentino.jpg\"><img decoding=\"async\" class=\"alignnone size-full wp-image-23874\" src=\"http:\/\/www.ecoitaliano.com.ar\/wp-content\/uploads\/2022\/06\/Cecilia-Bartoli-e-Les-Musiciens-du-Prince-Monaco-al-Maggio-\u00a9-Michele-Monasta-Maggio-Musicale-Fiorentino.jpg\" alt=\"\" width=\"5000\" height=\"3333\" srcset=\"https:\/\/www.ecoitaliano.com.ar\/wp-content\/uploads\/2022\/06\/Cecilia-Bartoli-e-Les-Musiciens-du-Prince-Monaco-al-Maggio-\u00a9-Michele-Monasta-Maggio-Musicale-Fiorentino.jpg 5000w, https:\/\/www.ecoitaliano.com.ar\/wp-content\/uploads\/2022\/06\/Cecilia-Bartoli-e-Les-Musiciens-du-Prince-Monaco-al-Maggio-\u00a9-Michele-Monasta-Maggio-Musicale-Fiorentino-300x200.jpg 300w, https:\/\/www.ecoitaliano.com.ar\/wp-content\/uploads\/2022\/06\/Cecilia-Bartoli-e-Les-Musiciens-du-Prince-Monaco-al-Maggio-\u00a9-Michele-Monasta-Maggio-Musicale-Fiorentino-768x512.jpg 768w, https:\/\/www.ecoitaliano.com.ar\/wp-content\/uploads\/2022\/06\/Cecilia-Bartoli-e-Les-Musiciens-du-Prince-Monaco-al-Maggio-\u00a9-Michele-Monasta-Maggio-Musicale-Fiorentino-1024x683.jpg 1024w, https:\/\/www.ecoitaliano.com.ar\/wp-content\/uploads\/2022\/06\/Cecilia-Bartoli-e-Les-Musiciens-du-Prince-Monaco-al-Maggio-\u00a9-Michele-Monasta-Maggio-Musicale-Fiorentino-150x100.jpg 150w\" sizes=\"(max-width: 5000px) 100vw, 5000px\" \/><\/a><\/p>\n<p><a href=\"http:\/\/www.ecoitaliano.com.ar\/wp-content\/uploads\/2022\/06\/Alcina-Salisburgo-2019-\u00a9-SF-Matthias-Horn-2.jpg\"><img decoding=\"async\" class=\"alignnone size-full wp-image-23875\" src=\"http:\/\/www.ecoitaliano.com.ar\/wp-content\/uploads\/2022\/06\/Alcina-Salisburgo-2019-\u00a9-SF-Matthias-Horn-2.jpg\" alt=\"\" width=\"2000\" height=\"1333\" srcset=\"https:\/\/www.ecoitaliano.com.ar\/wp-content\/uploads\/2022\/06\/Alcina-Salisburgo-2019-\u00a9-SF-Matthias-Horn-2.jpg 2000w, https:\/\/www.ecoitaliano.com.ar\/wp-content\/uploads\/2022\/06\/Alcina-Salisburgo-2019-\u00a9-SF-Matthias-Horn-2-300x200.jpg 300w, https:\/\/www.ecoitaliano.com.ar\/wp-content\/uploads\/2022\/06\/Alcina-Salisburgo-2019-\u00a9-SF-Matthias-Horn-2-768x512.jpg 768w, https:\/\/www.ecoitaliano.com.ar\/wp-content\/uploads\/2022\/06\/Alcina-Salisburgo-2019-\u00a9-SF-Matthias-Horn-2-1024x682.jpg 1024w, https:\/\/www.ecoitaliano.com.ar\/wp-content\/uploads\/2022\/06\/Alcina-Salisburgo-2019-\u00a9-SF-Matthias-Horn-2-150x100.jpg 150w\" sizes=\"(max-width: 2000px) 100vw, 2000px\" \/><\/a> <a href=\"http:\/\/www.ecoitaliano.com.ar\/wp-content\/uploads\/2022\/06\/Alcina-Salisburgo-2019-\u00a9-SF-Matthias-Horn-3.jpg\"><img decoding=\"async\" class=\"alignnone size-full wp-image-23876\" src=\"http:\/\/www.ecoitaliano.com.ar\/wp-content\/uploads\/2022\/06\/Alcina-Salisburgo-2019-\u00a9-SF-Matthias-Horn-3.jpg\" alt=\"\" width=\"1891\" height=\"2837\" srcset=\"https:\/\/www.ecoitaliano.com.ar\/wp-content\/uploads\/2022\/06\/Alcina-Salisburgo-2019-\u00a9-SF-Matthias-Horn-3.jpg 1891w, https:\/\/www.ecoitaliano.com.ar\/wp-content\/uploads\/2022\/06\/Alcina-Salisburgo-2019-\u00a9-SF-Matthias-Horn-3-200x300.jpg 200w, https:\/\/www.ecoitaliano.com.ar\/wp-content\/uploads\/2022\/06\/Alcina-Salisburgo-2019-\u00a9-SF-Matthias-Horn-3-768x1152.jpg 768w, https:\/\/www.ecoitaliano.com.ar\/wp-content\/uploads\/2022\/06\/Alcina-Salisburgo-2019-\u00a9-SF-Matthias-Horn-3-683x1024.jpg 683w, https:\/\/www.ecoitaliano.com.ar\/wp-content\/uploads\/2022\/06\/Alcina-Salisburgo-2019-\u00a9-SF-Matthias-Horn-3-100x150.jpg 100w\" sizes=\"(max-width: 1891px) 100vw, 1891px\" \/><\/a> <a href=\"http:\/\/www.ecoitaliano.com.ar\/wp-content\/uploads\/2022\/06\/Alcina-Salisburgo-2019-\u00a9-SF-Matthias-Horn-4.jpg\"><img decoding=\"async\" class=\"alignnone size-full wp-image-23877\" src=\"http:\/\/www.ecoitaliano.com.ar\/wp-content\/uploads\/2022\/06\/Alcina-Salisburgo-2019-\u00a9-SF-Matthias-Horn-4.jpg\" alt=\"\" width=\"1472\" height=\"981\" srcset=\"https:\/\/www.ecoitaliano.com.ar\/wp-content\/uploads\/2022\/06\/Alcina-Salisburgo-2019-\u00a9-SF-Matthias-Horn-4.jpg 1472w, https:\/\/www.ecoitaliano.com.ar\/wp-content\/uploads\/2022\/06\/Alcina-Salisburgo-2019-\u00a9-SF-Matthias-Horn-4-300x200.jpg 300w, https:\/\/www.ecoitaliano.com.ar\/wp-content\/uploads\/2022\/06\/Alcina-Salisburgo-2019-\u00a9-SF-Matthias-Horn-4-768x512.jpg 768w, https:\/\/www.ecoitaliano.com.ar\/wp-content\/uploads\/2022\/06\/Alcina-Salisburgo-2019-\u00a9-SF-Matthias-Horn-4-1024x682.jpg 1024w, https:\/\/www.ecoitaliano.com.ar\/wp-content\/uploads\/2022\/06\/Alcina-Salisburgo-2019-\u00a9-SF-Matthias-Horn-4-150x100.jpg 150w\" sizes=\"(max-width: 1472px) 100vw, 1472px\" \/><\/a> <a href=\"http:\/\/www.ecoitaliano.com.ar\/wp-content\/uploads\/2022\/06\/Alcina-Salisburgo-2019-\u00a9-SF-Matthias-Horn-5.jpg\"><img decoding=\"async\" class=\"alignnone size-full wp-image-23878\" src=\"http:\/\/www.ecoitaliano.com.ar\/wp-content\/uploads\/2022\/06\/Alcina-Salisburgo-2019-\u00a9-SF-Matthias-Horn-5.jpg\" alt=\"\" width=\"2000\" height=\"1333\" srcset=\"https:\/\/www.ecoitaliano.com.ar\/wp-content\/uploads\/2022\/06\/Alcina-Salisburgo-2019-\u00a9-SF-Matthias-Horn-5.jpg 2000w, https:\/\/www.ecoitaliano.com.ar\/wp-content\/uploads\/2022\/06\/Alcina-Salisburgo-2019-\u00a9-SF-Matthias-Horn-5-300x200.jpg 300w, https:\/\/www.ecoitaliano.com.ar\/wp-content\/uploads\/2022\/06\/Alcina-Salisburgo-2019-\u00a9-SF-Matthias-Horn-5-768x512.jpg 768w, https:\/\/www.ecoitaliano.com.ar\/wp-content\/uploads\/2022\/06\/Alcina-Salisburgo-2019-\u00a9-SF-Matthias-Horn-5-1024x682.jpg 1024w, https:\/\/www.ecoitaliano.com.ar\/wp-content\/uploads\/2022\/06\/Alcina-Salisburgo-2019-\u00a9-SF-Matthias-Horn-5-150x100.jpg 150w\" sizes=\"(max-width: 2000px) 100vw, 2000px\" \/><\/a> <a href=\"http:\/\/www.ecoitaliano.com.ar\/wp-content\/uploads\/2022\/06\/Alcina-Salisburgo-2019-\u00a9-SF-Matthias-Horn.jpg\"><img decoding=\"async\" class=\"alignnone size-full wp-image-23879\" src=\"http:\/\/www.ecoitaliano.com.ar\/wp-content\/uploads\/2022\/06\/Alcina-Salisburgo-2019-\u00a9-SF-Matthias-Horn.jpg\" alt=\"\" width=\"2000\" height=\"3000\" srcset=\"https:\/\/www.ecoitaliano.com.ar\/wp-content\/uploads\/2022\/06\/Alcina-Salisburgo-2019-\u00a9-SF-Matthias-Horn.jpg 2000w, https:\/\/www.ecoitaliano.com.ar\/wp-content\/uploads\/2022\/06\/Alcina-Salisburgo-2019-\u00a9-SF-Matthias-Horn-200x300.jpg 200w, https:\/\/www.ecoitaliano.com.ar\/wp-content\/uploads\/2022\/06\/Alcina-Salisburgo-2019-\u00a9-SF-Matthias-Horn-768x1152.jpg 768w, https:\/\/www.ecoitaliano.com.ar\/wp-content\/uploads\/2022\/06\/Alcina-Salisburgo-2019-\u00a9-SF-Matthias-Horn-683x1024.jpg 683w, https:\/\/www.ecoitaliano.com.ar\/wp-content\/uploads\/2022\/06\/Alcina-Salisburgo-2019-\u00a9-SF-Matthias-Horn-100x150.jpg 100w\" sizes=\"(max-width: 2000px) 100vw, 2000px\" \/><\/a><\/p>\n<div style=\"width: 1920px;\" class=\"wp-video\"><!--[if lt IE 9]><script>document.createElement('video');<\/script><![endif]-->\n<video class=\"wp-video-shortcode\" id=\"video-23843-1\" width=\"1920\" height=\"1080\" preload=\"metadata\" controls=\"controls\"><source type=\"video\/mp4\" src=\"http:\/\/www.ecoitaliano.com.ar\/wp-content\/uploads\/2022\/06\/Alcina-Salisburgo-2019_Trailer.mp4?_=1\" \/><a href=\"http:\/\/www.ecoitaliano.com.ar\/wp-content\/uploads\/2022\/06\/Alcina-Salisburgo-2019_Trailer.mp4\">http:\/\/www.ecoitaliano.com.ar\/wp-content\/uploads\/2022\/06\/Alcina-Salisburgo-2019_Trailer.mp4<\/a><\/video><\/div>\n<h5>Ernani<\/h5>\n<p><a href=\"http:\/\/www.ecoitaliano.com.ar\/wp-content\/uploads\/2022\/06\/Vitalij-Kowaljow-Don-Ruy-Gomez-de-Silva.jpeg\"><img decoding=\"async\" class=\"alignnone size-full wp-image-23884\" src=\"http:\/\/www.ecoitaliano.com.ar\/wp-content\/uploads\/2022\/06\/Vitalij-Kowaljow-Don-Ruy-Gomez-de-Silva.jpeg\" alt=\"\" width=\"835\" height=\"1280\" srcset=\"https:\/\/www.ecoitaliano.com.ar\/wp-content\/uploads\/2022\/06\/Vitalij-Kowaljow-Don-Ruy-Gomez-de-Silva.jpeg 835w, https:\/\/www.ecoitaliano.com.ar\/wp-content\/uploads\/2022\/06\/Vitalij-Kowaljow-Don-Ruy-Gomez-de-Silva-196x300.jpeg 196w, https:\/\/www.ecoitaliano.com.ar\/wp-content\/uploads\/2022\/06\/Vitalij-Kowaljow-Don-Ruy-Gomez-de-Silva-768x1177.jpeg 768w, https:\/\/www.ecoitaliano.com.ar\/wp-content\/uploads\/2022\/06\/Vitalij-Kowaljow-Don-Ruy-Gomez-de-Silva-668x1024.jpeg 668w, https:\/\/www.ecoitaliano.com.ar\/wp-content\/uploads\/2022\/06\/Vitalij-Kowaljow-Don-Ruy-Gomez-de-Silva-98x150.jpeg 98w\" sizes=\"(max-width: 835px) 100vw, 835px\" \/><\/a> <a href=\"http:\/\/www.ecoitaliano.com.ar\/wp-content\/uploads\/2022\/06\/Francesco-Meli-Ernani-\u00a9-Victor-Santiago.jpg\"><img decoding=\"async\" class=\"alignnone size-full wp-image-23885\" src=\"http:\/\/www.ecoitaliano.com.ar\/wp-content\/uploads\/2022\/06\/Francesco-Meli-Ernani-\u00a9-Victor-Santiago.jpg\" alt=\"\" width=\"1242\" height=\"829\" srcset=\"https:\/\/www.ecoitaliano.com.ar\/wp-content\/uploads\/2022\/06\/Francesco-Meli-Ernani-\u00a9-Victor-Santiago.jpg 1242w, https:\/\/www.ecoitaliano.com.ar\/wp-content\/uploads\/2022\/06\/Francesco-Meli-Ernani-\u00a9-Victor-Santiago-300x200.jpg 300w, https:\/\/www.ecoitaliano.com.ar\/wp-content\/uploads\/2022\/06\/Francesco-Meli-Ernani-\u00a9-Victor-Santiago-768x513.jpg 768w, https:\/\/www.ecoitaliano.com.ar\/wp-content\/uploads\/2022\/06\/Francesco-Meli-Ernani-\u00a9-Victor-Santiago-1024x683.jpg 1024w, https:\/\/www.ecoitaliano.com.ar\/wp-content\/uploads\/2022\/06\/Francesco-Meli-Ernani-\u00a9-Victor-Santiago-150x100.jpg 150w\" sizes=\"(max-width: 1242px) 100vw, 1242px\" \/><\/a> <a href=\"http:\/\/www.ecoitaliano.com.ar\/wp-content\/uploads\/2022\/06\/James-Conlon-al-Maggio-direttore-\u00a9-Michele-Monasta-Maggio-Musicale-Fiorentino.jpg\"><img decoding=\"async\" class=\"alignnone size-full wp-image-23886\" src=\"http:\/\/www.ecoitaliano.com.ar\/wp-content\/uploads\/2022\/06\/James-Conlon-al-Maggio-direttore-\u00a9-Michele-Monasta-Maggio-Musicale-Fiorentino.jpg\" alt=\"\" width=\"5000\" height=\"3333\" srcset=\"https:\/\/www.ecoitaliano.com.ar\/wp-content\/uploads\/2022\/06\/James-Conlon-al-Maggio-direttore-\u00a9-Michele-Monasta-Maggio-Musicale-Fiorentino.jpg 5000w, https:\/\/www.ecoitaliano.com.ar\/wp-content\/uploads\/2022\/06\/James-Conlon-al-Maggio-direttore-\u00a9-Michele-Monasta-Maggio-Musicale-Fiorentino-300x200.jpg 300w, https:\/\/www.ecoitaliano.com.ar\/wp-content\/uploads\/2022\/06\/James-Conlon-al-Maggio-direttore-\u00a9-Michele-Monasta-Maggio-Musicale-Fiorentino-768x512.jpg 768w, https:\/\/www.ecoitaliano.com.ar\/wp-content\/uploads\/2022\/06\/James-Conlon-al-Maggio-direttore-\u00a9-Michele-Monasta-Maggio-Musicale-Fiorentino-1024x683.jpg 1024w, https:\/\/www.ecoitaliano.com.ar\/wp-content\/uploads\/2022\/06\/James-Conlon-al-Maggio-direttore-\u00a9-Michele-Monasta-Maggio-Musicale-Fiorentino-150x100.jpg 150w\" sizes=\"(max-width: 5000px) 100vw, 5000px\" \/><\/a> <a href=\"http:\/\/www.ecoitaliano.com.ar\/wp-content\/uploads\/2022\/06\/Leo-Muscato-regia.jpg\"><img decoding=\"async\" class=\"alignnone size-full wp-image-23887\" src=\"http:\/\/www.ecoitaliano.com.ar\/wp-content\/uploads\/2022\/06\/Leo-Muscato-regia.jpg\" alt=\"\" width=\"3280\" height=\"4928\" srcset=\"https:\/\/www.ecoitaliano.com.ar\/wp-content\/uploads\/2022\/06\/Leo-Muscato-regia.jpg 3280w, https:\/\/www.ecoitaliano.com.ar\/wp-content\/uploads\/2022\/06\/Leo-Muscato-regia-200x300.jpg 200w, https:\/\/www.ecoitaliano.com.ar\/wp-content\/uploads\/2022\/06\/Leo-Muscato-regia-768x1154.jpg 768w, https:\/\/www.ecoitaliano.com.ar\/wp-content\/uploads\/2022\/06\/Leo-Muscato-regia-682x1024.jpg 682w, https:\/\/www.ecoitaliano.com.ar\/wp-content\/uploads\/2022\/06\/Leo-Muscato-regia-100x150.jpg 100w\" sizes=\"(max-width: 3280px) 100vw, 3280px\" \/><\/a> <a href=\"http:\/\/www.ecoitaliano.com.ar\/wp-content\/uploads\/2022\/06\/Mar\u00eda-Jos\u00e9-Siri-Elvira-\u00a9-Amati-Bacciardi-Studio.jpg\"><img decoding=\"async\" class=\"alignnone size-full wp-image-23888\" src=\"http:\/\/www.ecoitaliano.com.ar\/wp-content\/uploads\/2022\/06\/Mar\u00eda-Jos\u00e9-Siri-Elvira-\u00a9-Amati-Bacciardi-Studio.jpg\" alt=\"\" width=\"4480\" height=\"6765\" srcset=\"https:\/\/www.ecoitaliano.com.ar\/wp-content\/uploads\/2022\/06\/Mar\u00eda-Jos\u00e9-Siri-Elvira-\u00a9-Amati-Bacciardi-Studio.jpg 4480w, https:\/\/www.ecoitaliano.com.ar\/wp-content\/uploads\/2022\/06\/Mar\u00eda-Jos\u00e9-Siri-Elvira-\u00a9-Amati-Bacciardi-Studio-199x300.jpg 199w, https:\/\/www.ecoitaliano.com.ar\/wp-content\/uploads\/2022\/06\/Mar\u00eda-Jos\u00e9-Siri-Elvira-\u00a9-Amati-Bacciardi-Studio-768x1160.jpg 768w, https:\/\/www.ecoitaliano.com.ar\/wp-content\/uploads\/2022\/06\/Mar\u00eda-Jos\u00e9-Siri-Elvira-\u00a9-Amati-Bacciardi-Studio-678x1024.jpg 678w, https:\/\/www.ecoitaliano.com.ar\/wp-content\/uploads\/2022\/06\/Mar\u00eda-Jos\u00e9-Siri-Elvira-\u00a9-Amati-Bacciardi-Studio-99x150.jpg 99w\" sizes=\"(max-width: 4480px) 100vw, 4480px\" \/><\/a> <a href=\"http:\/\/www.ecoitaliano.com.ar\/wp-content\/uploads\/2022\/06\/Roberto-Frontali-Don-Carlo.jpg\"><img decoding=\"async\" class=\"alignnone size-full wp-image-23889\" src=\"http:\/\/www.ecoitaliano.com.ar\/wp-content\/uploads\/2022\/06\/Roberto-Frontali-Don-Carlo.jpg\" alt=\"\" width=\"1024\" height=\"819\" srcset=\"https:\/\/www.ecoitaliano.com.ar\/wp-content\/uploads\/2022\/06\/Roberto-Frontali-Don-Carlo.jpg 1024w, https:\/\/www.ecoitaliano.com.ar\/wp-content\/uploads\/2022\/06\/Roberto-Frontali-Don-Carlo-300x240.jpg 300w, https:\/\/www.ecoitaliano.com.ar\/wp-content\/uploads\/2022\/06\/Roberto-Frontali-Don-Carlo-768x614.jpg 768w, https:\/\/www.ecoitaliano.com.ar\/wp-content\/uploads\/2022\/06\/Roberto-Frontali-Don-Carlo-150x120.jpg 150w\" sizes=\"(max-width: 1024px) 100vw, 1024px\" \/><\/a><\/p>\n<h5>don Carlo<\/h5>\n<p><a href=\"http:\/\/www.ecoitaliano.com.ar\/wp-content\/uploads\/2022\/06\/Alexander-Vinogradov-Il-Grande-Inquisitore-\u00a9-Polina-Plotnikova.jpg\"><img decoding=\"async\" class=\"alignnone size-full wp-image-23890\" src=\"http:\/\/www.ecoitaliano.com.ar\/wp-content\/uploads\/2022\/06\/Alexander-Vinogradov-Il-Grande-Inquisitore-\u00a9-Polina-Plotnikova.jpg\" alt=\"\" width=\"800\" height=\"1200\" srcset=\"https:\/\/www.ecoitaliano.com.ar\/wp-content\/uploads\/2022\/06\/Alexander-Vinogradov-Il-Grande-Inquisitore-\u00a9-Polina-Plotnikova.jpg 800w, https:\/\/www.ecoitaliano.com.ar\/wp-content\/uploads\/2022\/06\/Alexander-Vinogradov-Il-Grande-Inquisitore-\u00a9-Polina-Plotnikova-200x300.jpg 200w, https:\/\/www.ecoitaliano.com.ar\/wp-content\/uploads\/2022\/06\/Alexander-Vinogradov-Il-Grande-Inquisitore-\u00a9-Polina-Plotnikova-768x1152.jpg 768w, https:\/\/www.ecoitaliano.com.ar\/wp-content\/uploads\/2022\/06\/Alexander-Vinogradov-Il-Grande-Inquisitore-\u00a9-Polina-Plotnikova-683x1024.jpg 683w, https:\/\/www.ecoitaliano.com.ar\/wp-content\/uploads\/2022\/06\/Alexander-Vinogradov-Il-Grande-Inquisitore-\u00a9-Polina-Plotnikova-100x150.jpg 100w\" sizes=\"(max-width: 800px) 100vw, 800px\" \/><\/a> <a href=\"http:\/\/www.ecoitaliano.com.ar\/wp-content\/uploads\/2022\/06\/Benedetta-Torre-Un-voce-dal-cielo-\u00a9-Mattia-Di-Pasquale.jpg\"><img decoding=\"async\" class=\"alignnone size-full wp-image-23891\" src=\"http:\/\/www.ecoitaliano.com.ar\/wp-content\/uploads\/2022\/06\/Benedetta-Torre-Un-voce-dal-cielo-\u00a9-Mattia-Di-Pasquale.jpg\" alt=\"\" width=\"3635\" height=\"5453\" srcset=\"https:\/\/www.ecoitaliano.com.ar\/wp-content\/uploads\/2022\/06\/Benedetta-Torre-Un-voce-dal-cielo-\u00a9-Mattia-Di-Pasquale.jpg 3635w, https:\/\/www.ecoitaliano.com.ar\/wp-content\/uploads\/2022\/06\/Benedetta-Torre-Un-voce-dal-cielo-\u00a9-Mattia-Di-Pasquale-200x300.jpg 200w, https:\/\/www.ecoitaliano.com.ar\/wp-content\/uploads\/2022\/06\/Benedetta-Torre-Un-voce-dal-cielo-\u00a9-Mattia-Di-Pasquale-768x1152.jpg 768w, https:\/\/www.ecoitaliano.com.ar\/wp-content\/uploads\/2022\/06\/Benedetta-Torre-Un-voce-dal-cielo-\u00a9-Mattia-Di-Pasquale-683x1024.jpg 683w, https:\/\/www.ecoitaliano.com.ar\/wp-content\/uploads\/2022\/06\/Benedetta-Torre-Un-voce-dal-cielo-\u00a9-Mattia-Di-Pasquale-100x150.jpg 100w\" sizes=\"(max-width: 3635px) 100vw, 3635px\" \/><\/a><\/p>\n<figure id=\"attachment_23892\" aria-describedby=\"caption-attachment-23892\" style=\"width: 2126px\" class=\"wp-caption alignnone\"><a href=\"http:\/\/www.ecoitaliano.com.ar\/wp-content\/uploads\/2022\/06\/Daniele-Gatti-direttore-\u00a9-Marco-Borggreve-1.jpg\"><img decoding=\"async\" class=\"size-full wp-image-23892\" src=\"http:\/\/www.ecoitaliano.com.ar\/wp-content\/uploads\/2022\/06\/Daniele-Gatti-direttore-\u00a9-Marco-Borggreve-1.jpg\" alt=\"\" width=\"2126\" height=\"3188\" srcset=\"https:\/\/www.ecoitaliano.com.ar\/wp-content\/uploads\/2022\/06\/Daniele-Gatti-direttore-\u00a9-Marco-Borggreve-1.jpg 2126w, https:\/\/www.ecoitaliano.com.ar\/wp-content\/uploads\/2022\/06\/Daniele-Gatti-direttore-\u00a9-Marco-Borggreve-1-200x300.jpg 200w, https:\/\/www.ecoitaliano.com.ar\/wp-content\/uploads\/2022\/06\/Daniele-Gatti-direttore-\u00a9-Marco-Borggreve-1-768x1152.jpg 768w, https:\/\/www.ecoitaliano.com.ar\/wp-content\/uploads\/2022\/06\/Daniele-Gatti-direttore-\u00a9-Marco-Borggreve-1-683x1024.jpg 683w, https:\/\/www.ecoitaliano.com.ar\/wp-content\/uploads\/2022\/06\/Daniele-Gatti-direttore-\u00a9-Marco-Borggreve-1-100x150.jpg 100w\" sizes=\"(max-width: 2126px) 100vw, 2126px\" \/><\/a><figcaption id=\"caption-attachment-23892\" class=\"wp-caption-text\">Daniele Gatti&#8211; Chiefconductor Royal Concertgebouw Orchestra.Photo: Marco Borggreve<\/figcaption><\/figure>\n<p><a href=\"http:\/\/www.ecoitaliano.com.ar\/wp-content\/uploads\/2022\/06\/Ekaterina-Semenchuk-Principessa-Eboli-\u00a9-Alexey-Kostromin.jpg\"><img decoding=\"async\" class=\"alignnone size-full wp-image-23893\" src=\"http:\/\/www.ecoitaliano.com.ar\/wp-content\/uploads\/2022\/06\/Ekaterina-Semenchuk-Principessa-Eboli-\u00a9-Alexey-Kostromin.jpg\" alt=\"\" width=\"1200\" height=\"1000\" srcset=\"https:\/\/www.ecoitaliano.com.ar\/wp-content\/uploads\/2022\/06\/Ekaterina-Semenchuk-Principessa-Eboli-\u00a9-Alexey-Kostromin.jpg 1200w, https:\/\/www.ecoitaliano.com.ar\/wp-content\/uploads\/2022\/06\/Ekaterina-Semenchuk-Principessa-Eboli-\u00a9-Alexey-Kostromin-300x250.jpg 300w, https:\/\/www.ecoitaliano.com.ar\/wp-content\/uploads\/2022\/06\/Ekaterina-Semenchuk-Principessa-Eboli-\u00a9-Alexey-Kostromin-768x640.jpg 768w, https:\/\/www.ecoitaliano.com.ar\/wp-content\/uploads\/2022\/06\/Ekaterina-Semenchuk-Principessa-Eboli-\u00a9-Alexey-Kostromin-1024x853.jpg 1024w, https:\/\/www.ecoitaliano.com.ar\/wp-content\/uploads\/2022\/06\/Ekaterina-Semenchuk-Principessa-Eboli-\u00a9-Alexey-Kostromin-150x125.jpg 150w\" sizes=\"(max-width: 1200px) 100vw, 1200px\" \/><\/a> <a href=\"http:\/\/www.ecoitaliano.com.ar\/wp-content\/uploads\/2022\/06\/Francesco-Meli-Don-Carlo-\u00a9-Victor-Santiago.jpg\"><img decoding=\"async\" class=\"alignnone size-full wp-image-23894\" src=\"http:\/\/www.ecoitaliano.com.ar\/wp-content\/uploads\/2022\/06\/Francesco-Meli-Don-Carlo-\u00a9-Victor-Santiago.jpg\" alt=\"\" width=\"1242\" height=\"829\" srcset=\"https:\/\/www.ecoitaliano.com.ar\/wp-content\/uploads\/2022\/06\/Francesco-Meli-Don-Carlo-\u00a9-Victor-Santiago.jpg 1242w, https:\/\/www.ecoitaliano.com.ar\/wp-content\/uploads\/2022\/06\/Francesco-Meli-Don-Carlo-\u00a9-Victor-Santiago-300x200.jpg 300w, https:\/\/www.ecoitaliano.com.ar\/wp-content\/uploads\/2022\/06\/Francesco-Meli-Don-Carlo-\u00a9-Victor-Santiago-768x513.jpg 768w, https:\/\/www.ecoitaliano.com.ar\/wp-content\/uploads\/2022\/06\/Francesco-Meli-Don-Carlo-\u00a9-Victor-Santiago-1024x683.jpg 1024w, https:\/\/www.ecoitaliano.com.ar\/wp-content\/uploads\/2022\/06\/Francesco-Meli-Don-Carlo-\u00a9-Victor-Santiago-150x100.jpg 150w\" sizes=\"(max-width: 1242px) 100vw, 1242px\" \/><\/a> <a href=\"http:\/\/www.ecoitaliano.com.ar\/wp-content\/uploads\/2022\/06\/Mikhail-Petrenko-Filippo-II-di-Spagna-\u00a9-Alexandra-Bodrova.jpg\"><img decoding=\"async\" class=\"alignnone size-full wp-image-23895\" src=\"http:\/\/www.ecoitaliano.com.ar\/wp-content\/uploads\/2022\/06\/Mikhail-Petrenko-Filippo-II-di-Spagna-\u00a9-Alexandra-Bodrova.jpg\" alt=\"\" width=\"3840\" height=\"5760\" srcset=\"https:\/\/www.ecoitaliano.com.ar\/wp-content\/uploads\/2022\/06\/Mikhail-Petrenko-Filippo-II-di-Spagna-\u00a9-Alexandra-Bodrova.jpg 3840w, https:\/\/www.ecoitaliano.com.ar\/wp-content\/uploads\/2022\/06\/Mikhail-Petrenko-Filippo-II-di-Spagna-\u00a9-Alexandra-Bodrova-200x300.jpg 200w, https:\/\/www.ecoitaliano.com.ar\/wp-content\/uploads\/2022\/06\/Mikhail-Petrenko-Filippo-II-di-Spagna-\u00a9-Alexandra-Bodrova-768x1152.jpg 768w, https:\/\/www.ecoitaliano.com.ar\/wp-content\/uploads\/2022\/06\/Mikhail-Petrenko-Filippo-II-di-Spagna-\u00a9-Alexandra-Bodrova-683x1024.jpg 683w, https:\/\/www.ecoitaliano.com.ar\/wp-content\/uploads\/2022\/06\/Mikhail-Petrenko-Filippo-II-di-Spagna-\u00a9-Alexandra-Bodrova-100x150.jpg 100w\" sizes=\"(max-width: 3840px) 100vw, 3840px\" \/><\/a> <a href=\"http:\/\/www.ecoitaliano.com.ar\/wp-content\/uploads\/2022\/06\/Roberto-And\u00f2-regia.jpg\"><img decoding=\"async\" class=\"alignnone size-full wp-image-23896\" src=\"http:\/\/www.ecoitaliano.com.ar\/wp-content\/uploads\/2022\/06\/Roberto-And\u00f2-regia.jpg\" alt=\"\" width=\"3744\" height=\"5616\" srcset=\"https:\/\/www.ecoitaliano.com.ar\/wp-content\/uploads\/2022\/06\/Roberto-And\u00f2-regia.jpg 3744w, https:\/\/www.ecoitaliano.com.ar\/wp-content\/uploads\/2022\/06\/Roberto-And\u00f2-regia-200x300.jpg 200w, https:\/\/www.ecoitaliano.com.ar\/wp-content\/uploads\/2022\/06\/Roberto-And\u00f2-regia-768x1152.jpg 768w, https:\/\/www.ecoitaliano.com.ar\/wp-content\/uploads\/2022\/06\/Roberto-And\u00f2-regia-683x1024.jpg 683w, https:\/\/www.ecoitaliano.com.ar\/wp-content\/uploads\/2022\/06\/Roberto-And\u00f2-regia-100x150.jpg 100w\" sizes=\"(max-width: 3744px) 100vw, 3744px\" \/><\/a><\/p>\n<h5>la finta semplice<\/h5>\n<p><a href=\"http:\/\/www.ecoitaliano.com.ar\/wp-content\/uploads\/2022\/06\/Benedetta-Torre-Rosina-\u00a9-Mattia-Di-Pasquale.jpg\"><img decoding=\"async\" class=\"alignnone size-full wp-image-23897\" src=\"http:\/\/www.ecoitaliano.com.ar\/wp-content\/uploads\/2022\/06\/Benedetta-Torre-Rosina-\u00a9-Mattia-Di-Pasquale.jpg\" alt=\"\" width=\"3635\" height=\"5453\" srcset=\"https:\/\/www.ecoitaliano.com.ar\/wp-content\/uploads\/2022\/06\/Benedetta-Torre-Rosina-\u00a9-Mattia-Di-Pasquale.jpg 3635w, https:\/\/www.ecoitaliano.com.ar\/wp-content\/uploads\/2022\/06\/Benedetta-Torre-Rosina-\u00a9-Mattia-Di-Pasquale-200x300.jpg 200w, https:\/\/www.ecoitaliano.com.ar\/wp-content\/uploads\/2022\/06\/Benedetta-Torre-Rosina-\u00a9-Mattia-Di-Pasquale-768x1152.jpg 768w, https:\/\/www.ecoitaliano.com.ar\/wp-content\/uploads\/2022\/06\/Benedetta-Torre-Rosina-\u00a9-Mattia-Di-Pasquale-683x1024.jpg 683w, https:\/\/www.ecoitaliano.com.ar\/wp-content\/uploads\/2022\/06\/Benedetta-Torre-Rosina-\u00a9-Mattia-Di-Pasquale-100x150.jpg 100w\" sizes=\"(max-width: 3635px) 100vw, 3635px\" \/><\/a> <a href=\"http:\/\/www.ecoitaliano.com.ar\/wp-content\/uploads\/2022\/06\/Claudia-Blersch-regia.jpg\"><img decoding=\"async\" class=\"alignnone size-full wp-image-23898\" src=\"http:\/\/www.ecoitaliano.com.ar\/wp-content\/uploads\/2022\/06\/Claudia-Blersch-regia.jpg\" alt=\"\" width=\"628\" height=\"900\" srcset=\"https:\/\/www.ecoitaliano.com.ar\/wp-content\/uploads\/2022\/06\/Claudia-Blersch-regia.jpg 628w, https:\/\/www.ecoitaliano.com.ar\/wp-content\/uploads\/2022\/06\/Claudia-Blersch-regia-209x300.jpg 209w, https:\/\/www.ecoitaliano.com.ar\/wp-content\/uploads\/2022\/06\/Claudia-Blersch-regia-105x150.jpg 105w\" sizes=\"(max-width: 628px) 100vw, 628px\" \/><\/a> <a href=\"http:\/\/www.ecoitaliano.com.ar\/wp-content\/uploads\/2022\/06\/Luca-Bernard-Don-Polidoro-\u00a9-Michele-Monasta-Maggio-Musicale-Fiorentino.jpg\"><img decoding=\"async\" class=\"alignnone size-full wp-image-23899\" src=\"http:\/\/www.ecoitaliano.com.ar\/wp-content\/uploads\/2022\/06\/Luca-Bernard-Don-Polidoro-\u00a9-Michele-Monasta-Maggio-Musicale-Fiorentino.jpg\" alt=\"\" width=\"7500\" height=\"5000\" srcset=\"https:\/\/www.ecoitaliano.com.ar\/wp-content\/uploads\/2022\/06\/Luca-Bernard-Don-Polidoro-\u00a9-Michele-Monasta-Maggio-Musicale-Fiorentino.jpg 7500w, https:\/\/www.ecoitaliano.com.ar\/wp-content\/uploads\/2022\/06\/Luca-Bernard-Don-Polidoro-\u00a9-Michele-Monasta-Maggio-Musicale-Fiorentino-300x200.jpg 300w, https:\/\/www.ecoitaliano.com.ar\/wp-content\/uploads\/2022\/06\/Luca-Bernard-Don-Polidoro-\u00a9-Michele-Monasta-Maggio-Musicale-Fiorentino-768x512.jpg 768w, https:\/\/www.ecoitaliano.com.ar\/wp-content\/uploads\/2022\/06\/Luca-Bernard-Don-Polidoro-\u00a9-Michele-Monasta-Maggio-Musicale-Fiorentino-1024x683.jpg 1024w, https:\/\/www.ecoitaliano.com.ar\/wp-content\/uploads\/2022\/06\/Luca-Bernard-Don-Polidoro-\u00a9-Michele-Monasta-Maggio-Musicale-Fiorentino-150x100.jpg 150w\" sizes=\"(max-width: 7500px) 100vw, 7500px\" \/><\/a> <a href=\"http:\/\/www.ecoitaliano.com.ar\/wp-content\/uploads\/2022\/06\/Solisti-dellAccademia-del-Maggio-Musicale-Fiorentino-\u00a9-Michele-Monasta-Maggio-Musicale-Fiorentino.jpg\"><img decoding=\"async\" class=\"alignnone size-full wp-image-23900\" src=\"http:\/\/www.ecoitaliano.com.ar\/wp-content\/uploads\/2022\/06\/Solisti-dellAccademia-del-Maggio-Musicale-Fiorentino-\u00a9-Michele-Monasta-Maggio-Musicale-Fiorentino.jpg\" alt=\"\" width=\"7500\" height=\"5000\" srcset=\"https:\/\/www.ecoitaliano.com.ar\/wp-content\/uploads\/2022\/06\/Solisti-dellAccademia-del-Maggio-Musicale-Fiorentino-\u00a9-Michele-Monasta-Maggio-Musicale-Fiorentino.jpg 7500w, https:\/\/www.ecoitaliano.com.ar\/wp-content\/uploads\/2022\/06\/Solisti-dellAccademia-del-Maggio-Musicale-Fiorentino-\u00a9-Michele-Monasta-Maggio-Musicale-Fiorentino-300x200.jpg 300w, https:\/\/www.ecoitaliano.com.ar\/wp-content\/uploads\/2022\/06\/Solisti-dellAccademia-del-Maggio-Musicale-Fiorentino-\u00a9-Michele-Monasta-Maggio-Musicale-Fiorentino-768x512.jpg 768w, https:\/\/www.ecoitaliano.com.ar\/wp-content\/uploads\/2022\/06\/Solisti-dellAccademia-del-Maggio-Musicale-Fiorentino-\u00a9-Michele-Monasta-Maggio-Musicale-Fiorentino-1024x683.jpg 1024w, https:\/\/www.ecoitaliano.com.ar\/wp-content\/uploads\/2022\/06\/Solisti-dellAccademia-del-Maggio-Musicale-Fiorentino-\u00a9-Michele-Monasta-Maggio-Musicale-Fiorentino-150x100.jpg 150w\" sizes=\"(max-width: 7500px) 100vw, 7500px\" \/><\/a> <a href=\"http:\/\/www.ecoitaliano.com.ar\/wp-content\/uploads\/2022\/06\/Theodor-Guschlbauer-direttore-\u00a9-Michele-Monasta-Maggio-Musicale-Fiorentino.jpg\"><img decoding=\"async\" class=\"alignnone size-full wp-image-23901\" src=\"http:\/\/www.ecoitaliano.com.ar\/wp-content\/uploads\/2022\/06\/Theodor-Guschlbauer-direttore-\u00a9-Michele-Monasta-Maggio-Musicale-Fiorentino.jpg\" alt=\"\" width=\"5000\" height=\"7500\" srcset=\"https:\/\/www.ecoitaliano.com.ar\/wp-content\/uploads\/2022\/06\/Theodor-Guschlbauer-direttore-\u00a9-Michele-Monasta-Maggio-Musicale-Fiorentino.jpg 5000w, https:\/\/www.ecoitaliano.com.ar\/wp-content\/uploads\/2022\/06\/Theodor-Guschlbauer-direttore-\u00a9-Michele-Monasta-Maggio-Musicale-Fiorentino-200x300.jpg 200w, https:\/\/www.ecoitaliano.com.ar\/wp-content\/uploads\/2022\/06\/Theodor-Guschlbauer-direttore-\u00a9-Michele-Monasta-Maggio-Musicale-Fiorentino-768x1152.jpg 768w, https:\/\/www.ecoitaliano.com.ar\/wp-content\/uploads\/2022\/06\/Theodor-Guschlbauer-direttore-\u00a9-Michele-Monasta-Maggio-Musicale-Fiorentino-683x1024.jpg 683w, https:\/\/www.ecoitaliano.com.ar\/wp-content\/uploads\/2022\/06\/Theodor-Guschlbauer-direttore-\u00a9-Michele-Monasta-Maggio-Musicale-Fiorentino-100x150.jpg 100w\" sizes=\"(max-width: 5000px) 100vw, 5000px\" \/><\/a><\/p>\n<h5>doktor Faust<\/h5>\n<figure id=\"attachment_23902\" aria-describedby=\"caption-attachment-23902\" style=\"width: 4928px\" class=\"wp-caption alignnone\"><a href=\"http:\/\/www.ecoitaliano.com.ar\/wp-content\/uploads\/2022\/06\/AJ-Glueckert-Mefistofele-\u00a9-Barbara-Aumueller.jpg\"><img decoding=\"async\" class=\"size-full wp-image-23902\" src=\"http:\/\/www.ecoitaliano.com.ar\/wp-content\/uploads\/2022\/06\/AJ-Glueckert-Mefistofele-\u00a9-Barbara-Aumueller.jpg\" alt=\"\" width=\"4928\" height=\"3280\" srcset=\"https:\/\/www.ecoitaliano.com.ar\/wp-content\/uploads\/2022\/06\/AJ-Glueckert-Mefistofele-\u00a9-Barbara-Aumueller.jpg 4928w, https:\/\/www.ecoitaliano.com.ar\/wp-content\/uploads\/2022\/06\/AJ-Glueckert-Mefistofele-\u00a9-Barbara-Aumueller-300x200.jpg 300w, https:\/\/www.ecoitaliano.com.ar\/wp-content\/uploads\/2022\/06\/AJ-Glueckert-Mefistofele-\u00a9-Barbara-Aumueller-768x511.jpg 768w, https:\/\/www.ecoitaliano.com.ar\/wp-content\/uploads\/2022\/06\/AJ-Glueckert-Mefistofele-\u00a9-Barbara-Aumueller-1024x682.jpg 1024w, https:\/\/www.ecoitaliano.com.ar\/wp-content\/uploads\/2022\/06\/AJ-Glueckert-Mefistofele-\u00a9-Barbara-Aumueller-150x100.jpg 150w\" sizes=\"(max-width: 4928px) 100vw, 4928px\" \/><\/a><figcaption id=\"caption-attachment-23902\" class=\"wp-caption-text\">A.J. Glueckert<\/figcaption><\/figure>\n<p><a href=\"http:\/\/www.ecoitaliano.com.ar\/wp-content\/uploads\/2022\/06\/Davide-Livermore-regia-\u00a9-Eugenio-Pini.jpg\"><img decoding=\"async\" class=\"alignnone size-full wp-image-23903\" src=\"http:\/\/www.ecoitaliano.com.ar\/wp-content\/uploads\/2022\/06\/Davide-Livermore-regia-\u00a9-Eugenio-Pini.jpg\" alt=\"\" width=\"7000\" height=\"4671\" srcset=\"https:\/\/www.ecoitaliano.com.ar\/wp-content\/uploads\/2022\/06\/Davide-Livermore-regia-\u00a9-Eugenio-Pini.jpg 7000w, https:\/\/www.ecoitaliano.com.ar\/wp-content\/uploads\/2022\/06\/Davide-Livermore-regia-\u00a9-Eugenio-Pini-300x200.jpg 300w, https:\/\/www.ecoitaliano.com.ar\/wp-content\/uploads\/2022\/06\/Davide-Livermore-regia-\u00a9-Eugenio-Pini-768x512.jpg 768w, https:\/\/www.ecoitaliano.com.ar\/wp-content\/uploads\/2022\/06\/Davide-Livermore-regia-\u00a9-Eugenio-Pini-1024x683.jpg 1024w, https:\/\/www.ecoitaliano.com.ar\/wp-content\/uploads\/2022\/06\/Davide-Livermore-regia-\u00a9-Eugenio-Pini-150x100.jpg 150w\" sizes=\"(max-width: 7000px) 100vw, 7000px\" \/><\/a> <a href=\"http:\/\/www.ecoitaliano.com.ar\/wp-content\/uploads\/2022\/06\/Ingo-Metzmacher-direttore.jpg\"><img decoding=\"async\" class=\"alignnone size-full wp-image-23904\" src=\"http:\/\/www.ecoitaliano.com.ar\/wp-content\/uploads\/2022\/06\/Ingo-Metzmacher-direttore.jpg\" alt=\"\" width=\"1201\" height=\"1750\" srcset=\"https:\/\/www.ecoitaliano.com.ar\/wp-content\/uploads\/2022\/06\/Ingo-Metzmacher-direttore.jpg 1201w, https:\/\/www.ecoitaliano.com.ar\/wp-content\/uploads\/2022\/06\/Ingo-Metzmacher-direttore-206x300.jpg 206w, https:\/\/www.ecoitaliano.com.ar\/wp-content\/uploads\/2022\/06\/Ingo-Metzmacher-direttore-768x1119.jpg 768w, https:\/\/www.ecoitaliano.com.ar\/wp-content\/uploads\/2022\/06\/Ingo-Metzmacher-direttore-703x1024.jpg 703w, https:\/\/www.ecoitaliano.com.ar\/wp-content\/uploads\/2022\/06\/Ingo-Metzmacher-direttore-103x150.jpg 103w\" sizes=\"(max-width: 1201px) 100vw, 1201px\" \/><\/a> <a href=\"http:\/\/www.ecoitaliano.com.ar\/wp-content\/uploads\/2022\/06\/Olga-Bezsmertna-La-duchessa-di-Parma-\u00a9-Iryna-Buchegger.jpg\"><img decoding=\"async\" class=\"alignnone size-full wp-image-23905\" src=\"http:\/\/www.ecoitaliano.com.ar\/wp-content\/uploads\/2022\/06\/Olga-Bezsmertna-La-duchessa-di-Parma-\u00a9-Iryna-Buchegger.jpg\" alt=\"\" width=\"2456\" height=\"3696\" srcset=\"https:\/\/www.ecoitaliano.com.ar\/wp-content\/uploads\/2022\/06\/Olga-Bezsmertna-La-duchessa-di-Parma-\u00a9-Iryna-Buchegger.jpg 2456w, https:\/\/www.ecoitaliano.com.ar\/wp-content\/uploads\/2022\/06\/Olga-Bezsmertna-La-duchessa-di-Parma-\u00a9-Iryna-Buchegger-199x300.jpg 199w, https:\/\/www.ecoitaliano.com.ar\/wp-content\/uploads\/2022\/06\/Olga-Bezsmertna-La-duchessa-di-Parma-\u00a9-Iryna-Buchegger-768x1156.jpg 768w, https:\/\/www.ecoitaliano.com.ar\/wp-content\/uploads\/2022\/06\/Olga-Bezsmertna-La-duchessa-di-Parma-\u00a9-Iryna-Buchegger-680x1024.jpg 680w, https:\/\/www.ecoitaliano.com.ar\/wp-content\/uploads\/2022\/06\/Olga-Bezsmertna-La-duchessa-di-Parma-\u00a9-Iryna-Buchegger-100x150.jpg 100w\" sizes=\"(max-width: 2456px) 100vw, 2456px\" \/><\/a> <a href=\"http:\/\/www.ecoitaliano.com.ar\/wp-content\/uploads\/2022\/06\/Thomas-Hampson-Doktor-Faust-\u00a9-Marshall-Light-Studio.jpg\"><img decoding=\"async\" class=\"alignnone size-full wp-image-23906\" src=\"http:\/\/www.ecoitaliano.com.ar\/wp-content\/uploads\/2022\/06\/Thomas-Hampson-Doktor-Faust-\u00a9-Marshall-Light-Studio.jpg\" alt=\"\" width=\"5125\" height=\"3417\" srcset=\"https:\/\/www.ecoitaliano.com.ar\/wp-content\/uploads\/2022\/06\/Thomas-Hampson-Doktor-Faust-\u00a9-Marshall-Light-Studio.jpg 5125w, https:\/\/www.ecoitaliano.com.ar\/wp-content\/uploads\/2022\/06\/Thomas-Hampson-Doktor-Faust-\u00a9-Marshall-Light-Studio-300x200.jpg 300w, https:\/\/www.ecoitaliano.com.ar\/wp-content\/uploads\/2022\/06\/Thomas-Hampson-Doktor-Faust-\u00a9-Marshall-Light-Studio-768x512.jpg 768w, https:\/\/www.ecoitaliano.com.ar\/wp-content\/uploads\/2022\/06\/Thomas-Hampson-Doktor-Faust-\u00a9-Marshall-Light-Studio-1024x683.jpg 1024w, https:\/\/www.ecoitaliano.com.ar\/wp-content\/uploads\/2022\/06\/Thomas-Hampson-Doktor-Faust-\u00a9-Marshall-Light-Studio-150x100.jpg 150w\" sizes=\"(max-width: 5125px) 100vw, 5125px\" \/><\/a> <a href=\"http:\/\/www.ecoitaliano.com.ar\/wp-content\/uploads\/2022\/06\/Wilhelm-Schwinghammer-Wagner-\u00a9-Bertold-Fabricius.jpeg\"><img decoding=\"async\" class=\"alignnone size-full wp-image-23907\" src=\"http:\/\/www.ecoitaliano.com.ar\/wp-content\/uploads\/2022\/06\/Wilhelm-Schwinghammer-Wagner-\u00a9-Bertold-Fabricius.jpeg\" alt=\"\" width=\"2560\" height=\"1280\" srcset=\"https:\/\/www.ecoitaliano.com.ar\/wp-content\/uploads\/2022\/06\/Wilhelm-Schwinghammer-Wagner-\u00a9-Bertold-Fabricius.jpeg 2560w, https:\/\/www.ecoitaliano.com.ar\/wp-content\/uploads\/2022\/06\/Wilhelm-Schwinghammer-Wagner-\u00a9-Bertold-Fabricius-300x150.jpeg 300w, https:\/\/www.ecoitaliano.com.ar\/wp-content\/uploads\/2022\/06\/Wilhelm-Schwinghammer-Wagner-\u00a9-Bertold-Fabricius-768x384.jpeg 768w, https:\/\/www.ecoitaliano.com.ar\/wp-content\/uploads\/2022\/06\/Wilhelm-Schwinghammer-Wagner-\u00a9-Bertold-Fabricius-1024x512.jpeg 1024w, https:\/\/www.ecoitaliano.com.ar\/wp-content\/uploads\/2022\/06\/Wilhelm-Schwinghammer-Wagner-\u00a9-Bertold-Fabricius-150x75.jpeg 150w\" sizes=\"(max-width: 2560px) 100vw, 2560px\" \/><\/a><\/p>\n<h5>la traviata<\/h5>\n<figure id=\"attachment_23908\" aria-describedby=\"caption-attachment-23908\" style=\"width: 5364px\" class=\"wp-caption alignnone\"><a href=\"http:\/\/www.ecoitaliano.com.ar\/wp-content\/uploads\/2022\/06\/Zubin-Mehta-\u00a9-Simone-Donati-TerraProject-Contrasto-direttore.jpg\"><img decoding=\"async\" class=\"size-full wp-image-23908\" src=\"http:\/\/www.ecoitaliano.com.ar\/wp-content\/uploads\/2022\/06\/Zubin-Mehta-\u00a9-Simone-Donati-TerraProject-Contrasto-direttore.jpg\" alt=\"\" width=\"5364\" height=\"3576\" srcset=\"https:\/\/www.ecoitaliano.com.ar\/wp-content\/uploads\/2022\/06\/Zubin-Mehta-\u00a9-Simone-Donati-TerraProject-Contrasto-direttore.jpg 5364w, https:\/\/www.ecoitaliano.com.ar\/wp-content\/uploads\/2022\/06\/Zubin-Mehta-\u00a9-Simone-Donati-TerraProject-Contrasto-direttore-300x200.jpg 300w, https:\/\/www.ecoitaliano.com.ar\/wp-content\/uploads\/2022\/06\/Zubin-Mehta-\u00a9-Simone-Donati-TerraProject-Contrasto-direttore-768x512.jpg 768w, https:\/\/www.ecoitaliano.com.ar\/wp-content\/uploads\/2022\/06\/Zubin-Mehta-\u00a9-Simone-Donati-TerraProject-Contrasto-direttore-1024x683.jpg 1024w, https:\/\/www.ecoitaliano.com.ar\/wp-content\/uploads\/2022\/06\/Zubin-Mehta-\u00a9-Simone-Donati-TerraProject-Contrasto-direttore-150x100.jpg 150w\" sizes=\"(max-width: 5364px) 100vw, 5364px\" \/><\/a><figcaption id=\"caption-attachment-23908\" class=\"wp-caption-text\">Firenze, Settembre 2014. Il Maestro Zubin Mehta dirige l&#8217;Orchestra del Maggio Musicale Fiorentino all&#8217;Opera di Firenze.<br \/>Florence, September 2014. The Maestro Zubin Mehta conducts the Orchestra del Maggio Musicale Fiorentino in Florence Opera Theatre.<\/figcaption><\/figure>\n<p><a href=\"http:\/\/www.ecoitaliano.com.ar\/wp-content\/uploads\/2022\/06\/Davide-Livermore-regia-\u00a9-Eugenio-Pini-1.jpg\"><img decoding=\"async\" class=\"alignnone size-full wp-image-23909\" src=\"http:\/\/www.ecoitaliano.com.ar\/wp-content\/uploads\/2022\/06\/Davide-Livermore-regia-\u00a9-Eugenio-Pini-1.jpg\" alt=\"\" width=\"7000\" height=\"4671\" srcset=\"https:\/\/www.ecoitaliano.com.ar\/wp-content\/uploads\/2022\/06\/Davide-Livermore-regia-\u00a9-Eugenio-Pini-1.jpg 7000w, https:\/\/www.ecoitaliano.com.ar\/wp-content\/uploads\/2022\/06\/Davide-Livermore-regia-\u00a9-Eugenio-Pini-1-300x200.jpg 300w, https:\/\/www.ecoitaliano.com.ar\/wp-content\/uploads\/2022\/06\/Davide-Livermore-regia-\u00a9-Eugenio-Pini-1-768x512.jpg 768w, https:\/\/www.ecoitaliano.com.ar\/wp-content\/uploads\/2022\/06\/Davide-Livermore-regia-\u00a9-Eugenio-Pini-1-1024x683.jpg 1024w, https:\/\/www.ecoitaliano.com.ar\/wp-content\/uploads\/2022\/06\/Davide-Livermore-regia-\u00a9-Eugenio-Pini-1-150x100.jpg 150w\" sizes=\"(max-width: 7000px) 100vw, 7000px\" \/><\/a> <a href=\"http:\/\/www.ecoitaliano.com.ar\/wp-content\/uploads\/2022\/06\/La-traviata-2021-\u00a9-Michele-Monasta-Maggio-Musicale-Fiorentino.jpg\"><img decoding=\"async\" class=\"alignnone size-full wp-image-23910\" src=\"http:\/\/www.ecoitaliano.com.ar\/wp-content\/uploads\/2022\/06\/La-traviata-2021-\u00a9-Michele-Monasta-Maggio-Musicale-Fiorentino.jpg\" alt=\"\" width=\"6750\" height=\"4500\" srcset=\"https:\/\/www.ecoitaliano.com.ar\/wp-content\/uploads\/2022\/06\/La-traviata-2021-\u00a9-Michele-Monasta-Maggio-Musicale-Fiorentino.jpg 6750w, https:\/\/www.ecoitaliano.com.ar\/wp-content\/uploads\/2022\/06\/La-traviata-2021-\u00a9-Michele-Monasta-Maggio-Musicale-Fiorentino-300x200.jpg 300w, https:\/\/www.ecoitaliano.com.ar\/wp-content\/uploads\/2022\/06\/La-traviata-2021-\u00a9-Michele-Monasta-Maggio-Musicale-Fiorentino-768x512.jpg 768w, https:\/\/www.ecoitaliano.com.ar\/wp-content\/uploads\/2022\/06\/La-traviata-2021-\u00a9-Michele-Monasta-Maggio-Musicale-Fiorentino-1024x683.jpg 1024w, https:\/\/www.ecoitaliano.com.ar\/wp-content\/uploads\/2022\/06\/La-traviata-2021-\u00a9-Michele-Monasta-Maggio-Musicale-Fiorentino-150x100.jpg 150w\" sizes=\"(max-width: 6750px) 100vw, 6750px\" \/><\/a> <a href=\"http:\/\/www.ecoitaliano.com.ar\/wp-content\/uploads\/2022\/06\/La-traviata-2022-\u00a9-Michele-Monasta-Maggio-Musicale-Fiorentino.jpg\"><img decoding=\"async\" class=\"alignnone size-full wp-image-23911\" src=\"http:\/\/www.ecoitaliano.com.ar\/wp-content\/uploads\/2022\/06\/La-traviata-2022-\u00a9-Michele-Monasta-Maggio-Musicale-Fiorentino.jpg\" alt=\"\" width=\"6747\" height=\"4500\" srcset=\"https:\/\/www.ecoitaliano.com.ar\/wp-content\/uploads\/2022\/06\/La-traviata-2022-\u00a9-Michele-Monasta-Maggio-Musicale-Fiorentino.jpg 6747w, https:\/\/www.ecoitaliano.com.ar\/wp-content\/uploads\/2022\/06\/La-traviata-2022-\u00a9-Michele-Monasta-Maggio-Musicale-Fiorentino-300x200.jpg 300w, https:\/\/www.ecoitaliano.com.ar\/wp-content\/uploads\/2022\/06\/La-traviata-2022-\u00a9-Michele-Monasta-Maggio-Musicale-Fiorentino-768x512.jpg 768w, https:\/\/www.ecoitaliano.com.ar\/wp-content\/uploads\/2022\/06\/La-traviata-2022-\u00a9-Michele-Monasta-Maggio-Musicale-Fiorentino-1024x683.jpg 1024w, https:\/\/www.ecoitaliano.com.ar\/wp-content\/uploads\/2022\/06\/La-traviata-2022-\u00a9-Michele-Monasta-Maggio-Musicale-Fiorentino-150x100.jpg 150w\" sizes=\"(max-width: 6747px) 100vw, 6747px\" \/><\/a> <a href=\"http:\/\/www.ecoitaliano.com.ar\/wp-content\/uploads\/2022\/06\/La-traviata-2023-\u00a9-Michele-Monasta-Maggio-Musicale-Fiorentino.jpg\"><img decoding=\"async\" class=\"alignnone size-full wp-image-23912\" src=\"http:\/\/www.ecoitaliano.com.ar\/wp-content\/uploads\/2022\/06\/La-traviata-2023-\u00a9-Michele-Monasta-Maggio-Musicale-Fiorentino.jpg\" alt=\"\" width=\"6750\" height=\"4500\" srcset=\"https:\/\/www.ecoitaliano.com.ar\/wp-content\/uploads\/2022\/06\/La-traviata-2023-\u00a9-Michele-Monasta-Maggio-Musicale-Fiorentino.jpg 6750w, https:\/\/www.ecoitaliano.com.ar\/wp-content\/uploads\/2022\/06\/La-traviata-2023-\u00a9-Michele-Monasta-Maggio-Musicale-Fiorentino-300x200.jpg 300w, https:\/\/www.ecoitaliano.com.ar\/wp-content\/uploads\/2022\/06\/La-traviata-2023-\u00a9-Michele-Monasta-Maggio-Musicale-Fiorentino-768x512.jpg 768w, https:\/\/www.ecoitaliano.com.ar\/wp-content\/uploads\/2022\/06\/La-traviata-2023-\u00a9-Michele-Monasta-Maggio-Musicale-Fiorentino-1024x683.jpg 1024w, https:\/\/www.ecoitaliano.com.ar\/wp-content\/uploads\/2022\/06\/La-traviata-2023-\u00a9-Michele-Monasta-Maggio-Musicale-Fiorentino-150x100.jpg 150w\" sizes=\"(max-width: 6750px) 100vw, 6750px\" \/><\/a> <a href=\"http:\/\/www.ecoitaliano.com.ar\/wp-content\/uploads\/2022\/06\/La-traviata-2024-\u00a9-Michele-Monasta-Maggio-Musicale-Fiorentino.jpg\"><img decoding=\"async\" class=\"alignnone size-full wp-image-23913\" src=\"http:\/\/www.ecoitaliano.com.ar\/wp-content\/uploads\/2022\/06\/La-traviata-2024-\u00a9-Michele-Monasta-Maggio-Musicale-Fiorentino.jpg\" alt=\"\" width=\"6750\" height=\"4500\" srcset=\"https:\/\/www.ecoitaliano.com.ar\/wp-content\/uploads\/2022\/06\/La-traviata-2024-\u00a9-Michele-Monasta-Maggio-Musicale-Fiorentino.jpg 6750w, https:\/\/www.ecoitaliano.com.ar\/wp-content\/uploads\/2022\/06\/La-traviata-2024-\u00a9-Michele-Monasta-Maggio-Musicale-Fiorentino-300x200.jpg 300w, https:\/\/www.ecoitaliano.com.ar\/wp-content\/uploads\/2022\/06\/La-traviata-2024-\u00a9-Michele-Monasta-Maggio-Musicale-Fiorentino-768x512.jpg 768w, https:\/\/www.ecoitaliano.com.ar\/wp-content\/uploads\/2022\/06\/La-traviata-2024-\u00a9-Michele-Monasta-Maggio-Musicale-Fiorentino-1024x683.jpg 1024w, https:\/\/www.ecoitaliano.com.ar\/wp-content\/uploads\/2022\/06\/La-traviata-2024-\u00a9-Michele-Monasta-Maggio-Musicale-Fiorentino-150x100.jpg 150w\" sizes=\"(max-width: 6750px) 100vw, 6750px\" \/><\/a> <a href=\"http:\/\/www.ecoitaliano.com.ar\/wp-content\/uploads\/2022\/06\/La-traviata-2025-\u00a9-Michele-Monasta-Maggio-Musicale-Fiorentino.jpg\"><img decoding=\"async\" class=\"alignnone size-full wp-image-23914\" src=\"http:\/\/www.ecoitaliano.com.ar\/wp-content\/uploads\/2022\/06\/La-traviata-2025-\u00a9-Michele-Monasta-Maggio-Musicale-Fiorentino.jpg\" alt=\"\" width=\"6750\" height=\"4500\" srcset=\"https:\/\/www.ecoitaliano.com.ar\/wp-content\/uploads\/2022\/06\/La-traviata-2025-\u00a9-Michele-Monasta-Maggio-Musicale-Fiorentino.jpg 6750w, https:\/\/www.ecoitaliano.com.ar\/wp-content\/uploads\/2022\/06\/La-traviata-2025-\u00a9-Michele-Monasta-Maggio-Musicale-Fiorentino-300x200.jpg 300w, https:\/\/www.ecoitaliano.com.ar\/wp-content\/uploads\/2022\/06\/La-traviata-2025-\u00a9-Michele-Monasta-Maggio-Musicale-Fiorentino-768x512.jpg 768w, https:\/\/www.ecoitaliano.com.ar\/wp-content\/uploads\/2022\/06\/La-traviata-2025-\u00a9-Michele-Monasta-Maggio-Musicale-Fiorentino-1024x683.jpg 1024w, https:\/\/www.ecoitaliano.com.ar\/wp-content\/uploads\/2022\/06\/La-traviata-2025-\u00a9-Michele-Monasta-Maggio-Musicale-Fiorentino-150x100.jpg 150w\" sizes=\"(max-width: 6750px) 100vw, 6750px\" \/><\/a> <a href=\"http:\/\/www.ecoitaliano.com.ar\/wp-content\/uploads\/2022\/06\/La-traviata-2026-\u00a9-Michele-Monasta-Maggio-Musicale-Fiorentino.jpg\"><img decoding=\"async\" class=\"alignnone size-full wp-image-23915\" src=\"http:\/\/www.ecoitaliano.com.ar\/wp-content\/uploads\/2022\/06\/La-traviata-2026-\u00a9-Michele-Monasta-Maggio-Musicale-Fiorentino.jpg\" alt=\"\" width=\"6750\" height=\"4500\" srcset=\"https:\/\/www.ecoitaliano.com.ar\/wp-content\/uploads\/2022\/06\/La-traviata-2026-\u00a9-Michele-Monasta-Maggio-Musicale-Fiorentino.jpg 6750w, https:\/\/www.ecoitaliano.com.ar\/wp-content\/uploads\/2022\/06\/La-traviata-2026-\u00a9-Michele-Monasta-Maggio-Musicale-Fiorentino-300x200.jpg 300w, https:\/\/www.ecoitaliano.com.ar\/wp-content\/uploads\/2022\/06\/La-traviata-2026-\u00a9-Michele-Monasta-Maggio-Musicale-Fiorentino-768x512.jpg 768w, https:\/\/www.ecoitaliano.com.ar\/wp-content\/uploads\/2022\/06\/La-traviata-2026-\u00a9-Michele-Monasta-Maggio-Musicale-Fiorentino-1024x683.jpg 1024w, https:\/\/www.ecoitaliano.com.ar\/wp-content\/uploads\/2022\/06\/La-traviata-2026-\u00a9-Michele-Monasta-Maggio-Musicale-Fiorentino-150x100.jpg 150w\" sizes=\"(max-width: 6750px) 100vw, 6750px\" \/><\/a> <a href=\"http:\/\/www.ecoitaliano.com.ar\/wp-content\/uploads\/2022\/06\/La-traviata-2027-\u00a9-Michele-Monasta-Maggio-Musicale-Fiorentino.jpg\"><img decoding=\"async\" class=\"alignnone size-full wp-image-23916\" src=\"http:\/\/www.ecoitaliano.com.ar\/wp-content\/uploads\/2022\/06\/La-traviata-2027-\u00a9-Michele-Monasta-Maggio-Musicale-Fiorentino.jpg\" alt=\"\" width=\"6750\" height=\"4500\" srcset=\"https:\/\/www.ecoitaliano.com.ar\/wp-content\/uploads\/2022\/06\/La-traviata-2027-\u00a9-Michele-Monasta-Maggio-Musicale-Fiorentino.jpg 6750w, https:\/\/www.ecoitaliano.com.ar\/wp-content\/uploads\/2022\/06\/La-traviata-2027-\u00a9-Michele-Monasta-Maggio-Musicale-Fiorentino-300x200.jpg 300w, https:\/\/www.ecoitaliano.com.ar\/wp-content\/uploads\/2022\/06\/La-traviata-2027-\u00a9-Michele-Monasta-Maggio-Musicale-Fiorentino-768x512.jpg 768w, https:\/\/www.ecoitaliano.com.ar\/wp-content\/uploads\/2022\/06\/La-traviata-2027-\u00a9-Michele-Monasta-Maggio-Musicale-Fiorentino-1024x683.jpg 1024w, https:\/\/www.ecoitaliano.com.ar\/wp-content\/uploads\/2022\/06\/La-traviata-2027-\u00a9-Michele-Monasta-Maggio-Musicale-Fiorentino-150x100.jpg 150w\" sizes=\"(max-width: 6750px) 100vw, 6750px\" \/><\/a> <a href=\"http:\/\/www.ecoitaliano.com.ar\/wp-content\/uploads\/2022\/06\/La-traviata-2028-\u00a9-Michele-Monasta-Maggio-Musicale-Fiorentino.jpg\"><img decoding=\"async\" class=\"alignnone size-full wp-image-23917\" src=\"http:\/\/www.ecoitaliano.com.ar\/wp-content\/uploads\/2022\/06\/La-traviata-2028-\u00a9-Michele-Monasta-Maggio-Musicale-Fiorentino.jpg\" alt=\"\" width=\"6750\" height=\"4500\" srcset=\"https:\/\/www.ecoitaliano.com.ar\/wp-content\/uploads\/2022\/06\/La-traviata-2028-\u00a9-Michele-Monasta-Maggio-Musicale-Fiorentino.jpg 6750w, https:\/\/www.ecoitaliano.com.ar\/wp-content\/uploads\/2022\/06\/La-traviata-2028-\u00a9-Michele-Monasta-Maggio-Musicale-Fiorentino-300x200.jpg 300w, https:\/\/www.ecoitaliano.com.ar\/wp-content\/uploads\/2022\/06\/La-traviata-2028-\u00a9-Michele-Monasta-Maggio-Musicale-Fiorentino-768x512.jpg 768w, https:\/\/www.ecoitaliano.com.ar\/wp-content\/uploads\/2022\/06\/La-traviata-2028-\u00a9-Michele-Monasta-Maggio-Musicale-Fiorentino-1024x683.jpg 1024w, https:\/\/www.ecoitaliano.com.ar\/wp-content\/uploads\/2022\/06\/La-traviata-2028-\u00a9-Michele-Monasta-Maggio-Musicale-Fiorentino-150x100.jpg 150w\" sizes=\"(max-width: 6750px) 100vw, 6750px\" \/><\/a> <a href=\"http:\/\/www.ecoitaliano.com.ar\/wp-content\/uploads\/2022\/06\/La-traviata-2029-\u00a9-Michele-Monasta-Maggio-Musicale-Fiorentino.jpg\"><img decoding=\"async\" class=\"alignnone size-full wp-image-23918\" src=\"http:\/\/www.ecoitaliano.com.ar\/wp-content\/uploads\/2022\/06\/La-traviata-2029-\u00a9-Michele-Monasta-Maggio-Musicale-Fiorentino.jpg\" alt=\"\" width=\"6750\" height=\"4500\" srcset=\"https:\/\/www.ecoitaliano.com.ar\/wp-content\/uploads\/2022\/06\/La-traviata-2029-\u00a9-Michele-Monasta-Maggio-Musicale-Fiorentino.jpg 6750w, https:\/\/www.ecoitaliano.com.ar\/wp-content\/uploads\/2022\/06\/La-traviata-2029-\u00a9-Michele-Monasta-Maggio-Musicale-Fiorentino-300x200.jpg 300w, https:\/\/www.ecoitaliano.com.ar\/wp-content\/uploads\/2022\/06\/La-traviata-2029-\u00a9-Michele-Monasta-Maggio-Musicale-Fiorentino-768x512.jpg 768w, https:\/\/www.ecoitaliano.com.ar\/wp-content\/uploads\/2022\/06\/La-traviata-2029-\u00a9-Michele-Monasta-Maggio-Musicale-Fiorentino-1024x683.jpg 1024w, https:\/\/www.ecoitaliano.com.ar\/wp-content\/uploads\/2022\/06\/La-traviata-2029-\u00a9-Michele-Monasta-Maggio-Musicale-Fiorentino-150x100.jpg 150w\" sizes=\"(max-width: 6750px) 100vw, 6750px\" \/><\/a> <a href=\"http:\/\/www.ecoitaliano.com.ar\/wp-content\/uploads\/2022\/06\/La-traviata-2030-\u00a9-Michele-Monasta-Maggio-Musicale-Fiorentino.jpg\"><img decoding=\"async\" class=\"alignnone size-full wp-image-23919\" src=\"http:\/\/www.ecoitaliano.com.ar\/wp-content\/uploads\/2022\/06\/La-traviata-2030-\u00a9-Michele-Monasta-Maggio-Musicale-Fiorentino.jpg\" alt=\"\" width=\"6750\" height=\"4500\" srcset=\"https:\/\/www.ecoitaliano.com.ar\/wp-content\/uploads\/2022\/06\/La-traviata-2030-\u00a9-Michele-Monasta-Maggio-Musicale-Fiorentino.jpg 6750w, https:\/\/www.ecoitaliano.com.ar\/wp-content\/uploads\/2022\/06\/La-traviata-2030-\u00a9-Michele-Monasta-Maggio-Musicale-Fiorentino-300x200.jpg 300w, https:\/\/www.ecoitaliano.com.ar\/wp-content\/uploads\/2022\/06\/La-traviata-2030-\u00a9-Michele-Monasta-Maggio-Musicale-Fiorentino-768x512.jpg 768w, https:\/\/www.ecoitaliano.com.ar\/wp-content\/uploads\/2022\/06\/La-traviata-2030-\u00a9-Michele-Monasta-Maggio-Musicale-Fiorentino-1024x683.jpg 1024w, https:\/\/www.ecoitaliano.com.ar\/wp-content\/uploads\/2022\/06\/La-traviata-2030-\u00a9-Michele-Monasta-Maggio-Musicale-Fiorentino-150x100.jpg 150w\" sizes=\"(max-width: 6750px) 100vw, 6750px\" \/><\/a> <a href=\"http:\/\/www.ecoitaliano.com.ar\/wp-content\/uploads\/2022\/06\/La-traviata-2031-\u00a9-Michele-Monasta-Maggio-Musicale-Fiorentino.jpg\"><img decoding=\"async\" class=\"alignnone size-full wp-image-23920\" src=\"http:\/\/www.ecoitaliano.com.ar\/wp-content\/uploads\/2022\/06\/La-traviata-2031-\u00a9-Michele-Monasta-Maggio-Musicale-Fiorentino.jpg\" alt=\"\" width=\"6753\" height=\"4500\" srcset=\"https:\/\/www.ecoitaliano.com.ar\/wp-content\/uploads\/2022\/06\/La-traviata-2031-\u00a9-Michele-Monasta-Maggio-Musicale-Fiorentino.jpg 6753w, https:\/\/www.ecoitaliano.com.ar\/wp-content\/uploads\/2022\/06\/La-traviata-2031-\u00a9-Michele-Monasta-Maggio-Musicale-Fiorentino-300x200.jpg 300w, https:\/\/www.ecoitaliano.com.ar\/wp-content\/uploads\/2022\/06\/La-traviata-2031-\u00a9-Michele-Monasta-Maggio-Musicale-Fiorentino-768x512.jpg 768w, https:\/\/www.ecoitaliano.com.ar\/wp-content\/uploads\/2022\/06\/La-traviata-2031-\u00a9-Michele-Monasta-Maggio-Musicale-Fiorentino-1024x682.jpg 1024w, https:\/\/www.ecoitaliano.com.ar\/wp-content\/uploads\/2022\/06\/La-traviata-2031-\u00a9-Michele-Monasta-Maggio-Musicale-Fiorentino-150x100.jpg 150w\" sizes=\"(max-width: 6753px) 100vw, 6753px\" \/><\/a> <a href=\"http:\/\/www.ecoitaliano.com.ar\/wp-content\/uploads\/2022\/06\/La-traviata-2032-\u00a9-Michele-Monasta-Maggio-Musicale-Fiorentino.jpg\"><img decoding=\"async\" class=\"alignnone size-full wp-image-23921\" src=\"http:\/\/www.ecoitaliano.com.ar\/wp-content\/uploads\/2022\/06\/La-traviata-2032-\u00a9-Michele-Monasta-Maggio-Musicale-Fiorentino.jpg\" alt=\"\" width=\"4500\" height=\"6750\" srcset=\"https:\/\/www.ecoitaliano.com.ar\/wp-content\/uploads\/2022\/06\/La-traviata-2032-\u00a9-Michele-Monasta-Maggio-Musicale-Fiorentino.jpg 4500w, https:\/\/www.ecoitaliano.com.ar\/wp-content\/uploads\/2022\/06\/La-traviata-2032-\u00a9-Michele-Monasta-Maggio-Musicale-Fiorentino-200x300.jpg 200w, https:\/\/www.ecoitaliano.com.ar\/wp-content\/uploads\/2022\/06\/La-traviata-2032-\u00a9-Michele-Monasta-Maggio-Musicale-Fiorentino-768x1152.jpg 768w, https:\/\/www.ecoitaliano.com.ar\/wp-content\/uploads\/2022\/06\/La-traviata-2032-\u00a9-Michele-Monasta-Maggio-Musicale-Fiorentino-683x1024.jpg 683w, https:\/\/www.ecoitaliano.com.ar\/wp-content\/uploads\/2022\/06\/La-traviata-2032-\u00a9-Michele-Monasta-Maggio-Musicale-Fiorentino-100x150.jpg 100w\" sizes=\"(max-width: 4500px) 100vw, 4500px\" \/><\/a> <a href=\"http:\/\/www.ecoitaliano.com.ar\/wp-content\/uploads\/2022\/06\/La-traviata_2-ottobre-\u00a9-Michele-Monasta-Teatro-del-Maggio-2.jpg\"><img decoding=\"async\" class=\"alignnone size-full wp-image-23922\" src=\"http:\/\/www.ecoitaliano.com.ar\/wp-content\/uploads\/2022\/06\/La-traviata_2-ottobre-\u00a9-Michele-Monasta-Teatro-del-Maggio-2.jpg\" alt=\"\" width=\"7500\" height=\"5000\" srcset=\"https:\/\/www.ecoitaliano.com.ar\/wp-content\/uploads\/2022\/06\/La-traviata_2-ottobre-\u00a9-Michele-Monasta-Teatro-del-Maggio-2.jpg 7500w, https:\/\/www.ecoitaliano.com.ar\/wp-content\/uploads\/2022\/06\/La-traviata_2-ottobre-\u00a9-Michele-Monasta-Teatro-del-Maggio-2-300x200.jpg 300w, https:\/\/www.ecoitaliano.com.ar\/wp-content\/uploads\/2022\/06\/La-traviata_2-ottobre-\u00a9-Michele-Monasta-Teatro-del-Maggio-2-768x512.jpg 768w, https:\/\/www.ecoitaliano.com.ar\/wp-content\/uploads\/2022\/06\/La-traviata_2-ottobre-\u00a9-Michele-Monasta-Teatro-del-Maggio-2-1024x683.jpg 1024w, https:\/\/www.ecoitaliano.com.ar\/wp-content\/uploads\/2022\/06\/La-traviata_2-ottobre-\u00a9-Michele-Monasta-Teatro-del-Maggio-2-150x100.jpg 150w\" sizes=\"(max-width: 7500px) 100vw, 7500px\" \/><\/a> <a href=\"http:\/\/www.ecoitaliano.com.ar\/wp-content\/uploads\/2022\/06\/La-traviata_2-ottobre-\u00a9-Michele-Monasta-Teatro-del-Maggio.jpg\"><img decoding=\"async\" class=\"alignnone size-full wp-image-23923\" src=\"http:\/\/www.ecoitaliano.com.ar\/wp-content\/uploads\/2022\/06\/La-traviata_2-ottobre-\u00a9-Michele-Monasta-Teatro-del-Maggio.jpg\" alt=\"\" width=\"7500\" height=\"5000\" srcset=\"https:\/\/www.ecoitaliano.com.ar\/wp-content\/uploads\/2022\/06\/La-traviata_2-ottobre-\u00a9-Michele-Monasta-Teatro-del-Maggio.jpg 7500w, https:\/\/www.ecoitaliano.com.ar\/wp-content\/uploads\/2022\/06\/La-traviata_2-ottobre-\u00a9-Michele-Monasta-Teatro-del-Maggio-300x200.jpg 300w, https:\/\/www.ecoitaliano.com.ar\/wp-content\/uploads\/2022\/06\/La-traviata_2-ottobre-\u00a9-Michele-Monasta-Teatro-del-Maggio-768x512.jpg 768w, https:\/\/www.ecoitaliano.com.ar\/wp-content\/uploads\/2022\/06\/La-traviata_2-ottobre-\u00a9-Michele-Monasta-Teatro-del-Maggio-1024x683.jpg 1024w, https:\/\/www.ecoitaliano.com.ar\/wp-content\/uploads\/2022\/06\/La-traviata_2-ottobre-\u00a9-Michele-Monasta-Teatro-del-Maggio-150x100.jpg 150w\" sizes=\"(max-width: 7500px) 100vw, 7500px\" \/><\/a><\/p>\n<h5>the Rake&#8217;s progress<\/h5>\n<p><a href=\"http:\/\/www.ecoitaliano.com.ar\/wp-content\/uploads\/2022\/06\/Matthew-Swensen-Tom-Rakewell-\u00a9-Michele-Monasta-Maggio-Musicale-Fiorentino.jpg\"><img decoding=\"async\" class=\"alignnone size-full wp-image-23924\" src=\"http:\/\/www.ecoitaliano.com.ar\/wp-content\/uploads\/2022\/06\/Matthew-Swensen-Tom-Rakewell-\u00a9-Michele-Monasta-Maggio-Musicale-Fiorentino.jpg\" alt=\"\" width=\"1506\" height=\"2048\" srcset=\"https:\/\/www.ecoitaliano.com.ar\/wp-content\/uploads\/2022\/06\/Matthew-Swensen-Tom-Rakewell-\u00a9-Michele-Monasta-Maggio-Musicale-Fiorentino.jpg 1506w, https:\/\/www.ecoitaliano.com.ar\/wp-content\/uploads\/2022\/06\/Matthew-Swensen-Tom-Rakewell-\u00a9-Michele-Monasta-Maggio-Musicale-Fiorentino-221x300.jpg 221w, https:\/\/www.ecoitaliano.com.ar\/wp-content\/uploads\/2022\/06\/Matthew-Swensen-Tom-Rakewell-\u00a9-Michele-Monasta-Maggio-Musicale-Fiorentino-768x1044.jpg 768w, https:\/\/www.ecoitaliano.com.ar\/wp-content\/uploads\/2022\/06\/Matthew-Swensen-Tom-Rakewell-\u00a9-Michele-Monasta-Maggio-Musicale-Fiorentino-753x1024.jpg 753w, https:\/\/www.ecoitaliano.com.ar\/wp-content\/uploads\/2022\/06\/Matthew-Swensen-Tom-Rakewell-\u00a9-Michele-Monasta-Maggio-Musicale-Fiorentino-110x150.jpg 110w\" sizes=\"(max-width: 1506px) 100vw, 1506px\" \/><\/a> <a href=\"http:\/\/www.ecoitaliano.com.ar\/wp-content\/uploads\/2022\/06\/Sara-Blanch-Anne.jpg\"><img decoding=\"async\" class=\"alignnone size-full wp-image-23925\" src=\"http:\/\/www.ecoitaliano.com.ar\/wp-content\/uploads\/2022\/06\/Sara-Blanch-Anne.jpg\" alt=\"\" width=\"2205\" height=\"1803\" srcset=\"https:\/\/www.ecoitaliano.com.ar\/wp-content\/uploads\/2022\/06\/Sara-Blanch-Anne.jpg 2205w, https:\/\/www.ecoitaliano.com.ar\/wp-content\/uploads\/2022\/06\/Sara-Blanch-Anne-300x245.jpg 300w, https:\/\/www.ecoitaliano.com.ar\/wp-content\/uploads\/2022\/06\/Sara-Blanch-Anne-768x628.jpg 768w, https:\/\/www.ecoitaliano.com.ar\/wp-content\/uploads\/2022\/06\/Sara-Blanch-Anne-1024x837.jpg 1024w, https:\/\/www.ecoitaliano.com.ar\/wp-content\/uploads\/2022\/06\/Sara-Blanch-Anne-150x123.jpg 150w\" sizes=\"(max-width: 2205px) 100vw, 2205px\" \/><\/a> <a href=\"http:\/\/www.ecoitaliano.com.ar\/wp-content\/uploads\/2022\/06\/Vito-Priante-Nick-Shadow.jpg\"><img decoding=\"async\" class=\"alignnone size-full wp-image-23926\" src=\"http:\/\/www.ecoitaliano.com.ar\/wp-content\/uploads\/2022\/06\/Vito-Priante-Nick-Shadow.jpg\" alt=\"\" width=\"1332\" height=\"998\" srcset=\"https:\/\/www.ecoitaliano.com.ar\/wp-content\/uploads\/2022\/06\/Vito-Priante-Nick-Shadow.jpg 1332w, https:\/\/www.ecoitaliano.com.ar\/wp-content\/uploads\/2022\/06\/Vito-Priante-Nick-Shadow-300x225.jpg 300w, https:\/\/www.ecoitaliano.com.ar\/wp-content\/uploads\/2022\/06\/Vito-Priante-Nick-Shadow-768x575.jpg 768w, https:\/\/www.ecoitaliano.com.ar\/wp-content\/uploads\/2022\/06\/Vito-Priante-Nick-Shadow-1024x767.jpg 1024w, https:\/\/www.ecoitaliano.com.ar\/wp-content\/uploads\/2022\/06\/Vito-Priante-Nick-Shadow-150x112.jpg 150w\" sizes=\"(max-width: 1332px) 100vw, 1332px\" \/><\/a> <a href=\"http:\/\/www.ecoitaliano.com.ar\/wp-content\/uploads\/2022\/06\/Adriana-di-Paola-Baba-la-turca.png\"><img decoding=\"async\" class=\"alignnone size-full wp-image-23927\" src=\"http:\/\/www.ecoitaliano.com.ar\/wp-content\/uploads\/2022\/06\/Adriana-di-Paola-Baba-la-turca.png\" alt=\"\" width=\"638\" height=\"478\" srcset=\"https:\/\/www.ecoitaliano.com.ar\/wp-content\/uploads\/2022\/06\/Adriana-di-Paola-Baba-la-turca.png 638w, https:\/\/www.ecoitaliano.com.ar\/wp-content\/uploads\/2022\/06\/Adriana-di-Paola-Baba-la-turca-300x225.png 300w, https:\/\/www.ecoitaliano.com.ar\/wp-content\/uploads\/2022\/06\/Adriana-di-Paola-Baba-la-turca-150x112.png 150w\" sizes=\"(max-width: 638px) 100vw, 638px\" \/><\/a> <a href=\"http:\/\/www.ecoitaliano.com.ar\/wp-content\/uploads\/2022\/06\/Christian-Collia-Sellem.jpg\"><img decoding=\"async\" class=\"alignnone size-full wp-image-23928\" src=\"http:\/\/www.ecoitaliano.com.ar\/wp-content\/uploads\/2022\/06\/Christian-Collia-Sellem.jpg\" alt=\"\" width=\"485\" height=\"640\" srcset=\"https:\/\/www.ecoitaliano.com.ar\/wp-content\/uploads\/2022\/06\/Christian-Collia-Sellem.jpg 485w, https:\/\/www.ecoitaliano.com.ar\/wp-content\/uploads\/2022\/06\/Christian-Collia-Sellem-227x300.jpg 227w, https:\/\/www.ecoitaliano.com.ar\/wp-content\/uploads\/2022\/06\/Christian-Collia-Sellem-114x150.jpg 114w\" sizes=\"(max-width: 485px) 100vw, 485px\" \/><\/a><\/p>\n<figure id=\"attachment_23929\" aria-describedby=\"caption-attachment-23929\" style=\"width: 4321px\" class=\"wp-caption alignnone\"><a href=\"http:\/\/www.ecoitaliano.com.ar\/wp-content\/uploads\/2022\/06\/Daniele-Gatti-direttore-\u00a9-Marco-Borggreve-2.jpg\"><img decoding=\"async\" class=\"size-full wp-image-23929\" src=\"http:\/\/www.ecoitaliano.com.ar\/wp-content\/uploads\/2022\/06\/Daniele-Gatti-direttore-\u00a9-Marco-Borggreve-2.jpg\" alt=\"\" width=\"4321\" height=\"6478\" srcset=\"https:\/\/www.ecoitaliano.com.ar\/wp-content\/uploads\/2022\/06\/Daniele-Gatti-direttore-\u00a9-Marco-Borggreve-2.jpg 4321w, https:\/\/www.ecoitaliano.com.ar\/wp-content\/uploads\/2022\/06\/Daniele-Gatti-direttore-\u00a9-Marco-Borggreve-2-200x300.jpg 200w, https:\/\/www.ecoitaliano.com.ar\/wp-content\/uploads\/2022\/06\/Daniele-Gatti-direttore-\u00a9-Marco-Borggreve-2-768x1151.jpg 768w, https:\/\/www.ecoitaliano.com.ar\/wp-content\/uploads\/2022\/06\/Daniele-Gatti-direttore-\u00a9-Marco-Borggreve-2-683x1024.jpg 683w, https:\/\/www.ecoitaliano.com.ar\/wp-content\/uploads\/2022\/06\/Daniele-Gatti-direttore-\u00a9-Marco-Borggreve-2-100x150.jpg 100w\" sizes=\"(max-width: 4321px) 100vw, 4321px\" \/><\/a><figcaption id=\"caption-attachment-23929\" class=\"wp-caption-text\">Daniele Gatti&#8211; Chiefconductor Royal Concertgebouw Orchestra.Photo: Marco Borggreve<\/figcaption><\/figure>\n<p><a href=\"http:\/\/www.ecoitaliano.com.ar\/wp-content\/uploads\/2022\/06\/Frederic-Wake-Walker-regia.jpg\"><img decoding=\"async\" class=\"alignnone size-full wp-image-23930\" src=\"http:\/\/www.ecoitaliano.com.ar\/wp-content\/uploads\/2022\/06\/Frederic-Wake-Walker-regia.jpg\" alt=\"\" width=\"1575\" height=\"2362\" srcset=\"https:\/\/www.ecoitaliano.com.ar\/wp-content\/uploads\/2022\/06\/Frederic-Wake-Walker-regia.jpg 1575w, https:\/\/www.ecoitaliano.com.ar\/wp-content\/uploads\/2022\/06\/Frederic-Wake-Walker-regia-200x300.jpg 200w, https:\/\/www.ecoitaliano.com.ar\/wp-content\/uploads\/2022\/06\/Frederic-Wake-Walker-regia-768x1152.jpg 768w, https:\/\/www.ecoitaliano.com.ar\/wp-content\/uploads\/2022\/06\/Frederic-Wake-Walker-regia-683x1024.jpg 683w, https:\/\/www.ecoitaliano.com.ar\/wp-content\/uploads\/2022\/06\/Frederic-Wake-Walker-regia-100x150.jpg 100w\" sizes=\"(max-width: 1575px) 100vw, 1575px\" \/><\/a> <a href=\"http:\/\/www.ecoitaliano.com.ar\/wp-content\/uploads\/2022\/06\/Marie-Claude-Chappuis-Mother-Goose-\u00a9-Jo-Simoes.jpg\"><img decoding=\"async\" class=\"alignnone size-full wp-image-23931\" src=\"http:\/\/www.ecoitaliano.com.ar\/wp-content\/uploads\/2022\/06\/Marie-Claude-Chappuis-Mother-Goose-\u00a9-Jo-Simoes.jpg\" alt=\"\" width=\"3744\" height=\"5616\" srcset=\"https:\/\/www.ecoitaliano.com.ar\/wp-content\/uploads\/2022\/06\/Marie-Claude-Chappuis-Mother-Goose-\u00a9-Jo-Simoes.jpg 3744w, https:\/\/www.ecoitaliano.com.ar\/wp-content\/uploads\/2022\/06\/Marie-Claude-Chappuis-Mother-Goose-\u00a9-Jo-Simoes-200x300.jpg 200w, https:\/\/www.ecoitaliano.com.ar\/wp-content\/uploads\/2022\/06\/Marie-Claude-Chappuis-Mother-Goose-\u00a9-Jo-Simoes-768x1152.jpg 768w, https:\/\/www.ecoitaliano.com.ar\/wp-content\/uploads\/2022\/06\/Marie-Claude-Chappuis-Mother-Goose-\u00a9-Jo-Simoes-683x1024.jpg 683w, https:\/\/www.ecoitaliano.com.ar\/wp-content\/uploads\/2022\/06\/Marie-Claude-Chappuis-Mother-Goose-\u00a9-Jo-Simoes-100x150.jpg 100w\" sizes=\"(max-width: 3744px) 100vw, 3744px\" \/><\/a><\/p>\n<h5>Carmen<\/h5>\n<figure id=\"attachment_23932\" aria-describedby=\"caption-attachment-23932\" style=\"width: 4913px\" class=\"wp-caption alignnone\"><a href=\"http:\/\/www.ecoitaliano.com.ar\/wp-content\/uploads\/2022\/06\/Zubin-Mehta-\u00a9-Simone-Donati-TerraProject-Contrasto-direttore-1.jpg\"><img decoding=\"async\" class=\"size-full wp-image-23932\" src=\"http:\/\/www.ecoitaliano.com.ar\/wp-content\/uploads\/2022\/06\/Zubin-Mehta-\u00a9-Simone-Donati-TerraProject-Contrasto-direttore-1.jpg\" alt=\"\" width=\"4913\" height=\"3275\" srcset=\"https:\/\/www.ecoitaliano.com.ar\/wp-content\/uploads\/2022\/06\/Zubin-Mehta-\u00a9-Simone-Donati-TerraProject-Contrasto-direttore-1.jpg 4913w, https:\/\/www.ecoitaliano.com.ar\/wp-content\/uploads\/2022\/06\/Zubin-Mehta-\u00a9-Simone-Donati-TerraProject-Contrasto-direttore-1-300x200.jpg 300w, https:\/\/www.ecoitaliano.com.ar\/wp-content\/uploads\/2022\/06\/Zubin-Mehta-\u00a9-Simone-Donati-TerraProject-Contrasto-direttore-1-768x512.jpg 768w, https:\/\/www.ecoitaliano.com.ar\/wp-content\/uploads\/2022\/06\/Zubin-Mehta-\u00a9-Simone-Donati-TerraProject-Contrasto-direttore-1-1024x683.jpg 1024w, https:\/\/www.ecoitaliano.com.ar\/wp-content\/uploads\/2022\/06\/Zubin-Mehta-\u00a9-Simone-Donati-TerraProject-Contrasto-direttore-1-150x100.jpg 150w\" sizes=\"(max-width: 4913px) 100vw, 4913px\" \/><\/a><figcaption id=\"caption-attachment-23932\" class=\"wp-caption-text\">Firenze, Settembre 2014. Il Maestro Zubin Mehta dirige l&#8217;Orchestra del Maggio Musicale Fiorentino all&#8217;Opera di Firenze.<br \/>Florence, September 2014. The Maestro Zubin Mehta conducts the Orchestra del Maggio Musicale Fiorentino in Florence Opera Theatre.<\/figcaption><\/figure>\n<p><a href=\"http:\/\/www.ecoitaliano.com.ar\/wp-content\/uploads\/2022\/06\/Cl\u00e9mentine-Margaine-Carmen.jpg\"><img decoding=\"async\" class=\"alignnone size-full wp-image-23933\" src=\"http:\/\/www.ecoitaliano.com.ar\/wp-content\/uploads\/2022\/06\/Cl\u00e9mentine-Margaine-Carmen.jpg\" alt=\"\" width=\"2000\" height=\"1333\" srcset=\"https:\/\/www.ecoitaliano.com.ar\/wp-content\/uploads\/2022\/06\/Cl\u00e9mentine-Margaine-Carmen.jpg 2000w, https:\/\/www.ecoitaliano.com.ar\/wp-content\/uploads\/2022\/06\/Cl\u00e9mentine-Margaine-Carmen-300x200.jpg 300w, https:\/\/www.ecoitaliano.com.ar\/wp-content\/uploads\/2022\/06\/Cl\u00e9mentine-Margaine-Carmen-768x512.jpg 768w, https:\/\/www.ecoitaliano.com.ar\/wp-content\/uploads\/2022\/06\/Cl\u00e9mentine-Margaine-Carmen-1024x682.jpg 1024w, https:\/\/www.ecoitaliano.com.ar\/wp-content\/uploads\/2022\/06\/Cl\u00e9mentine-Margaine-Carmen-150x100.jpg 150w\" sizes=\"(max-width: 2000px) 100vw, 2000px\" \/><\/a> <a href=\"http:\/\/www.ecoitaliano.com.ar\/wp-content\/uploads\/2022\/06\/Francesco-Meli-Don-Jos\u00e8-\u00a9-Victor-Santiago.jpg\"><img decoding=\"async\" class=\"alignnone size-full wp-image-23934\" src=\"http:\/\/www.ecoitaliano.com.ar\/wp-content\/uploads\/2022\/06\/Francesco-Meli-Don-Jos\u00e8-\u00a9-Victor-Santiago.jpg\" alt=\"\" width=\"1242\" height=\"829\" srcset=\"https:\/\/www.ecoitaliano.com.ar\/wp-content\/uploads\/2022\/06\/Francesco-Meli-Don-Jos\u00e8-\u00a9-Victor-Santiago.jpg 1242w, https:\/\/www.ecoitaliano.com.ar\/wp-content\/uploads\/2022\/06\/Francesco-Meli-Don-Jos\u00e8-\u00a9-Victor-Santiago-300x200.jpg 300w, https:\/\/www.ecoitaliano.com.ar\/wp-content\/uploads\/2022\/06\/Francesco-Meli-Don-Jos\u00e8-\u00a9-Victor-Santiago-768x513.jpg 768w, https:\/\/www.ecoitaliano.com.ar\/wp-content\/uploads\/2022\/06\/Francesco-Meli-Don-Jos\u00e8-\u00a9-Victor-Santiago-1024x683.jpg 1024w, https:\/\/www.ecoitaliano.com.ar\/wp-content\/uploads\/2022\/06\/Francesco-Meli-Don-Jos\u00e8-\u00a9-Victor-Santiago-150x100.jpg 150w\" sizes=\"(max-width: 1242px) 100vw, 1242px\" \/><\/a> <a href=\"http:\/\/www.ecoitaliano.com.ar\/wp-content\/uploads\/2022\/06\/Mattia-Olivieri-Escamillo.jpg\"><img decoding=\"async\" class=\"alignnone size-full wp-image-23935\" src=\"http:\/\/www.ecoitaliano.com.ar\/wp-content\/uploads\/2022\/06\/Mattia-Olivieri-Escamillo.jpg\" alt=\"\" width=\"480\" height=\"590\" srcset=\"https:\/\/www.ecoitaliano.com.ar\/wp-content\/uploads\/2022\/06\/Mattia-Olivieri-Escamillo.jpg 480w, https:\/\/www.ecoitaliano.com.ar\/wp-content\/uploads\/2022\/06\/Mattia-Olivieri-Escamillo-244x300.jpg 244w, https:\/\/www.ecoitaliano.com.ar\/wp-content\/uploads\/2022\/06\/Mattia-Olivieri-Escamillo-122x150.jpg 122w\" sizes=\"(max-width: 480px) 100vw, 480px\" \/><\/a> <a href=\"http:\/\/www.ecoitaliano.com.ar\/wp-content\/uploads\/2022\/06\/Piero-Faggioni-regia.jpeg\"><img decoding=\"async\" class=\"alignnone size-full wp-image-23936\" src=\"http:\/\/www.ecoitaliano.com.ar\/wp-content\/uploads\/2022\/06\/Piero-Faggioni-regia.jpeg\" alt=\"\" width=\"206\" height=\"245\" srcset=\"https:\/\/www.ecoitaliano.com.ar\/wp-content\/uploads\/2022\/06\/Piero-Faggioni-regia.jpeg 206w, https:\/\/www.ecoitaliano.com.ar\/wp-content\/uploads\/2022\/06\/Piero-Faggioni-regia-126x150.jpeg 126w\" sizes=\"(max-width: 206px) 100vw, 206px\" \/><\/a> <a href=\"http:\/\/www.ecoitaliano.com.ar\/wp-content\/uploads\/2022\/06\/Valentina-Naforni\u021b\u0103-Mica\u00ebla-\u00a9-Alex-Lordache.jpg\"><img decoding=\"async\" class=\"alignnone size-full wp-image-23937\" src=\"http:\/\/www.ecoitaliano.com.ar\/wp-content\/uploads\/2022\/06\/Valentina-Naforni\u021b\u0103-Mica\u00ebla-\u00a9-Alex-Lordache.jpg\" alt=\"\" width=\"3648\" height=\"5472\" srcset=\"https:\/\/www.ecoitaliano.com.ar\/wp-content\/uploads\/2022\/06\/Valentina-Naforni\u021b\u0103-Mica\u00ebla-\u00a9-Alex-Lordache.jpg 3648w, https:\/\/www.ecoitaliano.com.ar\/wp-content\/uploads\/2022\/06\/Valentina-Naforni\u021b\u0103-Mica\u00ebla-\u00a9-Alex-Lordache-200x300.jpg 200w, https:\/\/www.ecoitaliano.com.ar\/wp-content\/uploads\/2022\/06\/Valentina-Naforni\u021b\u0103-Mica\u00ebla-\u00a9-Alex-Lordache-768x1152.jpg 768w, https:\/\/www.ecoitaliano.com.ar\/wp-content\/uploads\/2022\/06\/Valentina-Naforni\u021b\u0103-Mica\u00ebla-\u00a9-Alex-Lordache-683x1024.jpg 683w, https:\/\/www.ecoitaliano.com.ar\/wp-content\/uploads\/2022\/06\/Valentina-Naforni\u021b\u0103-Mica\u00ebla-\u00a9-Alex-Lordache-100x150.jpg 100w\" sizes=\"(max-width: 3648px) 100vw, 3648px\" \/><\/a><\/p>\n<h5>stagione sinfonica<\/h5>\n<p><a href=\"http:\/\/www.ecoitaliano.com.ar\/wp-content\/uploads\/2022\/06\/Andrea-Lucchesini-pianoforte.jpg\"><img decoding=\"async\" class=\"alignnone size-full wp-image-23938\" src=\"http:\/\/www.ecoitaliano.com.ar\/wp-content\/uploads\/2022\/06\/Andrea-Lucchesini-pianoforte.jpg\" alt=\"\" width=\"3543\" height=\"2362\" srcset=\"https:\/\/www.ecoitaliano.com.ar\/wp-content\/uploads\/2022\/06\/Andrea-Lucchesini-pianoforte.jpg 3543w, https:\/\/www.ecoitaliano.com.ar\/wp-content\/uploads\/2022\/06\/Andrea-Lucchesini-pianoforte-300x200.jpg 300w, https:\/\/www.ecoitaliano.com.ar\/wp-content\/uploads\/2022\/06\/Andrea-Lucchesini-pianoforte-768x512.jpg 768w, https:\/\/www.ecoitaliano.com.ar\/wp-content\/uploads\/2022\/06\/Andrea-Lucchesini-pianoforte-1024x683.jpg 1024w, https:\/\/www.ecoitaliano.com.ar\/wp-content\/uploads\/2022\/06\/Andrea-Lucchesini-pianoforte-150x100.jpg 150w\" sizes=\"(max-width: 3543px) 100vw, 3543px\" \/><\/a><a href=\"http:\/\/www.ecoitaliano.com.ar\/wp-content\/uploads\/2022\/06\/Theodor-Guschlbauer-\u00a9-Michele-Monasta-Maggio-Musicale-Fiorentino.jpg\"><img decoding=\"async\" class=\"alignnone size-full wp-image-23939\" src=\"http:\/\/www.ecoitaliano.com.ar\/wp-content\/uploads\/2022\/06\/Theodor-Guschlbauer-\u00a9-Michele-Monasta-Maggio-Musicale-Fiorentino.jpg\" alt=\"\" width=\"5000\" height=\"7500\" srcset=\"https:\/\/www.ecoitaliano.com.ar\/wp-content\/uploads\/2022\/06\/Theodor-Guschlbauer-\u00a9-Michele-Monasta-Maggio-Musicale-Fiorentino.jpg 5000w, https:\/\/www.ecoitaliano.com.ar\/wp-content\/uploads\/2022\/06\/Theodor-Guschlbauer-\u00a9-Michele-Monasta-Maggio-Musicale-Fiorentino-200x300.jpg 200w, https:\/\/www.ecoitaliano.com.ar\/wp-content\/uploads\/2022\/06\/Theodor-Guschlbauer-\u00a9-Michele-Monasta-Maggio-Musicale-Fiorentino-768x1152.jpg 768w, https:\/\/www.ecoitaliano.com.ar\/wp-content\/uploads\/2022\/06\/Theodor-Guschlbauer-\u00a9-Michele-Monasta-Maggio-Musicale-Fiorentino-683x1024.jpg 683w, https:\/\/www.ecoitaliano.com.ar\/wp-content\/uploads\/2022\/06\/Theodor-Guschlbauer-\u00a9-Michele-Monasta-Maggio-Musicale-Fiorentino-100x150.jpg 100w\" sizes=\"(max-width: 5000px) 100vw, 5000px\" \/><\/a> <a href=\"http:\/\/www.ecoitaliano.com.ar\/wp-content\/uploads\/2022\/06\/Gustav-Mahler-Jugendorchester\u00a9-Cosimo-Filippini.jpg\"><img decoding=\"async\" class=\"alignnone size-full wp-image-23940\" src=\"http:\/\/www.ecoitaliano.com.ar\/wp-content\/uploads\/2022\/06\/Gustav-Mahler-Jugendorchester\u00a9-Cosimo-Filippini.jpg\" alt=\"\" width=\"2128\" height=\"1416\" srcset=\"https:\/\/www.ecoitaliano.com.ar\/wp-content\/uploads\/2022\/06\/Gustav-Mahler-Jugendorchester\u00a9-Cosimo-Filippini.jpg 2128w, https:\/\/www.ecoitaliano.com.ar\/wp-content\/uploads\/2022\/06\/Gustav-Mahler-Jugendorchester\u00a9-Cosimo-Filippini-300x200.jpg 300w, https:\/\/www.ecoitaliano.com.ar\/wp-content\/uploads\/2022\/06\/Gustav-Mahler-Jugendorchester\u00a9-Cosimo-Filippini-768x511.jpg 768w, https:\/\/www.ecoitaliano.com.ar\/wp-content\/uploads\/2022\/06\/Gustav-Mahler-Jugendorchester\u00a9-Cosimo-Filippini-1024x681.jpg 1024w, https:\/\/www.ecoitaliano.com.ar\/wp-content\/uploads\/2022\/06\/Gustav-Mahler-Jugendorchester\u00a9-Cosimo-Filippini-150x100.jpg 150w\" sizes=\"(max-width: 2128px) 100vw, 2128px\" \/><\/a> <a href=\"http:\/\/www.ecoitaliano.com.ar\/wp-content\/uploads\/2022\/06\/Herbert-Blomstedt.jpeg\"><img decoding=\"async\" class=\"alignnone size-full wp-image-23941\" src=\"http:\/\/www.ecoitaliano.com.ar\/wp-content\/uploads\/2022\/06\/Herbert-Blomstedt.jpeg\" alt=\"\" width=\"1517\" height=\"849\" srcset=\"https:\/\/www.ecoitaliano.com.ar\/wp-content\/uploads\/2022\/06\/Herbert-Blomstedt.jpeg 1517w, https:\/\/www.ecoitaliano.com.ar\/wp-content\/uploads\/2022\/06\/Herbert-Blomstedt-300x168.jpeg 300w, https:\/\/www.ecoitaliano.com.ar\/wp-content\/uploads\/2022\/06\/Herbert-Blomstedt-768x430.jpeg 768w, https:\/\/www.ecoitaliano.com.ar\/wp-content\/uploads\/2022\/06\/Herbert-Blomstedt-1024x573.jpeg 1024w, https:\/\/www.ecoitaliano.com.ar\/wp-content\/uploads\/2022\/06\/Herbert-Blomstedt-150x84.jpeg 150w\" sizes=\"(max-width: 1517px) 100vw, 1517px\" \/><\/a> <a href=\"http:\/\/www.ecoitaliano.com.ar\/wp-content\/uploads\/2022\/06\/Mandy-Fredrichsoprano.jpg\"><img decoding=\"async\" class=\"alignnone size-full wp-image-23942\" src=\"http:\/\/www.ecoitaliano.com.ar\/wp-content\/uploads\/2022\/06\/Mandy-Fredrichsoprano.jpg\" alt=\"\" width=\"2656\" height=\"2752\" srcset=\"https:\/\/www.ecoitaliano.com.ar\/wp-content\/uploads\/2022\/06\/Mandy-Fredrichsoprano.jpg 2656w, https:\/\/www.ecoitaliano.com.ar\/wp-content\/uploads\/2022\/06\/Mandy-Fredrichsoprano-290x300.jpg 290w, https:\/\/www.ecoitaliano.com.ar\/wp-content\/uploads\/2022\/06\/Mandy-Fredrichsoprano-768x796.jpg 768w, https:\/\/www.ecoitaliano.com.ar\/wp-content\/uploads\/2022\/06\/Mandy-Fredrichsoprano-988x1024.jpg 988w, https:\/\/www.ecoitaliano.com.ar\/wp-content\/uploads\/2022\/06\/Mandy-Fredrichsoprano-145x150.jpg 145w\" sizes=\"(max-width: 2656px) 100vw, 2656px\" \/><\/a> <a href=\"http:\/\/www.ecoitaliano.com.ar\/wp-content\/uploads\/2022\/06\/Marie-Claude-Chappuis-mezzosoprano-\u00a9-Jo-Simoes.jpg\"><img decoding=\"async\" class=\"alignnone size-full wp-image-23943\" src=\"http:\/\/www.ecoitaliano.com.ar\/wp-content\/uploads\/2022\/06\/Marie-Claude-Chappuis-mezzosoprano-\u00a9-Jo-Simoes.jpg\" alt=\"\" width=\"3742\" height=\"4990\" srcset=\"https:\/\/www.ecoitaliano.com.ar\/wp-content\/uploads\/2022\/06\/Marie-Claude-Chappuis-mezzosoprano-\u00a9-Jo-Simoes.jpg 3742w, https:\/\/www.ecoitaliano.com.ar\/wp-content\/uploads\/2022\/06\/Marie-Claude-Chappuis-mezzosoprano-\u00a9-Jo-Simoes-225x300.jpg 225w, https:\/\/www.ecoitaliano.com.ar\/wp-content\/uploads\/2022\/06\/Marie-Claude-Chappuis-mezzosoprano-\u00a9-Jo-Simoes-768x1024.jpg 768w, https:\/\/www.ecoitaliano.com.ar\/wp-content\/uploads\/2022\/06\/Marie-Claude-Chappuis-mezzosoprano-\u00a9-Jo-Simoes-112x150.jpg 112w\" sizes=\"(max-width: 3742px) 100vw, 3742px\" \/><\/a> <a href=\"http:\/\/www.ecoitaliano.com.ar\/wp-content\/uploads\/2022\/06\/Maximilian-Schmitt-tenore.jpg\"><img decoding=\"async\" class=\"alignnone size-full wp-image-23944\" src=\"http:\/\/www.ecoitaliano.com.ar\/wp-content\/uploads\/2022\/06\/Maximilian-Schmitt-tenore.jpg\" alt=\"\" width=\"5216\" height=\"3477\" srcset=\"https:\/\/www.ecoitaliano.com.ar\/wp-content\/uploads\/2022\/06\/Maximilian-Schmitt-tenore.jpg 5216w, https:\/\/www.ecoitaliano.com.ar\/wp-content\/uploads\/2022\/06\/Maximilian-Schmitt-tenore-300x200.jpg 300w, https:\/\/www.ecoitaliano.com.ar\/wp-content\/uploads\/2022\/06\/Maximilian-Schmitt-tenore-768x512.jpg 768w, https:\/\/www.ecoitaliano.com.ar\/wp-content\/uploads\/2022\/06\/Maximilian-Schmitt-tenore-1024x683.jpg 1024w, https:\/\/www.ecoitaliano.com.ar\/wp-content\/uploads\/2022\/06\/Maximilian-Schmitt-tenore-150x100.jpg 150w\" sizes=\"(max-width: 5216px) 100vw, 5216px\" \/><\/a> <a href=\"http:\/\/www.ecoitaliano.com.ar\/wp-content\/uploads\/2022\/06\/Tareq-Nazmi-baritono-\u00a9-Marco-Borggreve.jpg\"><img decoding=\"async\" class=\"alignnone size-full wp-image-23945\" src=\"http:\/\/www.ecoitaliano.com.ar\/wp-content\/uploads\/2022\/06\/Tareq-Nazmi-baritono-\u00a9-Marco-Borggreve.jpg\" alt=\"\" width=\"1494\" height=\"1992\" srcset=\"https:\/\/www.ecoitaliano.com.ar\/wp-content\/uploads\/2022\/06\/Tareq-Nazmi-baritono-\u00a9-Marco-Borggreve.jpg 1494w, https:\/\/www.ecoitaliano.com.ar\/wp-content\/uploads\/2022\/06\/Tareq-Nazmi-baritono-\u00a9-Marco-Borggreve-225x300.jpg 225w, https:\/\/www.ecoitaliano.com.ar\/wp-content\/uploads\/2022\/06\/Tareq-Nazmi-baritono-\u00a9-Marco-Borggreve-768x1024.jpg 768w, https:\/\/www.ecoitaliano.com.ar\/wp-content\/uploads\/2022\/06\/Tareq-Nazmi-baritono-\u00a9-Marco-Borggreve-113x150.jpg 113w\" sizes=\"(max-width: 1494px) 100vw, 1494px\" \/><\/a><\/p>\n<figure id=\"attachment_23946\" aria-describedby=\"caption-attachment-23946\" style=\"width: 4961px\" class=\"wp-caption alignnone\"><a href=\"http:\/\/www.ecoitaliano.com.ar\/wp-content\/uploads\/2022\/06\/Zubin-Mehta-direttore-\u00a9-Alberto-Conti-Contrasto.jpg\"><img decoding=\"async\" class=\"size-full wp-image-23946\" src=\"http:\/\/www.ecoitaliano.com.ar\/wp-content\/uploads\/2022\/06\/Zubin-Mehta-direttore-\u00a9-Alberto-Conti-Contrasto.jpg\" alt=\"\" width=\"4961\" height=\"4961\" srcset=\"https:\/\/www.ecoitaliano.com.ar\/wp-content\/uploads\/2022\/06\/Zubin-Mehta-direttore-\u00a9-Alberto-Conti-Contrasto.jpg 4961w, https:\/\/www.ecoitaliano.com.ar\/wp-content\/uploads\/2022\/06\/Zubin-Mehta-direttore-\u00a9-Alberto-Conti-Contrasto-150x150.jpg 150w, https:\/\/www.ecoitaliano.com.ar\/wp-content\/uploads\/2022\/06\/Zubin-Mehta-direttore-\u00a9-Alberto-Conti-Contrasto-300x300.jpg 300w, https:\/\/www.ecoitaliano.com.ar\/wp-content\/uploads\/2022\/06\/Zubin-Mehta-direttore-\u00a9-Alberto-Conti-Contrasto-768x768.jpg 768w, https:\/\/www.ecoitaliano.com.ar\/wp-content\/uploads\/2022\/06\/Zubin-Mehta-direttore-\u00a9-Alberto-Conti-Contrasto-1024x1024.jpg 1024w\" sizes=\"(max-width: 4961px) 100vw, 4961px\" \/><\/a><figcaption id=\"caption-attachment-23946\" class=\"wp-caption-text\">zubin mehta &#8211; firenze novembre 2015<\/figcaption><\/figure>\n<p><a href=\"http:\/\/www.ecoitaliano.com.ar\/wp-content\/uploads\/2022\/06\/Zubin-Mehta-\u00a9-Michele-Monasta-Maggio-Musicale-Fiorentino.jpg\"><img decoding=\"async\" class=\"alignnone size-full wp-image-23947\" src=\"http:\/\/www.ecoitaliano.com.ar\/wp-content\/uploads\/2022\/06\/Zubin-Mehta-\u00a9-Michele-Monasta-Maggio-Musicale-Fiorentino.jpg\" alt=\"\" width=\"7952\" height=\"5304\" srcset=\"https:\/\/www.ecoitaliano.com.ar\/wp-content\/uploads\/2022\/06\/Zubin-Mehta-\u00a9-Michele-Monasta-Maggio-Musicale-Fiorentino.jpg 7952w, https:\/\/www.ecoitaliano.com.ar\/wp-content\/uploads\/2022\/06\/Zubin-Mehta-\u00a9-Michele-Monasta-Maggio-Musicale-Fiorentino-300x200.jpg 300w, https:\/\/www.ecoitaliano.com.ar\/wp-content\/uploads\/2022\/06\/Zubin-Mehta-\u00a9-Michele-Monasta-Maggio-Musicale-Fiorentino-768x512.jpg 768w, https:\/\/www.ecoitaliano.com.ar\/wp-content\/uploads\/2022\/06\/Zubin-Mehta-\u00a9-Michele-Monasta-Maggio-Musicale-Fiorentino-1024x683.jpg 1024w, https:\/\/www.ecoitaliano.com.ar\/wp-content\/uploads\/2022\/06\/Zubin-Mehta-\u00a9-Michele-Monasta-Maggio-Musicale-Fiorentino-150x100.jpg 150w\" sizes=\"(max-width: 7952px) 100vw, 7952px\" \/><\/a><\/p>\n<figure id=\"attachment_23948\" aria-describedby=\"caption-attachment-23948\" style=\"width: 4913px\" class=\"wp-caption alignnone\"><a href=\"http:\/\/www.ecoitaliano.com.ar\/wp-content\/uploads\/2022\/06\/Zubin-Mehta-\u00a9-Simone-Donati-TerraProject-Contrasto.jpg\"><img decoding=\"async\" class=\"size-full wp-image-23948\" src=\"http:\/\/www.ecoitaliano.com.ar\/wp-content\/uploads\/2022\/06\/Zubin-Mehta-\u00a9-Simone-Donati-TerraProject-Contrasto.jpg\" alt=\"\" width=\"4913\" height=\"3275\" srcset=\"https:\/\/www.ecoitaliano.com.ar\/wp-content\/uploads\/2022\/06\/Zubin-Mehta-\u00a9-Simone-Donati-TerraProject-Contrasto.jpg 4913w, https:\/\/www.ecoitaliano.com.ar\/wp-content\/uploads\/2022\/06\/Zubin-Mehta-\u00a9-Simone-Donati-TerraProject-Contrasto-300x200.jpg 300w, https:\/\/www.ecoitaliano.com.ar\/wp-content\/uploads\/2022\/06\/Zubin-Mehta-\u00a9-Simone-Donati-TerraProject-Contrasto-768x512.jpg 768w, https:\/\/www.ecoitaliano.com.ar\/wp-content\/uploads\/2022\/06\/Zubin-Mehta-\u00a9-Simone-Donati-TerraProject-Contrasto-1024x683.jpg 1024w, https:\/\/www.ecoitaliano.com.ar\/wp-content\/uploads\/2022\/06\/Zubin-Mehta-\u00a9-Simone-Donati-TerraProject-Contrasto-150x100.jpg 150w\" sizes=\"(max-width: 4913px) 100vw, 4913px\" \/><\/a><figcaption id=\"caption-attachment-23948\" class=\"wp-caption-text\">Firenze, Settembre 2014. Il Maestro Zubin Mehta dirige l&#8217;Orchestra del Maggio Musicale Fiorentino all&#8217;Opera di Firenze.<br \/>Florence, September 2014. The Maestro Zubin Mehta conducts the Orchestra del Maggio Musicale Fiorentino in Florence Opera Theatre.<\/figcaption><\/figure>\n<figure id=\"attachment_23949\" aria-describedby=\"caption-attachment-23949\" style=\"width: 4134px\" class=\"wp-caption alignnone\"><a href=\"http:\/\/www.ecoitaliano.com.ar\/wp-content\/uploads\/2022\/06\/Daniele-Gatti-\u00a9-Marco-Borggreve.jpg\"><img decoding=\"async\" class=\"size-full wp-image-23949\" src=\"http:\/\/www.ecoitaliano.com.ar\/wp-content\/uploads\/2022\/06\/Daniele-Gatti-\u00a9-Marco-Borggreve.jpg\" alt=\"\" width=\"4134\" height=\"5560\" srcset=\"https:\/\/www.ecoitaliano.com.ar\/wp-content\/uploads\/2022\/06\/Daniele-Gatti-\u00a9-Marco-Borggreve.jpg 4134w, https:\/\/www.ecoitaliano.com.ar\/wp-content\/uploads\/2022\/06\/Daniele-Gatti-\u00a9-Marco-Borggreve-223x300.jpg 223w, https:\/\/www.ecoitaliano.com.ar\/wp-content\/uploads\/2022\/06\/Daniele-Gatti-\u00a9-Marco-Borggreve-768x1033.jpg 768w, https:\/\/www.ecoitaliano.com.ar\/wp-content\/uploads\/2022\/06\/Daniele-Gatti-\u00a9-Marco-Borggreve-761x1024.jpg 761w, https:\/\/www.ecoitaliano.com.ar\/wp-content\/uploads\/2022\/06\/Daniele-Gatti-\u00a9-Marco-Borggreve-112x150.jpg 112w\" sizes=\"(max-width: 4134px) 100vw, 4134px\" \/><\/a><figcaption id=\"caption-attachment-23949\" class=\"wp-caption-text\">Daniele Gatti&#8211; Chiefconductor Royal Concertgebouw Orchestra.Photo: Marco Borggreve<\/figcaption><\/figure>\n<p><a href=\"http:\/\/www.ecoitaliano.com.ar\/wp-content\/uploads\/2022\/06\/Eleonora-Filipponi-mezzosoprano.jpeg\"><img decoding=\"async\" class=\"alignnone size-full wp-image-23950\" src=\"http:\/\/www.ecoitaliano.com.ar\/wp-content\/uploads\/2022\/06\/Eleonora-Filipponi-mezzosoprano.jpeg\" alt=\"\" width=\"1279\" height=\"1600\" srcset=\"https:\/\/www.ecoitaliano.com.ar\/wp-content\/uploads\/2022\/06\/Eleonora-Filipponi-mezzosoprano.jpeg 1279w, https:\/\/www.ecoitaliano.com.ar\/wp-content\/uploads\/2022\/06\/Eleonora-Filipponi-mezzosoprano-240x300.jpeg 240w, https:\/\/www.ecoitaliano.com.ar\/wp-content\/uploads\/2022\/06\/Eleonora-Filipponi-mezzosoprano-768x961.jpeg 768w, https:\/\/www.ecoitaliano.com.ar\/wp-content\/uploads\/2022\/06\/Eleonora-Filipponi-mezzosoprano-819x1024.jpeg 819w, https:\/\/www.ecoitaliano.com.ar\/wp-content\/uploads\/2022\/06\/Eleonora-Filipponi-mezzosoprano-120x150.jpeg 120w\" sizes=\"(max-width: 1279px) 100vw, 1279px\" \/><\/a><\/p>\n<figure id=\"attachment_23951\" aria-describedby=\"caption-attachment-23951\" style=\"width: 5364px\" class=\"wp-caption alignnone\"><a href=\"http:\/\/www.ecoitaliano.com.ar\/wp-content\/uploads\/2022\/06\/Zubin-Mehta-\u00a9-Simone-Donati-TerraProject-Contrasto-direttore-2.jpg\"><img decoding=\"async\" class=\"size-full wp-image-23951\" src=\"http:\/\/www.ecoitaliano.com.ar\/wp-content\/uploads\/2022\/06\/Zubin-Mehta-\u00a9-Simone-Donati-TerraProject-Contrasto-direttore-2.jpg\" alt=\"\" width=\"5364\" height=\"3576\" srcset=\"https:\/\/www.ecoitaliano.com.ar\/wp-content\/uploads\/2022\/06\/Zubin-Mehta-\u00a9-Simone-Donati-TerraProject-Contrasto-direttore-2.jpg 5364w, https:\/\/www.ecoitaliano.com.ar\/wp-content\/uploads\/2022\/06\/Zubin-Mehta-\u00a9-Simone-Donati-TerraProject-Contrasto-direttore-2-300x200.jpg 300w, https:\/\/www.ecoitaliano.com.ar\/wp-content\/uploads\/2022\/06\/Zubin-Mehta-\u00a9-Simone-Donati-TerraProject-Contrasto-direttore-2-768x512.jpg 768w, https:\/\/www.ecoitaliano.com.ar\/wp-content\/uploads\/2022\/06\/Zubin-Mehta-\u00a9-Simone-Donati-TerraProject-Contrasto-direttore-2-1024x683.jpg 1024w, https:\/\/www.ecoitaliano.com.ar\/wp-content\/uploads\/2022\/06\/Zubin-Mehta-\u00a9-Simone-Donati-TerraProject-Contrasto-direttore-2-150x100.jpg 150w\" sizes=\"(max-width: 5364px) 100vw, 5364px\" \/><\/a><figcaption id=\"caption-attachment-23951\" class=\"wp-caption-text\">Firenze, Settembre 2014. Il Maestro Zubin Mehta dirige l&#8217;Orchestra del Maggio Musicale Fiorentino all&#8217;Opera di Firenze.<br \/>Florence, September 2014. The Maestro Zubin Mehta conducts the Orchestra del Maggio Musicale Fiorentino in Florence Opera Theatre.<\/figcaption><\/figure>\n<p><a href=\"http:\/\/www.ecoitaliano.com.ar\/wp-content\/uploads\/2022\/06\/Andr\u00e9s-Orozco-Estrada-direttore-\u00a9-Martin-Sigmund.jpg\"><img decoding=\"async\" class=\"alignnone size-full wp-image-23952\" src=\"http:\/\/www.ecoitaliano.com.ar\/wp-content\/uploads\/2022\/06\/Andr\u00e9s-Orozco-Estrada-direttore-\u00a9-Martin-Sigmund.jpg\" alt=\"\" width=\"3149\" height=\"4724\" srcset=\"https:\/\/www.ecoitaliano.com.ar\/wp-content\/uploads\/2022\/06\/Andr\u00e9s-Orozco-Estrada-direttore-\u00a9-Martin-Sigmund.jpg 3149w, https:\/\/www.ecoitaliano.com.ar\/wp-content\/uploads\/2022\/06\/Andr\u00e9s-Orozco-Estrada-direttore-\u00a9-Martin-Sigmund-200x300.jpg 200w, https:\/\/www.ecoitaliano.com.ar\/wp-content\/uploads\/2022\/06\/Andr\u00e9s-Orozco-Estrada-direttore-\u00a9-Martin-Sigmund-768x1152.jpg 768w, https:\/\/www.ecoitaliano.com.ar\/wp-content\/uploads\/2022\/06\/Andr\u00e9s-Orozco-Estrada-direttore-\u00a9-Martin-Sigmund-683x1024.jpg 683w, https:\/\/www.ecoitaliano.com.ar\/wp-content\/uploads\/2022\/06\/Andr\u00e9s-Orozco-Estrada-direttore-\u00a9-Martin-Sigmund-100x150.jpg 100w\" sizes=\"(max-width: 3149px) 100vw, 3149px\" \/><\/a> <a href=\"http:\/\/www.ecoitaliano.com.ar\/wp-content\/uploads\/2022\/06\/Mario-Salvadori-Primo-oboe-dellOrchestra-del-Maggio-Musicale-Fiorentino.jpg\"><img decoding=\"async\" class=\"alignnone size-full wp-image-23953\" src=\"http:\/\/www.ecoitaliano.com.ar\/wp-content\/uploads\/2022\/06\/Mario-Salvadori-Primo-oboe-dellOrchestra-del-Maggio-Musicale-Fiorentino.jpg\" alt=\"\" width=\"7500\" height=\"5000\" srcset=\"https:\/\/www.ecoitaliano.com.ar\/wp-content\/uploads\/2022\/06\/Mario-Salvadori-Primo-oboe-dellOrchestra-del-Maggio-Musicale-Fiorentino.jpg 7500w, https:\/\/www.ecoitaliano.com.ar\/wp-content\/uploads\/2022\/06\/Mario-Salvadori-Primo-oboe-dellOrchestra-del-Maggio-Musicale-Fiorentino-300x200.jpg 300w, https:\/\/www.ecoitaliano.com.ar\/wp-content\/uploads\/2022\/06\/Mario-Salvadori-Primo-oboe-dellOrchestra-del-Maggio-Musicale-Fiorentino-768x512.jpg 768w, https:\/\/www.ecoitaliano.com.ar\/wp-content\/uploads\/2022\/06\/Mario-Salvadori-Primo-oboe-dellOrchestra-del-Maggio-Musicale-Fiorentino-1024x683.jpg 1024w, https:\/\/www.ecoitaliano.com.ar\/wp-content\/uploads\/2022\/06\/Mario-Salvadori-Primo-oboe-dellOrchestra-del-Maggio-Musicale-Fiorentino-150x100.jpg 150w\" sizes=\"(max-width: 7500px) 100vw, 7500px\" \/><\/a> <a href=\"http:\/\/www.ecoitaliano.com.ar\/wp-content\/uploads\/2022\/06\/Maurizio-Pollini-pianoforte-\u00a9-Michele-Monasta-Maggio-Musicale-Fiorentino.jpg\"><img decoding=\"async\" class=\"alignnone size-full wp-image-23954\" src=\"http:\/\/www.ecoitaliano.com.ar\/wp-content\/uploads\/2022\/06\/Maurizio-Pollini-pianoforte-\u00a9-Michele-Monasta-Maggio-Musicale-Fiorentino.jpg\" alt=\"\" width=\"5000\" height=\"3333\" srcset=\"https:\/\/www.ecoitaliano.com.ar\/wp-content\/uploads\/2022\/06\/Maurizio-Pollini-pianoforte-\u00a9-Michele-Monasta-Maggio-Musicale-Fiorentino.jpg 5000w, https:\/\/www.ecoitaliano.com.ar\/wp-content\/uploads\/2022\/06\/Maurizio-Pollini-pianoforte-\u00a9-Michele-Monasta-Maggio-Musicale-Fiorentino-300x200.jpg 300w, https:\/\/www.ecoitaliano.com.ar\/wp-content\/uploads\/2022\/06\/Maurizio-Pollini-pianoforte-\u00a9-Michele-Monasta-Maggio-Musicale-Fiorentino-768x512.jpg 768w, https:\/\/www.ecoitaliano.com.ar\/wp-content\/uploads\/2022\/06\/Maurizio-Pollini-pianoforte-\u00a9-Michele-Monasta-Maggio-Musicale-Fiorentino-1024x683.jpg 1024w, https:\/\/www.ecoitaliano.com.ar\/wp-content\/uploads\/2022\/06\/Maurizio-Pollini-pianoforte-\u00a9-Michele-Monasta-Maggio-Musicale-Fiorentino-150x100.jpg 150w\" sizes=\"(max-width: 5000px) 100vw, 5000px\" \/><\/a><\/p>\n<figure id=\"attachment_23955\" aria-describedby=\"caption-attachment-23955\" style=\"width: 4961px\" class=\"wp-caption alignnone\"><a href=\"http:\/\/www.ecoitaliano.com.ar\/wp-content\/uploads\/2022\/06\/Zubin-Mehta-\u00a9-Alberto-Conti-Contrasto-direttore.jpg\"><img decoding=\"async\" class=\"size-full wp-image-23955\" src=\"http:\/\/www.ecoitaliano.com.ar\/wp-content\/uploads\/2022\/06\/Zubin-Mehta-\u00a9-Alberto-Conti-Contrasto-direttore.jpg\" alt=\"\" width=\"4961\" height=\"4961\" srcset=\"https:\/\/www.ecoitaliano.com.ar\/wp-content\/uploads\/2022\/06\/Zubin-Mehta-\u00a9-Alberto-Conti-Contrasto-direttore.jpg 4961w, https:\/\/www.ecoitaliano.com.ar\/wp-content\/uploads\/2022\/06\/Zubin-Mehta-\u00a9-Alberto-Conti-Contrasto-direttore-150x150.jpg 150w, https:\/\/www.ecoitaliano.com.ar\/wp-content\/uploads\/2022\/06\/Zubin-Mehta-\u00a9-Alberto-Conti-Contrasto-direttore-300x300.jpg 300w, https:\/\/www.ecoitaliano.com.ar\/wp-content\/uploads\/2022\/06\/Zubin-Mehta-\u00a9-Alberto-Conti-Contrasto-direttore-768x768.jpg 768w, https:\/\/www.ecoitaliano.com.ar\/wp-content\/uploads\/2022\/06\/Zubin-Mehta-\u00a9-Alberto-Conti-Contrasto-direttore-1024x1024.jpg 1024w\" sizes=\"(max-width: 4961px) 100vw, 4961px\" \/><\/a><figcaption id=\"caption-attachment-23955\" class=\"wp-caption-text\">zubin mehta &#8211; firenze novembre 2015<\/figcaption><\/figure>\n<p><a href=\"http:\/\/www.ecoitaliano.com.ar\/wp-content\/uploads\/2022\/06\/Charles-Dutoit-direttore.jpg\"><img decoding=\"async\" class=\"alignnone size-full wp-image-23956\" src=\"http:\/\/www.ecoitaliano.com.ar\/wp-content\/uploads\/2022\/06\/Charles-Dutoit-direttore.jpg\" alt=\"\" width=\"360\" height=\"360\" srcset=\"https:\/\/www.ecoitaliano.com.ar\/wp-content\/uploads\/2022\/06\/Charles-Dutoit-direttore.jpg 360w, https:\/\/www.ecoitaliano.com.ar\/wp-content\/uploads\/2022\/06\/Charles-Dutoit-direttore-150x150.jpg 150w, https:\/\/www.ecoitaliano.com.ar\/wp-content\/uploads\/2022\/06\/Charles-Dutoit-direttore-300x300.jpg 300w\" sizes=\"(max-width: 360px) 100vw, 360px\" \/><\/a> <a href=\"http:\/\/www.ecoitaliano.com.ar\/wp-content\/uploads\/2022\/06\/Martha-Argerich-pianoforte-\u00a9-Adriano-Heitman.jpg\"><img decoding=\"async\" class=\"alignnone size-full wp-image-23957\" src=\"http:\/\/www.ecoitaliano.com.ar\/wp-content\/uploads\/2022\/06\/Martha-Argerich-pianoforte-\u00a9-Adriano-Heitman.jpg\" alt=\"\" width=\"1920\" height=\"1536\" srcset=\"https:\/\/www.ecoitaliano.com.ar\/wp-content\/uploads\/2022\/06\/Martha-Argerich-pianoforte-\u00a9-Adriano-Heitman.jpg 1920w, https:\/\/www.ecoitaliano.com.ar\/wp-content\/uploads\/2022\/06\/Martha-Argerich-pianoforte-\u00a9-Adriano-Heitman-300x240.jpg 300w, https:\/\/www.ecoitaliano.com.ar\/wp-content\/uploads\/2022\/06\/Martha-Argerich-pianoforte-\u00a9-Adriano-Heitman-768x614.jpg 768w, https:\/\/www.ecoitaliano.com.ar\/wp-content\/uploads\/2022\/06\/Martha-Argerich-pianoforte-\u00a9-Adriano-Heitman-1024x819.jpg 1024w, https:\/\/www.ecoitaliano.com.ar\/wp-content\/uploads\/2022\/06\/Martha-Argerich-pianoforte-\u00a9-Adriano-Heitman-150x120.jpg 150w\" sizes=\"(max-width: 1920px) 100vw, 1920px\" \/><\/a> <a href=\"http:\/\/www.ecoitaliano.com.ar\/wp-content\/uploads\/2022\/06\/Orchestra-Filarmonica-di-Monte-Carlo.jpeg\"><img decoding=\"async\" class=\"alignnone size-full wp-image-23958\" src=\"http:\/\/www.ecoitaliano.com.ar\/wp-content\/uploads\/2022\/06\/Orchestra-Filarmonica-di-Monte-Carlo.jpeg\" alt=\"\" width=\"1900\" height=\"750\" srcset=\"https:\/\/www.ecoitaliano.com.ar\/wp-content\/uploads\/2022\/06\/Orchestra-Filarmonica-di-Monte-Carlo.jpeg 1900w, https:\/\/www.ecoitaliano.com.ar\/wp-content\/uploads\/2022\/06\/Orchestra-Filarmonica-di-Monte-Carlo-300x118.jpeg 300w, https:\/\/www.ecoitaliano.com.ar\/wp-content\/uploads\/2022\/06\/Orchestra-Filarmonica-di-Monte-Carlo-768x303.jpeg 768w, https:\/\/www.ecoitaliano.com.ar\/wp-content\/uploads\/2022\/06\/Orchestra-Filarmonica-di-Monte-Carlo-1024x404.jpeg 1024w, https:\/\/www.ecoitaliano.com.ar\/wp-content\/uploads\/2022\/06\/Orchestra-Filarmonica-di-Monte-Carlo-150x59.jpeg 150w\" sizes=\"(max-width: 1900px) 100vw, 1900px\" \/><\/a> <a href=\"http:\/\/www.ecoitaliano.com.ar\/wp-content\/uploads\/2022\/06\/James-Conlon-al-Maggio-\u00a9-Michele-Monasta-Maggio-Musicale-Fiorentino.jpg\"><img decoding=\"async\" class=\"alignnone size-full wp-image-23959\" src=\"http:\/\/www.ecoitaliano.com.ar\/wp-content\/uploads\/2022\/06\/James-Conlon-al-Maggio-\u00a9-Michele-Monasta-Maggio-Musicale-Fiorentino.jpg\" alt=\"\" width=\"5000\" height=\"3333\" srcset=\"https:\/\/www.ecoitaliano.com.ar\/wp-content\/uploads\/2022\/06\/James-Conlon-al-Maggio-\u00a9-Michele-Monasta-Maggio-Musicale-Fiorentino.jpg 5000w, https:\/\/www.ecoitaliano.com.ar\/wp-content\/uploads\/2022\/06\/James-Conlon-al-Maggio-\u00a9-Michele-Monasta-Maggio-Musicale-Fiorentino-300x200.jpg 300w, https:\/\/www.ecoitaliano.com.ar\/wp-content\/uploads\/2022\/06\/James-Conlon-al-Maggio-\u00a9-Michele-Monasta-Maggio-Musicale-Fiorentino-768x512.jpg 768w, https:\/\/www.ecoitaliano.com.ar\/wp-content\/uploads\/2022\/06\/James-Conlon-al-Maggio-\u00a9-Michele-Monasta-Maggio-Musicale-Fiorentino-1024x683.jpg 1024w, https:\/\/www.ecoitaliano.com.ar\/wp-content\/uploads\/2022\/06\/James-Conlon-al-Maggio-\u00a9-Michele-Monasta-Maggio-Musicale-Fiorentino-150x100.jpg 150w\" sizes=\"(max-width: 5000px) 100vw, 5000px\" \/><\/a> <a href=\"http:\/\/www.ecoitaliano.com.ar\/wp-content\/uploads\/2022\/06\/Dame-Jane-Glover-\u00a9-Jim-Steere.jpg\"><img decoding=\"async\" class=\"alignnone size-full wp-image-23960\" src=\"http:\/\/www.ecoitaliano.com.ar\/wp-content\/uploads\/2022\/06\/Dame-Jane-Glover-\u00a9-Jim-Steere.jpg\" alt=\"\" width=\"1080\" height=\"1080\" srcset=\"https:\/\/www.ecoitaliano.com.ar\/wp-content\/uploads\/2022\/06\/Dame-Jane-Glover-\u00a9-Jim-Steere.jpg 1080w, https:\/\/www.ecoitaliano.com.ar\/wp-content\/uploads\/2022\/06\/Dame-Jane-Glover-\u00a9-Jim-Steere-150x150.jpg 150w, https:\/\/www.ecoitaliano.com.ar\/wp-content\/uploads\/2022\/06\/Dame-Jane-Glover-\u00a9-Jim-Steere-300x300.jpg 300w, https:\/\/www.ecoitaliano.com.ar\/wp-content\/uploads\/2022\/06\/Dame-Jane-Glover-\u00a9-Jim-Steere-768x768.jpg 768w, https:\/\/www.ecoitaliano.com.ar\/wp-content\/uploads\/2022\/06\/Dame-Jane-Glover-\u00a9-Jim-Steere-1024x1024.jpg 1024w\" sizes=\"(max-width: 1080px) 100vw, 1080px\" \/><\/a> <a href=\"http:\/\/www.ecoitaliano.com.ar\/wp-content\/uploads\/2022\/06\/Luca-Benucci-Primo-corno-dellOrchestra-del-Maggio-Musicale-Fiorentino-\u00a9-Michele-Monasta-Maggio-Musicale-Fiorentino.jpg\"><img decoding=\"async\" class=\"alignnone size-full wp-image-23961\" src=\"http:\/\/www.ecoitaliano.com.ar\/wp-content\/uploads\/2022\/06\/Luca-Benucci-Primo-corno-dellOrchestra-del-Maggio-Musicale-Fiorentino-\u00a9-Michele-Monasta-Maggio-Musicale-Fiorentino.jpg\" alt=\"\" width=\"1864\" height=\"1337\" srcset=\"https:\/\/www.ecoitaliano.com.ar\/wp-content\/uploads\/2022\/06\/Luca-Benucci-Primo-corno-dellOrchestra-del-Maggio-Musicale-Fiorentino-\u00a9-Michele-Monasta-Maggio-Musicale-Fiorentino.jpg 1864w, https:\/\/www.ecoitaliano.com.ar\/wp-content\/uploads\/2022\/06\/Luca-Benucci-Primo-corno-dellOrchestra-del-Maggio-Musicale-Fiorentino-\u00a9-Michele-Monasta-Maggio-Musicale-Fiorentino-300x215.jpg 300w, https:\/\/www.ecoitaliano.com.ar\/wp-content\/uploads\/2022\/06\/Luca-Benucci-Primo-corno-dellOrchestra-del-Maggio-Musicale-Fiorentino-\u00a9-Michele-Monasta-Maggio-Musicale-Fiorentino-768x551.jpg 768w, https:\/\/www.ecoitaliano.com.ar\/wp-content\/uploads\/2022\/06\/Luca-Benucci-Primo-corno-dellOrchestra-del-Maggio-Musicale-Fiorentino-\u00a9-Michele-Monasta-Maggio-Musicale-Fiorentino-1024x734.jpg 1024w, https:\/\/www.ecoitaliano.com.ar\/wp-content\/uploads\/2022\/06\/Luca-Benucci-Primo-corno-dellOrchestra-del-Maggio-Musicale-Fiorentino-\u00a9-Michele-Monasta-Maggio-Musicale-Fiorentino-150x108.jpg 150w\" sizes=\"(max-width: 1864px) 100vw, 1864px\" \/><\/a> <a href=\"http:\/\/www.ecoitaliano.com.ar\/wp-content\/uploads\/2022\/06\/Daniele-Gatti-al-Maggio-\u00a9-Michele-Monasta-Maggio-Musicale-Fiorentino.jpg\"><img decoding=\"async\" class=\"alignnone size-full wp-image-23962\" src=\"http:\/\/www.ecoitaliano.com.ar\/wp-content\/uploads\/2022\/06\/Daniele-Gatti-al-Maggio-\u00a9-Michele-Monasta-Maggio-Musicale-Fiorentino.jpg\" alt=\"\" width=\"7500\" height=\"5000\" srcset=\"https:\/\/www.ecoitaliano.com.ar\/wp-content\/uploads\/2022\/06\/Daniele-Gatti-al-Maggio-\u00a9-Michele-Monasta-Maggio-Musicale-Fiorentino.jpg 7500w, https:\/\/www.ecoitaliano.com.ar\/wp-content\/uploads\/2022\/06\/Daniele-Gatti-al-Maggio-\u00a9-Michele-Monasta-Maggio-Musicale-Fiorentino-300x200.jpg 300w, https:\/\/www.ecoitaliano.com.ar\/wp-content\/uploads\/2022\/06\/Daniele-Gatti-al-Maggio-\u00a9-Michele-Monasta-Maggio-Musicale-Fiorentino-768x512.jpg 768w, https:\/\/www.ecoitaliano.com.ar\/wp-content\/uploads\/2022\/06\/Daniele-Gatti-al-Maggio-\u00a9-Michele-Monasta-Maggio-Musicale-Fiorentino-1024x683.jpg 1024w, https:\/\/www.ecoitaliano.com.ar\/wp-content\/uploads\/2022\/06\/Daniele-Gatti-al-Maggio-\u00a9-Michele-Monasta-Maggio-Musicale-Fiorentino-150x100.jpg 150w\" sizes=\"(max-width: 7500px) 100vw, 7500px\" \/><\/a> <a href=\"http:\/\/www.ecoitaliano.com.ar\/wp-content\/uploads\/2022\/06\/Christoph-Eschenbach-\u00a9-Manu-Theobald.jpg\"><img decoding=\"async\" class=\"alignnone size-full wp-image-23963\" src=\"http:\/\/www.ecoitaliano.com.ar\/wp-content\/uploads\/2022\/06\/Christoph-Eschenbach-\u00a9-Manu-Theobald.jpg\" alt=\"\" width=\"2500\" height=\"1664\" srcset=\"https:\/\/www.ecoitaliano.com.ar\/wp-content\/uploads\/2022\/06\/Christoph-Eschenbach-\u00a9-Manu-Theobald.jpg 2500w, https:\/\/www.ecoitaliano.com.ar\/wp-content\/uploads\/2022\/06\/Christoph-Eschenbach-\u00a9-Manu-Theobald-300x200.jpg 300w, https:\/\/www.ecoitaliano.com.ar\/wp-content\/uploads\/2022\/06\/Christoph-Eschenbach-\u00a9-Manu-Theobald-768x511.jpg 768w, https:\/\/www.ecoitaliano.com.ar\/wp-content\/uploads\/2022\/06\/Christoph-Eschenbach-\u00a9-Manu-Theobald-1024x682.jpg 1024w, https:\/\/www.ecoitaliano.com.ar\/wp-content\/uploads\/2022\/06\/Christoph-Eschenbach-\u00a9-Manu-Theobald-150x100.jpg 150w\" sizes=\"(max-width: 2500px) 100vw, 2500px\" \/><\/a><\/p>\n<figure id=\"attachment_23964\" aria-describedby=\"caption-attachment-23964\" style=\"width: 2126px\" class=\"wp-caption alignnone\"><a href=\"http:\/\/www.ecoitaliano.com.ar\/wp-content\/uploads\/2022\/06\/Daniele-Gatti-\u00a9-Marco-Borggreve-1.jpg\"><img decoding=\"async\" class=\"size-full wp-image-23964\" src=\"http:\/\/www.ecoitaliano.com.ar\/wp-content\/uploads\/2022\/06\/Daniele-Gatti-\u00a9-Marco-Borggreve-1.jpg\" alt=\"\" width=\"2126\" height=\"3188\" srcset=\"https:\/\/www.ecoitaliano.com.ar\/wp-content\/uploads\/2022\/06\/Daniele-Gatti-\u00a9-Marco-Borggreve-1.jpg 2126w, https:\/\/www.ecoitaliano.com.ar\/wp-content\/uploads\/2022\/06\/Daniele-Gatti-\u00a9-Marco-Borggreve-1-200x300.jpg 200w, https:\/\/www.ecoitaliano.com.ar\/wp-content\/uploads\/2022\/06\/Daniele-Gatti-\u00a9-Marco-Borggreve-1-768x1152.jpg 768w, https:\/\/www.ecoitaliano.com.ar\/wp-content\/uploads\/2022\/06\/Daniele-Gatti-\u00a9-Marco-Borggreve-1-683x1024.jpg 683w, https:\/\/www.ecoitaliano.com.ar\/wp-content\/uploads\/2022\/06\/Daniele-Gatti-\u00a9-Marco-Borggreve-1-100x150.jpg 100w\" sizes=\"(max-width: 2126px) 100vw, 2126px\" \/><\/a><figcaption id=\"caption-attachment-23964\" class=\"wp-caption-text\">Daniele Gatti&#8211; Chiefconductor Royal Concertgebouw Orchestra.Photo: Marco Borggreve<\/figcaption><\/figure>\n<p><a href=\"http:\/\/www.ecoitaliano.com.ar\/wp-content\/uploads\/2022\/06\/Alejandra-Rojas-Garcia-Primo-fagotto-dellOrchestra-del-Maggio-Musicale-Fiorentino.jpg\"><img decoding=\"async\" class=\"alignnone size-full wp-image-23965\" src=\"http:\/\/www.ecoitaliano.com.ar\/wp-content\/uploads\/2022\/06\/Alejandra-Rojas-Garcia-Primo-fagotto-dellOrchestra-del-Maggio-Musicale-Fiorentino.jpg\" alt=\"\" width=\"1946\" height=\"3327\" srcset=\"https:\/\/www.ecoitaliano.com.ar\/wp-content\/uploads\/2022\/06\/Alejandra-Rojas-Garcia-Primo-fagotto-dellOrchestra-del-Maggio-Musicale-Fiorentino.jpg 1946w, https:\/\/www.ecoitaliano.com.ar\/wp-content\/uploads\/2022\/06\/Alejandra-Rojas-Garcia-Primo-fagotto-dellOrchestra-del-Maggio-Musicale-Fiorentino-175x300.jpg 175w, https:\/\/www.ecoitaliano.com.ar\/wp-content\/uploads\/2022\/06\/Alejandra-Rojas-Garcia-Primo-fagotto-dellOrchestra-del-Maggio-Musicale-Fiorentino-768x1313.jpg 768w, https:\/\/www.ecoitaliano.com.ar\/wp-content\/uploads\/2022\/06\/Alejandra-Rojas-Garcia-Primo-fagotto-dellOrchestra-del-Maggio-Musicale-Fiorentino-599x1024.jpg 599w, https:\/\/www.ecoitaliano.com.ar\/wp-content\/uploads\/2022\/06\/Alejandra-Rojas-Garcia-Primo-fagotto-dellOrchestra-del-Maggio-Musicale-Fiorentino-88x150.jpg 88w\" sizes=\"(max-width: 1946px) 100vw, 1946px\" \/><\/a> <a href=\"http:\/\/www.ecoitaliano.com.ar\/wp-content\/uploads\/2022\/06\/Sir-Marc-Elder-al-Maggio-\u00a9-Michele-Monasta-Maggio-Musicale-Fiorentino.jpg\"><img decoding=\"async\" class=\"alignnone size-full wp-image-23966\" src=\"http:\/\/www.ecoitaliano.com.ar\/wp-content\/uploads\/2022\/06\/Sir-Marc-Elder-al-Maggio-\u00a9-Michele-Monasta-Maggio-Musicale-Fiorentino.jpg\" alt=\"\" width=\"7500\" height=\"5000\" srcset=\"https:\/\/www.ecoitaliano.com.ar\/wp-content\/uploads\/2022\/06\/Sir-Marc-Elder-al-Maggio-\u00a9-Michele-Monasta-Maggio-Musicale-Fiorentino.jpg 7500w, https:\/\/www.ecoitaliano.com.ar\/wp-content\/uploads\/2022\/06\/Sir-Marc-Elder-al-Maggio-\u00a9-Michele-Monasta-Maggio-Musicale-Fiorentino-300x200.jpg 300w, https:\/\/www.ecoitaliano.com.ar\/wp-content\/uploads\/2022\/06\/Sir-Marc-Elder-al-Maggio-\u00a9-Michele-Monasta-Maggio-Musicale-Fiorentino-768x512.jpg 768w, https:\/\/www.ecoitaliano.com.ar\/wp-content\/uploads\/2022\/06\/Sir-Marc-Elder-al-Maggio-\u00a9-Michele-Monasta-Maggio-Musicale-Fiorentino-1024x683.jpg 1024w, https:\/\/www.ecoitaliano.com.ar\/wp-content\/uploads\/2022\/06\/Sir-Marc-Elder-al-Maggio-\u00a9-Michele-Monasta-Maggio-Musicale-Fiorentino-150x100.jpg 150w\" sizes=\"(max-width: 7500px) 100vw, 7500px\" \/><\/a><\/p>\n<figure id=\"attachment_23968\" aria-describedby=\"caption-attachment-23968\" style=\"width: 2496px\" class=\"wp-caption alignnone\"><a href=\"http:\/\/www.ecoitaliano.com.ar\/wp-content\/uploads\/2022\/06\/Lorenzo-Fratini-Maestro-del-Coro-del-Maggio-\u00a9-Simone-Donati-Terraproject-Contrasto.jpg\"><img decoding=\"async\" class=\"size-full wp-image-23968\" src=\"http:\/\/www.ecoitaliano.com.ar\/wp-content\/uploads\/2022\/06\/Lorenzo-Fratini-Maestro-del-Coro-del-Maggio-\u00a9-Simone-Donati-Terraproject-Contrasto.jpg\" alt=\"\" width=\"2496\" height=\"3744\" srcset=\"https:\/\/www.ecoitaliano.com.ar\/wp-content\/uploads\/2022\/06\/Lorenzo-Fratini-Maestro-del-Coro-del-Maggio-\u00a9-Simone-Donati-Terraproject-Contrasto.jpg 2496w, https:\/\/www.ecoitaliano.com.ar\/wp-content\/uploads\/2022\/06\/Lorenzo-Fratini-Maestro-del-Coro-del-Maggio-\u00a9-Simone-Donati-Terraproject-Contrasto-200x300.jpg 200w, https:\/\/www.ecoitaliano.com.ar\/wp-content\/uploads\/2022\/06\/Lorenzo-Fratini-Maestro-del-Coro-del-Maggio-\u00a9-Simone-Donati-Terraproject-Contrasto-768x1152.jpg 768w, https:\/\/www.ecoitaliano.com.ar\/wp-content\/uploads\/2022\/06\/Lorenzo-Fratini-Maestro-del-Coro-del-Maggio-\u00a9-Simone-Donati-Terraproject-Contrasto-683x1024.jpg 683w, https:\/\/www.ecoitaliano.com.ar\/wp-content\/uploads\/2022\/06\/Lorenzo-Fratini-Maestro-del-Coro-del-Maggio-\u00a9-Simone-Donati-Terraproject-Contrasto-100x150.jpg 100w\" sizes=\"(max-width: 2496px) 100vw, 2496px\" \/><\/a><figcaption id=\"caption-attachment-23968\" class=\"wp-caption-text\">Firenze, dicembre 2015. Il concerto \u00abAngeliche voci e arpe\u00bb al Teatro Goldoni con il coro femminile del Maggio Musicale Fiorentino, Susanna Bertuccioli all&#8217;arpa, Gianfranco Dini e Simone Cinque ai corni.<br \/>Florence, December 2015. The concert \u00abAngelic voices and harps\u00bb at the Teatro Goldoni with the female chorus of the Maggio Musicale Fiorentino, Susanna Bertuccioli harp, Gianfranco Dini and Simone Five horns.<\/figcaption><\/figure>\n<p><a href=\"http:\/\/www.ecoitaliano.com.ar\/wp-content\/uploads\/2022\/06\/Diego-Fasolis-direttore-\u00a9-A.-Heitman.jpg\"><img decoding=\"async\" class=\"alignnone size-full wp-image-23969\" src=\"http:\/\/www.ecoitaliano.com.ar\/wp-content\/uploads\/2022\/06\/Diego-Fasolis-direttore-\u00a9-A.-Heitman.jpg\" alt=\"\" width=\"1899\" height=\"2859\" srcset=\"https:\/\/www.ecoitaliano.com.ar\/wp-content\/uploads\/2022\/06\/Diego-Fasolis-direttore-\u00a9-A.-Heitman.jpg 1899w, https:\/\/www.ecoitaliano.com.ar\/wp-content\/uploads\/2022\/06\/Diego-Fasolis-direttore-\u00a9-A.-Heitman-199x300.jpg 199w, https:\/\/www.ecoitaliano.com.ar\/wp-content\/uploads\/2022\/06\/Diego-Fasolis-direttore-\u00a9-A.-Heitman-768x1156.jpg 768w, https:\/\/www.ecoitaliano.com.ar\/wp-content\/uploads\/2022\/06\/Diego-Fasolis-direttore-\u00a9-A.-Heitman-680x1024.jpg 680w, https:\/\/www.ecoitaliano.com.ar\/wp-content\/uploads\/2022\/06\/Diego-Fasolis-direttore-\u00a9-A.-Heitman-100x150.jpg 100w\" sizes=\"(max-width: 1899px) 100vw, 1899px\" \/><\/a> <a href=\"http:\/\/www.ecoitaliano.com.ar\/wp-content\/uploads\/2022\/06\/Georg-Nigl-baritono-\u00a9-Anita-Schmid.jpg\"><img decoding=\"async\" class=\"alignnone size-full wp-image-23970\" src=\"http:\/\/www.ecoitaliano.com.ar\/wp-content\/uploads\/2022\/06\/Georg-Nigl-baritono-\u00a9-Anita-Schmid.jpg\" alt=\"\" width=\"600\" height=\"600\" srcset=\"https:\/\/www.ecoitaliano.com.ar\/wp-content\/uploads\/2022\/06\/Georg-Nigl-baritono-\u00a9-Anita-Schmid.jpg 600w, https:\/\/www.ecoitaliano.com.ar\/wp-content\/uploads\/2022\/06\/Georg-Nigl-baritono-\u00a9-Anita-Schmid-150x150.jpg 150w, https:\/\/www.ecoitaliano.com.ar\/wp-content\/uploads\/2022\/06\/Georg-Nigl-baritono-\u00a9-Anita-Schmid-300x300.jpg 300w\" sizes=\"(max-width: 600px) 100vw, 600px\" \/><\/a> <a href=\"http:\/\/www.ecoitaliano.com.ar\/wp-content\/uploads\/2022\/06\/Juan-Francisco-Gatell-tenore-\u00a9-Joan-Tom\u00e0s-Fidelio-Artist.jpg\"><img decoding=\"async\" class=\"alignnone size-full wp-image-23971\" src=\"http:\/\/www.ecoitaliano.com.ar\/wp-content\/uploads\/2022\/06\/Juan-Francisco-Gatell-tenore-\u00a9-Joan-Tom\u00e0s-Fidelio-Artist.jpg\" alt=\"\" width=\"968\" height=\"1452\" srcset=\"https:\/\/www.ecoitaliano.com.ar\/wp-content\/uploads\/2022\/06\/Juan-Francisco-Gatell-tenore-\u00a9-Joan-Tom\u00e0s-Fidelio-Artist.jpg 968w, https:\/\/www.ecoitaliano.com.ar\/wp-content\/uploads\/2022\/06\/Juan-Francisco-Gatell-tenore-\u00a9-Joan-Tom\u00e0s-Fidelio-Artist-200x300.jpg 200w, https:\/\/www.ecoitaliano.com.ar\/wp-content\/uploads\/2022\/06\/Juan-Francisco-Gatell-tenore-\u00a9-Joan-Tom\u00e0s-Fidelio-Artist-768x1152.jpg 768w, https:\/\/www.ecoitaliano.com.ar\/wp-content\/uploads\/2022\/06\/Juan-Francisco-Gatell-tenore-\u00a9-Joan-Tom\u00e0s-Fidelio-Artist-683x1024.jpg 683w, https:\/\/www.ecoitaliano.com.ar\/wp-content\/uploads\/2022\/06\/Juan-Francisco-Gatell-tenore-\u00a9-Joan-Tom\u00e0s-Fidelio-Artist-100x150.jpg 100w\" sizes=\"(max-width: 968px) 100vw, 968px\" \/><\/a> <a href=\"http:\/\/www.ecoitaliano.com.ar\/wp-content\/uploads\/2022\/06\/Lenneke-Ruiten-soprano.jpg\"><img decoding=\"async\" class=\"alignnone size-full wp-image-23972\" src=\"http:\/\/www.ecoitaliano.com.ar\/wp-content\/uploads\/2022\/06\/Lenneke-Ruiten-soprano.jpg\" alt=\"\" width=\"5491\" height=\"3473\" srcset=\"https:\/\/www.ecoitaliano.com.ar\/wp-content\/uploads\/2022\/06\/Lenneke-Ruiten-soprano.jpg 5491w, https:\/\/www.ecoitaliano.com.ar\/wp-content\/uploads\/2022\/06\/Lenneke-Ruiten-soprano-300x190.jpg 300w, https:\/\/www.ecoitaliano.com.ar\/wp-content\/uploads\/2022\/06\/Lenneke-Ruiten-soprano-768x486.jpg 768w, https:\/\/www.ecoitaliano.com.ar\/wp-content\/uploads\/2022\/06\/Lenneke-Ruiten-soprano-1024x648.jpg 1024w, https:\/\/www.ecoitaliano.com.ar\/wp-content\/uploads\/2022\/06\/Lenneke-Ruiten-soprano-150x95.jpg 150w\" sizes=\"(max-width: 5491px) 100vw, 5491px\" \/><\/a> <a href=\"http:\/\/www.ecoitaliano.com.ar\/wp-content\/uploads\/2022\/06\/Lucia-Cirillo-mezzosoprano-\u00a9-Francesco-Squeglia.jpg\"><img decoding=\"async\" class=\"alignnone size-full wp-image-23973\" src=\"http:\/\/www.ecoitaliano.com.ar\/wp-content\/uploads\/2022\/06\/Lucia-Cirillo-mezzosoprano-\u00a9-Francesco-Squeglia.jpg\" alt=\"\" width=\"3280\" height=\"4928\" srcset=\"https:\/\/www.ecoitaliano.com.ar\/wp-content\/uploads\/2022\/06\/Lucia-Cirillo-mezzosoprano-\u00a9-Francesco-Squeglia.jpg 3280w, https:\/\/www.ecoitaliano.com.ar\/wp-content\/uploads\/2022\/06\/Lucia-Cirillo-mezzosoprano-\u00a9-Francesco-Squeglia-200x300.jpg 200w, https:\/\/www.ecoitaliano.com.ar\/wp-content\/uploads\/2022\/06\/Lucia-Cirillo-mezzosoprano-\u00a9-Francesco-Squeglia-768x1154.jpg 768w, https:\/\/www.ecoitaliano.com.ar\/wp-content\/uploads\/2022\/06\/Lucia-Cirillo-mezzosoprano-\u00a9-Francesco-Squeglia-682x1024.jpg 682w, https:\/\/www.ecoitaliano.com.ar\/wp-content\/uploads\/2022\/06\/Lucia-Cirillo-mezzosoprano-\u00a9-Francesco-Squeglia-100x150.jpg 100w\" sizes=\"(max-width: 3280px) 100vw, 3280px\" \/><\/a> <a href=\"http:\/\/www.ecoitaliano.com.ar\/wp-content\/uploads\/2022\/06\/Daniele-Gatti-al-Maggio-direttore-\u00a9-Michele-Monasta-Maggio-Musicale-Fiorentino.jpg\"><img decoding=\"async\" class=\"alignnone size-full wp-image-23974\" src=\"http:\/\/www.ecoitaliano.com.ar\/wp-content\/uploads\/2022\/06\/Daniele-Gatti-al-Maggio-direttore-\u00a9-Michele-Monasta-Maggio-Musicale-Fiorentino.jpg\" alt=\"\" width=\"7500\" height=\"5000\" srcset=\"https:\/\/www.ecoitaliano.com.ar\/wp-content\/uploads\/2022\/06\/Daniele-Gatti-al-Maggio-direttore-\u00a9-Michele-Monasta-Maggio-Musicale-Fiorentino.jpg 7500w, https:\/\/www.ecoitaliano.com.ar\/wp-content\/uploads\/2022\/06\/Daniele-Gatti-al-Maggio-direttore-\u00a9-Michele-Monasta-Maggio-Musicale-Fiorentino-300x200.jpg 300w, https:\/\/www.ecoitaliano.com.ar\/wp-content\/uploads\/2022\/06\/Daniele-Gatti-al-Maggio-direttore-\u00a9-Michele-Monasta-Maggio-Musicale-Fiorentino-768x512.jpg 768w, https:\/\/www.ecoitaliano.com.ar\/wp-content\/uploads\/2022\/06\/Daniele-Gatti-al-Maggio-direttore-\u00a9-Michele-Monasta-Maggio-Musicale-Fiorentino-1024x683.jpg 1024w, https:\/\/www.ecoitaliano.com.ar\/wp-content\/uploads\/2022\/06\/Daniele-Gatti-al-Maggio-direttore-\u00a9-Michele-Monasta-Maggio-Musicale-Fiorentino-150x100.jpg 150w\" sizes=\"(max-width: 7500px) 100vw, 7500px\" \/><\/a> <a href=\"http:\/\/www.ecoitaliano.com.ar\/wp-content\/uploads\/2022\/06\/Eleonora-Filipponi-mezzosoprano-1.jpeg\"><img decoding=\"async\" class=\"alignnone size-full wp-image-23975\" src=\"http:\/\/www.ecoitaliano.com.ar\/wp-content\/uploads\/2022\/06\/Eleonora-Filipponi-mezzosoprano-1.jpeg\" alt=\"\" width=\"1279\" height=\"1600\" srcset=\"https:\/\/www.ecoitaliano.com.ar\/wp-content\/uploads\/2022\/06\/Eleonora-Filipponi-mezzosoprano-1.jpeg 1279w, https:\/\/www.ecoitaliano.com.ar\/wp-content\/uploads\/2022\/06\/Eleonora-Filipponi-mezzosoprano-1-240x300.jpeg 240w, https:\/\/www.ecoitaliano.com.ar\/wp-content\/uploads\/2022\/06\/Eleonora-Filipponi-mezzosoprano-1-768x961.jpeg 768w, https:\/\/www.ecoitaliano.com.ar\/wp-content\/uploads\/2022\/06\/Eleonora-Filipponi-mezzosoprano-1-819x1024.jpeg 819w, https:\/\/www.ecoitaliano.com.ar\/wp-content\/uploads\/2022\/06\/Eleonora-Filipponi-mezzosoprano-1-120x150.jpeg 120w\" sizes=\"(max-width: 1279px) 100vw, 1279px\" \/><\/a> <a href=\"http:\/\/www.ecoitaliano.com.ar\/wp-content\/uploads\/2022\/06\/Lenneke-Ruiten-soprano-1.jpg\"><img decoding=\"async\" class=\"alignnone size-full wp-image-23976\" src=\"http:\/\/www.ecoitaliano.com.ar\/wp-content\/uploads\/2022\/06\/Lenneke-Ruiten-soprano-1.jpg\" alt=\"\" width=\"5491\" height=\"3473\" srcset=\"https:\/\/www.ecoitaliano.com.ar\/wp-content\/uploads\/2022\/06\/Lenneke-Ruiten-soprano-1.jpg 5491w, https:\/\/www.ecoitaliano.com.ar\/wp-content\/uploads\/2022\/06\/Lenneke-Ruiten-soprano-1-300x190.jpg 300w, https:\/\/www.ecoitaliano.com.ar\/wp-content\/uploads\/2022\/06\/Lenneke-Ruiten-soprano-1-768x486.jpg 768w, https:\/\/www.ecoitaliano.com.ar\/wp-content\/uploads\/2022\/06\/Lenneke-Ruiten-soprano-1-1024x648.jpg 1024w, https:\/\/www.ecoitaliano.com.ar\/wp-content\/uploads\/2022\/06\/Lenneke-Ruiten-soprano-1-150x95.jpg 150w\" sizes=\"(max-width: 5491px) 100vw, 5491px\" \/><\/a> <a href=\"http:\/\/www.ecoitaliano.com.ar\/wp-content\/uploads\/2022\/06\/Maximilian-Schmitt-tenore-1.jpg\"><img decoding=\"async\" class=\"alignnone size-full wp-image-23977\" src=\"http:\/\/www.ecoitaliano.com.ar\/wp-content\/uploads\/2022\/06\/Maximilian-Schmitt-tenore-1.jpg\" alt=\"\" width=\"5216\" height=\"3477\" srcset=\"https:\/\/www.ecoitaliano.com.ar\/wp-content\/uploads\/2022\/06\/Maximilian-Schmitt-tenore-1.jpg 5216w, https:\/\/www.ecoitaliano.com.ar\/wp-content\/uploads\/2022\/06\/Maximilian-Schmitt-tenore-1-300x200.jpg 300w, https:\/\/www.ecoitaliano.com.ar\/wp-content\/uploads\/2022\/06\/Maximilian-Schmitt-tenore-1-768x512.jpg 768w, https:\/\/www.ecoitaliano.com.ar\/wp-content\/uploads\/2022\/06\/Maximilian-Schmitt-tenore-1-1024x683.jpg 1024w, https:\/\/www.ecoitaliano.com.ar\/wp-content\/uploads\/2022\/06\/Maximilian-Schmitt-tenore-1-150x100.jpg 150w\" sizes=\"(max-width: 5216px) 100vw, 5216px\" \/><\/a><\/p>\n<figure id=\"attachment_23978\" aria-describedby=\"caption-attachment-23978\" style=\"width: 4579px\" class=\"wp-caption alignnone\"><a href=\"http:\/\/www.ecoitaliano.com.ar\/wp-content\/uploads\/2022\/06\/Marc-Albrecht-\u00a9-Simone-Donati-TerraProject-Contrasto.jpg\"><img decoding=\"async\" class=\"size-full wp-image-23978\" src=\"http:\/\/www.ecoitaliano.com.ar\/wp-content\/uploads\/2022\/06\/Marc-Albrecht-\u00a9-Simone-Donati-TerraProject-Contrasto.jpg\" alt=\"\" width=\"4579\" height=\"3053\" srcset=\"https:\/\/www.ecoitaliano.com.ar\/wp-content\/uploads\/2022\/06\/Marc-Albrecht-\u00a9-Simone-Donati-TerraProject-Contrasto.jpg 4579w, https:\/\/www.ecoitaliano.com.ar\/wp-content\/uploads\/2022\/06\/Marc-Albrecht-\u00a9-Simone-Donati-TerraProject-Contrasto-300x200.jpg 300w, https:\/\/www.ecoitaliano.com.ar\/wp-content\/uploads\/2022\/06\/Marc-Albrecht-\u00a9-Simone-Donati-TerraProject-Contrasto-768x512.jpg 768w, https:\/\/www.ecoitaliano.com.ar\/wp-content\/uploads\/2022\/06\/Marc-Albrecht-\u00a9-Simone-Donati-TerraProject-Contrasto-1024x683.jpg 1024w, https:\/\/www.ecoitaliano.com.ar\/wp-content\/uploads\/2022\/06\/Marc-Albrecht-\u00a9-Simone-Donati-TerraProject-Contrasto-150x100.jpg 150w\" sizes=\"(max-width: 4579px) 100vw, 4579px\" \/><\/a><figcaption id=\"caption-attachment-23978\" class=\"wp-caption-text\">Firenze, febbraio 2017, un momento del concerto di Marc Albrecht all&#8217;Opera di Firenze insieme all&#8217;Orchestra del Maggio Musicale Fiorentino.<br \/>Florence, February 2017, a moment of the concert by Marc Albrecht at the Opera of Florence with the Orchestra of the Maggio Musicale Fiorentino.<\/figcaption><\/figure>\n<p><a href=\"http:\/\/www.ecoitaliano.com.ar\/wp-content\/uploads\/2022\/06\/Ingo-Metzmacher.jpg\"><img decoding=\"async\" class=\"alignnone size-full wp-image-23979\" src=\"http:\/\/www.ecoitaliano.com.ar\/wp-content\/uploads\/2022\/06\/Ingo-Metzmacher.jpg\" alt=\"\" width=\"1164\" height=\"1750\" srcset=\"https:\/\/www.ecoitaliano.com.ar\/wp-content\/uploads\/2022\/06\/Ingo-Metzmacher.jpg 1164w, https:\/\/www.ecoitaliano.com.ar\/wp-content\/uploads\/2022\/06\/Ingo-Metzmacher-200x300.jpg 200w, https:\/\/www.ecoitaliano.com.ar\/wp-content\/uploads\/2022\/06\/Ingo-Metzmacher-768x1155.jpg 768w, https:\/\/www.ecoitaliano.com.ar\/wp-content\/uploads\/2022\/06\/Ingo-Metzmacher-681x1024.jpg 681w, https:\/\/www.ecoitaliano.com.ar\/wp-content\/uploads\/2022\/06\/Ingo-Metzmacher-100x150.jpg 100w\" sizes=\"(max-width: 1164px) 100vw, 1164px\" \/><\/a> <a href=\"http:\/\/www.ecoitaliano.com.ar\/wp-content\/uploads\/2022\/06\/Yefim-Bronfman-\u00a9-James-Estrin-The-New-York-Times.jpg\"><img decoding=\"async\" class=\"alignnone size-full wp-image-23980\" src=\"http:\/\/www.ecoitaliano.com.ar\/wp-content\/uploads\/2022\/06\/Yefim-Bronfman-\u00a9-James-Estrin-The-New-York-Times.jpg\" alt=\"\" width=\"2048\" height=\"1186\" srcset=\"https:\/\/www.ecoitaliano.com.ar\/wp-content\/uploads\/2022\/06\/Yefim-Bronfman-\u00a9-James-Estrin-The-New-York-Times.jpg 2048w, https:\/\/www.ecoitaliano.com.ar\/wp-content\/uploads\/2022\/06\/Yefim-Bronfman-\u00a9-James-Estrin-The-New-York-Times-300x174.jpg 300w, https:\/\/www.ecoitaliano.com.ar\/wp-content\/uploads\/2022\/06\/Yefim-Bronfman-\u00a9-James-Estrin-The-New-York-Times-768x445.jpg 768w, https:\/\/www.ecoitaliano.com.ar\/wp-content\/uploads\/2022\/06\/Yefim-Bronfman-\u00a9-James-Estrin-The-New-York-Times-1024x593.jpg 1024w, https:\/\/www.ecoitaliano.com.ar\/wp-content\/uploads\/2022\/06\/Yefim-Bronfman-\u00a9-James-Estrin-The-New-York-Times-150x87.jpg 150w\" sizes=\"(max-width: 2048px) 100vw, 2048px\" \/><\/a> <a href=\"http:\/\/www.ecoitaliano.com.ar\/wp-content\/uploads\/2022\/06\/Zubin-Mehta-\u00a9-Michele-Monasta-Maggio-Musicale-Fiorentino-1.jpg\"><img decoding=\"async\" class=\"alignnone size-full wp-image-23981\" src=\"http:\/\/www.ecoitaliano.com.ar\/wp-content\/uploads\/2022\/06\/Zubin-Mehta-\u00a9-Michele-Monasta-Maggio-Musicale-Fiorentino-1.jpg\" alt=\"\" width=\"7952\" height=\"5304\" srcset=\"https:\/\/www.ecoitaliano.com.ar\/wp-content\/uploads\/2022\/06\/Zubin-Mehta-\u00a9-Michele-Monasta-Maggio-Musicale-Fiorentino-1.jpg 7952w, https:\/\/www.ecoitaliano.com.ar\/wp-content\/uploads\/2022\/06\/Zubin-Mehta-\u00a9-Michele-Monasta-Maggio-Musicale-Fiorentino-1-300x200.jpg 300w, https:\/\/www.ecoitaliano.com.ar\/wp-content\/uploads\/2022\/06\/Zubin-Mehta-\u00a9-Michele-Monasta-Maggio-Musicale-Fiorentino-1-768x512.jpg 768w, https:\/\/www.ecoitaliano.com.ar\/wp-content\/uploads\/2022\/06\/Zubin-Mehta-\u00a9-Michele-Monasta-Maggio-Musicale-Fiorentino-1-1024x683.jpg 1024w, https:\/\/www.ecoitaliano.com.ar\/wp-content\/uploads\/2022\/06\/Zubin-Mehta-\u00a9-Michele-Monasta-Maggio-Musicale-Fiorentino-1-150x100.jpg 150w\" sizes=\"(max-width: 7952px) 100vw, 7952px\" \/><\/a><\/p>\n<figure id=\"attachment_23982\" aria-describedby=\"caption-attachment-23982\" style=\"width: 4321px\" class=\"wp-caption alignnone\"><a href=\"http:\/\/www.ecoitaliano.com.ar\/wp-content\/uploads\/2022\/06\/Daniele-Gatti-direttore-\u00a9-Marco-Borggreve-3.jpg\"><img decoding=\"async\" class=\"size-full wp-image-23982\" src=\"http:\/\/www.ecoitaliano.com.ar\/wp-content\/uploads\/2022\/06\/Daniele-Gatti-direttore-\u00a9-Marco-Borggreve-3.jpg\" alt=\"\" width=\"4321\" height=\"6478\" srcset=\"https:\/\/www.ecoitaliano.com.ar\/wp-content\/uploads\/2022\/06\/Daniele-Gatti-direttore-\u00a9-Marco-Borggreve-3.jpg 4321w, https:\/\/www.ecoitaliano.com.ar\/wp-content\/uploads\/2022\/06\/Daniele-Gatti-direttore-\u00a9-Marco-Borggreve-3-200x300.jpg 200w, https:\/\/www.ecoitaliano.com.ar\/wp-content\/uploads\/2022\/06\/Daniele-Gatti-direttore-\u00a9-Marco-Borggreve-3-768x1151.jpg 768w, https:\/\/www.ecoitaliano.com.ar\/wp-content\/uploads\/2022\/06\/Daniele-Gatti-direttore-\u00a9-Marco-Borggreve-3-683x1024.jpg 683w, https:\/\/www.ecoitaliano.com.ar\/wp-content\/uploads\/2022\/06\/Daniele-Gatti-direttore-\u00a9-Marco-Borggreve-3-100x150.jpg 100w\" sizes=\"(max-width: 4321px) 100vw, 4321px\" \/><\/a><figcaption id=\"caption-attachment-23982\" class=\"wp-caption-text\">Daniele Gatti&#8211; Chiefconductor Royal Concertgebouw Orchestra.Photo: Marco Borggreve<\/figcaption><\/figure>\n<p><a href=\"http:\/\/www.ecoitaliano.com.ar\/wp-content\/uploads\/2022\/06\/Rudolf-Buchbinder-pianoforte-\u00a9-Marco-Borggreve.tif\"><img decoding=\"async\" class=\"alignnone size-full wp-image-23983\" src=\"http:\/\/www.ecoitaliano.com.ar\/wp-content\/uploads\/2022\/06\/Rudolf-Buchbinder-pianoforte-\u00a9-Marco-Borggreve.tif\" alt=\"\" \/><\/a> <a href=\"http:\/\/www.ecoitaliano.com.ar\/wp-content\/uploads\/2022\/06\/Dainele-Gatti-al-Maggio-direttore-\u00a9-Michele-Monasta-Maggio-Musicale-Fiorentino.jpg\"><img decoding=\"async\" class=\"alignnone size-full wp-image-23984\" src=\"http:\/\/www.ecoitaliano.com.ar\/wp-content\/uploads\/2022\/06\/Dainele-Gatti-al-Maggio-direttore-\u00a9-Michele-Monasta-Maggio-Musicale-Fiorentino.jpg\" alt=\"\" width=\"7500\" height=\"5000\" srcset=\"https:\/\/www.ecoitaliano.com.ar\/wp-content\/uploads\/2022\/06\/Dainele-Gatti-al-Maggio-direttore-\u00a9-Michele-Monasta-Maggio-Musicale-Fiorentino.jpg 7500w, https:\/\/www.ecoitaliano.com.ar\/wp-content\/uploads\/2022\/06\/Dainele-Gatti-al-Maggio-direttore-\u00a9-Michele-Monasta-Maggio-Musicale-Fiorentino-300x200.jpg 300w, https:\/\/www.ecoitaliano.com.ar\/wp-content\/uploads\/2022\/06\/Dainele-Gatti-al-Maggio-direttore-\u00a9-Michele-Monasta-Maggio-Musicale-Fiorentino-768x512.jpg 768w, https:\/\/www.ecoitaliano.com.ar\/wp-content\/uploads\/2022\/06\/Dainele-Gatti-al-Maggio-direttore-\u00a9-Michele-Monasta-Maggio-Musicale-Fiorentino-1024x683.jpg 1024w, https:\/\/www.ecoitaliano.com.ar\/wp-content\/uploads\/2022\/06\/Dainele-Gatti-al-Maggio-direttore-\u00a9-Michele-Monasta-Maggio-Musicale-Fiorentino-150x100.jpg 150w\" sizes=\"(max-width: 7500px) 100vw, 7500px\" \/><\/a><\/p>\n<figure id=\"attachment_23985\" aria-describedby=\"caption-attachment-23985\" style=\"width: 5760px\" class=\"wp-caption alignnone\"><a href=\"http:\/\/www.ecoitaliano.com.ar\/wp-content\/uploads\/2022\/06\/Jessica-Pratt-soprano-\u00a9-Benjamin-Ealovega.jpg\"><img decoding=\"async\" class=\"size-full wp-image-23985\" src=\"http:\/\/www.ecoitaliano.com.ar\/wp-content\/uploads\/2022\/06\/Jessica-Pratt-soprano-\u00a9-Benjamin-Ealovega.jpg\" alt=\"\" width=\"5760\" height=\"3840\" srcset=\"https:\/\/www.ecoitaliano.com.ar\/wp-content\/uploads\/2022\/06\/Jessica-Pratt-soprano-\u00a9-Benjamin-Ealovega.jpg 5760w, https:\/\/www.ecoitaliano.com.ar\/wp-content\/uploads\/2022\/06\/Jessica-Pratt-soprano-\u00a9-Benjamin-Ealovega-300x200.jpg 300w, https:\/\/www.ecoitaliano.com.ar\/wp-content\/uploads\/2022\/06\/Jessica-Pratt-soprano-\u00a9-Benjamin-Ealovega-768x512.jpg 768w, https:\/\/www.ecoitaliano.com.ar\/wp-content\/uploads\/2022\/06\/Jessica-Pratt-soprano-\u00a9-Benjamin-Ealovega-1024x683.jpg 1024w, https:\/\/www.ecoitaliano.com.ar\/wp-content\/uploads\/2022\/06\/Jessica-Pratt-soprano-\u00a9-Benjamin-Ealovega-150x100.jpg 150w\" sizes=\"(max-width: 5760px) 100vw, 5760px\" \/><\/a><figcaption id=\"caption-attachment-23985\" class=\"wp-caption-text\">Jessica Pratt<br \/>Photographed at Bermondsey Studio and by the Thames, London 16 May 2015, for Opera News. Commissioned by Greg Downer.<br \/>Hair &amp; make up byJackie Tyson<br \/>(c) Benjamin Ealovega 2015 \/\/ benjaminealovega.com \/\/ benjamin@ealovega.com \/\/ +44 7786 263823<\/figcaption><\/figure>\n<p><a href=\"http:\/\/www.ecoitaliano.com.ar\/wp-content\/uploads\/2022\/06\/Christiane-Karg-soprano.jpg\"><img decoding=\"async\" class=\"alignnone size-full wp-image-23986\" src=\"http:\/\/www.ecoitaliano.com.ar\/wp-content\/uploads\/2022\/06\/Christiane-Karg-soprano.jpg\" alt=\"\" width=\"1024\" height=\"938\" srcset=\"https:\/\/www.ecoitaliano.com.ar\/wp-content\/uploads\/2022\/06\/Christiane-Karg-soprano.jpg 1024w, https:\/\/www.ecoitaliano.com.ar\/wp-content\/uploads\/2022\/06\/Christiane-Karg-soprano-300x275.jpg 300w, https:\/\/www.ecoitaliano.com.ar\/wp-content\/uploads\/2022\/06\/Christiane-Karg-soprano-768x704.jpg 768w, https:\/\/www.ecoitaliano.com.ar\/wp-content\/uploads\/2022\/06\/Christiane-Karg-soprano-150x137.jpg 150w\" sizes=\"(max-width: 1024px) 100vw, 1024px\" \/><\/a> <a href=\"http:\/\/www.ecoitaliano.com.ar\/wp-content\/uploads\/2022\/06\/Mich\u00e8le-Losier-mezzosoprano-\u00a9-Michael-Slobodian.png\"><img decoding=\"async\" class=\"alignnone size-full wp-image-23987\" src=\"http:\/\/www.ecoitaliano.com.ar\/wp-content\/uploads\/2022\/06\/Mich\u00e8le-Losier-mezzosoprano-\u00a9-Michael-Slobodian.png\" alt=\"\" width=\"1150\" height=\"1730\" srcset=\"https:\/\/www.ecoitaliano.com.ar\/wp-content\/uploads\/2022\/06\/Mich\u00e8le-Losier-mezzosoprano-\u00a9-Michael-Slobodian.png 1150w, https:\/\/www.ecoitaliano.com.ar\/wp-content\/uploads\/2022\/06\/Mich\u00e8le-Losier-mezzosoprano-\u00a9-Michael-Slobodian-199x300.png 199w, https:\/\/www.ecoitaliano.com.ar\/wp-content\/uploads\/2022\/06\/Mich\u00e8le-Losier-mezzosoprano-\u00a9-Michael-Slobodian-768x1155.png 768w, https:\/\/www.ecoitaliano.com.ar\/wp-content\/uploads\/2022\/06\/Mich\u00e8le-Losier-mezzosoprano-\u00a9-Michael-Slobodian-681x1024.png 681w, https:\/\/www.ecoitaliano.com.ar\/wp-content\/uploads\/2022\/06\/Mich\u00e8le-Losier-mezzosoprano-\u00a9-Michael-Slobodian-100x150.png 100w\" sizes=\"(max-width: 1150px) 100vw, 1150px\" \/><\/a><\/p>\n<figure id=\"attachment_23988\" aria-describedby=\"caption-attachment-23988\" style=\"width: 4913px\" class=\"wp-caption alignnone\"><a href=\"http:\/\/www.ecoitaliano.com.ar\/wp-content\/uploads\/2022\/06\/Zubin-Mehta-direttore-\u00a9-Simone-Donati-TerraProject-Contrasto.jpg\"><img decoding=\"async\" class=\"size-full wp-image-23988\" src=\"http:\/\/www.ecoitaliano.com.ar\/wp-content\/uploads\/2022\/06\/Zubin-Mehta-direttore-\u00a9-Simone-Donati-TerraProject-Contrasto.jpg\" alt=\"\" width=\"4913\" height=\"3275\" srcset=\"https:\/\/www.ecoitaliano.com.ar\/wp-content\/uploads\/2022\/06\/Zubin-Mehta-direttore-\u00a9-Simone-Donati-TerraProject-Contrasto.jpg 4913w, https:\/\/www.ecoitaliano.com.ar\/wp-content\/uploads\/2022\/06\/Zubin-Mehta-direttore-\u00a9-Simone-Donati-TerraProject-Contrasto-300x200.jpg 300w, https:\/\/www.ecoitaliano.com.ar\/wp-content\/uploads\/2022\/06\/Zubin-Mehta-direttore-\u00a9-Simone-Donati-TerraProject-Contrasto-768x512.jpg 768w, https:\/\/www.ecoitaliano.com.ar\/wp-content\/uploads\/2022\/06\/Zubin-Mehta-direttore-\u00a9-Simone-Donati-TerraProject-Contrasto-1024x683.jpg 1024w, https:\/\/www.ecoitaliano.com.ar\/wp-content\/uploads\/2022\/06\/Zubin-Mehta-direttore-\u00a9-Simone-Donati-TerraProject-Contrasto-150x100.jpg 150w\" sizes=\"(max-width: 4913px) 100vw, 4913px\" \/><\/a><figcaption id=\"caption-attachment-23988\" class=\"wp-caption-text\">Firenze, Settembre 2014. Il Maestro Zubin Mehta dirige l&#8217;Orchestra del Maggio Musicale Fiorentino all&#8217;Opera di Firenze.<br \/>Florence, September 2014. The Maestro Zubin Mehta conducts the Orchestra del Maggio Musicale Fiorentino in Florence Opera Theatre.<\/figcaption><\/figure>\n<h5>spettacoli per i bambini, le famiglie e le scuole.<\/h5>\n<p><a href=\"http:\/\/www.ecoitaliano.com.ar\/wp-content\/uploads\/2022\/06\/Manu-Lalli-regia-\u00a9-Michele-Monasta-Maggio-Musicale-Fiorentino.jpg\"><img decoding=\"async\" class=\"alignnone size-full wp-image-23989\" src=\"http:\/\/www.ecoitaliano.com.ar\/wp-content\/uploads\/2022\/06\/Manu-Lalli-regia-\u00a9-Michele-Monasta-Maggio-Musicale-Fiorentino.jpg\" alt=\"\" width=\"2048\" height=\"1151\" srcset=\"https:\/\/www.ecoitaliano.com.ar\/wp-content\/uploads\/2022\/06\/Manu-Lalli-regia-\u00a9-Michele-Monasta-Maggio-Musicale-Fiorentino.jpg 2048w, https:\/\/www.ecoitaliano.com.ar\/wp-content\/uploads\/2022\/06\/Manu-Lalli-regia-\u00a9-Michele-Monasta-Maggio-Musicale-Fiorentino-300x169.jpg 300w, https:\/\/www.ecoitaliano.com.ar\/wp-content\/uploads\/2022\/06\/Manu-Lalli-regia-\u00a9-Michele-Monasta-Maggio-Musicale-Fiorentino-768x432.jpg 768w, https:\/\/www.ecoitaliano.com.ar\/wp-content\/uploads\/2022\/06\/Manu-Lalli-regia-\u00a9-Michele-Monasta-Maggio-Musicale-Fiorentino-1024x576.jpg 1024w, https:\/\/www.ecoitaliano.com.ar\/wp-content\/uploads\/2022\/06\/Manu-Lalli-regia-\u00a9-Michele-Monasta-Maggio-Musicale-Fiorentino-150x84.jpg 150w\" sizes=\"(max-width: 2048px) 100vw, 2048px\" \/><\/a> <a href=\"http:\/\/www.ecoitaliano.com.ar\/wp-content\/uploads\/2022\/06\/Orchestra-Giovanile-Italiana.jpg\"><img decoding=\"async\" class=\"alignnone size-full wp-image-23990\" src=\"http:\/\/www.ecoitaliano.com.ar\/wp-content\/uploads\/2022\/06\/Orchestra-Giovanile-Italiana.jpg\" alt=\"\" width=\"3504\" height=\"2336\" srcset=\"https:\/\/www.ecoitaliano.com.ar\/wp-content\/uploads\/2022\/06\/Orchestra-Giovanile-Italiana.jpg 3504w, https:\/\/www.ecoitaliano.com.ar\/wp-content\/uploads\/2022\/06\/Orchestra-Giovanile-Italiana-300x200.jpg 300w, https:\/\/www.ecoitaliano.com.ar\/wp-content\/uploads\/2022\/06\/Orchestra-Giovanile-Italiana-768x512.jpg 768w, https:\/\/www.ecoitaliano.com.ar\/wp-content\/uploads\/2022\/06\/Orchestra-Giovanile-Italiana-1024x683.jpg 1024w, https:\/\/www.ecoitaliano.com.ar\/wp-content\/uploads\/2022\/06\/Orchestra-Giovanile-Italiana-150x100.jpg 150w\" sizes=\"(max-width: 3504px) 100vw, 3504px\" \/><\/a> <a href=\"http:\/\/www.ecoitaliano.com.ar\/wp-content\/uploads\/2022\/06\/Solisti-dellAccademia-del-Maggio-Musicale-Fiorentino-\u00a9-Michele-Monasta-Maggio-Musicale-Fiorentino-1.jpg\"><img decoding=\"async\" class=\"alignnone size-full wp-image-23991\" src=\"http:\/\/www.ecoitaliano.com.ar\/wp-content\/uploads\/2022\/06\/Solisti-dellAccademia-del-Maggio-Musicale-Fiorentino-\u00a9-Michele-Monasta-Maggio-Musicale-Fiorentino-1.jpg\" alt=\"\" width=\"7500\" height=\"5000\" srcset=\"https:\/\/www.ecoitaliano.com.ar\/wp-content\/uploads\/2022\/06\/Solisti-dellAccademia-del-Maggio-Musicale-Fiorentino-\u00a9-Michele-Monasta-Maggio-Musicale-Fiorentino-1.jpg 7500w, https:\/\/www.ecoitaliano.com.ar\/wp-content\/uploads\/2022\/06\/Solisti-dellAccademia-del-Maggio-Musicale-Fiorentino-\u00a9-Michele-Monasta-Maggio-Musicale-Fiorentino-1-300x200.jpg 300w, https:\/\/www.ecoitaliano.com.ar\/wp-content\/uploads\/2022\/06\/Solisti-dellAccademia-del-Maggio-Musicale-Fiorentino-\u00a9-Michele-Monasta-Maggio-Musicale-Fiorentino-1-768x512.jpg 768w, https:\/\/www.ecoitaliano.com.ar\/wp-content\/uploads\/2022\/06\/Solisti-dellAccademia-del-Maggio-Musicale-Fiorentino-\u00a9-Michele-Monasta-Maggio-Musicale-Fiorentino-1-1024x683.jpg 1024w, https:\/\/www.ecoitaliano.com.ar\/wp-content\/uploads\/2022\/06\/Solisti-dellAccademia-del-Maggio-Musicale-Fiorentino-\u00a9-Michele-Monasta-Maggio-Musicale-Fiorentino-1-150x100.jpg 150w\" sizes=\"(max-width: 7500px) 100vw, 7500px\" \/><\/a> <a href=\"http:\/\/www.ecoitaliano.com.ar\/wp-content\/uploads\/2022\/06\/Grischa-Asagaroff-regia-\u00a9-Michele-Monasta-Maggio-Musicale-Fiorentino.jpg\"><img decoding=\"async\" class=\"alignnone size-full wp-image-23992\" src=\"http:\/\/www.ecoitaliano.com.ar\/wp-content\/uploads\/2022\/06\/Grischa-Asagaroff-regia-\u00a9-Michele-Monasta-Maggio-Musicale-Fiorentino.jpg\" alt=\"\" width=\"5000\" height=\"3333\" srcset=\"https:\/\/www.ecoitaliano.com.ar\/wp-content\/uploads\/2022\/06\/Grischa-Asagaroff-regia-\u00a9-Michele-Monasta-Maggio-Musicale-Fiorentino.jpg 5000w, https:\/\/www.ecoitaliano.com.ar\/wp-content\/uploads\/2022\/06\/Grischa-Asagaroff-regia-\u00a9-Michele-Monasta-Maggio-Musicale-Fiorentino-300x200.jpg 300w, https:\/\/www.ecoitaliano.com.ar\/wp-content\/uploads\/2022\/06\/Grischa-Asagaroff-regia-\u00a9-Michele-Monasta-Maggio-Musicale-Fiorentino-768x512.jpg 768w, https:\/\/www.ecoitaliano.com.ar\/wp-content\/uploads\/2022\/06\/Grischa-Asagaroff-regia-\u00a9-Michele-Monasta-Maggio-Musicale-Fiorentino-1024x683.jpg 1024w, https:\/\/www.ecoitaliano.com.ar\/wp-content\/uploads\/2022\/06\/Grischa-Asagaroff-regia-\u00a9-Michele-Monasta-Maggio-Musicale-Fiorentino-150x100.jpg 150w\" sizes=\"(max-width: 5000px) 100vw, 5000px\" \/><\/a> <a href=\"http:\/\/www.ecoitaliano.com.ar\/wp-content\/uploads\/2022\/06\/Luigi-Perego-scene-e-costumi-\u00a9-Michele-Monasta-Maggio-Musicale-Fiorentino-1.jpg\"><img decoding=\"async\" class=\"alignnone size-full wp-image-23993\" src=\"http:\/\/www.ecoitaliano.com.ar\/wp-content\/uploads\/2022\/06\/Luigi-Perego-scene-e-costumi-\u00a9-Michele-Monasta-Maggio-Musicale-Fiorentino-1.jpg\" alt=\"\" width=\"7500\" height=\"5000\" srcset=\"https:\/\/www.ecoitaliano.com.ar\/wp-content\/uploads\/2022\/06\/Luigi-Perego-scene-e-costumi-\u00a9-Michele-Monasta-Maggio-Musicale-Fiorentino-1.jpg 7500w, https:\/\/www.ecoitaliano.com.ar\/wp-content\/uploads\/2022\/06\/Luigi-Perego-scene-e-costumi-\u00a9-Michele-Monasta-Maggio-Musicale-Fiorentino-1-300x200.jpg 300w, https:\/\/www.ecoitaliano.com.ar\/wp-content\/uploads\/2022\/06\/Luigi-Perego-scene-e-costumi-\u00a9-Michele-Monasta-Maggio-Musicale-Fiorentino-1-768x512.jpg 768w, https:\/\/www.ecoitaliano.com.ar\/wp-content\/uploads\/2022\/06\/Luigi-Perego-scene-e-costumi-\u00a9-Michele-Monasta-Maggio-Musicale-Fiorentino-1-1024x683.jpg 1024w, https:\/\/www.ecoitaliano.com.ar\/wp-content\/uploads\/2022\/06\/Luigi-Perego-scene-e-costumi-\u00a9-Michele-Monasta-Maggio-Musicale-Fiorentino-1-150x100.jpg 150w\" sizes=\"(max-width: 7500px) 100vw, 7500px\" \/><\/a> <a href=\"http:\/\/www.ecoitaliano.com.ar\/wp-content\/uploads\/2022\/06\/Orchestra-Giovanile-Italiana-1.jpg\"><img decoding=\"async\" class=\"alignnone size-full wp-image-23994\" src=\"http:\/\/www.ecoitaliano.com.ar\/wp-content\/uploads\/2022\/06\/Orchestra-Giovanile-Italiana-1.jpg\" alt=\"\" width=\"3504\" height=\"2336\" srcset=\"https:\/\/www.ecoitaliano.com.ar\/wp-content\/uploads\/2022\/06\/Orchestra-Giovanile-Italiana-1.jpg 3504w, https:\/\/www.ecoitaliano.com.ar\/wp-content\/uploads\/2022\/06\/Orchestra-Giovanile-Italiana-1-300x200.jpg 300w, https:\/\/www.ecoitaliano.com.ar\/wp-content\/uploads\/2022\/06\/Orchestra-Giovanile-Italiana-1-768x512.jpg 768w, https:\/\/www.ecoitaliano.com.ar\/wp-content\/uploads\/2022\/06\/Orchestra-Giovanile-Italiana-1-1024x683.jpg 1024w, https:\/\/www.ecoitaliano.com.ar\/wp-content\/uploads\/2022\/06\/Orchestra-Giovanile-Italiana-1-150x100.jpg 150w\" sizes=\"(max-width: 3504px) 100vw, 3504px\" \/><\/a> <a href=\"http:\/\/www.ecoitaliano.com.ar\/wp-content\/uploads\/2022\/06\/Solisti-dellAccademia-del-Maggio-Musicale-Fiorentino-\u00a9-Michele-Monasta-Maggio-Musicale-Fiorentino-2.jpg\"><img decoding=\"async\" class=\"alignnone size-full wp-image-23995\" src=\"http:\/\/www.ecoitaliano.com.ar\/wp-content\/uploads\/2022\/06\/Solisti-dellAccademia-del-Maggio-Musicale-Fiorentino-\u00a9-Michele-Monasta-Maggio-Musicale-Fiorentino-2.jpg\" alt=\"\" width=\"7500\" height=\"5000\" srcset=\"https:\/\/www.ecoitaliano.com.ar\/wp-content\/uploads\/2022\/06\/Solisti-dellAccademia-del-Maggio-Musicale-Fiorentino-\u00a9-Michele-Monasta-Maggio-Musicale-Fiorentino-2.jpg 7500w, https:\/\/www.ecoitaliano.com.ar\/wp-content\/uploads\/2022\/06\/Solisti-dellAccademia-del-Maggio-Musicale-Fiorentino-\u00a9-Michele-Monasta-Maggio-Musicale-Fiorentino-2-300x200.jpg 300w, https:\/\/www.ecoitaliano.com.ar\/wp-content\/uploads\/2022\/06\/Solisti-dellAccademia-del-Maggio-Musicale-Fiorentino-\u00a9-Michele-Monasta-Maggio-Musicale-Fiorentino-2-768x512.jpg 768w, https:\/\/www.ecoitaliano.com.ar\/wp-content\/uploads\/2022\/06\/Solisti-dellAccademia-del-Maggio-Musicale-Fiorentino-\u00a9-Michele-Monasta-Maggio-Musicale-Fiorentino-2-1024x683.jpg 1024w, https:\/\/www.ecoitaliano.com.ar\/wp-content\/uploads\/2022\/06\/Solisti-dellAccademia-del-Maggio-Musicale-Fiorentino-\u00a9-Michele-Monasta-Maggio-Musicale-Fiorentino-2-150x100.jpg 150w\" sizes=\"(max-width: 7500px) 100vw, 7500px\" \/><\/a><\/p>\n<h5>tourn\u00e9e<\/h5>\n<p><a href=\"http:\/\/www.ecoitaliano.com.ar\/wp-content\/uploads\/2022\/06\/Andrea-Lucchesini-pianoforte-1.jpg\"><img decoding=\"async\" class=\"alignnone size-full wp-image-23996\" src=\"http:\/\/www.ecoitaliano.com.ar\/wp-content\/uploads\/2022\/06\/Andrea-Lucchesini-pianoforte-1.jpg\" alt=\"\" width=\"3543\" height=\"2362\" srcset=\"https:\/\/www.ecoitaliano.com.ar\/wp-content\/uploads\/2022\/06\/Andrea-Lucchesini-pianoforte-1.jpg 3543w, https:\/\/www.ecoitaliano.com.ar\/wp-content\/uploads\/2022\/06\/Andrea-Lucchesini-pianoforte-1-300x200.jpg 300w, https:\/\/www.ecoitaliano.com.ar\/wp-content\/uploads\/2022\/06\/Andrea-Lucchesini-pianoforte-1-768x512.jpg 768w, https:\/\/www.ecoitaliano.com.ar\/wp-content\/uploads\/2022\/06\/Andrea-Lucchesini-pianoforte-1-1024x683.jpg 1024w, https:\/\/www.ecoitaliano.com.ar\/wp-content\/uploads\/2022\/06\/Andrea-Lucchesini-pianoforte-1-150x100.jpg 150w\" sizes=\"(max-width: 3543px) 100vw, 3543px\" \/><\/a> <a href=\"http:\/\/www.ecoitaliano.com.ar\/wp-content\/uploads\/2022\/06\/Theodor-Guschlbauer-\u00a9-Michele-Monasta-Maggio-Musicale-Fiorentino-1.jpg\"><img decoding=\"async\" class=\"alignnone size-full wp-image-23997\" src=\"http:\/\/www.ecoitaliano.com.ar\/wp-content\/uploads\/2022\/06\/Theodor-Guschlbauer-\u00a9-Michele-Monasta-Maggio-Musicale-Fiorentino-1.jpg\" alt=\"\" width=\"5000\" height=\"7500\" srcset=\"https:\/\/www.ecoitaliano.com.ar\/wp-content\/uploads\/2022\/06\/Theodor-Guschlbauer-\u00a9-Michele-Monasta-Maggio-Musicale-Fiorentino-1.jpg 5000w, https:\/\/www.ecoitaliano.com.ar\/wp-content\/uploads\/2022\/06\/Theodor-Guschlbauer-\u00a9-Michele-Monasta-Maggio-Musicale-Fiorentino-1-200x300.jpg 200w, https:\/\/www.ecoitaliano.com.ar\/wp-content\/uploads\/2022\/06\/Theodor-Guschlbauer-\u00a9-Michele-Monasta-Maggio-Musicale-Fiorentino-1-768x1152.jpg 768w, https:\/\/www.ecoitaliano.com.ar\/wp-content\/uploads\/2022\/06\/Theodor-Guschlbauer-\u00a9-Michele-Monasta-Maggio-Musicale-Fiorentino-1-683x1024.jpg 683w, https:\/\/www.ecoitaliano.com.ar\/wp-content\/uploads\/2022\/06\/Theodor-Guschlbauer-\u00a9-Michele-Monasta-Maggio-Musicale-Fiorentino-1-100x150.jpg 100w\" sizes=\"(max-width: 5000px) 100vw, 5000px\" \/><\/a><\/p>\n<figure id=\"attachment_23998\" aria-describedby=\"caption-attachment-23998\" style=\"width: 4134px\" class=\"wp-caption alignnone\"><a href=\"http:\/\/www.ecoitaliano.com.ar\/wp-content\/uploads\/2022\/06\/Daniele-Gatti-\u00a9-Marco-Borggreve-2.jpg\"><img decoding=\"async\" class=\"size-full wp-image-23998\" src=\"http:\/\/www.ecoitaliano.com.ar\/wp-content\/uploads\/2022\/06\/Daniele-Gatti-\u00a9-Marco-Borggreve-2.jpg\" alt=\"\" width=\"4134\" height=\"5560\" srcset=\"https:\/\/www.ecoitaliano.com.ar\/wp-content\/uploads\/2022\/06\/Daniele-Gatti-\u00a9-Marco-Borggreve-2.jpg 4134w, https:\/\/www.ecoitaliano.com.ar\/wp-content\/uploads\/2022\/06\/Daniele-Gatti-\u00a9-Marco-Borggreve-2-223x300.jpg 223w, https:\/\/www.ecoitaliano.com.ar\/wp-content\/uploads\/2022\/06\/Daniele-Gatti-\u00a9-Marco-Borggreve-2-768x1033.jpg 768w, https:\/\/www.ecoitaliano.com.ar\/wp-content\/uploads\/2022\/06\/Daniele-Gatti-\u00a9-Marco-Borggreve-2-761x1024.jpg 761w, https:\/\/www.ecoitaliano.com.ar\/wp-content\/uploads\/2022\/06\/Daniele-Gatti-\u00a9-Marco-Borggreve-2-112x150.jpg 112w\" sizes=\"(max-width: 4134px) 100vw, 4134px\" \/><\/a><figcaption id=\"caption-attachment-23998\" class=\"wp-caption-text\">Daniele Gatti&#8211; Chiefconductor Royal Concertgebouw Orchestra.Photo: Marco Borggreve<\/figcaption><\/figure>\n<p><a href=\"http:\/\/www.ecoitaliano.com.ar\/wp-content\/uploads\/2022\/06\/Zubin-Mehta-\u00a9-Michele-Monasta-Maggio-Musicale-Fiorentino-2.jpg\"><img decoding=\"async\" class=\"alignnone size-full wp-image-23999\" src=\"http:\/\/www.ecoitaliano.com.ar\/wp-content\/uploads\/2022\/06\/Zubin-Mehta-\u00a9-Michele-Monasta-Maggio-Musicale-Fiorentino-2.jpg\" alt=\"\" width=\"7952\" height=\"5304\" srcset=\"https:\/\/www.ecoitaliano.com.ar\/wp-content\/uploads\/2022\/06\/Zubin-Mehta-\u00a9-Michele-Monasta-Maggio-Musicale-Fiorentino-2.jpg 7952w, https:\/\/www.ecoitaliano.com.ar\/wp-content\/uploads\/2022\/06\/Zubin-Mehta-\u00a9-Michele-Monasta-Maggio-Musicale-Fiorentino-2-300x200.jpg 300w, https:\/\/www.ecoitaliano.com.ar\/wp-content\/uploads\/2022\/06\/Zubin-Mehta-\u00a9-Michele-Monasta-Maggio-Musicale-Fiorentino-2-768x512.jpg 768w, https:\/\/www.ecoitaliano.com.ar\/wp-content\/uploads\/2022\/06\/Zubin-Mehta-\u00a9-Michele-Monasta-Maggio-Musicale-Fiorentino-2-1024x683.jpg 1024w, https:\/\/www.ecoitaliano.com.ar\/wp-content\/uploads\/2022\/06\/Zubin-Mehta-\u00a9-Michele-Monasta-Maggio-Musicale-Fiorentino-2-150x100.jpg 150w\" sizes=\"(max-width: 7952px) 100vw, 7952px\" \/><\/a><\/p>\n<figure id=\"attachment_24000\" aria-describedby=\"caption-attachment-24000\" style=\"width: 4134px\" class=\"wp-caption alignnone\"><a href=\"http:\/\/www.ecoitaliano.com.ar\/wp-content\/uploads\/2022\/06\/Daniele-Gatti-\u00a9-Marco-Borggreve-3.jpg\"><img decoding=\"async\" class=\"size-full wp-image-24000\" src=\"http:\/\/www.ecoitaliano.com.ar\/wp-content\/uploads\/2022\/06\/Daniele-Gatti-\u00a9-Marco-Borggreve-3.jpg\" alt=\"\" width=\"4134\" height=\"5560\" srcset=\"https:\/\/www.ecoitaliano.com.ar\/wp-content\/uploads\/2022\/06\/Daniele-Gatti-\u00a9-Marco-Borggreve-3.jpg 4134w, https:\/\/www.ecoitaliano.com.ar\/wp-content\/uploads\/2022\/06\/Daniele-Gatti-\u00a9-Marco-Borggreve-3-223x300.jpg 223w, https:\/\/www.ecoitaliano.com.ar\/wp-content\/uploads\/2022\/06\/Daniele-Gatti-\u00a9-Marco-Borggreve-3-768x1033.jpg 768w, https:\/\/www.ecoitaliano.com.ar\/wp-content\/uploads\/2022\/06\/Daniele-Gatti-\u00a9-Marco-Borggreve-3-761x1024.jpg 761w, https:\/\/www.ecoitaliano.com.ar\/wp-content\/uploads\/2022\/06\/Daniele-Gatti-\u00a9-Marco-Borggreve-3-112x150.jpg 112w\" sizes=\"(max-width: 4134px) 100vw, 4134px\" \/><\/a><figcaption id=\"caption-attachment-24000\" class=\"wp-caption-text\">Daniele Gatti&#8211; Chiefconductor Royal Concertgebouw Orchestra.Photo: Marco Borggreve<\/figcaption><\/figure>\n<p><a href=\"http:\/\/www.ecoitaliano.com.ar\/wp-content\/uploads\/2022\/06\/Andr\u00e9s-Orozco-Estrada-direttore-\u00a9-Martin-Sigmund-1.jpg\"><img decoding=\"async\" class=\"alignnone size-full wp-image-24001\" src=\"http:\/\/www.ecoitaliano.com.ar\/wp-content\/uploads\/2022\/06\/Andr\u00e9s-Orozco-Estrada-direttore-\u00a9-Martin-Sigmund-1.jpg\" alt=\"\" width=\"3149\" height=\"4724\" srcset=\"https:\/\/www.ecoitaliano.com.ar\/wp-content\/uploads\/2022\/06\/Andr\u00e9s-Orozco-Estrada-direttore-\u00a9-Martin-Sigmund-1.jpg 3149w, https:\/\/www.ecoitaliano.com.ar\/wp-content\/uploads\/2022\/06\/Andr\u00e9s-Orozco-Estrada-direttore-\u00a9-Martin-Sigmund-1-200x300.jpg 200w, https:\/\/www.ecoitaliano.com.ar\/wp-content\/uploads\/2022\/06\/Andr\u00e9s-Orozco-Estrada-direttore-\u00a9-Martin-Sigmund-1-768x1152.jpg 768w, https:\/\/www.ecoitaliano.com.ar\/wp-content\/uploads\/2022\/06\/Andr\u00e9s-Orozco-Estrada-direttore-\u00a9-Martin-Sigmund-1-683x1024.jpg 683w, https:\/\/www.ecoitaliano.com.ar\/wp-content\/uploads\/2022\/06\/Andr\u00e9s-Orozco-Estrada-direttore-\u00a9-Martin-Sigmund-1-100x150.jpg 100w\" sizes=\"(max-width: 3149px) 100vw, 3149px\" \/><\/a> <a href=\"http:\/\/www.ecoitaliano.com.ar\/wp-content\/uploads\/2022\/06\/Mario-Salvadori-Primo-oboe-dellOrchestra-del-Maggio-Musicale-Fiorentino-1.jpg\"><img decoding=\"async\" class=\"alignnone size-full wp-image-24002\" src=\"http:\/\/www.ecoitaliano.com.ar\/wp-content\/uploads\/2022\/06\/Mario-Salvadori-Primo-oboe-dellOrchestra-del-Maggio-Musicale-Fiorentino-1.jpg\" alt=\"\" width=\"7500\" height=\"5000\" srcset=\"https:\/\/www.ecoitaliano.com.ar\/wp-content\/uploads\/2022\/06\/Mario-Salvadori-Primo-oboe-dellOrchestra-del-Maggio-Musicale-Fiorentino-1.jpg 7500w, https:\/\/www.ecoitaliano.com.ar\/wp-content\/uploads\/2022\/06\/Mario-Salvadori-Primo-oboe-dellOrchestra-del-Maggio-Musicale-Fiorentino-1-300x200.jpg 300w, https:\/\/www.ecoitaliano.com.ar\/wp-content\/uploads\/2022\/06\/Mario-Salvadori-Primo-oboe-dellOrchestra-del-Maggio-Musicale-Fiorentino-1-768x512.jpg 768w, https:\/\/www.ecoitaliano.com.ar\/wp-content\/uploads\/2022\/06\/Mario-Salvadori-Primo-oboe-dellOrchestra-del-Maggio-Musicale-Fiorentino-1-1024x683.jpg 1024w, https:\/\/www.ecoitaliano.com.ar\/wp-content\/uploads\/2022\/06\/Mario-Salvadori-Primo-oboe-dellOrchestra-del-Maggio-Musicale-Fiorentino-1-150x100.jpg 150w\" sizes=\"(max-width: 7500px) 100vw, 7500px\" \/><\/a><\/p>\n<h5>manifesti stagione lirica, stagione sinfonica, stagione del maggio musicale fiorentino in trasferta.<\/h5>\n<p><a href=\"http:\/\/www.ecoitaliano.com.ar\/wp-content\/uploads\/2022\/06\/1-Lirica-1.jpg\"><img decoding=\"async\" class=\"alignnone size-full wp-image-24003\" src=\"http:\/\/www.ecoitaliano.com.ar\/wp-content\/uploads\/2022\/06\/1-Lirica-1.jpg\" alt=\"\" width=\"5512\" height=\"7874\" srcset=\"https:\/\/www.ecoitaliano.com.ar\/wp-content\/uploads\/2022\/06\/1-Lirica-1.jpg 5512w, https:\/\/www.ecoitaliano.com.ar\/wp-content\/uploads\/2022\/06\/1-Lirica-1-210x300.jpg 210w, https:\/\/www.ecoitaliano.com.ar\/wp-content\/uploads\/2022\/06\/1-Lirica-1-768x1097.jpg 768w, https:\/\/www.ecoitaliano.com.ar\/wp-content\/uploads\/2022\/06\/1-Lirica-1-717x1024.jpg 717w, https:\/\/www.ecoitaliano.com.ar\/wp-content\/uploads\/2022\/06\/1-Lirica-1-105x150.jpg 105w\" sizes=\"(max-width: 5512px) 100vw, 5512px\" \/><\/a> <a href=\"http:\/\/www.ecoitaliano.com.ar\/wp-content\/uploads\/2022\/06\/AZXCVBNM.jpg\"><img decoding=\"async\" class=\"alignnone size-full wp-image-24008\" src=\"http:\/\/www.ecoitaliano.com.ar\/wp-content\/uploads\/2022\/06\/AZXCVBNM.jpg\" alt=\"\" width=\"843\" height=\"1202\" srcset=\"https:\/\/www.ecoitaliano.com.ar\/wp-content\/uploads\/2022\/06\/AZXCVBNM.jpg 843w, https:\/\/www.ecoitaliano.com.ar\/wp-content\/uploads\/2022\/06\/AZXCVBNM-210x300.jpg 210w, https:\/\/www.ecoitaliano.com.ar\/wp-content\/uploads\/2022\/06\/AZXCVBNM-768x1095.jpg 768w, https:\/\/www.ecoitaliano.com.ar\/wp-content\/uploads\/2022\/06\/AZXCVBNM-718x1024.jpg 718w, https:\/\/www.ecoitaliano.com.ar\/wp-content\/uploads\/2022\/06\/AZXCVBNM-105x150.jpg 105w\" sizes=\"(max-width: 843px) 100vw, 843px\" \/><\/a><\/p>\n<p><a href=\"http:\/\/www.ecoitaliano.com.ar\/wp-content\/uploads\/2022\/06\/3-Il-Maggio-in-trasferta_2022-2023-1.jpg\"><img decoding=\"async\" class=\"alignnone size-full wp-image-24006\" src=\"http:\/\/www.ecoitaliano.com.ar\/wp-content\/uploads\/2022\/06\/3-Il-Maggio-in-trasferta_2022-2023-1.jpg\" alt=\"\" width=\"5512\" height=\"7874\" srcset=\"https:\/\/www.ecoitaliano.com.ar\/wp-content\/uploads\/2022\/06\/3-Il-Maggio-in-trasferta_2022-2023-1.jpg 5512w, https:\/\/www.ecoitaliano.com.ar\/wp-content\/uploads\/2022\/06\/3-Il-Maggio-in-trasferta_2022-2023-1-210x300.jpg 210w, https:\/\/www.ecoitaliano.com.ar\/wp-content\/uploads\/2022\/06\/3-Il-Maggio-in-trasferta_2022-2023-1-768x1097.jpg 768w, https:\/\/www.ecoitaliano.com.ar\/wp-content\/uploads\/2022\/06\/3-Il-Maggio-in-trasferta_2022-2023-1-717x1024.jpg 717w, https:\/\/www.ecoitaliano.com.ar\/wp-content\/uploads\/2022\/06\/3-Il-Maggio-in-trasferta_2022-2023-1-105x150.jpg 105w\" sizes=\"(max-width: 5512px) 100vw, 5512px\" \/><\/a><\/p>\n<h5>dichiarazioni degli sponsor<\/h5>\n<p>Fondazione CR Firenze e le iniziative per promuovere la partecipazione dei fiorentini a teatro<\/p>\n<p>La\u00a0programmazione\u00a0del Maggio Musicale Fiorentino piace\u00a0ai fiorentini. Lo conferma il successo del nostro programma &#8216;Al Maggio con Fondazione CR Firenze&#8217;\u00a0che consente uno sconto del 50% sul prezzo del biglietto alle opere\u00a0dell\u201984\/o Festival del Maggio Musicale Fiorentino in calendario fino al 14 luglio. Lo abbiamo pensato in quanto la Fondazione, nell\u2019ambito della sua attivit\u00e0 statutaria, cerca di favorire la massima\u00a0promozione e diffusione della cultura e dell\u2019arte\u00a0e,\u00a0in quanto Socio di diritto privato del Teatro del\u00a0Maggio,\u00a0ha stipulato una convenzione con la\u00a0Fondazione Teatro del Maggio Musicale Fiorentino\u00a0per favorire\u00a0la\u00a0massima\u00a0partecipazione alle proposte\u00a0operistiche del\u00a0Festival.<br \/>\nIl nostro intento, che ci auguriamo di poter replicare anche per la programmazione autunnale,\u00a0annunciata oggi dal sindaco Dario Nardella, dal sovrintendente Alexander Pereira e dal maestro Daniele Gatti,\u00a0\u00e8 garantire maggiormente la possibilit\u00e0 di avvicinarsi alla musica a quelle fasce di spettatori, che per i motivi pi\u00f9 diversi,\u00a0stanno attraversando\u00a0una\u00a0sensibile\u00a0riduzione del reddito e si vedono costretti a rinunciare all\u2019offerta culturale di programmazione del Teatro del\u00a0Maggio.\u00a0La musica \u00e8 una importante modalit\u00e0 educativa di forte impatto che la nostra Fondazione cerca di sostenere da tempo. Con questo scopo, promuove da anni il bellissimo progetto &#8216;All&#8217;Opera&#8230; Le scuole al Maggio&#8217;, a cura di Venti Lucenti in collaborazione con l&#8217;Accademia del Maggio Musicale Fiorentino che, anche quest&#8217;anno, ha visto sulla scena 400 studenti delle scuole cittadine che hanno proposto un originale allestimento di &#8216;Aida&#8217; di Giuseppe Verdi, uno dei capisaldi del melodramma mondiale.<\/p>\n<p>LUIGI SALVADORI<br \/>\nPresidente Fondazione CR Firenze<\/p>\n<p>INTESA SANPAOLO CONFERMA IL SOSTEGNO<br \/>\nALLA FONDAZIONE DEL TEATRO<br \/>\nDEL MAGGIO MUSICALE FIORENTINO<br \/>\nSi rinnova la lunga collaborazione tra il Gruppo bancario e la Fondazione<br \/>\nnel solco dell\u2019attenzione al settore e al territorio<br \/>\nFirenze, 13 giugno 2022 \u2013 Si rinnova anche per la stagione 2022-2023 la partnership tra Intesa Sanpaolo e Fondazione del Teatro del Maggio Musicale Fiorentino, di cui la Banca \u00e8 Socio Sostenitore Privato dal 2018. Il rinnovato intervento di Intesa Sanpaolo a sostegno del Maggio testimonia l\u2019impegno costante e fattivo verso il settore lirico-sinfonico e nei confronti di Firenze e del suo territorio che da molti anni il Gruppo bancario presidia, concorrendone allo sviluppo non solo sul piano economico.<br \/>\nIntesa Sanpaolo considera da sempre l\u2019arte e la cultura come una risorsa strategica del Paese in grado di innescare processi di crescita anche sul piano sociale, economico e occupazionale. Inserito a pieno titolo nel proprio Piano di Impresa 2022-2025, l\u2019impegno della Banca verso la cultura e l\u2019arte \u00e8 una componente significativa del programma di sostenibilit\u00e0 ESG di Intesa Sanpaolo.<br \/>\nCon il sostegno alla Fondazione del Teatro del Maggio Musicale Fiorentino, il Gruppo Intesa Sanpaolo afferma ancora una volta la centralit\u00e0 del rapporto della Banca con il territorio fiorentino e la partecipazione diretta allo sviluppo culturale della sua comunit\u00e0.<br \/>\nIntesa Sanpaolo supporta numerose iniziative collegate all\u2019ambito artistico musicale in tutta Italia. In particolare, \u00e8 Socio Fondatore Sostenitore del Teatro alla Scala di Milano, Socio Fondatore del Teatro Regio di Torino, Socio Sostenitore del Teatro La Fenice di Venezia, Socio Sostenitore del Teatro Comunale di Bologna, Socio Sostenitore del Teatro di San Carlo di Napoli e Socio Fondatore del ROF &#8211; Rossini Opera Festival. La Banca sostiene inoltre numerose rassegne musicali come JAZZMI, Torino Jazz Festival, Umbria Jazz e MITO SettembreMusica.<br \/>\nPer informazioni:<br \/>\nGruppo Intesa Sanpaolo<br \/>\nUfficio Media Banca dei Territori e Media Locali<br \/>\nstampa@intesasanpaolo.com<\/p>\n<p>Caff\u00e8 Borbone, il valore della tradizione al Festival del Maggio Musicale Fiorentino<br \/>\nFirenze, 13 giugno 2022. Continua il legame tra Maggio Musicale e Caff\u00e8 Borbone, sostenitore del Teatro e della Stagione Lirico Sinfonica 2022\/23, che prende avvio l\u20198 settembre con il Barbiere di Siviglia diretto da Daniele Gatti e preveder\u00e0 il gi\u00e0 annunciato tribuito del Maggio Fiorentino al grande compositore Giuseppe Verdi.<br \/>\nOltre ad offrire a ospiti di prestigio ed artisti, nel corso dell\u2019intera stagione, un ottimo caff\u00e8, l\u2019aroma, il gusto e tutto il valore dell\u2019espresso napoletano di Caff\u00e8 Borbone accompagneranno anche il programma di questa edizione del Festival del Maggio Musicale Fiorentino, punto di riferimento per direttori d\u2019orchestra, registi, artisti di primissima importanza, caratterizzato da una forte vocazione internazionale.<br \/>\nUn incontro tra cultura e tradizione che accumuna Caff\u00e8 Borbone e Maggio Musicale in un percorso di crescita e valorizzazione delle reciproche eccellenze.<br \/>\nDa sempre ambasciatore dell\u2019italianit\u00e0 e sostenitore della cultura e della tradizione, Caff\u00e8 Borbone prosegue nel proprio impegno a sostegno dei valori sociali, culturali e artistici italiani, attraverso la partnership con il Festival del Maggio Musicale Fiorentino, il pi\u00f9 antico in Italia, primato che in Europa condivide con quelli di Salisburgo e Bayreuth.<br \/>\nCaff\u00e8 Borbone entra nella vita delle persone con profumi, aromi e sapori veri, raccontando l\u2019amore per la sua terra, l\u2019impegno per l\u2019eccellenza e portando la magia di un caff\u00e8 buono, che nasce dalla passione e dal rispetto. La cialda 100% amica della natura ne \u00e8 l\u2019esempio pi\u00f9 vivido.<br \/>\nCaff\u00e8 Borbone \u00e8 oggi uno dei principali produttori specializzati di caff\u00e8 in cialde compostabili e capsule compatibili. Aggiungere a un prodotto di qualit\u00e0 riconosciuta valore sostenibile \u00e8 per Caff\u00e8 Borbone una chiara linea strategica: caff\u00e8 eccellente, prodotto con senso di responsabilit\u00e0 globale e capace di promuovere i valori sociali, culturali e artistici italiani.<\/p>\n<p>Le meraviglie di Firenze. Officina Profumo-Farmaceutica di Santa Maria Novella a fianco del Festival del Maggio Fiorentino.<br \/>\nFirenze, 13 giugno 2022. Il fascino e la bellezza di Officina Profumo-Farmaceutica di Santa Maria Novella, sostenitore del Teatro, saranno protagoniste della Stagione Lirico Sinfonica 2022\/23, che prender\u00e0 avvio l\u20198 settembre con il Barbiere di Siviglia diretto da Daniele Gatti e preveder\u00e0 il gi\u00e0 annunciato tribuito del Maggio Fiorentino al grande compositore Giuseppe Verdi.<br \/>\nIl supporto ad uno dei Festival pi\u00f9 antichi d\u2019Europa conferma la volont\u00e0 del marchio fiorentino di essere protagonista nello sforzo di piena rivalorizzazione dell\u2019immenso patrimonio della citt\u00e0, continuando ad accrescere lo splendore e la magnificenza che hanno reso e continuano a rendere Firenze citt\u00e0 amata ed ammirata a livello internazionale.<br \/>\nOfficina Profumo-Farmaceutica di Santa Maria Novella, inestimabile patrimonio della sua citt\u00e0 natale ed emblema del Made in Italy nel mondo, \u00e8 una storia di bellezza che, collaborando anche con le prestigiose Istituzioni della citt\u00e0, vuole contribuire ad accrescere e omaggiare le \u201cmeraviglie\u201d di Firenze, di cui l\u2019Officina ed il Teatro sono simboli nel mondo.<br \/>\nQuesto know-how storico italiano ha celebrato lo scorso novembre 800 anni di attivit\u00e0: un percorso che, attraversando i secoli, ha reso Officina Profumo-Farmaceutica di Santa Maria Novella non solo la pi\u00f9 antica farmacia del mondo, ma anche un marchio iconico capace di unire l\u2019artigianalit\u00e0 dei suoi prodotti ai bisogni dei consumatori moderni.<br \/>\nOggi la location storica in Via della Scala 16 a Firenze \u00e8 il flagship-museo dell\u2019Officina: oltre alle antiche sale dedicate alla vendita, lo spazio si distingue per essere uno tra i primi musei fiorentini per numero di visitatori e contribuisce a definire l\u2019identit\u00e0 di un brand che ha saputo custodire e valorizzare nel tempo i grandi pregi dell\u2019Italia, di Firenze, del Rinascimento: creativit\u00e0, sapienza artigianale, riguardo verso qualit\u00e0 e bellezza.<\/p>\n","protected":false},"excerpt":{"rendered":"<p>COMUNICATO STAMPA Il Maggio Musicale Fiorentino annuncia la programmazione da settembre 2022 ad aprile 2023. In complesso dalla ripresa dell\u2019attivit\u00e0 [&hellip;]<\/p>\n","protected":false},"author":1,"featured_media":0,"comment_status":"open","ping_status":"open","sticky":false,"template":"","format":"standard","meta":{"footnotes":""},"categories":[1],"tags":[],"class_list":["post-23843","post","type-post","status-publish","format-standard","hentry","category-sin-categoria"],"_links":{"self":[{"href":"https:\/\/www.ecoitaliano.com.ar\/index.php?rest_route=\/wp\/v2\/posts\/23843","targetHints":{"allow":["GET"]}}],"collection":[{"href":"https:\/\/www.ecoitaliano.com.ar\/index.php?rest_route=\/wp\/v2\/posts"}],"about":[{"href":"https:\/\/www.ecoitaliano.com.ar\/index.php?rest_route=\/wp\/v2\/types\/post"}],"author":[{"embeddable":true,"href":"https:\/\/www.ecoitaliano.com.ar\/index.php?rest_route=\/wp\/v2\/users\/1"}],"replies":[{"embeddable":true,"href":"https:\/\/www.ecoitaliano.com.ar\/index.php?rest_route=%2Fwp%2Fv2%2Fcomments&post=23843"}],"version-history":[{"count":0,"href":"https:\/\/www.ecoitaliano.com.ar\/index.php?rest_route=\/wp\/v2\/posts\/23843\/revisions"}],"wp:attachment":[{"href":"https:\/\/www.ecoitaliano.com.ar\/index.php?rest_route=%2Fwp%2Fv2%2Fmedia&parent=23843"}],"wp:term":[{"taxonomy":"category","embeddable":true,"href":"https:\/\/www.ecoitaliano.com.ar\/index.php?rest_route=%2Fwp%2Fv2%2Fcategories&post=23843"},{"taxonomy":"post_tag","embeddable":true,"href":"https:\/\/www.ecoitaliano.com.ar\/index.php?rest_route=%2Fwp%2Fv2%2Ftags&post=23843"}],"curies":[{"name":"wp","href":"https:\/\/api.w.org\/{rel}","templated":true}]}}