{"id":23881,"date":"2022-06-14T22:35:44","date_gmt":"2022-06-14T22:35:44","guid":{"rendered":"http:\/\/www.ecoitaliano.com.ar\/?p=23881"},"modified":"2022-06-14T22:35:44","modified_gmt":"2022-06-14T22:35:44","slug":"la-necessita-della-difesa-comune-europea-e-il-riarmo-della-germania","status":"publish","type":"post","link":"https:\/\/www.ecoitaliano.com.ar\/?p=23881","title":{"rendered":"La necessit\u00e0 della difesa comune europea e il riarmo della Germania"},"content":{"rendered":"<p><a href=\"http:\/\/www.ecoitaliano.com.ar\/wp-content\/uploads\/2022\/06\/Angela-Casilli.jpg\"><img decoding=\"async\" class=\"alignnone size-full wp-image-23882\" src=\"http:\/\/www.ecoitaliano.com.ar\/wp-content\/uploads\/2022\/06\/Angela-Casilli.jpg\" alt=\"\" width=\"3004\" height=\"3431\" srcset=\"https:\/\/www.ecoitaliano.com.ar\/wp-content\/uploads\/2022\/06\/Angela-Casilli.jpg 3004w, https:\/\/www.ecoitaliano.com.ar\/wp-content\/uploads\/2022\/06\/Angela-Casilli-263x300.jpg 263w, https:\/\/www.ecoitaliano.com.ar\/wp-content\/uploads\/2022\/06\/Angela-Casilli-768x877.jpg 768w, https:\/\/www.ecoitaliano.com.ar\/wp-content\/uploads\/2022\/06\/Angela-Casilli-897x1024.jpg 897w, https:\/\/www.ecoitaliano.com.ar\/wp-content\/uploads\/2022\/06\/Angela-Casilli-131x150.jpg 131w\" sizes=\"(max-width: 3004px) 100vw, 3004px\" \/><\/a><\/p>\n<p align=\"center\"><span style=\"font-family: Georgia, serif;\"><span style=\"font-size: x-large;\"><b>La necessit\u00e0 della difesa comune europea <\/b><\/span><\/span><\/p>\n<p align=\"center\"><span style=\"font-family: Georgia, serif;\"><span style=\"font-size: x-large;\"><b>e il riarmo della Germania<\/b><\/span><\/span><\/p>\n<p align=\"center\"><span style=\"font-family: Georgia, serif;\"><span style=\"font-size: large;\">di <\/span><\/span><span style=\"font-family: Georgia, serif;\"><span style=\"font-size: large;\"><b>Angela Casilli<\/b><\/span><\/span><\/p>\n<p align=\"justify\"><a name=\"_GoBack\"><\/a><\/p>\n<p align=\"justify\"><span style=\"font-family: Georgia, serif;\"><span style=\"font-size: large;\">L\u2019invasione dell\u2019<\/span><\/span><span style=\"font-family: Georgia, serif;\"><span style=\"font-size: large;\"><b>Ucraina<\/b><\/span><\/span><span style=\"font-family: Georgia, serif;\"><span style=\"font-size: large;\"> \u00e8 stato un brusco risveglio per chi pensava che un evento del genere non potesse mai verificarsi in Europa. Sulla spinta della tragedia in corso \u00e8 tornata d\u2019attualit\u00e0 l\u2019esigenza di dotare l\u2019<\/span><\/span><span style=\"font-family: Georgia, serif;\"><span style=\"font-size: large;\"><b>UE<\/b><\/span><\/span><span style=\"font-family: Georgia, serif;\"><span style=\"font-size: large;\"> di uno strumento adeguato per una difesa comune, ma raramente si va oltre l\u2019auspicio di una svolta che, alla fine, lascia il tempo che trova. <\/span><\/span><\/p>\n<p align=\"justify\"><span style=\"font-family: Georgia, serif;\"><span style=\"font-size: large;\">La situazione attuale \u00e8 tutt\u2019altro che rassicurante: la <\/span><\/span><span style=\"font-family: Georgia, serif;\"><span style=\"font-size: large;\"><b>Nato<\/b><\/span><\/span><span style=\"font-family: Georgia, serif;\"><span style=\"font-size: large;\"> vede tuttora una preponderante presenza degli <\/span><\/span><span style=\"font-family: Georgia, serif;\"><span style=\"font-size: large;\"><b>Stati Uniti<\/b><\/span><\/span><span style=\"font-family: Georgia, serif;\"><span style=\"font-size: large;\">, che per\u00f2 guardano soprattutto alla <\/span><\/span><span style=\"font-family: Georgia, serif;\"><span style=\"font-size: large;\"><b>Cina<\/b><\/span><\/span><span style=\"font-family: Georgia, serif;\"><span style=\"font-size: large;\"> come rivale da fronteggiare in questo momento storico. Nell\u2019<\/span><\/span><span style=\"font-family: Georgia, serif;\"><span style=\"font-size: large;\"><b>Unione<\/b><\/span><\/span> <span style=\"font-family: Georgia, serif;\"><span style=\"font-size: large;\"><b>Europea<\/b><\/span><\/span><span style=\"font-family: Georgia, serif;\"><span style=\"font-size: large;\"> ci sono divergenze sostanziali tra i Paesi dell\u2019Est, sfuggiti alla sfera d\u2019influenza sovietica dopo la caduta del muro di Berlino, marcatamente nazionalistici e inclini a creare un rapporto preferenziale con Washington e, il nucleo degli Stati fondatori pi\u00f9 portati a rafforzare l\u2019integrazione.<\/span><\/span><\/p>\n<p align=\"justify\"><span style=\"font-family: Georgia, serif;\"><span style=\"font-size: large;\">La sfida di <\/span><\/span><span style=\"font-family: Georgia, serif;\"><span style=\"font-size: large;\"><b>Putin<\/b><\/span><\/span><span style=\"font-family: Georgia, serif;\"><span style=\"font-size: large;\">, forte della dipendenza dal gas russo di importanti economie, come quella italiana e tedesca, si \u00e8 inserita in un contesto gi\u00e0 di per s\u00e9 problematico. L\u2019Europa non solo non pu\u00f2 cedere ai ricatti di Putin, ma deve trattare alla pari, non su posizioni terzaforziste da nessuno giudicate credibili e, falsamente, autonome.<\/span><\/span><\/p>\n<p align=\"justify\"><span style=\"font-family: Georgia, serif;\"><span style=\"font-size: large;\">Se la politica di sicurezza e difesa dell\u2019UE \u00e8 uno stress-test per capire le difficolt\u00e0 di un processo decisionale sempre pi\u00f9 verticalizzato nel <\/span><\/span><span style=\"font-family: Georgia, serif;\"><span style=\"font-size: large;\"><b>Consiglio Europeo<\/b><\/span><\/span><span style=\"font-family: Georgia, serif;\"><span style=\"font-size: large;\"> e, se la difesa europea dipende dalla capacit\u00e0 di coordinare al meglio le difese nazionali, dove esiste non solo un problema di inefficienza e diseconomia nella spesa militare, ma anche di grave asimmetria, il massiccio riarmo della <\/span><\/span><span style=\"font-family: Georgia, serif;\"><span style=\"font-size: large;\"><b>Germania<\/b><\/span><\/span><span style=\"font-family: Georgia, serif;\"><span style=\"font-size: large;\">, seppure necessario, \u00e8 destinato ad ostacolare e non certo a rafforzare la difesa comune. <\/span><\/span><\/p>\n<p align=\"justify\"><span style=\"font-family: Georgia, serif;\"><span style=\"font-size: large;\">Come gi\u00e0 avvenuto sul piano economico durante la crisi finanziaria del 2008, una <\/span><\/span><span style=\"font-family: Georgia, serif;\"><span style=\"font-size: large;\"><b>Germania<\/b><\/span><\/span><span style=\"font-family: Georgia, serif;\"><span style=\"font-size: large;\"> militarmente forte, in caso di crisi, \u00e8 spinta a declinare la politica europea della difesa solo in funzione dei propri interessi geopolitici e geoeconomici.<\/span><\/span><\/p>\n<p align=\"justify\"><span style=\"font-family: Georgia, serif;\"><span style=\"font-size: large;\">Inaccettabile per i Paesi dell\u2019Est europeo, la cui visione politica su come garantire la sicurezza europea non coincide con quella tedesca e dei Paesi centrali dell\u2019Eurozona, Italia compresa. La militarizzazione separata rischia di essere messa cos\u00ec al servizio di interessi geopolitici e geoeconomici divergenti e di difficile ricomposizione, anzi, se ci\u00f2 dovesse accadere ad opera della <\/span><\/span><span style=\"font-family: Georgia, serif;\"><span style=\"font-size: large;\"><b>Nato<\/b><\/span><\/span><span style=\"font-family: Georgia, serif;\"><span style=\"font-size: large;\">, sarebbe sempre sulla base di priorit\u00e0 strategiche non europee.<\/span><\/span><\/p>\n<p align=\"justify\"><span style=\"font-family: Georgia, serif;\"><span style=\"font-size: large;\">Emerge, ancora una volta, l\u2019ignoranza del passato, di quel XX secolo che dovrebbe insegnare proprio per l\u2019atrocit\u00e0 di ben due guerre mondiali che, quando \u00e8 in gioco la sicurezza, bisogna superare la logica intergovernativa, che genera solo divisioni difficili da ricomporre e capire, invece, che occorre dominare gli eventi e non lasciarsi dominare da essi nell\u2019immediatezza del loro accadere. <\/span><\/span><\/p>\n<p align=\"justify\"><strong><em>Tutte l\u2019opinioni versati nel sito, correspondono solo a chi la manifesta. Non e necessariamente l\u2019opinione della Direzione.<\/em><\/strong><\/p>\n","protected":false},"excerpt":{"rendered":"<p>La necessit\u00e0 della difesa comune europea e il riarmo della Germania di Angela Casilli L\u2019invasione dell\u2019Ucraina \u00e8 stato un brusco [&hellip;]<\/p>\n","protected":false},"author":1,"featured_media":0,"comment_status":"open","ping_status":"open","sticky":false,"template":"","format":"standard","meta":{"footnotes":""},"categories":[10,35],"tags":[],"class_list":["post-23881","post","type-post","status-publish","format-standard","hentry","category-italiano","category-opiniones"],"_links":{"self":[{"href":"https:\/\/www.ecoitaliano.com.ar\/index.php?rest_route=\/wp\/v2\/posts\/23881","targetHints":{"allow":["GET"]}}],"collection":[{"href":"https:\/\/www.ecoitaliano.com.ar\/index.php?rest_route=\/wp\/v2\/posts"}],"about":[{"href":"https:\/\/www.ecoitaliano.com.ar\/index.php?rest_route=\/wp\/v2\/types\/post"}],"author":[{"embeddable":true,"href":"https:\/\/www.ecoitaliano.com.ar\/index.php?rest_route=\/wp\/v2\/users\/1"}],"replies":[{"embeddable":true,"href":"https:\/\/www.ecoitaliano.com.ar\/index.php?rest_route=%2Fwp%2Fv2%2Fcomments&post=23881"}],"version-history":[{"count":0,"href":"https:\/\/www.ecoitaliano.com.ar\/index.php?rest_route=\/wp\/v2\/posts\/23881\/revisions"}],"wp:attachment":[{"href":"https:\/\/www.ecoitaliano.com.ar\/index.php?rest_route=%2Fwp%2Fv2%2Fmedia&parent=23881"}],"wp:term":[{"taxonomy":"category","embeddable":true,"href":"https:\/\/www.ecoitaliano.com.ar\/index.php?rest_route=%2Fwp%2Fv2%2Fcategories&post=23881"},{"taxonomy":"post_tag","embeddable":true,"href":"https:\/\/www.ecoitaliano.com.ar\/index.php?rest_route=%2Fwp%2Fv2%2Ftags&post=23881"}],"curies":[{"name":"wp","href":"https:\/\/api.w.org\/{rel}","templated":true}]}}