{"id":24022,"date":"2022-06-15T19:31:22","date_gmt":"2022-06-15T19:31:22","guid":{"rendered":"http:\/\/www.ecoitaliano.com.ar\/?p=24022"},"modified":"2022-06-15T19:31:22","modified_gmt":"2022-06-15T19:31:22","slug":"la-tempesta-perfetta-di-raffaele-romano","status":"publish","type":"post","link":"https:\/\/www.ecoitaliano.com.ar\/?p=24022","title":{"rendered":"LA TEMPESTA PERFETTA  di Raffaele Romano"},"content":{"rendered":"<p><a href=\"http:\/\/www.ecoitaliano.com.ar\/wp-content\/uploads\/2022\/06\/Raffaele-Romano.jpg\"><img decoding=\"async\" class=\"alignnone size-full wp-image-24023\" src=\"http:\/\/www.ecoitaliano.com.ar\/wp-content\/uploads\/2022\/06\/Raffaele-Romano.jpg\" alt=\"\" width=\"1600\" height=\"1200\" srcset=\"https:\/\/www.ecoitaliano.com.ar\/wp-content\/uploads\/2022\/06\/Raffaele-Romano.jpg 1600w, https:\/\/www.ecoitaliano.com.ar\/wp-content\/uploads\/2022\/06\/Raffaele-Romano-300x225.jpg 300w, https:\/\/www.ecoitaliano.com.ar\/wp-content\/uploads\/2022\/06\/Raffaele-Romano-768x576.jpg 768w, https:\/\/www.ecoitaliano.com.ar\/wp-content\/uploads\/2022\/06\/Raffaele-Romano-1024x768.jpg 1024w, https:\/\/www.ecoitaliano.com.ar\/wp-content\/uploads\/2022\/06\/Raffaele-Romano-150x113.jpg 150w\" sizes=\"(max-width: 1600px) 100vw, 1600px\" \/><\/a><\/p>\n<p>&nbsp;<\/p>\n<p align=\"center\"><span style=\"font-size: x-large;\"><b>LA TEMPESTA PERFETTA<\/b><\/span><\/p>\n<p align=\"center\"><span style=\"font-size: large;\">di <\/span><span style=\"font-size: large;\"><b>Raffaele Romano<\/b><\/span><\/p>\n<p align=\"justify\">\u201c<span style=\"font-size: large;\"><i>Non mi intrometter\u00f2 nelle decisioni della Fed ma affronter\u00f2 il problema della crescita dei prezzi guidando la transizione dell&#8217;economia verso una crescita stabile e costante<\/i><\/span><span style=\"font-size: large;\">\u201d cos\u00ec parl\u00f2 <\/span><span style=\"font-size: large;\"><b>Biden<\/b><\/span><span style=\"font-size: large;\"> lo scorso 31 maggio per il suo piano per combattere l\u2019inflazione ormai al galoppo oltre l\u20198,6% negli <\/span><span style=\"font-size: large;\"><b>Stati Uniti<\/b><\/span><span style=\"font-size: large;\"> e a pi\u00f9 7,3% in <\/span><span style=\"font-size: large;\"><b>Unione Europea<\/b><\/span><span style=\"font-size: large;\">. <\/span><\/p>\n<p align=\"justify\"><span style=\"font-size: large;\">E continuando: \u201c<\/span><span style=\"font-size: large;\"><i>Nel gennaio 2021, quando sono entrato in carica, la ripresa si era bloccata e il Covid era fuori controllo. In meno di un anno e mezzo, i piani economici e di vaccinazione della mia amministrazione hanno contribuito a realizzare la ripresa pi\u00f9 robusta della storia moderna. Il mercato del lavoro \u00e8 il pi\u00f9 forte dal secondo dopoguerra, con 8,3 milioni di nuovi posti di lavoro, il pi\u00f9 rapido calo della disoccupazione mai registrato e milioni di americani che hanno ottenuto un lavoro meglio retribuito.<\/i><\/span><span style=\"font-size: large;\">\u201d <\/span><\/p>\n<p align=\"justify\"><span style=\"font-size: large;\">Tutto vero, ma ora c\u2019\u00e8 di mezzo una guerra che ha rafforzato le spinte rialziste sui prodotti energetici per la verit\u00e0 gi\u00e0 in atto da prima dell\u2019invasione russa e con effetti collaterali provocati dalla pandemia.<\/span><\/p>\n<p align=\"justify\"><span style=\"font-size: large;\">A questo riguardo Il dipartimento del Lavoro ha fissato l&#8217;indice dei prezzi al consumo <\/span><span style=\"font-size: large;\"><b>Core<\/b><\/span><span style=\"font-size: large;\">, quello che pi\u00f9 \u00e8 tenuto in considerazione dalla <\/span><span style=\"font-size: large;\"><b>Federal Reserve<\/b><\/span><span style=\"font-size: large;\"> per le sue scelte inerenti le politiche monetarie. Infatti l\u2019indice in questione \u00e8 salito dello 0,6% mensile e, addirittura, del 6% annuo. I prezzi energetici sono cresciuti oltre il 3,9%, e quelli alimentari dell&#8217;1,2%. <\/span><\/p>\n<p align=\"justify\"><span style=\"font-size: large;\">Il cocktail micidiale l\u2019ha innestato la <\/span><span style=\"font-size: large;\"><b>Lagarde<\/b><\/span><span style=\"font-size: large;\"> che, al botto americano, ha aggiunto il suo con la decisione di fermare il <\/span><span style=\"font-size: large;\"><i>quantitative easing<\/i><\/span><span style=\"font-size: large;\"> nell\u2019acquisto dei titoli pubblici di Stati in difficolt\u00e0 come <\/span><span style=\"font-size: large;\"><b>Portogallo, Spagna, Francia, Italia<\/b><\/span><span style=\"font-size: large;\"> e <\/span><span style=\"font-size: large;\"><b>Grecia<\/b><\/span><span style=\"font-size: large;\"> e, in pi\u00f9, ha anche annunciato la stretta monetaria a luglio e settembre prossimi. <\/span><\/p>\n<p align=\"justify\"><span style=\"font-size: large;\">A quel punto l\u2019innesto sui mercati \u00e8 partito e Wall Street ha inviato il primo segnale <\/span><span style=\"font-size: large;\"><b>l\u20198 giugno<\/b><\/span><span style=\"font-size: large;\"> con un calo <\/span><span style=\"font-size: large;\"><b>-0,86%<\/b><\/span><span style=\"font-size: large;\"> mentre <\/span><span style=\"font-size: large;\"><b>l\u2019S&amp;P500<\/b><\/span><span style=\"font-size: large;\"> chiudeva con un <\/span><span style=\"font-size: large;\"><b>&#8211; 1,08% a 4.116 punti<\/b><\/span><span style=\"font-size: large;\">. Il 9 giugno Il Dow Jones ha registrato una flessione col <\/span><span style=\"font-size: large;\"><b>-1,94% a 32.273<\/b><\/span><span style=\"font-size: large;\"> punti, mentre <\/span><span style=\"font-size: large;\"><b>l\u2019S&amp;P500 <\/b><\/span><span style=\"font-size: large;\">ha chiuso in calo col Dow Jones ha registrato un <\/span><span style=\"font-size: large;\"><b>-1,94% a 32.273 punti<\/b><\/span><span style=\"font-size: large;\">, mentre <\/span><span style=\"font-size: large;\"><b>l\u2019S&amp;P500<\/b><\/span><span style=\"font-size: large;\"> ha chiuso in calo col <\/span><span style=\"font-size: large;\"><b>-2,38% a 4.018 punti<\/b><\/span><span style=\"font-size: large;\">. <\/span><\/p>\n<p align=\"justify\"><span style=\"font-size: large;\">Performance peggiore per il Nasdaq a <\/span><span style=\"font-size: large;\"><b>-2,75% a 11.754 punti<\/b><\/span><span style=\"font-size: large;\">. Il 10 giugno Il Dow Jones ha perso il <\/span><span style=\"font-size: large;\"><b>2,73% a 31.393<\/b><\/span><span style=\"font-size: large;\"> punti, mentre <\/span><span style=\"font-size: large;\"><b>l\u2019S&amp;P500 ha ceduto il 2,91% a 3.901 punti<\/b><\/span><span style=\"font-size: large;\">. Peggio di tutti il Nasdaq con un <\/span><span style=\"font-size: large;\"><b>-3,52% a 11.340 punti<\/b><\/span><span style=\"font-size: large;\">. Infine ieri <\/span><span style=\"font-size: large;\"><b>Dow Jones a &#8211; 2,79%<\/b><\/span><span style=\"font-size: large;\"> e <\/span><span style=\"font-size: large;\"><b>l\u2019S&amp;P500 col -3,88%. <\/b><\/span><\/p>\n<p align=\"justify\"><span style=\"font-size: large;\">Oggi alle 18,00 ora di Roma il <\/span><span style=\"font-size: large;\"><b>Dow Jones<\/b><\/span><span style=\"font-size: large;\"> era a <\/span><span style=\"font-size: large;\"><b>-0,43%<\/b><\/span><span style=\"font-size: large;\"> e il <\/span><span style=\"font-size: large;\"><b>Nasdaq<\/b><\/span><span style=\"font-size: large;\"> a <\/span><span style=\"font-size: large;\"><b>+ 0,36%<\/b><\/span><span style=\"font-size: large;\"> entrambi in fase interlocutoria dopo le fortissime perdite dei giorni precedenti ed in attesa del discorso di Biden oggi e della Fed domani. <\/span><span style=\"font-size: large;\"><b>L\u2019Associated Press<\/b><\/span><span style=\"font-size: large;\"> cos\u00ec ha descritto la situazione odierna: \u201c<\/span><span style=\"font-size: large;\"><i>Wall Street vacilla oggi marted\u00ec nel suo primo scambio dopo essere caduto in un mercato ribassista a causa delle preoccupazioni che l&#8217;inflazione elevata spinger\u00e0 le banche centrali a frenare troppo l&#8217;economia<\/i><\/span><span style=\"font-size: large;\">.\u201d<\/span><\/p>\n<p align=\"justify\"><span style=\"font-size: large;\">E Biden quest\u2019oggi stringe legami sempre pi\u00f9 forti con il lavoro organizzato con la visita ufficiale alla Convenzione <\/span><span style=\"font-size: large;\"><b>AFL-CIO<\/b><\/span><span style=\"font-size: large;\"> a Filadelfia. In questo modo cerca di migliorare i suoi indici di gradimento che hanno subito un duro colpo negli ultimi tempi. Biden parler\u00e0 alla Convenzione AFL-CIO, che si tiene ogni quattro anni, e dove i leader sindacali tracciano la loro strategia. <\/span><\/p>\n<p align=\"justify\"><span style=\"font-size: large;\">La Federazione del lavoro \u00e8 composta da 57 sindacati affiliati e 12,5 milioni di lavoratori ed \u00e8 guidata da <\/span><span style=\"font-size: large;\"><b>Liz Shuler<\/b><\/span><span style=\"font-size: large;\">, la prima presidente donna della federazione, che ha sostituito il leader sindacale di lunga data <\/span><span style=\"font-size: large;\"><b>Richard Trumka<\/b><\/span><span style=\"font-size: large;\">, morto l&#8217;anno scorso. Recentemente, Biden ha incontrato una nuova generazione di organizzatori sindacali alla Casa Bianca, ha comunicato alle principali aziende che la loro forza lavoro avrebbe cercato di unirsi al sindacato con il suo sostegno e ha sostenuto una spinta a Capitol Hill che consente al personale del Congresso di unirsi al sindacato. Va ricordato che l\u2019appoggio dei sindacati fu determinante per la sua vittoria negli Stati chiave in oscillazione nelle elezioni del 2020.<\/span><\/p>\n<p align=\"justify\"><span style=\"font-size: large;\">Quest\u2019oggi a Filadelfia Biden si trova di fronte una miscela esplosiva: un\u2019altissima inflazione, un costo del denaro cresciuto e che, verosimilmente, crescer\u00e0 ancor pi\u00f9 per tutto l\u2019anno e che provocher\u00e0 un conseguente aumento degli interessi per il debito pubblico americano. Senza dimenticare la molto probabile frenata dei consumi e degli investimenti, che potrebbero provocare una buona dose di affanno in diverse aziende, una probabile flessione nei posti di lavoro e le famiglie USA in difficolt\u00e0. <\/span><\/p>\n<p align=\"justify\"><span style=\"font-size: large;\">Pi\u00f9 che del discorso a Filadelfia il presidente Biden attender\u00e0, come ha ricordato a maggio, senza interferire le decisione della Fed di domani e, solo allora, decider\u00e0 di mettere mano ad un eventuale piano contro questa tempesta perfetta che si sta addensando sugli Stati Uniti, ma che avr\u00e0 effetti ancor peggiori in Europa e nell\u2019intero occidente. <\/span><\/p>\n<p align=\"justify\"><strong><em>Tutte l\u2019opinioni versati nel sito, correspondono solo a chi la manifesta. Non e necessariamente l\u2019opinione della Direzione.<\/em><\/strong><\/p>\n","protected":false},"excerpt":{"rendered":"<p>&nbsp; LA TEMPESTA PERFETTA di Raffaele Romano \u201cNon mi intrometter\u00f2 nelle decisioni della Fed ma affronter\u00f2 il problema della crescita [&hellip;]<\/p>\n","protected":false},"author":1,"featured_media":0,"comment_status":"open","ping_status":"open","sticky":false,"template":"","format":"standard","meta":{"footnotes":""},"categories":[10,35],"tags":[],"class_list":["post-24022","post","type-post","status-publish","format-standard","hentry","category-italiano","category-opiniones"],"_links":{"self":[{"href":"https:\/\/www.ecoitaliano.com.ar\/index.php?rest_route=\/wp\/v2\/posts\/24022","targetHints":{"allow":["GET"]}}],"collection":[{"href":"https:\/\/www.ecoitaliano.com.ar\/index.php?rest_route=\/wp\/v2\/posts"}],"about":[{"href":"https:\/\/www.ecoitaliano.com.ar\/index.php?rest_route=\/wp\/v2\/types\/post"}],"author":[{"embeddable":true,"href":"https:\/\/www.ecoitaliano.com.ar\/index.php?rest_route=\/wp\/v2\/users\/1"}],"replies":[{"embeddable":true,"href":"https:\/\/www.ecoitaliano.com.ar\/index.php?rest_route=%2Fwp%2Fv2%2Fcomments&post=24022"}],"version-history":[{"count":0,"href":"https:\/\/www.ecoitaliano.com.ar\/index.php?rest_route=\/wp\/v2\/posts\/24022\/revisions"}],"wp:attachment":[{"href":"https:\/\/www.ecoitaliano.com.ar\/index.php?rest_route=%2Fwp%2Fv2%2Fmedia&parent=24022"}],"wp:term":[{"taxonomy":"category","embeddable":true,"href":"https:\/\/www.ecoitaliano.com.ar\/index.php?rest_route=%2Fwp%2Fv2%2Fcategories&post=24022"},{"taxonomy":"post_tag","embeddable":true,"href":"https:\/\/www.ecoitaliano.com.ar\/index.php?rest_route=%2Fwp%2Fv2%2Ftags&post=24022"}],"curies":[{"name":"wp","href":"https:\/\/api.w.org\/{rel}","templated":true}]}}