{"id":24025,"date":"2022-06-16T00:06:11","date_gmt":"2022-06-16T00:06:11","guid":{"rendered":"http:\/\/www.ecoitaliano.com.ar\/?p=24025"},"modified":"2022-06-16T00:06:11","modified_gmt":"2022-06-16T00:06:11","slug":"serena-conduce-operaclassica-eco-italiano-1564","status":"publish","type":"post","link":"https:\/\/www.ecoitaliano.com.ar\/?p=24025","title":{"rendered":"Serena conduce operaclassica eco italiano"},"content":{"rendered":"<p><a href=\"http:\/\/www.ecoitaliano.com.ar\/wp-content\/uploads\/2022\/06\/image001.png\"><img decoding=\"async\" class=\"alignnone size-full wp-image-24026\" src=\"http:\/\/www.ecoitaliano.com.ar\/wp-content\/uploads\/2022\/06\/image001.png\" alt=\"\" width=\"343\" height=\"46\" srcset=\"https:\/\/www.ecoitaliano.com.ar\/wp-content\/uploads\/2022\/06\/image001.png 343w, https:\/\/www.ecoitaliano.com.ar\/wp-content\/uploads\/2022\/06\/image001-300x40.png 300w, https:\/\/www.ecoitaliano.com.ar\/wp-content\/uploads\/2022\/06\/image001-150x20.png 150w\" sizes=\"(max-width: 343px) 100vw, 343px\" \/><\/a><\/p>\n<p style=\"font-weight: 400;\"><strong>COMUNICATO STAMPA<\/strong><\/p>\n<p style=\"font-weight: 400;\"><strong><br \/>\nFESTIVAL DEL MAGGIO MUSICALE FIORENTINO<\/strong><\/p>\n<p style=\"font-weight: 400;\"><strong>\u00a0<\/strong><\/p>\n<p style=\"font-weight: 400;\"><strong>Spostate a fine giugno le ultime due recite di\u00a0<em>Ariadne auf Naxos<\/em>\u00a0al Teatro della Pergola<\/strong><\/p>\n<p style=\"font-weight: 400;\"><strong>Il concerto sinfonico del 17 giugno verr\u00e0 diretto dal maestro Jukka-Pekka Saraste<\/strong><\/p>\n<p style=\"font-weight: 400;\"><strong>I cambiamenti resi necessari dalla riscontrata positivit\u00e0 al Covid del maestro Daniele Gatti<\/strong><\/p>\n<p style=\"font-weight: 400;\">\n<p><em>Firenze 15 giugno 2022<\/em>\u00a0&#8211; Il Teatro del Maggio informa il pubblico che essendo stata riscontrata la positivit\u00e0 al Covid al maestro Daniele Gatti, si sono modificati i suoi pi\u00f9 prossimi impegni nel corso del Festival del Maggio. Di conseguenza le due recite di\u00a0<em>Ariadne auf Naxos<\/em>\u00a0con la sua direzione previste il\u00a0<u>16 giugno alle ore 20 e il 18 giugno alle ore 18<\/u>, vengono spostate al\u00a0<strong>27 giugno (ore 20)<\/strong>\u00a0e\u00a0<strong>29 giugno (ore 18)\u00a0<\/strong>sempre al Teatro della Pergola. \u00a0Resta confermato il medesimo cast a suo tempo previsto per la prima rappresentazione del 7 giugno, con Jessica Pratt che finalmente riveste il ruolo di Zerbinetta.<\/p>\n<p style=\"font-weight: 400;\">\n<p style=\"font-weight: 400;\">Il concerto sinfonico che il maestro Gatti aveva in programma per il 17 giugno verr\u00e0 mantenuto grazie alla disponibilit\u00e0 del maestro Jukka-Pekka Saraste che lo sostituir\u00e0 sul podio e che manterr\u00e0 il medesimo programma. Il maestro Saraste era gi\u00e0 stato ospite del Maggio per un concerto sinfonico nel febbraio 2005. Il Teatro augura al proprio direttore principale una rapida remissione e ringrazia il maestro Saraste per la sua \u00a0disponibilit\u00e0.<\/p>\n<p style=\"font-weight: 400;\">\n<p style=\"font-weight: 400;\">Il concerto sinfonico del 30 giugno diretto dal maestro Gatti \u00e8 confermato.<\/p>\n<p style=\"font-weight: 400;\">\n<p style=\"font-weight: 400;\">Il Teatro del Maggio, scusandosi per i possibili disagi derivanti da questi inattesi cambiamenti, \u00a0fornir\u00e0 a breve al pubblico tutte le informazioni necessarie per l\u2019accesso al Teatro della Pergola, per l\u2019eventuale cambio data o le modalit\u00e0 di rimborso.<\/p>\n<p style=\"font-weight: 400;\"><strong>Paolo Klun<\/strong><\/p>\n<p style=\"font-weight: 400;\"><em>Responsabile<\/em><\/p>\n<p style=\"font-weight: 400;\"><em>Ufficio Stampa &amp; Media- Comunicazione<\/em><\/p>\n<p style=\"font-weight: 400;\">Maggio Musicale Fiorentino<\/p>\n<p style=\"font-weight: 400;\">Piazza Vittorio Gui 1\u00a0 &#8211; 50123 Firenze<\/p>\n<p style=\"font-weight: 400;\">tel. + 39 055 2779.251<\/p>\n<p style=\"font-weight: 400;\"><a href=\"http:\/\/www.maggiofiorentino.com\/\">www.maggiofiorentino.com<\/a><\/p>\n<p style=\"font-weight: 400;\">\n","protected":false},"excerpt":{"rendered":"<p>COMUNICATO STAMPA FESTIVAL DEL MAGGIO MUSICALE FIORENTINO \u00a0 Spostate a fine giugno le ultime due recite di\u00a0Ariadne auf Naxos\u00a0al Teatro [&hellip;]<\/p>\n","protected":false},"author":1,"featured_media":0,"comment_status":"open","ping_status":"open","sticky":false,"template":"","format":"standard","meta":{"footnotes":""},"categories":[1],"tags":[],"class_list":["post-24025","post","type-post","status-publish","format-standard","hentry","category-sin-categoria"],"_links":{"self":[{"href":"https:\/\/www.ecoitaliano.com.ar\/index.php?rest_route=\/wp\/v2\/posts\/24025","targetHints":{"allow":["GET"]}}],"collection":[{"href":"https:\/\/www.ecoitaliano.com.ar\/index.php?rest_route=\/wp\/v2\/posts"}],"about":[{"href":"https:\/\/www.ecoitaliano.com.ar\/index.php?rest_route=\/wp\/v2\/types\/post"}],"author":[{"embeddable":true,"href":"https:\/\/www.ecoitaliano.com.ar\/index.php?rest_route=\/wp\/v2\/users\/1"}],"replies":[{"embeddable":true,"href":"https:\/\/www.ecoitaliano.com.ar\/index.php?rest_route=%2Fwp%2Fv2%2Fcomments&post=24025"}],"version-history":[{"count":0,"href":"https:\/\/www.ecoitaliano.com.ar\/index.php?rest_route=\/wp\/v2\/posts\/24025\/revisions"}],"wp:attachment":[{"href":"https:\/\/www.ecoitaliano.com.ar\/index.php?rest_route=%2Fwp%2Fv2%2Fmedia&parent=24025"}],"wp:term":[{"taxonomy":"category","embeddable":true,"href":"https:\/\/www.ecoitaliano.com.ar\/index.php?rest_route=%2Fwp%2Fv2%2Fcategories&post=24025"},{"taxonomy":"post_tag","embeddable":true,"href":"https:\/\/www.ecoitaliano.com.ar\/index.php?rest_route=%2Fwp%2Fv2%2Ftags&post=24025"}],"curies":[{"name":"wp","href":"https:\/\/api.w.org\/{rel}","templated":true}]}}