{"id":24032,"date":"2022-06-16T01:37:46","date_gmt":"2022-06-16T01:37:46","guid":{"rendered":"http:\/\/www.ecoitaliano.com.ar\/?p=24032"},"modified":"2022-06-16T01:37:46","modified_gmt":"2022-06-16T01:37:46","slug":"serena-conduce-operaclassica-eco-italiano-1566","status":"publish","type":"post","link":"https:\/\/www.ecoitaliano.com.ar\/?p=24032","title":{"rendered":"Serena conduce operaclassica eco italiano"},"content":{"rendered":"<p>&nbsp;<\/p>\n<p><a href=\"http:\/\/www.ecoitaliano.com.ar\/wp-content\/uploads\/2022\/04\/logo_teatro_lr.jpg\"><img decoding=\"async\" class=\"wp-image-22243 aligncenter\" src=\"http:\/\/www.ecoitaliano.com.ar\/wp-content\/uploads\/2022\/04\/logo_teatro_lr.jpg\" alt=\"\" width=\"304\" height=\"235\" srcset=\"https:\/\/www.ecoitaliano.com.ar\/wp-content\/uploads\/2022\/04\/logo_teatro_lr.jpg 666w, https:\/\/www.ecoitaliano.com.ar\/wp-content\/uploads\/2022\/04\/logo_teatro_lr-300x232.jpg 300w, https:\/\/www.ecoitaliano.com.ar\/wp-content\/uploads\/2022\/04\/logo_teatro_lr-150x116.jpg 150w, https:\/\/www.ecoitaliano.com.ar\/wp-content\/uploads\/2022\/04\/logo_teatro_lr-400x311.jpg 400w\" sizes=\"(max-width: 304px) 100vw, 304px\" \/><\/a><\/p>\n<p><strong>COMUNICATO STAMPA<br \/>\n<\/strong>Modena, 13 giugno 2022<\/p>\n<p><strong>Inviamo le informazioni relative alle iniziative presentatate ieri in conferenza stampa<\/p>\n<p>ESTATE 2022: I NUOVI APPUNTAMENTI<br \/>\n<\/strong><em>Dal 7 luglio al 5 agosto i cartelloni del Teatro Comunale con concerti, danza e lirica da godere nelle sere d\u2019estate. Novit\u00e0: una rassegna in Appennino fra Montecreto, Sestola, Fanano e il nuovo progetto europeo dedicato a J.S. Bach.<\/em><\/p>\n<p>Prosegue, dopo il successo dello scorso anno, l\u2019attivit\u00e0 estiva della Fondazione Teatro Comunale di Modena con due rassegne,\u00a0<em>Musiche sotto il cielo<\/em>\u00a0e\u00a0<em>Musiche ad alta quota<\/em>, che si svolgeranno fra luglio e agosto 2022. Undici spettacoli fra lirica, classica, crossover e danza che raggiungeranno un pubblico di ogni et\u00e0 nelle serate estive fuori dalla sala del Teatro Pavarotti-Freni.\u00a0<em>Musiche sotto il cielo<\/em>\u00a0si terr\u00e0 infatti, fra il 7 e 28 luglio, nell\u2019accogliente cortile del Melograno, sede dell\u2019Istituto Venturi in via dei Servi, in pieno centro a Modena, mentre\u00a0<em>Musiche ad alta quota<\/em>\u00a0si svolger\u00e0 fra il 30 luglio e il 5 agosto nei paesi di Sestola, Montecreto e Fanano.<\/p>\n<p>Il concerto\u00a0<strong><em>Musiche dall\u2019Armenia<\/em><\/strong>\u00a0aprir\u00e0 la rassegna al Venturi gioved\u00ec 7 luglio con il quintetto di\u00a0<strong>Gevorg Dabaghyan<\/strong>, massimo esecutore di \u2018duduk\u2019, strumento emblematico della musica popolare armena, e applaudito a fianco di musicisti come Gidon Kremer, Jan Garbarek e Yo-Yo Ma. Questo appuntamento, come anche quelli del 17 e 21 luglio proseguono l\u2019Altro Suono festival, dedicato quest\u2019anno al tema delle \u2018musiche migranti\u2019. Il 17 si ascolter\u00e0 quindi\u00a0<strong><em>Encuentros<\/em><\/strong>\u00a0di\u00a0<strong>Jamal Ouassini con Ensemble Med<\/strong>, spettacolo coinvolgente dedicato al Mediterraneo e alla sua ricchezza culturale in un percorso artistico che spazia dal Maghreb alla Grecia, dal Libano all\u2019Andalusia con ospite d\u2019eccezione il violinista ucraino Igor Polesitsky. Il 21 sar\u00e0 di scena il gruppo\u00a0<strong>Willos\u2019<em>\u00a0<\/em><\/strong>con<strong><em>\u00a0Danze, ballate e canzoni dalle brughiere d\u2019Irlanda<\/em><\/strong>, spettacolo scritto e diretto dalla violinista Stephanie Martin che propone canzoni, parole e musiche dell\u2019Ulster. In data 10 luglio si assister\u00e0 al \u2018concerto reading\u2019\u00a0<strong><em>L\u2019affare Vivaldi<\/em><\/strong>\u00a0con\u00a0<strong>l\u2019Ensemble Modo Antiquo guidato da Federico Maria Sardelli<\/strong>, una celebrit\u00e0 protagonista della rinascita del teatro musicale vivaldiano, eclettico direttore d\u2019orchestra e autore dell\u2019omonimo romanzo edito da Sellerio e vincitore nel 2015 del Premio Comisso.\u00a0<strong><em>Amarcord d\u2019un Tango<\/em><\/strong>, previsto per il 14 luglio, \u00e8 un programma, uscito anche in disco per Chandos Records, che unisce musica sacra e profana, folk e tango eseguito dal sassofonista\u00a0<strong>Marco Albonetti<\/strong>\u00a0e da\u00a0<strong>Daniele Di Bonaventura<\/strong>\u00a0al bandoneon con l\u2019<strong>Ensemble dell\u2019Orchestra Filarmonica Italiana<\/strong>. Sempre sul confine fra classico e popolare si ascolter\u00e0\u00a0<strong><em>Echi di Napoli, dall\u2019aria d\u2019opera alla canzone napoletana<\/em><\/strong>, un progetto presentato dall\u2019<strong>Orchestra Scarlatti Young<\/strong>, storica compagine partenopea, con\u00a0<strong>Giusy Lo Sapio<\/strong>\u00a0alla voce e tammorre, il soprano\u00a0<strong>Naomi Rivieccio<\/strong>\u00a0e il clarinetto di\u00a0<strong>Gaetano Russo<\/strong>. La manifestazione si concluder\u00e0 il 28 luglio con un concerto dell\u2019<strong>Orchestra da camera di Kharkiv<\/strong>\u00a0insieme alla giovane violinista\u00a0<strong>Anastasiya Petryshak<\/strong>, nominata \u201cPersonalit\u00e0 Europea nel Campo della Musica Classica\u201d e da dieci anni collaboratrice al fianco del tenore Andrea Bocelli. In un momento tragico per la citt\u00e0 di Kharkiv e per la nazione ucraina, questo ensemble tutto al femminile ha trovato la forza e la passione per una serie di concerti che stanno attraversando l\u2019Italia portando insieme alla musica un\u2019occasione di pace e di ricostruzione. Quale attivit\u00e0 fuori programma nel cortile del Melograno si segnala inoltre, il 13 luglio alle 21,\u00a0<strong>Scene D&#8217;opera<\/strong>,<strong>\u00a0<\/strong>un appuntamento, a ingresso libero, con gli allievi di canto dell&#8217;Istituto Superiore di Studi Musicali Vecchi-Tonelli. Lo spettacolo mette in scena un collage di scene tratte da opere celebri di Verdi, Mozart, Bernstein, Puccini e Rossini.<\/p>\n<p>Saranno quattro gli appuntamenti di\u00a0<em>Musiche ad Alta quota<\/em>, nuova iniziativa che si svolger\u00e0 in piccoli centri di villeggiatura estiva del nostro appennino, presentata nel contesto del festival Teatri del Cimone e in collaborazione con \u010cajka Teatro. La manifestazione si aprir\u00e0 il 30 luglio con un\u00a0<strong><em>Trekking musicale<\/em>\u00a0nei boschi di Montecreto<\/strong>, un appuntamento di particolare rilievo perch\u00e9 costituisce il primo evento del nuovo progetto Creative Europe dedicato a J.S. Bach che il Teatro Comunale di Modena realizza a fianco di Notenspur Leipzig (Percorsi musicali di Lipsia) e all\u2019orchestra barocca Le Concert de l\u2019Hostel Dieu, con sede a Lione. Nella medesima giornata, le tre istituzioni realizzeranno, ognuna nel proprio Paese, analoghi eventi per la serie \u201cMusica nel verde o in luoghi inusuali\u201d. Il 2 agosto alla Rocca di Sestola andr\u00e0 in scena\u00a0<strong><em>Nub\u00ecvago<\/em><\/strong>, spettacolo con tre coreografie contemporanee interpretate da\u00a0<strong>Equilibrio Dinamico<\/strong>, compagnia di spicco del teatro danza italiano diretta da Roberta Ferrara. Il 3 agosto in Piazza Corsini a Fanano e il 4 al Parco dei Castagni di Montecreto si vedr\u00e0\u00a0<strong><em>Capuleti e Montecchi<\/em><\/strong>, azione scenico-musicale dall\u2019opera di Vincenzo Bellini con dialoghi parlati alternati a una riduzione dei principali numeri musicali in versione cameristica. Lo spettacolo, curato da Riccardo Palmieri per la parte scenica e da Francesca Pivetta per quella musicale, \u00e8 una\u00a0<strong>produzione originale che vedr\u00e0 in scena gli attori della compagnia del \u010cajka Teatro a fianco dei cantanti allievi del Teatro Comunale<\/strong>. Il cartellone si concluder\u00e0 il 5 agosto al Parco dei Castagni di Montecreto con\u00a0<strong><em>People<\/em><\/strong>\u00a0di\u00a0<strong>DaCru Dance Company<\/strong>, fra le pi\u00f9 note compagnie italiane diretta da Marisa Ragazzo e Omid Ighani, coreografi dello spettacolo.<\/p>\n<p>&nbsp;<\/p>\n<p><strong>INFORMAZIONI<br \/>\n<\/strong>&#8211;\u00a0\u00a0<strong>Musiche sotto il cielo<br \/>\n<\/strong>Cortile del Melograno, via dei Servi 21.<br \/>\ninizio spettacoli ore 21<br \/>\nbiglietti in vendita dal 14 giugno.<br \/>\nPrezzo intero 15 euro. Ridotto (under 27 e over 65) 10 euro<\/p>\n<p>Orari Biglietteria<br \/>\nApertura sportello Corso Canalgrande 85:<br \/>\nmarted\u00ec &#8211; mercoled\u00ec &#8211; gioved\u00ec &#8211; venerd\u00ec dalle ore 16 alle ore 19;<br \/>\nsabato dalle ore 10 alle ore 13.30.<br \/>\nBiglietteria telefonica<br \/>\nTelefono 059 203 3010:<br \/>\ndal luned\u00ec al venerd\u00ec dalle ore 10.30 alle ore 13.30<\/p>\n<p>&#8211;\u00a0\u00a0<strong>Musiche ad alta quota<br \/>\n<\/strong>Biglietti 1 euro, salvo il Trekking musicale che sar\u00e0 gratuito su prenotazione.<br \/>\nFESTIVAL TEATRI DEL CIMONE<br \/>\ninformazioni e biglietti<br \/>\n<a class=\"mailto-link\" href=\"mailto:cajkateatro@gmail.com\" target=\"_blank\" rel=\"noopener\">cajkateatro@gmail.com<\/a><br \/>\n345.0851765<\/p>\n<p><strong>\u00a0qui il dettaglio degli appuntamenti.\u00a0https:\/\/teatrocomunalemodena.it\/spettacoli\/category\/estate-2022\/<\/strong><\/p>\n<p>Info\u00a0<a href=\"https:\/\/teatrocomunalemodena.voxmail.it\/nl\/pvop7w\/zu47xf\/j3iiyxi\/uf\/3\/aHR0cDovL3d3dy50ZWF0cm9jb211bmFsZW1vZGVuYS5pdA?_d=75D&amp;_c=2560d300\" target=\"_blank\" rel=\"noopener\">www.teatrocomunalemodena.it<\/a>.<\/p>\n<p>Cordiali saluti e grazie,<\/p>\n<p>Alessandro Roveri<br \/>\nUfficio Stampa<br \/>\nFondazione Teatro Comunale di Modena<br \/>\n<a href=\"http:\/\/www.teatrocomunalemodena.it\/\" target=\"_blank\" rel=\"noopener\">www.teatrocomunalemodena.it<\/a><br \/>\nVia del Teatro 8, 41121 Modena<br \/>\n<a class=\"mailto-link\" href=\"mailto:aroveri@teatrocomunalemodena.it\" target=\"_blank\" rel=\"noopener\">aroveri@teatrocomunalemodena.it<\/a><\/p>\n<p><a href=\"http:\/\/www.ecoitaliano.com.ar\/wp-content\/uploads\/2022\/06\/Amarcord-dun-Tango.jpg\"><img decoding=\"async\" class=\"alignnone size-full wp-image-24033\" src=\"http:\/\/www.ecoitaliano.com.ar\/wp-content\/uploads\/2022\/06\/Amarcord-dun-Tango.jpg\" alt=\"\" width=\"6763\" height=\"3279\" srcset=\"https:\/\/www.ecoitaliano.com.ar\/wp-content\/uploads\/2022\/06\/Amarcord-dun-Tango.jpg 6763w, https:\/\/www.ecoitaliano.com.ar\/wp-content\/uploads\/2022\/06\/Amarcord-dun-Tango-300x145.jpg 300w, https:\/\/www.ecoitaliano.com.ar\/wp-content\/uploads\/2022\/06\/Amarcord-dun-Tango-768x372.jpg 768w, https:\/\/www.ecoitaliano.com.ar\/wp-content\/uploads\/2022\/06\/Amarcord-dun-Tango-1024x496.jpg 1024w, https:\/\/www.ecoitaliano.com.ar\/wp-content\/uploads\/2022\/06\/Amarcord-dun-Tango-150x73.jpg 150w\" sizes=\"(max-width: 6763px) 100vw, 6763px\" \/><\/a><a href=\"http:\/\/www.ecoitaliano.com.ar\/wp-content\/uploads\/2022\/06\/Anastasiya-Petryshak.jpeg\"><img decoding=\"async\" class=\"alignnone size-full wp-image-24034\" src=\"http:\/\/www.ecoitaliano.com.ar\/wp-content\/uploads\/2022\/06\/Anastasiya-Petryshak.jpeg\" alt=\"\" width=\"853\" height=\"1280\" srcset=\"https:\/\/www.ecoitaliano.com.ar\/wp-content\/uploads\/2022\/06\/Anastasiya-Petryshak.jpeg 853w, https:\/\/www.ecoitaliano.com.ar\/wp-content\/uploads\/2022\/06\/Anastasiya-Petryshak-200x300.jpeg 200w, https:\/\/www.ecoitaliano.com.ar\/wp-content\/uploads\/2022\/06\/Anastasiya-Petryshak-768x1152.jpeg 768w, https:\/\/www.ecoitaliano.com.ar\/wp-content\/uploads\/2022\/06\/Anastasiya-Petryshak-682x1024.jpeg 682w, https:\/\/www.ecoitaliano.com.ar\/wp-content\/uploads\/2022\/06\/Anastasiya-Petryshak-100x150.jpeg 100w\" sizes=\"(max-width: 853px) 100vw, 853px\" \/><\/a><a href=\"http:\/\/www.ecoitaliano.com.ar\/wp-content\/uploads\/2022\/06\/Anastasiya-Petryshak1.jpg\"><img decoding=\"async\" class=\"alignnone size-full wp-image-24035\" src=\"http:\/\/www.ecoitaliano.com.ar\/wp-content\/uploads\/2022\/06\/Anastasiya-Petryshak1.jpg\" alt=\"\" width=\"1200\" height=\"861\" srcset=\"https:\/\/www.ecoitaliano.com.ar\/wp-content\/uploads\/2022\/06\/Anastasiya-Petryshak1.jpg 1200w, https:\/\/www.ecoitaliano.com.ar\/wp-content\/uploads\/2022\/06\/Anastasiya-Petryshak1-300x215.jpg 300w, https:\/\/www.ecoitaliano.com.ar\/wp-content\/uploads\/2022\/06\/Anastasiya-Petryshak1-768x551.jpg 768w, https:\/\/www.ecoitaliano.com.ar\/wp-content\/uploads\/2022\/06\/Anastasiya-Petryshak1-1024x735.jpg 1024w, https:\/\/www.ecoitaliano.com.ar\/wp-content\/uploads\/2022\/06\/Anastasiya-Petryshak1-150x108.jpg 150w\" sizes=\"(max-width: 1200px) 100vw, 1200px\" \/><\/a><a href=\"http:\/\/www.ecoitaliano.com.ar\/wp-content\/uploads\/2022\/06\/Capuleti-Montecchi.jpg\"><img decoding=\"async\" class=\"alignnone size-full wp-image-24036\" src=\"http:\/\/www.ecoitaliano.com.ar\/wp-content\/uploads\/2022\/06\/Capuleti-Montecchi.jpg\" alt=\"\" width=\"1380\" height=\"920\" srcset=\"https:\/\/www.ecoitaliano.com.ar\/wp-content\/uploads\/2022\/06\/Capuleti-Montecchi.jpg 1380w, https:\/\/www.ecoitaliano.com.ar\/wp-content\/uploads\/2022\/06\/Capuleti-Montecchi-300x200.jpg 300w, https:\/\/www.ecoitaliano.com.ar\/wp-content\/uploads\/2022\/06\/Capuleti-Montecchi-768x512.jpg 768w, https:\/\/www.ecoitaliano.com.ar\/wp-content\/uploads\/2022\/06\/Capuleti-Montecchi-1024x683.jpg 1024w, https:\/\/www.ecoitaliano.com.ar\/wp-content\/uploads\/2022\/06\/Capuleti-Montecchi-150x100.jpg 150w\" sizes=\"(max-width: 1380px) 100vw, 1380px\" \/><\/a><a href=\"http:\/\/www.ecoitaliano.com.ar\/wp-content\/uploads\/2022\/06\/Da-Cru-Dance-Company.jpg\"><img decoding=\"async\" class=\"alignnone size-full wp-image-24037\" src=\"http:\/\/www.ecoitaliano.com.ar\/wp-content\/uploads\/2022\/06\/Da-Cru-Dance-Company.jpg\" alt=\"\" width=\"1920\" height=\"1019\" srcset=\"https:\/\/www.ecoitaliano.com.ar\/wp-content\/uploads\/2022\/06\/Da-Cru-Dance-Company.jpg 1920w, https:\/\/www.ecoitaliano.com.ar\/wp-content\/uploads\/2022\/06\/Da-Cru-Dance-Company-300x159.jpg 300w, https:\/\/www.ecoitaliano.com.ar\/wp-content\/uploads\/2022\/06\/Da-Cru-Dance-Company-768x408.jpg 768w, https:\/\/www.ecoitaliano.com.ar\/wp-content\/uploads\/2022\/06\/Da-Cru-Dance-Company-1024x543.jpg 1024w, https:\/\/www.ecoitaliano.com.ar\/wp-content\/uploads\/2022\/06\/Da-Cru-Dance-Company-150x80.jpg 150w\" sizes=\"(max-width: 1920px) 100vw, 1920px\" \/><\/a><a href=\"http:\/\/www.ecoitaliano.com.ar\/wp-content\/uploads\/2022\/06\/Equilibrio-Dinamico.jpg\"><img decoding=\"async\" class=\"alignnone size-full wp-image-24038\" src=\"http:\/\/www.ecoitaliano.com.ar\/wp-content\/uploads\/2022\/06\/Equilibrio-Dinamico.jpg\" alt=\"\" width=\"5692\" height=\"3795\" srcset=\"https:\/\/www.ecoitaliano.com.ar\/wp-content\/uploads\/2022\/06\/Equilibrio-Dinamico.jpg 5692w, https:\/\/www.ecoitaliano.com.ar\/wp-content\/uploads\/2022\/06\/Equilibrio-Dinamico-300x200.jpg 300w, https:\/\/www.ecoitaliano.com.ar\/wp-content\/uploads\/2022\/06\/Equilibrio-Dinamico-768x512.jpg 768w, https:\/\/www.ecoitaliano.com.ar\/wp-content\/uploads\/2022\/06\/Equilibrio-Dinamico-1024x683.jpg 1024w, https:\/\/www.ecoitaliano.com.ar\/wp-content\/uploads\/2022\/06\/Equilibrio-Dinamico-150x100.jpg 150w\" sizes=\"(max-width: 5692px) 100vw, 5692px\" \/><\/a><a href=\"http:\/\/www.ecoitaliano.com.ar\/wp-content\/uploads\/2022\/06\/Gevorg-Dabaghyan.jpg\"><img decoding=\"async\" class=\"alignnone size-full wp-image-24039\" src=\"http:\/\/www.ecoitaliano.com.ar\/wp-content\/uploads\/2022\/06\/Gevorg-Dabaghyan.jpg\" alt=\"\" width=\"6720\" height=\"4480\" srcset=\"https:\/\/www.ecoitaliano.com.ar\/wp-content\/uploads\/2022\/06\/Gevorg-Dabaghyan.jpg 6720w, https:\/\/www.ecoitaliano.com.ar\/wp-content\/uploads\/2022\/06\/Gevorg-Dabaghyan-300x200.jpg 300w, https:\/\/www.ecoitaliano.com.ar\/wp-content\/uploads\/2022\/06\/Gevorg-Dabaghyan-768x512.jpg 768w, https:\/\/www.ecoitaliano.com.ar\/wp-content\/uploads\/2022\/06\/Gevorg-Dabaghyan-1024x683.jpg 1024w, https:\/\/www.ecoitaliano.com.ar\/wp-content\/uploads\/2022\/06\/Gevorg-Dabaghyan-150x100.jpg 150w\" sizes=\"(max-width: 6720px) 100vw, 6720px\" \/><\/a><a href=\"http:\/\/www.ecoitaliano.com.ar\/wp-content\/uploads\/2022\/06\/Jamal-Ouassini.jpg\"><img decoding=\"async\" class=\"alignnone size-full wp-image-24040\" src=\"http:\/\/www.ecoitaliano.com.ar\/wp-content\/uploads\/2022\/06\/Jamal-Ouassini.jpg\" alt=\"\" width=\"2442\" height=\"2048\" srcset=\"https:\/\/www.ecoitaliano.com.ar\/wp-content\/uploads\/2022\/06\/Jamal-Ouassini.jpg 2442w, https:\/\/www.ecoitaliano.com.ar\/wp-content\/uploads\/2022\/06\/Jamal-Ouassini-300x252.jpg 300w, https:\/\/www.ecoitaliano.com.ar\/wp-content\/uploads\/2022\/06\/Jamal-Ouassini-768x644.jpg 768w, https:\/\/www.ecoitaliano.com.ar\/wp-content\/uploads\/2022\/06\/Jamal-Ouassini-1024x859.jpg 1024w, https:\/\/www.ecoitaliano.com.ar\/wp-content\/uploads\/2022\/06\/Jamal-Ouassini-150x126.jpg 150w\" sizes=\"(max-width: 2442px) 100vw, 2442px\" \/><\/a><a href=\"http:\/\/www.ecoitaliano.com.ar\/wp-content\/uploads\/2022\/06\/SardelliModo-Antiquo-seppiaHD.jpg\"><img decoding=\"async\" class=\"alignnone size-full wp-image-24041\" src=\"http:\/\/www.ecoitaliano.com.ar\/wp-content\/uploads\/2022\/06\/SardelliModo-Antiquo-seppiaHD.jpg\" alt=\"\" width=\"3712\" height=\"2487\" srcset=\"https:\/\/www.ecoitaliano.com.ar\/wp-content\/uploads\/2022\/06\/SardelliModo-Antiquo-seppiaHD.jpg 3712w, https:\/\/www.ecoitaliano.com.ar\/wp-content\/uploads\/2022\/06\/SardelliModo-Antiquo-seppiaHD-300x201.jpg 300w, https:\/\/www.ecoitaliano.com.ar\/wp-content\/uploads\/2022\/06\/SardelliModo-Antiquo-seppiaHD-768x515.jpg 768w, https:\/\/www.ecoitaliano.com.ar\/wp-content\/uploads\/2022\/06\/SardelliModo-Antiquo-seppiaHD-1024x686.jpg 1024w, https:\/\/www.ecoitaliano.com.ar\/wp-content\/uploads\/2022\/06\/SardelliModo-Antiquo-seppiaHD-150x100.jpg 150w\" sizes=\"(max-width: 3712px) 100vw, 3712px\" \/><\/a><a href=\"http:\/\/www.ecoitaliano.com.ar\/wp-content\/uploads\/2022\/06\/Scarlatti-Young.jpg\"><img decoding=\"async\" class=\"alignnone size-full wp-image-24042\" src=\"http:\/\/www.ecoitaliano.com.ar\/wp-content\/uploads\/2022\/06\/Scarlatti-Young.jpg\" alt=\"\" width=\"1824\" height=\"1368\" srcset=\"https:\/\/www.ecoitaliano.com.ar\/wp-content\/uploads\/2022\/06\/Scarlatti-Young.jpg 1824w, https:\/\/www.ecoitaliano.com.ar\/wp-content\/uploads\/2022\/06\/Scarlatti-Young-300x225.jpg 300w, https:\/\/www.ecoitaliano.com.ar\/wp-content\/uploads\/2022\/06\/Scarlatti-Young-768x576.jpg 768w, https:\/\/www.ecoitaliano.com.ar\/wp-content\/uploads\/2022\/06\/Scarlatti-Young-1024x768.jpg 1024w, https:\/\/www.ecoitaliano.com.ar\/wp-content\/uploads\/2022\/06\/Scarlatti-Young-150x113.jpg 150w\" sizes=\"(max-width: 1824px) 100vw, 1824px\" \/><\/a><a href=\"http:\/\/www.ecoitaliano.com.ar\/wp-content\/uploads\/2022\/06\/Willos.jpg\"><img decoding=\"async\" class=\"alignnone size-full wp-image-24043\" src=\"http:\/\/www.ecoitaliano.com.ar\/wp-content\/uploads\/2022\/06\/Willos.jpg\" alt=\"\" width=\"3875\" height=\"5812\" srcset=\"https:\/\/www.ecoitaliano.com.ar\/wp-content\/uploads\/2022\/06\/Willos.jpg 3875w, https:\/\/www.ecoitaliano.com.ar\/wp-content\/uploads\/2022\/06\/Willos-200x300.jpg 200w, https:\/\/www.ecoitaliano.com.ar\/wp-content\/uploads\/2022\/06\/Willos-768x1152.jpg 768w, https:\/\/www.ecoitaliano.com.ar\/wp-content\/uploads\/2022\/06\/Willos-683x1024.jpg 683w, https:\/\/www.ecoitaliano.com.ar\/wp-content\/uploads\/2022\/06\/Willos-100x150.jpg 100w\" sizes=\"(max-width: 3875px) 100vw, 3875px\" \/><\/a><\/p>\n","protected":false},"excerpt":{"rendered":"<p>&nbsp; COMUNICATO STAMPA Modena, 13 giugno 2022 Inviamo le informazioni relative alle iniziative presentatate ieri in conferenza stampa ESTATE 2022: [&hellip;]<\/p>\n","protected":false},"author":1,"featured_media":0,"comment_status":"open","ping_status":"open","sticky":false,"template":"","format":"standard","meta":{"footnotes":""},"categories":[1],"tags":[],"class_list":["post-24032","post","type-post","status-publish","format-standard","hentry","category-sin-categoria"],"_links":{"self":[{"href":"https:\/\/www.ecoitaliano.com.ar\/index.php?rest_route=\/wp\/v2\/posts\/24032","targetHints":{"allow":["GET"]}}],"collection":[{"href":"https:\/\/www.ecoitaliano.com.ar\/index.php?rest_route=\/wp\/v2\/posts"}],"about":[{"href":"https:\/\/www.ecoitaliano.com.ar\/index.php?rest_route=\/wp\/v2\/types\/post"}],"author":[{"embeddable":true,"href":"https:\/\/www.ecoitaliano.com.ar\/index.php?rest_route=\/wp\/v2\/users\/1"}],"replies":[{"embeddable":true,"href":"https:\/\/www.ecoitaliano.com.ar\/index.php?rest_route=%2Fwp%2Fv2%2Fcomments&post=24032"}],"version-history":[{"count":0,"href":"https:\/\/www.ecoitaliano.com.ar\/index.php?rest_route=\/wp\/v2\/posts\/24032\/revisions"}],"wp:attachment":[{"href":"https:\/\/www.ecoitaliano.com.ar\/index.php?rest_route=%2Fwp%2Fv2%2Fmedia&parent=24032"}],"wp:term":[{"taxonomy":"category","embeddable":true,"href":"https:\/\/www.ecoitaliano.com.ar\/index.php?rest_route=%2Fwp%2Fv2%2Fcategories&post=24032"},{"taxonomy":"post_tag","embeddable":true,"href":"https:\/\/www.ecoitaliano.com.ar\/index.php?rest_route=%2Fwp%2Fv2%2Ftags&post=24032"}],"curies":[{"name":"wp","href":"https:\/\/api.w.org\/{rel}","templated":true}]}}