{"id":24045,"date":"2022-06-16T02:08:06","date_gmt":"2022-06-16T02:08:06","guid":{"rendered":"http:\/\/www.ecoitaliano.com.ar\/?p=24045"},"modified":"2022-06-16T02:17:13","modified_gmt":"2022-06-16T02:17:13","slug":"serena-conduce-operaclassica-eco-italiano-1567","status":"publish","type":"post","link":"https:\/\/www.ecoitaliano.com.ar\/?p=24045","title":{"rendered":"Serena conduce operaclassica eco italiano"},"content":{"rendered":"<p style=\"text-align: center;\"><a href=\"http:\/\/www.ecoitaliano.com.ar\/wp-content\/uploads\/2022\/06\/image004.png\"><img decoding=\"async\" class=\"alignnone size-full wp-image-24046\" src=\"http:\/\/www.ecoitaliano.com.ar\/wp-content\/uploads\/2022\/06\/image004.png\" alt=\"\" width=\"143\" height=\"89\" \/><\/a><\/p>\n<p>Ufficio Stampa 14\/06\/2022<\/p>\n<p>Venerd\u00ec 17 giugno ore 21.15<br \/>\nArena di Verona<\/p>\n<p>La Carmen definitiva<br \/>\ndi Franco Zeffirelli inaugura il<br \/>\n99\u00b0 Arena di Verona Opera Festival 2022<\/p>\n<p><a href=\"http:\/\/www.ecoitaliano.com.ar\/wp-content\/uploads\/2022\/06\/1.-Manifesto-Carmen.jpg\"><img decoding=\"async\" class=\"alignnone size-full wp-image-24047\" src=\"http:\/\/www.ecoitaliano.com.ar\/wp-content\/uploads\/2022\/06\/1.-Manifesto-Carmen.jpg\" alt=\"\" width=\"5628\" height=\"7991\" srcset=\"https:\/\/www.ecoitaliano.com.ar\/wp-content\/uploads\/2022\/06\/1.-Manifesto-Carmen.jpg 5628w, https:\/\/www.ecoitaliano.com.ar\/wp-content\/uploads\/2022\/06\/1.-Manifesto-Carmen-211x300.jpg 211w, https:\/\/www.ecoitaliano.com.ar\/wp-content\/uploads\/2022\/06\/1.-Manifesto-Carmen-768x1090.jpg 768w, https:\/\/www.ecoitaliano.com.ar\/wp-content\/uploads\/2022\/06\/1.-Manifesto-Carmen-721x1024.jpg 721w, https:\/\/www.ecoitaliano.com.ar\/wp-content\/uploads\/2022\/06\/1.-Manifesto-Carmen-106x150.jpg 106w\" sizes=\"(max-width: 5628px) 100vw, 5628px\" \/><\/a><\/p>\n<p>Al debutto la protagonista Cl\u00e9mentine Margaine e Luca Micheletti come Escamillo, con il tenore Brian Jagde e un cast internazionale di giovani interpreti \u2219 Sul podio MARCO ARMILIATO, DIRETTORE MUSICALE DEL FESTIVAL \u2219 L\u2019allestimento integra per la prima volta le migliori intuizioni di Zeffirelli dal \u201995 al 2009 e nuovi elementi mai realizzati dai bozzetti originali \u2219 Ad Orchestra, Coro e Tecnici della Fondazione Arena si aggiungono le voci bianche di A.Li.Ve., il Ballo con le coreografie originali di El Camborio riprese da Lucia Real e la Compagnia di Ballo spagnolo Antonio Gades.<br \/>\n\u00c8<\/p>\n<p>tutto pronto per la doppia inaugurazione del pi\u00f9 popolare Festival d\u2019Opera al mondo, giunto alla sua 99a edizione, all\u2019insegna dei due titoli pi\u00f9 amati e rappresentati nel millenario anfiteatro veronese: Carmen di Georges Bizet, venerd\u00ec 17 giugno, e Aida di Giuseppe Verdi, sabato 18. entrambi recano la firma di Franco Zeffirelli, maestro della scenografia e della regia sia teatrale e lirica che cinematografica, di cui fra pochi mesi ricorrer\u00e0 il centenario della nascita. All\u2019Arena di Verona Zeffirelli \u00e8 approdato nell\u2019estate 1995 con una produzione di Carmen entrata nella leggenda, e qui ha realizzato la sua ultima Traviata, sua summa artistica, trasmessa in diretta in mondovisione a pochi giorni dalla sua scomparsa e alla presenza del Presidente della Repubblica Sergio Mattarella.<br \/>\nLa Fondazione Arena di Verona inizia il proprio omaggio a Zeffirelli portando in scena Carmen come non \u00e8 mai stata vista: l\u2019allestimento integra infatti il progetto originario del 1995 con le migliori intuizioni che lo stesso Maestro aveva adottato per la ripresa del 2009 e soprattutto con importanti elementi scenografici, qui realizzati per la prima volta in assoluto, che Zeffirelli aveva solo disegnato senza poterli mai vedere in scena. Questa Carmen vuole quindi essere la sintesi definitiva della visione elaborata negli anni dal Maestro, con i diversi aggiustamenti tecnici e con il ritorno al respiro pi\u00f9 ampio possibile della prima produzione: risultato raggiunto grazie al coinvolgimento della Fondazione Franco Zeffirelli a fianco degli storici collaboratori del Maestro, compresa Lucia Real che riprender\u00e0 le coreografie originali di El Camborio con il Ballo areniano, e con la partecipazione straordinaria del Ballo spagnolo della Compa\u00f1ia Antonio Gades diretta da Stella Arauzo. I costumi sono quelli originali di Anna Anni e le luci sono ridisegnate da Paolo Mazzon.<br \/>\nLa vicenda. Appena arrivato a Siviglia, il giovane soldato Don Jos\u00e9 si innamora perdutamente di Carmen, sigaraia dal sangue gitano, al punto da abbandonare tutto per seguirla \u2013 compresa la fidanzata Micaela \u2013 compromettendo la propria carriera e ritrovandosi disertore tra i contrabbandieri. Ma Carmen nasce libera e libera vuole restare: l\u2019arrivo dell\u2019affascinante torero Escamillo la allontana da Don Jos\u00e9, il quale per\u00f2 \u00e8 follemente deciso a non lasciarla andare, anche a costo di ucciderla per tenerla con s\u00e9.<br \/>\nCarmen \u00e8 il capolavoro indiscusso di Georges Bizet (1838-\u201875): ispirato alla novella di Prosper M\u00e9rim\u00e9e, grazie ai librettisti Meilhac e Hal\u00e9vy acquis\u00ec presto una sua fisionomia originale, con nuovi personaggi e situazioni. Subito per\u00f2 non ottenne il riscontro sperato: il primo ciclo di recite era ancora in corso all\u2019Op\u00e9ra comique di Parigi quando il compositore si spense prematuramente. Da allora Carmen cominci\u00f2 ad essere conosciuta in tutto il mondo con i recitativi musicati dal fedelissimo collega Guiraud, iniziando un percorso di travolgente e ininterrotto successo, grazie alla forza del dramma, all\u2019attualit\u00e0 della vicenda, all\u2019invenzione melodica del suo autore e all\u2019iconicit\u00e0 delle atmosfere sivigliane ricreate in partitura e in scena. Nell\u2019anfiteatro veronese \u00e8 stata rappresentata nel 1914, l\u2019anno dopo la prima Aida, ed \u00e8 il titolo pi\u00f9 seguito e presente ancora oggi, secondo solo alla verdiana regina dell\u2019Arena.<br \/>\nP<br \/>\ner l\u2019inaugurazione del 17 giugno e tutte le repliche del titolo, sale sul podio il M\u00b0 Marco Armiliato, Direttore Musicale del 99\u00b0 Opera Festival, alla guida di Orchestra e Coro della Fondazione Arena di Verona, delle voci bianche di A.Li.Ve. e di un cast internazionale di artisti di primo piano: \u00e8 un debutto in scena quello del mezzosoprano francese Cl\u00e9mentine Margaine nei panni della protagonista, cos\u00ec come \u00e8 un esordio assoluto in Arena quello del baritono Luca Micheletti come torero Escamillo, insieme al Don Jos\u00e9 del tenore statunitense Brian Jagde (all\u2019atteso ritorno dopo l\u2019inaugurazione \u201918) e alla Micaela del soprano Karen Gardeazabal. Carlo Bosi e Nicol\u00f2 Ceriani saranno i due affiatati contrabbandieri Remendado e Dancairo, mentre le amiche di Carmen, Frasquita e Mercedes, saranno le giovanissime Caterina Sala e Caterina Dellaere, entrambe alla prima presenza in Anfiteatro. Completano il cast Gabriele Sagona e Biagio Pizzuti come Zuniga e Morales, rispettivamente superiore e collega di Don Jos\u00e8.<br \/>\nQuesti richiestissimi interpreti sono solo i primi di una schiera di stelle internazionali che si alterneranno nel corso della stagione, rendendo ognuna delle nove recite di Carmen una vera e propria premi\u00e8re: tutte alla prima volta in Arena sono le protagoniste J\u2019Nai Bridges, Elina Garan\u010da e Yulia Matochkina, affiancate dai carismatici Don Jos\u00e8 di Vittorio Grigolo e Roberto Alagna (entrambi per la prima volta nel ruolo a Verona). Come Micaela si avvicendano Gilda Fiume (al debutto), Maria Teresa Leva e Lavinia Bini e come Escamillo i baritoni G\u00ebzym Myshketa e Claudio Sgura. Completeranno il cast gli esordienti Daniela Cappiello (Frasquita), Sofia Koberidze (Mercedes), Jan Antem (Dancairo), Vincent Ordonneau (Remendado) e Alessio Verna (Morales).<br \/>\nRepliche: 24, 30 giugno, 14, 21, 31 luglio, 11, 14, 27 agosto.<br \/>\nLa serata inaugurale del 99\u00b0 Arena di Verona Opera Festival sar\u00e0 dedicata specialmente alla memoria di due fra i massimi cantanti del \u2018900 molto presenti nella storia areniana: nel 2022 infatti ricorre il centenario sia del soprano Renata Tebaldi che del baritono Ettore Bastianini. Inoltre Carmen, insieme ad altre due produzioni del 99\u00b0 Festival 2022, Nabucco e La Traviata, sar\u00e0 ripresa dalle telecamere Rai grazie alla collaborazione di Gianmarco Mazzi e Arena di Verona srl.<\/p>\n<p>S<br \/>\nabato 18 giugno sempre alle 21.15 \u00e8 la volta di Aida: la prima di undici rappresentazioni per il Festival 2022 che ripropone l\u2019Egitto aureo e i multicolori tessuti preziosi immaginati da Franco Zeffirelli per l\u2019Arena di Verona esattamente vent\u2019anni fa, con la ripresa dei costumi di Anna Anni e delle coreografie originali di Vladimir Vasiliev. L\u2019operazione esteticamente abbagliante del massimo regista e scenografo restituisce alla perfezione la doppia anima dell\u2019opera pi\u00f9 amata e rappresentata in Arena dalla prima stagione 1913: il capolavoro di Verdi infatti colloca un triangolo amoroso all\u2019ombra delle piramidi, in equilibrio fra intimismo e grandeur, e lancia un messaggio di pace senza tempo.<br \/>\nLa vicenda. Mentre ai confini dell\u2019Egitto \u00e8 in corso la guerra, a Menfi il giovane guerriero Radam\u00e8s \u00e8 conteso fra l\u2019amore di Amneris, figlia del Faraone, e quello \u2013 da lui ricambiato &#8211; della schiava Aida (anch\u2019ella principessa, figlia del Re etiope Amonasro). L\u2019oracolo nomina Radam\u00e8s generale contro il popolo di Aida. La vittoria \u00e8 degli Egizi e Amonasro viene condotto nella capitale tra i prigionieri: finge di non essere il Re e ottiene la grazia ma costringe la figlia a corrompere Radam\u00e8s. In un incontro notturno dei due innamorati, il generale svela involontariamente un segreto di guerra. La fuga per tutti varrebbe sia il disonore che la salvezza ma Amneris li scopre, alla vigilia delle nozze combinate col desiderato Radam\u00e8s. Il giovane \u00e8 condannato a morte per tradimento, nonostante la principessa tenti di salvarlo. Aida, prima scomparsa, si trova nella tomba in cui Radam\u00e8s viene sepolto vivo: insieme sperano in un aldil\u00e0 migliore.<br \/>\nSolennit\u00e0 ed esotismo, trionfo e dramma dilaniante, toccante storia d\u2019amore e gelosia, di vendetta e pentimento, condanna alla guerra e all\u2019ingiustizia: tutto ci\u00f2 convive nella superba partitura di Verdi, che ricav\u00f2 l\u2019opera dal soggetto originale dell\u2019egittologo Mariette. A dirigerla torna l\u2019esperto maestro Daniel Oren, beniamino del pubblico veronese e internazionale al proprio esordio stagionale: dopo le prime recite si alterner\u00e0 sul podio col Direttore Musicale Marco Armiliato. Il cast della prima vede il debutto areniano del soprano Liudmyla Monastyrska nel ruolo del titolo, affiancata dal tenore Murat Karahan come Radam\u00e8s e dal mezzosoprano Ekaterina Semenchuk come Amneris. Il leggendario basso Ferruccio Furlanetto sar\u00e0 il gran sacerdote Ramfis, accanto agli esordienti Sava Vemi\u0107 (Re) e Roman Burdenko (Amonasro), Francesca Maionchi (Sacerdotessa) e al Messaggero di Carlo Bosi. Oltre all\u2019Orchestra, al Coro preparato da Ulisse Trabacchin e ai Tecnici della Fondazione Arena di Verona, in scena torner\u00e0 il Ballo coordinato da Gaetano Petrosino con la partecipazione delle \u00e9toile internazionali Ana Sophia Scheller, Ekaterina Olenyk e Fernando Montano.<br \/>\nAnche per Aida, la lista degli interpreti che si avvicenderanno sull\u2019immenso palcoscenico dell\u2019anfiteatro comprende gli artisti pi\u00f9 acclamati del panorama internazionale, molti dei quali al debutto del ruolo in Arena, accanto ai migliori giovani talenti emergenti: solo per citarne alcuni, Anna Netrebko, Latonia Moore, Yusif Eyvazov, Fabio Sartori, Olesya Petrova, Anna Maria Chiuri, G\u0171nther Groissb\u0151ck, Michele Pertusi, Ambrogio Maestri, Amartuvshin Enkhbat\u2026<br \/>\nRepliche: 23 giugno, 3, 8, 16, 24, 28 luglio, 5, 21, 28 agosto, 4 settembre<\/p>\n<p>I<br \/>\nl Sindaco di Verona Federico Sboarina, Presidente della Fondazione Arena di Verona dichiara con orgoglio: \u00abIn questi anni difficili abbiamo lavorato duramente perch\u00e9 l\u2019Arena non si spegnesse mai: quanto realizzato finora \u00e8 stato definito da molti miracoloso, sia sostanzialmente che economicamente. Con questo Festival che prende il via venerd\u00ec, torniamo finalmente agli spettacoli e ai numeri pre-pandemici, ma lo facciamo con la forza e l\u2019orgoglio delle tempeste attraversate prima, mari agitati su cui l\u2019Arena ha navigato con coraggio, lungimiranza e risultati impensabili solo pochi anni fa. Quella tempesta \u00e8 diventata il vento in poppa, che sospinge la Fondazione Arena verso il 2023, il suo centesimo Festival\u00bb.<br \/>\nl Sovrintendente e Direttore Artistico Cecilia Gasdia commenta entusiasta: \u00abIl 17 giugno torna in scena, dopo tre anni, qualcosa di speciale. Qualcosa che davamo per scontato e che abbiamo rischiato di perdere: non solo la magia di un grande spettacolo unico al mondo, ma anche arte, lavoro, identit\u00e0, e il piacere di ritrovarsi in un rito collettivo nella piena capienza del nostro millenario anfiteatro. Con Carmen torna l\u2019Arena di Verona che conosciamo, con i migliori interpreti di oggi e i grandi allestimenti per cui rappresenta l\u2019Opera nell\u2019immaginario collettivo. Per questo miracolo, alla vigilia di una stagione intensa e riconquistata, ringrazio tutte le Istituzioni che ci sono state vicine, partner e sponsor, le gloriose 67 colonne, e ogni singolo lavoratore della Fondazione, che per 46 sere accender\u00e0 di nuova vita questi capolavori immortali con professionalit\u00e0 e passione\u00bb.<br \/>\n\u00abTeniamo molto a questa Carmen, \u2013 aggiunge Stefano Trespidi, Vice Direttore Artistico, \u2013 frutto di oltre vent\u2019anni di allestimenti e riflessioni sul titolo da parte di Franco Zeffirelli. Quello che si vedr\u00e0 in scena, grazie ai suoi collaboratori, \u00e8 la sintesi di ci\u00f2 che crediamo lui avrebbe desiderato per una delle opere che amava di pi\u00f9, quella con cui ha iniziato la sua storia d\u2019amore con Verona, l\u2019Arena e il suo Festival\u00bb.<br \/>\nFondazione Arena di Verona desidera esprimere il proprio speciale ringraziamento a tutti gli sponsor che hanno confermato il loro prezioso contributo a sostegno della Fondazione e del suo prestigioso Festival. In primis Unicredit, da oltre 25 anni a fianco del nostro teatro, che si riconferma major partner del Festival e gestore della Biglietteria insieme a TicketOne. Un grande ringraziamento va ai partner Calzedonia, Pastificio Giovanni Rana, Volkswagen Group Italia, DB BAHN, RTL 102.5 e una menzione speciale va anche a tutte le aziende, gli imprenditori, gli ordini professionali e le associazioni di categoria che hanno aderito alla campagna di fundraising 67 colonne per l\u2019Arena di Verona 2022. Solo una settimana fa il progetto \u00e8 stato insignito del primo premio come miglior progetto di fundraising del 2021 nella VI Edizione del Concorso Art Bonus, indetto dal Ministero della Cultura. La cerimonia si \u00e8 tenuta proprio nell\u2019Anfiteatro veronese e ha ospitato tutti i finalisti del concorso nazionale.<\/p>\n<p>Informazioni<\/p>\n<p>Ufficio Stampa Fondazione Arena di Verona<br \/>\nVia Roma 7\/D, 37121 Verona<br \/>\ntel. (+39) 045 805.1861-1905-1891-1939<br \/>\nufficio.stampa@arenadiverona.it<\/p>\n<p>Press and Media Advisor Alessia Capelletti con Marina Nocilla<br \/>\nconsulenti@capelletti-moja.com<br \/>\nTel. +39 347 5801910 \/ Tel. +39 338 7172263<\/p>\n<p>Biglietteria<br \/>\nVia Dietro Anfiteatro 6\/B, 37121 Verona<br \/>\ntel. (+39) 045 59.65.17 &#8211; fax (+39) 045 801.3287<br \/>\nbiglietteria@arenadiverona.it<br \/>\nCall center (+39) 045 800.51.51<br \/>\nPunti di prevendita TicketOne<br \/>\nwww.arena.it<\/p>\n<p>17, 24, 30 giugno ore 21.15 | 14, 21, 31 luglio ore 21.00 | 11, 14, 27 agosto ore 20.45<br \/>\nCarmen<br \/>\nOp\u00e9ra-comique in quattro atti. Libretto di Henri Meilhac e Ludovic Hal\u00e9vy<br \/>\nMusica di Georges Bizet<\/p>\n<p>Direttore Marco Armiliato<br \/>\nRegia e Scene Franco Zeffirelli<br \/>\nCostumi Anna Anni | Luci Paolo Mazzon<br \/>\nCoreografia El Camborio ripresa da Lucia Real<\/p>\n<p>Carmen Cl\u00e9mentine Margaine (17, 24, 30\/6)<br \/>\nJ&#8217;Nai Bridges (14, 21, 31\/7)<br \/>\nEl\u012bna Garan\u010da (11, 14\/8)<br \/>\nYulia Matochkina (27\/8)<\/p>\n<p>Micaela Karen Gardeazabal (17, 24\/6)<br \/>\nGilda Fiume (30\/6 \u2013 14\/7)<br \/>\nMaria Teresa Leva (21, 31\/7 \u2013 11, 14\/8)<br \/>\nLavinia Bini (27\/8)<\/p>\n<p>Frasquita Caterina Sala (17, 24, 30\/6 \u2013 14\/7 \u2013 11, 14\/8)<br \/>\nDaniela Cappiello (21, 31\/7 \u2013 27\/8)<\/p>\n<p>Mercedes Caterina Dellaere (17, 24, 30\/6 \u2013 11, 14\/8)<br \/>\nSofia Koberidze (14, 21, 31\/7 \u2013 27\/8)<\/p>\n<p>Don Jos\u00e9 Brian Jagde (17, 24, 30\/6 \u2013 11, 14\/8)<br \/>\nVittorio Grigolo (14\/7 \u2013 27\/8)<br \/>\nRoberto Alagna (21, 31\/7)<\/p>\n<p>Escamillo Luca Micheletti (17, 24, 30\/6)<br \/>\nG\u00ebzim Myshketa (14, 21, 31\/7)<br \/>\nClaudio Sgura (11, 14, 27\/8)<\/p>\n<p>Dancairo Nicol\u00f2 Ceriani (17, 24, 30\/6 \u2013 11, 14\/8)<br \/>\nJan Antem (14, 21, 31\/7 \u2013 27\/8)<\/p>\n<p>Remendado Carlo Bosi (17, 24, 30\/6 \u2013 11, 14\/8)<br \/>\nVincent Ordonneau (14, 21, 31\/7 \u2013 27\/8)<\/p>\n<p>Zuniga Gabriele Sagona<\/p>\n<p>Morales Biagio Pizzuti (17, 24\/6 \u2013 11, 14\/8)<br \/>\nAlessio Verna (30\/6 \u2013 14, 21, 31\/7 \u2013 27\/8)<\/p>\n<p>ORCHESTRA, CORO, BALLO E TECNICI DELLA FONDAZIONE ARENA DI VERONA<br \/>\nMaestro del Coro Ulisse Trabacchin | Coordinatore del Ballo Gaetano Petrosino<br \/>\nCoro di Voci bianche A.LI.VE. diretto da Paolo Facincani<br \/>\ncon la partecipazione straordinaria della Compa\u00f1ia Antonio Gades Direttore Artistico Stella Arauzo<\/p>\n<p><a href=\"http:\/\/www.ecoitaliano.com.ar\/wp-content\/uploads\/2022\/06\/MG_3213.jpg\"><img decoding=\"async\" class=\"alignnone size-full wp-image-24048\" src=\"http:\/\/www.ecoitaliano.com.ar\/wp-content\/uploads\/2022\/06\/MG_3213.jpg\" alt=\"\" width=\"2658\" height=\"1772\" srcset=\"https:\/\/www.ecoitaliano.com.ar\/wp-content\/uploads\/2022\/06\/MG_3213.jpg 2658w, https:\/\/www.ecoitaliano.com.ar\/wp-content\/uploads\/2022\/06\/MG_3213-300x200.jpg 300w, https:\/\/www.ecoitaliano.com.ar\/wp-content\/uploads\/2022\/06\/MG_3213-768x512.jpg 768w, https:\/\/www.ecoitaliano.com.ar\/wp-content\/uploads\/2022\/06\/MG_3213-1024x683.jpg 1024w, https:\/\/www.ecoitaliano.com.ar\/wp-content\/uploads\/2022\/06\/MG_3213-150x100.jpg 150w\" sizes=\"(max-width: 2658px) 100vw, 2658px\" \/><\/a> <a href=\"http:\/\/www.ecoitaliano.com.ar\/wp-content\/uploads\/2022\/06\/2012-Arena-di-Verona_Foto-Ennevi_2017.jpg\"><img decoding=\"async\" class=\"alignnone size-full wp-image-24049\" src=\"http:\/\/www.ecoitaliano.com.ar\/wp-content\/uploads\/2022\/06\/2012-Arena-di-Verona_Foto-Ennevi_2017.jpg\" alt=\"\" width=\"4501\" height=\"3000\" srcset=\"https:\/\/www.ecoitaliano.com.ar\/wp-content\/uploads\/2022\/06\/2012-Arena-di-Verona_Foto-Ennevi_2017.jpg 4501w, https:\/\/www.ecoitaliano.com.ar\/wp-content\/uploads\/2022\/06\/2012-Arena-di-Verona_Foto-Ennevi_2017-300x200.jpg 300w, https:\/\/www.ecoitaliano.com.ar\/wp-content\/uploads\/2022\/06\/2012-Arena-di-Verona_Foto-Ennevi_2017-768x512.jpg 768w, https:\/\/www.ecoitaliano.com.ar\/wp-content\/uploads\/2022\/06\/2012-Arena-di-Verona_Foto-Ennevi_2017-1024x683.jpg 1024w, https:\/\/www.ecoitaliano.com.ar\/wp-content\/uploads\/2022\/06\/2012-Arena-di-Verona_Foto-Ennevi_2017-150x100.jpg 150w\" sizes=\"(max-width: 4501px) 100vw, 4501px\" \/><\/a> <a href=\"http:\/\/www.ecoitaliano.com.ar\/wp-content\/uploads\/2022\/06\/Aida_010918_FotoEnnevi_6937.jpg\"><img decoding=\"async\" class=\"alignnone size-full wp-image-24050\" src=\"http:\/\/www.ecoitaliano.com.ar\/wp-content\/uploads\/2022\/06\/Aida_010918_FotoEnnevi_6937.jpg\" alt=\"\" width=\"2657\" height=\"1771\" srcset=\"https:\/\/www.ecoitaliano.com.ar\/wp-content\/uploads\/2022\/06\/Aida_010918_FotoEnnevi_6937.jpg 2657w, https:\/\/www.ecoitaliano.com.ar\/wp-content\/uploads\/2022\/06\/Aida_010918_FotoEnnevi_6937-300x200.jpg 300w, https:\/\/www.ecoitaliano.com.ar\/wp-content\/uploads\/2022\/06\/Aida_010918_FotoEnnevi_6937-768x512.jpg 768w, https:\/\/www.ecoitaliano.com.ar\/wp-content\/uploads\/2022\/06\/Aida_010918_FotoEnnevi_6937-1024x683.jpg 1024w, https:\/\/www.ecoitaliano.com.ar\/wp-content\/uploads\/2022\/06\/Aida_010918_FotoEnnevi_6937-150x100.jpg 150w\" sizes=\"(max-width: 2657px) 100vw, 2657px\" \/><\/a> <a href=\"http:\/\/www.ecoitaliano.com.ar\/wp-content\/uploads\/2022\/06\/Aida_FotoEnnevi_050818_FNNV0625.jpg\"><img decoding=\"async\" class=\"alignnone size-full wp-image-24051\" src=\"http:\/\/www.ecoitaliano.com.ar\/wp-content\/uploads\/2022\/06\/Aida_FotoEnnevi_050818_FNNV0625.jpg\" alt=\"\" width=\"2578\" height=\"1719\" srcset=\"https:\/\/www.ecoitaliano.com.ar\/wp-content\/uploads\/2022\/06\/Aida_FotoEnnevi_050818_FNNV0625.jpg 2578w, https:\/\/www.ecoitaliano.com.ar\/wp-content\/uploads\/2022\/06\/Aida_FotoEnnevi_050818_FNNV0625-300x200.jpg 300w, https:\/\/www.ecoitaliano.com.ar\/wp-content\/uploads\/2022\/06\/Aida_FotoEnnevi_050818_FNNV0625-768x512.jpg 768w, https:\/\/www.ecoitaliano.com.ar\/wp-content\/uploads\/2022\/06\/Aida_FotoEnnevi_050818_FNNV0625-1024x683.jpg 1024w, https:\/\/www.ecoitaliano.com.ar\/wp-content\/uploads\/2022\/06\/Aida_FotoEnnevi_050818_FNNV0625-150x100.jpg 150w\" sizes=\"(max-width: 2578px) 100vw, 2578px\" \/><\/a> <a href=\"http:\/\/www.ecoitaliano.com.ar\/wp-content\/uploads\/2022\/06\/Aida_FotoEnnevi_230618_019.jpg\"><img decoding=\"async\" class=\"alignnone size-full wp-image-24052\" src=\"http:\/\/www.ecoitaliano.com.ar\/wp-content\/uploads\/2022\/06\/Aida_FotoEnnevi_230618_019.jpg\" alt=\"\" width=\"2350\" height=\"1566\" srcset=\"https:\/\/www.ecoitaliano.com.ar\/wp-content\/uploads\/2022\/06\/Aida_FotoEnnevi_230618_019.jpg 2350w, https:\/\/www.ecoitaliano.com.ar\/wp-content\/uploads\/2022\/06\/Aida_FotoEnnevi_230618_019-300x200.jpg 300w, https:\/\/www.ecoitaliano.com.ar\/wp-content\/uploads\/2022\/06\/Aida_FotoEnnevi_230618_019-768x512.jpg 768w, https:\/\/www.ecoitaliano.com.ar\/wp-content\/uploads\/2022\/06\/Aida_FotoEnnevi_230618_019-1024x682.jpg 1024w, https:\/\/www.ecoitaliano.com.ar\/wp-content\/uploads\/2022\/06\/Aida_FotoEnnevi_230618_019-150x100.jpg 150w\" sizes=\"(max-width: 2350px) 100vw, 2350px\" \/><\/a> <a href=\"http:\/\/www.ecoitaliano.com.ar\/wp-content\/uploads\/2022\/06\/Aida_FotoEnnevi_230618_025.jpg\"><img decoding=\"async\" class=\"alignnone size-full wp-image-24053\" src=\"http:\/\/www.ecoitaliano.com.ar\/wp-content\/uploads\/2022\/06\/Aida_FotoEnnevi_230618_025.jpg\" alt=\"\" width=\"2563\" height=\"1708\" srcset=\"https:\/\/www.ecoitaliano.com.ar\/wp-content\/uploads\/2022\/06\/Aida_FotoEnnevi_230618_025.jpg 2563w, https:\/\/www.ecoitaliano.com.ar\/wp-content\/uploads\/2022\/06\/Aida_FotoEnnevi_230618_025-300x200.jpg 300w, https:\/\/www.ecoitaliano.com.ar\/wp-content\/uploads\/2022\/06\/Aida_FotoEnnevi_230618_025-768x512.jpg 768w, https:\/\/www.ecoitaliano.com.ar\/wp-content\/uploads\/2022\/06\/Aida_FotoEnnevi_230618_025-1024x682.jpg 1024w, https:\/\/www.ecoitaliano.com.ar\/wp-content\/uploads\/2022\/06\/Aida_FotoEnnevi_230618_025-150x100.jpg 150w\" sizes=\"(max-width: 2563px) 100vw, 2563px\" \/><\/a> <a href=\"http:\/\/www.ecoitaliano.com.ar\/wp-content\/uploads\/2022\/06\/Aida_FotoEnnevi_230618_044.jpg\"><img decoding=\"async\" class=\"alignnone size-full wp-image-24054\" src=\"http:\/\/www.ecoitaliano.com.ar\/wp-content\/uploads\/2022\/06\/Aida_FotoEnnevi_230618_044.jpg\" alt=\"\" width=\"2656\" height=\"1770\" srcset=\"https:\/\/www.ecoitaliano.com.ar\/wp-content\/uploads\/2022\/06\/Aida_FotoEnnevi_230618_044.jpg 2656w, https:\/\/www.ecoitaliano.com.ar\/wp-content\/uploads\/2022\/06\/Aida_FotoEnnevi_230618_044-300x200.jpg 300w, https:\/\/www.ecoitaliano.com.ar\/wp-content\/uploads\/2022\/06\/Aida_FotoEnnevi_230618_044-768x512.jpg 768w, https:\/\/www.ecoitaliano.com.ar\/wp-content\/uploads\/2022\/06\/Aida_FotoEnnevi_230618_044-1024x682.jpg 1024w, https:\/\/www.ecoitaliano.com.ar\/wp-content\/uploads\/2022\/06\/Aida_FotoEnnevi_230618_044-150x100.jpg 150w\" sizes=\"(max-width: 2656px) 100vw, 2656px\" \/><\/a> <a href=\"http:\/\/www.ecoitaliano.com.ar\/wp-content\/uploads\/2022\/06\/Carmen-1995_22.jpg\"><img decoding=\"async\" class=\"alignnone size-full wp-image-24056\" src=\"http:\/\/www.ecoitaliano.com.ar\/wp-content\/uploads\/2022\/06\/Carmen-1995_22.jpg\" alt=\"\" width=\"2482\" height=\"1986\" srcset=\"https:\/\/www.ecoitaliano.com.ar\/wp-content\/uploads\/2022\/06\/Carmen-1995_22.jpg 2482w, https:\/\/www.ecoitaliano.com.ar\/wp-content\/uploads\/2022\/06\/Carmen-1995_22-300x240.jpg 300w, https:\/\/www.ecoitaliano.com.ar\/wp-content\/uploads\/2022\/06\/Carmen-1995_22-768x615.jpg 768w, https:\/\/www.ecoitaliano.com.ar\/wp-content\/uploads\/2022\/06\/Carmen-1995_22-1024x819.jpg 1024w, https:\/\/www.ecoitaliano.com.ar\/wp-content\/uploads\/2022\/06\/Carmen-1995_22-150x120.jpg 150w\" sizes=\"(max-width: 2482px) 100vw, 2482px\" \/><\/a> <a href=\"http:\/\/www.ecoitaliano.com.ar\/wp-content\/uploads\/2022\/06\/Carmen-1995_car95a.112.jpg\"><img decoding=\"async\" class=\"alignnone size-full wp-image-24058\" src=\"http:\/\/www.ecoitaliano.com.ar\/wp-content\/uploads\/2022\/06\/Carmen-1995_car95a.112.jpg\" alt=\"\" width=\"2338\" height=\"1653\" srcset=\"https:\/\/www.ecoitaliano.com.ar\/wp-content\/uploads\/2022\/06\/Carmen-1995_car95a.112.jpg 2338w, https:\/\/www.ecoitaliano.com.ar\/wp-content\/uploads\/2022\/06\/Carmen-1995_car95a.112-300x212.jpg 300w, https:\/\/www.ecoitaliano.com.ar\/wp-content\/uploads\/2022\/06\/Carmen-1995_car95a.112-768x543.jpg 768w, https:\/\/www.ecoitaliano.com.ar\/wp-content\/uploads\/2022\/06\/Carmen-1995_car95a.112-1024x724.jpg 1024w, https:\/\/www.ecoitaliano.com.ar\/wp-content\/uploads\/2022\/06\/Carmen-1995_car95a.112-150x106.jpg 150w\" sizes=\"(max-width: 2338px) 100vw, 2338px\" \/><\/a> <a href=\"http:\/\/www.ecoitaliano.com.ar\/wp-content\/uploads\/2022\/06\/Carmen-2009-2-atto.jpg\"><img decoding=\"async\" class=\"alignnone size-full wp-image-24059\" src=\"http:\/\/www.ecoitaliano.com.ar\/wp-content\/uploads\/2022\/06\/Carmen-2009-2-atto.jpg\" alt=\"\" width=\"7254\" height=\"3377\" srcset=\"https:\/\/www.ecoitaliano.com.ar\/wp-content\/uploads\/2022\/06\/Carmen-2009-2-atto.jpg 7254w, https:\/\/www.ecoitaliano.com.ar\/wp-content\/uploads\/2022\/06\/Carmen-2009-2-atto-300x140.jpg 300w, https:\/\/www.ecoitaliano.com.ar\/wp-content\/uploads\/2022\/06\/Carmen-2009-2-atto-768x358.jpg 768w, https:\/\/www.ecoitaliano.com.ar\/wp-content\/uploads\/2022\/06\/Carmen-2009-2-atto-1024x477.jpg 1024w, https:\/\/www.ecoitaliano.com.ar\/wp-content\/uploads\/2022\/06\/Carmen-2009-2-atto-150x70.jpg 150w\" sizes=\"(max-width: 7254px) 100vw, 7254px\" \/><\/a> <a href=\"http:\/\/www.ecoitaliano.com.ar\/wp-content\/uploads\/2022\/06\/Carmen-2009-3-atto.jpg\"><img decoding=\"async\" class=\"alignnone size-full wp-image-24060\" src=\"http:\/\/www.ecoitaliano.com.ar\/wp-content\/uploads\/2022\/06\/Carmen-2009-3-atto.jpg\" alt=\"\" width=\"8136\" height=\"3615\" srcset=\"https:\/\/www.ecoitaliano.com.ar\/wp-content\/uploads\/2022\/06\/Carmen-2009-3-atto.jpg 8136w, https:\/\/www.ecoitaliano.com.ar\/wp-content\/uploads\/2022\/06\/Carmen-2009-3-atto-300x133.jpg 300w, https:\/\/www.ecoitaliano.com.ar\/wp-content\/uploads\/2022\/06\/Carmen-2009-3-atto-768x341.jpg 768w, https:\/\/www.ecoitaliano.com.ar\/wp-content\/uploads\/2022\/06\/Carmen-2009-3-atto-1024x455.jpg 1024w, https:\/\/www.ecoitaliano.com.ar\/wp-content\/uploads\/2022\/06\/Carmen-2009-3-atto-150x67.jpg 150w\" sizes=\"(max-width: 8136px) 100vw, 8136px\" \/><\/a><\/p>\n<p><a href=\"http:\/\/www.ecoitaliano.com.ar\/wp-content\/uploads\/2022\/06\/8.-Cs-Carmen_100\u00b0-OperaFestival_EnneviFoto_053_TrespidiSboarinaGasdiaArmiliatoMazzi.jpg\"><img decoding=\"async\" class=\"alignnone size-full wp-image-24064\" src=\"http:\/\/www.ecoitaliano.com.ar\/wp-content\/uploads\/2022\/06\/8.-Cs-Carmen_100\u00b0-OperaFestival_EnneviFoto_053_TrespidiSboarinaGasdiaArmiliatoMazzi.jpg\" alt=\"\" width=\"3600\" height=\"2400\" srcset=\"https:\/\/www.ecoitaliano.com.ar\/wp-content\/uploads\/2022\/06\/8.-Cs-Carmen_100\u00b0-OperaFestival_EnneviFoto_053_TrespidiSboarinaGasdiaArmiliatoMazzi.jpg 3600w, https:\/\/www.ecoitaliano.com.ar\/wp-content\/uploads\/2022\/06\/8.-Cs-Carmen_100\u00b0-OperaFestival_EnneviFoto_053_TrespidiSboarinaGasdiaArmiliatoMazzi-300x200.jpg 300w, https:\/\/www.ecoitaliano.com.ar\/wp-content\/uploads\/2022\/06\/8.-Cs-Carmen_100\u00b0-OperaFestival_EnneviFoto_053_TrespidiSboarinaGasdiaArmiliatoMazzi-768x512.jpg 768w, https:\/\/www.ecoitaliano.com.ar\/wp-content\/uploads\/2022\/06\/8.-Cs-Carmen_100\u00b0-OperaFestival_EnneviFoto_053_TrespidiSboarinaGasdiaArmiliatoMazzi-1024x683.jpg 1024w, https:\/\/www.ecoitaliano.com.ar\/wp-content\/uploads\/2022\/06\/8.-Cs-Carmen_100\u00b0-OperaFestival_EnneviFoto_053_TrespidiSboarinaGasdiaArmiliatoMazzi-150x100.jpg 150w\" sizes=\"(max-width: 3600px) 100vw, 3600px\" \/><\/a><\/p>\n<p><a href=\"http:\/\/www.ecoitaliano.com.ar\/wp-content\/uploads\/2022\/06\/CARMEN_090716_FotoEnnevi__0577.jpg\"><img decoding=\"async\" class=\"alignnone size-full wp-image-24062\" src=\"http:\/\/www.ecoitaliano.com.ar\/wp-content\/uploads\/2022\/06\/CARMEN_090716_FotoEnnevi__0577.jpg\" alt=\"\" width=\"2658\" height=\"1772\" srcset=\"https:\/\/www.ecoitaliano.com.ar\/wp-content\/uploads\/2022\/06\/CARMEN_090716_FotoEnnevi__0577.jpg 2658w, https:\/\/www.ecoitaliano.com.ar\/wp-content\/uploads\/2022\/06\/CARMEN_090716_FotoEnnevi__0577-300x200.jpg 300w, https:\/\/www.ecoitaliano.com.ar\/wp-content\/uploads\/2022\/06\/CARMEN_090716_FotoEnnevi__0577-768x512.jpg 768w, https:\/\/www.ecoitaliano.com.ar\/wp-content\/uploads\/2022\/06\/CARMEN_090716_FotoEnnevi__0577-1024x683.jpg 1024w, https:\/\/www.ecoitaliano.com.ar\/wp-content\/uploads\/2022\/06\/CARMEN_090716_FotoEnnevi__0577-150x100.jpg 150w\" sizes=\"(max-width: 2658px) 100vw, 2658px\" \/><\/a><\/p>\n<p><a href=\"http:\/\/www.ecoitaliano.com.ar\/wp-content\/uploads\/2022\/06\/9.-Cs-Carmen_100\u00b0-OperaFestival_EnneviFoto_059_TrespidiMichelettiGardeazabalGasdiaArmiliatoJagde.jpg\"><img decoding=\"async\" class=\"alignnone size-full wp-image-24065\" src=\"http:\/\/www.ecoitaliano.com.ar\/wp-content\/uploads\/2022\/06\/9.-Cs-Carmen_100\u00b0-OperaFestival_EnneviFoto_059_TrespidiMichelettiGardeazabalGasdiaArmiliatoJagde.jpg\" alt=\"\" width=\"3600\" height=\"2400\" srcset=\"https:\/\/www.ecoitaliano.com.ar\/wp-content\/uploads\/2022\/06\/9.-Cs-Carmen_100\u00b0-OperaFestival_EnneviFoto_059_TrespidiMichelettiGardeazabalGasdiaArmiliatoJagde.jpg 3600w, https:\/\/www.ecoitaliano.com.ar\/wp-content\/uploads\/2022\/06\/9.-Cs-Carmen_100\u00b0-OperaFestival_EnneviFoto_059_TrespidiMichelettiGardeazabalGasdiaArmiliatoJagde-300x200.jpg 300w, https:\/\/www.ecoitaliano.com.ar\/wp-content\/uploads\/2022\/06\/9.-Cs-Carmen_100\u00b0-OperaFestival_EnneviFoto_059_TrespidiMichelettiGardeazabalGasdiaArmiliatoJagde-768x512.jpg 768w, https:\/\/www.ecoitaliano.com.ar\/wp-content\/uploads\/2022\/06\/9.-Cs-Carmen_100\u00b0-OperaFestival_EnneviFoto_059_TrespidiMichelettiGardeazabalGasdiaArmiliatoJagde-1024x683.jpg 1024w, https:\/\/www.ecoitaliano.com.ar\/wp-content\/uploads\/2022\/06\/9.-Cs-Carmen_100\u00b0-OperaFestival_EnneviFoto_059_TrespidiMichelettiGardeazabalGasdiaArmiliatoJagde-150x100.jpg 150w\" sizes=\"(max-width: 3600px) 100vw, 3600px\" \/><\/a><\/p>\n<p>La Compa\u00f1\u00eda Antonio Gades mantiene viva anche la scuola di Gades, la quale porta e insegna in tutto il mondo il linguaggio estetico del Coreografo, radicato nella cultura e nelle arti popolari spagnole. Sotto la direzione artistica di Stella Arauzo, che per molti anni \u00e8 stata la sua partner in scena, la Compagnia \u00e8 oggi composta da numerosi danzatori che hanno lavorato a lungo con il maestro, i quali hanno aiutato i nuovi arrivati a recepire la sua filosofia, estetica ed etica, e ad applicarla alla danza. Gli spettacoli sono tutti presentati con il rigore, il talento, la profondit\u00e0 e l&#8217;unit\u00e0 concettuale, tratti caratteristici di Gades, al fine di portare avanti la sua eredit\u00e0 nel mondo della danza.<\/p>\n<p>Durante questi ultimi 14 anni, la compagnia si \u00e8 esibita in alcuni dei teatri pi\u00f9 rinomati nel mondo della danza, come il Royal Theatre, la Zarzuela, il Palau de les Arts, il Liceo e Niemeyer Centre di Spagna, il Sadler Wells di Londra, il City Center di New York, l&#8217;Herodes Atticus di Atene, il Teatro Romano di Verona, il Grande Teatro Alicia Alonso dell&#8217;Avana, il Bunkamura Orchard Hall di Tokyo e il MUPA di Budapest, solo per citarne alcuni.<\/p>\n<p>La compagnia ha anche partecipato alla realizzazione dell&#8217;opera Ainadamar, sull&#8217;assassinio di Federico Garc\u00eda Lorca. Il suo direttore artistico ha realizzato la coreografia dell&#8217;opera, ed ha contribuito a presentare il pezzo all&#8217;Opera Philadelphia dove \u00e8 stato accolto con un grande successo di critica e di pubblico. La compagnia ha co-prodotto con il Royal Theatre la trilogia di Gades, trasmessa al cinema e in televisione. Mostrata dal vivo al<br \/>\nPalais de Congr\u00e9s di Parigi, ha segnato un record di oltre 20.000 spettatori nei suoi dodici giorni di rappresentazioni.<br \/>\nInfine, la compagnia \u00e8 particolarmente orgogliosa di aver partecipato, con la squadra di calcio Real Madrid CF, all\u2019 omaggio a Pl\u00e1cido Domingo presso lo stadio Santiago Bernabeu, cos\u00ec come al Gala della Musica Spagnola all&#8217;Arena di Verona, in Italia. Ed ancora la compagnia \u00e8 stata invitata al fianco di Pl\u00e1cido Domingo in un evento a cui hanno assistito 15.000 persone e che si \u00e8 poi ripetuto in tutto il mondo.<br \/>\nIl lavoro della Compa\u00f1\u00eda Antonio Gades, insieme alla scuola e agli archivi della fondazione, ha permesso alle nuove generazioni di ballerini di conoscere la sua grande eredit\u00e0. Questa conoscenza pu essere condensata in una delle massime pi\u00f9 spesso ripetute dal maestro: \u00abla danza non \u00e8 nel passo, ma in ci che sta tra ogni passo\u00bb.<br \/>\nDa ottobre 2006 la Compa\u00f1\u00eda Antonio Gades \u00e8 compagnia residente nella citt\u00e0 di Getafe.<\/p>\n<p>STELLA_ARAUZO_<br \/>\nDirettore Artistico<\/p>\n<p>Nasce a Madrid dove inizia gli studi di danza con la maestra Mariemma, debutta nella sua compagnia all\u2019et\u00e0 di 13 anni; successivamente danza con le compagnie di danza di Maria Rosa e di Rafael Aguilar. A 17 anni entra nella Compa\u00f1\u00eda Antonio Gades dove il Maestro le affida il ruolo della Madre in Bodas de Sangre. Dal 1988 interpreta la Carmen di Antonio Gades, succedendo a Cristina Hoyos, un ruolo che corrisponde perfettamente al suo forte temperamento e alla sua intensit\u00e0 drammatica. Nel 1989, al Th\u00e9\u00e2tre du Ch\u00e2telet di Parigi, interpreta Candela, il ruolo protagonista dell\u2019opera Fuego (El amor brujo) di Antonio Gades. Inoltre ha danzato con la compagnia di Rafael Aguilar nel balletto Rango, prima di ritornare alla Compa\u00f1\u00eda Antonio Gades nel 1994 per danzare nuovamente in Carmen e in Fuenteovejuna. Recentemente ha lavorato con i ballerini di Granada Manolete e Juan Andr\u00e9s Maya. Ha rimontato le coreografie Flamenco libre e El amor brujo in Svezia e ha partecipato al film Callas forever con la regia di Franco Zeffirelli. Ha effettuato delle tourn\u00e9e in Europa con il chitarrista Paco Pe\u00f1a e si \u00e8 esibita all\u2019Arena di Verona con la compagnia di El Camborio. Nel 2002 \u00e8 stata nominata assistente di Mario Maya, e ha tenuto lezioni alla scuola Carmen de las Cuevas di Granada. Nel 2004 \u00e8 ritornata sul palcoscenico esibendosi al Rinc\u00f3n de Chinitas (club di flamenco) e contemporaneamente ha curato la direzione artistica dell\u2019opera La Pasi\u00f3n di Juan Andr\u00e9s Maya.<br \/>\nNel settembre 2004 la Fondazione Antonio Gades le ha affidato la direzione artistica della nuova Compa\u00f1\u00eda Antonio Gades, con cui interpreta di nuovo il ruolo di Carmen.<br \/>\nSotto la sua direzione si sono recuperate sia Carmen che Bodas de Sangre, Suite Flamenca e Fuenteovejuna. La sua profonda conoscenza della filosofia artistica di Gades ha dato grande prestigio alla compagnia nel firmamento della danza spagnola.<br \/>\n<a href=\"http:\/\/www.ecoitaliano.com.ar\/wp-content\/uploads\/2022\/06\/1.-G\u00e9n\u00e9rale-Nuit-Espagnole-\u00a92021-Alain-Hanel-OMC-1.jpg\"><img decoding=\"async\" class=\"alignnone size-full wp-image-24068\" src=\"http:\/\/www.ecoitaliano.com.ar\/wp-content\/uploads\/2022\/06\/1.-G\u00e9n\u00e9rale-Nuit-Espagnole-\u00a92021-Alain-Hanel-OMC-1.jpg\" alt=\"\" width=\"709\" height=\"708\" srcset=\"https:\/\/www.ecoitaliano.com.ar\/wp-content\/uploads\/2022\/06\/1.-G\u00e9n\u00e9rale-Nuit-Espagnole-\u00a92021-Alain-Hanel-OMC-1.jpg 709w, https:\/\/www.ecoitaliano.com.ar\/wp-content\/uploads\/2022\/06\/1.-G\u00e9n\u00e9rale-Nuit-Espagnole-\u00a92021-Alain-Hanel-OMC-1-150x150.jpg 150w, https:\/\/www.ecoitaliano.com.ar\/wp-content\/uploads\/2022\/06\/1.-G\u00e9n\u00e9rale-Nuit-Espagnole-\u00a92021-Alain-Hanel-OMC-1-300x300.jpg 300w\" sizes=\"(max-width: 709px) 100vw, 709px\" \/><\/a> <a href=\"http:\/\/www.ecoitaliano.com.ar\/wp-content\/uploads\/2022\/06\/170-1.-G\u00e9n\u00e9rale-Nuit-Espagnole-\u00a92021-Alain-Hanel-OMC-42.jpg\"><img decoding=\"async\" class=\"alignnone size-full wp-image-24069\" src=\"http:\/\/www.ecoitaliano.com.ar\/wp-content\/uploads\/2022\/06\/170-1.-G\u00e9n\u00e9rale-Nuit-Espagnole-\u00a92021-Alain-Hanel-OMC-42.jpg\" alt=\"\" width=\"4252\" height=\"2835\" srcset=\"https:\/\/www.ecoitaliano.com.ar\/wp-content\/uploads\/2022\/06\/170-1.-G\u00e9n\u00e9rale-Nuit-Espagnole-\u00a92021-Alain-Hanel-OMC-42.jpg 4252w, https:\/\/www.ecoitaliano.com.ar\/wp-content\/uploads\/2022\/06\/170-1.-G\u00e9n\u00e9rale-Nuit-Espagnole-\u00a92021-Alain-Hanel-OMC-42-300x200.jpg 300w, https:\/\/www.ecoitaliano.com.ar\/wp-content\/uploads\/2022\/06\/170-1.-G\u00e9n\u00e9rale-Nuit-Espagnole-\u00a92021-Alain-Hanel-OMC-42-768x512.jpg 768w, https:\/\/www.ecoitaliano.com.ar\/wp-content\/uploads\/2022\/06\/170-1.-G\u00e9n\u00e9rale-Nuit-Espagnole-\u00a92021-Alain-Hanel-OMC-42-1024x683.jpg 1024w, https:\/\/www.ecoitaliano.com.ar\/wp-content\/uploads\/2022\/06\/170-1.-G\u00e9n\u00e9rale-Nuit-Espagnole-\u00a92021-Alain-Hanel-OMC-42-150x100.jpg 150w\" sizes=\"(max-width: 4252px) 100vw, 4252px\" \/><\/a><\/p>\n<p>Ufficio Stampa 14\/06\/2022<\/p>\n<p>100\u00b0 Arena di Verona Opera Festival 2023<br \/>\ndal 16 giugno al 9 settembre<br \/>\nper i 100 anni dell\u2019opera in Arena, un cartellone senza precedenti con 8 titoli d\u2019opera, 4 serate di gala e 1 concerto straordinario di orchestra e coro del teatro alla scala<br \/>\nnel fine settimana di apertura, grande festa ininterrotta in tutta la citt\u00e0<\/p>\n<p><a href=\"http:\/\/www.ecoitaliano.com.ar\/wp-content\/uploads\/2022\/06\/3.-Manifesto-Arena-2023.jpg\"><img decoding=\"async\" class=\"alignnone size-full wp-image-24070\" src=\"http:\/\/www.ecoitaliano.com.ar\/wp-content\/uploads\/2022\/06\/3.-Manifesto-Arena-2023.jpg\" alt=\"\" width=\"8268\" height=\"11812\" srcset=\"https:\/\/www.ecoitaliano.com.ar\/wp-content\/uploads\/2022\/06\/3.-Manifesto-Arena-2023.jpg 8268w, https:\/\/www.ecoitaliano.com.ar\/wp-content\/uploads\/2022\/06\/3.-Manifesto-Arena-2023-210x300.jpg 210w, https:\/\/www.ecoitaliano.com.ar\/wp-content\/uploads\/2022\/06\/3.-Manifesto-Arena-2023-768x1097.jpg 768w, https:\/\/www.ecoitaliano.com.ar\/wp-content\/uploads\/2022\/06\/3.-Manifesto-Arena-2023-717x1024.jpg 717w, https:\/\/www.ecoitaliano.com.ar\/wp-content\/uploads\/2022\/06\/3.-Manifesto-Arena-2023-105x150.jpg 105w\" sizes=\"(max-width: 8268px) 100vw, 8268px\" \/><\/a><\/p>\n<p>Fondazione Arena di Verona annuncia per il 2023 un Festival straordinario, per celebrare la centesima Stagione d\u2019Opera in Arena, presentando al pubblico internazionale i titoli che nello storico anfiteatro hanno avuto pi\u00f9 successo e repliche nel corso delle 100 edizioni che la separano dalla sua nascita nel 1913, per un totale di 50 irripetibili serate in meno di tre mesi:<br \/>\nAida di Verdi in una nuova produzione dal 16 giugno,<br \/>\nCarmen di Bizet, regia di Franco Zeffirelli dal 23 giugno<br \/>\nIl Barbiere di Siviglia di Rossini secondo Hugo de Ana dal 24 giugno,<br \/>\nRigoletto di Verdi dal 1\u00b0 luglio,<br \/>\nLa Traviata di Verdi nella produzione di Franco Zeffirelli dall\u20198 luglio,<br \/>\nNabucco di Verdi secondo Gianfranco de Bosio dal 15 luglio,<br \/>\nTosca di Puccini nell\u2019allestimento di Hugo de Ana dal 29 luglio,<br \/>\nMadama Butterfly di Puccini secondo Franco Zeffirelli dal 12 agosto<br \/>\n5 le serate straordinarie, tra cui la danza senza confini di Roberto Bolle and Friends, tre nuovi spettacoli in forma scenica costruiti appositamente per altrettanti protagonisti: il grande debutto areniano di Juan Diego Fl\u00f3rez, l\u2019evento speciale dedicato a Pl\u00e1cido Domingo, l\u2019attesissimo ritorno a Verona di Jonas Kaufmann. Nel cuore della stagione si aggiunge per la prima volta un concerto sinfonico di Orchestra e Coro del Teatro alla Scala. Inoltre, il tradizionale fine settimana inaugurale 16-17 giugno diventer\u00e0 un vero e proprio happening non-stop lungo 28 ore per festeggiare lo spettacolo pi\u00f9 seducente, affascinante, eclettico e longevo mai creato dall\u2019ingegno umano: l\u2019Opera Lirica. Le prime due serate del Festival 2023 sono gi\u00e0 in vendita dalle 12 di domani 15 giugno.<br \/>\n100 volte la prima volta<\/p>\n<p>Per quanto l\u2019Arena di Verona non abbia mai rinunciato nel corso della sua storia millenaria alla vocazione di luogo di spettacolo, dalle naumachie dell\u2019antica Roma alle giostre medievali fino al Rossini del primo \u2018800, nel 1913 diventa la vera casa della grande Opera all\u2019aperto, con un\u2019Aida epitome del gusto Art Nouveau che, ricostruita dai bozzetti originali, \u00e8 ancora oggi spettacolo amatissimo dal pubblico.<br \/>\nFedele al proprio mandato storico di divulgatrice democratica della cultura musicale europea, da sempre casa popolare, accessibile e universale per il teatro musicale, ma anche luogo del cuore di star del Belcanto, teste coronate, attori hollywoodiani e spettatori da tutto il mondo, l\u2019Arena di Verona \u00e8 da sempre uno dei pi\u00f9 potenti luoghi di inclusivit\u00e0 dell\u2019arte.<br \/>\nLa stagione numero 100 dell\u2019Opera in Arena arriva a centodieci anni dal primo Festival in un conteggio interrotto dalle due guerre mondiali e dalla pi\u00f9 recente pandemia: il Festival presenter\u00e0 dunque il via con un\u2019attesissima nuova produzione di Aida, titolo simbolo dell\u2019anfiteatro, quindi riprender\u00e0 altri 7 titoli fra i pi\u00f9 amati, negli storici allestimenti che, con la loro potente grandeur e l\u2019ingegnosit\u00e0 necessaria ad affrontare un palcoscenico cos\u00ec immenso, sono diventati pietre miliari del gusto teatrale nel mondo.<br \/>\nOltre all\u2019opera regina dell\u2019Arena, i sette titoli sono Nabucco, Rigoletto e La Traviata di Verdi, Carmen di Bizet, Tosca e Madama Butterfly di Puccini e Il Barbiere di Siviglia di Rossini. Uno sforzo produttivo colossale e inedito per i complessi artistici, tecnici e amministrativi areniani, impegnati nella stessa stagione a portare in scena gli allestimenti firmati da veri maestri del genere come Franco Zeffirelli e Hugo de Ana, e un omaggio alla grande storia areniana rappresentata da Gianfranco de Bosio. I massimi interpreti di oggi saliranno sullo stesso palcoscenico che dal 1913 ha ospitato nel corso dei decenni da Zenatello a Grigolo, passando per Gigli, Schipa, Pertile, Lauri-Volpi, Lugo, Bergonzi, Corelli, Tucker, Del Monaco, Pavarotti, Carreras, Aragall, Giacomini, Licitra, Meli, Alagna, Sartori, Kunde, Kaufmann, Eyvazov, Karahan, Domingo, Gobbi, Bastianini, Protti, Cappuccilli, Bruson, Zancanaro, Hvorostosvskij, Alvarez, Nucci, Gazale, Enkhbat, De Angelis, Pinza, Pasero, Rossi-Lemeni, Ghiuselev, Giaiotti, Raimondi, Ramey, Furlanetto, Schrott, Pertusi, senza dimenticare Maria Callas, che qui ha fatto il suo debutto internazionale, e artiste come Cigna, Caniglia, Dal Monte, Zeani, Stella, Cerquetti, Tebaldi, Gencer, Caball\u00e9, Price, Olivero, Kabaivanska, Chiara, Guleghina, Ricciarelli, Dimitrova, Gheorghiu, Dyka, Oropesa, Kurzak, Dess\u00ec, Hern\u00e1ndez, Radvanosky, Netrebko, Yoncheva, He, Buratto, Siri, Stignani, Barbieri, Nicolai, Simionato, Cossotto, Obraztsova, Verrett, Garan\u010da, Rachvelishvili, solo per citarne alcune.<br \/>\nQuattro grandi spettacoli speciali verranno appositamente disegnati per quattro stelle di prima grandezza: ai grandi amici di sempre Pl\u00e1cido Domingo e Roberto Bolle, infatti, si aggiungeranno il ritorno di Jonas Kaufmann all\u2019Arena dopo la serata-evento del 2020 e il debutto sul palcoscenico areniano di Juan Diego Fl\u00f3rez, entrambi protagonisti di due diversi gala in forma scenica. Mentre l\u2019appuntamento lirico-sinfonico vedr\u00e0 protagonisti l\u2019Orchestra e il Coro del Teatro alla Scala di Milano, per la prima volta in Arena per unire cos\u00ec in un\u2019unica data speciale due simboli della cultura musicale italiana nel mondo.<br \/>\nIl fine settimana dell\u2019inaugurazione, appuntamento tradizionale dell\u2019Arena di Verona, si trasformer\u00e0 per l\u2019occasione in una vera festa non-stop, rafforzando quello spirito di partecipazione collettiva che \u00e8 da sempre uno dei punti di forza del Festival: il pubblico areniano, che in questo luogo unico diventa parte dello spettacolo anche grazie alle iconiche candeline, sar\u00e0 reso ancora pi\u00f9 partecipe del rito collettivo dell\u2019opera attraverso due notti bianche in musica che termineranno solo dopo l\u2019alba.<br \/>\nInoltre, a partire dall\u2019autunno 2022, Fondazione Arena di Verona offrir\u00e0 un assaggio di Festival nelle principali capitali europee per un countdown internazionale, internazionale come da sempre lo sono i protagonisti del Festival a partire proprio dalla scenografia pi\u00f9 bella del mondo: il pubblico areniano.<br \/>\n\u00abAlla vigilia del Festival 2022 \u2013 commenta il Sindaco di Verona Federico Sboarina \u2013 siamo gi\u00e0 fieri di annunciare il programma del 2023. Un anticipo che invita il pubblico a quella che sar\u00e0 una vera e propria celebrazione collettiva: il nostro centesimo Festival. Tutto il mondo guarder\u00e0 a Verona e al lavoro eccezionale della dirigenza e dei lavoratori di Fondazione Arena, che portano in scena spettacoli unici e i migliori artisti internazionali. Sottolineo con particolare orgoglio l\u2019ospitalit\u00e0 del Teatro alla Scala: un evento, fra i molti, che rappresenta il patrimonio comune e l\u2019eccellenza artistica. La forza della Fondazione \u00e8 quella di aver superato le difficolt\u00e0 oltre limiti che non pensavamo: allo stesso modo, questo Festival 100 \u00e8 un traguardo oltre il quale la Fondazione guarda gi\u00e0, pronta a superare nuovi limiti\u00bb.<br \/>\nIl Sovrintendente e Direttore Artistico Cecilia Gasdia, unico manager culturale ad essere stata nel corso della sua vita comparsa, artista del Coro, solista e infine prima donna a guidare il teatro pi\u00f9 grande del mondo, sottolinea la sua commozione di fronte alla responsabilit\u00e0 di disegnare un anno cos\u00ec speciale: \u00abLa stagione numero 100 \u00e8 un appuntamento fondamentale nella storia di un\u2019istituzione musicale, e vogliamo sia una festa per tutti. Racconter\u00e0 la nostra identit\u00e0, fra storia e presente, ma soprattutto anticiper\u00e0 il nostro futuro a partire dagli elementi imprescindibili: i migliori interpreti del mondo, la prima vocazione di questo grande Teatro; gli allestimenti, una festa per gli occhi su un palco eccezionale e sbalorditivo. Il pubblico sar\u00e0, come sempre, vero protagonista dei nostri progetti e destinatario finale di un\u2019esperienza magica quale \u00e8 l\u2019opera in Arena\u00bb.<br \/>\nTra i partner e gli sponsor maggiori confermati anche per la Centesima edizione, il primo ringraziamento va a UniCredit, Calzedonia, Pastificio Giovanni Rana, Volkswagen Group Italia, DB BAHN, RTL 102.5, quindi agli Official sponsor Veronafiere, Air Dolomiti, A4 Holding, Casa Sartori, SABA Italia, SDG Group e Vicenzi.<\/p>\n<p>Informazioni Ufficio Stampa Fondazione Arena di Verona<br \/>\nVia Roma 7\/D, 37121 Verona<br \/>\ntel. (+39) 045 805.1861-1905-1891-1939<br \/>\nufficio.stampa@arenadiverona.it<br \/>\nPress and Media Advisor Alessia Capelletti con Marina Nocilla<br \/>\nconsulenti@capelletti-moja.com<br \/>\nTel. +39 347 5801910 \/ Tel. +39 338 7172263<br \/>\nBiglietteria<br \/>\nVia Dietro Anfiteatro 6\/B, 37121 Verona<br \/>\ntel. (+39) 045 59.65.17 &#8211; fax (+39) 045 801.3287<br \/>\nbiglietteria@arenadiverona.it<br \/>\nCall center (+39) 045 800.51.51<br \/>\nPunti di prevendita TicketOne<br \/>\nwww.arena.it<\/p>\n<p>Arena di Verona<br \/>\n100\u00b0 Opera Festival 2023<br \/>\ndal 16 giugno al 9 settembre<\/p>\n<p>Aida<br \/>\ndi Giuseppe Verdi | NUOVA PRODUZIONE<br \/>\n16, 17, 25, 29 giugno ore 21.15 | 9, 16, 21, 30 luglio ore 21.00<br \/>\n2, 13, 18, 23 agosto ore 20.45 | 3, 8 settembre ore 20.45<br \/>\nCarmen<br \/>\ndi Georges Bizet | Regia Franco Zeffirelli<br \/>\n23 giugno ore 21.15 | 6 luglio ore 21.00<br \/>\n11, 24 agosto ore 20.45 | 6 settembre ore 20.45<br \/>\nIl Barbiere di Siviglia<br \/>\ndi Gioachino Rossini | Regia Hugo de Ana<br \/>\n24, 30 giugno ore 21.15 | 13, 22 luglio ore 21.00<br \/>\nRigoletto<br \/>\ndi Giuseppe Verdi<br \/>\n1, 7, 20 luglio ore 21.00 | 4 agosto ore 20.45<br \/>\nLa Traviata<br \/>\ndi Giuseppe Verdi | Regia Franco Zeffirelli<br \/>\n8, 14, 27 luglio ore 21.00 | 19, 26 agosto ore 20.45 | 9 settembre ore 20.45<br \/>\nNabucco<br \/>\ndi Giuseppe Verdi | Regia Gianfranco de Bosio<br \/>\n15, 28 luglio ore 21.00 | 3, 17 agosto ore 20.45<br \/>\nRoberto Bolle and Friends<br \/>\n19 luglio ore 21.15<br \/>\nJuan Diego Fl\u00f3rez in Opera-Arena 100<br \/>\n23 luglio ore 21.00<br \/>\nTosca<br \/>\ndi Giacomo Puccini | Regia Hugo de Ana<br \/>\n29 luglio ore 21.00 | 5, 10 agosto ore 20.45 | 1 settembre ore 20.45<br \/>\nPl\u00e1cido Domingo in Opera-Arena 100<br \/>\n6 agosto ore 21.00<br \/>\nMadama Butterfly<br \/>\ndi Giacomo Puccini | Regia Franco Zeffirelli<br \/>\n12, 25 agosto ore 20.45 | 2, 7 settembre ore 20.45<br \/>\nJonas Kaufmann in Opera-Arena 100<br \/>\n20 agosto ore 21.00<br \/>\nTeatro alla Scala in Arena di Verona<br \/>\n31 agosto ore 21.00<\/p>\n","protected":false},"excerpt":{"rendered":"<p>Ufficio Stampa 14\/06\/2022 Venerd\u00ec 17 giugno ore 21.15 Arena di Verona La Carmen definitiva di Franco Zeffirelli inaugura il 99\u00b0 [&hellip;]<\/p>\n","protected":false},"author":1,"featured_media":0,"comment_status":"open","ping_status":"open","sticky":false,"template":"","format":"standard","meta":{"footnotes":""},"categories":[1],"tags":[],"class_list":["post-24045","post","type-post","status-publish","format-standard","hentry","category-sin-categoria"],"_links":{"self":[{"href":"https:\/\/www.ecoitaliano.com.ar\/index.php?rest_route=\/wp\/v2\/posts\/24045","targetHints":{"allow":["GET"]}}],"collection":[{"href":"https:\/\/www.ecoitaliano.com.ar\/index.php?rest_route=\/wp\/v2\/posts"}],"about":[{"href":"https:\/\/www.ecoitaliano.com.ar\/index.php?rest_route=\/wp\/v2\/types\/post"}],"author":[{"embeddable":true,"href":"https:\/\/www.ecoitaliano.com.ar\/index.php?rest_route=\/wp\/v2\/users\/1"}],"replies":[{"embeddable":true,"href":"https:\/\/www.ecoitaliano.com.ar\/index.php?rest_route=%2Fwp%2Fv2%2Fcomments&post=24045"}],"version-history":[{"count":0,"href":"https:\/\/www.ecoitaliano.com.ar\/index.php?rest_route=\/wp\/v2\/posts\/24045\/revisions"}],"wp:attachment":[{"href":"https:\/\/www.ecoitaliano.com.ar\/index.php?rest_route=%2Fwp%2Fv2%2Fmedia&parent=24045"}],"wp:term":[{"taxonomy":"category","embeddable":true,"href":"https:\/\/www.ecoitaliano.com.ar\/index.php?rest_route=%2Fwp%2Fv2%2Fcategories&post=24045"},{"taxonomy":"post_tag","embeddable":true,"href":"https:\/\/www.ecoitaliano.com.ar\/index.php?rest_route=%2Fwp%2Fv2%2Ftags&post=24045"}],"curies":[{"name":"wp","href":"https:\/\/api.w.org\/{rel}","templated":true}]}}