{"id":24072,"date":"2022-06-16T15:43:08","date_gmt":"2022-06-16T15:43:08","guid":{"rendered":"http:\/\/www.ecoitaliano.com.ar\/?p=24072"},"modified":"2022-06-16T15:43:32","modified_gmt":"2022-06-16T15:43:32","slug":"cartella-stampa-shimamoto-sumi-_-sui-campi-riarsi-i-sogni-vanno-errando-_-opening-3-luglio","status":"publish","type":"post","link":"https:\/\/www.ecoitaliano.com.ar\/?p=24072","title":{"rendered":"Cartella stampa Shimamoto\/Sumi _ sui campi riarsi i sogni vanno errando _ opening 3 luglio"},"content":{"rendered":"<div id='gallery-1' class='gallery galleryid-24072 gallery-columns-3 gallery-size-thumbnail'><figure class='gallery-item'>\n\t\t\t<div class='gallery-icon landscape'>\n\t\t\t\t<a href='https:\/\/www.ecoitaliano.com.ar\/?attachment_id=24073'><img decoding=\"async\" width=\"150\" height=\"150\" src=\"https:\/\/www.ecoitaliano.com.ar\/wp-content\/uploads\/2022\/06\/shimamoto_sbn-Medium-150x150.jpg\" class=\"attachment-thumbnail size-thumbnail\" alt=\"\" \/><\/a>\n\t\t\t<\/div><\/figure><figure class='gallery-item'>\n\t\t\t<div class='gallery-icon portrait'>\n\t\t\t\t<a href='https:\/\/www.ecoitaliano.com.ar\/?attachment_id=24074'><img decoding=\"async\" width=\"150\" height=\"150\" src=\"https:\/\/www.ecoitaliano.com.ar\/wp-content\/uploads\/2022\/06\/sumi-ris-media-150x150.jpg\" class=\"attachment-thumbnail size-thumbnail\" alt=\"\" \/><\/a>\n\t\t\t<\/div><\/figure><figure class='gallery-item'>\n\t\t\t<div class='gallery-icon portrait'>\n\t\t\t\t<a href='https:\/\/www.ecoitaliano.com.ar\/?attachment_id=24075'><img decoding=\"async\" width=\"150\" height=\"150\" src=\"https:\/\/www.ecoitaliano.com.ar\/wp-content\/uploads\/2022\/06\/locandina_manifestoGUTAI-150x150.jpg\" class=\"attachment-thumbnail size-thumbnail\" alt=\"\" \/><\/a>\n\t\t\t<\/div><\/figure>\n\t\t<\/div>\n\n<p>&nbsp;<\/p>\n<p class=\"western\" lang=\"it-IT\" align=\"center\"><span style=\"font-family: Cambria, serif;\"><b>COMUNICATO STAMPA<\/b><\/span><\/p>\n<p class=\"western\" lang=\"it-IT\" align=\"center\"><span style=\"font-family: Cambria, serif;\"><span style=\"font-size: x-large;\"><b>Sh\u014dz\u014d Shimamoto | Yasuo Sumi<\/b><\/span><\/span><\/p>\n<p class=\"western\" lang=\"it-IT\" align=\"center\"><span style=\"font-family: Cambria, serif;\"><span style=\"font-size: xx-large;\"><i><b>Sui campi riarsi i sogni vanno errando<\/b><\/i><\/span><\/span><\/p>\n<p class=\"western\" lang=\"it-IT\" align=\"center\"><span style=\"font-family: Cambria, serif;\"><span style=\"font-size: medium;\">a cura di <\/span><\/span><span style=\"font-family: Cambria, serif;\"><span style=\"font-size: medium;\"><b>Giulia Perugini<\/b><\/span><\/span><\/p>\n<p class=\"western\" lang=\"it-IT\" align=\"center\"><span style=\"font-family: Cambria, serif;\"><span style=\"font-size: medium;\"><b>opening \/\/ 3 luglio 2022 ore 18:30<\/b><\/span><\/span><\/p>\n<p class=\"western\" lang=\"it-IT\" align=\"justify\"><span style=\"font-family: Cambria, serif;\"><span style=\"font-size: medium;\">Il TOMAV Torre Moresco Centro Arti Visive, in collaborazione con Tomav Experience Associazione Culturale e con il MOCAfeast 2022 di Monsano, \u00e8 lieto di annunciare <\/span><\/span><span style=\"font-family: Cambria, serif;\"><span style=\"font-size: medium;\"><i><b>Sh\u014dz\u014d Shimamoto, Yasuo Sumi. Sui campi riarsi i sogni vanno errando<\/b><\/i><\/span><\/span><span style=\"font-family: Cambria, serif;\"><span style=\"font-size: medium;\">, una mostra a cura di Giulia Perugini che pone l\u2019accento sulle ritualit\u00e0 di ieri e di oggi, per operare una riflessione collettiva sul senso di comunit\u00e0 e sulle sue possibili evoluzioni.<\/span><\/span><\/p>\n<p class=\"western\" lang=\"it-IT\" align=\"justify\"><span style=\"font-family: Cambria, serif;\"><span style=\"font-size: medium;\">Partendo da una contestualizzazione storica degli artisti e delle opere in mostra \u2013 grazie agli interventi testuali di Marino Capretti, alla presenza di documentazione video e di cataloghi disponibili per la libera consultazione \u2013 l\u2019esposizione, senza pretese di completezza scientifica, insiste sui nuclei generativi che hanno nutrito tutte le esperienze di Gutai (di cui Sh\u014dz\u014d Shimamoto e Yasuo Sumi sono illustri esponenti) fin dal 1954, anno in cui il gruppo muove suoi primi passi nel mondo dell\u2019arte. La volont\u00e0 \u00e8 quella di condurre il visitatore attraverso una polifonia di stimoli visivi e uditivi in grado di schiudere l\u2019armonia di quella frequenza fondamentale comune a tutte le cose, riscoprendo un pi\u00f9 profondo senso di appartenenza alla natura.<\/span><\/span><\/p>\n<p class=\"western\" lang=\"it-IT\" align=\"justify\"><span style=\"font-family: Cambria, serif;\"><span style=\"font-size: medium;\">Il percorso proposto si nutre di alcune considerazioni contenute in un saggio di Byung-Chul Han del 2019, nel quale viene ripercorsa la scomparsa del senso di comunit\u00e0 a partire dalla sparizione del rito in favore di un consumo feroce degli oggetti e di un ripiegamento narcisistico della collettivit\u00e0. Creando un ponte che collega idealmente lo spazio espositivo alle sponde rigogliose della produzione orientale, <\/span><\/span><span style=\"font-family: Cambria, serif;\"><span style=\"font-size: medium;\"><i>Sui campi riarsi i sogni vanno errando<\/i><\/span><\/span><span style=\"font-family: Cambria, serif;\"><span style=\"font-size: medium;\"> si propone, allora, di cucire insieme spazi e tempi diversi (il passato e il presente; l\u2019oriente e l\u2019occidente) per saltare le recinzioni del territorio dell\u2019arte, far sedere idealmente tutti i visitatori ad una unica tavola rotonda e ripensare alla valenza delle performance, dei riti e delle loro tracce nella societ\u00e0 contemporanea. I quesiti centrali sono gli stessi alla base di tutte le azioni di Gutai: qual \u00e8 l\u2019identit\u00e0 dell\u2019arte oggi? In che modo le arti contemporanee possono dialogare tra loro senza legami di subordinazione? Qual \u00e8 il ruolo dell\u2019arte nella costruzione del futuro della collettivit\u00e0? <\/span><\/span><\/p>\n<p class=\"western\" lang=\"it-IT\" align=\"justify\"><span style=\"font-family: Cambria, serif;\"><span style=\"font-size: medium;\">Proprio il concetto di futuro lascia affiorare il <\/span><\/span><span style=\"font-family: Cambria, serif;\"><span style=\"font-size: medium;\"><i>fil rouge<\/i><\/span><\/span><span style=\"font-family: Cambria, serif;\"><span style=\"font-size: medium;\"> che collega il discorso artistico di Sh\u014dz\u014d Shimamoto e di Yasuo Sumi, come pure quello di Gutai pi\u00f9 in generale \u2013 la cui traduzione italiana pu\u00f2 essere resa con <\/span><\/span><span style=\"font-family: Cambria, serif;\"><span style=\"font-size: medium;\"><i>concreto<\/i><\/span><\/span><span style=\"font-family: Cambria, serif;\"><span style=\"font-size: medium;\">, o meglio, \u00abpossibilit\u00e0 di rendere concreta, attraverso la materia, la spiritualit\u00e0\u00bb \u2013 alle intenzionalit\u00e0 di questa esposizione. Difatti, \u00abse \u00e8 vero che il presente \u00e8 inafferrabile, sempre travolto dal tempo che passa, e il passato sempre oltrepassato, irrimediabilmente compiuto o dimenticato\u00bb, prendendo a prestito le parole di Marc Aug\u00e9, il futuro \u00e8 \u00abil tempo pi\u00f9 concreto della coniugazione\u00bb, che, pur riguardando l\u2019individuo, ha sempre dimensione sociale. <\/span><\/span><\/p>\n<p class=\"western\" lang=\"it-IT\" align=\"justify\"><span style=\"font-family: Cambria, serif;\"><span style=\"font-size: medium;\">Animando il periodo di apertura dell\u2019esposizione con un calendario ricco di incontri ed appuntamenti di approfondimento, il TOMAV, di concerto con Vivai Nicole di Denis Del Gatto \u2013 <\/span><\/span><span style=\"font-family: Cambria, serif;\"><span style=\"font-size: medium;\"><i>main sponsor<\/i><\/span><\/span><span style=\"font-family: Cambria, serif;\"><span style=\"font-size: medium;\"> della mostra \u2013 conferma cos\u00ec il proprio impegno nei confronti dell\u2019ideazione e della promozione di iniziative culturali dedicate al territorio. <\/span><\/span><\/p>\n<p class=\"western\" lang=\"it-IT\"><span style=\"font-family: Cambria, serif;\"><b>Sh\u014dz\u014d Shimamoto | Yasuo Sumi<\/b><\/span><\/p>\n<p class=\"western\" lang=\"it-IT\"><span style=\"font-family: Cambria, serif;\"><i><b>Sui campi riarsi i sogni vanno errando<\/b><\/i><\/span><\/p>\n<p class=\"western\" lang=\"it-IT\"><span style=\"font-family: Cambria, serif;\">a cura di Giulia Perugini<\/span><\/p>\n<p class=\"western\" lang=\"it-IT\"><span style=\"font-family: Cambria, serif;\">direzione artistica di Andrea Giusti<\/span><\/p>\n<p class=\"western\" lang=\"it-IT\"><span style=\"font-family: Cambria, serif;\">con testi di Marino Capretti e Giulia Perugini<\/span><\/p>\n<p class=\"western\" lang=\"it-IT\"><span style=\"font-family: Cambria, serif;\"><b>TOMAV \u2013 Torre Moresco Centro Arti Visive<\/b><\/span><\/p>\n<p class=\"western\" lang=\"it-IT\"><span style=\"font-family: Cambria, serif;\">Moresco (FM)<\/span><\/p>\n<p class=\"western\" lang=\"it-IT\"><span style=\"font-family: Cambria, serif;\"><b>In collaborazione con<\/b><\/span><\/p>\n<p class=\"western\" lang=\"it-IT\"><span style=\"font-family: Cambria, serif;\">Tomav Experience Associazione Culturale<\/span><\/p>\n<p class=\"western\" lang=\"it-IT\"><span style=\"font-family: Cambria, serif;\">MOCAfeast 2022 di Monsano (AN)<\/span><\/p>\n<p class=\"western\" lang=\"it-IT\"><span style=\"font-family: Cambria, serif;\"><b>opening \/\/ <\/b><\/span><span style=\"font-family: Cambria, serif;\">domenica 3 luglio ore 18:30<\/span><\/p>\n<p class=\"western\" lang=\"it-IT\"><span style=\"font-family: Cambria, serif;\"><b>main sponsor: Vivai Nicole _ Sant\u2019Elpidio a Mare<\/b><\/span><\/p>\n<p class=\"western\" lang=\"it-IT\"><span style=\"font-family: Cambria, serif;\"><b>Orari<\/b><\/span><\/p>\n<p class=\"western\" lang=\"it-IT\"><span style=\"font-family: Cambria, serif;\">sabato e domenica 18:00 \u2013 20:00<\/span><\/p>\n<p class=\"western\" lang=\"it-IT\"><span style=\"font-family: Cambria, serif;\"><b>Contatti<\/b><\/span><\/p>\n<p class=\"western\" lang=\"it-IT\"><span style=\"font-family: Cambria, serif;\">telefono: +39 351 5199570<\/span><\/p>\n<p class=\"western\" lang=\"it-IT\"><span style=\"font-family: Cambria, serif;\">e-mail:\u00a0tomav.expe@gmail.com<\/span><\/p>\n<p lang=\"it-IT\">\n","protected":false},"excerpt":{"rendered":"<p>&nbsp; COMUNICATO STAMPA Sh\u014dz\u014d Shimamoto | Yasuo Sumi Sui campi riarsi i sogni vanno errando a cura di Giulia Perugini [&hellip;]<\/p>\n","protected":false},"author":1,"featured_media":0,"comment_status":"open","ping_status":"open","sticky":false,"template":"","format":"standard","meta":{"footnotes":""},"categories":[4,10],"tags":[],"class_list":["post-24072","post","type-post","status-publish","format-standard","hentry","category-cultura","category-italiano"],"_links":{"self":[{"href":"https:\/\/www.ecoitaliano.com.ar\/index.php?rest_route=\/wp\/v2\/posts\/24072","targetHints":{"allow":["GET"]}}],"collection":[{"href":"https:\/\/www.ecoitaliano.com.ar\/index.php?rest_route=\/wp\/v2\/posts"}],"about":[{"href":"https:\/\/www.ecoitaliano.com.ar\/index.php?rest_route=\/wp\/v2\/types\/post"}],"author":[{"embeddable":true,"href":"https:\/\/www.ecoitaliano.com.ar\/index.php?rest_route=\/wp\/v2\/users\/1"}],"replies":[{"embeddable":true,"href":"https:\/\/www.ecoitaliano.com.ar\/index.php?rest_route=%2Fwp%2Fv2%2Fcomments&post=24072"}],"version-history":[{"count":0,"href":"https:\/\/www.ecoitaliano.com.ar\/index.php?rest_route=\/wp\/v2\/posts\/24072\/revisions"}],"wp:attachment":[{"href":"https:\/\/www.ecoitaliano.com.ar\/index.php?rest_route=%2Fwp%2Fv2%2Fmedia&parent=24072"}],"wp:term":[{"taxonomy":"category","embeddable":true,"href":"https:\/\/www.ecoitaliano.com.ar\/index.php?rest_route=%2Fwp%2Fv2%2Fcategories&post=24072"},{"taxonomy":"post_tag","embeddable":true,"href":"https:\/\/www.ecoitaliano.com.ar\/index.php?rest_route=%2Fwp%2Fv2%2Ftags&post=24072"}],"curies":[{"name":"wp","href":"https:\/\/api.w.org\/{rel}","templated":true}]}}