{"id":24085,"date":"2022-06-16T17:07:14","date_gmt":"2022-06-16T17:07:14","guid":{"rendered":"http:\/\/www.ecoitaliano.com.ar\/?p=24085"},"modified":"2022-06-16T17:07:14","modified_gmt":"2022-06-16T17:07:14","slug":"serena-conduce-operaclassica-eco-italiano-1569","status":"publish","type":"post","link":"https:\/\/www.ecoitaliano.com.ar\/?p=24085","title":{"rendered":"Serena conduce operaclassica eco italiano"},"content":{"rendered":"<p><a href=\"http:\/\/www.ecoitaliano.com.ar\/wp-content\/uploads\/2022\/06\/image001-2.jpg\"><img decoding=\"async\" class=\"alignnone size-full wp-image-24086\" src=\"http:\/\/www.ecoitaliano.com.ar\/wp-content\/uploads\/2022\/06\/image001-2.jpg\" alt=\"\" width=\"188\" height=\"54\" srcset=\"https:\/\/www.ecoitaliano.com.ar\/wp-content\/uploads\/2022\/06\/image001-2.jpg 188w, https:\/\/www.ecoitaliano.com.ar\/wp-content\/uploads\/2022\/06\/image001-2-150x43.jpg 150w\" sizes=\"(max-width: 188px) 100vw, 188px\" \/><\/a><\/p>\n<p>Ravello, 14 giugno 2022<\/p>\n<p>RAVELLO FESTIVAL 2022 DAL 16 GIUGNO VIA ALLA PREVENDITA ONLINE DEI BIGLIETTI<\/p>\n<p><a href=\"http:\/\/www.ecoitaliano.com.ar\/wp-content\/uploads\/2022\/06\/Belvedere-di-Villa-Rufolo-2020-\u00a9-ph-Pino-Izzo.jpg\"><img decoding=\"async\" class=\"alignnone size-full wp-image-24087\" src=\"http:\/\/www.ecoitaliano.com.ar\/wp-content\/uploads\/2022\/06\/Belvedere-di-Villa-Rufolo-2020-\u00a9-ph-Pino-Izzo.jpg\" alt=\"\" width=\"1024\" height=\"683\" srcset=\"https:\/\/www.ecoitaliano.com.ar\/wp-content\/uploads\/2022\/06\/Belvedere-di-Villa-Rufolo-2020-\u00a9-ph-Pino-Izzo.jpg 1024w, https:\/\/www.ecoitaliano.com.ar\/wp-content\/uploads\/2022\/06\/Belvedere-di-Villa-Rufolo-2020-\u00a9-ph-Pino-Izzo-300x200.jpg 300w, https:\/\/www.ecoitaliano.com.ar\/wp-content\/uploads\/2022\/06\/Belvedere-di-Villa-Rufolo-2020-\u00a9-ph-Pino-Izzo-768x512.jpg 768w, https:\/\/www.ecoitaliano.com.ar\/wp-content\/uploads\/2022\/06\/Belvedere-di-Villa-Rufolo-2020-\u00a9-ph-Pino-Izzo-150x100.jpg 150w\" sizes=\"(max-width: 1024px) 100vw, 1024px\" \/><\/a><\/p>\n<p>Gioved\u00ec 16 giugno (dalle ore 16) via alla prevendita online per gli appuntamenti del Ravello Festival 2022.<br \/>\nI biglietti per la 70esima edizione, che verr\u00e0 inaugurata venerd\u00ec 8 luglio dall\u2019Orchestra del Teatro di San Carlo di Napoli diretta da Juraj Val\u010duha, saranno disponibili sul sito ufficiale www.ravellofestival.com e sul circuito www.etes.it.<br \/>\nDa venerd\u00ec 1\u00b0 luglio sar\u00e0 operativo il boxoffice di Piazza Duomo a Ravello con il seguente orario: dal marted\u00ec alla domenica dalle 10 alle 14 e dalle 15 alle 19. Il punto vendita sar\u00e0 chiuso il luned\u00ec mentre nei giorni degli spettacoli sar\u00e0 attivo dalle ore 10 fino all\u2019orario di inizio dell\u2019ultima rappresentazione.<br \/>\nIl programma completo e tutti i dettagli sulla vendita sono consultabili su www.ravellofestival.com.<br \/>\nPer info: tel. 089 858422; boxoffice@ravellofestival.com<\/p>\n","protected":false},"excerpt":{"rendered":"<p>Ravello, 14 giugno 2022 RAVELLO FESTIVAL 2022 DAL 16 GIUGNO VIA ALLA PREVENDITA ONLINE DEI BIGLIETTI Gioved\u00ec 16 giugno (dalle [&hellip;]<\/p>\n","protected":false},"author":1,"featured_media":0,"comment_status":"open","ping_status":"open","sticky":false,"template":"","format":"standard","meta":{"footnotes":""},"categories":[1],"tags":[],"class_list":["post-24085","post","type-post","status-publish","format-standard","hentry","category-sin-categoria"],"_links":{"self":[{"href":"https:\/\/www.ecoitaliano.com.ar\/index.php?rest_route=\/wp\/v2\/posts\/24085","targetHints":{"allow":["GET"]}}],"collection":[{"href":"https:\/\/www.ecoitaliano.com.ar\/index.php?rest_route=\/wp\/v2\/posts"}],"about":[{"href":"https:\/\/www.ecoitaliano.com.ar\/index.php?rest_route=\/wp\/v2\/types\/post"}],"author":[{"embeddable":true,"href":"https:\/\/www.ecoitaliano.com.ar\/index.php?rest_route=\/wp\/v2\/users\/1"}],"replies":[{"embeddable":true,"href":"https:\/\/www.ecoitaliano.com.ar\/index.php?rest_route=%2Fwp%2Fv2%2Fcomments&post=24085"}],"version-history":[{"count":0,"href":"https:\/\/www.ecoitaliano.com.ar\/index.php?rest_route=\/wp\/v2\/posts\/24085\/revisions"}],"wp:attachment":[{"href":"https:\/\/www.ecoitaliano.com.ar\/index.php?rest_route=%2Fwp%2Fv2%2Fmedia&parent=24085"}],"wp:term":[{"taxonomy":"category","embeddable":true,"href":"https:\/\/www.ecoitaliano.com.ar\/index.php?rest_route=%2Fwp%2Fv2%2Fcategories&post=24085"},{"taxonomy":"post_tag","embeddable":true,"href":"https:\/\/www.ecoitaliano.com.ar\/index.php?rest_route=%2Fwp%2Fv2%2Ftags&post=24085"}],"curies":[{"name":"wp","href":"https:\/\/api.w.org\/{rel}","templated":true}]}}