{"id":24089,"date":"2022-06-16T17:16:02","date_gmt":"2022-06-16T17:16:02","guid":{"rendered":"http:\/\/www.ecoitaliano.com.ar\/?p=24089"},"modified":"2022-06-16T17:16:02","modified_gmt":"2022-06-16T17:16:02","slug":"serena-conduce-operaclassica-eco-italiano-1570","status":"publish","type":"post","link":"https:\/\/www.ecoitaliano.com.ar\/?p=24089","title":{"rendered":"Serena conduce operaclassica eco italiano"},"content":{"rendered":"<p><a href=\"http:\/\/www.ecoitaliano.com.ar\/wp-content\/uploads\/2022\/06\/image001.png\"><img decoding=\"async\" class=\"alignnone size-full wp-image-24026\" src=\"http:\/\/www.ecoitaliano.com.ar\/wp-content\/uploads\/2022\/06\/image001.png\" alt=\"\" width=\"343\" height=\"46\" srcset=\"https:\/\/www.ecoitaliano.com.ar\/wp-content\/uploads\/2022\/06\/image001.png 343w, https:\/\/www.ecoitaliano.com.ar\/wp-content\/uploads\/2022\/06\/image001-300x40.png 300w, https:\/\/www.ecoitaliano.com.ar\/wp-content\/uploads\/2022\/06\/image001-150x20.png 150w\" sizes=\"(max-width: 343px) 100vw, 343px\" \/><\/a><\/p>\n<p style=\"font-weight: 400;\"><strong>Festival del Maggio Musicale Fiorentino<\/strong><\/p>\n<p style=\"font-weight: 400;\"><strong>Presentazione del volume \u201cNon solo per amore\u201d in memoria di Francesca Morvillo. Edizioni Treccani.<\/strong><\/p>\n<p style=\"font-weight: 400;\"><strong>Venerd\u00ec 17 giugno 2022, ore 17.30 \u2013 Foyer di galleria della Sala grande del Teatro del Maggio<\/strong><\/p>\n<p style=\"font-weight: 400;\">\n<p style=\"font-weight: 400;\">\n<p style=\"font-weight: 400;\"><em>Firenze 16 giugno 2022<\/em>\u00a0\u2013 Il Teatro del Maggio, in occasione del trentesimo anniversario della strage di Capaci nel quale persero la vita il giudice Falcone, sua moglie Francesca Morvillo e la scorta, ha deciso di ricordare la figura della magistrata uccisa dalla mafia a fianco del marito, con la presentazione del volume \u201cNon solo per amore\u201d, edito da Treccani in sua memoria.<\/p>\n<p style=\"font-weight: 400;\">\n<p style=\"font-weight: 400;\">All\u2019incontro nel foyer di galleria della Sala Grande del Teatro del Maggio,\u00a0<u>venerd\u00ec 17 giugno alle ore 17.30<\/u>, intervengono\u00a0<strong>Margherita Cassano<\/strong>, presidente aggiunto della Corte di Cassazione e\u00a0<strong>Valdo Spini<\/strong>, vice presidente del Consiglio d\u2019Indirizzo del Maggio il quale porter\u00e0 il saluto istituzionale. Partecipano come relatori, la storica\u00a0<strong>Anna Scatigno<\/strong>, lo storico\u00a0<strong>Raffaele Romanelli<\/strong>\u00a0e il magistrato\u00a0<strong>Marcello Bortolato,\u00a0<\/strong>presidente del Tribunale di sorveglianza di Firenze.<\/p>\n<p style=\"font-weight: 400;\">Saranno presenti le curatrici\u00a0<strong>Cetta Brancato<\/strong>, scrittrice,\u00a0<strong>Giovanna Fiume<\/strong>\u00a0e\u00a0<strong>Paola Maggio<\/strong>, docenti universitarie e scrittrici. Coordina la giornalista\u00a0<strong>Olga Mugnaini<\/strong>.<\/p>\n<p style=\"font-weight: 400;\">Durante la presentazione verr\u00e0 eseguito il brano \u201cPoich\u00e9 io andai\u201d tratto dalla composizione \u201cCanto per Francesca\u201d di\u00a0<strong>Cetta Brancato<\/strong>\u00a0su musica del compositore\u00a0<strong>Marco Betta,\u00a0<\/strong>attuale sovrintendente del Teatro Massimo di Palermo. Letture di\u00a0<strong>Marina Mior<\/strong>, artista del Coro del Maggio,\u00a0 e al violoncello\u00a0<strong>Simao Alcoforado-Barreira<\/strong>, primo violoncello dell\u2019Orchestra del Maggio.<\/p>\n<p style=\"font-weight: 400;\">\n<p style=\"font-weight: 400;\">Chi era Francesca Morvillo?<\/p>\n<p style=\"font-weight: 400;\">L\u2019immagine di Francesca Morvillo ha faticato a uscire dal cono d\u2019ombra dove l\u2019hanno posta l\u2019indubbia grandezza della figura di suo marito Giovanni Falcone, la tragica abnegazione degli uomini della scorta e, infine, il peso politico della strage di Capaci del 23 maggio 1992. Il volume \u201cNon solo per amore\u201d, che viene presentato al Maggio, in profondo ossequio alla sua figura umana e professionale e nel recente ricordo del trentennale della strage,\u00a0 offre una ricostruzione corale di amici, colleghi e studiosi e vuole rendere giustizia alla sottovalutazione dell\u2019unica magistrata vittima della violenza mafiosa, ricomponendone il profilo frammentato dai cento ricordi.<\/p>\n<p style=\"font-weight: 400;\">Questo lavoro a pi\u00f9 voci, che ricostruisce fasi e momenti diversi della sua vita, offre una luce nuova e inedita su questa giurista, tra le prime donne magistrato siciliane, sulla sua cultura, sulla sua conoscenza profonda e raffinata del diritto e della procedura penale, ma anche sulla sua grande umanit\u00e0 e generosit\u00e0, sulla sua gentile riservatezza, sulla forza della sua personalit\u00e0 che ne ha fatto un vero modello di giudice per le giovani e i giovani che si avviavano allora e che si avviano oggi alla professione di magistrato. Grazie alle parole di amici e colleghi il libro ripercorre la vita di Francesca Morvillo dagli anni della scuola e dell\u2019universit\u00e0 ai periodi pi\u00f9 significativi in magistratura, nel ruolo amato di magistrato minorile e in quello di giudice presso la Corte di Appello di Palermo. Sino agli ultimi giorni che la videro impegnata come componente della commissione per gli esami da magistrato e alla tragedia di trent\u2019anni fa. Ancora una volta accanto a Giovanni Falcone, l\u2019uomo che tanto amava, riamata, e che con orgoglio ne apprezzava, tra le tante qualit\u00e0, il grande valore professionale.<\/p>\n<p style=\"font-weight: 400;\">\n<p style=\"font-weight: 400;\"><u>Per Francesca Morvillo, il ricordo di Valdo Spini, in occasione della presentazione del libro<\/u>.<\/p>\n<p style=\"font-weight: 400;\"><em>Siamo nel\u00a0 trentennale della strage di Capaci con l\u2019assassinio di Giovanni Falcone, della moglie Francesca Morvillo e degli uomini della scorta: Vito Schifani, Rocco Dicilio, Antonio Montinaro.<\/em><\/p>\n<p style=\"font-weight: 400;\"><em>C\u2019\u00e8 stato un legame particolare tra Firenze e Giovanni Falcone. Il 30 aprile 1989 lo invitammo a parlare al Circolo Rosselli di Firenze . Eravamo nel pieno di quel periodo di incomprensioni nei suoi confronti che avevano portato il Consiglio Superiore della Magistratura a negargli la successione ad Antonino Caponnetto e a poche settimane dal fallito attentato dell\u2019Addaura\u00a0 (21 giugno successivo) che, come sottolinea il libro che presentiamo, preoccup\u00f2 non poco e giustamente sia il giudice Falcone che sua moglie Francesca Morvillo. La nostra iniziativa intendeva essere , e lo fu in effetti, un momento di solidariet\u00e0 verso il magistrato siciliano, che personalmente avevo cominciato a conoscere agli inizi del 1987 nella mia veste di sottosegretario al Ministero dell\u2019Interno.<\/em><\/p>\n<p style=\"font-weight: 400;\"><em>Un ricordo particolare: dopo il convegno andammo a cena con Falcone mentre sopra di noi ronzava un elicottero e alla fine, l\u2019avvocatessa Fernanda Contri, membro del Csm, pure lei intervenuta al Convegno dette al giudice un pacchettino di dolci. Questi, disse,\u00a0 sono per Francesca a parziale indennizzo per averle sottratto in quei giorni il marito. (al trenta aprile segue com\u2019\u00e8 noto il primo maggio)<\/em><\/p>\n<p style=\"font-weight: 400;\"><em>Oggi con questa iniziativa nella sede del Teatro del Maggio stabiliamo un legame particolare con Francesca Morvillo e la sua memoria.<\/em><\/p>\n<p style=\"font-weight: 400;\"><em>Giustamente l\u2019importante libro che presentiamo vuole alzare il velo su quella che era stata per lungo tempo definita semplicemente \u201cla moglie di Giovanni Falcone\u201d e restituirci in tutte le sue dimensioni questa bella figura.<\/em><\/p>\n<p style=\"font-weight: 400;\"><em>Francesca Morvillo \u00e8 stata una delle prime donne a entrare in magistratura (e non fu un ingresso facile quello delle donne in questa funzione) con un suo percorso di rilievo sia nella giustizia minorile che come consigliere della Corte d\u2019Appello di Palermo. Sposando Falcone, Francesca Morvillo conosceva bene i rischi a cui andava incontro e nonostante taluni inviti in tal senso, non si volle allontanare mai dal marito. In questo modo gli conferiva una particolare forza ma rischiava la vita. E cos\u00ec fu nella tremenda strage di Capaci: proprio pochi giorni fa, per alcuni personaggi di quella vicenda la Cassazione ha confermato quattro ergastoli ponendo fine al processo Capaci bis .<\/em><\/p>\n<p style=\"font-weight: 400;\"><em>Firenze, che nel 1993 doveva conoscere l\u2019attentato mafioso di via dei Georgofili, \u00e8 stata sempre particolarmente sensibile e solidale nella lotta alla mafia.<\/em><\/p>\n<p style=\"font-weight: 400;\"><em>Una lotta che non deve conoscere n\u00e9 soste n\u00e9 appannamenti, come dimostra il riemergere di illustri condannati in Sicilia oppure i recentissimi incendi di campi di grano ai danni di un imprenditore antiracket nel foggiano.<\/em><\/p>\n<p style=\"font-weight: 400;\"><em>\u00c8 un impegno \u2013 la lotta a tutte le mafie- che dobbiamo alla memoria di chi , come Francesca Morvillo, in questa battaglia ha dato la vita.<\/em><\/p>\n<p style=\"font-weight: 400;\"><a href=\"http:\/\/www.ecoitaliano.com.ar\/wp-content\/uploads\/2022\/06\/Francesca-Morvillo.jpg\"><img decoding=\"async\" class=\"alignnone size-full wp-image-24090\" src=\"http:\/\/www.ecoitaliano.com.ar\/wp-content\/uploads\/2022\/06\/Francesca-Morvillo.jpg\" alt=\"\" width=\"2362\" height=\"1617\" srcset=\"https:\/\/www.ecoitaliano.com.ar\/wp-content\/uploads\/2022\/06\/Francesca-Morvillo.jpg 2362w, https:\/\/www.ecoitaliano.com.ar\/wp-content\/uploads\/2022\/06\/Francesca-Morvillo-300x205.jpg 300w, https:\/\/www.ecoitaliano.com.ar\/wp-content\/uploads\/2022\/06\/Francesca-Morvillo-768x526.jpg 768w, https:\/\/www.ecoitaliano.com.ar\/wp-content\/uploads\/2022\/06\/Francesca-Morvillo-1024x701.jpg 1024w, https:\/\/www.ecoitaliano.com.ar\/wp-content\/uploads\/2022\/06\/Francesca-Morvillo-150x103.jpg 150w\" sizes=\"(max-width: 2362px) 100vw, 2362px\" \/><\/a> <a href=\"http:\/\/www.ecoitaliano.com.ar\/wp-content\/uploads\/2022\/06\/20220616_Non-solo-per-amore.jpg\"><img decoding=\"async\" class=\"alignnone size-full wp-image-24091\" src=\"http:\/\/www.ecoitaliano.com.ar\/wp-content\/uploads\/2022\/06\/20220616_Non-solo-per-amore.jpg\" alt=\"\" width=\"2955\" height=\"2102\" srcset=\"https:\/\/www.ecoitaliano.com.ar\/wp-content\/uploads\/2022\/06\/20220616_Non-solo-per-amore.jpg 2955w, https:\/\/www.ecoitaliano.com.ar\/wp-content\/uploads\/2022\/06\/20220616_Non-solo-per-amore-300x213.jpg 300w, https:\/\/www.ecoitaliano.com.ar\/wp-content\/uploads\/2022\/06\/20220616_Non-solo-per-amore-768x546.jpg 768w, https:\/\/www.ecoitaliano.com.ar\/wp-content\/uploads\/2022\/06\/20220616_Non-solo-per-amore-1024x728.jpg 1024w, https:\/\/www.ecoitaliano.com.ar\/wp-content\/uploads\/2022\/06\/20220616_Non-solo-per-amore-150x107.jpg 150w\" sizes=\"(max-width: 2955px) 100vw, 2955px\" \/><\/a><\/p>\n","protected":false},"excerpt":{"rendered":"<p>Festival del Maggio Musicale Fiorentino Presentazione del volume \u201cNon solo per amore\u201d in memoria di Francesca Morvillo. Edizioni Treccani. Venerd\u00ec [&hellip;]<\/p>\n","protected":false},"author":1,"featured_media":0,"comment_status":"open","ping_status":"open","sticky":false,"template":"","format":"standard","meta":{"footnotes":""},"categories":[1],"tags":[],"class_list":["post-24089","post","type-post","status-publish","format-standard","hentry","category-sin-categoria"],"_links":{"self":[{"href":"https:\/\/www.ecoitaliano.com.ar\/index.php?rest_route=\/wp\/v2\/posts\/24089","targetHints":{"allow":["GET"]}}],"collection":[{"href":"https:\/\/www.ecoitaliano.com.ar\/index.php?rest_route=\/wp\/v2\/posts"}],"about":[{"href":"https:\/\/www.ecoitaliano.com.ar\/index.php?rest_route=\/wp\/v2\/types\/post"}],"author":[{"embeddable":true,"href":"https:\/\/www.ecoitaliano.com.ar\/index.php?rest_route=\/wp\/v2\/users\/1"}],"replies":[{"embeddable":true,"href":"https:\/\/www.ecoitaliano.com.ar\/index.php?rest_route=%2Fwp%2Fv2%2Fcomments&post=24089"}],"version-history":[{"count":0,"href":"https:\/\/www.ecoitaliano.com.ar\/index.php?rest_route=\/wp\/v2\/posts\/24089\/revisions"}],"wp:attachment":[{"href":"https:\/\/www.ecoitaliano.com.ar\/index.php?rest_route=%2Fwp%2Fv2%2Fmedia&parent=24089"}],"wp:term":[{"taxonomy":"category","embeddable":true,"href":"https:\/\/www.ecoitaliano.com.ar\/index.php?rest_route=%2Fwp%2Fv2%2Fcategories&post=24089"},{"taxonomy":"post_tag","embeddable":true,"href":"https:\/\/www.ecoitaliano.com.ar\/index.php?rest_route=%2Fwp%2Fv2%2Ftags&post=24089"}],"curies":[{"name":"wp","href":"https:\/\/api.w.org\/{rel}","templated":true}]}}