{"id":24096,"date":"2022-06-16T17:30:59","date_gmt":"2022-06-16T17:30:59","guid":{"rendered":"http:\/\/www.ecoitaliano.com.ar\/?p=24096"},"modified":"2022-06-16T17:30:59","modified_gmt":"2022-06-16T17:30:59","slug":"serena-conduce-operaclassica-eco-italiano-1572","status":"publish","type":"post","link":"https:\/\/www.ecoitaliano.com.ar\/?p=24096","title":{"rendered":"Serena conduce operaclassica eco italiano"},"content":{"rendered":"<p style=\"text-align: center;\"><a href=\"http:\/\/www.ecoitaliano.com.ar\/wp-content\/uploads\/2022\/06\/171f0d23f60b4818b059feb8af35143b.jpg\"><img decoding=\"async\" class=\"alignnone size-full wp-image-24097\" src=\"http:\/\/www.ecoitaliano.com.ar\/wp-content\/uploads\/2022\/06\/171f0d23f60b4818b059feb8af35143b.jpg\" alt=\"\" width=\"300\" height=\"97\" srcset=\"https:\/\/www.ecoitaliano.com.ar\/wp-content\/uploads\/2022\/06\/171f0d23f60b4818b059feb8af35143b.jpg 300w, https:\/\/www.ecoitaliano.com.ar\/wp-content\/uploads\/2022\/06\/171f0d23f60b4818b059feb8af35143b-150x49.jpg 150w\" sizes=\"(max-width: 300px) 100vw, 300px\" \/><\/a><\/p>\n<p><strong><em>IL SANGUE E LA PAROLA<\/em><\/strong><\/p>\n<p><strong>Concerto in piazza<\/strong><\/p>\n<p><strong><em>\u201cNon la spada ma la parola illumini la via\u201d<\/em><\/strong><\/p>\n<p>&nbsp;<\/p>\n<p>&nbsp;<\/p>\n<p><strong>COMUNICATO STAMPA<\/strong><\/p>\n<p><strong>15 GIUGNO 2022<\/strong><\/p>\n<p>&nbsp;<\/p>\n<p>Si intitola\u00a0<em>Il sangue e la parola<\/em>\u00a0la Cantata del Maestro Nicola Piovani, che sar\u00e0 eseguita, in prima assoluta e in diretta su Rai 3, il 22 luglio alle 21,20 dall\u2019Orchestra e dal Coro del Teatro dell\u2019Opera di Roma, con le due voci di soprano Maria Agresta e Maria Rita Combattelli e con la voce recitante di Andrea Pennacchi. Il Concerto &#8211; nato da un\u2019idea del Maestro Piovani, promosso dalla Corte costituzionale e organizzato in collaborazione con la Rai e il Teatro dell\u2019Opera di Roma &#8211; si svolger\u00e0 nella piazza del Quirinale, alla presenza del Presidente della Repubblica, delle pi\u00f9 alte cariche dello Stato e di esponenti della societ\u00e0 civile.<\/p>\n<p><em>Il sangue e la parola<\/em>\u00a0\u00e8 una Cantata per voce recitante, soli, Coro e Orchestra composta dal Maestro Piovani. Il testo \u00e8 stato scritto con Paola Ponti ed \u00e8 liberamente tratto dalle\u00a0<em>Eumenidi<\/em>\u00a0di Eschilo, dalla Costituzione italiana e dai lavori preparatori dell\u2019Assemblea costituente.<\/p>\n<p>Nelle\u00a0<em>Eumenidi<\/em>, Eschilo celebra i principi della civilt\u00e0 del diritto, risalenti a oltre 2500 anni fa, quando, nel 621 a.C., la prima legge ateniese istitu\u00ec il primo Tribunale della citt\u00e0 e si afferm\u00f2, cos\u00ec, un nuovo ordine, non pi\u00f9 affidato alla vendetta e alla violenza ma alla ragione, alla parola, al confronto degli argomenti. Quei principi saranno poi riaffermati nell\u2019Italia del dopoguerra dalle nostre madri e dai nostri padri costituenti, e diventeranno il cuore della Costituzione italiana.<\/p>\n<p>L\u2019Opera si ispira, dunque, a questi due momenti cruciali della storia, nei quali il sangue lascia il posto alla parola, la vendetta alla giustizia, la guerra alla pace. Valori che vanno oggi vivificati e difesi.<\/p>\n<p>Di qui la scelta, come luogo di esecuzione del Concerto, della piazza del Quirinale, sulla quale si affacciano, affiancate, le due pi\u00f9 alte Istituzioni di garanzia, la Presidenza della Repubblica e la Corte costituzionale, che di quei valori sono garanti.<\/p>\n<p>Il Concerto prevede anche l\u2019esecuzione delle suite sinfoniche\u00a0<em>La notte di San Lorenzo\u00a0<\/em>e<em>\u00a0La vita \u00e8 bella<\/em>\u00a0e avr\u00e0 una durata complessiva di 90 minuti circa.<\/p>\n<p>&nbsp;<\/p>\n<p>Palazzo della Consulta, Piazza del Quirinale 41 Roma &#8211; Tel. 06.46981\/06<\/p>\n<p><a href=\"http:\/\/www.ecoitaliano.com.ar\/wp-content\/uploads\/2022\/06\/Piazza-del-Quirinale_Il-sangue-e-la-parola.jpg\"><img decoding=\"async\" class=\"alignnone size-full wp-image-24098\" src=\"http:\/\/www.ecoitaliano.com.ar\/wp-content\/uploads\/2022\/06\/Piazza-del-Quirinale_Il-sangue-e-la-parola.jpg\" alt=\"\" width=\"1920\" height=\"1213\" srcset=\"https:\/\/www.ecoitaliano.com.ar\/wp-content\/uploads\/2022\/06\/Piazza-del-Quirinale_Il-sangue-e-la-parola.jpg 1920w, https:\/\/www.ecoitaliano.com.ar\/wp-content\/uploads\/2022\/06\/Piazza-del-Quirinale_Il-sangue-e-la-parola-300x190.jpg 300w, https:\/\/www.ecoitaliano.com.ar\/wp-content\/uploads\/2022\/06\/Piazza-del-Quirinale_Il-sangue-e-la-parola-768x485.jpg 768w, https:\/\/www.ecoitaliano.com.ar\/wp-content\/uploads\/2022\/06\/Piazza-del-Quirinale_Il-sangue-e-la-parola-1024x647.jpg 1024w, https:\/\/www.ecoitaliano.com.ar\/wp-content\/uploads\/2022\/06\/Piazza-del-Quirinale_Il-sangue-e-la-parola-150x95.jpg 150w\" sizes=\"(max-width: 1920px) 100vw, 1920px\" \/><\/a><\/p>\n<p><a href=\"http:\/\/www.ecoitaliano.com.ar\/wp-content\/uploads\/2022\/06\/51111a50cb0b42a6bcd886505ddbf941-1.jpg\"><img decoding=\"async\" class=\"alignnone size-full wp-image-24099\" src=\"http:\/\/www.ecoitaliano.com.ar\/wp-content\/uploads\/2022\/06\/51111a50cb0b42a6bcd886505ddbf941-1.jpg\" alt=\"\" width=\"300\" height=\"147\" srcset=\"https:\/\/www.ecoitaliano.com.ar\/wp-content\/uploads\/2022\/06\/51111a50cb0b42a6bcd886505ddbf941-1.jpg 300w, https:\/\/www.ecoitaliano.com.ar\/wp-content\/uploads\/2022\/06\/51111a50cb0b42a6bcd886505ddbf941-1-150x74.jpg 150w\" sizes=\"(max-width: 300px) 100vw, 300px\" \/><\/a><\/p>\n<p align=\"center\">\n<p align=\"center\">\n<p align=\"center\">\n<p align=\"center\">\n<p align=\"center\">\n<p align=\"center\">\n<p align=\"center\">\n<p align=\"center\">\n<p align=\"center\">\n<p align=\"center\">\n<p align=\"center\">\n","protected":false},"excerpt":{"rendered":"<p>IL SANGUE E LA PAROLA Concerto in piazza \u201cNon la spada ma la parola illumini la via\u201d &nbsp; &nbsp; COMUNICATO [&hellip;]<\/p>\n","protected":false},"author":1,"featured_media":0,"comment_status":"open","ping_status":"open","sticky":false,"template":"","format":"standard","meta":{"footnotes":""},"categories":[1],"tags":[],"class_list":["post-24096","post","type-post","status-publish","format-standard","hentry","category-sin-categoria"],"_links":{"self":[{"href":"https:\/\/www.ecoitaliano.com.ar\/index.php?rest_route=\/wp\/v2\/posts\/24096","targetHints":{"allow":["GET"]}}],"collection":[{"href":"https:\/\/www.ecoitaliano.com.ar\/index.php?rest_route=\/wp\/v2\/posts"}],"about":[{"href":"https:\/\/www.ecoitaliano.com.ar\/index.php?rest_route=\/wp\/v2\/types\/post"}],"author":[{"embeddable":true,"href":"https:\/\/www.ecoitaliano.com.ar\/index.php?rest_route=\/wp\/v2\/users\/1"}],"replies":[{"embeddable":true,"href":"https:\/\/www.ecoitaliano.com.ar\/index.php?rest_route=%2Fwp%2Fv2%2Fcomments&post=24096"}],"version-history":[{"count":0,"href":"https:\/\/www.ecoitaliano.com.ar\/index.php?rest_route=\/wp\/v2\/posts\/24096\/revisions"}],"wp:attachment":[{"href":"https:\/\/www.ecoitaliano.com.ar\/index.php?rest_route=%2Fwp%2Fv2%2Fmedia&parent=24096"}],"wp:term":[{"taxonomy":"category","embeddable":true,"href":"https:\/\/www.ecoitaliano.com.ar\/index.php?rest_route=%2Fwp%2Fv2%2Fcategories&post=24096"},{"taxonomy":"post_tag","embeddable":true,"href":"https:\/\/www.ecoitaliano.com.ar\/index.php?rest_route=%2Fwp%2Fv2%2Ftags&post=24096"}],"curies":[{"name":"wp","href":"https:\/\/api.w.org\/{rel}","templated":true}]}}