{"id":24101,"date":"2022-06-16T17:35:49","date_gmt":"2022-06-16T17:35:49","guid":{"rendered":"http:\/\/www.ecoitaliano.com.ar\/?p=24101"},"modified":"2022-06-16T17:35:49","modified_gmt":"2022-06-16T17:35:49","slug":"serena-conduce-operaclassica-eco-italiano-1573","status":"publish","type":"post","link":"https:\/\/www.ecoitaliano.com.ar\/?p=24101","title":{"rendered":"Serena conduce operaclassica eco italiano"},"content":{"rendered":"<p style=\"text-align: center;\"><a href=\"http:\/\/www.ecoitaliano.com.ar\/wp-content\/uploads\/2022\/06\/171f0d23f60b4818b059feb8af35143b.jpg\"><img decoding=\"async\" class=\"alignnone size-full wp-image-24097\" src=\"http:\/\/www.ecoitaliano.com.ar\/wp-content\/uploads\/2022\/06\/171f0d23f60b4818b059feb8af35143b.jpg\" alt=\"\" width=\"300\" height=\"97\" srcset=\"https:\/\/www.ecoitaliano.com.ar\/wp-content\/uploads\/2022\/06\/171f0d23f60b4818b059feb8af35143b.jpg 300w, https:\/\/www.ecoitaliano.com.ar\/wp-content\/uploads\/2022\/06\/171f0d23f60b4818b059feb8af35143b-150x49.jpg 150w\" sizes=\"(max-width: 300px) 100vw, 300px\" \/><\/a><\/p>\n<table class=\"row row-2\" border=\"0\" width=\"100%\" cellspacing=\"0\" cellpadding=\"0\" align=\"center\">\n<tbody>\n<tr>\n<td>\n<table class=\"row-content stack\" border=\"0\" width=\"600\" cellspacing=\"0\" cellpadding=\"0\" align=\"center\">\n<tbody>\n<tr>\n<td class=\"column column-1\" width=\"100%\">\n<table class=\"text_block\" border=\"0\" width=\"100%\" cellspacing=\"0\" cellpadding=\"10\">\n<tbody>\n<tr>\n<td>\n<div>\n<div class=\"txtTinyMce-wrapper\">\n<p><strong>LE GIOVANI STELLE DELLA DANZA TORNANO ALL\u2019OPERA DI ROMA<\/strong><\/p>\n<p><strong>DOMENICA 10 LUGLIO ALLE 20.00 SAGGIO SPETTACOLO:<\/strong><\/p>\n<p><strong>LA SCUOLA DI DANZA DOPO DUE ANNI DI ASSENZA<\/strong><\/p>\n<p><strong>RICONQUISTA IL PALCOSCENICO DEL TEATRO COSTANZI<\/strong><\/p>\n<p><strong>In programma due nuove creazioni e la ripresa di\u00a0<em>Copp\u00e9lia Suite<\/em><\/strong><\/p>\n<p>&nbsp;<\/p>\n<p>&nbsp;<\/p>\n<p><strong>COMUNICATO STAMPA<\/strong><\/p>\n<p><strong>16 GIUGNO 2022<\/strong><\/p>\n<p><a href=\"http:\/\/www.ecoitaliano.com.ar\/wp-content\/uploads\/2022\/06\/Saggio-Spettacolo-Scuola-di-Danza_illustrazione-di-Gianluigi-Toccafondo.jpg\"><img decoding=\"async\" class=\"alignnone size-full wp-image-24105\" src=\"http:\/\/www.ecoitaliano.com.ar\/wp-content\/uploads\/2022\/06\/Saggio-Spettacolo-Scuola-di-Danza_illustrazione-di-Gianluigi-Toccafondo.jpg\" alt=\"\" width=\"713\" height=\"1280\" srcset=\"https:\/\/www.ecoitaliano.com.ar\/wp-content\/uploads\/2022\/06\/Saggio-Spettacolo-Scuola-di-Danza_illustrazione-di-Gianluigi-Toccafondo.jpg 713w, https:\/\/www.ecoitaliano.com.ar\/wp-content\/uploads\/2022\/06\/Saggio-Spettacolo-Scuola-di-Danza_illustrazione-di-Gianluigi-Toccafondo-167x300.jpg 167w, https:\/\/www.ecoitaliano.com.ar\/wp-content\/uploads\/2022\/06\/Saggio-Spettacolo-Scuola-di-Danza_illustrazione-di-Gianluigi-Toccafondo-570x1024.jpg 570w, https:\/\/www.ecoitaliano.com.ar\/wp-content\/uploads\/2022\/06\/Saggio-Spettacolo-Scuola-di-Danza_illustrazione-di-Gianluigi-Toccafondo-84x150.jpg 84w\" sizes=\"(max-width: 713px) 100vw, 713px\" \/><\/a><\/p>\n<p>&nbsp;<\/p>\n<p>&nbsp;<\/p>\n<p>La stagione estiva alle Terme di Caracalla \u00e8 alle porte, le repliche dell\u2019ultima opera in programma prima della pausa sono terminate, ma il sipario del Costanzi si alzer\u00e0 ancora una volta,\u00a0<strong>domenica 10 luglio alle ore 20.00<\/strong>, per il\u00a0<strong>Saggio Spettacolo 2022 degli allievi della Scuola di Danza del Teatro dell\u2019Opera di Roma<\/strong>. Le giovani stelle della Fondazione capitolina saranno protagoniste di una serata speciale: \u201c<em>Siamo molto emozionati per questo ritorno<\/em>\u00a0\u2013 ha dichiarato la direttrice\u00a0<strong>Laura Comi<\/strong>\u00a0\u2013<em>. Riconquistiamo il prestigioso palcoscenico del Costanzi dopo due anni di assenza a causa della pandemia. Con<\/em>\u00a0Copp\u00e9lia Suite<em>, a dicembre al Teatro Nazionale, alcuni allievi hanno avuto gi\u00e0 la fortuna di rimettersi in gioco, per di pi\u00f9 diventando protagonisti di una docuserie di successo, \u201cScuola di Danza\u201d. Con il Saggio Spettacolo del 10 luglio arriva per\u00f2 la vera grande occasione: tornare al Teatro dell\u2019Opera con un ampio programma che coinvolge tutti, dai pi\u00f9 piccoli ai pi\u00f9 grandi, e che abbraccia lo stile classico, il contemporaneo e il repertorio, con la ripresa proprio di\u00a0<\/em>Copp\u00e9lia Suite<em>. Siamo emozionati e pronti pi\u00f9 che mai per uno spettacolo che, al termine di un anno di lavoro, diventa il manifesto del livello tecnico e artistico della Scuola di Danza dell\u2019Opera di Roma!<\/em>\u201d.<\/p>\n<p>La serata si apre con\u00a0<em>Tema \u010cajkovskij\u00a0<\/em>nuova creazione coreografica di Alessandro Bigonzetti che coinvolge tutti gli allievi e li mette alla prova nello stile classico sui brani pi\u00f9 noti del compositore russo.<\/p>\n<p>Segue\u00a0<em>Chant\u00a0<\/em>di Eugenio Scigliano su musiche elettroniche del duo Reptilicus &amp; Senking e di Pixfoil, frutto del lavoro svolto dagli allievi del 4\u00b0, 5\u00b0, 6\u00b0, 7\u00b0 e 8\u00b0 corso durante il laboratorio coreografico annuale di danza contemporanea tenuto dal danzatore e coreografo italiano.<\/p>\n<p>La serata si chiude nel clima festoso di\u00a0<em>Copp\u00e9lia Suite<\/em>\u00a0su musiche di L\u00e9o Delibes. Il balletto \u00e8 andato in scena lo scorso dicembre per il pubblico delle scuole al Teatro Nazionale ed \u00e8 noto al grande pubblico grazie alla fortunata docuserie di RaiPlay \u201cScuola di Danza \u2013 I ragazzi dell\u2019Opera\u201d che ne ha seguito le prove. La coreografia di Arthur Saint-L\u00e9on \u00e8 ripresa dai maestri Ofelia Gonzalez e Pablo Moret che ne hanno tratto un\u00a0<em>Divertissement<\/em>. Tralasciando i momenti narrativi hanno dato spazio alle danze pi\u00f9 rappresentative e gioiose di questo grande balletto classico francese, che coinvolgono e accompagnano gli spettatori fino al gran finale in cui i protagonisti, Swanilda e Franz, festeggiano con tutti gli amici le nozze che coronano il loro amore.<\/p>\n<p>L\u2019<strong>allestimento del Teatro dell\u2019Opera di Roma<\/strong>\u00a0vede le scene a cura di\u00a0<strong>Maria Rossi Franchi\u00a0<\/strong>e le luci di\u00a0<strong>Fabrizio Marinelli<\/strong>. I costumi di<em>\u00a0Copp\u00e9lia Suite\u00a0<\/em>sono a cura di\u00a0<strong>Anna Biagiotti<\/strong>. I costumi di\u00a0<em>Tema Cajkovskij<\/em>\u00a0e\u00a0<em>Chant<\/em>\u00a0sono realizzati dalla\u00a0<strong>Sartoria D\u2019Inzillo Sweet Mode<\/strong>. Musiche su base registrata, consulenza ed arrangiamenti musicali\u00a0<strong>Giuseppe Annese<\/strong>.<\/p>\n<p>I biglietti per il\u00a0<strong>Saggio Spettacolo 2022 della Scuola di Danza del Teatro dell\u2019Opera di Roma<\/strong>\u00a0sono in vendita presso la biglietteria (dal luned\u00ec al sabato dalle 10 alle 18, domenica dalle 9 alle 13.30) e su Ticketone. Il giorno dello spettacolo,\u00a0<strong>domenica 10 luglio alle 20.00<\/strong>, sar\u00e0 possibile acquistare presso il Teatro anche dalle ore 19.00. Prezzo dei biglietti:\u00a0<strong>euro 20,00 ed euro 10,00<\/strong>.<\/p>\n<p>&nbsp;<\/p>\n<p>&nbsp;<\/p>\n<p><strong>Info: operaroma.it<\/strong><\/p>\n<p>&nbsp;<\/p>\n<p>&nbsp;<\/p>\n<p><strong>TEATRO DELL\u2019OPERA DI ROMA<\/strong><\/p>\n<p><strong>Cosimo Manicone<\/strong><\/p>\n<p>Ufficio Stampa<\/p>\n<p><a class=\"mailto-link\" href=\"mailto:cosimo.manicone@operaroma.it\" target=\"_blank\" rel=\"noopener\">cosimo.manicone@operaroma.it<\/a><\/p>\n<p>&nbsp;<\/p>\n<p>&nbsp;<\/p>\n<\/div>\n<\/div>\n<\/td>\n<\/tr>\n<\/tbody>\n<\/table>\n<\/td>\n<\/tr>\n<\/tbody>\n<\/table>\n<\/td>\n<\/tr>\n<\/tbody>\n<\/table>\n<table class=\"row row-3\" border=\"0\" width=\"100%\" cellspacing=\"0\" cellpadding=\"0\" align=\"center\">\n<tbody>\n<tr>\n<td>\n<table class=\"row-content stack\" border=\"0\" width=\"600\" cellspacing=\"0\" cellpadding=\"0\" align=\"center\">\n<tbody>\n<tr>\n<td class=\"column column-1\" width=\"100%\">\n<table class=\"button_block\" border=\"0\" width=\"100%\" cellspacing=\"0\" cellpadding=\"0\">\n<tbody>\n<tr>\n<td>\n<div align=\"center\"><\/div>\n<\/td>\n<\/tr>\n<\/tbody>\n<\/table>\n<\/td>\n<\/tr>\n<\/tbody>\n<\/table>\n<\/td>\n<\/tr>\n<\/tbody>\n<\/table>\n<p><strong>Gli allievi della Scuola di Danza sul palcoscenico del Costanzi<\/strong><\/p>\n<p><strong>Foto: Yasuko Kageyama-Teatro dell&#8217;Opera di Roma 2020<\/strong><\/p>\n<p><a href=\"http:\/\/www.ecoitaliano.com.ar\/wp-content\/uploads\/2022\/06\/Gli-allievi-della-Scuola-di-Danza-sul-palcoscenico-del-Costanzi_Yasuko-Kageyama-Teatro-dellOpera-di-Roma-2020_5754-MD-2.jpg\"><img decoding=\"async\" class=\"alignnone size-full wp-image-24102\" src=\"http:\/\/www.ecoitaliano.com.ar\/wp-content\/uploads\/2022\/06\/Gli-allievi-della-Scuola-di-Danza-sul-palcoscenico-del-Costanzi_Yasuko-Kageyama-Teatro-dellOpera-di-Roma-2020_5754-MD-2.jpg\" alt=\"\" width=\"3543\" height=\"1713\" srcset=\"https:\/\/www.ecoitaliano.com.ar\/wp-content\/uploads\/2022\/06\/Gli-allievi-della-Scuola-di-Danza-sul-palcoscenico-del-Costanzi_Yasuko-Kageyama-Teatro-dellOpera-di-Roma-2020_5754-MD-2.jpg 3543w, https:\/\/www.ecoitaliano.com.ar\/wp-content\/uploads\/2022\/06\/Gli-allievi-della-Scuola-di-Danza-sul-palcoscenico-del-Costanzi_Yasuko-Kageyama-Teatro-dellOpera-di-Roma-2020_5754-MD-2-300x145.jpg 300w, https:\/\/www.ecoitaliano.com.ar\/wp-content\/uploads\/2022\/06\/Gli-allievi-della-Scuola-di-Danza-sul-palcoscenico-del-Costanzi_Yasuko-Kageyama-Teatro-dellOpera-di-Roma-2020_5754-MD-2-768x371.jpg 768w, https:\/\/www.ecoitaliano.com.ar\/wp-content\/uploads\/2022\/06\/Gli-allievi-della-Scuola-di-Danza-sul-palcoscenico-del-Costanzi_Yasuko-Kageyama-Teatro-dellOpera-di-Roma-2020_5754-MD-2-1024x495.jpg 1024w, https:\/\/www.ecoitaliano.com.ar\/wp-content\/uploads\/2022\/06\/Gli-allievi-della-Scuola-di-Danza-sul-palcoscenico-del-Costanzi_Yasuko-Kageyama-Teatro-dellOpera-di-Roma-2020_5754-MD-2-150x73.jpg 150w\" sizes=\"(max-width: 3543px) 100vw, 3543px\" \/><\/a><\/p>\n<p><a href=\"http:\/\/www.ecoitaliano.com.ar\/wp-content\/uploads\/2022\/06\/Lezione-Aperta-della-Scuola-di-Danza-al-Costanzi_2-marzo_Yasuko-Kageyama-Teatro-dellOpera-di-Roma-2020_5761-MD.jpg\"><img decoding=\"async\" class=\"alignnone size-full wp-image-24103\" src=\"http:\/\/www.ecoitaliano.com.ar\/wp-content\/uploads\/2022\/06\/Lezione-Aperta-della-Scuola-di-Danza-al-Costanzi_2-marzo_Yasuko-Kageyama-Teatro-dellOpera-di-Roma-2020_5761-MD.jpg\" alt=\"\" width=\"3543\" height=\"2362\" srcset=\"https:\/\/www.ecoitaliano.com.ar\/wp-content\/uploads\/2022\/06\/Lezione-Aperta-della-Scuola-di-Danza-al-Costanzi_2-marzo_Yasuko-Kageyama-Teatro-dellOpera-di-Roma-2020_5761-MD.jpg 3543w, https:\/\/www.ecoitaliano.com.ar\/wp-content\/uploads\/2022\/06\/Lezione-Aperta-della-Scuola-di-Danza-al-Costanzi_2-marzo_Yasuko-Kageyama-Teatro-dellOpera-di-Roma-2020_5761-MD-300x200.jpg 300w, https:\/\/www.ecoitaliano.com.ar\/wp-content\/uploads\/2022\/06\/Lezione-Aperta-della-Scuola-di-Danza-al-Costanzi_2-marzo_Yasuko-Kageyama-Teatro-dellOpera-di-Roma-2020_5761-MD-768x512.jpg 768w, https:\/\/www.ecoitaliano.com.ar\/wp-content\/uploads\/2022\/06\/Lezione-Aperta-della-Scuola-di-Danza-al-Costanzi_2-marzo_Yasuko-Kageyama-Teatro-dellOpera-di-Roma-2020_5761-MD-1024x683.jpg 1024w, https:\/\/www.ecoitaliano.com.ar\/wp-content\/uploads\/2022\/06\/Lezione-Aperta-della-Scuola-di-Danza-al-Costanzi_2-marzo_Yasuko-Kageyama-Teatro-dellOpera-di-Roma-2020_5761-MD-150x100.jpg 150w\" sizes=\"(max-width: 3543px) 100vw, 3543px\" \/><\/a><\/p>\n<p><strong>La sala del Teatro Costanzi<\/strong><\/p>\n<p><strong>Foto: Fabrizio Sansoni-Teatro dell&#8217;Opera di Roma<\/strong><\/p>\n<p><a href=\"http:\/\/www.ecoitaliano.com.ar\/wp-content\/uploads\/2022\/06\/La-sala-del-Teatro-Costanzi_ph-Fabrizio-Sansoni-Opera-di-Roma_7673.jpg\"><img decoding=\"async\" class=\"alignnone size-full wp-image-24104\" src=\"http:\/\/www.ecoitaliano.com.ar\/wp-content\/uploads\/2022\/06\/La-sala-del-Teatro-Costanzi_ph-Fabrizio-Sansoni-Opera-di-Roma_7673.jpg\" alt=\"\" width=\"1917\" height=\"1280\" srcset=\"https:\/\/www.ecoitaliano.com.ar\/wp-content\/uploads\/2022\/06\/La-sala-del-Teatro-Costanzi_ph-Fabrizio-Sansoni-Opera-di-Roma_7673.jpg 1917w, https:\/\/www.ecoitaliano.com.ar\/wp-content\/uploads\/2022\/06\/La-sala-del-Teatro-Costanzi_ph-Fabrizio-Sansoni-Opera-di-Roma_7673-300x200.jpg 300w, https:\/\/www.ecoitaliano.com.ar\/wp-content\/uploads\/2022\/06\/La-sala-del-Teatro-Costanzi_ph-Fabrizio-Sansoni-Opera-di-Roma_7673-768x513.jpg 768w, https:\/\/www.ecoitaliano.com.ar\/wp-content\/uploads\/2022\/06\/La-sala-del-Teatro-Costanzi_ph-Fabrizio-Sansoni-Opera-di-Roma_7673-1024x684.jpg 1024w, https:\/\/www.ecoitaliano.com.ar\/wp-content\/uploads\/2022\/06\/La-sala-del-Teatro-Costanzi_ph-Fabrizio-Sansoni-Opera-di-Roma_7673-150x100.jpg 150w\" sizes=\"(max-width: 1917px) 100vw, 1917px\" \/><\/a><\/p>\n<p><a href=\"http:\/\/www.ecoitaliano.com.ar\/wp-content\/uploads\/2022\/06\/51111a50cb0b42a6bcd886505ddbf941-1.jpg\"><img decoding=\"async\" class=\"alignnone size-full wp-image-24099\" src=\"http:\/\/www.ecoitaliano.com.ar\/wp-content\/uploads\/2022\/06\/51111a50cb0b42a6bcd886505ddbf941-1.jpg\" alt=\"\" width=\"300\" height=\"147\" srcset=\"https:\/\/www.ecoitaliano.com.ar\/wp-content\/uploads\/2022\/06\/51111a50cb0b42a6bcd886505ddbf941-1.jpg 300w, https:\/\/www.ecoitaliano.com.ar\/wp-content\/uploads\/2022\/06\/51111a50cb0b42a6bcd886505ddbf941-1-150x74.jpg 150w\" sizes=\"(max-width: 300px) 100vw, 300px\" \/><\/a><\/p>\n","protected":false},"excerpt":{"rendered":"<p>LE GIOVANI STELLE DELLA DANZA TORNANO ALL\u2019OPERA DI ROMA DOMENICA 10 LUGLIO ALLE 20.00 SAGGIO SPETTACOLO: LA SCUOLA DI DANZA [&hellip;]<\/p>\n","protected":false},"author":1,"featured_media":0,"comment_status":"open","ping_status":"open","sticky":false,"template":"","format":"standard","meta":{"footnotes":""},"categories":[1],"tags":[],"class_list":["post-24101","post","type-post","status-publish","format-standard","hentry","category-sin-categoria"],"_links":{"self":[{"href":"https:\/\/www.ecoitaliano.com.ar\/index.php?rest_route=\/wp\/v2\/posts\/24101","targetHints":{"allow":["GET"]}}],"collection":[{"href":"https:\/\/www.ecoitaliano.com.ar\/index.php?rest_route=\/wp\/v2\/posts"}],"about":[{"href":"https:\/\/www.ecoitaliano.com.ar\/index.php?rest_route=\/wp\/v2\/types\/post"}],"author":[{"embeddable":true,"href":"https:\/\/www.ecoitaliano.com.ar\/index.php?rest_route=\/wp\/v2\/users\/1"}],"replies":[{"embeddable":true,"href":"https:\/\/www.ecoitaliano.com.ar\/index.php?rest_route=%2Fwp%2Fv2%2Fcomments&post=24101"}],"version-history":[{"count":0,"href":"https:\/\/www.ecoitaliano.com.ar\/index.php?rest_route=\/wp\/v2\/posts\/24101\/revisions"}],"wp:attachment":[{"href":"https:\/\/www.ecoitaliano.com.ar\/index.php?rest_route=%2Fwp%2Fv2%2Fmedia&parent=24101"}],"wp:term":[{"taxonomy":"category","embeddable":true,"href":"https:\/\/www.ecoitaliano.com.ar\/index.php?rest_route=%2Fwp%2Fv2%2Fcategories&post=24101"},{"taxonomy":"post_tag","embeddable":true,"href":"https:\/\/www.ecoitaliano.com.ar\/index.php?rest_route=%2Fwp%2Fv2%2Ftags&post=24101"}],"curies":[{"name":"wp","href":"https:\/\/api.w.org\/{rel}","templated":true}]}}