{"id":24156,"date":"2022-06-18T09:59:52","date_gmt":"2022-06-18T09:59:52","guid":{"rendered":"http:\/\/www.ecoitaliano.com.ar\/?p=24156"},"modified":"2022-06-18T09:59:52","modified_gmt":"2022-06-18T09:59:52","slug":"elezioni-comunali-a-laquila-una-lettura","status":"publish","type":"post","link":"https:\/\/www.ecoitaliano.com.ar\/?p=24156","title":{"rendered":"ELEZIONI COMUNALI A L\u2019AQUILA: UNA LETTURA"},"content":{"rendered":"<p><a href=\"http:\/\/www.ecoitaliano.com.ar\/wp-content\/uploads\/2022\/06\/Americo-Di-Benedetto.jpg\"><img decoding=\"async\" class=\"alignnone size-full wp-image-24157\" src=\"http:\/\/www.ecoitaliano.com.ar\/wp-content\/uploads\/2022\/06\/Americo-Di-Benedetto.jpg\" alt=\"\" width=\"1000\" height=\"1000\" srcset=\"https:\/\/www.ecoitaliano.com.ar\/wp-content\/uploads\/2022\/06\/Americo-Di-Benedetto.jpg 1000w, https:\/\/www.ecoitaliano.com.ar\/wp-content\/uploads\/2022\/06\/Americo-Di-Benedetto-150x150.jpg 150w, https:\/\/www.ecoitaliano.com.ar\/wp-content\/uploads\/2022\/06\/Americo-Di-Benedetto-300x300.jpg 300w, https:\/\/www.ecoitaliano.com.ar\/wp-content\/uploads\/2022\/06\/Americo-Di-Benedetto-768x768.jpg 768w\" sizes=\"(max-width: 1000px) 100vw, 1000px\" \/><\/a><\/p>\n<p>&nbsp;<\/p>\n<p align=\"center\"><span style=\"font-family: Georgia, serif;\"><span style=\"font-size: large;\"><b>ELEZIONI COMUNALI A L\u2019AQUILA: UNA LETTURA<\/b><\/span><\/span><\/p>\n<p align=\"center\"><span style=\"font-family: Georgia, serif;\"><span style=\"font-size: large;\">di <\/span><\/span><span style=\"font-family: Georgia, serif;\"><span style=\"font-size: large;\"><b>Giuseppe Lalli<\/b><\/span><\/span><\/p>\n<p align=\"justify\"><span style=\"font-family: Georgia, serif;\"><span style=\"font-size: large;\">L\u2019AQUILA &#8211; Nelle elezioni comunali aquilane di domenica 12 giugno 2022, al di l\u00e0 dello straordinario risultato del sindaco uscente <\/span><\/span><span style=\"font-family: Georgia, serif;\"><span style=\"font-size: large;\"><b>Pierluigi Biondi<\/b><\/span><\/span><span style=\"font-family: Georgia, serif;\"><span style=\"font-size: large;\">, superiore addirittura ai pi\u00f9 ottimistici pronostici, e sul quale molto ci sarebbe da riflettere, c\u2019\u00e8 stato un indubbio successo di <\/span><\/span><span style=\"font-family: Georgia, serif;\"><span style=\"font-size: large;\"><b>Americo Di Benedetto<\/b><\/span><\/span><span style=\"font-family: Georgia, serif;\"><span style=\"font-size: large;\">, successo in senso assoluto, non certo in relazione ai risultati effettivi, successo sostanziale, non formale, successo simbolico. <\/span><\/span><\/p>\n<p align=\"justify\"><span style=\"font-family: Georgia, serif;\"><span style=\"font-size: large;\">Ma in politica &#8211; si sa &#8211; i simboli contano, eccome. I suoi amici e sostenitori luned\u00ec pomeriggio, nella sede in Corso Vittorio Emanuele II, non ne erano molto consapevoli, anzi sembravano in lutto, avevano visi lugubri. Che cosa mai si potevano aspettare? Se aveva perso cinque anni fa col 47%, perch\u00e9 mai avrebbe dovuto vincere, in un eventuale ballottaggio, questa volta con un sospirato 27-28% dei voti contro un probabile 48-49% di Biondi? C\u2019\u00e8 sempre nelle battaglie elettorali una retorica sulla vittoria finale che accende i cuori. \u00c8 comprensibile, ma le bolle emotive \u00e8 bene che si sgonfino e che il cuore ceda presto il passo alla testa.<\/span><\/span><\/p>\n<p align=\"justify\"><span style=\"font-family: Georgia, serif;\"><span style=\"font-size: large;\">C\u2019\u00e8 ragione di supporre che all\u2019Aquila il centrosinistra, anche unito, sarebbe stato sconfitto da quella che fin dall\u2019inizio \u00e8 apparsa una invincibile armata. Ce lo ricorda la storia elettorale aquilana e nazionale: quando il centrodestra \u00e8 unito difficilmente perde, soprattutto quando ha avuto a disposizione \u201cla macchina\u201d per cinque anni. Pi\u00f9 in generale, il centrodestra, prima ancora che uno schieramento politico, \u00e8 un blocco socio-culturale.<\/span><\/span><\/p>\n<p align=\"justify\"><span style=\"font-family: Georgia, serif;\"><span style=\"font-size: large;\">Indipendentemente dalla sua interna e fluttuante articolazione politica, rappresenta, piaccia o non piaccia, la pancia profonda della nazione: una sorta di coacervo di interessi e valori che per tanti aspetti lo fanno erede, sia pure in un contesto storico assai diverso e con un approccio culturale meno nobile, della vecchia Democrazia Cristiana, quella della diga anticomunista. <\/span><\/span><\/p>\n<p align=\"justify\"><span style=\"font-family: Georgia, serif;\"><span style=\"font-size: large;\">Il centrosinistra \u00e8 invece un arcipelago politico, dove un sincero liberalismo ed europeismo convivono con la retorica dei diritti civili, ci\u00f2 che nella sinistra post-comunista ha sostituito il mito della rivoluzione sociale. Tra i due elettorati, inoltre, non ci sono vasi comunicanti.<\/span><\/span><\/p>\n<p align=\"justify\"><span style=\"font-family: Georgia, serif;\"><span style=\"font-size: large;\">Quello che <\/span><\/span><span style=\"font-family: Georgia, serif;\"><span style=\"font-size: large;\"><b>Di Benedetto<\/b><\/span><\/span><span style=\"font-family: Georgia, serif;\"><span style=\"font-size: large;\"> sa bene, ma ha cercato di non darlo a vedere, \u00e8 che la sua immagine \u00e8 stata fin dall\u2019inizio offuscata dall\u2019essere stato presentato dalla stampa, locale e nazionale &#8211; e percepito dall\u2019opinione pubblica &#8211; non come il candidato di un \u201cterzo polo\u201d, quale di fatto \u00e8 apparso a molti potenziali elettori, ma come un dissidente del centro-sinistra, uno spezzone dell\u2019area progressista che si accingeva a fare le \u201cprimarie\u201d vere e magari a regolare qualche vecchio conto con il <\/span><\/span><span style=\"font-family: Georgia, serif;\"><span style=\"font-size: large;\"><b>Partito Democratico<\/b><\/span><\/span><span style=\"font-family: Georgia, serif;\"><span style=\"font-size: large;\">, partito nel quale aveva militato. <\/span><\/span><\/p>\n<p align=\"justify\"><span style=\"font-family: Georgia, serif;\"><span style=\"font-size: large;\">Ci\u00f2 &#8211; a ragione o a torto poco importa (in politica contano i simboli, come si diceva) &#8211; lo ha esposto e lo esporr\u00e0 alle critiche mordaci degli esponenti locali del centrosinistra ufficiale e malamente soccombente, che gli imputeranno \u2013 qualcuno lo ha gi\u00e0 fatto \u2013 la responsabilit\u00e0 della vittoria, anzi del trionfo, del centrodestra. <\/span><\/span><\/p>\n<p align=\"justify\"><span style=\"font-family: Georgia, serif;\"><span style=\"font-size: large;\">Se invece fin dall\u2019inizio avesse potuto mettere in risalto il suo profilo autenticamente \u201cliberal-sociale\u201d e rivendicare di essere \u201caltro\u201d rispetto ad entrambi i poli, se non avesse polemizzato a senso unico contro <\/span><\/span><span style=\"font-family: Georgia, serif;\"><span style=\"font-size: large;\"><b>Biondi<\/b><\/span><\/span><span style=\"font-family: Georgia, serif;\"><span style=\"font-size: large;\">, avrebbe potuto pi\u00f9 agevolmente erodere consensi tra i moderati dello schieramento del sindaco uscente, che a conti fatti sono la maggioranza, ci\u00f2 che gli avrebbe propiziato la possibilit\u00e0 di un ballottaggio con rapporti pi\u00f9 equilibrati.<\/span><\/span><\/p>\n<p align=\"justify\"><span style=\"font-family: Georgia, serif;\"><span style=\"font-size: large;\">\u00c8 questo un equivoco politico che l\u2019ex sindaco di Acciano, attuale consigliere regionale, \u00e8 chiamato a chiarire nei prossimi mesi. C\u2019\u00e8 ragione di credere che la straordinaria messe di \u201cvoto disgiunto\u201d (elettori dei candidati a consigliere degli altri due schieramenti che lo hanno votato come sindaco) di cui <\/span><\/span><span style=\"font-family: Georgia, serif;\"><span style=\"font-size: large;\"><b>Di Benedetto<\/b><\/span><\/span><span style=\"font-family: Georgia, serif;\"><span style=\"font-size: large;\"> ha beneficiato esprime, oltre alla stima personale di cui gode tra gli Aquilani anche in virt\u00f9 della sua competenza amministrativa, la voglia di moderazione, la voglia &#8211; diciamolo pure &#8211; di \u201ccentro\u201d di molti elettori che non si ritrovano in un bipolarismo muscolare e contaminato, dall\u2019una parte e dall\u2019altra, da dosi massicce di populismo e di demagogia. <\/span><\/span><\/p>\n<p align=\"justify\"><span style=\"font-family: Georgia, serif;\"><span style=\"font-size: large;\">Ma c\u2019\u00e8 bisogno ancor pi\u00f9 di un \u201ccentro dei valori\u201d, quelli della democrazia liberale e dell\u2019umanesimo cristiano, sia pure, questi ultimi, declinati laicamente, valori che pongano al centro la persona umana tutta intera: <\/span><\/span><span style=\"font-family: Georgia, serif;\"><span style=\"font-size: large;\"><b>Benedetto Croce <\/b><\/span><\/span><span style=\"font-family: Georgia, serif;\"><span style=\"font-size: large;\">e <\/span><\/span><span style=\"font-family: Georgia, serif;\"><span style=\"font-size: large;\"><b>Luigi Sturzo<\/b><\/span><\/span><span style=\"font-family: Georgia, serif;\"><span style=\"font-size: large;\">, per intenderci (se questi nomi dicono ancora qualcosa), insieme al pragmatismo delle cose concrete e all\u2019attenzione quotidiana agli ultimi e verso chi produce e rischia in proprio. <\/span><\/span><\/p>\n<p align=\"justify\"><span style=\"font-family: Georgia, serif;\"><span style=\"font-size: large;\">Valori esaltati dal <\/span><\/span><span style=\"font-family: Georgia, serif;\"><span style=\"font-size: large;\"><b>popolarismo<\/b><\/span><\/span><span style=\"font-family: Georgia, serif;\"><span style=\"font-size: large;\">, quella grande visione politica del Novecento che una classe politica superficiale e impreparata, negli ultimi decenni, ha dapprima richiamato e poi frettolosamente archiviato. <\/span><\/span><span style=\"font-family: Georgia, serif;\"><span style=\"font-size: large;\"><b>Americo Di Benedetto<\/b><\/span><\/span><span style=\"font-family: Georgia, serif;\"><span style=\"font-size: large;\">, che da quella tradizione politica proviene, aveva &#8211; ed ha &#8211; tutte le carte in regola per seguire ed aggiornare la via tracciata negli anni scorsi all\u2019Aquila da <\/span><\/span><span style=\"font-family: Georgia, serif;\"><span style=\"font-size: large;\"><b>Attilio<\/b><\/span><\/span> <span style=\"font-family: Georgia, serif;\"><span style=\"font-size: large;\"><b>Cecchini<\/b><\/span><\/span><span style=\"font-family: Georgia, serif;\"><span style=\"font-size: large;\"> e <\/span><\/span><span style=\"font-family: Georgia, serif;\"><span style=\"font-size: large;\"><b>Angelo De Nicola<\/b><\/span><\/span><span style=\"font-family: Georgia, serif;\"><span style=\"font-size: large;\"> (\u00e8 sempre bene cercare di riallacciare i fili interrotti di una esperienza feconda). Servirebbe per <\/span><\/span><span style=\"font-family: Georgia, serif;\"><span style=\"font-size: large;\"><b>L\u2019Aquila<\/b><\/span><\/span><span style=\"font-family: Georgia, serif;\"><span style=\"font-size: large;\">, per l\u2019<\/span><\/span><span style=\"font-family: Georgia, serif;\"><span style=\"font-size: large;\"><b>Abruzzo<\/b><\/span><\/span><span style=\"font-family: Georgia, serif;\"><span style=\"font-size: large;\"> e per l\u2019<\/span><\/span><span style=\"font-family: Georgia, serif;\"><span style=\"font-size: large;\"><b>Italia<\/b><\/span><\/span><span style=\"font-family: Georgia, serif;\"><span style=\"font-size: large;\"> un nuovo \u201c<\/span><\/span><span style=\"font-family: Georgia, serif;\"><span style=\"font-size: large;\"><i><b>appello ai liberi e forti<\/b><\/i><\/span><\/span><span style=\"font-family: Georgia, serif;\"><span style=\"font-size: large;\">\u201d.<\/span><\/span><\/p>\n<p align=\"justify\"><strong><em>Tutte l\u2019opinioni versati nel sito, correspondono solo a chi la manifesta. Non e necessariamente l\u2019opinione della Direzione.<\/em><\/strong><\/p>\n","protected":false},"excerpt":{"rendered":"<p>&nbsp; ELEZIONI COMUNALI A L\u2019AQUILA: UNA LETTURA di Giuseppe Lalli L\u2019AQUILA &#8211; Nelle elezioni comunali aquilane di domenica 12 giugno [&hellip;]<\/p>\n","protected":false},"author":1,"featured_media":0,"comment_status":"open","ping_status":"open","sticky":false,"template":"","format":"standard","meta":{"footnotes":""},"categories":[10,35],"tags":[],"class_list":["post-24156","post","type-post","status-publish","format-standard","hentry","category-italiano","category-opiniones"],"_links":{"self":[{"href":"https:\/\/www.ecoitaliano.com.ar\/index.php?rest_route=\/wp\/v2\/posts\/24156","targetHints":{"allow":["GET"]}}],"collection":[{"href":"https:\/\/www.ecoitaliano.com.ar\/index.php?rest_route=\/wp\/v2\/posts"}],"about":[{"href":"https:\/\/www.ecoitaliano.com.ar\/index.php?rest_route=\/wp\/v2\/types\/post"}],"author":[{"embeddable":true,"href":"https:\/\/www.ecoitaliano.com.ar\/index.php?rest_route=\/wp\/v2\/users\/1"}],"replies":[{"embeddable":true,"href":"https:\/\/www.ecoitaliano.com.ar\/index.php?rest_route=%2Fwp%2Fv2%2Fcomments&post=24156"}],"version-history":[{"count":0,"href":"https:\/\/www.ecoitaliano.com.ar\/index.php?rest_route=\/wp\/v2\/posts\/24156\/revisions"}],"wp:attachment":[{"href":"https:\/\/www.ecoitaliano.com.ar\/index.php?rest_route=%2Fwp%2Fv2%2Fmedia&parent=24156"}],"wp:term":[{"taxonomy":"category","embeddable":true,"href":"https:\/\/www.ecoitaliano.com.ar\/index.php?rest_route=%2Fwp%2Fv2%2Fcategories&post=24156"},{"taxonomy":"post_tag","embeddable":true,"href":"https:\/\/www.ecoitaliano.com.ar\/index.php?rest_route=%2Fwp%2Fv2%2Ftags&post=24156"}],"curies":[{"name":"wp","href":"https:\/\/api.w.org\/{rel}","templated":true}]}}