{"id":24231,"date":"2022-06-22T12:13:52","date_gmt":"2022-06-22T12:13:52","guid":{"rendered":"http:\/\/www.ecoitaliano.com.ar\/?p=24231"},"modified":"2022-06-22T12:13:52","modified_gmt":"2022-06-22T12:13:52","slug":"architetture-contemporanee-sulle-alpi-occidentali-arriva-a-bergamo","status":"publish","type":"post","link":"https:\/\/www.ecoitaliano.com.ar\/?p=24231","title":{"rendered":"\u00abArchitetture contemporanee sulle Alpi Occidentali\u00bb arriva a Bergamo"},"content":{"rendered":"<div class=\"gE iv gt\">\n<table class=\"cf gJ\" cellpadding=\"0\">\n<tbody>\n<tr class=\"acZ xD\">\n<td colspan=\"3\">\n<table class=\"cf adz\" cellpadding=\"0\">\n<tbody>\n<tr>\n<td class=\"ady\">\n<div id=\":d3\" class=\"ajy\" tabindex=\"0\" role=\"button\" aria-haspopup=\"true\" data-tooltip=\"Mostrar detalles\" aria-label=\"Mostrar detalles\"><img decoding=\"async\" class=\"ajz\" src=\"https:\/\/mail.google.com\/mail\/u\/2\/images\/cleardot.gif\" alt=\"\" \/><\/div>\n<\/td>\n<\/tr>\n<\/tbody>\n<\/table>\n<\/td>\n<\/tr>\n<\/tbody>\n<\/table>\n<\/div>\n<div id=\":7b\">\n<div id=\":6p\" class=\"a3s aiL msg8696159034903366063\">\n<div>\n<table role=\"presentation\" border=\"0\" width=\"100%\" cellspacing=\"0\" cellpadding=\"0\">\n<tbody>\n<tr>\n<td>\n<table role=\"presentation\" border=\"0\" width=\"100%\" cellspacing=\"0\" cellpadding=\"0\" align=\"center\">\n<tbody>\n<tr>\n<td>\n<table class=\"m_8696159034903366063row-content m_8696159034903366063stack\" role=\"presentation\" border=\"0\" width=\"600\" cellspacing=\"0\" cellpadding=\"0\" align=\"center\">\n<tbody>\n<tr>\n<td class=\"m_8696159034903366063column\" width=\"100%\">\n<table role=\"presentation\" border=\"0\" width=\"100%\" cellspacing=\"0\" cellpadding=\"10\">\n<tbody>\n<tr>\n<td>\n<div align=\"center\">\n<table role=\"presentation\" border=\"0\" width=\"100%\" cellspacing=\"0\" cellpadding=\"0\">\n<tbody>\n<tr>\n<td><\/td>\n<\/tr>\n<\/tbody>\n<\/table>\n<\/div>\n<\/td>\n<\/tr>\n<\/tbody>\n<\/table>\n<\/td>\n<\/tr>\n<\/tbody>\n<\/table>\n<\/td>\n<\/tr>\n<\/tbody>\n<\/table>\n<table role=\"presentation\" border=\"0\" width=\"100%\" cellspacing=\"0\" cellpadding=\"0\" align=\"center\">\n<tbody>\n<tr>\n<td>\n<table class=\"m_8696159034903366063row-content m_8696159034903366063stack\" role=\"presentation\" border=\"0\" width=\"600\" cellspacing=\"0\" cellpadding=\"0\" align=\"center\">\n<tbody>\n<tr>\n<td class=\"m_8696159034903366063column\" width=\"100%\">\n<table class=\"m_8696159034903366063image_block\" role=\"presentation\" border=\"0\" width=\"100%\" cellspacing=\"0\" cellpadding=\"0\">\n<tbody>\n<tr>\n<td>\n<div align=\"center\"><img decoding=\"async\" class=\"m_8696159034903366063big CToWUd a6T\" tabindex=\"0\" title=\"Image\" src=\"https:\/\/ci5.googleusercontent.com\/proxy\/gZYJ6k-0bBZSBDInEpYf5q44n7T5od7okRxJadCXfoBQqlxHbnqLQc0o3hzW1SX9kvqaBnfBjLFVJdaYt5YqqtSOamsc7k3A9On_f76VWc3tnouo9_nRMoKvIsoWtBowOA5le6IWOkbuVhW7=s0-d-e1-ft#https:\/\/customer49009.img.musvc2.net\/static\/49009\/images\/1\/Archi%20alpine%20mail%20CS.jpg\" alt=\"Image\" width=\"600\" \/><\/div>\n<\/td>\n<\/tr>\n<\/tbody>\n<\/table>\n<\/td>\n<\/tr>\n<\/tbody>\n<\/table>\n<\/td>\n<\/tr>\n<\/tbody>\n<\/table>\n<\/td>\n<\/tr>\n<\/tbody>\n<\/table>\n<\/div>\n<\/div>\n<\/div>\n<table role=\"presentation\" border=\"0\" width=\"100%\" cellspacing=\"0\" cellpadding=\"0\" align=\"center\">\n<tbody>\n<tr>\n<td>\n<table class=\"m_8696159034903366063row-content m_8696159034903366063stack\" role=\"presentation\" border=\"0\" width=\"600\" cellspacing=\"0\" cellpadding=\"0\" align=\"center\">\n<tbody>\n<tr>\n<td class=\"m_8696159034903366063column\" width=\"100%\">\n<table role=\"presentation\" border=\"0\" width=\"100%\" cellspacing=\"0\" cellpadding=\"10\">\n<tbody>\n<tr>\n<td>\n<div align=\"center\">\n<table role=\"presentation\" border=\"0\" width=\"100%\" cellspacing=\"0\" cellpadding=\"0\">\n<tbody>\n<tr>\n<td><\/td>\n<\/tr>\n<\/tbody>\n<\/table>\n<\/div>\n<\/td>\n<\/tr>\n<\/tbody>\n<\/table>\n<table role=\"presentation\" border=\"0\" width=\"100%\" cellspacing=\"0\" cellpadding=\"0\">\n<tbody>\n<tr>\n<td>\n<div>\n<div>\n<p><em>La Fondazione Architetti Bergamo e l&#8217;Ordine degli Architetti Pianificatori, Paesaggisti e Conservatori di Bergamo, in collaborazione con il CAI di Bergamo e con il patrocinio dell\u2019Ordine degli Ingegneri di Bergamo, portano 50 architetture esemplari in mostra nella sede del CAI. Inaugurazione il 24 giugno alle ore 19, mostra aperta fino al 9 luglio<\/em><\/p>\n<\/div>\n<\/div>\n<\/td>\n<\/tr>\n<\/tbody>\n<\/table>\n<table role=\"presentation\" border=\"0\" width=\"100%\" cellspacing=\"0\" cellpadding=\"10\">\n<tbody>\n<tr>\n<td>\n<div align=\"center\">\n<table role=\"presentation\" border=\"0\" width=\"100%\" cellspacing=\"0\" cellpadding=\"0\">\n<tbody>\n<tr>\n<td><\/td>\n<\/tr>\n<\/tbody>\n<\/table>\n<\/div>\n<\/td>\n<\/tr>\n<\/tbody>\n<\/table>\n<table role=\"presentation\" border=\"0\" width=\"100%\" cellspacing=\"0\" cellpadding=\"0\">\n<tbody>\n<tr>\n<td>\n<div>\n<div>\n<p>24 giugno 2022.\u00a0La <strong>Fondazione Architetti Bergamo <\/strong>in accordo con<strong> l\u2019Ordine degli Architetti, Pianificatori, Paesaggisti e Conservatori di Bergamo<\/strong> e in collaborazione con il <strong>CAI Bergamo <\/strong>e con il patrocinio dell\u2019<strong>Ordine degli Ingegneri di Bergamo<\/strong>, inaugura il <strong>24 giugno alle ore 19<\/strong> la mostra \u201cArchitetture contemporanee sulle Alpi occidentali italiane\u201d, ospitata fino al 9 luglio negli spazi del Palamonti, sede del Club Alpino Italiano Sezione di Bergamo.<\/p>\n<p>Curata da <strong>Antonio De Rossi<\/strong> e <strong>Roberto Dini<\/strong>, docenti presso il Politecnico di Torino, \u00e8 realizzata dall\u2019Istituto di Architettura montana (IAM) del Politecnico di Torino. Espone gli esempi di oltre <strong>50 edifici realizzati negli anni pi\u00f9 recenti sui territori montati di Valle d\u2019Aosta e Piemonte<\/strong>, selezionati per la loro qualit\u00e0, architettonica e nell\u2019organizzazione dello spazio, ma anche per la loro capacit\u00e0 di diffondere pratiche abitative innovative e di innescare processi virtuosi di sviluppo locale. Molti sono i temi sottesi dai progetti scelti, dalla rigenerazione dei luoghi a base culturale alla nuova agricoltura, dalla green economy alla valorizzazione e riuso del patrimonio fino al turismo sostenibile. Parte di un lavoro di ricerca di pi\u00f9 ampia dimensione, approfondito sulla rivista ArchAlp (numero 6, 2021), ha evidenziato un importante cambio di rotta in cui la produzione architettonica si fa mezzo di espressione di realt\u00e0 socio-economiche e percorsi di innovazione tecnici e metodologici.<\/p>\n<p>&nbsp;<\/p>\n<p>Per <strong>Alessandra Boccalari<\/strong>, presidente dell\u2019Ordine degli Architetti, Pianificatori, Paesaggisti e Conservatori di Bergamo <em>\u201canche il territorio e le architetture montane entrano a far parte di quel processo di \u201ccura\u201d che \u00e8 alla base della nostra attivit\u00e0 di architetti; gli edifici in mostra sono l\u2019esempio delle buone pratiche di trasformazione che sono in atto sui territori alpini, azioni capaci di coinvolgere, tutelare e valorizzare molti aspetti: dalla cultura dell\u2019abitare, al turismo sostenibile, dai servizi all\u2019ambiente al paesaggio\u201d<\/em>.<\/p>\n<p>Secondo <strong>Paolo Valoti<\/strong>, presidente del CAI sezione Bergamo: \u201c<em>siamo lieti di collaborare con un\u2019iniziativa nata dal mondo professionale ospitando una mostra che attraverso una selezione di architetture alpine contemporanee afferma un principio e un interesse condiviso: le nuove forme di abitare la montagna, sostenibili nelle modalit\u00e0 e nelle tecnologie, devono essere una prospettiva che diventa opportunit\u00e0<\/em>\u201d.<\/p>\n<p>Per<strong> Donato Musci<\/strong>, presidente dell\u2019Ordine degli Ingegneri di Bergamo: \u201c<em>architetti e ingegneri devono essere i protagonisti anche della trasformazione sostenibile degli ambienti montani, consolidando una cultura condivisa che deve essere sempre pi\u00f9 orientata alla tutela dell\u2019ambiente<\/em>\u201d.<\/p>\n<p>&nbsp;<\/p>\n<p><strong>Inaugurazione<\/strong><\/p>\n<p>L\u2019inaugurazione di \u201cArchitetture contemporanee sulle Alpi occidentali italiane\u201d \u00e8 prevista <strong>venerd\u00ec 24 giugno alle ore 19 presso il Palamonti, sede del CAI di Bergamo<\/strong> (via Pizzo della Presolana 15). L\u2019accoglienza di Alessandra Boccalari, Paolo Valoti e Donato Musci precede la presentazione del prof. Fulvio Adobati dei lavori della prima edizione del <strong>Corso di perfezionamento \u201cValorizzazione dei beni culturali e paesaggistici della montagna\u201d<\/strong> e il lancio della seconda edizione, promosso dall\u2019Universit\u00e0 di Bergamo con la collaborazione degli enti territoriali competenti.<\/p>\n<p>&nbsp;<\/p>\n<p><strong>Apertura<\/strong><\/p>\n<p>La mostra sar\u00e0 aperta dal 24 giugno al 9 luglio, con ingresso libero da luned\u00ec a mercoled\u00ec dalle 14 alle 18:30, il gioved\u00ec dalle 14 alle 20:30 e il sabato dalle 14 alle 18.<\/p>\n<\/div>\n<\/div>\n<\/td>\n<\/tr>\n<\/tbody>\n<\/table>\n<\/td>\n<\/tr>\n<\/tbody>\n<\/table>\n<\/td>\n<\/tr>\n<\/tbody>\n<\/table>\n","protected":false},"excerpt":{"rendered":"<p>La Fondazione Architetti Bergamo e l&#8217;Ordine degli Architetti Pianificatori, Paesaggisti e Conservatori di Bergamo, in collaborazione con il CAI di [&hellip;]<\/p>\n","protected":false},"author":1,"featured_media":0,"comment_status":"open","ping_status":"open","sticky":false,"template":"","format":"standard","meta":{"footnotes":""},"categories":[10,47],"tags":[],"class_list":["post-24231","post","type-post","status-publish","format-standard","hentry","category-italiano","category-tecnologias"],"_links":{"self":[{"href":"https:\/\/www.ecoitaliano.com.ar\/index.php?rest_route=\/wp\/v2\/posts\/24231","targetHints":{"allow":["GET"]}}],"collection":[{"href":"https:\/\/www.ecoitaliano.com.ar\/index.php?rest_route=\/wp\/v2\/posts"}],"about":[{"href":"https:\/\/www.ecoitaliano.com.ar\/index.php?rest_route=\/wp\/v2\/types\/post"}],"author":[{"embeddable":true,"href":"https:\/\/www.ecoitaliano.com.ar\/index.php?rest_route=\/wp\/v2\/users\/1"}],"replies":[{"embeddable":true,"href":"https:\/\/www.ecoitaliano.com.ar\/index.php?rest_route=%2Fwp%2Fv2%2Fcomments&post=24231"}],"version-history":[{"count":0,"href":"https:\/\/www.ecoitaliano.com.ar\/index.php?rest_route=\/wp\/v2\/posts\/24231\/revisions"}],"wp:attachment":[{"href":"https:\/\/www.ecoitaliano.com.ar\/index.php?rest_route=%2Fwp%2Fv2%2Fmedia&parent=24231"}],"wp:term":[{"taxonomy":"category","embeddable":true,"href":"https:\/\/www.ecoitaliano.com.ar\/index.php?rest_route=%2Fwp%2Fv2%2Fcategories&post=24231"},{"taxonomy":"post_tag","embeddable":true,"href":"https:\/\/www.ecoitaliano.com.ar\/index.php?rest_route=%2Fwp%2Fv2%2Ftags&post=24231"}],"curies":[{"name":"wp","href":"https:\/\/api.w.org\/{rel}","templated":true}]}}