{"id":24379,"date":"2022-06-27T18:32:22","date_gmt":"2022-06-27T18:32:22","guid":{"rendered":"http:\/\/www.ecoitaliano.com.ar\/?p=24379"},"modified":"2022-06-27T18:32:22","modified_gmt":"2022-06-27T18:32:22","slug":"a-spoleto-la-poesia-diventa-colore-il-2-luglio-lomaggio-al-poeta-mario-narducci-e-allartista-giovanna-gubbiotti","status":"publish","type":"post","link":"https:\/\/www.ecoitaliano.com.ar\/?p=24379","title":{"rendered":"A SPOLETO LA POESIA DIVENTA COLORE &#8211; Il 2 luglio l\u2019Omaggio al poeta Mario Narducci e all\u2019artista Giovanna Gubbiotti"},"content":{"rendered":"<div id='gallery-1' class='gallery galleryid-24379 gallery-columns-3 gallery-size-thumbnail'><figure class='gallery-item'>\n\t\t\t<div class='gallery-icon landscape'>\n\t\t\t\t<a href='https:\/\/www.ecoitaliano.com.ar\/?attachment_id=24380'><img decoding=\"async\" width=\"150\" height=\"150\" src=\"https:\/\/www.ecoitaliano.com.ar\/wp-content\/uploads\/2022\/06\/Anna-Manna-Spoleto-2021-150x150.jpg\" class=\"attachment-thumbnail size-thumbnail\" alt=\"\" \/><\/a>\n\t\t\t<\/div><\/figure><figure class='gallery-item'>\n\t\t\t<div class='gallery-icon landscape'>\n\t\t\t\t<a href='https:\/\/www.ecoitaliano.com.ar\/?attachment_id=24381'><img decoding=\"async\" width=\"150\" height=\"150\" src=\"https:\/\/www.ecoitaliano.com.ar\/wp-content\/uploads\/2022\/06\/Giovanna-Gubbiotti.3-150x150.jpg\" class=\"attachment-thumbnail size-thumbnail\" alt=\"\" \/><\/a>\n\t\t\t<\/div><\/figure><figure class='gallery-item'>\n\t\t\t<div class='gallery-icon landscape'>\n\t\t\t\t<a href='https:\/\/www.ecoitaliano.com.ar\/?attachment_id=24382'><img decoding=\"async\" width=\"150\" height=\"150\" src=\"https:\/\/www.ecoitaliano.com.ar\/wp-content\/uploads\/2022\/06\/Mario-Narducci.3-150x150.png\" class=\"attachment-thumbnail size-thumbnail\" alt=\"\" \/><\/a>\n\t\t\t<\/div><\/figure><figure class='gallery-item'>\n\t\t\t<div class='gallery-icon portrait'>\n\t\t\t\t<a href='https:\/\/www.ecoitaliano.com.ar\/?attachment_id=24383'><img decoding=\"async\" width=\"150\" height=\"150\" src=\"https:\/\/www.ecoitaliano.com.ar\/wp-content\/uploads\/2022\/06\/Goffredo-Palmerini.2x-150x150.jpg\" class=\"attachment-thumbnail size-thumbnail\" alt=\"\" \/><\/a>\n\t\t\t<\/div><\/figure><figure class='gallery-item'>\n\t\t\t<div class='gallery-icon landscape'>\n\t\t\t\t<a href='https:\/\/www.ecoitaliano.com.ar\/?attachment_id=24384'><img decoding=\"async\" width=\"150\" height=\"150\" src=\"https:\/\/www.ecoitaliano.com.ar\/wp-content\/uploads\/2022\/06\/Sandro-Costanzi.2-150x150.jpg\" class=\"attachment-thumbnail size-thumbnail\" alt=\"\" \/><\/a>\n\t\t\t<\/div><\/figure><figure class='gallery-item'>\n\t\t\t<div class='gallery-icon landscape'>\n\t\t\t\t<a href='https:\/\/www.ecoitaliano.com.ar\/?attachment_id=24385'><img decoding=\"async\" width=\"150\" height=\"150\" src=\"https:\/\/www.ecoitaliano.com.ar\/wp-content\/uploads\/2022\/06\/Spoleto-Festival-dei-due-Mondi-150x150.jpg\" class=\"attachment-thumbnail size-thumbnail\" alt=\"\" \/><\/a>\n\t\t\t<\/div><\/figure>\n\t\t<\/div>\n\n<p>&nbsp;<\/p>\n<p>&nbsp;<\/p>\n<p><span style=\"color: #000000;\"><span style=\"font-family: Georgia, serif;\"><span style=\"font-size: medium;\">27 giugno 2022<\/span><\/span><\/span><\/p>\n<p align=\"center\"><span style=\"color: #000000;\"><span style=\"font-family: Georgia, serif;\"><span style=\"font-size: large;\"><b>A SPOLETO LA POESIA DIVENTA COLORE<\/b><\/span><\/span><\/span><\/p>\n<p align=\"center\"><span style=\"color: #000000;\"><span style=\"font-family: Georgia, serif;\"><span style=\"font-size: medium;\"><b>Il 2 luglio l\u2019Omaggio al poeta Mario Narducci e all\u2019artista Giovanna Gubbiotti<\/b><\/span><\/span><\/span><\/p>\n<p align=\"center\"><span style=\"color: #000000;\"><span style=\"font-family: Georgia, serif;\"><span style=\"font-size: medium;\">di <\/span><\/span><\/span><span style=\"color: #000000;\"><span style=\"font-family: Georgia, serif;\"><span style=\"font-size: medium;\"><b>Alessandro Clementi<\/b><\/span><\/span><\/span><\/p>\n<p align=\"justify\"><span style=\"color: #000000;\"><span style=\"font-family: Georgia, serif;\"><span style=\"font-size: medium;\">SPOLETO &#8211; Nella magica atmosfera del <\/span><\/span><\/span><span style=\"color: #000000;\"><span style=\"font-family: Georgia, serif;\"><span style=\"font-size: medium;\"><b>Festival dei due Mondi<\/b><\/span><\/span><\/span><span style=\"color: #000000;\"><span style=\"font-family: Georgia, serif;\"><span style=\"font-size: medium;\"> edizione n. 65, a <\/span><\/span><\/span><span style=\"color: #000000;\"><span style=\"font-family: Georgia, serif;\"><span style=\"font-size: medium;\"><b>Spoleto<\/b><\/span><\/span><\/span><span style=\"color: #000000;\"><span style=\"font-family: Georgia, serif;\"><span style=\"font-size: medium;\"> bussa alla porta la Poesia! E\u2019 come una carezza che occhieggia nei vicoli, nelle viuzze ombrate, nelle strade che arrancano verso la <\/span><\/span><\/span><span style=\"color: #000000;\"><span style=\"font-family: Georgia, serif;\"><span style=\"font-size: medium;\"><b>Rocca Abornoz<\/b><\/span><\/span><\/span><span style=\"color: #000000;\"><span style=\"font-family: Georgia, serif;\"><span style=\"font-size: medium;\"> sulla sommit\u00e0 del colle e verso il Duomo, laddove sulla piazza antistante con la magnifica scalinata che ne disegna un\u2019impareggiabile prospettiva \u00e8 attrezzato il palco per gli eventi del Festival. Tutto il centro storico della citt\u00e0, nei suoi meravigliosi luoghi d\u2019arte, gioisce di visitatori e turisti da tutto il mondo, con una curiosa babele di idiomi che la bellezza del luogo modella quasi a sottofondo musicale. <\/span><\/span><\/span><\/p>\n<p align=\"justify\"><span style=\"color: #000000;\"><span style=\"font-family: Georgia, serif;\"><span style=\"font-size: medium;\">Il <\/span><\/span><\/span><span style=\"color: #000000;\"><span style=\"font-family: Georgia, serif;\"><span style=\"font-size: medium;\"><b>Festival dei due Mondi<\/b><\/span><\/span><\/span><span style=\"color: #000000;\"><span style=\"font-family: Georgia, serif;\"><span style=\"font-size: medium;\"> esplode con la Musica, che sta affascinando gli spettatori nei teatri d\u2019incredibile bellezza, ma i versi dei poeti che pullulano negli incontri letterari sin dal mese di maggio sembrano rubare le note musicali che veleggiano per la citt\u00e0, per farne un tappeto volante ed entrare nei cuori di tutti. Infatti, a Spoleto, i <\/span><\/span><\/span><span style=\"color: #000000;\"><span style=\"font-family: Georgia, serif;\"><span style=\"font-size: medium;\"><b>Poeti del Raggio di Maggio<\/b><\/span><\/span><\/span><span style=\"color: #000000;\"><span style=\"font-family: Georgia, serif;\"><span style=\"font-size: medium;\">, guidati da <\/span><\/span><\/span><span style=\"color: #000000;\"><span style=\"font-family: Georgia, serif;\"><span style=\"font-size: medium;\"><b>Sandro Costanzi<\/b><\/span><\/span><\/span><span style=\"color: #000000;\"><span style=\"font-family: Georgia, serif;\"><span style=\"font-size: medium;\">, portano avanti un\u2019interessante attivit\u00e0 poetica, raffinata e modernissima nella impostazione, che incontra i luoghi pi\u00f9 belli della citt\u00e0!<\/span><\/span><\/span><\/p>\n<p align=\"justify\"><span style=\"color: #000000;\"><span style=\"font-family: Georgia, serif;\"><span style=\"font-size: medium;\">Cos\u00ec note musicali e versi scaldano i pomeriggi indorati dal sole al tramonto e le notti spoletine con una singolare carezza artistica, indimenticabile. In questo caldissimo inizio d\u2019estate, nel centralissimo Corso Mazzini presso <\/span><\/span><\/span><span style=\"color: #000000;\"><span style=\"font-family: Georgia, serif;\"><span style=\"font-size: medium;\"><b>La Bottega<\/b><\/span><\/span><\/span> <span style=\"color: #000000;\"><span style=\"font-family: Georgia, serif;\"><span style=\"font-size: medium;\"><b>dell\u2019Arte<\/b><\/span><\/span><\/span><span style=\"color: #000000;\"><span style=\"font-family: Georgia, serif;\"><span style=\"font-size: medium;\">, il pomeriggio di <\/span><\/span><\/span><span style=\"color: #000000;\"><span style=\"font-family: Georgia, serif;\"><span style=\"font-size: medium;\"><b>sabato 2 luglio<\/b><\/span><\/span><\/span><span style=\"color: #000000;\"><span style=\"font-family: Georgia, serif;\"><span style=\"font-size: medium;\"> si assister\u00e0 anche ad un altro miracolo, un magnifico connubio tra <\/span><\/span><\/span><span style=\"color: #000000;\"><span style=\"font-family: Georgia, serif;\"><span style=\"font-size: medium;\"><b>Poesia e Pittura<\/b><\/span><\/span><\/span><span style=\"color: #000000;\"><span style=\"font-family: Georgia, serif;\"><span style=\"font-size: medium;\">, intrigante sinestesia tra Letteratura e Arte!<\/span><\/span><\/span><\/p>\n<p align=\"justify\"><span style=\"color: #000000;\"><span style=\"font-family: Georgia, serif;\"><span style=\"font-size: medium;\">Il Premio <\/span><\/span><\/span><span style=\"color: #000000;\"><span style=\"font-family: Georgia, serif;\"><span style=\"font-size: medium;\"><i>\u201cIL POETA EBBRO DI COLORI\u201d,<\/i><\/span><\/span><\/span><span style=\"color: #000000;\"><span style=\"font-family: Georgia, serif;\"><span style=\"font-size: medium;\"> ideato ed organizzato dalla poetessa romana <\/span><\/span><\/span><span style=\"color: #000000;\"><span style=\"font-family: Georgia, serif;\"><span style=\"font-size: medium;\"><b>ANNA MANNA, <\/b><\/span><\/span><\/span><span style=\"color: #000000;\"><span style=\"font-family: Georgia, serif;\"><span style=\"font-size: medium;\">presso<\/span><\/span><\/span><b> <\/b><span style=\"color: #000000;\"><span style=\"font-family: Georgia, serif;\"><span style=\"font-size: medium;\">La Bottega dell\u2019Arte<\/span><\/span><\/span><b> <\/b><span style=\"color: #000000;\"><span style=\"font-family: Georgia, serif;\"><span style=\"font-size: medium;\">di <\/span><\/span><\/span><span style=\"color: #000000;\"><span style=\"font-family: Georgia, serif;\"><span style=\"font-size: medium;\"><b>Katia Laudicina, <\/b><\/span><\/span><\/span><span style=\"color: #000000;\"><span style=\"font-family: Georgia, serif;\"><span style=\"font-size: medium;\">celebrer\u00e0 il poeta aquilano<\/span><\/span><\/span><span style=\"color: #000000;\"><span style=\"font-family: Georgia, serif;\"><span style=\"font-size: medium;\"><b> MARIO NARDUCCI <\/b><\/span><\/span><\/span><span style=\"color: #000000;\"><span style=\"font-family: Georgia, serif;\"><span style=\"font-size: medium;\">in un incontro che sigler\u00e0 anche il legame artistico tra la citt\u00e0 di<\/span><\/span><\/span><span style=\"color: #000000;\"><span style=\"font-family: Georgia, serif;\"><span style=\"font-size: medium;\"><b> Spoleto <\/b><\/span><\/span><\/span><span style=\"color: #000000;\"><span style=\"font-family: Georgia, serif;\"><span style=\"font-size: medium;\">e<\/span><\/span><\/span><span style=\"color: #000000;\"><span style=\"font-family: Georgia, serif;\"><span style=\"font-size: medium;\"><b> L\u2019Aquila<\/b><\/span><\/span><\/span><span style=\"color: #000000;\"><span style=\"font-family: Georgia, serif;\"><span style=\"font-size: medium;\">, splendida citt\u00e0 capoluogo d\u2019Abruzzo! Sar\u00e0 proprio una pittrice spoletina, <\/span><\/span><\/span><span style=\"color: #000000;\"><span style=\"font-family: Georgia, serif;\"><span style=\"font-size: medium;\"><b>Giovanna Gubbiotti<\/b><\/span><\/span><\/span><span style=\"color: #000000;\"><span style=\"font-family: Georgia, serif;\"><span style=\"font-size: medium;\">, a ricevere il<\/span><\/span><\/span><b> <\/b><span style=\"color: #000000;\"><span style=\"font-family: Georgia, serif;\"><span style=\"font-size: medium;\">Premio 2022<\/span><\/span><\/span><b> <\/b><span style=\"color: #000000;\"><span style=\"font-family: Georgia, serif;\"><span style=\"font-size: medium;\"><i>IL POETA EBBRO DI COLORI<\/i><\/span><\/span><\/span><span style=\"color: #000000;\"><span style=\"font-family: Georgia, serif;\"><span style=\"font-size: medium;\">: infatti il suo dipinto premiato, che sar\u00e0 esposto in Galleria, \u00e8 stato ispirato proprio da una lirica di<\/span><\/span><\/span><span style=\"color: #000000;\"><span style=\"font-family: Georgia, serif;\"><span style=\"font-size: medium;\"><b> Mario Narducci.<\/b><\/span><\/span><\/span><\/p>\n<p align=\"justify\"><span style=\"color: #000000;\"><span style=\"font-family: Georgia, serif;\"><span style=\"font-size: medium;\">Il programma del Premio 2022 <\/span><\/span><\/span><span style=\"color: #000000;\"><span style=\"font-family: Georgia, serif;\"><span style=\"font-size: medium;\"><i>\u201cIL POETA EBBRO DI COLORI\u201d<\/i><\/span><\/span><\/span><span style=\"color: #000000;\"><span style=\"font-family: Georgia, serif;\"><span style=\"font-size: medium;\"><i><b>,<\/b><\/i><\/span><\/span><\/span><span style=\"color: #000000;\"><span style=\"font-family: Georgia, serif;\"><span style=\"font-size: medium;\"> con la collaborazione della<\/span><\/span><\/span><span style=\"color: #000000;\"><span style=\"font-family: Georgia, serif;\"><span style=\"font-size: medium;\"><b> Pro Loco <\/b><\/span><\/span><\/span><span style=\"color: #000000;\"><span style=\"font-family: Georgia, serif;\"><span style=\"font-size: medium;\">di<\/span><\/span><\/span><span style=\"color: #000000;\"><span style=\"font-family: Georgia, serif;\"><span style=\"font-size: medium;\"><b> Spoleto<\/b><\/span><\/span><\/span><span style=\"color: #000000;\"><span style=\"font-family: Georgia, serif;\"><span style=\"font-size: medium;\">, il cui presidente <\/span><\/span><\/span><span style=\"color: #000000;\"><span style=\"font-family: Georgia, serif;\"><span style=\"font-size: medium;\"><b>Gianni Burli<\/b><\/span><\/span><\/span><span style=\"color: #000000;\"><span style=\"font-family: Georgia, serif;\"><span style=\"font-size: medium;\"> porter\u00e0 il saluto, si svolger\u00e0<\/span><\/span><\/span><b> <\/b><span style=\"color: #000000;\"><span style=\"font-family: Georgia, serif;\"><span style=\"font-size: medium;\">sabato <\/span><\/span><\/span><span style=\"color: #000000;\"><span style=\"font-family: Georgia, serif;\"><span style=\"font-size: medium;\"><b>2 luglio <\/b><\/span><\/span><\/span><span style=\"color: #000000;\"><span style=\"font-family: Georgia, serif;\"><span style=\"font-size: medium;\">dalle<\/span><\/span><\/span><span style=\"color: #000000;\"><span style=\"font-family: Georgia, serif;\"><span style=\"font-size: medium;\"><b> ore 17:30 <\/b><\/span><\/span><\/span><span style=\"color: #000000;\"><span style=\"font-family: Georgia, serif;\"><span style=\"font-size: medium;\">presso la<\/span><\/span><\/span><span style=\"color: #000000;\"><span style=\"font-family: Georgia, serif;\"><span style=\"font-size: medium;\"><b> Bottega dell\u2019Arte<\/b><\/span><\/span><\/span><span style=\"color: #000000;\"><span style=\"font-family: Georgia, serif;\"><span style=\"font-size: medium;\">. Condurranno l\u2019evento<\/span><\/span><\/span><span style=\"color: #000000;\"><span style=\"font-family: Georgia, serif;\"><span style=\"font-size: medium;\"><b> Anna Manna <\/b><\/span><\/span><\/span><span style=\"color: #000000;\"><span style=\"font-family: Georgia, serif;\"><span style=\"font-size: medium;\">e<\/span><\/span><\/span><span style=\"color: #000000;\"><span style=\"font-family: Georgia, serif;\"><span style=\"font-size: medium;\"><b> Sandro Costanzi<\/b><\/span><\/span><\/span><span style=\"color: #000000;\"><span style=\"font-family: Georgia, serif;\"><span style=\"font-size: medium;\">.<\/span><\/span><\/span><b> <\/b><span style=\"color: #000000;\"><span style=\"font-family: Georgia, serif;\"><span style=\"font-size: medium;\">In primis<\/span><\/span><\/span><b> <\/b><span style=\"color: #000000;\"><span style=\"font-family: Georgia, serif;\"><span style=\"font-size: medium;\">l\u2019<\/span><\/span><\/span><span style=\"font-family: Georgia, serif;\"><span style=\"font-size: medium;\"><b>OMAGGIO A MARIO NARDUCCI<\/b><\/span><\/span><span style=\"font-family: Georgia, serif;\"><span style=\"font-size: medium;\">, con la consegna all\u2019insigne poeta aquilano della Targa celebrativa, cui seguir\u00e0 il Recital delle liriche declamate dalla viva voce del Poeta. <\/span><\/span><\/p>\n<p align=\"justify\"><a name=\"_GoBack\"><\/a> <span style=\"font-family: Georgia, serif;\"><span style=\"font-size: medium;\"><b>Mario Narducci <\/b><\/span><\/span><span style=\"font-family: Georgia, serif;\"><span style=\"font-size: medium;\">\u00e8 nato nel 1938 a <\/span><\/span><span style=\"font-family: Georgia, serif;\"><span style=\"font-size: medium;\"><b>L&#8217;Aquila<\/b><\/span><\/span><span style=\"font-family: Georgia, serif;\"><span style=\"font-size: medium;\">. Giornalista professionista, ha lavorato per <\/span><\/span><span style=\"font-family: Georgia, serif;\"><span style=\"font-size: medium;\"><i>Il Resto del Carlino<\/i><\/span><\/span><span style=\"font-family: Georgia, serif;\"><span style=\"font-size: medium;\">, <\/span><\/span><span style=\"font-family: Georgia, serif;\"><span style=\"font-size: medium;\"><i>La Gazzetta del Popolo<\/i><\/span><\/span><span style=\"font-family: Georgia, serif;\"><span style=\"font-size: medium;\">, <\/span><\/span><span style=\"font-family: Georgia, serif;\"><span style=\"font-size: medium;\"><i>Avvenire<\/i><\/span><\/span><span style=\"font-family: Georgia, serif;\"><span style=\"font-size: medium;\"> e <\/span><\/span><span style=\"font-family: Georgia, serif;\"><span style=\"font-size: medium;\"><i>Il Popolo<\/i><\/span><\/span><span style=\"font-family: Georgia, serif;\"><span style=\"font-size: medium;\">, seguendo per quest&#8217;ultima testata, come vaticanista, i viaggi apostolici di <\/span><\/span><span style=\"font-size: medium;\"><span style=\"font-family: Georgia, serif;\">Paolo VI<\/span><\/span><span style=\"font-family: Georgia, serif;\"><span style=\"font-size: medium;\"> nell&#8217;ultimo scorcio del pontificato e, per dieci anni, quelli di <\/span><\/span><span style=\"font-size: medium;\"><span style=\"font-family: Georgia, serif;\">Giovanni Paolo II<\/span><\/span><span style=\"font-family: Georgia, serif;\"><span style=\"font-size: medium;\">, poi raccontati nel volume, esaurito, <\/span><\/span><span style=\"font-family: Georgia, serif;\"><span style=\"font-size: medium;\"><em>Le ragioni dell&#8217;anima <\/em><\/span><\/span><span style=\"font-family: Georgia, serif;\"><span style=\"font-size: medium;\">(Calderini, Bologna, 1989). Ha fondato e dirige <\/span><\/span><span style=\"font-family: Georgia, serif;\"><span style=\"font-size: medium;\"><em>Novanta9<\/em><\/span><\/span><span style=\"font-family: Georgia, serif;\"><span style=\"font-size: medium;\">, periodico di lettere, arti e presenza culturale. E&#8217; presidente dell&#8217;<\/span><\/span><span style=\"font-size: medium;\"><span style=\"font-family: Georgia, serif;\">Istituto di Abruzzesistica e Dialettologia <\/span><\/span><span style=\"font-family: Georgia, serif;\"><span style=\"font-size: medium;\">e promotore del <\/span><\/span><span style=\"font-family: Georgia, serif;\"><span style=\"font-size: medium;\"><b>Premio L&#8217;Aquila<\/b><\/span><\/span><span style=\"font-family: Georgia, serif;\"><span style=\"font-size: medium;\"> intitolato ad <\/span><\/span><span style=\"font-family: Georgia, serif;\"><span style=\"font-size: medium;\"><b>Angelo Narducci<\/b><\/span><\/span><span style=\"font-family: Georgia, serif;\"><span style=\"font-size: medium;\">, direttore storico del quotidiano Avvenire. E&#8217; componente di numerosi Premi letterari. Ha pubblicato tra l&#8217;altro i seguenti testi di poesia: <\/span><\/span><span style=\"font-family: Georgia, serif;\"><span style=\"font-size: medium;\"><em>La Ragazza di un mese <\/em><\/span><\/span><span style=\"font-family: Georgia, serif;\"><span style=\"font-size: medium;\">(Ceti, Teramo), <\/span><\/span><span style=\"font-family: Georgia, serif;\"><span style=\"font-size: medium;\"><i>Sdrucciolo dei poeti<\/i><\/span><\/span><span style=\"font-family: Georgia, serif;\"><span style=\"font-size: medium;\"> (Ed. Lo Zir\u00e8, L\u2019Aquila), <\/span><\/span><span style=\"font-family: Georgia, serif;\"><span style=\"font-size: medium;\"><em>Se insiste la speranza<\/em><\/span><\/span><span style=\"font-family: Georgia, serif;\"><span style=\"font-size: medium;\"> (Cannarsa, Lanciano), <\/span><\/span><span style=\"font-family: Georgia, serif;\"><span style=\"font-size: medium;\"><em>Il deserto e i giorni<\/em><\/span><\/span><span style=\"font-family: Georgia, serif;\"><span style=\"font-size: medium;\"> (IAED, L&#8217;Aquila) con un contributo critico di Alda Merini, <\/span><\/span><span style=\"font-family: Georgia, serif;\"><span style=\"font-size: medium;\"><em>Le offese stagioni<\/em><\/span><\/span><span style=\"font-family: Georgia, serif;\"><span style=\"font-size: medium;\"> (Confronto, Fondi), <\/span><\/span><span style=\"font-family: Georgia, serif;\"><span style=\"font-size: medium;\"><em>Tempo di Passione<\/em><\/span><\/span><span style=\"font-family: Georgia, serif;\"><span style=\"font-size: medium;\"> (IAED, L&#8217;Aquila), <\/span><\/span><span style=\"font-family: Georgia, serif;\"><span style=\"font-size: medium;\"><i>L\u2019amore che resta: appunti per un canto lieve<\/i><\/span><\/span><span style=\"font-family: Georgia, serif;\"><span style=\"font-size: medium;\"> (IAED, L\u2019Aquila) e i volumi di narrativa <\/span><\/span><span style=\"font-family: Georgia, serif;\"><span style=\"font-size: medium;\"><i>Il primo viaggio di Wojtyla in Polonia<\/i><\/span><\/span><span style=\"font-family: Georgia, serif;\"><span style=\"font-size: medium;\"> (IAED) e <\/span><\/span><span style=\"font-family: Georgia, serif;\"><span style=\"font-size: medium;\"><i>Via delle Bone Novelle-Racconti in quarantena<\/i><\/span><\/span><span style=\"font-family: Georgia, serif;\"><span style=\"font-size: medium;\"> (IAED, L\u2019Aquila). <\/span><\/span><\/p>\n<p align=\"justify\"><span style=\"font-family: Georgia, serif;\"><span style=\"font-size: medium;\">Ospite d\u2019onore dell\u2019evento \u00e8 lo scrittore e giornalista aquilano <\/span><\/span><span style=\"font-family: Georgia, serif;\"><span style=\"font-size: medium;\"><b>Goffredo Palmerini<\/b><\/span><\/span><span style=\"font-family: Georgia, serif;\"><span style=\"font-size: medium;\">, insignito a Spoleto lo scorso anno del <\/span><\/span><span style=\"font-family: Georgia, serif;\"><span style=\"font-size: medium;\"><b>Premio I GRANDI DIALOGHI<\/b><\/span><\/span><span style=\"font-family: Georgia, serif;\"><span style=\"font-size: medium;\"> per il Giornalismo internazionale, nell\u2019edizione inaugurale. Seguir\u00e0 la consegna della Targa del Premio <\/span><\/span><span style=\"font-family: Georgia, serif;\"><span style=\"font-size: medium;\"><i>\u201cIL POETA EBBRO DI COLORI\u201d <\/i><\/span><\/span><span style=\"font-family: Georgia, serif;\"><span style=\"font-size: medium;\">all\u2019artista <\/span><\/span><span style=\"font-family: Georgia, serif;\"><span style=\"font-size: medium;\"><b>Giovanna Gubbiotti<\/b><\/span><\/span><span style=\"font-family: Georgia, serif;\"><span style=\"font-size: medium;\">, per la sua opera \u2013 un magnifico dipinto olio su tela \u2013 ispirata da una poesia di <\/span><\/span><span style=\"font-family: Georgia, serif;\"><span style=\"font-size: medium;\"><b>Mario Narducci<\/b><\/span><\/span><span style=\"font-family: Georgia, serif;\"><span style=\"font-size: medium;\">, e il Recital dei poeti spoletini del <\/span><\/span><span style=\"font-family: Georgia, serif;\"><span style=\"font-size: medium;\"><b>Raggio di Maggio<\/b><\/span><\/span><span style=\"font-family: Georgia, serif;\"><span style=\"font-size: medium;\">. La programmazione del Premio prevede altri eventi a <\/span><\/span><span style=\"font-family: Georgia, serif;\"><span style=\"font-size: medium;\"><b>Roma<\/b><\/span><\/span><span style=\"font-family: Georgia, serif;\"><span style=\"font-size: medium;\">, in settembre e ottobre, per rendere Omaggio a famosi poeti italiani, attraverso la premiazioni di dipinti ispirati dai loro versi. <\/span><\/span><\/p>\n<p align=\"justify\"><span style=\"font-family: Georgia, serif;\"><span style=\"font-size: medium;\">La poetessa <\/span><\/span><span style=\"font-family: Georgia, serif;\"><span style=\"font-size: medium;\"><b>Anna Manna<\/b><\/span><\/span><span style=\"font-family: Georgia, serif;\"><span style=\"font-size: medium;\">, infaticabile ed eclettica operatrice culturale, organizzer\u00e0 a <\/span><\/span><span style=\"font-family: Georgia, serif;\"><span style=\"font-size: medium;\"><b>Spoleto<\/b><\/span><\/span> <span style=\"color: #000000;\"><span style=\"font-family: Georgia, serif;\"><span style=\"font-size: medium;\">altri incontri durante il periodo estate-autunno. Avranno sempre per tema dominante la POESIA, ma con diverse declinazioni e sinestesie. A grandi linee, dopo il primo evento del 2 luglio prossimo (<\/span><\/span><\/span><span style=\"color: #000000;\"><span style=\"font-family: Georgia, serif;\"><span style=\"font-size: medium;\"><b>Poesia e Pittura<\/b><\/span><\/span><\/span><span style=\"color: #000000;\"><span style=\"font-family: Georgia, serif;\"><span style=\"font-size: medium;\">), il progetto degli incontri spoletini si svilupper\u00e0 sulle seguenti tematiche, in date ancora da definire: <\/span><\/span><\/span><span style=\"color: #000000;\"><span style=\"font-family: Georgia, serif;\"><span style=\"font-size: medium;\"><i>Poesia a Monteluco<\/i><\/span><\/span><\/span><span style=\"color: #000000;\"><span style=\"font-family: Georgia, serif;\"><span style=\"font-size: medium;\"><b> (Poesia e Natura); <\/b><\/span><\/span><\/span><span style=\"color: #000000;\"><span style=\"font-family: Georgia, serif;\"><span style=\"font-size: medium;\"><i>Poesia alla Sala Pegasus<\/i><\/span><\/span><\/span><span style=\"color: #000000;\"><span style=\"font-family: Georgia, serif;\"><span style=\"font-size: medium;\"><b> (Poesia e Teatro); <\/b><\/span><\/span><\/span><span style=\"color: #000000;\"><span style=\"font-family: Georgia, serif;\"><span style=\"font-size: medium;\"><i>Poesia al Gran Caff\u00e8<\/i><\/span><\/span><\/span><span style=\"color: #000000;\"><span style=\"font-family: Georgia, serif;\"><span style=\"font-size: medium;\"><b> (Poesia e Speranza); <\/b><\/span><\/span><\/span><span style=\"color: #000000;\"><span style=\"font-family: Georgia, serif;\"><span style=\"font-size: medium;\"><i>Poesia al\u00a0Ristorante<\/i><\/span><\/span><\/span><span style=\"color: #000000;\"><span style=\"font-family: Georgia, serif;\"><span style=\"font-size: medium;\"><b>\u00a0(Poesia e Cucina tipica)<\/b><\/span><\/span><\/span><span style=\"color: #000000;\"><span style=\"font-family: Georgia, serif;\"><span style=\"font-size: medium;\">. Tutti gli eventi si concluderanno con un brindisi augurale finale.<\/span><\/span><\/span><\/p>\n","protected":false},"excerpt":{"rendered":"<p>&nbsp; &nbsp; 27 giugno 2022 A SPOLETO LA POESIA DIVENTA COLORE Il 2 luglio l\u2019Omaggio al poeta Mario Narducci e [&hellip;]<\/p>\n","protected":false},"author":1,"featured_media":0,"comment_status":"open","ping_status":"open","sticky":false,"template":"","format":"standard","meta":{"footnotes":""},"categories":[10,14],"tags":[],"class_list":["post-24379","post","type-post","status-publish","format-standard","hentry","category-italiano","category-regiones-de-italia"],"_links":{"self":[{"href":"https:\/\/www.ecoitaliano.com.ar\/index.php?rest_route=\/wp\/v2\/posts\/24379","targetHints":{"allow":["GET"]}}],"collection":[{"href":"https:\/\/www.ecoitaliano.com.ar\/index.php?rest_route=\/wp\/v2\/posts"}],"about":[{"href":"https:\/\/www.ecoitaliano.com.ar\/index.php?rest_route=\/wp\/v2\/types\/post"}],"author":[{"embeddable":true,"href":"https:\/\/www.ecoitaliano.com.ar\/index.php?rest_route=\/wp\/v2\/users\/1"}],"replies":[{"embeddable":true,"href":"https:\/\/www.ecoitaliano.com.ar\/index.php?rest_route=%2Fwp%2Fv2%2Fcomments&post=24379"}],"version-history":[{"count":0,"href":"https:\/\/www.ecoitaliano.com.ar\/index.php?rest_route=\/wp\/v2\/posts\/24379\/revisions"}],"wp:attachment":[{"href":"https:\/\/www.ecoitaliano.com.ar\/index.php?rest_route=%2Fwp%2Fv2%2Fmedia&parent=24379"}],"wp:term":[{"taxonomy":"category","embeddable":true,"href":"https:\/\/www.ecoitaliano.com.ar\/index.php?rest_route=%2Fwp%2Fv2%2Fcategories&post=24379"},{"taxonomy":"post_tag","embeddable":true,"href":"https:\/\/www.ecoitaliano.com.ar\/index.php?rest_route=%2Fwp%2Fv2%2Ftags&post=24379"}],"curies":[{"name":"wp","href":"https:\/\/api.w.org\/{rel}","templated":true}]}}