{"id":24880,"date":"2022-07-04T15:17:24","date_gmt":"2022-07-04T15:17:24","guid":{"rendered":"http:\/\/www.ecoitaliano.com.ar\/?p=24880"},"modified":"2022-07-04T15:17:48","modified_gmt":"2022-07-04T15:17:48","slug":"comunicato-stampa-in-uscita-venerdi-8-luglio-il-quarto-episodio-della-saga-dei-davanzo-il-viaggio-della-dandola-di-stefano-caroldi-edito-da-pendragon-un-nuovo-capitolo-a","status":"publish","type":"post","link":"https:\/\/www.ecoitaliano.com.ar\/?p=24880","title":{"rendered":"Pendragon Edizioni &#8211; In uscita venerd\u00ec 8 luglio \u00abIl viaggio della Dandola\u00bb il nuovo libro di Stefano Caroldi, il quarto episodio della saga dei Davanzo"},"content":{"rendered":"<table role=\"presentation\" border=\"0\" width=\"100%\" cellspacing=\"0\" cellpadding=\"0\">\n<tbody>\n<tr>\n<td>\n<table role=\"presentation\" border=\"0\" width=\"100%\" cellspacing=\"0\" cellpadding=\"0\" align=\"center\">\n<tbody>\n<tr>\n<td>\n<table class=\"m_-2740072066154443629row-content m_-2740072066154443629stack\" role=\"presentation\" border=\"0\" width=\"600\" cellspacing=\"0\" cellpadding=\"0\" align=\"center\">\n<tbody>\n<tr>\n<td class=\"m_-2740072066154443629column\" width=\"100%\">\n<table role=\"presentation\" border=\"0\" width=\"100%\" cellspacing=\"0\" cellpadding=\"10\">\n<tbody>\n<tr>\n<td>\n<div>\n<div>\n<p><u><strong>COMUNICATO <\/strong><strong>STAMPA<\/strong><\/u><\/p>\n<p><strong>\u00a0<\/strong><strong>In uscita venerd\u00ec 8 luglio il quarto episodio della saga dei Davanzo<\/strong><\/p>\n<p><strong><em>\u00a0<\/em><\/strong><strong><em>\u201cIl viaggio della Dandola\u201d<\/em><\/strong><\/p>\n<p><strong>di Stefano Caroldi edito da Pendragon<\/strong><\/p>\n<p><strong><em>\u00a0<\/em><\/strong><strong>Un nuovo capitolo a tinte gialle, <\/strong><\/p>\n<p><strong>ammantato di sensualit\u00e0 e ricco di colpi di scena<\/strong><\/p>\n<\/div>\n<\/div>\n<\/td>\n<\/tr>\n<\/tbody>\n<\/table>\n<table role=\"presentation\" border=\"0\" width=\"100%\" cellspacing=\"0\" cellpadding=\"10\">\n<tbody>\n<tr>\n<td>\n<div align=\"center\">\n<table role=\"presentation\" border=\"0\" width=\"100%\" cellspacing=\"0\" cellpadding=\"0\">\n<tbody>\n<tr>\n<td><\/td>\n<\/tr>\n<\/tbody>\n<\/table>\n<\/div>\n<\/td>\n<\/tr>\n<\/tbody>\n<\/table>\n<table class=\"m_-2740072066154443629image_block\" role=\"presentation\" border=\"0\" width=\"100%\" cellspacing=\"0\" cellpadding=\"0\">\n<tbody>\n<tr>\n<td>\n<div align=\"center\"><img decoding=\"async\" class=\"m_-2740072066154443629big CToWUd a6T\" tabindex=\"0\" src=\"https:\/\/ci3.googleusercontent.com\/proxy\/qnLBzlFHs2KP4xCdqYiKf6TPmc2VwGf8WJkavB1mOkePtLfvZSpDvlrYpVoghQJUMtadgALlUe9PvZA49wsZQTHkuUxJzlqm_qjMBDMXE32tCw6j__PHxpnOzL1Bauk=s0-d-e1-ft#https:\/\/culturaliart.img.musvc2.net\/static\/91342\/images\/1\/CAROLDI%202022.jpg\" width=\"600\" \/><\/div>\n<\/td>\n<\/tr>\n<\/tbody>\n<\/table>\n<\/td>\n<\/tr>\n<\/tbody>\n<\/table>\n<\/td>\n<\/tr>\n<\/tbody>\n<\/table>\n<\/td>\n<\/tr>\n<\/tbody>\n<\/table>\n<table role=\"presentation\" border=\"0\" width=\"100%\" cellspacing=\"0\" cellpadding=\"0\" align=\"center\">\n<tbody>\n<tr>\n<td>\n<table class=\"m_-2740072066154443629row-content m_-2740072066154443629stack\" role=\"presentation\" border=\"0\" width=\"600\" cellspacing=\"0\" cellpadding=\"0\" align=\"center\">\n<tbody>\n<tr>\n<td class=\"m_-2740072066154443629column\" width=\"100%\">\n<table role=\"presentation\" border=\"0\" width=\"100%\" cellspacing=\"0\" cellpadding=\"10\">\n<tbody>\n<tr>\n<td>\n<div>\n<div>\n<p><strong>Venerd\u00ec 8 luglio 2022<\/strong> uscir\u00e0 <strong><em>Il viaggio della Dandola<\/em><\/strong>, il nuovo giallo di <strong><em>Stefano Caroldi<\/em><\/strong> edito da Pendragon, quarto capitolo della <strong>saga dei Davanzo<\/strong>. Dopo il successo de <em>Allo studio del Bo<\/em> (Pendragon 2014), <em>Il lazzaretto galleggiante<\/em> (Pendragon 2017) e <em>La barena dei sette morti<\/em> (Pendragon 2020), Caroldi propone un romanzo frutto di una sintesi tra studio, esperienza personale e invenzione.<\/p>\n<p>&nbsp;<\/p>\n<p>Il racconto \u00e8 ambientato nella seconda met\u00e0 del Cinquecento e si svolge su una grande nave da mercato, la <strong>Dandola<\/strong>, che salpa dal Golfo di Venezia diretto verso l\u2019isola di Candia. A bordo dell\u2019imponente imbarcazione, che trasporta un prezioso carico d\u2019armi, \u00e8 presente una bizzarra selezione di personaggi, in gran parte legati tra loro per ragioni affettive o di interesse. Tra questi, <strong>Nicola Davanzo<\/strong>, ricco cittadino veneziano, finanziatore dell\u2019operazione, partito sulle tracce del suo amore perduto, Stilla, scomparsa da anni, di cui ha ricevuto notizie insperate; con lui, lo sfaccendato e intemperante <strong>Vettore Malipiero<\/strong>, amico di vecchia data, pi\u00f9 prosaicamente dedito alle grazie della conturbante siriana <strong>Amina<\/strong>. E poi il nobile <strong>Sebastiano Polani<\/strong>, allontanato da Venezia dal fratello senatore per il suo carattere troppo focoso, con la sua concubina <strong>Clio<\/strong>, bella cipriota che ha un rapporto ambiguo con Amina; <strong>David ben Tubal<\/strong>, influente personaggio al servizio del sultano; <strong>Gasparo<\/strong>, diplomatico, spia della Serenissima, che si innamorer\u00e0 di <strong>Fausto<\/strong>, aspirante dragomanno imbarcatosi con la giovane sposa <strong>Nina<\/strong>, la quale rester\u00e0 a sua volta soggiogata dal fascino di <strong>Marco<\/strong>, vice del comandante. All\u2019intreccio di <strong>tradimenti, tresche e triangoli<\/strong> che da subito caratterizza il viaggio, si aggiungeranno eventi di ben altra portata: <strong>sparizioni, avvelenamenti, navi che si smaterializzano<\/strong> per ricomparire dove non potrebbero essere, corsari, collisioni e altri strani incidenti. Eppure, tutto ha una spiegazione: per risolvere il mistero che si infittisce sempre di pi\u00f9, Nicola dovr\u00e0 passare attraverso \u201cprove\u201d che mai avrebbe immaginato di dover affrontare.<\/p>\n<p>&nbsp;<\/p>\n<p>Siamo nella seconda met\u00e0 del Cinquecento, una decina d\u2019anni dopo la battaglia di Lepanto, in un periodo storico in cui l\u2019egemonia veneziana in quello che da secoli era considerato come il suo Golfo \u00e8 in declino, conteso tra grandi potenze quali Austria e Turchia e piccole intriganti repubbliche come Ragugia. Le <strong>analogie con ci\u00f2 che sta accadendo oggi intorno a noi<\/strong> nella lotta tra grandi imperi, veri o presunti, e piccoli stati, spesso usati con cinismo per scopi diversi da quelli dichiarati, emergono lungo tutta la storia.<\/p>\n<p>&nbsp;<\/p>\n<p><strong>L\u2019ambientazione storica<\/strong> \u00e8 basata su una <strong>approfondita ricerca bibliografica<\/strong> sia per ci\u00f2 che riguarda la parte marina, navi e navigazione, che quella di terra, luoghi e citt\u00e0; gli episodi casuali che movimentano la trama del romanzo, invece, sono tratti dalla <strong>personale esperienza dell\u2019autore<\/strong> nel corso degli anni passati navigando intorno al mondo in barca a vela. Non mancano i riferimenti a veleni e alla pratica medica del tempo, trattata in maniera pi\u00f9 specifica nei precedenti romanzi. Gli studi all\u2019universit\u00e0 di Padova, dove ha lavorato anche come ricercatore nel campo della neurotossicologia, sono stati per il Caroldi fonte di ispirazione e scrigno di preziose conoscenze scientifiche.<\/p>\n<p>&nbsp;<\/p>\n<p>\u201c<em>La mia passione per la storia \u00e8 stata fondamentale per la ricostruzione della citt\u00e0<\/em> &#8211; afferma l\u2019autore &#8211; <em>cos\u00ec come la mia formazione medica. Certo ho attinto molto anche dall\u2019immaginazione cercando di ricreare le atmosfere del tempo. Accanto ai tanti riferimenti reali non manca qualche licenza di fantasia<\/em>\u201d.<\/p>\n<p>&nbsp;<\/p>\n<p>Il linguaggio aulico e ricercato, sia nelle descrizioni che nell\u2019eloquio forbito dei personaggi, rende totale l\u2019immersione nell\u2019epoca. Tutto ci\u00f2 che accade, anche se non necessariamente vero, \u00e8 assolutamente verosimile muovendosi in quella realt\u00e0 che trova la sua dimensione nella magia del possibile.<\/p>\n<p>&nbsp;<\/p>\n<p><strong>NOTA BIOGRAFICA SULL&#8217;AUTORE<\/strong><\/p>\n<\/div>\n<\/div>\n<\/td>\n<\/tr>\n<\/tbody>\n<\/table>\n<\/td>\n<\/tr>\n<\/tbody>\n<\/table>\n<\/td>\n<\/tr>\n<\/tbody>\n<\/table>\n<table role=\"presentation\" border=\"0\" width=\"100%\" cellspacing=\"0\" cellpadding=\"0\" align=\"center\">\n<tbody>\n<tr>\n<td>\n<table class=\"m_-2740072066154443629row-content m_-2740072066154443629stack\" role=\"presentation\" border=\"0\" width=\"600\" cellspacing=\"0\" cellpadding=\"0\" align=\"center\">\n<tbody>\n<tr>\n<td class=\"m_-2740072066154443629column\" width=\"33.333333333333336%\">\n<table class=\"m_-2740072066154443629image_block\" role=\"presentation\" border=\"0\" width=\"100%\" cellspacing=\"0\" cellpadding=\"0\">\n<tbody>\n<tr>\n<td>\n<div align=\"center\"><img decoding=\"async\" class=\"CToWUd a6T\" tabindex=\"0\" src=\"https:\/\/ci5.googleusercontent.com\/proxy\/umNQJGt-YaZ7gZ1_uDl0jsfgsmkkKRcB7uFyNpGohRhnnNyZ88idZ_6EWsnti05T7AdI-6BwBeZWSl_2uspJmr0i0BCvwbj1Kb4J3fWUJvcL9jqOxq0N3Q=s0-d-e1-ft#https:\/\/culturaliart.img.musvc2.net\/static\/91342\/images\/1\/caroldi.png\" width=\"190\" \/><\/div>\n<\/td>\n<\/tr>\n<\/tbody>\n<\/table>\n<\/td>\n<\/tr>\n<\/tbody>\n<\/table>\n<\/td>\n<\/tr>\n<\/tbody>\n<\/table>\n<table role=\"presentation\" border=\"0\" width=\"100%\" cellspacing=\"0\" cellpadding=\"0\" align=\"center\">\n<tbody>\n<tr>\n<td>\n<table class=\"m_-2740072066154443629row-content m_-2740072066154443629stack\" role=\"presentation\" border=\"0\" width=\"600\" cellspacing=\"0\" cellpadding=\"0\" align=\"center\">\n<tbody>\n<tr>\n<td class=\"m_-2740072066154443629column\" width=\"66.66666666666667%\">\n<table role=\"presentation\" border=\"0\" width=\"100%\" cellspacing=\"0\" cellpadding=\"0\">\n<tbody>\n<tr>\n<td>\n<div>\n<div>\n<p>Stefano Caroldi, nato a Venezia nel 1951, \u00e8 laureato in Medicina e chirurgia. Ha lavorato come ricercatore presso l\u2019Universit\u00e0 degli Studi di Padova prevalentemente nel campo della neurotossicologia. A 45 anni ha abbandonato la sua occupazione principale per seguire un sogno e navigare intorno al mondo, cosa che ha fatto ininterrottamente per dieci anni sulla sua barca a vela, insieme alla moglie e ad amici. Attualmente divide il suo tempo tra terra e mare. Nel 2014 ha pubblicato il suo primo romanzo, <em>Allo studio del Bo<\/em>, cui hanno fatto seguito <em>Il lazzaretto galleggiante<\/em> (2017) e <em>La barena dei sette morti<\/em> (2020), tutti usciti per Pendragon.<\/p>\n<\/div>\n<\/div>\n<\/td>\n<\/tr>\n<\/tbody>\n<\/table>\n<\/td>\n<\/tr>\n<\/tbody>\n<\/table>\n<\/td>\n<\/tr>\n<\/tbody>\n<\/table>\n<table role=\"presentation\" border=\"0\" width=\"100%\" cellspacing=\"0\" cellpadding=\"0\" align=\"center\">\n<tbody>\n<tr>\n<td>\n<table class=\"m_-2740072066154443629row-content m_-2740072066154443629stack\" role=\"presentation\" border=\"0\" width=\"600\" cellspacing=\"0\" cellpadding=\"0\" align=\"center\">\n<tbody>\n<tr>\n<td class=\"m_-2740072066154443629column\" width=\"100%\">\n<table role=\"presentation\" border=\"0\" width=\"100%\" cellspacing=\"0\" cellpadding=\"10\">\n<tbody>\n<tr>\n<td>\n<div>\n<div>\n<p><strong>INFO UTILI<\/strong><\/p>\n<p><strong>\u00a0<\/strong><\/p>\n<p><strong>Prossima uscita del quarto episodio della saga dei Davanzo<\/strong><\/p>\n<p><strong><em>Il viaggio della Dandola<\/em><\/strong><\/p>\n<p>AUTORE: <strong>Stefano Caroldi<\/strong><\/p>\n<p>EDITORE: <strong>Pendragon<\/strong><\/p>\n<p>QUANDO:<strong> venerd\u00ec 8 luglio 2022<\/strong><\/p>\n<p>PREZZO: \u20ac 18,00<\/p>\n<p>ISBN: 9788833644332<\/p>\n<p>Nelle migliori librerie e store online<\/p>\n<p>&nbsp;<\/p>\n<p><strong>DISPONIBILE IN PREORDER SU AMAZON AL LINK:<\/strong> <a href=\"https:\/\/culturaliart.musvc2.net\/e\/t?q=6%3dARLW4%26C%3dJ%26G%3d9ZL%26H%3d4aPcA%26L%3d1MvGB_KSti_Vc_IjvR_Sy_KSti_UhNFP.cDtSqE.2M_trls_47wI_trls_47Qa5TOW6TLU_trls_47A8h_IjvR_Tw6o_JF_8o_I_6M_fG_WjLVoZEwRXOYWf5gsebc_AtUq_L9wK6_LqLA6g_IjvR_TwGgNBEgKC8t_IjvR_SONvD_68f0DF_trls_55xFc4c2t05_KSti_U8LCF_e26Ic0zG_trls_5564kCDI%26f%3dDDLx4K.GgK%262L%3d3RNU8&amp;mupckp=mupAtu4m8OiX0wt\" target=\"_blank\" rel=\"noopener\" data-saferedirecturl=\"https:\/\/www.google.com\/url?q=https:\/\/culturaliart.musvc2.net\/e\/t?q%3D6%253dARLW4%2526C%253dJ%2526G%253d9ZL%2526H%253d4aPcA%2526L%253d1MvGB_KSti_Vc_IjvR_Sy_KSti_UhNFP.cDtSqE.2M_trls_47wI_trls_47Qa5TOW6TLU_trls_47A8h_IjvR_Tw6o_JF_8o_I_6M_fG_WjLVoZEwRXOYWf5gsebc_AtUq_L9wK6_LqLA6g_IjvR_TwGgNBEgKC8t_IjvR_SONvD_68f0DF_trls_55xFc4c2t05_KSti_U8LCF_e26Ic0zG_trls_5564kCDI%2526f%253dDDLx4K.GgK%25262L%253d3RNU8%26mupckp%3DmupAtu4m8OiX0wt&amp;source=gmail&amp;ust=1657033865272000&amp;usg=AOvVaw3g3MvZqAEzSUP_vRLavo4u\">https:\/\/www.amazon.it\/dp\/<wbr \/>8833644332\/ref=cm_sw_em_r_mt_<wbr \/>dp_DGJ5V7CV95M8DC3FZBZB<\/a><\/p>\n<p>&nbsp;<\/p>\n<p><strong>ACQUISTABILE AL SEGUENTE LINK:<\/strong> <a href=\"https:\/\/culturaliart.musvc2.net\/e\/t?q=A%3dWWNbP%26H%3dL%26L%3dUeN%26M%3dPfRhW%26Q%3d3RHLD_Poyk_ay_Nl1n_X1_Poyk_Z4SHU.DA9BF72MB.EE_Poyk_Z49vRyH0EC_Nl1n_X1LyNC9HEG9-O_Nl1n_X1G-JKCR794_Poyk_Z4E7-T772E7K-yC0Hv-ByJyM07-yCH74J.6P8J_Fwnx_QBFRA_O0SF9z_Poyk_a2JzUGHzRHAC_Poyk_ZTQEK_AA9y7vyGII_Cyqv_NB3IvG0_Nl1n_XQSHI_x9ALvG5J_Cyqv_NBA74JIL%26y%3dKIOGAP.JzR%267O%3dLYSXQ&amp;mupckp=mupAtu4m8OiX0wt\" target=\"_blank\" rel=\"noopener\" data-saferedirecturl=\"https:\/\/www.google.com\/url?q=https:\/\/culturaliart.musvc2.net\/e\/t?q%3DA%253dWWNbP%2526H%253dL%2526L%253dUeN%2526M%253dPfRhW%2526Q%253d3RHLD_Poyk_ay_Nl1n_X1_Poyk_Z4SHU.DA9BF72MB.EE_Poyk_Z49vRyH0EC_Nl1n_X1LyNC9HEG9-O_Nl1n_X1G-JKCR794_Poyk_Z4E7-T772E7K-yC0Hv-ByJyM07-yCH74J.6P8J_Fwnx_QBFRA_O0SF9z_Poyk_a2JzUGHzRHAC_Poyk_ZTQEK_AA9y7vyGII_Cyqv_NB3IvG0_Nl1n_XQSHI_x9ALvG5J_Cyqv_NBA74JIL%2526y%253dKIOGAP.JzR%25267O%253dLYSXQ%26mupckp%3DmupAtu4m8OiX0wt&amp;source=gmail&amp;ust=1657033865272000&amp;usg=AOvVaw0kFrnlsJfQgDKTimnHdzlT\">https:\/\/www.pendragon.it\/<wbr \/>catalogo\/narrativa-1\/i-<wbr \/>vortici\/il-viaggio-della-<wbr \/>dandola-detail.html<\/a><\/p>\n<\/div>\n<\/div>\n<\/td>\n<\/tr>\n<\/tbody>\n<\/table>\n<\/td>\n<\/tr>\n<\/tbody>\n<\/table>\n<\/td>\n<\/tr>\n<\/tbody>\n<\/table>\n","protected":false},"excerpt":{"rendered":"<p>COMUNICATO STAMPA \u00a0In uscita venerd\u00ec 8 luglio il quarto episodio della saga dei Davanzo \u00a0\u201cIl viaggio della Dandola\u201d di Stefano [&hellip;]<\/p>\n","protected":false},"author":1,"featured_media":0,"comment_status":"open","ping_status":"open","sticky":false,"template":"","format":"standard","meta":{"footnotes":""},"categories":[10,22],"tags":[],"class_list":["post-24880","post","type-post","status-publish","format-standard","hentry","category-italiano","category-libros-y-revistas-literatura"],"_links":{"self":[{"href":"https:\/\/www.ecoitaliano.com.ar\/index.php?rest_route=\/wp\/v2\/posts\/24880","targetHints":{"allow":["GET"]}}],"collection":[{"href":"https:\/\/www.ecoitaliano.com.ar\/index.php?rest_route=\/wp\/v2\/posts"}],"about":[{"href":"https:\/\/www.ecoitaliano.com.ar\/index.php?rest_route=\/wp\/v2\/types\/post"}],"author":[{"embeddable":true,"href":"https:\/\/www.ecoitaliano.com.ar\/index.php?rest_route=\/wp\/v2\/users\/1"}],"replies":[{"embeddable":true,"href":"https:\/\/www.ecoitaliano.com.ar\/index.php?rest_route=%2Fwp%2Fv2%2Fcomments&post=24880"}],"version-history":[{"count":0,"href":"https:\/\/www.ecoitaliano.com.ar\/index.php?rest_route=\/wp\/v2\/posts\/24880\/revisions"}],"wp:attachment":[{"href":"https:\/\/www.ecoitaliano.com.ar\/index.php?rest_route=%2Fwp%2Fv2%2Fmedia&parent=24880"}],"wp:term":[{"taxonomy":"category","embeddable":true,"href":"https:\/\/www.ecoitaliano.com.ar\/index.php?rest_route=%2Fwp%2Fv2%2Fcategories&post=24880"},{"taxonomy":"post_tag","embeddable":true,"href":"https:\/\/www.ecoitaliano.com.ar\/index.php?rest_route=%2Fwp%2Fv2%2Ftags&post=24880"}],"curies":[{"name":"wp","href":"https:\/\/api.w.org\/{rel}","templated":true}]}}