{"id":24883,"date":"2022-07-04T16:18:33","date_gmt":"2022-07-04T16:18:33","guid":{"rendered":"http:\/\/www.ecoitaliano.com.ar\/?p=24883"},"modified":"2022-07-04T16:18:33","modified_gmt":"2022-07-04T16:18:33","slug":"serena-conduce-operaclassica-eco-italiano-1621","status":"publish","type":"post","link":"https:\/\/www.ecoitaliano.com.ar\/?p=24883","title":{"rendered":"Serena conduce operaclassica eco italiano"},"content":{"rendered":"<p style=\"font-weight: 400;\"><em>Comunicato stampa<\/em><\/p>\n<p style=\"font-weight: 400;\"><strong><u>DOPPIO DEBUTTO PER MICHELE MARIOTTI AL FESTIVAL D\u2019AIX-EN-PROVENCE CON\u00a0<em>MO\u00cfSE ET PHARAON<\/em><\/u><\/strong><\/p>\n<p style=\"font-weight: 400;\">\n<p style=\"font-weight: 400;\"><strong>Il capolavoro di Rossini in scena per la prima volta nella storia del Festival nel nuovo allestimento di Tobias Kratzer<\/strong><\/p>\n<p><a href=\"http:\/\/www.ecoitaliano.com.ar\/wp-content\/uploads\/2022\/07\/Mariotti_foto-Victor-Santiago_5.jpg\"><img decoding=\"async\" class=\"alignnone size-full wp-image-24884\" src=\"http:\/\/www.ecoitaliano.com.ar\/wp-content\/uploads\/2022\/07\/Mariotti_foto-Victor-Santiago_5.jpg\" alt=\"\" width=\"2362\" height=\"1575\" srcset=\"https:\/\/www.ecoitaliano.com.ar\/wp-content\/uploads\/2022\/07\/Mariotti_foto-Victor-Santiago_5.jpg 2362w, https:\/\/www.ecoitaliano.com.ar\/wp-content\/uploads\/2022\/07\/Mariotti_foto-Victor-Santiago_5-300x200.jpg 300w, https:\/\/www.ecoitaliano.com.ar\/wp-content\/uploads\/2022\/07\/Mariotti_foto-Victor-Santiago_5-768x512.jpg 768w, https:\/\/www.ecoitaliano.com.ar\/wp-content\/uploads\/2022\/07\/Mariotti_foto-Victor-Santiago_5-1024x683.jpg 1024w, https:\/\/www.ecoitaliano.com.ar\/wp-content\/uploads\/2022\/07\/Mariotti_foto-Victor-Santiago_5-150x100.jpg 150w\" sizes=\"(max-width: 2362px) 100vw, 2362px\" \/><\/a><\/p>\n<p style=\"font-weight: 400;\">Doppio debutto per Michele Mariotti,\u00a0direttore musicale del Teatro dell\u2019Opera di Roma, chiamato per la prima volta al Festival d&#8217;Aix-en-Provence e che interpreta per la prima volta\u00a0<em>Mo\u00efse et Pharaon.\u00a0<\/em>Il capolavoro rossiniano, adattamento al grand-op\u00e9ra francese del\u00a0<em>Mos\u00e8 in Egitto<\/em>, non era mai stato messo in scena\u00a0nella lunga storia del Festival ed \u00e8 in programma a partire da gioved\u00ec 7 luglio fino a mercoled\u00ec 20 luglio.<\/p>\n<p style=\"font-weight: 400;\">\n<p style=\"font-weight: 400;\">Lo spettacolo viene proposto in un nuovo allestimento\u00a0del\u00a0regista tedesco Tobias Kratzer.\u00a0Mariotti \u00e8 alla guida dell&#8217;Orchestra e del Coro dell\u2019Opera di Lione\u00a0e di un\u00a0cast che vede protagonisti\u00a0Michele Pertusi e Adrian S\u00e2mpetrean rispettivamente nelle parti di Mo\u00efse e di Pharaon, Jeanine De Bique nei panni di Ana\u00ef, Pene Pati come Am\u00e9nophis e Vasilisa Berzhanskaya come Sina\u00efde.<\/p>\n<p style=\"font-weight: 400;\"><em>Mo\u00efse et Pharaon,\u00a0<\/em>su libretto di Luigi Balocchi ed \u00c9tienne de Jouy,\u00a0entrer\u00e0 a far parte di uno dei capitoli rossiniani della\u00a0prestigiosa manifestazione della Provenza\u00a0fondata nel 1948 da Gabriel\u00a0Dussurget\u00a0e dalla contessa Lily Pastr\u00e9.\u00a0Rossini torna infatti a essere uno dei protagonisti\u00a0in questa edizione della\u00a0kermesse\u00a0dove fin dagli anni \u201850 sono state messe in scena opere buffe, opere serie e brani religiosi del compositore di Pesaro.<\/p>\n<p style=\"font-weight: 400;\">\n<p style=\"font-weight: 400;\">\u00abScrivendo il\u00a0<em>Mos\u00e8 in Egitto<\/em>\u00a0&#8211; dice Mariotti &#8211; Rossini volle scandalizzare l\u2019opinione pubblica con quel terrificante inizio al buio che avvolse l\u2019Egitto per giorni, mentre con il\u00a0<em>Mo\u00efse\u00a0et Pharaon<\/em>\u00a0abbandona questa tensione teatrale in favore di una maggior coralit\u00e0 e religiosit\u00e0. \u00c8 un\u2019opera politica in cui sono profondamente tratteggiate le enormi differenze culturali e religiose tra ebrei ed egiziani.\u00a0Tutte le musiche che accompagnano il popolo ebreo sono struggenti: un misto di tragico sorriso e disincanto, con continui mutamenti armonici che determinano un fluttuare di stati d\u2019animo contrastanti. Il tutto incentrato nel personaggio di\u00a0Ana\u00ef, tormentata tra l\u2019amore per il nemico\u00a0Am\u00e9nophis\u00a0e i doveri legati alle sue appartenenze religiose. Ogni situazione musicale relativa al mondo egiziano trova\u00a0nell\u2019incalzante\u00a0impulso ritmico la sua cifra identificativa.\u00a0Le tre danze presenti in partitura, che il regista Tobias Kratzer giustamente interpreta come parti integranti del dramma, saranno un\u2019ulteriore intensificazione e prosecuzione di quest\u2019ultimo e non un\u2019esibizione a se stante.\u00a0\u00c8 un\u2019opera che si avvale di concertati magnifici, che hanno nella lancinante preghiera il loro culmine musicale\u00bb.<\/p>\n<p style=\"font-weight: 400;\">\n<p style=\"font-weight: 400;\">Il cast \u00e8 completato da\u00a0Mert S\u00fcng\u00fc (Eli\u00e9zer), G\u00e9raldine Chauvet (Marie),\u00a0Edwin Crossley-Mercer (Osiride, Una voce misteriosa), Alessandro Luciano (Aufide).\u00a0Inoltre\u00a0sono impegnati Rainer\u00a0Sellmaier\u00a0per la realizzazione delle scene e per i costumi e Bernd Purkrabek per le luci.\u00a0Le coreografie sono firmate da Jeroen Verbruggen. Il Coro \u00e8 preparato da Richard Wilberforce.<\/p>\n<p style=\"font-weight: 400;\">\n<p style=\"font-weight: 400;\">Lo spettacolo, co-prodotto con l\u2019Op\u00e9ra national de Lyon e il Teatro Real di Madrid, sar\u00e0 in replica\u00a0sempre\u00a0al Th\u00e9\u00e2tre de l\u2019Archev\u00each\u00e9\u00a0il 9, 12, 14, 16 e 20 luglio.\u00a0Le recite del 12 e 14 luglio saranno trasmesse in diretta rispettivamente su\u00a0<a href=\"https:\/\/www.arte.tv\/fr\/videos\/RC-014822\/festival-d-aix-en-provence\/\">ARTE Concert<\/a>\u00a0e\u00a0<a href=\"https:\/\/www.radiofrance.fr\/francemusique\">France Musique<\/a>\u00a0a partire dalle ore 21:30.<\/p>\n<p style=\"font-weight: 400;\"><em>\u00a0<\/em><\/p>\n<p style=\"font-weight: 400;\">04.07.2022<\/p>\n<p style=\"font-weight: 400;\">\n<p style=\"font-weight: 400;\">\n<p style=\"font-weight: 400;\">Firmina Adorno \u2013 ufficio stampa<\/p>\n<p style=\"font-weight: 400;\">\n<p style=\"font-weight: 400;\"><a href=\"mailto:press@mariotticonductor.com\">press@mariotticonductor.com<\/a><\/p>\n<p style=\"font-weight: 400;\">\n<p style=\"font-weight: 400;\"><strong><em>Mo\u00efse et Pharaon<\/em><\/strong><br \/>\nOpera in quattro atti<br \/>\nMusica di Gioachino Rossini<\/p>\n<p style=\"font-weight: 400;\">Libretto di Luigi Balocchi ed \u00c9tienne de Jouy<\/p>\n<p style=\"font-weight: 400;\">\n<p style=\"font-weight: 400;\">Michele Mariotti<em>\u00a0direttore<\/em><\/p>\n<p style=\"font-weight: 400;\">Tobias Kratzer<em>\u00a0regista<\/em><\/p>\n<p style=\"font-weight: 400;\">Rainer Sellmaier<em>\u00a0scene<\/em>\u00a0e\u00a0<em>costumi<\/em><\/p>\n<p style=\"font-weight: 400;\">Bernd Purkrabek<em>\u00a0light designer<\/em><\/p>\n<p style=\"font-weight: 400;\">Jeroen Verbruggen<em>\u00a0coreografia<\/em><\/p>\n<p style=\"font-weight: 400;\">Manuel Braun<em>\u00a0video<\/em><\/p>\n<p style=\"font-weight: 400;\">Richard Wilberforce\u00a0<em>Maestro del Coro<\/em><\/p>\n<p style=\"font-weight: 400;\">\n<p style=\"font-weight: 400;\"><strong>Cast<\/strong><\/p>\n<p style=\"font-weight: 400;\">Michele Pertusi\u00a0<em>Mo\u00efse<\/em><\/p>\n<p style=\"font-weight: 400;\">Adrian S\u00e2mpetrean\u00a0<em>Pharaon<\/em><\/p>\n<p style=\"font-weight: 400;\">Jeanine De Bique\u00a0<em>Ana\u00ef<\/em><\/p>\n<p style=\"font-weight: 400;\">Pene Pati\u00a0<em>Am\u00e9nophis<\/em><\/p>\n<p style=\"font-weight: 400;\">Vasilisa Berzhanskaya<em>\u00a0Sina\u00efde<\/em><\/p>\n<p style=\"font-weight: 400;\">Mert S\u00fcng\u00fc\u00a0<em>Eli\u00e9zer<\/em><\/p>\n<p style=\"font-weight: 400;\">G\u00e9raldine Chauvet\u00a0<em>Marie<\/em><\/p>\n<p style=\"font-weight: 400;\">Edwin Crossley-Mercer\u00a0<em>Osiride, Una voce misteriosa<\/em><\/p>\n<p style=\"font-weight: 400;\">Alessandro Luciano\u00a0<em>Aufide<\/em><\/p>\n<p style=\"font-weight: 400;\">Laur\u00e8ne Andrieu\u00a0<em>\u00c9l\u00e9gyne<\/em>,\u00a0principessa siriana<\/p>\n<p style=\"font-weight: 400;\">\n<p style=\"font-weight: 400;\">Orchestra e Coro dell\u2019Op\u00e9ra de Lyon<\/p>\n<p style=\"font-weight: 400;\">\n<p style=\"font-weight: 400;\">Festival d\u2019Aix-en-Provence<\/p>\n<p style=\"font-weight: 400;\">Th\u00e9\u00e2tre de l\u2019Archev\u00each\u00e9<\/p>\n<p style=\"font-weight: 400;\">\n<p style=\"font-weight: 400;\"><strong>Date<\/strong><\/p>\n<p style=\"font-weight: 400;\">Gioved\u00ec 7 luglio 2022, ore 21:30<\/p>\n<p style=\"font-weight: 400;\">Sabato 9 luglio 2022, ore 21:30<\/p>\n<p style=\"font-weight: 400;\">Marted\u00ec 12 luglio 2022, ore 21:30<\/p>\n<p style=\"font-weight: 400;\">Gioved\u00ec 14 luglio 2022, ore 21:30<\/p>\n<p style=\"font-weight: 400;\">Sabato 16 luglio 2022, ore 21:30<\/p>\n<p style=\"font-weight: 400;\">Mercoled\u00ec 20 luglio 2022, ore 21:30<\/p>\n","protected":false},"excerpt":{"rendered":"<p>Comunicato stampa DOPPIO DEBUTTO PER MICHELE MARIOTTI AL FESTIVAL D\u2019AIX-EN-PROVENCE CON\u00a0MO\u00cfSE ET PHARAON Il capolavoro di Rossini in scena per [&hellip;]<\/p>\n","protected":false},"author":1,"featured_media":0,"comment_status":"open","ping_status":"open","sticky":false,"template":"","format":"standard","meta":{"footnotes":""},"categories":[1],"tags":[],"class_list":["post-24883","post","type-post","status-publish","format-standard","hentry","category-sin-categoria"],"_links":{"self":[{"href":"https:\/\/www.ecoitaliano.com.ar\/index.php?rest_route=\/wp\/v2\/posts\/24883","targetHints":{"allow":["GET"]}}],"collection":[{"href":"https:\/\/www.ecoitaliano.com.ar\/index.php?rest_route=\/wp\/v2\/posts"}],"about":[{"href":"https:\/\/www.ecoitaliano.com.ar\/index.php?rest_route=\/wp\/v2\/types\/post"}],"author":[{"embeddable":true,"href":"https:\/\/www.ecoitaliano.com.ar\/index.php?rest_route=\/wp\/v2\/users\/1"}],"replies":[{"embeddable":true,"href":"https:\/\/www.ecoitaliano.com.ar\/index.php?rest_route=%2Fwp%2Fv2%2Fcomments&post=24883"}],"version-history":[{"count":0,"href":"https:\/\/www.ecoitaliano.com.ar\/index.php?rest_route=\/wp\/v2\/posts\/24883\/revisions"}],"wp:attachment":[{"href":"https:\/\/www.ecoitaliano.com.ar\/index.php?rest_route=%2Fwp%2Fv2%2Fmedia&parent=24883"}],"wp:term":[{"taxonomy":"category","embeddable":true,"href":"https:\/\/www.ecoitaliano.com.ar\/index.php?rest_route=%2Fwp%2Fv2%2Fcategories&post=24883"},{"taxonomy":"post_tag","embeddable":true,"href":"https:\/\/www.ecoitaliano.com.ar\/index.php?rest_route=%2Fwp%2Fv2%2Ftags&post=24883"}],"curies":[{"name":"wp","href":"https:\/\/api.w.org\/{rel}","templated":true}]}}