{"id":25032,"date":"2022-07-11T09:27:26","date_gmt":"2022-07-11T09:27:26","guid":{"rendered":"http:\/\/www.ecoitaliano.com.ar\/?p=25032"},"modified":"2022-07-11T09:27:26","modified_gmt":"2022-07-11T09:27:26","slug":"acqua-ozonoterapia-la-cultura-del-benessere-in-natura-fiuggi-14-luglio-2022-presso-la-fonte-bonifacio-viii","status":"publish","type":"post","link":"https:\/\/www.ecoitaliano.com.ar\/?p=25032","title":{"rendered":"ACQUA &#038; OZONOTERAPIA, LA CULTURA DEL BENESSERE IN NATURA &#8211; Fiuggi 14 luglio 2022 presso la Fonte Bonifacio VIII"},"content":{"rendered":"<p><a href=\"http:\/\/www.ecoitaliano.com.ar\/wp-content\/uploads\/2022\/07\/Locandina.jpg\"><img decoding=\"async\" class=\"alignnone size-full wp-image-25033\" src=\"http:\/\/www.ecoitaliano.com.ar\/wp-content\/uploads\/2022\/07\/Locandina.jpg\" alt=\"\" width=\"911\" height=\"1280\" srcset=\"https:\/\/www.ecoitaliano.com.ar\/wp-content\/uploads\/2022\/07\/Locandina.jpg 911w, https:\/\/www.ecoitaliano.com.ar\/wp-content\/uploads\/2022\/07\/Locandina-214x300.jpg 214w, https:\/\/www.ecoitaliano.com.ar\/wp-content\/uploads\/2022\/07\/Locandina-768x1079.jpg 768w, https:\/\/www.ecoitaliano.com.ar\/wp-content\/uploads\/2022\/07\/Locandina-729x1024.jpg 729w, https:\/\/www.ecoitaliano.com.ar\/wp-content\/uploads\/2022\/07\/Locandina-107x150.jpg 107w\" sizes=\"(max-width: 911px) 100vw, 911px\" \/><\/a><\/p>\n<div id='gallery-1' class='gallery galleryid-25032 gallery-columns-3 gallery-size-thumbnail'><figure class='gallery-item'>\n\t\t\t<div class='gallery-icon landscape'>\n\t\t\t\t<a href='https:\/\/www.ecoitaliano.com.ar\/?attachment_id=25034'><img decoding=\"async\" width=\"150\" height=\"150\" src=\"https:\/\/www.ecoitaliano.com.ar\/wp-content\/uploads\/2022\/07\/Fonte-BonifacioVIII-ingresso-150x150.jpg\" class=\"attachment-thumbnail size-thumbnail\" alt=\"\" \/><\/a>\n\t\t\t<\/div><\/figure><figure class='gallery-item'>\n\t\t\t<div class='gallery-icon landscape'>\n\t\t\t\t<a href='https:\/\/www.ecoitaliano.com.ar\/?attachment_id=25035'><img decoding=\"async\" width=\"150\" height=\"150\" src=\"https:\/\/www.ecoitaliano.com.ar\/wp-content\/uploads\/2022\/07\/Francesco-Raponi-150x150.jpg\" class=\"attachment-thumbnail size-thumbnail\" alt=\"\" \/><\/a>\n\t\t\t<\/div><\/figure>\n\t\t<\/div>\n\n<p>&nbsp;<\/p>\n<p>&nbsp;<\/p>\n<p class=\"western\" lang=\"it-IT\"><em><span style=\"color: #808080;\"><span style=\"font-family: Verdana, sans-serif;\"><span style=\"font-size: medium;\"><span lang=\"it-IT\"><b>Comunicato Stampa<\/b><\/span><\/span><\/span><\/span><\/em><\/p>\n<p class=\"western\" lang=\"it-IT\"><em><span style=\"color: #cc3300;\"><span style=\"font-family: Verdana, sans-serif;\"><span style=\"font-size: medium;\"><span lang=\"it-IT\"><b>ACQUA &amp; OZONOTERAPIA, LA CULTURA DEL BENESSERE IN NATURA<\/b><\/span><\/span><\/span><\/span><\/em><\/p>\n<p class=\"western\" lang=\"it-IT\"><em><span style=\"color: #808080;\"><span style=\"font-family: Verdana, sans-serif;\"><span style=\"font-size: medium;\"><span lang=\"it-IT\"><b>Convegno Fiuggi 14 luglio 2022<\/b><\/span><\/span><\/span><\/span><\/em><\/p>\n<p class=\"western\" lang=\"it-IT\">\n<p class=\"western\" lang=\"it-IT\"><em><span style=\"color: #111111;\"><span style=\"font-size: medium;\"><span lang=\"it-IT\"><i>Roma, 10 luglio 2022<\/i><\/span><\/span><\/span><\/em><\/p>\n<p class=\"western\" lang=\"it-IT\"><em><span style=\"color: #111111;\">\u201c<span style=\"font-size: medium;\"><span lang=\"it-IT\"><b>Acqua &amp; Ozonoterapia, la cultura del benessere in natura\u201d<\/b><\/span><\/span><\/span><\/em><em><span style=\"color: #111111;\"><span style=\"font-size: medium;\"><span lang=\"it-IT\">, questo il titolo del convegno che si svolger\u00e0 <\/span><\/span><\/span><\/em><em><span style=\"color: #111111;\"><span style=\"font-size: medium;\"><span lang=\"it-IT\"><b>gioved\u00ec 14 luglio<\/b><\/span><\/span><\/span><\/em><em><span style=\"color: #111111;\"><span style=\"font-size: medium;\"><span lang=\"it-IT\"> a <\/span><\/span><\/span><\/em><em><span style=\"color: #111111;\"><span style=\"font-size: medium;\"><span lang=\"it-IT\"><b>Fiuggi<\/b><\/span><\/span><\/span><\/em><em><span style=\"color: #111111;\"><span style=\"font-size: medium;\"><span lang=\"it-IT\"> \u2013 inizio ore 10.00 &#8211; nella Sala Mescita della Fonte Bonifacio VIII. \u00c8 promosso dalla<\/span><\/span><\/span><\/em><em><span style=\"color: #111111;\"><span style=\"font-size: medium;\"><span lang=\"it-IT\"><b> Fondazione Francesco Raponi<\/b><\/span><\/span><\/span><\/em><em><span style=\"color: #111111;\"><span style=\"font-size: medium;\"><span lang=\"it-IT\"> in collaborazione con la Fondazione Levi Pelloni e Media Eventi, si avvale del patrocinio del Comune di Fiuggi.<\/span><\/span><\/span><\/em><\/p>\n<p class=\"western\" lang=\"it-IT\"><em><span style=\"color: #111111;\">\u201c<span style=\"font-size: medium;\"><span lang=\"it-IT\">L&#8217;evento &#8211; ha dichiarato il dottor <\/span><\/span><\/span><\/em><em><span style=\"color: #111111;\"><span style=\"font-size: medium;\"><span lang=\"it-IT\"><b>Francesco Raponi<\/b><\/span><\/span><\/span><\/em><em><span style=\"color: #111111;\"><span style=\"font-size: medium;\"><span lang=\"it-IT\">, presidente dell&#8217;omonima Fondazione &#8211; si prefigge l&#8217;obiettivo di fare il punto sullo stato dell&#8217;arte di una pratica medica, l&#8217;<\/span><\/span><\/span><\/em><em><span style=\"color: #111111;\"><span style=\"font-size: medium;\"><span lang=\"it-IT\"><b>Ossigeno Ozonoterapia<\/b><\/span><\/span><\/span><\/em><em><span style=\"color: #111111;\"><span style=\"font-size: medium;\"><span lang=\"it-IT\">, che soprattutto negli ultimi 30 anni \u00e8 stata impiegata con grande successo nel trattamento sia primario sia complementare di svariate patologie, in quasi tutte le branche della Medicina. A cominciare dalla cura delle patologie muscolo-scheletriche, le cui applicazioni rappresentano un&#8217;alternativa ben pi\u00f9 efficace rispetto a quelle che tradizionalmente richiedevano interventi molto invasivi, come nel caso dell&#8217;ernia del disco.\u201d Un successo legato alle sue propriet\u00e0 antinfiammatorie, antibatteriche, antivirali e immunomodulanti.<\/span><\/span><\/span><\/em><\/p>\n<p class=\"western\" lang=\"it-IT\"><em><span style=\"color: #111111;\"><span style=\"font-size: medium;\"><span lang=\"it-IT\"><b>Francesco Raponi<\/b><\/span><\/span><\/span><\/em><em><span style=\"color: #111111;\"><span style=\"font-size: medium;\"><span lang=\"it-IT\"> pu\u00f2 essere considerato un pioniere in Italia di questa branca della medicina. Ha iniziato ad applicare questa nuova metodica negli anni &#8217;90, subito dopo il conseguimento del primo Master in Ozonoterapia, presso l&#8217;Universit\u00e0 di Pavia. In quegli anni ha messo a punto, insieme al dottor Cesare Verga, un medico ortopedico che gi\u00e0 aveva compiuto delle ricerche in questo campo presso l&#8217;Universit\u00e0 di Pisa, il <\/span><\/span><\/span><\/em><em><span style=\"color: #111111;\"><span style=\"font-size: medium;\"><span lang=\"it-IT\"><b>Metodo Discosan<\/b><\/span><\/span><\/span><\/em><em><span style=\"color: #111111;\"><span style=\"font-size: medium;\"><span lang=\"it-IT\"> per il trattamento dell&#8217;ernia discale. Il metodo fu presentato ufficialmente al 1\u00b0 Congresso Mondiale di Biomeccanica all&#8217;Universit\u00e0 della California di San Diego a La Jolla, a cui parteciparono medici, ingegneri, biologi e scienziati provenienti da tutto il mondo. Accolto inizialmente con un certo scetticismo da parte della comunit\u00e0 medico-scientifica, il metodo Verga-Raponi ha potuto farsi strada in tutta Italia nel corso degli anni grazie anche a una costante opera di divulgazione attraverso corsi e congressi medici importanti e alle migliaia di testimonianze dei pazienti guariti.<\/span><\/span><\/span><\/em><\/p>\n<p class=\"western\" lang=\"it-IT\"><em><span style=\"color: #111111;\"><span style=\"font-size: medium;\"><span lang=\"it-IT\">Il metodo Discosan sar\u00e0 illustrato nelle conclusioni del convegno dal Dottor Raponi, il quale presenter\u00e0 inoltre il portale della sua fondazione (<a href=\"https:\/\/ozoneworld.org\/\" target=\"_blank\" rel=\"noopener\">Ozoneworld.org<\/a>) e la nuova rivista online da lui diretta (Ozonemagazine.eu), realizzata in collaborazione con l&#8217;<\/span><\/span><\/span><\/em><em><a href=\"https:\/\/www.agenziacomunica.net\/\" target=\"_blank\" rel=\"noopener\">Agenzia Comunica<\/a><\/em><em><span style=\"color: #111111;\"><span style=\"font-size: medium;\"><span lang=\"it-IT\"> di Roma. <\/span><\/span><\/span><\/em><\/p>\n<p class=\"western\" lang=\"it-IT\"><em><span style=\"color: #111111;\"><span style=\"font-size: medium;\"><span lang=\"it-IT\">Al convegno, introdotto da un intervento dello storico <\/span><\/span><\/span><\/em><em><span style=\"color: #111111;\"><span style=\"font-size: medium;\"><span lang=\"it-IT\"><b>Pino Pelloni<\/b><\/span><\/span><\/span><\/em><em><span style=\"color: #111111;\"><span style=\"font-size: medium;\"><span lang=\"it-IT\"> e dai saluti di <\/span><\/span><\/span><\/em><em><span style=\"color: #111111;\"><span style=\"font-size: medium;\"><span lang=\"it-IT\"><b>Renato Del Monaco<\/b><\/span><\/span><\/span><\/em><em><span style=\"color: #111111;\"><span style=\"font-size: medium;\"><span lang=\"it-IT\"> (Direttore sanitario delle Terme di Fiuggi), interverranno <\/span><\/span><\/span><\/em><em><span style=\"color: #111111;\"><span style=\"font-size: medium;\"><span lang=\"it-IT\"><b>Giuseppe Marceca<\/b><\/span><\/span><\/span><\/em><em><span style=\"color: #111111;\"><span style=\"font-size: medium;\"><span lang=\"it-IT\"> (Segretario generale dell&#8217;Accademia Storia Arte Sanitaria), il Prof. <\/span><\/span><\/span><\/em><em><span style=\"color: #111111;\"><span style=\"font-size: medium;\"><span lang=\"it-IT\"><b>Lamberto Re<\/b><\/span><\/span><\/span><\/em><em><span style=\"color: #111111;\"><span style=\"font-size: medium;\"><span lang=\"it-IT\"> (Presidente Comitato Scientifico Fondazione Raponi), <\/span><\/span><\/span><\/em><em><span style=\"color: #111111;\"><span style=\"font-size: medium;\"><span lang=\"it-IT\"><b>Guido Coen <\/b><\/span><\/span><\/span><\/em><em><span style=\"color: #111111;\"><span style=\"font-size: medium;\"><span lang=\"it-IT\">(Medico Ortopedico),<\/span><\/span><\/span><\/em><em><span style=\"color: #111111;\"><span style=\"font-size: medium;\"><span lang=\"it-IT\"><b> Mauro Martinelli<\/b><\/span><\/span><\/span><\/em><em><span style=\"color: #111111;\"><span style=\"font-size: medium;\"><span lang=\"it-IT\"> (Vice Presidente Nuova Fio) e <\/span><\/span><\/span><\/em><em><span style=\"color: #111111;\"><span style=\"font-size: medium;\"><span lang=\"it-IT\"><b>Paolo Fanelli <\/b><\/span><\/span><\/span><\/em><em><span style=\"color: #111111;\"><span style=\"font-size: medium;\"><span lang=\"it-IT\">(Ortopedico Icot di Latina).<\/span><\/span><\/span><\/em><\/p>\n<p class=\"western\" lang=\"it-IT\"><em><span style=\"color: #111111;\"><span style=\"font-size: medium;\"><span lang=\"it-IT\"><b>Pino Pelloni<\/b><\/span><\/span><\/span><\/em><em><span style=\"color: #111111;\"><span style=\"font-size: medium;\"><span lang=\"it-IT\"> si soffermer\u00e0 in particolare su alcuni aspetti storici legati alla presenza dell&#8217;Ozono allo stato libero nell&#8217;<\/span><\/span><\/span><\/em><em><span style=\"color: #111111;\"><span style=\"font-size: medium;\"><span lang=\"it-IT\"><b>acqua di Fiuggi<\/b><\/span><\/span><\/span><\/em><em><span style=\"color: #111111;\"><span style=\"font-size: medium;\"><span lang=\"it-IT\"> e sull&#8217;ipotesi che la sua azione terapeutica sia da attribuire proprio a questa presenza, caratterizzata da un corpo ossidante e riduttore molto pi\u00f9 energico dell&#8217;ossigeno puro. Un&#8217;ipotesi suggestiva avanzata in una pubblicazione datata 1891 dal titolo <\/span><\/span><\/span><\/em><em><span style=\"color: #111111;\"><span style=\"font-size: medium;\"><span lang=\"it-IT\"><b>\u201cL&#8217;Ozono antilitiaca di Fiuggi\u201d<\/b><\/span><\/span><\/span><\/em><em><span style=\"color: #111111;\"><span style=\"font-size: medium;\"><span lang=\"it-IT\"> all&#8217;interno degli Atti dell&#8217;Accademia Pontificia de&#8217; Nuovi Lincei\u201d.<\/span><\/span><\/span><\/em><\/p>\n","protected":false},"excerpt":{"rendered":"<p>&nbsp; &nbsp; Comunicato Stampa ACQUA &amp; OZONOTERAPIA, LA CULTURA DEL BENESSERE IN NATURA Convegno Fiuggi 14 luglio 2022 Roma, 10 [&hellip;]<\/p>\n","protected":false},"author":1,"featured_media":0,"comment_status":"open","ping_status":"open","sticky":false,"template":"","format":"standard","meta":{"footnotes":""},"categories":[10,47],"tags":[],"class_list":["post-25032","post","type-post","status-publish","format-standard","hentry","category-italiano","category-tecnologias"],"_links":{"self":[{"href":"https:\/\/www.ecoitaliano.com.ar\/index.php?rest_route=\/wp\/v2\/posts\/25032","targetHints":{"allow":["GET"]}}],"collection":[{"href":"https:\/\/www.ecoitaliano.com.ar\/index.php?rest_route=\/wp\/v2\/posts"}],"about":[{"href":"https:\/\/www.ecoitaliano.com.ar\/index.php?rest_route=\/wp\/v2\/types\/post"}],"author":[{"embeddable":true,"href":"https:\/\/www.ecoitaliano.com.ar\/index.php?rest_route=\/wp\/v2\/users\/1"}],"replies":[{"embeddable":true,"href":"https:\/\/www.ecoitaliano.com.ar\/index.php?rest_route=%2Fwp%2Fv2%2Fcomments&post=25032"}],"version-history":[{"count":0,"href":"https:\/\/www.ecoitaliano.com.ar\/index.php?rest_route=\/wp\/v2\/posts\/25032\/revisions"}],"wp:attachment":[{"href":"https:\/\/www.ecoitaliano.com.ar\/index.php?rest_route=%2Fwp%2Fv2%2Fmedia&parent=25032"}],"wp:term":[{"taxonomy":"category","embeddable":true,"href":"https:\/\/www.ecoitaliano.com.ar\/index.php?rest_route=%2Fwp%2Fv2%2Fcategories&post=25032"},{"taxonomy":"post_tag","embeddable":true,"href":"https:\/\/www.ecoitaliano.com.ar\/index.php?rest_route=%2Fwp%2Fv2%2Ftags&post=25032"}],"curies":[{"name":"wp","href":"https:\/\/api.w.org\/{rel}","templated":true}]}}