{"id":25887,"date":"2022-08-08T14:38:18","date_gmt":"2022-08-08T14:38:18","guid":{"rendered":"http:\/\/www.ecoitaliano.com.ar\/?p=25887"},"modified":"2022-08-08T14:38:18","modified_gmt":"2022-08-08T14:38:18","slug":"pierfranco-bruni-e-la-toccante-indagine-dellumano-e-del-disumano-in-luisa-portava-in-una-mano-una-scarpetta-di-lana","status":"publish","type":"post","link":"https:\/\/www.ecoitaliano.com.ar\/?p=25887","title":{"rendered":"Pierfranco Bruni e la toccante indagine dell\u2019umano e del disumano in \u00abLuisa portava in una mano una scarpetta di lana\u00bb"},"content":{"rendered":"<p>&nbsp;<\/p>\n<p><a href=\"http:\/\/www.ecoitaliano.com.ar\/wp-content\/uploads\/2022\/08\/bruni1.png\"><img decoding=\"async\" class=\"alignnone size-full wp-image-25888\" src=\"http:\/\/www.ecoitaliano.com.ar\/wp-content\/uploads\/2022\/08\/bruni1.png\" alt=\"\" width=\"774\" height=\"434\" srcset=\"https:\/\/www.ecoitaliano.com.ar\/wp-content\/uploads\/2022\/08\/bruni1.png 774w, https:\/\/www.ecoitaliano.com.ar\/wp-content\/uploads\/2022\/08\/bruni1-300x168.png 300w, https:\/\/www.ecoitaliano.com.ar\/wp-content\/uploads\/2022\/08\/bruni1-768x431.png 768w, https:\/\/www.ecoitaliano.com.ar\/wp-content\/uploads\/2022\/08\/bruni1-150x84.png 150w\" sizes=\"(max-width: 774px) 100vw, 774px\" \/><\/a><\/p>\n<p><strong>Pierfranco Bruni e la toccante indagine dell\u2019umano e del disumano in <em>Luisa portava in una mano una scarpetta di lana<\/em><\/strong><\/p>\n<p>&nbsp;<\/p>\n<p>di Stefania Romito*<\/p>\n<p>&nbsp;<\/p>\n<p>Anche in questa ultima fatica letteraria di Pierfranco Bruni dal titolo <em>Luisa portava in una mano una scarpetta di lana<\/em> (Tabula Fati) gli elementi ci sono tutti per affascinare nella drammatizzazione dell\u2019anima attraverso un esperienziale e memorabile viaggio nell\u2019umano e nel disumano.<\/p>\n<p>Pagine che penetrano, con impareggiabile immedesimazione, quelli che sono i temi elettivi maggiormente indagati dall\u2019acume analitico bruniano, ossia tragedie aventi per protagonisti l\u2019Amore e le Donne. Figure di sensuale femminilit\u00e0 che vivono con incondizionata devozione un sentimento totalizzante, vittime di una politica contaminata dal cieco pregiudizio dell\u2019ideologia.<\/p>\n<p>Cos\u00ec in <em>Claretta e Ben<\/em>, cos\u00ec in <em>Luisa portava in una mano una scarpetta di lana<\/em>. Un libro che racconta, con la straziante suggestione di un romanzo, l\u2019angosciosa vicenda storica dei due divi del cinema Luisa Ferida e Osvaldo Valenti, trucidati dai partigiani a guerra ultimata in quanto accusati di collaborazionismo fascista. Sembrerebbe che l\u2019ordine a procedere \u00abvenne direttamente dal C.L.N.A.I. nella persona di Sandro Pertini\u00bb (cfr. <a href=\"https:\/\/it.wikipedia.org\/wiki\/Luisa_Ferida\" data-saferedirecturl=\"https:\/\/www.google.com\/url?q=https:\/\/it.wikipedia.org\/wiki\/Luisa_Ferida&amp;source=gmail&amp;ust=1660055815968000&amp;usg=AOvVaw0I1X6rI7Fkc-lgsrOaVLpt\">https:\/\/it.wikipedia.org\/wiki\/Luisa_Ferida<\/a>). Accuse che decaddero successivamente, tant\u2019\u00e8 che fu riconosciuta alla madre di Luisa la pensione di guerra dal Ministero del Tesoro a dimostrazione della totale innocenza della figlia.<\/p>\n<p>Fatti. Eventi storici.<\/p>\n<p>Ma Bruni sa che dietro la patina dell\u2019ufficialit\u00e0, che porta a una legittimit\u00e0 che conduce quasi sempre a una pericolosa indotta accettazione, vi \u00e8 sempre una luce di verit\u00e0 che deve essere ricercata. L\u2019unica in grado di garantire all\u2019uomo la salvezza, preservandolo dalle sue stesse atrocit\u00e0. Perch\u00e9 ci\u00f2 che da sempre \u00e8 oggetto della ricerca fenomenologica di Pierfranco Bruni, \u00e8 il mistero che si cela nell\u2019amore cos\u00ec come nella crudelt\u00e0 umana.<\/p>\n<p>Cosa spinge una donna innamorata a seguire il suo amato sapendo che rischier\u00e0 la vita? Cosa induce uomini che si considerano \u201cgiusti\u201d a infliggere la morte a una donna nel cui grembo sta sbocciando la vita? In virt\u00f9 di quale legge si pu\u00f2 decidere che la morte vale pi\u00f9 della vita? Cosa porta l\u2019uomo a sostituirsi a Dio?<\/p>\n<p>L\u2019insondabile. L\u2019inconoscibile. Quella parte oscura della natura umana che pu\u00f2 avvicinarci al divino oppure scaraventarci negli abissi pi\u00f9 infernali.<\/p>\n<p>Un libro in cui l\u2019amore contrasta l\u2019odio attraverso la nobile figura di un padre che abita il Tempio della memoria in cui la testimonianza diviene un valore che d\u00e0 senso al tutto. Quello stesso amore che intinge di appassionante bellezza gli struggenti dialoghi tra Claretta e Ben dai quali emerge un tradimento che giunge da chi \u201cha avuto di pi\u00f9\u201d, a differenza della devozione che spesso vive nel cuore di chi \u201cha ricevuto meno\u201d. Un meccanismo inversamente proporzionale che rientra in quell\u2019insieme di leggi esistenziali imperscrutabili che Bruni esplora con l\u2019illuminato ingegno dello scienziato che non accetta stilemi precostituiti.<\/p>\n<p>Clara e Luisa. Due donne vittime di una fatale crudelt\u00e0 che nulla ha a che vedere con la politica tantomeno con la giustizia. \u00c8 riduttivo incolpare la guerra che, secondo il sentire comune,\u00a0 amplifica le oscurit\u00e0 pi\u00f9 recondite dell\u2019essere umano \u201cesasperandole\u201d. La guerra scoperchia semplicemente l\u2019esistente che si cela tra le pieghe di una natura imperfetta. Luisa, Osvaldo, Claretta sono vittime innocenti di una crudelt\u00e0 inaudita che oltrepassa qualsiasi ragione. E cos\u00ec anche in questo, come in tutti i suoi libri, Bruni non si ferma mai dinanzi all\u2019incomprensibile ma lo analizza fino a rintracciare la ragione di ogni mistero che, ancora una volta, si rinviene nell\u2019assoluta dedizione e nella autenticit\u00e0 delle passioni.<\/p>\n<p>Per non oltraggiare il candore dell\u2019innocenza. Per non dimenticare di essere umani.<\/p>\n<p>&nbsp;<\/p>\n<p>* <em>giornalista e scrittrice<\/em><\/p>\n<p>&nbsp;<\/p>\n","protected":false},"excerpt":{"rendered":"<p>&nbsp; Pierfranco Bruni e la toccante indagine dell\u2019umano e del disumano in Luisa portava in una mano una scarpetta di [&hellip;]<\/p>\n","protected":false},"author":1,"featured_media":0,"comment_status":"open","ping_status":"open","sticky":false,"template":"","format":"standard","meta":{"footnotes":""},"categories":[10,22],"tags":[],"class_list":["post-25887","post","type-post","status-publish","format-standard","hentry","category-italiano","category-libros-y-revistas-literatura"],"_links":{"self":[{"href":"https:\/\/www.ecoitaliano.com.ar\/index.php?rest_route=\/wp\/v2\/posts\/25887","targetHints":{"allow":["GET"]}}],"collection":[{"href":"https:\/\/www.ecoitaliano.com.ar\/index.php?rest_route=\/wp\/v2\/posts"}],"about":[{"href":"https:\/\/www.ecoitaliano.com.ar\/index.php?rest_route=\/wp\/v2\/types\/post"}],"author":[{"embeddable":true,"href":"https:\/\/www.ecoitaliano.com.ar\/index.php?rest_route=\/wp\/v2\/users\/1"}],"replies":[{"embeddable":true,"href":"https:\/\/www.ecoitaliano.com.ar\/index.php?rest_route=%2Fwp%2Fv2%2Fcomments&post=25887"}],"version-history":[{"count":0,"href":"https:\/\/www.ecoitaliano.com.ar\/index.php?rest_route=\/wp\/v2\/posts\/25887\/revisions"}],"wp:attachment":[{"href":"https:\/\/www.ecoitaliano.com.ar\/index.php?rest_route=%2Fwp%2Fv2%2Fmedia&parent=25887"}],"wp:term":[{"taxonomy":"category","embeddable":true,"href":"https:\/\/www.ecoitaliano.com.ar\/index.php?rest_route=%2Fwp%2Fv2%2Fcategories&post=25887"},{"taxonomy":"post_tag","embeddable":true,"href":"https:\/\/www.ecoitaliano.com.ar\/index.php?rest_route=%2Fwp%2Fv2%2Ftags&post=25887"}],"curies":[{"name":"wp","href":"https:\/\/api.w.org\/{rel}","templated":true}]}}