{"id":25984,"date":"2022-08-09T17:41:19","date_gmt":"2022-08-09T17:41:19","guid":{"rendered":"http:\/\/www.ecoitaliano.com.ar\/?p=25984"},"modified":"2022-08-09T17:41:19","modified_gmt":"2022-08-09T17:41:19","slug":"serena-conduce-operaclassica-eco-italiano-1695","status":"publish","type":"post","link":"https:\/\/www.ecoitaliano.com.ar\/?p=25984","title":{"rendered":"Serena conduce operaclassica eco italiano"},"content":{"rendered":"<p><a href=\"http:\/\/www.ecoitaliano.com.ar\/wp-content\/uploads\/2022\/08\/51d68bd3-4534-463d-b99e-77594db7488f.jpg\"><img decoding=\"async\" class=\"alignnone size-medium wp-image-25985\" src=\"http:\/\/www.ecoitaliano.com.ar\/wp-content\/uploads\/2022\/08\/51d68bd3-4534-463d-b99e-77594db7488f-300x48.jpg\" alt=\"\" width=\"300\" height=\"48\" srcset=\"https:\/\/www.ecoitaliano.com.ar\/wp-content\/uploads\/2022\/08\/51d68bd3-4534-463d-b99e-77594db7488f-300x48.jpg 300w, https:\/\/www.ecoitaliano.com.ar\/wp-content\/uploads\/2022\/08\/51d68bd3-4534-463d-b99e-77594db7488f-768x124.jpg 768w, https:\/\/www.ecoitaliano.com.ar\/wp-content\/uploads\/2022\/08\/51d68bd3-4534-463d-b99e-77594db7488f-1024x166.jpg 1024w, https:\/\/www.ecoitaliano.com.ar\/wp-content\/uploads\/2022\/08\/51d68bd3-4534-463d-b99e-77594db7488f-150x24.jpg 150w, https:\/\/www.ecoitaliano.com.ar\/wp-content\/uploads\/2022\/08\/51d68bd3-4534-463d-b99e-77594db7488f.jpg 1058w\" sizes=\"(max-width: 300px) 100vw, 300px\" \/><\/a><\/p>\n<p>&nbsp;<\/p>\n<h4 class=\"null\"><strong>Apre la biglietteria!<\/strong><\/h4>\n<p><a href=\"http:\/\/www.ecoitaliano.com.ar\/wp-content\/uploads\/2022\/08\/c41af7d3-31ea-ebff-5023-3d360321450d.jpg\"><img decoding=\"async\" class=\"alignnone  wp-image-25986\" src=\"http:\/\/www.ecoitaliano.com.ar\/wp-content\/uploads\/2022\/08\/c41af7d3-31ea-ebff-5023-3d360321450d-300x252.jpg\" alt=\"\" width=\"701\" height=\"589\" srcset=\"https:\/\/www.ecoitaliano.com.ar\/wp-content\/uploads\/2022\/08\/c41af7d3-31ea-ebff-5023-3d360321450d-300x252.jpg 300w, https:\/\/www.ecoitaliano.com.ar\/wp-content\/uploads\/2022\/08\/c41af7d3-31ea-ebff-5023-3d360321450d-150x126.jpg 150w, https:\/\/www.ecoitaliano.com.ar\/wp-content\/uploads\/2022\/08\/c41af7d3-31ea-ebff-5023-3d360321450d.jpg 600w\" sizes=\"(max-width: 701px) 100vw, 701px\" \/><\/a><\/p>\n<table class=\"mcnTextBlock\" border=\"0\" width=\"100%\" cellspacing=\"0\" cellpadding=\"0\">\n<tbody class=\"mcnTextBlockOuter\">\n<tr>\n<td class=\"mcnTextBlockInner\" valign=\"top\">\n<table class=\"mcnTextContentContainer\" border=\"0\" width=\"100%\" cellspacing=\"0\" cellpadding=\"0\" align=\"left\">\n<tbody>\n<tr>\n<td class=\"mcnTextContent\" valign=\"top\">Dal 16 agosto si possono acquistare i biglietti per tutta la stagione 2022-23 di LuganoMusica sia\u00a0<a href=\"https:\/\/luganomusica.us12.list-manage.com\/track\/click?u=ba50e788cbb3e28fa68b47026&amp;id=c6c4b2e74c&amp;e=1eee2fafa7\" target=\"_blank\" rel=\"noopener\">online<\/a>\u00a0che presso la biglietteria del LAC.Bigliettria LAC:<br \/>\nDa martedi a venerdi:\u00a014.00 &#8211; 18.00<br \/>\nTel. +41 (0)58 866 42 22<\/td>\n<\/tr>\n<\/tbody>\n<\/table>\n<\/td>\n<\/tr>\n<\/tbody>\n<\/table>\n<table class=\"mcnDividerBlock\" border=\"0\" width=\"100%\" cellspacing=\"0\" cellpadding=\"0\">\n<tbody class=\"mcnDividerBlockOuter\">\n<tr>\n<td class=\"mcnDividerBlockInner\"><\/td>\n<\/tr>\n<\/tbody>\n<\/table>\n<h4 class=\"null\"><strong>Abbonati alla nuova stagione<\/strong><\/h4>\n<p>&nbsp;<\/p>\n<p><a href=\"http:\/\/www.ecoitaliano.com.ar\/wp-content\/uploads\/2022\/08\/726fb60e-d43f-1986-a35e-dec06d37a878.jpg\"><img decoding=\"async\" class=\"alignnone  wp-image-25988\" src=\"http:\/\/www.ecoitaliano.com.ar\/wp-content\/uploads\/2022\/08\/726fb60e-d43f-1986-a35e-dec06d37a878-300x252.jpg\" alt=\"\" width=\"681\" height=\"572\" srcset=\"https:\/\/www.ecoitaliano.com.ar\/wp-content\/uploads\/2022\/08\/726fb60e-d43f-1986-a35e-dec06d37a878-300x252.jpg 300w, https:\/\/www.ecoitaliano.com.ar\/wp-content\/uploads\/2022\/08\/726fb60e-d43f-1986-a35e-dec06d37a878-150x126.jpg 150w, https:\/\/www.ecoitaliano.com.ar\/wp-content\/uploads\/2022\/08\/726fb60e-d43f-1986-a35e-dec06d37a878.jpg 600w\" sizes=\"(max-width: 681px) 100vw, 681px\" \/><\/a><\/p>\n<p>Tornano nuovamente in vendita gli abbonamenti per il prestigioso cartellone musicale che presenta quest\u2019anno alcuni tra i pi\u00f9 giovani e talentuosi direttori della nuova generazione, accompagnati dalle orchestre che li hanno scelti come guida rinnovando il panorama internazionale.<br \/>\n<a href=\"https:\/\/luganomusica.us12.list-manage.com\/track\/click?u=ba50e788cbb3e28fa68b47026&amp;id=9a8fc9da8e&amp;e=1eee2fafa7\" target=\"_blank\" rel=\"noopener\">Scegli tra le 4 tipologie di abbonamento<\/a>\u00a0e vivi le emozioni!<\/p>\n<h4 class=\"null\"><strong>Presentazione della stagione 2022-2023<\/strong><\/h4>\n<p>14 settembre , ore 18.00 nella Hall del LAC<\/p>\n<p><a href=\"http:\/\/www.ecoitaliano.com.ar\/wp-content\/uploads\/2022\/08\/8fafa883-69ea-8e69-4bdf-f0f0b97a6b54.jpg\"><img decoding=\"async\" class=\"alignnone  wp-image-25989\" src=\"http:\/\/www.ecoitaliano.com.ar\/wp-content\/uploads\/2022\/08\/8fafa883-69ea-8e69-4bdf-f0f0b97a6b54-300x252.jpg\" alt=\"\" width=\"656\" height=\"551\" srcset=\"https:\/\/www.ecoitaliano.com.ar\/wp-content\/uploads\/2022\/08\/8fafa883-69ea-8e69-4bdf-f0f0b97a6b54-300x252.jpg 300w, https:\/\/www.ecoitaliano.com.ar\/wp-content\/uploads\/2022\/08\/8fafa883-69ea-8e69-4bdf-f0f0b97a6b54-150x126.jpg 150w, https:\/\/www.ecoitaliano.com.ar\/wp-content\/uploads\/2022\/08\/8fafa883-69ea-8e69-4bdf-f0f0b97a6b54.jpg 600w\" sizes=\"(max-width: 656px) 100vw, 656px\" \/><\/a><\/p>\n<p>Il direttore di LuganoMusica,\u00a0<strong>Etienne Reymond<\/strong>, presenter\u00e0 la nuova ed entusiasmante stagione musicale, che sapr\u00e0 soddisfare tutti i gusti, gli interessi e le curiosit\u00e0 pi\u00f9 trasversali.<\/p>\n<p>La presentazione della nuova stagione\u00a0sar\u00e0 allietata da un breve\u00a0r\u00e9cital del giovanissimo violoncellista\u00a0ticinese,\u00a0<strong>Milo Ferrazzini<\/strong>. Classe\u00a02000, ha iniziato a suonare il violoncello\u00a0all\u2019et\u00e0 di 4 anni\u00a0seguendo\u00a0le orme del padre. Nel 2015 viene\u00a0ammesso al Pre-College del Conservatorio\u00a0della Svizzera Italiana.<\/p>\n<p><a href=\"https:\/\/luganomusica.us12.list-manage.com\/track\/click?u=ba50e788cbb3e28fa68b47026&amp;id=9f49e3ae0a&amp;e=1eee2fafa7\" target=\"_blank\" rel=\"noopener\">Prenotazione consigliata<\/a><\/p>\n","protected":false},"excerpt":{"rendered":"<p>&nbsp; Apre la biglietteria! Dal 16 agosto si possono acquistare i biglietti per tutta la stagione 2022-23 di LuganoMusica sia\u00a0online\u00a0che [&hellip;]<\/p>\n","protected":false},"author":1,"featured_media":0,"comment_status":"open","ping_status":"open","sticky":false,"template":"","format":"standard","meta":{"footnotes":""},"categories":[1],"tags":[],"class_list":["post-25984","post","type-post","status-publish","format-standard","hentry","category-sin-categoria"],"_links":{"self":[{"href":"https:\/\/www.ecoitaliano.com.ar\/index.php?rest_route=\/wp\/v2\/posts\/25984","targetHints":{"allow":["GET"]}}],"collection":[{"href":"https:\/\/www.ecoitaliano.com.ar\/index.php?rest_route=\/wp\/v2\/posts"}],"about":[{"href":"https:\/\/www.ecoitaliano.com.ar\/index.php?rest_route=\/wp\/v2\/types\/post"}],"author":[{"embeddable":true,"href":"https:\/\/www.ecoitaliano.com.ar\/index.php?rest_route=\/wp\/v2\/users\/1"}],"replies":[{"embeddable":true,"href":"https:\/\/www.ecoitaliano.com.ar\/index.php?rest_route=%2Fwp%2Fv2%2Fcomments&post=25984"}],"version-history":[{"count":0,"href":"https:\/\/www.ecoitaliano.com.ar\/index.php?rest_route=\/wp\/v2\/posts\/25984\/revisions"}],"wp:attachment":[{"href":"https:\/\/www.ecoitaliano.com.ar\/index.php?rest_route=%2Fwp%2Fv2%2Fmedia&parent=25984"}],"wp:term":[{"taxonomy":"category","embeddable":true,"href":"https:\/\/www.ecoitaliano.com.ar\/index.php?rest_route=%2Fwp%2Fv2%2Fcategories&post=25984"},{"taxonomy":"post_tag","embeddable":true,"href":"https:\/\/www.ecoitaliano.com.ar\/index.php?rest_route=%2Fwp%2Fv2%2Ftags&post=25984"}],"curies":[{"name":"wp","href":"https:\/\/api.w.org\/{rel}","templated":true}]}}