{"id":26067,"date":"2022-08-14T09:35:45","date_gmt":"2022-08-14T09:35:45","guid":{"rendered":"http:\/\/www.ecoitaliano.com.ar\/?p=26067"},"modified":"2022-08-14T09:35:45","modified_gmt":"2022-08-14T09:35:45","slug":"la-taranta-dei-musici-abruzzesi-alla-conquista-del-mondo","status":"publish","type":"post","link":"https:\/\/www.ecoitaliano.com.ar\/?p=26067","title":{"rendered":"LA TARANTA DEI MUSICI ABRUZZESI ALLA CONQUISTA DEL MONDO"},"content":{"rendered":"<div id='gallery-1' class='gallery galleryid-26067 gallery-columns-3 gallery-size-thumbnail'><figure class='gallery-item'>\n\t\t\t<div class='gallery-icon portrait'>\n\t\t\t\t<a href='https:\/\/www.ecoitaliano.com.ar\/?attachment_id=26068'><img decoding=\"async\" width=\"150\" height=\"150\" src=\"https:\/\/www.ecoitaliano.com.ar\/wp-content\/uploads\/2022\/08\/alessio-150x150.jpg\" class=\"attachment-thumbnail size-thumbnail\" alt=\"\" \/><\/a>\n\t\t\t<\/div><\/figure><figure class='gallery-item'>\n\t\t\t<div class='gallery-icon landscape'>\n\t\t\t\t<a href='https:\/\/www.ecoitaliano.com.ar\/?attachment_id=26069'><img decoding=\"async\" width=\"150\" height=\"150\" src=\"https:\/\/www.ecoitaliano.com.ar\/wp-content\/uploads\/2022\/08\/concerto-150x150.jpg\" class=\"attachment-thumbnail size-thumbnail\" alt=\"\" \/><\/a>\n\t\t\t<\/div><\/figure><figure class='gallery-item'>\n\t\t\t<div class='gallery-icon portrait'>\n\t\t\t\t<a href='https:\/\/www.ecoitaliano.com.ar\/?attachment_id=26070'><img decoding=\"async\" width=\"150\" height=\"150\" src=\"https:\/\/www.ecoitaliano.com.ar\/wp-content\/uploads\/2022\/08\/cristofer-150x150.jpg\" class=\"attachment-thumbnail size-thumbnail\" alt=\"\" \/><\/a>\n\t\t\t<\/div><\/figure><figure class='gallery-item'>\n\t\t\t<div class='gallery-icon portrait'>\n\t\t\t\t<a href='https:\/\/www.ecoitaliano.com.ar\/?attachment_id=26071'><img decoding=\"async\" width=\"150\" height=\"150\" src=\"https:\/\/www.ecoitaliano.com.ar\/wp-content\/uploads\/2022\/08\/doriano-150x150.jpg\" class=\"attachment-thumbnail size-thumbnail\" alt=\"\" \/><\/a>\n\t\t\t<\/div><\/figure><figure class='gallery-item'>\n\t\t\t<div class='gallery-icon portrait'>\n\t\t\t\t<a href='https:\/\/www.ecoitaliano.com.ar\/?attachment_id=26072'><img decoding=\"async\" width=\"150\" height=\"150\" src=\"https:\/\/www.ecoitaliano.com.ar\/wp-content\/uploads\/2022\/08\/gianluca-150x150.jpg\" class=\"attachment-thumbnail size-thumbnail\" alt=\"\" \/><\/a>\n\t\t\t<\/div><\/figure><figure class='gallery-item'>\n\t\t\t<div class='gallery-icon portrait'>\n\t\t\t\t<a href='https:\/\/www.ecoitaliano.com.ar\/?attachment_id=26073'><img decoding=\"async\" width=\"150\" height=\"150\" src=\"https:\/\/www.ecoitaliano.com.ar\/wp-content\/uploads\/2022\/08\/gianluigi-150x150.jpg\" class=\"attachment-thumbnail size-thumbnail\" alt=\"\" \/><\/a>\n\t\t\t<\/div><\/figure><figure class='gallery-item'>\n\t\t\t<div class='gallery-icon landscape'>\n\t\t\t\t<a href='https:\/\/www.ecoitaliano.com.ar\/?attachment_id=26074'><img decoding=\"async\" width=\"150\" height=\"150\" src=\"https:\/\/www.ecoitaliano.com.ar\/wp-content\/uploads\/2022\/08\/Giulianova19_01-150x150.png\" class=\"attachment-thumbnail size-thumbnail\" alt=\"\" \/><\/a>\n\t\t\t<\/div><\/figure><figure class='gallery-item'>\n\t\t\t<div class='gallery-icon landscape'>\n\t\t\t\t<a href='https:\/\/www.ecoitaliano.com.ar\/?attachment_id=26075'><img decoding=\"async\" width=\"150\" height=\"150\" src=\"https:\/\/www.ecoitaliano.com.ar\/wp-content\/uploads\/2022\/08\/la-band-150x150.jpg\" class=\"attachment-thumbnail size-thumbnail\" alt=\"\" \/><\/a>\n\t\t\t<\/div><\/figure><figure class='gallery-item'>\n\t\t\t<div class='gallery-icon portrait'>\n\t\t\t\t<a href='https:\/\/www.ecoitaliano.com.ar\/?attachment_id=26076'><img decoding=\"async\" width=\"150\" height=\"150\" src=\"https:\/\/www.ecoitaliano.com.ar\/wp-content\/uploads\/2022\/08\/marina-150x150.jpg\" class=\"attachment-thumbnail size-thumbnail\" alt=\"\" \/><\/a>\n\t\t\t<\/div><\/figure><figure class='gallery-item'>\n\t\t\t<div class='gallery-icon landscape'>\n\t\t\t\t<a href='https:\/\/www.ecoitaliano.com.ar\/?attachment_id=26077'><img decoding=\"async\" width=\"150\" height=\"150\" src=\"https:\/\/www.ecoitaliano.com.ar\/wp-content\/uploads\/2022\/08\/provepalco-150x150.jpg\" class=\"attachment-thumbnail size-thumbnail\" alt=\"\" \/><\/a>\n\t\t\t<\/div><\/figure><figure class='gallery-item'>\n\t\t\t<div class='gallery-icon portrait'>\n\t\t\t\t<a href='https:\/\/www.ecoitaliano.com.ar\/?attachment_id=26078'><img decoding=\"async\" width=\"150\" height=\"150\" src=\"https:\/\/www.ecoitaliano.com.ar\/wp-content\/uploads\/2022\/08\/sara-150x150.jpg\" class=\"attachment-thumbnail size-thumbnail\" alt=\"\" \/><\/a>\n\t\t\t<\/div><\/figure>\n\t\t<\/div>\n\n<p>&nbsp;<\/p>\n<p class=\"western\" lang=\"it-IT\" align=\"center\"><span style=\"font-family: Calibri, sans-serif;\"><span style=\"font-size: medium;\"><b>LA TARANTA DEI MUSICI ABRUZZESI ALLA CONQUISTA DEL MONDO<\/b><\/span><\/span><\/p>\n<p class=\"western\" lang=\"it-IT\" align=\"center\"><span style=\"font-family: Calibri, sans-serif;\"><span style=\"font-size: small;\"><span style=\"font-size: medium;\">di <\/span><span style=\"font-size: medium;\"><b>Mira Carpineta<\/b><\/span><\/span><\/span><\/p>\n<p class=\"western\" lang=\"it-IT\">\n<p class=\"western\" lang=\"it-IT\" align=\"justify\"><span style=\"font-family: Calibri, sans-serif;\"><span style=\"font-size: small;\"><span style=\"font-size: medium;\">TERAMO &#8211; Taranta, pizzica e saltarello sono i ritmi mediterranei che risuonano nelle notti estive dell\u2019Italia del Sud e non solo. Insieme alla musica e alle canzoni della tradizione popolare, narrano una cultura ancestrale e pur sempre attuale che si potrebbe riassumere nella gioia di vivere. <\/span><span style=\"font-size: medium;\"><b>I Musici<\/b><\/span><span style=\"font-size: medium;\">, una giovanissima band abruzzese doc, da qualche anno (covid permettendo) porta in giro per l\u2019Italia i colori di questa forza di suoni in movimento. Le danze riempiono le piazze piccole o grandi dei suggestivi borghi del mezzogiorno italico. <\/span><\/span><\/span><\/p>\n<p class=\"western\" lang=\"it-IT\" align=\"justify\"><span style=\"font-family: Calibri, sans-serif;\"><span style=\"font-size: small;\"><span style=\"font-size: medium;\">Taranta, pizzica e saltarello celebrano l\u2019energia, la gioia, l\u2019amore, la lotta con la natura, che il mondo contadino affronta, nella stagione del sole, del mare, delle campagne, che restituiscono il frutto del duro lavoro rurale. Gonne che volano seguendo le movenze del corpo, nacchere che scandiscono il ritmo dei passi, sfide che si misurano sulla resistenza a mantenere il vigore dell\u2019esecuzione. E la musica che incita al movimento, alternando momenti lenti a convulse coreografie. <\/span><\/span><\/span><\/p>\n<p class=\"western\" lang=\"it-IT\" align=\"justify\"><span style=\"font-family: Calibri, sans-serif;\"><span style=\"font-size: small;\"><span style=\"font-size: medium;\">Quando nell\u2019aria si spande il ritmo della taranta non \u00e8 possibile trattenere i piedi n\u00e9 il corpo. Nonostante le restrizioni sanitarie e i lockdown loro hanno continuato a studiare e preparare fiduciosamente il loro repertorio. La ripresa dei concerti dopo la pausa causata dalla pandemia, ha consentito a questi ragazzi di liberare finalmente la loro energia. \u00c8 un\u2019intervista corale quella con <\/span><span style=\"font-size: medium;\"><b>i Musici<\/b><\/span><span style=\"font-size: medium;\">, in cui ognuno di loro vuole tornare ad esprimere la propria vitalit\u00e0 riconquistata. Come tutte le band che si rispettino la loro storia inizia molto precocemente, magari per un caso fortuito o apparentemente negativo come potrebbe essere un piccolo incidente che costringe un giovane ragazzo a non poter camminare. <\/span><\/span><\/span><\/p>\n<p class=\"western\" lang=\"it-IT\" align=\"justify\"><span style=\"font-family: Calibri, sans-serif;\"><span style=\"font-size: small;\"><span style=\"font-size: medium;\"><b>Come nascono I Musici ce lo racconta il band leader, Alessio Mariani, 26 anni. <\/b><\/span><\/span><\/span><\/p>\n<p class=\"western\" lang=\"it-IT\" align=\"justify\">\u201c<span style=\"font-family: Calibri, sans-serif;\"><span style=\"font-size: small;\"><span style=\"font-size: medium;\">Da mio padre ho imparato il mestiere di orologiaio e insieme gestiamo la nostra attivit\u00e0. All&#8217;et\u00e0 di <\/span><span style=\"font-size: medium;\">10 <\/span><span style=\"font-size: medium;\">anni, a causa di un incidente che non mi permise di camminare per alcuni mesi, iniziai a suonare l&#8217;organetto (<\/span><span style=\"font-size: medium;\"><i>ddu botte<\/i><\/span><span style=\"font-size: medium;\">, in abruzzese) spronato e aiutato da un cugino. <\/span><span style=\"font-size: medium;\">Dopo 2 anni entrai a far parte di un gruppo folkloristico abruzzese<\/span><span style=\"font-size: medium;\">. <\/span><span style=\"font-size: medium;\">Nel 2011 ho partecipa al campionato italiano, vincendo nella categoria. Sempre pi\u00f9 curioso e alla ricerca delle varie musiche tradizionali del sud Italia, nel 2014 fondai <\/span><span style=\"font-size: medium;\"><b>I Musici<\/b><\/span><span style=\"font-size: medium;\">. <\/span><span style=\"font-size: medium;\">Polistrumentista autodidatta, suono l&#8217;organetto etnico, la lira calabrese, tamburello, ma soprattutto la chitarra <\/span> <span style=\"font-size: medium;\">battente.\u201d<\/span><\/span><\/span><\/p>\n<p class=\"western\" lang=\"it-IT\" align=\"justify\"><span style=\"font-family: Calibri, sans-serif;\"><span style=\"font-size: small;\"><span style=\"font-size: medium;\"><b>Come si siano trovati lo raccontano individualmente. <\/b><\/span><\/span><\/span><\/p>\n<p class=\"western\" lang=\"it-IT\" align=\"justify\"><span style=\"font-family: Calibri, sans-serif;\"><span style=\"font-size: small;\"><span style=\"font-size: medium;\"><b>Doriano Monticelli<\/b><\/span><span style=\"font-size: medium;\"> (tamburello) 26 anni: \u201c<\/span><span style=\"font-size: medium;\">Con Alessio siamo amici d\u2019infanzia e come lui ho imparato a fare l\u2019orologiaio. Le mie passioni sono le moto e la musica che ho iniziato a conoscere con il tamburello. Suonavo in piccoli gruppi di musica folk abruzzesi. Nel 2014 infine abbiamo deciso di creare un gruppo nostro e sono nati I Musici, con l\u2019idea di riarrangiare brani tradizionali della cultura popolare del centro sud Italia.\u201d<\/span><\/span><\/span><\/p>\n<p class=\"western\" lang=\"it-IT\" align=\"justify\"><span style=\"font-family: Calibri, sans-serif;\"><span style=\"font-size: small;\"><span style=\"font-size: medium;\"><b>Marina Carpineta<\/b><\/span><span style=\"font-size: medium;\"> (voce) 22 anni: \u201cHo conosciuto Alessio ad uno spettacolo organizzato a scuola (diploma in Sistemi informativi aziendali, ingegneria gestionale e attualmente iscritta a Scienze della Comunicazione e UX design) dove lui curava l\u2019impianto e la gestione tecnica. L\u2019esperienza \u00e8 stata bellissima. Da sempre appassionata di musica, gi\u00e0 durante gli anni delle scuole medie avevo avuto esperienze di canto partecipando al Coro di Canti tradizionali diretto dal <\/span><span style=\"font-size: medium;\"><b>M\u00b0 Aladino Di Giampalma<\/b><\/span><span style=\"font-size: medium;\">. Ho continuato a studiare canto con <\/span><span style=\"font-size: medium;\"><b>Nicoletta Dale<\/b><\/span><span style=\"font-size: medium;\"> e <\/span><span style=\"font-size: medium;\"><b>Gianluca Pierannunzi<\/b><\/span><span style=\"font-size: medium;\"> presso la scuola FareArte di Teramo. Nel 2019, Alessio, ricordando quella precedente esperienza, mi ha offerto l\u2019opportunit\u00e0 di far parte del gruppo.\u201d<\/span><\/span><\/span><\/p>\n<p class=\"western\" lang=\"it-IT\" align=\"justify\"><span style=\"font-family: Calibri, sans-serif;\"><span style=\"font-size: small;\"><span style=\"font-size: medium;\"><b>Gianluigi Cardelli<\/b><\/span><span style=\"font-size: medium;\"> (fisarmonica, organetto) 31 anni: \u201cMentre continuo ad inseguire una laurea magistrale in Ingegneria aerospaziale, lavoro come falegname nell&#8217;impresa di famiglia.<\/span><\/span><\/span><\/p>\n<p class=\"western\" lang=\"it-IT\" align=\"justify\"><span style=\"font-family: Calibri, sans-serif;\"><span style=\"font-size: small;\"><span style=\"font-size: medium;\">Ho iniziato a suonare l&#8217;organetto all&#8217;et\u00e0 di 9 anni, la fisarmonica a 17<\/span> <span style=\"font-size: medium;\">anni. Ho vinto il concorso italiano di organetto nel 2008 a <\/span><span style=\"font-size: medium;\"><b>Massafra<\/b><\/span><span style=\"font-size: medium;\"> (Taranto) e il concorso nazionale di fisarmonica Italia Award nel 2009 a <\/span><span style=\"font-size: medium;\"><b>Roseto degli Abruzzi<\/b><\/span><span style=\"font-size: medium;\"> (Teramo). <\/span><span style=\"font-size: medium;\">Sono arrivato in finale al concorso mondiale di fisarmonica a <\/span><span style=\"font-size: medium;\"><b>Spokane<\/b><\/span><span style=\"font-size: medium;\"> (Seattle, USA) nel 2012. <\/span><span style=\"font-size: medium;\">Dal 2019 suono fisarmonica e organetto ne I Musici.\u201d<\/span><\/span><\/span><\/p>\n<p class=\"western\" lang=\"it-IT\" align=\"justify\"><span style=\"font-family: Calibri, sans-serif;\"><span style=\"font-size: small;\"><span style=\"font-size: medium;\"><b>Gianluca Ruffini<\/b><\/span><span style=\"font-size: medium;\"> (basso,<\/span> <span style=\"font-size: medium;\">contrabbasso) 44 anni: \u201cSono il pi\u00f9 adulto del gruppo. Artigiano e amante della musica, supportato dalla famiglia, ho trasmesso questa passione anche ai miei figli Chiara e<\/span> <span style=\"font-size: medium;\">Saverio. Ho iniziato a<\/span> <span style=\"font-size: medium;\">suonare<\/span> <span style=\"font-size: medium;\">il<\/span> <span style=\"font-size: medium;\">basso a<\/span> <span style=\"font-size: medium;\">19<\/span> <span style=\"font-size: medium;\">anni<\/span> <span style=\"font-size: medium;\">con<\/span> <span style=\"font-size: medium;\">il<\/span> <span style=\"font-size: medium;\">mio primo gruppo: I Valium (cover band Nirvana). Poi inediti metal con i Discidium. Successivamente con le Sostanze Corrosive, canzoni inedite in italiano, molti concerti live arrivando a vincere diversi concorsi musicali, fino al Cantagiro. Contemporaneamente suonavo con i Passo Falso (cover band Skiantos), Roger Band (Rogerio Celestino portoghese) e altre orchestre spettacolo. Ho iniziato a suonare il contrabbasso con la Barons<\/span> <span style=\"font-size: medium;\">Band<\/span> <span style=\"font-size: medium;\">(gruppo<\/span> <span style=\"font-size: medium;\">country)<\/span> <span style=\"font-size: medium;\">e<\/span> <span style=\"font-size: medium;\">Trio<\/span> <span style=\"font-size: medium;\">Fanfulla (swing jazz musica<\/span> <span style=\"font-size: medium;\">italiana). Con la voglia di esplorare nuovi generi, dal 2017 sono entrato a far parte de I Musici.\u201d<\/span><\/span><\/span><\/p>\n<p class=\"western\" lang=\"it-IT\" align=\"justify\"><span style=\"font-family: Calibri, sans-serif;\"><span style=\"font-size: small;\"><span style=\"font-size: medium;\"><b>Cristopher Di Flaviano<\/b><\/span><span style=\"font-size: medium;\"> (violino), 29 anni: \u201cStudente di Fisica a L\u2019Aquila e web designer come libero professionista, ho frequentato il conservatorio Braga di Teramo, effettuando gli studi classici di violino. Ho suonato con orchestre di musica classica e partecipato ad alcuni concerti live con gruppi alternative rock. Attraverso un&#8217;amicizia decennale con Alessio Mariani, dal 2020 suono ne I Musici sperimentando per la prima volta questo genere musicale.\u201d<\/span><\/span><\/span><\/p>\n<p class=\"western\" lang=\"it-IT\" align=\"justify\"><span style=\"font-family: Calibri, sans-serif;\"><span style=\"font-size: small;\"><span style=\"font-size: medium;\"><b>Sara<\/b><\/span><b> <\/b><span style=\"font-size: medium;\"><b>e<\/b><\/span><b> <\/b><span style=\"font-size: medium;\"><b>Chiara<\/b><\/span><b> <\/b><span style=\"font-size: medium;\"><b>Di <\/b><\/span><b> <\/b><span style=\"font-size: medium;\"><b>Donato<\/b><\/span> <span style=\"font-size: medium;\">(danza) 17 e 14<\/span> <span style=\"font-size: medium;\">anni: \u201cAbbiamo scoperto il mondo della musica tradizionale, in particolare della pizzica, grazie alla passione dei nostri genitori. Ci siamo iscritte ad una scuola di ballo perfezionano i passi e la tecnica e imparando altri tipi di danze tradizionali. Abbiamo conosciuto Alessio ad un<\/span> <span style=\"font-size: medium;\"> saggio della nostra scuola di ballo e ci ha coinvolto nel progetto de I Musici come ballerine.\u201d<\/span><\/span><\/span><\/p>\n<p class=\"western\" lang=\"it-IT\" align=\"justify\"><span style=\"font-family: Calibri, sans-serif;\"><span style=\"font-size: medium;\"><b>La scelta del nome \u00e8 un altro momento importante per la nascita di un gruppo. Da dove deriva il vostro?<\/b><\/span><\/span><\/p>\n<p class=\"western\" lang=\"it-IT\" align=\"justify\"><span style=\"font-family: Calibri, sans-serif;\"><span style=\"font-size: small;\"><span style=\"font-size: medium;\">Alessio: \u201cIo e Doriano, dopo diverse esperienze in gruppi di musica tradizionale, ci ritroviamo a suonare, per la festa di Sant&#8217;Antonio, insieme a Lino Di Flaviano, cugino di Alessio, e Giuseppe Cardelli, amico d&#8217;infanzia. Girando per le case (come prevede il rito popolare della festa del Santo -ndr), le persone hanno iniziato a chiamarci simpaticamente \u00abI Musici\u00bb, anche un po&#8217; per sottolineare che eravamo dei ragazzi molto giovani, per di pi\u00f9 autodidatti, che per\u00f2 riuscivano a coinvolgere e a far divertire tutti. Quando abbiamo iniziato a pensare di suonare come gruppo, quindi in modo pi\u00f9 organizzato, nel 2014, ci \u00e8 tornato in mente il nome con cui la gente ci accoglieva, \u00abI Musici\u00bb e lo abbiamo scelto senza esitazione.\u201d<\/span><\/span><\/span><\/p>\n<p class=\"western\" lang=\"it-IT\" align=\"justify\"><span style=\"font-family: Calibri, sans-serif;\"><span style=\"font-size: medium;\"><b>Come mai la scelta di questo tipo di musica per dei ragazzi cos\u00ec giovani?<\/b><\/span><\/span><\/p>\n<p class=\"western\" lang=\"it-IT\" align=\"justify\"><span style=\"font-family: Calibri, sans-serif;\"><span style=\"font-size: small;\"><span style=\"font-size: medium;\">Alessio: \u201cCome gi\u00e0 accennato, in precedenza io, Doriano e Lino avevamo avuto varie esperienze in gruppi di musica tradizionale, in particolare perch\u00e9 all&#8217;inizio suonavamo l&#8217;organetto. Io ho iniziato a suonarlo dopo un incidente al piede da bambino che mi ha costretto a casa per diversi mesi. Quando poi abbiamo iniziato come vero e proprio gruppo, \u00abI Musici\u00bb, abbiamo scelto i nostri strumenti personali: Doriano al tamburello, Lino alla voce e alla chitarra acustica e io alla voce e alla chitarra battente. Il fatto di esplorare sin da piccolo la musica popolare abruzzese, e quindi anche gli strumenti tipici, mi ha spinto a cercare sempre pi\u00f9 nelle tradizioni e gli strumenti che le interpretano da sempre: dalla chitarra battente, al tamburello, alla lira calabrese e ancora oggi cerco di imparare a suonare nuovi strumenti. Possiamo dire che dal momento in cui abbiamo iniziato, negli anni si sono poi aggiunte e alternate nuove persone e nuovi strumenti musicali. La nostra formazione attuale \u00e8 composta da me, <\/span><span style=\"font-size: medium;\">Alessio Mariani (voce e chitarra battente), Doriano Monticelli (tamburello), Marina Carpineta (voce), Gianluigi Cardelli (fisarmonica e organetto), Gianluca Ruffini (basso), Cristopher Di Flaviano (violino<\/span><span style=\"font-size: medium;\">). Insieme abbiamo raggiunto un equilibrio che ci ha permesso di essere una squadra molto organizzata, riusciamo a lavorare bene e in modo efficace sia durante gli spettacoli, che durante la loro preparazione. La nostra forza risiede nella cura dei dettagli e nella continua voglia di imparare, migliorare e scoprire nuovi risvolti della musica tradizionale, con la consapevolezza di aver trovato un nostro stile musicale caratterizzato dalla forza ritmica e dalle contaminazioni che, in particolare con la fisarmonica, arrivano anche al jazz. Proprio per questo anche il nostro repertorio \u00e8 molto vario e, rimanendo comunque fedele alla tradizione, abbraccia diverse regioni del sud Italia.\u201d\u00a0<\/span><\/span><\/span><\/p>\n<p class=\"western\" lang=\"it-IT\" align=\"justify\"><span style=\"font-family: Calibri, sans-serif;\"><span style=\"font-size: medium;\"><b>Progetti futuri?<\/b><\/span><\/span><\/p>\n<p class=\"western\" lang=\"it-IT\" align=\"justify\"><span style=\"font-family: Calibri, sans-serif;\"><span style=\"font-size: small;\"><span style=\"font-size: medium;\">Alessio: \u201cDopo la pandemia, e quindi due anni in cui tutto il settore \u00e8 rimasto fermo, ci siamo rimboccati le maniche e per raggiungere la qualit\u00e0 che ci eravamo prefissati abbiamo fatto due prove a settimana, la sera dopo il lavoro, per diversi mesi. L\u2019obiettivo principale \u00e8 quello di continuare la ricerca sugli stili, sugli strumenti e sulla ritmica, per affinare sempre di pi\u00f9 la nostra musica. Tra le altre cose abbiamo gi\u00e0 iniziato a fare concerti oltre che in Abruzzo anche in Basilicata, Calabria, Lazio e Umbria e ci piacerebbe continuare in questa direzione portando i nostri concerti ad un pubblico sempre pi\u00f9 ampio e vario, e perch\u00e9 no, anche all&#8217;estero. Noi siamo pronti.\u201d<\/span><\/span><\/span><\/p>\n<p class=\"western\" lang=\"it-IT\" align=\"justify\"><span style=\"font-family: Calibri, sans-serif;\"><span style=\"font-size: small;\"><span style=\"font-size: medium;\">Visto il successo documentato sulle loro pagine social c\u2019\u00e8 da scommetterci. <\/span><\/span><\/span><\/p>\n<p class=\"western\" lang=\"it-IT\">\n<p>&nbsp;<\/p>\n","protected":false},"excerpt":{"rendered":"<p>&nbsp; LA TARANTA DEI MUSICI ABRUZZESI ALLA CONQUISTA DEL MONDO di Mira Carpineta TERAMO &#8211; Taranta, pizzica e saltarello sono [&hellip;]<\/p>\n","protected":false},"author":1,"featured_media":0,"comment_status":"open","ping_status":"open","sticky":false,"template":"","format":"standard","meta":{"footnotes":""},"categories":[33,10],"tags":[],"class_list":["post-26067","post","type-post","status-publish","format-standard","hentry","category-espectaculo","category-italiano"],"_links":{"self":[{"href":"https:\/\/www.ecoitaliano.com.ar\/index.php?rest_route=\/wp\/v2\/posts\/26067","targetHints":{"allow":["GET"]}}],"collection":[{"href":"https:\/\/www.ecoitaliano.com.ar\/index.php?rest_route=\/wp\/v2\/posts"}],"about":[{"href":"https:\/\/www.ecoitaliano.com.ar\/index.php?rest_route=\/wp\/v2\/types\/post"}],"author":[{"embeddable":true,"href":"https:\/\/www.ecoitaliano.com.ar\/index.php?rest_route=\/wp\/v2\/users\/1"}],"replies":[{"embeddable":true,"href":"https:\/\/www.ecoitaliano.com.ar\/index.php?rest_route=%2Fwp%2Fv2%2Fcomments&post=26067"}],"version-history":[{"count":0,"href":"https:\/\/www.ecoitaliano.com.ar\/index.php?rest_route=\/wp\/v2\/posts\/26067\/revisions"}],"wp:attachment":[{"href":"https:\/\/www.ecoitaliano.com.ar\/index.php?rest_route=%2Fwp%2Fv2%2Fmedia&parent=26067"}],"wp:term":[{"taxonomy":"category","embeddable":true,"href":"https:\/\/www.ecoitaliano.com.ar\/index.php?rest_route=%2Fwp%2Fv2%2Fcategories&post=26067"},{"taxonomy":"post_tag","embeddable":true,"href":"https:\/\/www.ecoitaliano.com.ar\/index.php?rest_route=%2Fwp%2Fv2%2Ftags&post=26067"}],"curies":[{"name":"wp","href":"https:\/\/api.w.org\/{rel}","templated":true}]}}