{"id":26346,"date":"2022-08-27T21:37:48","date_gmt":"2022-08-27T21:37:48","guid":{"rendered":"http:\/\/www.ecoitaliano.com.ar\/?p=26346"},"modified":"2022-08-27T21:37:48","modified_gmt":"2022-08-27T21:37:48","slug":"serena-conduce-operaclassica-eco-italiano-1713","status":"publish","type":"post","link":"https:\/\/www.ecoitaliano.com.ar\/?p=26346","title":{"rendered":"Serena conduce operaclassica eco italiano"},"content":{"rendered":"<p><a href=\"http:\/\/www.ecoitaliano.com.ar\/wp-content\/uploads\/2022\/07\/image001-4.jpg\"><img decoding=\"async\" class=\"alignnone size-full wp-image-25656\" src=\"http:\/\/www.ecoitaliano.com.ar\/wp-content\/uploads\/2022\/07\/image001-4.jpg\" alt=\"\" width=\"188\" height=\"54\" srcset=\"https:\/\/www.ecoitaliano.com.ar\/wp-content\/uploads\/2022\/07\/image001-4.jpg 188w, https:\/\/www.ecoitaliano.com.ar\/wp-content\/uploads\/2022\/07\/image001-4-150x43.jpg 150w\" sizes=\"(max-width: 188px) 100vw, 188px\" \/><\/a><\/p>\n<p>Ravello, 25 agosto 2022<\/p>\n<p>Al Ravello Festival salto nel tempo con Pablo Heras-Casado<br \/>\ne l\u2019ensemble Anima Eterna Brugge<\/p>\n<p>Il penultimo appuntamento del cartellone della 70esima edizione del Ravello Festival vedr\u00e0 sul palco del Belvedere di Villa Rufolo, sabato 27 agosto (ore 19.30), Pablo Heras-Casado alla guida dell\u2019Anima Eterna Brugge.<br \/>\nIl maestro granadino, al debutto sul palco di Ravello, ha stretto con l\u2019ensemble d\u2019epoca olandese affiliata al Concertgebouw di Bruges una collaborazione artistica che nei prossimi anni, lo vedr\u00e0 girare l\u2019Europa eseguendo le sinfonie di Anton Bruckner. Prima tappa di questa collaborazione, in questo 2022, l\u2019esecuzione della Settima Sinfonia.<br \/>\nAgli inizi della sua storia Anima Eterna Brugge, fondata nel 1987 dal direttore e clavicembalista Jos van Immerseel, si \u00e8 concentrata sulla musica barocca, per poi conquistare gradualmente il repertorio classico, romantico e persino quello del primo Novecento.<br \/>\nOggi l\u2019ensemble \u00e8 una realt\u00e0 unica nel panorama mondiale delle compagini orchestrali. I musicisti, infatti, utilizzano strumenti originali senza per\u00f2 trascurare una continua ricerca nell\u2019interpretazione e nell\u2019esecuzione del loro repertorio. L\u2019orchestra salir\u00e0 quindi sul palco della Citt\u00e0 della Musica con gli stessi strumenti, archi e forze orchestrali utilizzati ai tempi di Bruckner, incluso il suono storico della famosa \u201ctuba di Wagner\u201d.<br \/>\nQuesto strumento inventato nel 1876 da Adolphe Sax fu richiesto dallo stesso Richard Wagner che voleva uno strumento che avesse un suono tra il corno francese e il saxhorn; originariamente creato per la tetralogia dell\u2019Anello del Nibelungo, ha trovato spazio in molte composizioni e in particolare proprio in quelle di Bruckner: il secondo movimento della Settima Sinfonia inizia con un passo affidato alle tube wagneriane in omaggio al Maestro cui il Ravello Festival \u00e8 dedicato.<br \/>\nWagner che ritorna anche con Heras-Casado, direttore internazionalmente molto apprezzato e dalla carriera molto diversificata, che il prossimo anno diriger\u00e0 il Parsifal all\u2019inaugurazione del festival di Bayreuth. \u00c8 il primo direttore spagnolo a occupare il prestigioso podio del Teatro della famosa collina verde &#8211; ad eccezione delle rappresentazioni de La Valchiria dirette da Placido Domingo nel 2018 -, unendo il suo nome a un impressionante elenco di grandi bacchette. Una circolarit\u00e0 che si chiude, dunque, passando per Ravello dove proprio Domingo &#8211; era il 1997 &#8211; fu protagonista nel Parsifal.<br \/>\nwww.ravellofestival.com | Tel. 089 858422 | boxoffice@ravellofestival.com<\/p>\n<p>Sabato 27 agosto<br \/>\nBelvedere di Villa Rufolo, ore 19.30<br \/>\nAnima Eterna Brugge<br \/>\nDirettore Pablo Heras-Casado<br \/>\nPosto unico \u20ac 50<\/p>\n<p>Programma<\/p>\n<p>Anton Bruckner<br \/>\nSinfonia n.7 in mi maggiore<\/p>\n<p>BIOGRAFIE su www.ravellofestival.com<\/p>\n<p><a href=\"http:\/\/www.ecoitaliano.com.ar\/wp-content\/uploads\/2022\/08\/Anima-Eterna-Brugge-ph-Jan-Landau.jpg\"><img decoding=\"async\" class=\"alignnone size-full wp-image-26347\" src=\"http:\/\/www.ecoitaliano.com.ar\/wp-content\/uploads\/2022\/08\/Anima-Eterna-Brugge-ph-Jan-Landau.jpg\" alt=\"\" width=\"1024\" height=\"683\" srcset=\"https:\/\/www.ecoitaliano.com.ar\/wp-content\/uploads\/2022\/08\/Anima-Eterna-Brugge-ph-Jan-Landau.jpg 1024w, https:\/\/www.ecoitaliano.com.ar\/wp-content\/uploads\/2022\/08\/Anima-Eterna-Brugge-ph-Jan-Landau-300x200.jpg 300w, https:\/\/www.ecoitaliano.com.ar\/wp-content\/uploads\/2022\/08\/Anima-Eterna-Brugge-ph-Jan-Landau-768x512.jpg 768w, https:\/\/www.ecoitaliano.com.ar\/wp-content\/uploads\/2022\/08\/Anima-Eterna-Brugge-ph-Jan-Landau-150x100.jpg 150w\" sizes=\"(max-width: 1024px) 100vw, 1024px\" \/><\/a> <a href=\"http:\/\/www.ecoitaliano.com.ar\/wp-content\/uploads\/2022\/08\/PABLO_HERAS_CASADO-\u00a9-Dario-Acosta.jpg\"><img decoding=\"async\" class=\"alignnone size-full wp-image-26348\" src=\"http:\/\/www.ecoitaliano.com.ar\/wp-content\/uploads\/2022\/08\/PABLO_HERAS_CASADO-\u00a9-Dario-Acosta.jpg\" alt=\"\" width=\"1024\" height=\"682\" srcset=\"https:\/\/www.ecoitaliano.com.ar\/wp-content\/uploads\/2022\/08\/PABLO_HERAS_CASADO-\u00a9-Dario-Acosta.jpg 1024w, https:\/\/www.ecoitaliano.com.ar\/wp-content\/uploads\/2022\/08\/PABLO_HERAS_CASADO-\u00a9-Dario-Acosta-300x200.jpg 300w, https:\/\/www.ecoitaliano.com.ar\/wp-content\/uploads\/2022\/08\/PABLO_HERAS_CASADO-\u00a9-Dario-Acosta-768x512.jpg 768w, https:\/\/www.ecoitaliano.com.ar\/wp-content\/uploads\/2022\/08\/PABLO_HERAS_CASADO-\u00a9-Dario-Acosta-150x100.jpg 150w\" sizes=\"(max-width: 1024px) 100vw, 1024px\" \/><\/a><\/p>\n","protected":false},"excerpt":{"rendered":"<p>Ravello, 25 agosto 2022 Al Ravello Festival salto nel tempo con Pablo Heras-Casado e l\u2019ensemble Anima Eterna Brugge Il penultimo [&hellip;]<\/p>\n","protected":false},"author":1,"featured_media":0,"comment_status":"open","ping_status":"open","sticky":false,"template":"","format":"standard","meta":{"footnotes":""},"categories":[1],"tags":[],"class_list":["post-26346","post","type-post","status-publish","format-standard","hentry","category-sin-categoria"],"_links":{"self":[{"href":"https:\/\/www.ecoitaliano.com.ar\/index.php?rest_route=\/wp\/v2\/posts\/26346","targetHints":{"allow":["GET"]}}],"collection":[{"href":"https:\/\/www.ecoitaliano.com.ar\/index.php?rest_route=\/wp\/v2\/posts"}],"about":[{"href":"https:\/\/www.ecoitaliano.com.ar\/index.php?rest_route=\/wp\/v2\/types\/post"}],"author":[{"embeddable":true,"href":"https:\/\/www.ecoitaliano.com.ar\/index.php?rest_route=\/wp\/v2\/users\/1"}],"replies":[{"embeddable":true,"href":"https:\/\/www.ecoitaliano.com.ar\/index.php?rest_route=%2Fwp%2Fv2%2Fcomments&post=26346"}],"version-history":[{"count":0,"href":"https:\/\/www.ecoitaliano.com.ar\/index.php?rest_route=\/wp\/v2\/posts\/26346\/revisions"}],"wp:attachment":[{"href":"https:\/\/www.ecoitaliano.com.ar\/index.php?rest_route=%2Fwp%2Fv2%2Fmedia&parent=26346"}],"wp:term":[{"taxonomy":"category","embeddable":true,"href":"https:\/\/www.ecoitaliano.com.ar\/index.php?rest_route=%2Fwp%2Fv2%2Fcategories&post=26346"},{"taxonomy":"post_tag","embeddable":true,"href":"https:\/\/www.ecoitaliano.com.ar\/index.php?rest_route=%2Fwp%2Fv2%2Ftags&post=26346"}],"curies":[{"name":"wp","href":"https:\/\/api.w.org\/{rel}","templated":true}]}}