{"id":27405,"date":"2022-09-18T09:30:30","date_gmt":"2022-09-18T09:30:30","guid":{"rendered":"http:\/\/www.ecoitaliano.com.ar\/?p=27405"},"modified":"2022-09-18T09:30:30","modified_gmt":"2022-09-18T09:30:30","slug":"presentato-a-laquila-silenzio-la-musica-vi-parla-il-primo-romanzo-di-fabrizio-casu","status":"publish","type":"post","link":"https:\/\/www.ecoitaliano.com.ar\/?p=27405","title":{"rendered":"PRESENTATO A L\u2019AQUILA \u201cSILENZIO, LA MUSICA VI PARLA!\u201d, IL PRIMO ROMANZO DI FABRIZIO CASU"},"content":{"rendered":"<div id='gallery-1' class='gallery galleryid-27405 gallery-columns-3 gallery-size-thumbnail'><figure class='gallery-item'>\n\t\t\t<div class='gallery-icon portrait'>\n\t\t\t\t<a href='https:\/\/www.ecoitaliano.com.ar\/?attachment_id=27407'><img decoding=\"async\" width=\"150\" height=\"150\" src=\"https:\/\/www.ecoitaliano.com.ar\/wp-content\/uploads\/2022\/09\/1-150x150.jpg\" class=\"attachment-thumbnail size-thumbnail\" alt=\"\" \/><\/a>\n\t\t\t<\/div><\/figure><figure class='gallery-item'>\n\t\t\t<div class='gallery-icon portrait'>\n\t\t\t\t<a href='https:\/\/www.ecoitaliano.com.ar\/?attachment_id=27408'><img decoding=\"async\" width=\"150\" height=\"150\" src=\"https:\/\/www.ecoitaliano.com.ar\/wp-content\/uploads\/2022\/09\/2-150x150.jpg\" class=\"attachment-thumbnail size-thumbnail\" alt=\"\" \/><\/a>\n\t\t\t<\/div><\/figure><figure class='gallery-item'>\n\t\t\t<div class='gallery-icon portrait'>\n\t\t\t\t<a href='https:\/\/www.ecoitaliano.com.ar\/?attachment_id=27409'><img decoding=\"async\" width=\"150\" height=\"150\" src=\"https:\/\/www.ecoitaliano.com.ar\/wp-content\/uploads\/2022\/09\/3-150x150.jpg\" class=\"attachment-thumbnail size-thumbnail\" alt=\"\" \/><\/a>\n\t\t\t<\/div><\/figure><figure class='gallery-item'>\n\t\t\t<div class='gallery-icon landscape'>\n\t\t\t\t<a href='https:\/\/www.ecoitaliano.com.ar\/?attachment_id=27410'><img decoding=\"async\" width=\"150\" height=\"150\" src=\"https:\/\/www.ecoitaliano.com.ar\/wp-content\/uploads\/2022\/09\/4-150x150.jpg\" class=\"attachment-thumbnail size-thumbnail\" alt=\"\" \/><\/a>\n\t\t\t<\/div><\/figure><figure class='gallery-item'>\n\t\t\t<div class='gallery-icon landscape'>\n\t\t\t\t<a href='https:\/\/www.ecoitaliano.com.ar\/?attachment_id=27411'><img decoding=\"async\" width=\"150\" height=\"150\" src=\"https:\/\/www.ecoitaliano.com.ar\/wp-content\/uploads\/2022\/09\/5-150x150.jpg\" class=\"attachment-thumbnail size-thumbnail\" alt=\"\" \/><\/a>\n\t\t\t<\/div><\/figure><figure class='gallery-item'>\n\t\t\t<div class='gallery-icon landscape'>\n\t\t\t\t<a href='https:\/\/www.ecoitaliano.com.ar\/?attachment_id=27412'><img decoding=\"async\" width=\"150\" height=\"150\" src=\"https:\/\/www.ecoitaliano.com.ar\/wp-content\/uploads\/2022\/09\/6-150x150.jpg\" class=\"attachment-thumbnail size-thumbnail\" alt=\"\" \/><\/a>\n\t\t\t<\/div><\/figure>\n\t\t<\/div>\n\n<p>&nbsp;<\/p>\n<p align=\"justify\"><a name=\"_GoBack\"><\/a> <span style=\"font-family: Arial Narrow, serif;\">18 settembre 2022<\/span><\/p>\n<p align=\"center\"><span style=\"font-family: Arial Narrow, serif;\"><b>PRESENTATO A L\u2019AQUILA <\/b><\/span><span style=\"font-family: Arial Narrow, serif;\"><i><b>\u201cSILENZIO, LA MUSICA VI PARLA!\u201d,<\/b><\/i><\/span><span style=\"font-family: Arial Narrow, serif;\"><b> IL PRIMO ROMANZO DI FABRIZIO CASU<\/b><\/span><\/p>\n<p align=\"center\"><span style=\"font-family: Arial Narrow, serif;\"><b>Nel corso dell\u2019evento, presso il Convento di Santa Chiara a Borgo Rivera, anche un breve concerto<\/b><\/span><\/p>\n<p align=\"justify\"><span style=\"font-family: Times New Roman, serif;\"><span style=\"font-size: medium;\"><span style=\"font-family: Arial Narrow, serif;\">L\u2019AQUILA \u2013 E\u2019 stato presentato a <\/span><span style=\"font-family: Arial Narrow, serif;\"><b>L\u2019Aquila<\/b><\/span><span style=\"font-family: Arial Narrow, serif;\"> sabato pomeriggio, 17 settembre, presso la splendida sala delle conferenze del\u00a0<\/span><b><span style=\"font-family: Arial Narrow, serif;\">Convento di Santa Chiara<\/span><\/b><span style=\"font-family: Arial Narrow, serif;\"> adiacente all\u2019omonima antica chiesa in Borgo Rivera<\/span><span style=\"font-family: Arial Narrow, serif;\">, il volume<\/span> <span style=\"font-family: Arial Narrow, serif;\"><i>\u201cSilenzio, la musica vi parla\u201d,<\/i><\/span><span style=\"font-family: Arial Narrow, serif;\"> primo romanzo di<\/span><b><span style=\"font-family: Arial Narrow, serif;\"> Fabrizio Casu<\/span><\/b><span style=\"font-family: Arial Narrow, serif;\">, violinista e gi\u00e0 docente al Conservatorio Alfredo Casella dell\u2019Aquila.<\/span><b> <\/b><\/span><\/span><\/p>\n<p align=\"justify\"><span style=\"font-size: medium;\"><span style=\"font-family: Arial Narrow, serif;\"><span style=\"font-family: Times New Roman, serif;\">Una bella cornice di pubblico ha assistito all\u2019evento. Gli interventi di presentazione del libro sono stati intervallati da alcuni brani richiamati nel romanzo. Relatori il giornalista e scrittore<\/span><\/span><\/span><span style=\"font-size: medium;\"><span style=\"font-family: Arial Narrow, serif;\">\u00a0<b>Goffredo Palmerini,<\/b>\u00a0che del libro ha curato la Prefazione, il Maestro violinista <b>Andrea Petricca<\/b>, il prof.\u00a0<b>Jean Pierre Colella,<\/b>\u00a0che ha realizzato i disegni che corredano il volume, e l\u2019autore, il Maestro <b>Fabrizio Casu<\/b>.<\/span><\/span><\/p>\n<p align=\"justify\"><span style=\"font-family: Times New Roman, serif;\"><span style=\"font-size: medium;\"><span style=\"font-family: Arial Narrow, serif;\">Negli intervalli musicali sono stati eseguiti brani di <\/span><span style=\"font-family: Arial Narrow, serif;\"><b>Sergej Vasil\u2019evi\u010d Rachmaninov<\/b><\/span><span style=\"font-family: Arial Narrow, serif;\">, <\/span><span style=\"font-family: Arial Narrow, serif;\"><b>Johann Sebastian Bach<\/b><\/span><span style=\"font-family: Arial Narrow, serif;\"> e <\/span><span style=\"font-family: Arial Narrow, serif;\"><b>Vittorio Monti<\/b><\/span><span style=\"font-family: Arial Narrow, serif;\">, con <\/span><span style=\"font-family: Arial Narrow, serif;\"><b>Fabrizio Casu<\/b><\/span><span style=\"font-family: Arial Narrow, serif;\"> e <\/span><span style=\"font-family: Arial Narrow, serif;\"><b>Andrea Petricca<\/b><\/span><span style=\"font-family: Arial Narrow, serif;\"> al violino e\u00a0<\/span><b><span style=\"font-family: Arial Narrow, serif;\">Francesca Lalli<\/span><\/b><span style=\"font-family: Arial Narrow, serif;\">\u00a0al pianoforte. <\/span><span style=\"font-family: Arial Narrow, serif;\"><b>Gianfranco Totani<\/b><\/span><span style=\"font-family: Arial Narrow, serif;\">, prima dell\u2019esecuzione di ciascun brano, ha letto la pagina che nel romanzo parla di quella composizione. <\/span><\/span><\/span><\/p>\n<p align=\"justify\"><span style=\"font-family: Times New Roman, serif;\"><span style=\"font-size: medium;\"><span style=\"font-family: Arial Narrow, serif;\">La presentazione del volume, organizzata dall\u2019<\/span><span style=\"font-family: Arial Narrow, serif;\"><b>Associazione musicale Deltensemble<\/b><\/span><span style=\"font-family: Arial Narrow, serif;\">, fa seguito all\u2019uscita ufficiale del libro avvenuta con successo a <\/span><span style=\"font-family: Arial Narrow, serif;\"><b>Gorizia<\/b><\/span><span style=\"font-family: Arial Narrow, serif;\"> e realizzata dalla locale <\/span><b><span style=\"font-family: Arial Narrow, serif;\">Associazione Culturale Maestro Lipizer Onlus<\/span><\/b><span style=\"font-family: Arial Narrow, serif;\">, che ha peraltro finanziato la pubblicazione del romanzo filosofico-musicale di <\/span><span style=\"font-family: Arial Narrow, serif;\"><b>Fabrizio Casu<\/b><\/span><span style=\"font-family: Arial Narrow, serif;\">, pubblicato per i tipi di <\/span><span style=\"font-family: Arial Narrow, serif;\"><b>Nuove Edizioni della Laguna<\/b><\/span><span style=\"font-family: Arial Narrow, serif;\">, con il patrocinio e il contributo del <\/span><span style=\"font-family: Arial Narrow, serif;\"><b>Ministero dei Beni Culturali<\/b><\/span><span style=\"font-family: Arial Narrow, serif;\">.<\/span><\/span><\/span><\/p>\n<p align=\"justify\"><span style=\"font-family: Times New Roman, serif;\"><span style=\"font-size: medium;\"><span style=\"font-family: Arial Narrow, serif;\">Il volume \u201c<\/span><span style=\"font-family: Arial Narrow, serif;\"><i>Silenzio, la musica vi parla<\/i><\/span><span style=\"font-family: Arial Narrow, serif;\">\u201d a <\/span><span style=\"font-family: Arial Narrow, serif;\"><b>Gorizia<\/b><\/span><span style=\"font-family: Arial Narrow, serif;\"> \u00e8 stato molto apprezzato, come d\u2019altronde conferma il vivo consenso raccolto nell\u2019evento di presentazione a <\/span><span style=\"font-family: Arial Narrow, serif;\"><b>L\u2019Aquila<\/b><\/span><span style=\"font-family: Arial Narrow, serif;\">. Dagli interventi dei relatori e dalle annotazioni dell\u2019autore il pubblico presente ha preso consapevolezza che nelle vicende dei protagonisti narrate nel romanzo, ciascuno pu\u00f2 immedesimarsi. Il libro infatti \u00e8 rivolto a tutti, non solo ai musicisti. E la narrazione, fluida e coinvolgente, davvero intriga il lettore, come peraltro <\/span><span style=\"font-family: Arial Narrow, serif;\"><b>Goffredo Palmerini<\/b><\/span><span style=\"font-family: Arial Narrow, serif;\"> ben sottolinea nella <\/span><span style=\"font-family: Arial Narrow, serif;\"><b>Prefazione<\/b><\/span><span style=\"font-family: Arial Narrow, serif;\"> che apre il romanzo.<\/span><\/span><\/span><\/p>\n<p align=\"center\"><span style=\"font-family: Georgia, serif;\"><b>***<\/b><\/span><\/p>\n<p align=\"center\"><span style=\"font-family: Georgia, serif;\"><b>PREFAZIONE<\/b><\/span><\/p>\n<p align=\"center\"><span style=\"font-family: Georgia, serif;\">di <\/span><span style=\"font-family: Georgia, serif;\"><b>Goffredo Palmerini<\/b><\/span><\/p>\n<p align=\"justify\"><span style=\"font-family: Georgia, serif;\">Diversi anni fa acquistai, in vista d\u2019un periodo di vacanza, diversi libri della Sellerio: Andrea Camilleri soprattutto, ma anche altri autori. Il formato tascabile ben si adattava a portarseli anche sotto l\u2019ombrellone. Tra essi c\u2019era un romanzo di Luisa Adorno, \u201c<\/span><span style=\"font-family: Georgia, serif;\"><i>L\u2019ultima provincia<\/i><\/span><span style=\"font-family: Georgia, serif;\">\u201d, che mi intrig\u00f2 non poco. Raccontava di un prefetto siciliano, della sua vita e del servizio reso alla fine della carriera in una non menzionata citt\u00e0 di provincia. Si parlava delle abitudini del luogo e dei suoi abitanti, di alcune bellezze d\u2019arte e d\u2019architettura di quella citt\u00e0 senza nome. Mi intrig\u00f2 quel romanzo, quella narrazione ricca d\u2019ironia, ma soprattutto mi dest\u00f2 grande piacere, e stupore, scoprire che la citt\u00e0 mai citata per nome, che faceva da sfondo alla storia, era proprio L\u2019Aquila, la mia citt\u00e0.<\/span><\/p>\n<p align=\"justify\"><span style=\"font-family: Georgia, serif;\">Ho voluto riferire questo fatto perch\u00e9 leggendo questo singolare romanzo di Fabrizio Casu \u2013 <\/span><span style=\"font-family: Georgia, serif;\"><i>\u201cSilenzio, la musica vi parla\u201d<\/i><\/span><span style=\"font-family: Georgia, serif;\"> \u2013 subito ho avuto la medesima impressione: che cio\u00e8 la citt\u00e0 in cui si dipana la storia del protagonista \u2013 Johannes nascituro, bambino, poi adolescente, quindi giovane brillante violinista, e dei suoi genitori Roberto e Clara \u2013 sia anch\u2019essa la mia (ormai nostra, anche di Fabrizio) citt\u00e0 dell\u2019Aquila. D\u2019altronde molti sono gli indizi, per quanto dissimulati, che conducono a questa convinzione: le meraviglie architettoniche della citt\u00e0, le numerose e belle chiese, la fortezza, la grande tradizione musicale della citt\u00e0 con il suo Conservatorio, il Complesso da Camera, l\u2019Orchestra Sinfonica, la Scuola d\u2019Archi, tale da farla comparare a Salisburgo, la Passeggiata musicale (che da anni realizzano I Solisti Aquilani). <\/span><\/p>\n<p align=\"justify\"><span style=\"font-family: Georgia, serif;\">Una cultura e una sensibilit\u00e0 musicale profonda che faceva essere L\u2019Aquila citt\u00e0 di prelazione per i suoi concerti ad Arthur Rubinstein e tanti altri straordinari musicisti. Una citt\u00e0 che tra i suoi Cittadini onorari annovera proprio Rubinstein, ma anche Ennio Morricone e Goffredo Petrassi. Non mi sviano da questa convinzione alcuni diversivi, quali la definizione di \u201crinascimentale\u201d per la citt\u00e0 o la sua ubicazione costiera, con all\u2019orizzonte il profilo delle isole (nella magnifica vista che si gode dalla bella casa rinascimentale del secondo Maestro di Johannes), particolarit\u00e0 che piuttosto m\u2019inducono a ritenere siano un richiamo affettivo del nostro Autore alla nat\u00eca Livorno. <\/span><\/p>\n<p align=\"justify\"><span style=\"font-family: Georgia, serif;\">Ecco, pu\u00f2 darsi che chi scrive, lettore primigenio del romanzo, sia fuori strada su queste preliminari considerazioni di contesto. Ci\u00f2 non toglie, anzi arricchisce, il grande interesse avuto nella lettura di questo bel romanzo, dove non si articolano nella loro finitezza i personaggi della storia narrata, se non appunto Johannes e i suoi genitori Clara e Roberto Nardini soltanto, con l\u2019amica cara di famiglia Rita, il primo e il secondo Maestro di violino di Johannes. Una ventina di amici di Clara e Roberto, che partecipano ai periodici Cenacoli di casa Nardini, restano opportunamente senza volto ed identit\u00e0 definite, sebbene chiaramente evidenti siano la sensibilit\u00e0 culturale, le loro qualit\u00e0 etiche, le ispirazioni civili, il desiderio di contribuire a migliorare la propria citt\u00e0, la loro libert\u00e0 intellettuale che aborre e rifiuta i condizionamenti del potere, particolarmente di un potere politico talvolta greve, interessato alle logiche pi\u00f9 becere del consenso elettorale piuttosto che al bene comune. Un potere, espresso nell\u2019amministrazione della citt\u00e0, assai distante dall\u2019interesse a valorizzare la cultura in generale, e particolarmente quella musicale, come un importante cespite anche di crescita economica e di uno sviluppo turistico sostenibile che proprio sulla prelazione culturale si basi.<\/span><\/p>\n<p align=\"justify\"><span style=\"font-family: Georgia, serif;\">Interessante, da parte dell\u2019Autore, questa scelta narrativa del Cenacolo, dove far discutere di temi alti, di valore universale, le persone che frequentano casa Nardini, ambiente in cui Johannes si forma culturalmente, nella sua \u201cpredestinazione\u201d alla musica, assecondando uno spiccato talento naturale. Un ambiente volutamente tenuto estraneo ai dogmi, politici o religiosi, ma invece aperto alle stimolazioni del nuovo in un confronto maturo e costruttivo, attraverso un dialogo fecondo e attento ad ogni sollecitazione, con l\u2019obiettivo di raggiungere sempre una sintesi che ne connoti il valore civile, sociale e culturale. Un luogo dialogico che richiama alla mente il concetto della \u201cCitt\u00e0 del sole\u201d, l\u2019utopia di Tommaso Campanella. Notevole, nello sviluppo della narrazione il ruolo di Rita, essenziale nella \u201crinascita\u201d alla musica del giovane Johannes, dopo la crisi subita alla morte del primo Maestro, rinascita portata all\u2019acme del risultato dal secondo Maestro, il quale sorprender\u00e0 infine riaccendendo il desiderio di un\u2019insospettata relazione affettiva. <\/span><\/p>\n<p align=\"justify\"><span style=\"font-family: Georgia, serif;\">Questa la storia, nella quale s\u2019innerva una congerie di sentimenti e situazioni psicologiche, che attengono a due tipicit\u00e0 di approccio nella formazione musicale di Johannes. Questo, a mio parere, \u00e8 l\u2019aspetto pi\u00f9 significativo e rilevante del romanzo, il suo valore profondo che lo propone come un testo non solo di narrativa, ma di vera e propria formazione culturale, di grande utilit\u00e0 per giovani che si avviino alla musica e allo studio di uno strumento, scoprendo lo straordinario ventaglio di sensibilit\u00e0 ed emozioni che solo la musica sa generare. In questo particolare campo l\u2019Autore ha investito tutto il suo bagaglio culturale, la sua lunga esperienza di docente e formatore, il suo talento di violinista, la sua cospicua sensibilit\u00e0 musicale, il suo modo di vedere la vita del musicista ancorata a valori universali, alla \u201cbellezza\u201d, all\u2019eccellenza tecnica coniugata all\u2019espressione pi\u00f9 profonda dell\u2019anima. Questo romanzo percorre intensamente le strade dell\u2019animo umano, specie quando le aspirazioni sono le pi\u00f9 alte, le pi\u00f9 difficoltose, ma anche le pi\u00f9 appaganti. <\/span><\/p>\n<p align=\"justify\"><span style=\"font-family: Georgia, serif;\">Orbene, comprendo certamente che approfondimenti cos\u00ec densi di significato e suggestione non possano risiedere in una pagina d\u2019Introduzione. Sono invece aspetti che vanno scoperti godendo pagina dopo pagina il dispiegarsi della narrazione. D\u2019altro canto la scrittura di Fabrizio \u00e8 cos\u00ec ben scorrevole, invitante e ricca di dettagli che davvero intriga nell\u2019intraprendere questo singolare viaggio nel mondo della musica colta, dei suoi pi\u00f9 insigni compositori \u2013 Johann Sebastian Bach in primis, alla ricerca delle cui orme Johannes e Rita vanno a Lipsia e Weimar \u2013 nelle pagine pi\u00f9 suggestive del repertorio strumentale destinate al violino. Chi scrive non ha le necessarie competenze musicali per apprezzare le innumerevoli sottolineature richiamate nel testo, anche se per questo la storia non perde affatto d\u2019interesse e appeal, tanto che molto pesa la sosta nella lettura per quanto la narrazione avvince. <\/span><\/p>\n<p align=\"justify\"><span style=\"font-family: Georgia, serif;\">Lascio dunque al lettore il piacere d\u2019avventurarsi in questa storia avvincente e coinvolgente, anche con il piacere di scoprire singolarit\u00e0 cos\u00ec come sono apparse all\u2019intuizione di chi scrive queste modeste annotazioni introduttive. Voglio solo esprimere compiacimento verso l\u2019amico Fabrizio per questa ulteriore prova narrativa, peraltro ringraziandolo dell\u2019amore che nutre verso L\u2019Aquila, citt\u00e0 d\u2019elezione dove ha scelto di vivere e di insegnare, fino ad un anno fa, tenendo la cattedra di violino al Conservatorio \u201cAlfredo Casella\u201d. Ma dove ha scelto anche d\u2019arricchire il patrimonio musicale aquilano con la formazione e direzione del complesso strumentale Deltensemble, che io stesso ho avuto il privilegio d\u2019accompagnare negli Stati Uniti nel 2010, in una memorabile tourn\u00e9e che tocc\u00f2 Detroit, Cleveland e Rochester, in ci\u00f2 dimostrando quanto sia connaturato in Fabrizio Casu il legame con la citt\u00e0 dell\u2019Aquila, con la sua storia e con la ragguardevole cultura musicale che la contraddistingue. Un amore verso L\u2019Aquila persino pi\u00f9 intenso rispetto agli stessi aquilani. <\/span><\/p>\n","protected":false},"excerpt":{"rendered":"<p>&nbsp; 18 settembre 2022 PRESENTATO A L\u2019AQUILA \u201cSILENZIO, LA MUSICA VI PARLA!\u201d, IL PRIMO ROMANZO DI FABRIZIO CASU Nel corso [&hellip;]<\/p>\n","protected":false},"author":1,"featured_media":0,"comment_status":"open","ping_status":"open","sticky":false,"template":"","format":"standard","meta":{"footnotes":""},"categories":[10,46],"tags":[],"class_list":["post-27405","post","type-post","status-publish","format-standard","hentry","category-italiano","category-musica"],"_links":{"self":[{"href":"https:\/\/www.ecoitaliano.com.ar\/index.php?rest_route=\/wp\/v2\/posts\/27405","targetHints":{"allow":["GET"]}}],"collection":[{"href":"https:\/\/www.ecoitaliano.com.ar\/index.php?rest_route=\/wp\/v2\/posts"}],"about":[{"href":"https:\/\/www.ecoitaliano.com.ar\/index.php?rest_route=\/wp\/v2\/types\/post"}],"author":[{"embeddable":true,"href":"https:\/\/www.ecoitaliano.com.ar\/index.php?rest_route=\/wp\/v2\/users\/1"}],"replies":[{"embeddable":true,"href":"https:\/\/www.ecoitaliano.com.ar\/index.php?rest_route=%2Fwp%2Fv2%2Fcomments&post=27405"}],"version-history":[{"count":0,"href":"https:\/\/www.ecoitaliano.com.ar\/index.php?rest_route=\/wp\/v2\/posts\/27405\/revisions"}],"wp:attachment":[{"href":"https:\/\/www.ecoitaliano.com.ar\/index.php?rest_route=%2Fwp%2Fv2%2Fmedia&parent=27405"}],"wp:term":[{"taxonomy":"category","embeddable":true,"href":"https:\/\/www.ecoitaliano.com.ar\/index.php?rest_route=%2Fwp%2Fv2%2Fcategories&post=27405"},{"taxonomy":"post_tag","embeddable":true,"href":"https:\/\/www.ecoitaliano.com.ar\/index.php?rest_route=%2Fwp%2Fv2%2Ftags&post=27405"}],"curies":[{"name":"wp","href":"https:\/\/api.w.org\/{rel}","templated":true}]}}