{"id":27455,"date":"2022-09-21T13:46:45","date_gmt":"2022-09-21T13:46:45","guid":{"rendered":"http:\/\/www.ecoitaliano.com.ar\/?p=27455"},"modified":"2022-09-21T13:46:45","modified_gmt":"2022-09-21T13:46:45","slug":"il-mediterraneo-dei-poeti-tra-storia-e-eredita-culturali-pierfranco-bruni","status":"publish","type":"post","link":"https:\/\/www.ecoitaliano.com.ar\/?p=27455","title":{"rendered":"Il Mediterraneo dei poeti tra storia e eredit\u00e0 culturali   Pierfranco Bruni"},"content":{"rendered":"<p><a href=\"http:\/\/www.ecoitaliano.com.ar\/wp-content\/uploads\/2022\/09\/20190922_005534.jpg\"><img decoding=\"async\" class=\"alignnone size-full wp-image-27456\" src=\"http:\/\/www.ecoitaliano.com.ar\/wp-content\/uploads\/2022\/09\/20190922_005534.jpg\" alt=\"\" width=\"563\" height=\"718\" srcset=\"https:\/\/www.ecoitaliano.com.ar\/wp-content\/uploads\/2022\/09\/20190922_005534.jpg 563w, https:\/\/www.ecoitaliano.com.ar\/wp-content\/uploads\/2022\/09\/20190922_005534-235x300.jpg 235w, https:\/\/www.ecoitaliano.com.ar\/wp-content\/uploads\/2022\/09\/20190922_005534-118x150.jpg 118w\" sizes=\"(max-width: 563px) 100vw, 563px\" \/><\/a><\/p>\n<p>&nbsp;<\/p>\n<p>Il Mediterraneo dei poeti tra storia e eredit\u00e0 culturali<\/p>\n<div dir=\"auto\"><\/div>\n<div dir=\"auto\">Pierfranco Bruni\u00a0<br dir=\"auto\" \/><br dir=\"auto\" \/><br dir=\"auto\" \/>Mediterraneo e geopolitica. \u00c8 un legame stretto che chiama in causa una diversit\u00e0 di elementi e di aspetti che intrecciano storia e cultura tout court. Senza mai dimenticare il Mediterraneo nelle letterature. Infatti \u00e8 un rapporto che diventa sempre pi\u00f9 problematico e armonico che raccoglie istanze e modelli di tutto il contesto meridionale. Sud e letteratura. Un tema antico che risulta ancora affascinante e intrigante sia sul piano puramente letterario che su quello culturale pi\u00f9 in generale. <br dir=\"auto\" \/>Bisognerebbe avviare un significativo dibattito che possa riguardare la \u201ccultura\u201d poetica,\u00a0 ma, in modo particolare, la poesia nei suoi contesti regionali.\u00a0\u00a0<br dir=\"auto\" \/>\u00a0\u00a0\u00a0\u00a0\u00a0 La poesia, come il teatro, \u00e8 quella che maggiormente ha incarnato la certificazione di quel localismo che si decodifica nel popolare in prima istanza ma che poi assume un taglio universale. In tutto il Sud, non c\u2019\u00e8 poesia, o non si d\u00e0 poesia, se manca l\u2019immagine del luogo. La letteratura si esprime attraverso sentimenti, sentieri onirici, riappropriazione di luoghi che raccontano attraverso la metafora il tempo e la storia.<br dir=\"auto\" \/>\u00a0\u00a0\u00a0\u00a0\u00a0 Ci sono eredit\u00e0 in letteratura che attraversano non solo i contenuti e le dimensioni tematiche ma si innervano nel linguaggio. Il linguaggio non \u00e8 soltanto una forma di comunicazione. \u00c8 la costante dell\u2019essere che vive tra la parola e il tempo. Si pensi al rapporto tra la tradizione popolare e l\u2019identit\u00e0 delle letterature. Tradizione popolare, favola, racconto sono sottolineature di un processo letterario che nel Sud trova una sua pi\u00f9 esplicita forma comunicativa e documentaria. Il Sud, la poesia e il radicamento popolare. Sono tre elementi che caratterizzano il senso del \u201clocalismo\u201d. In letteratura il localismo si identifica anche con il senso delle radici, con il \u201cregionalismo\u201d culturale, con l\u2019identit\u00e0 della tradizione.\u00a0\u00a0\u00a0\u00a0\u00a0 <br dir=\"auto\" \/>\u00a0\u00a0\u00a0\u00a0\u00a0 Non esiste una letteratura locale. Esiste, invece, una letteratura di autori che vivono nella propria terra. Oppure esiste una letteratura che racconta, ora con motivi lirici ora con motivi realisti, l\u2019appartenenza ad una terra. Tommaso Fiore e il suo raccontare quel \u201cpopolo di formiche\u201d, Leonardo Sciascia e la Sicilianit\u00e0, Corrado Alvaro e la Calabresit\u00e0, Rocco Scotellaro e i contadini della Lucania, Silone e i suoi cafoni sono forse il portato di un localismo? Certamente s\u00ec. Se localismo \u00e8 capacit\u00e0 di trasformare il senso dell\u2019appartenenza in arte, in linguaggio, in espressione onirica, in visioni simboliche.<br dir=\"auto\" \/>\u00a0\u00a0\u00a0\u00a0\u00a0 Cosa \u00e8 dunque il localismo rispetto all\u2019universalismo? Me lo sono spesse volte posto anche scrivendo il mio saggio \u2013 antologia sulla letteratura pugliese del Novecento e i miei testi sulla letteratura calabrese e meridionale e sui poeti del Mediterraneo.\u00a0 Ed \u00e8 un aspetto che ritorna soprattutto in una visione di letteratura o di poesia del ritorno. Ovvero di poesia che si identifica non nella schizofrenia avanguardistica ma in un modello di linguaggio che recupera la tradizione e fa della tradizione un progetto di vita \u2013 letteratura. Poeti che raccontano i luoghi in una geografia che non \u00e8 soltanto paesaggio e natura ma \u00e8 geografia dell\u2019anima il cui linguaggio ha ben catturato gli stilemi della forma e dei contenuti che sono vivi nella letteratura mediterranea. <br dir=\"auto\" \/>\u00a0\u00a0\u00a0\u00a0\u00a0 La stessa poesia mediterranea non \u00e8 forse poesia localista? E poeti come quelli che si portano il Sud appiccicato nella carne e nelle parole sono forse poeti da definire localisti: da Bodini a Tedeschi, da Selvaggi a Carrieri, da Comi a Sinisgalli, da Gatto a Fallacara, da Grisi a D\u2019Arrigo, da Troccoli a Fornaro, da Calabr\u00f2 a Rasulo, da Butitta a Pierro (per toccare i tasselli della poesia dialettale)? <br dir=\"auto\" \/>\u00a0\u00a0\u00a0\u00a0\u00a0 Luigi Fallacara: \u201cMi commuovono i canti un tempo uditi\/e poi per sempre dentro me fuggiti\/come in un luogo dove ancora esistono\u201d. Che bel localismo c\u2019\u00e8 in \u201cImmagini del Salento\u201d di Girolamo Comi. Solo due versi: <br dir=\"auto\" \/><br dir=\"auto\" \/>\u201cCristalli di luce varia<br dir=\"auto\" \/>spaccano l\u2019ozio dei suoli\u201d.<br dir=\"auto\" \/><br dir=\"auto\" \/>\u00a0\u00a0\u00a0\u00a0\u00a0 Che localismo di luce solare si avverte in \u201cPaesi bianchi\u201d di Raffaele Carrieri. O nei versi di \u201cChi \u00e8 passato prima di me\u201d: <br dir=\"auto\" \/><br dir=\"auto\" \/>\u201c\u2026Non era la colomba d\u2019Archita<br dir=\"auto\" \/>Quando tra questi ulivi<br dir=\"auto\" \/>Mi colse prima morte\u201d.<br dir=\"auto\" \/><br dir=\"auto\" \/>\u00a0\u00a0\u00a0\u00a0\u00a0 La parola che inebria e che sa dare voce a tutto il Sud. L\u2019emblema di quel localismo che \u00e8 fatto di appartenenza in Bodini si fa destino e comunanza: <br dir=\"auto\" \/><br dir=\"auto\" \/>\u201cTu non conosci il Sud, le case di calce<br dir=\"auto\" \/>da cui uscivano al sole come numeri<br dir=\"auto\" \/>dalla faccia d\u2019un dado\u201d.<br dir=\"auto\" \/><br dir=\"auto\" \/>O, sempre di Bodini, la poesia dal titolo \u201cTorchiarolo\u201d: <br dir=\"auto\" \/><br dir=\"auto\" \/>\u201cSulla piazza di Torchiarolo<br dir=\"auto\" \/>dalle case rosse e blu<br dir=\"auto\" \/>le anime sante del purgatorio<br dir=\"auto\" \/>invocano Maria e Ges\u00f9\u201d.<br dir=\"auto\" \/><br dir=\"auto\" \/>In questi ultimi versi c\u2019\u00e8 tutto il sentire di una meditazione arcaica che \u00e8 dentro il concetto di localismo e resta come pietra miliare nella poesia dei luoghi, delle partenze, dei ritorni. In quella poesia che si legge attraverso due modelli interpretativi: il sacro e il mito. <br dir=\"auto\" \/>\u00a0\u00a0\u00a0\u00a0\u00a0 Ma non era anche Salvatore Quasimodo un poeta localista? E Corrado Alvaro? Poeta e scrittore? Poeta o scrittore? Il localismo invade sia nella narrativa che nella poesia se si localismo si deve parlare. La letteratura pugliese degli ultimi anni \u00e8 una letteratura che ha sperimentato temi e forme. <br dir=\"auto\" \/>\u00a0\u00a0\u00a0\u00a0\u00a0 E\u2019 naturale che tutto questo \u00e8 localismo. Ma \u00e8 piuttosto un termine che non ha valore soprattutto in letteratura. Non esiste una letteratura locale. La letteratura si caratterizza certamente per le cose che riesce a dire e che lascia nel lettore. Se poi invece il cosiddetto sentimento del radicamento rientra nel localismo \u00e8 un altro discorso e mi auguro di non dover affrontare.<br dir=\"auto\" \/>\u00a0\u00a0\u00a0\u00a0\u00a0 C\u2019\u00e8 tutta una poesia, invece, che va riletta, va ristudiata, va riproposta. E si tratta appunto di un poesia di autori locali che vanno tenuti in alta considerazione. <br dir=\"auto\" \/>\u00a0\u00a0\u00a0\u00a0\u00a0 La storia letteraria d\u2019altronde \u00e8 piena di contraddizioni del genere. Bisogna seguire, studiare e proporre una chiave di lettura per educare e innescare un confronto con le realt\u00e0 poetiche vivono nel territorio. La letteratura, dunque, traccia sempre percorso il cui rapporto \u00e8 tutto giocato tra la parola (il linguaggio) e la vita. Anche in questo caso il Sud \u00e8 nella letteratura \u2013 vita. Il Mediterraneo \u00e8 un destino tra i linguaggi che richiamano visioni antrantropologica all&#8217;interno di processi etnici e mitici. Solo cos\u00ec il processo di conoscenza pu\u00f2 diventare riscoperta di identit\u00e0 e di echi nuovamente radicanti.<\/div>\n","protected":false},"excerpt":{"rendered":"<p>&nbsp; Il Mediterraneo dei poeti tra storia e eredit\u00e0 culturali Pierfranco Bruni\u00a0Mediterraneo e geopolitica. \u00c8 un legame stretto che chiama [&hellip;]<\/p>\n","protected":false},"author":1,"featured_media":0,"comment_status":"open","ping_status":"open","sticky":false,"template":"","format":"standard","meta":{"footnotes":""},"categories":[10,35],"tags":[],"class_list":["post-27455","post","type-post","status-publish","format-standard","hentry","category-italiano","category-opiniones"],"_links":{"self":[{"href":"https:\/\/www.ecoitaliano.com.ar\/index.php?rest_route=\/wp\/v2\/posts\/27455","targetHints":{"allow":["GET"]}}],"collection":[{"href":"https:\/\/www.ecoitaliano.com.ar\/index.php?rest_route=\/wp\/v2\/posts"}],"about":[{"href":"https:\/\/www.ecoitaliano.com.ar\/index.php?rest_route=\/wp\/v2\/types\/post"}],"author":[{"embeddable":true,"href":"https:\/\/www.ecoitaliano.com.ar\/index.php?rest_route=\/wp\/v2\/users\/1"}],"replies":[{"embeddable":true,"href":"https:\/\/www.ecoitaliano.com.ar\/index.php?rest_route=%2Fwp%2Fv2%2Fcomments&post=27455"}],"version-history":[{"count":0,"href":"https:\/\/www.ecoitaliano.com.ar\/index.php?rest_route=\/wp\/v2\/posts\/27455\/revisions"}],"wp:attachment":[{"href":"https:\/\/www.ecoitaliano.com.ar\/index.php?rest_route=%2Fwp%2Fv2%2Fmedia&parent=27455"}],"wp:term":[{"taxonomy":"category","embeddable":true,"href":"https:\/\/www.ecoitaliano.com.ar\/index.php?rest_route=%2Fwp%2Fv2%2Fcategories&post=27455"},{"taxonomy":"post_tag","embeddable":true,"href":"https:\/\/www.ecoitaliano.com.ar\/index.php?rest_route=%2Fwp%2Fv2%2Ftags&post=27455"}],"curies":[{"name":"wp","href":"https:\/\/api.w.org\/{rel}","templated":true}]}}