{"id":27948,"date":"2022-09-30T10:36:00","date_gmt":"2022-09-30T10:36:00","guid":{"rendered":"http:\/\/www.ecoitaliano.com.ar\/?p=27948"},"modified":"2022-09-30T10:36:25","modified_gmt":"2022-09-30T10:36:25","slug":"27948","status":"publish","type":"post","link":"https:\/\/www.ecoitaliano.com.ar\/?p=27948","title":{"rendered":"Biennale MArtelive 2022: il pi\u00f9 grande festival diffuso d&#8217;Europa torna a Roma e nel Lazio con oltre 1500 artisti | Dal 15 al 23 ottobre 2022"},"content":{"rendered":"<table role=\"presentation\" border=\"0\" width=\"100%\" cellspacing=\"0\" cellpadding=\"0\">\n<tbody>\n<tr>\n<td>\n<table role=\"presentation\" border=\"0\" width=\"100%\" cellspacing=\"0\" cellpadding=\"0\" align=\"center\">\n<tbody>\n<tr>\n<td>\n<table class=\"m_3395890491105647775row-content m_3395890491105647775stack\" role=\"presentation\" border=\"0\" width=\"600\" cellspacing=\"0\" cellpadding=\"0\" align=\"center\">\n<tbody>\n<tr>\n<td class=\"m_3395890491105647775column\" width=\"100%\">\n<table role=\"presentation\" border=\"0\" width=\"100%\" cellspacing=\"0\" cellpadding=\"10\">\n<tbody>\n<tr>\n<td>\n<div align=\"center\">\n<table role=\"presentation\" border=\"0\" width=\"100%\" cellspacing=\"0\" cellpadding=\"0\">\n<tbody>\n<tr>\n<td><\/td>\n<\/tr>\n<\/tbody>\n<\/table>\n<\/div>\n<\/td>\n<\/tr>\n<\/tbody>\n<\/table>\n<table class=\"m_3395890491105647775image_block\" role=\"presentation\" border=\"0\" width=\"100%\" cellspacing=\"0\" cellpadding=\"0\">\n<tbody>\n<tr>\n<td>\n<div align=\"center\"><img decoding=\"async\" class=\"CToWUd a6T\" tabindex=\"0\" src=\"https:\/\/ci6.googleusercontent.com\/proxy\/FjA76WeeLhlIziK0dIzM3l3AdEsTm0_5s1FQYoHkD71UBSw-JfDCsKYkkU6DID3Ub-LnegisrEfTu1vk0JEXaPFzEyZbVojLu00uuIXUlBAMvarjkZkQjE6v2Xj2H3jK-T3FInkVZGDBpw=s0-d-e1-ft#https:\/\/culturaliart.img.musvc2.net\/static\/91342\/images\/1\/Logo%20Biennale%202022-01.png\" width=\"330\" data-bit=\"iit\" \/><\/div>\n<\/td>\n<\/tr>\n<\/tbody>\n<\/table>\n<\/td>\n<\/tr>\n<\/tbody>\n<\/table>\n<\/td>\n<\/tr>\n<\/tbody>\n<\/table>\n<\/td>\n<\/tr>\n<\/tbody>\n<\/table>\n<table role=\"presentation\" border=\"0\" width=\"100%\" cellspacing=\"0\" cellpadding=\"10\">\n<tbody>\n<tr>\n<td>\n<div>\n<div>\n<p><strong>Biennale MArteLive<\/strong><\/p>\n<p><strong><em>SALTI QUANTICI<\/em><\/strong><\/p>\n<p>&nbsp;<\/p>\n<p><strong>Performing arts, Street Art, Meeting, Esposizioni e Videoproiezioni<br \/>\nDal 15 al 23 ottobre 2022 a Roma e nel Lazio<\/strong><\/p>\n<p><strong>\u00a0<\/strong><\/p>\n<p><strong>IL <em>FESTIVAL MULTIDISCIPLINARE DIFFUSO<\/em> CON OLTRE 1500 ARTISTI DA TUTTA EUROPA IN 100 LOCATION<\/strong><\/p>\n<p><strong>\u00a0<\/strong><\/p>\n<p>Tra gli ospiti nazionali e internazionali: Godspeed You! Black Emperor, Ascanio Celestini, Jorit, m\u00fam, The Afghan Whigs, Neve, Marlene Kuntz, Edda, Etnik, Natalia Rak, Altin G\u00fcn, Davide Toffolo, Management, Melancholia, Sick Tamburo, Giardini Di Mir\u00f2, Davide Enia, Cor Veleno + Tre Allegri Ragazzi Morti e molti molti altri ancora<\/p>\n<\/div>\n<\/div>\n<\/td>\n<\/tr>\n<\/tbody>\n<\/table>\n<table class=\"m_3395890491105647775image_block\" role=\"presentation\" border=\"0\" width=\"100%\" cellspacing=\"0\" cellpadding=\"5\">\n<tbody>\n<tr>\n<td>\n<div align=\"center\"><img decoding=\"async\" class=\"m_3395890491105647775big CToWUd a6T\" tabindex=\"0\" src=\"https:\/\/ci3.googleusercontent.com\/proxy\/qfJHCudLs6hImXnRD78oXcOeCkr39R-BLQ3XV7_4TquLSHl_if6zr1PqcclI9ZgjLiym4_Kw1G0UhYWk2XovztKtjGH6bud7As36_q2oL4UyEKsVUQt2f7rocLB0io1Q18JjbZwOsA=s0-d-e1-ft#https:\/\/culturaliart.img.musvc2.net\/static\/91342\/images\/1\/BiennaleMArteLive-2022.jpg\" width=\"590\" data-bit=\"iit\" \/><\/div>\n<\/td>\n<\/tr>\n<\/tbody>\n<\/table>\n<table role=\"presentation\" border=\"0\" width=\"100%\" cellspacing=\"0\" cellpadding=\"10\">\n<tbody>\n<tr>\n<td>\n<div align=\"center\">\n<table role=\"presentation\" border=\"0\" width=\"100%\" cellspacing=\"0\" cellpadding=\"0\">\n<tbody>\n<tr>\n<td><\/td>\n<\/tr>\n<\/tbody>\n<\/table>\n<\/div>\n<\/td>\n<\/tr>\n<\/tbody>\n<\/table>\n<table role=\"presentation\" border=\"0\" width=\"100%\" cellspacing=\"0\" cellpadding=\"10\">\n<tbody>\n<tr>\n<td>\n<div>\n<div>\n<p>Per lungo tempo sembra non accadere nulla e poi all\u2019improvviso tutto cambia. <strong>Dal 15 al 23 ottobre <\/strong>torna la <strong>Biennale MArteLive<\/strong>, <strong>il pi\u00f9 grande <em>festival multidisciplinare diffuso d\u2019Europa<\/em><\/strong> con <strong>oltre<\/strong> <strong>1500 artisti <\/strong>provenienti da tutto il continente.<\/p>\n<p>&nbsp;<\/p>\n<p>A caratterizzare questa edizione della manifestazione \u00e8 il suo rappresentare un vero e proprio <strong>salto quantico<\/strong> (<em>quantum leap)<\/em>; se in meccanica quantistica, infatti, questi ultimi sono quei passaggi repentini da uno stato a un altro, senza stadi intermedi, la Biennale MArteLive irrompe, per<strong> nove giorni <\/strong>e in <strong>oltre 100 location <\/strong>(liveclub, teatri, gallerie, piazze, muri, parchi archeologici, ville) <strong>tra Roma e Lazio<\/strong>, con molteplici espressioni artistiche, che vanno dalla musica al teatro, dalla danza alla <em>street art<\/em>, dall\u2019illustrazione digitale alla scultura, dalla moda ai videoclip.<\/p>\n<p>&nbsp;<\/p>\n<p><strong>Nucleo centrale<\/strong> del festival \u00e8 <strong>MArteLive Lo Spettacolo Totale, dal 18 al 20 ottobre<\/strong>. Questo format storico che contraddistingue il festival sin dal 2001, \u00e8 l\u2019evento multi-disciplinare e multi-artistico che connota a pieno l\u2019universo MArteLive: la simultaneit\u00e0 delle arti e il loro ibridarsi, sovrapponendosi, creano, infatti, <strong>un unico evento sinergico<\/strong> composto da <strong>pi\u00f9 spettacoli<\/strong> in <strong>spazi diversi<\/strong> all\u2019interno della <strong>stessa location<\/strong>, che quest\u2019anno per la prima volta sar\u00e0 il <strong>Qube<\/strong> di Roma (per 20 anni la sua sede storica \u00e8 stata l&#8217;Alpheus\/Planet). Per l\u2019occasione, sono stati coinvolti ospiti speciali &#8211; come i <strong>Management, Sick Tamburo <\/strong>e <strong>Studio Murena &#8211;<\/strong> e <strong>oltre 450<\/strong> <strong>artisti <\/strong>in concorso distribuiti nelle <strong>16 sezioni artistiche<\/strong> che compongono l\u2019evento: musica, dj e producer, teatro, danza, circo contemporaneo, letteratura, pittura, fotografia, illustrazione digitale, <em>street art<\/em>, scultura, artigianato, moda, video arte, cortometraggi, videoclip.<\/p>\n<p>&nbsp;<\/p>\n<p>Altra grande novit\u00e0 di questa edizione \u00e8, inoltre, la presenza straordinaria di <strong>artisti <\/strong>selezionati in<strong> tutta Europa <\/strong>attraverso<strong> MArteLive Europe, <\/strong>sostenuto dal programma <strong>Europa Creativa <\/strong>della<strong> Comunit\u00e0 Europea.<\/strong><\/p>\n<p>&nbsp;<\/p>\n<p>Due, poi, le anteprime speciali della Biennale: il <strong>3 ottobre<\/strong> il <em>sound<\/em> unico e indefinibile della band cult canadese dei <strong>Godspeed You!Black Emperor <\/strong>che approda al <strong>Largo Venue<\/strong>, mentre il <strong>10,<\/strong> allo <strong>Spazio Rossellini &#8211; <\/strong>Polo Culturale Multidisciplinare della Regione Lazio <strong>-,<\/strong> <strong>Davide Enia <\/strong>porta in scena il pluripremiato spettacolo <em>L\u2019abisso<\/em>, che affronta la tragedia degli sbarchi nel mediterraneo.<\/p>\n<p>&nbsp;<\/p>\n<p>Il <strong>26 ottobre<\/strong> sar\u00e0 invece la volta di uno degli eventi finali post-biennale tra i pi\u00f9 attesi: una delle due uniche date italiane di <strong>The Afghan Whigs<\/strong> (con <em>special guest <\/em><strong>Ed Harcourt<\/strong>), la strepitosa alternative band statunitense inventrice del soul-grunge.<\/p>\n<p>Parallelamente,<strong> dal 15 al 23 ottobre<\/strong> la multidisciplinariet\u00e0 di MArteLive si diffonder\u00e0 a livello regionale attraverso <strong>13 progetti speciali\/festival <\/strong>all\u2019interno del cartellone generale della Biennale; una galassia di <strong>eventi off <\/strong>divisi per genere e disciplina artistica, organizzati in collaborazione con numerosi enti e associazioni del Lazio, saranno infatti ospitati in circa <strong>100 location sul territorio<\/strong>.<\/p>\n<p>Molti gli ospiti nazionali <strong>(Marlene Kuntz, Ascanio Celestini, Barbara Oizmud, Jorit, Nada, Edda, Enrico Gabrielli, I Hate my village, Neve, Moby Dick, Davide Toffolo, Arianna Balestrieri, Aleksandros Memetaj, Anna Basti, Salvo Lombardo, Fabritia D&#8217;Intino, Daria Greco, Her Skin) <\/strong>e internazionali <strong>(Natalia Rak, NSN997, The Afghan Whigs, Etni<\/strong><strong>k, C Duncan, Redi Hasa, Lambert)<\/strong> che arricchiscono il cartellone degli eventi.<\/p>\n<p>&nbsp;<\/p>\n<p>La Biennale MArteLive \u00e8 un progetto ideato e curato da <strong>Giuseppe Casa<\/strong> in collaborazione con i vari responsabili di progetto e le diverse organizzazioni esterne coinvolte.<\/p>\n<p>&nbsp;<\/p>\n<p><strong>I PROGETTI SPECIALI<\/strong><\/p>\n<p>&nbsp;<\/p>\n<p>I <strong>progetti speciali<\/strong> sono il <strong><em>continuum <\/em>multidisciplinare<\/strong> del format storico di MArteLive, diffuso nello spazio urbano e metropolitano di Roma, <strong>essenza e fulcro <\/strong>della <strong>Biennale MArteLive<\/strong>: questi, infatti, vengono <strong>sommati<\/strong> e <strong>simultaneamente<\/strong> proposti, messi in scena e realizzati <strong>in modo diffuso <\/strong>in un luogo ben delimitato (Roma e alcuni borghi del Lazio) nel tempo circoscritto dei <strong>9 giorni<\/strong> della manifestazione stessa.<\/p>\n<p>Si tratta di <strong>veri e propri progetti\/format culturali<\/strong> che continuano a vivere anche dopo essere stati sperimentati dentro la Biennale, dove per l\u2019occasione sono <strong>sinergicamente interconnessi <\/strong>tra di loro.<\/p>\n<p>&nbsp;<\/p>\n<ol>\n<li><strong>Biennale International \/ MArteLive Europe <\/strong>&#8211; I finalisti europei si esibiranno per tre giorni al Qube in un <em>continuum<\/em> artistico di rara potenza e bellezza;<\/li>\n<li><strong>Street Art For Rights <\/strong>&#8211; Ideato da Peppe Casa e curato da Oriana Rizzuto, questo Festival ha l\u2019intento di riqualificare zone urbane di Roma e del Lazio attraverso progetti culturali aperti e gratuiti e tramite opere murarie dalle tematiche sociali e culturali che possano non solo migliorare l\u2019estetica del territorio, ma anche sensibilizzare la collettivit\u00e0. Tra le opere di quest\u2019anno, quelle di <strong>Etnik<\/strong>, <strong>Davide Toffolo<\/strong>, <strong>Natalia Rak<\/strong>, <strong>NSN997<\/strong>, <strong>Neve<\/strong>, <strong>Attorrep<\/strong> e di tanti altri ancora;<\/li>\n<li><strong>Corviale Vertical Dance &#8211; <\/strong>Spettacoli di danza verticale sulle pareti del \u201cSerpentone\u201d di Corviale, con diverse compagnie provenienti da ogni parte d\u2019Italia ed Europa;<\/li>\n<li><strong>Art has no bars \/ L\u2019Arte non ha sbarre<\/strong> &#8211; Laboratori, spettacoli e opere di <em>street art <\/em>nel carcere di Rebibbia, a sottolineare come nessuna sbarra possa mai fermare la forza dell\u2019ingegno di una creazione artistica. Il progetto, in collaborazione con l\u2019Associazione LiberaMente, e con gli artisti <strong>Moby Dick<\/strong> e <strong>Barbara Oizmud<\/strong>, ha avuto il suo primo capitolo con i corsi di pittura alle donne della Casa Circondariale di Rebibbia, dalla cui creativit\u00e0 e dialogo \u00e8 nata l\u2019idea dell\u2019opera finale, che sar\u00e0 espressa all\u2019esterno dall\u2019artista <strong>Jorit<\/strong> al Quarticciolo, dedicata alla memoria dell\u2019attivista brasiliana Marielle Franco;<\/li>\n<li><strong>PerFormAzione Sociale<\/strong> &#8211; In collaborazione con Officina delle Culture, \u00e8 una rassegna di teatro sociale atta a stimolare la partecipazione attiva della comunit\u00e0 rendendola protagonista delle dinamiche di crescita sociale e culturale del territorio. Tra gli ospiti speciali,<strong> Ascanio Celestini<\/strong> e <strong>Davide Enia<\/strong>;<\/li>\n<li><strong>SU:ggestiva <\/strong>&#8211; Musica pura per luoghi straordinari. SU:ggestiva \u00e8 un\u2019esperienza di scoperta ad alto impatto emozionale: assistere a concerti e performance musicali in location bellissime, suggestive, uniche ed insolite. \u00c8 il luogo che ospita il concerto a essere, insieme alla performance artistica, il fulcro dell\u2019esperienza. Il progetto, nato in collaborazione con l\u2019Associazione Culturale ARTmosfera, l\u2019Associazione Taste&amp;Travel e ATCL, vuole far scoprire nuove narrazioni visive, musicali ed emozionali attraverso l\u2019incontro tra la musica e alcuni luoghi straordinari e suggestivi. A fare da <em>fil rouge<\/em> in questa edizione, il Parco Archeologico dell\u2019Appia Antica. Tra i protagonisti di SU:ggestiva: <strong>C Duncan, Her Skin, Redi Hasa, Niklas Paschburg, Lambert, Parra for Cuva, M\u00f2n, I Hate my village, Enrico Gabrielli, 72-HOUR POST FIGHT e Francesco Taskayali<\/strong>;<\/li>\n<li><strong>Art in progress\/Residenze artistiche internazionali <\/strong>&#8211; Dimore storiche e antichi palazzi si arricchiscono delle interazioni tra i propri spazi e pratiche artistiche multidisciplinari che danno vita a visite-spettacolo estremamente suggestive. Il progetto \u00e8 la parte conclusiva di MArteLive Europe &#8211; finanziato dalla Comunit\u00e0 Europea &#8211; e vedr\u00e0 protagonisti 32 residenze artistiche scelte tra i migliori artisti europei selezionati in questi ultimi due anni;<\/li>\n<li><strong>Open Gallery &#8211; Digital edition <\/strong>&#8211; Giunta alla sua quarta edizione, Open Gallery diventa Digital, proponendo una rassegna di arte contemporanea incentrata sulla videoarte e le arti digitali in oltre 30 gallerie e spazi espositivi di Roma e del Lazio e con opere di artisti come <strong>Abbas Kiarostami<\/strong>, <strong>Stefano Scheda<\/strong>, <strong>Silvia Camporesi<\/strong>, <strong>Seifollah Samadian<\/strong>, <strong>Hans-Hermann Koopmann, Coniglioviola<\/strong> e molti altri;<\/li>\n<li><strong>Danza battente<\/strong> &#8211; Rassegna di danza contemporanea che con la sua forza propulsiva oltrepassa le sue cornici convenzionali e si appropria dello spazio pubblico, uscendo dai teatri e irrompendo in strada. Piazza Carlo Alberto Scotti e largo Ravizza saranno i palcoscenici della manifestazione, che alterner\u00e0 spettacoli dal vivo, <em>workshops<\/em> e altre attivit\u00e0 collaterali finalizzate al coinvolgimento attivo degli astanti. Tra i numerosi artisti coinvolti: <strong>Piergiorgio Milano<\/strong>, <strong>Salvo Lombardo<\/strong>, <strong>Spellbound Contemporary Ballet<\/strong>, <strong>Gil Kerer<\/strong> e il <strong>Collectif FAIR-E<\/strong>;<\/li>\n<li><strong>#ALTRNTV<\/strong> &#8211; Un Festival di musica itinerante e diffusa, con band, musicisti e dj in 12 differenti location su Roma e Lazio; in sette serate diverse, ogni locale avr\u00e0 una programmazione che abbraccer\u00e0 diversi generi musicali per soddisfare i gusti di tutti e creare un vero e proprio festival in movimento di musica innovativa e sperimentale. Tra i moltissimi ospiti: <strong>Godspeed You! Black Emperor<\/strong>, <strong>The Afghan Whigs<\/strong>, <strong>m\u00fam<\/strong>, <strong>Marlene Kuntz<\/strong>, <strong>Mellow Mood<\/strong>, <strong>Gianluca Petrella<\/strong>, <strong>Giumo<\/strong>, <strong>Altin G\u00fcn, Bobby Joe Long&#8217;s Friendship Party, Nada<\/strong>;<\/li>\n<li><strong>LAB:Biennale<\/strong> &#8211; <em>Workshop, incontri<\/em> e formazione che avranno sempre come tema centrale l\u2019arte, la cultura, lo spettacolo, l\u2019innovazione. Progetto realizzato in collaborazione con FormazioneLive;<\/li>\n<li><strong>LazioOFF<\/strong> &#8211; Spettacoli di musica, cinema, arti performative e visive di artisti italiani e internazionali avranno luogo in alcuni borghi del Lazio;<\/li>\n<li><strong>La notte dei Makers <\/strong>&#8211; Un evento frutto della collaborazione tra Procult e gli Spazi Attivi\/FabLab di Lazio Innova, in cui gli artisti coinvolti daranno dimostrazione di quanto imparato dalla formazione sinergica di queste due realt\u00e0;<\/li>\n<\/ol>\n<\/div>\n<\/div>\n<\/td>\n<\/tr>\n<\/tbody>\n<\/table>\n<table role=\"presentation\" border=\"0\" width=\"100%\" cellspacing=\"0\" cellpadding=\"10\">\n<tbody>\n<tr>\n<td>\n<div align=\"center\">\n<table role=\"presentation\" border=\"0\" width=\"100%\" cellspacing=\"0\" cellpadding=\"0\">\n<tbody>\n<tr>\n<td><\/td>\n<\/tr>\n<\/tbody>\n<\/table>\n<\/div>\n<\/td>\n<\/tr>\n<\/tbody>\n<\/table>\n<table role=\"presentation\" border=\"0\" width=\"100%\" cellspacing=\"0\" cellpadding=\"10\">\n<tbody>\n<tr>\n<td>\n<div>\n<div>\n<p><strong>INFO:\u00a0\u00a0\u00a0\u00a0\u00a0\u00a0\u00a0\u00a0\u00a0\u00a0\u00a0\u00a0\u00a0\u00a0\u00a0\u00a0\u00a0\u00a0\u00a0\u00a0\u00a0\u00a0\u00a0\u00a0\u00a0<wbr \/><wbr \/><\/strong><\/p>\n<p><a href=\"https:\/\/culturaliart.musvc2.net\/e\/t?q=8%3dCU4Y6%26F%3d2%26I%3dBV8%26J%3d6d8eC%26O%3diOxJ_svWt_46_vuTu_60_svWt_3A1Qx.7m9oIeFfHeLu0pCw0.mN_svWt_3A_vuTu_70vOq_MpPv7f_MUwQ_XhHfR6e5bwFfOx9s_MUwQ_W0OuH_q9eDyG_svWt_49iGbDp_LRxT_V7PxG_d6qJbDkH_svWt_49q5jGyJ%26e%3dHyMw86.HfO%26mM%3d2V0V3&amp;mupckp=mupAtu4m8OiX0wt\" target=\"_blank\" rel=\"noopener\" data-saferedirecturl=\"https:\/\/www.google.com\/url?q=https:\/\/culturaliart.musvc2.net\/e\/t?q%3D8%253dCU4Y6%2526F%253d2%2526I%253dBV8%2526J%253d6d8eC%2526O%253diOxJ_svWt_46_vuTu_60_svWt_3A1Qx.7m9oIeFfHeLu0pCw0.mN_svWt_3A_vuTu_70vOq_MpPv7f_MUwQ_XhHfR6e5bwFfOx9s_MUwQ_W0OuH_q9eDyG_svWt_49iGbDp_LRxT_V7PxG_d6qJbDkH_svWt_49q5jGyJ%2526e%253dHyMw86.HfO%2526mM%253d2V0V3%26mupckp%3DmupAtu4m8OiX0wt&amp;source=gmail&amp;ust=1664619747159000&amp;usg=AOvVaw03nWxul-Edcx0liC_C0QNG\">www.biennalemartelive.it<\/a> \u00a0\u00a0\u00a0\u00a0\u00a0\u00a0\u00a0\u00a0\u00a0\u00a0\u00a0\u00a0\u00a0\u00a0\u00a0\u00a0\u00a0\u00a0\u00a0\u00a0\u00a0\u00a0\u00a0\u00a0\u00a0\u00a0\u00a0\u00a0\u00a0\u00a0<wbr \/>\u00a0\u00a0\u00a0\u00a0\u00a0\u00a0\u00a0\u00a0\u00a0\u00a0\u00a0\u00a0\u00a0\u00a0\u00a0\u00a0\u00a0\u00a0\u00a0\u00a0\u00a0\u00a0\u00a0\u00a0\u00a0\u00a0\u00a0\u00a0\u00a0\u00a0<wbr \/><br \/>\n<a href=\"https:\/\/culturaliart.musvc2.net\/e\/t?q=6%3dEVPW8%26G%3dN%26G%3dDWT%26H%3d8eTcE%26P%3d5MzK_EtYu_P4_xvps_8A_EtYu_O93RJ.FgMG8rDI8.oO_EtYu_O9_xvps_9AHMs_NBNx82_KWxm_VjI2PyG2Mz0E_4g6xKWxm_UBPGF_s01B1H_EtYu_P7kHxBr_MnvV_WSNzH_z4sKxBmI_EtYu_P7s66E1K%261%3dF1NI68.I2M%26oN%3dNTBWO&amp;mupckp=mupAtu4m8OiX0wt\" target=\"_blank\" rel=\"noopener\" data-saferedirecturl=\"https:\/\/www.google.com\/url?q=https:\/\/culturaliart.musvc2.net\/e\/t?q%3D6%253dEVPW8%2526G%253dN%2526G%253dDWT%2526H%253d8eTcE%2526P%253d5MzK_EtYu_P4_xvps_8A_EtYu_O93RJ.FgMG8rDI8.oO_EtYu_O9_xvps_9AHMs_NBNx82_KWxm_VjI2PyG2Mz0E_4g6xKWxm_UBPGF_s01B1H_EtYu_P7kHxBr_MnvV_WSNzH_z4sKxBmI_EtYu_P7s66E1K%25261%253dF1NI68.I2M%2526oN%253dNTBWO%26mupckp%3DmupAtu4m8OiX0wt&amp;source=gmail&amp;ust=1664619747159000&amp;usg=AOvVaw1KTpdA2Y5ouopCYqZCJDJ2\">www.martelive.it<\/a>\u00a0\u00a0\u00a0\u00a0\u00a0\u00a0\u00a0\u00a0\u00a0\u00a0\u00a0\u00a0\u00a0\u00a0<wbr \/>\u00a0\u00a0\u00a0\u00a0\u00a0\u00a0\u00a0\u00a0\u00a0\u00a0\u00a0\u00a0\u00a0\u00a0\u00a0\u00a0\u00a0\u00a0\u00a0\u00a0\u00a0\u00a0\u00a0\u00a0\u00a0\u00a0\u00a0\u00a0\u00a0\u00a0<wbr \/>\u00a0\u00a0\u00a0\u00a0\u00a0\u00a0\u00a0\u00a0\u00a0\u00a0\u00a0\u00a0\u00a0\u00a0\u00a0\u00a0\u00a0\u00a0\u00a0\u00a0\u00a0\u00a0\u00a0\u00a0\u00a0\u00a0\u00a0\u00a0\u00a0\u00a0<wbr \/><br \/>\n<a href=\"https:\/\/culturaliart.musvc2.net\/e\/t?q=6%3dCX4W6%26I%3d2%26G%3dBY8%26H%3d6g8cC%26R%3diMxM_stWw_44_vxTs_6C_stWw_391Tx.FeOu8pFw8.iR_stWw_39_vxTs_7CvMq_PpNv0f_KUzQ_VhKfPwIfMxBs_4e8bKUzQ_U0RuF_qBeByJ_stWw_47iJbBp_ORvT_Y7NxJ_d4qMbBkK_stWw_47q8jEyM%26e%3dFyPw66.KfM%26mP%3d2T0Y3&amp;mupckp=mupAtu4m8OiX0wt\" target=\"_blank\" rel=\"noopener\" data-saferedirecturl=\"https:\/\/www.google.com\/url?q=https:\/\/culturaliart.musvc2.net\/e\/t?q%3D6%253dCX4W6%2526I%253d2%2526G%253dBY8%2526H%253d6g8cC%2526R%253diMxM_stWw_44_vxTs_6C_stWw_391Tx.FeOu8pFw8.iR_stWw_39_vxTs_7CvMq_PpNv0f_KUzQ_VhKfPwIfMxBs_4e8bKUzQ_U0RuF_qBeByJ_stWw_47iJbBp_ORvT_Y7NxJ_d4qMbBkK_stWw_47q8jEyM%2526e%253dFyPw66.KfM%2526mP%253d2T0Y3%26mupckp%3DmupAtu4m8OiX0wt&amp;source=gmail&amp;ust=1664619747159000&amp;usg=AOvVaw18bdbowYDZn9P7igMbikIO\">www.martelive.eu<\/a><\/p>\n<p>&nbsp;<\/p>\n<p><strong>PREVENDITE: <\/strong><\/p>\n<p><a href=\"https:\/\/culturaliart.musvc2.net\/e\/t?q=5%3dQTCVJ%26E%3dA%26F%3dPUG%26G%3dJcGbQ%26N%3drLBI_2sks_C3_0tcr_J9_2sks_B8EP7.616o.85_Kauh_Up_JivZ_UxN4E_AH5Ju8_2sks_C6687K484LwK_2sks_3s4kBXCMw_Ew7sM5_Kauh_Vn754sD_0tcr_JY5L5_6kE84s96_Kauh_VnEsBvM8%267%3dwMAOmT.684%26AA%3dTAXJU&amp;mupckp=mupAtu4m8OiX0wt\" target=\"_blank\" rel=\"noopener\" data-saferedirecturl=\"https:\/\/www.google.com\/url?q=https:\/\/culturaliart.musvc2.net\/e\/t?q%3D5%253dQTCVJ%2526E%253dA%2526F%253dPUG%2526G%253dJcGbQ%2526N%253drLBI_2sks_C3_0tcr_J9_2sks_B8EP7.616o.85_Kauh_Up_JivZ_UxN4E_AH5Ju8_2sks_C6687K484LwK_2sks_3s4kBXCMw_Ew7sM5_Kauh_Vn754sD_0tcr_JY5L5_6kE84s96_Kauh_VnEsBvM8%25267%253dwMAOmT.684%2526AA%253dTAXJU%26mupckp%3DmupAtu4m8OiX0wt&amp;source=gmail&amp;ust=1664619747159000&amp;usg=AOvVaw3VPzueoVFb0kqW19aiuwGx\">www.dice.fm<\/a><br \/>\n<a href=\"https:\/\/culturaliart.musvc2.net\/e\/t?q=9%3dDTHZ7%26E%3dF%26J%3dCUL%26K%3d7cLfD%26N%3dwPyI_7wXs_H7_wthv_79_7wXs_GB2PB.IfK9AyBrGjM.xP_wthv_79_7wXs_HBzM2_OtN79j_KfyU_VsJjP8HjM9A7f4pw_KfyU_UKQyF_2AiB0I_wthv_87tIfB1_NVve_XAN9I_h42LfBvJ_wthv_8727nE0L%26i%3dF0O16G.JjM%26xO%3d6TKX7&amp;mupckp=mupAtu4m8OiX0wt\" target=\"_blank\" rel=\"noopener\" data-saferedirecturl=\"https:\/\/www.google.com\/url?q=https:\/\/culturaliart.musvc2.net\/e\/t?q%3D9%253dDTHZ7%2526E%253dF%2526J%253dCUL%2526K%253d7cLfD%2526N%253dwPyI_7wXs_H7_wthv_79_7wXs_GB2PB.IfK9AyBrGjM.xP_wthv_79_7wXs_HBzM2_OtN79j_KfyU_VsJjP8HjM9A7f4pw_KfyU_UKQyF_2AiB0I_wthv_87tIfB1_NVve_XAN9I_h42LfBvJ_wthv_8727nE0L%2526i%253dF0O16G.JjM%2526xO%253d6TKX7%26mupckp%3DmupAtu4m8OiX0wt&amp;source=gmail&amp;ust=1664619747159000&amp;usg=AOvVaw16NEszT8GY__qT2TX1nByi\">www.marteticket.it<\/a><br \/>\n<a href=\"https:\/\/culturaliart.musvc2.net\/e\/t?q=A%3dQQPbJ%26B%3dN%26L%3dPRT%26M%3dJZThQ%26K%3d5RBF_Eykp_P9_0qpx_J6_Eykp_ODEMJ.M7E5.CD5ARA_Hn1h_R3_Pism_axKGK_AEHPu5_Eykp_PB65JQ45GRwH_E9s1xykp_OdCJ0_Kw46S5_Hn1h_S1C516J_0qpx_JVHR5_3xK816E6_Hn1h_S1Ks99S8%264%3d0SALzZ.65G%26GA%3dQNdJR&amp;mupckp=mupAtu4m8OiX0wt\" target=\"_blank\" rel=\"noopener\" data-saferedirecturl=\"https:\/\/www.google.com\/url?q=https:\/\/culturaliart.musvc2.net\/e\/t?q%3DA%253dQQPbJ%2526B%253dN%2526L%253dPRT%2526M%253dJZThQ%2526K%253d5RBF_Eykp_P9_0qpx_J6_Eykp_ODEMJ.M7E5.CD5ARA_Hn1h_R3_Pism_axKGK_AEHPu5_Eykp_PB65JQ45GRwH_E9s1xykp_OdCJ0_Kw46S5_Hn1h_S1C516J_0qpx_JVHR5_3xK816E6_Hn1h_S1Ks99S8%25264%253d0SALzZ.65G%2526GA%253dQNdJR%26mupckp%3DmupAtu4m8OiX0wt&amp;source=gmail&amp;ust=1664619747159000&amp;usg=AOvVaw1vBB2e8R4LtG3GWSuQvtP3\">www.oooh.events<\/a><\/p>\n<p>&nbsp;<\/p>\n<p>&nbsp;<\/p>\n<p><strong>UFFICIO STAMPA &#8211; MArtePlus &#8211; Agenzia di Comunicazione<\/strong><\/p>\n<p>Cristina Loizzo<br \/>\n<a href=\"mailto:cristina.loizzo@marteplus.it\" target=\"_blank\" rel=\"noopener\">cristina.loizzo@marteplus.it<\/a><br \/>\n+39 333.5081325<\/p>\n<p>Francesco Lo Brutto<br \/>\n<a href=\"mailto:francesco.lobrutto@marteplus.it\" target=\"_blank\" rel=\"noopener\">francesco.lobrutto@marteplus.<wbr \/>it<\/a><br \/>\n+39 331.4332700<\/p>\n<p>&nbsp;<\/p>\n<p>&nbsp;<\/p>\n<p><strong>UFFICIO STAMPA ESTERO &#8211; Culturalia<\/strong><\/p>\n<p>Norma Waltmann<br \/>\nBologna &#8211; Vicolo Bolognetti 11<br \/>\ntel : +39-051-6569105<br \/>\nmob: +39-392-2527126<br \/>\nemail: <a href=\"mailto:info@culturaliart.com\" target=\"_blank\" rel=\"noopener\">info@culturaliart.com<\/a><br \/>\nweb: <a href=\"https:\/\/culturaliart.musvc2.net\/e\/t?q=0%3dBT5a5%26E%3d3%26K%3dAU9%26L%3d5c9gB%26N%3djQwI_txVs_58_utUw_59_txVs_4CzPy.0xEvRu4nFdKv.0rF_txVs_4C_utUw_69wQp_LqRu6g_OTvR_ZgGgTvEgQ8d4cw8t_OTvR_Y9NvJ_p8fFxF_txVs_5AhFcFo_KSzS_U8RwF_e8pIcFjG_txVs_5Ap4kIxI%26f%3dJxLx05.GgQ%26lL%3d3X9U4&amp;mupckp=mupAtu4m8OiX0wt\" target=\"_blank\" rel=\"noopener\" data-saferedirecturl=\"https:\/\/www.google.com\/url?q=https:\/\/culturaliart.musvc2.net\/e\/t?q%3D0%253dBT5a5%2526E%253d3%2526K%253dAU9%2526L%253d5c9gB%2526N%253djQwI_txVs_58_utUw_59_txVs_4CzPy.0xEvRu4nFdKv.0rF_txVs_4C_utUw_69wQp_LqRu6g_OTvR_ZgGgTvEgQ8d4cw8t_OTvR_Y9NvJ_p8fFxF_txVs_5AhFcFo_KSzS_U8RwF_e8pIcFjG_txVs_5Ap4kIxI%2526f%253dJxLx05.GgQ%2526lL%253d3X9U4%26mupckp%3DmupAtu4m8OiX0wt&amp;source=gmail&amp;ust=1664619747159000&amp;usg=AOvVaw0Yr-CoG9U-6r4MI3cYbAsn\">www.culturaliart.com\u00a0<\/a><\/p>\n<\/div>\n<p><a href=\"http:\/\/www.ecoitaliano.com.ar\/wp-content\/uploads\/2022\/09\/unnamed-1.png\"><img decoding=\"async\" class=\"alignnone size-full wp-image-27949\" src=\"http:\/\/www.ecoitaliano.com.ar\/wp-content\/uploads\/2022\/09\/unnamed-1.png\" alt=\"\" width=\"1920\" height=\"750\" srcset=\"https:\/\/www.ecoitaliano.com.ar\/wp-content\/uploads\/2022\/09\/unnamed-1.png 1920w, https:\/\/www.ecoitaliano.com.ar\/wp-content\/uploads\/2022\/09\/unnamed-1-300x117.png 300w, https:\/\/www.ecoitaliano.com.ar\/wp-content\/uploads\/2022\/09\/unnamed-1-768x300.png 768w, https:\/\/www.ecoitaliano.com.ar\/wp-content\/uploads\/2022\/09\/unnamed-1-1024x400.png 1024w, https:\/\/www.ecoitaliano.com.ar\/wp-content\/uploads\/2022\/09\/unnamed-1-150x59.png 150w\" sizes=\"(max-width: 1920px) 100vw, 1920px\" \/><\/a><\/p>\n<\/div>\n<\/td>\n<\/tr>\n<\/tbody>\n<\/table>\n","protected":false},"excerpt":{"rendered":"<p>Biennale MArteLive SALTI QUANTICI &nbsp; Performing arts, Street Art, Meeting, Esposizioni e Videoproiezioni Dal 15 al 23 ottobre 2022 a [&hellip;]<\/p>\n","protected":false},"author":1,"featured_media":0,"comment_status":"open","ping_status":"open","sticky":false,"template":"","format":"standard","meta":{"footnotes":""},"categories":[4,10],"tags":[],"class_list":["post-27948","post","type-post","status-publish","format-standard","hentry","category-cultura","category-italiano"],"_links":{"self":[{"href":"https:\/\/www.ecoitaliano.com.ar\/index.php?rest_route=\/wp\/v2\/posts\/27948","targetHints":{"allow":["GET"]}}],"collection":[{"href":"https:\/\/www.ecoitaliano.com.ar\/index.php?rest_route=\/wp\/v2\/posts"}],"about":[{"href":"https:\/\/www.ecoitaliano.com.ar\/index.php?rest_route=\/wp\/v2\/types\/post"}],"author":[{"embeddable":true,"href":"https:\/\/www.ecoitaliano.com.ar\/index.php?rest_route=\/wp\/v2\/users\/1"}],"replies":[{"embeddable":true,"href":"https:\/\/www.ecoitaliano.com.ar\/index.php?rest_route=%2Fwp%2Fv2%2Fcomments&post=27948"}],"version-history":[{"count":0,"href":"https:\/\/www.ecoitaliano.com.ar\/index.php?rest_route=\/wp\/v2\/posts\/27948\/revisions"}],"wp:attachment":[{"href":"https:\/\/www.ecoitaliano.com.ar\/index.php?rest_route=%2Fwp%2Fv2%2Fmedia&parent=27948"}],"wp:term":[{"taxonomy":"category","embeddable":true,"href":"https:\/\/www.ecoitaliano.com.ar\/index.php?rest_route=%2Fwp%2Fv2%2Fcategories&post=27948"},{"taxonomy":"post_tag","embeddable":true,"href":"https:\/\/www.ecoitaliano.com.ar\/index.php?rest_route=%2Fwp%2Fv2%2Ftags&post=27948"}],"curies":[{"name":"wp","href":"https:\/\/api.w.org\/{rel}","templated":true}]}}