{"id":28011,"date":"2022-10-04T00:18:25","date_gmt":"2022-10-04T00:18:25","guid":{"rendered":"http:\/\/www.ecoitaliano.com.ar\/?p=28011"},"modified":"2022-10-04T00:18:25","modified_gmt":"2022-10-04T00:18:25","slug":"serena-conduce-operaclassica-eco-italiano-1785","status":"publish","type":"post","link":"https:\/\/www.ecoitaliano.com.ar\/?p=28011","title":{"rendered":"Serena conduce operaclassica eco italiano"},"content":{"rendered":"<p style=\"text-align: center;\"><a href=\"http:\/\/www.ecoitaliano.com.ar\/wp-content\/uploads\/2022\/09\/dfghjkl\u00f2\u00e0-768x204-1.jpg\"><img decoding=\"async\" class=\"alignnone size-full wp-image-26964\" src=\"http:\/\/www.ecoitaliano.com.ar\/wp-content\/uploads\/2022\/09\/dfghjkl\u00f2\u00e0-768x204-1.jpg\" alt=\"\" width=\"768\" height=\"204\" srcset=\"https:\/\/www.ecoitaliano.com.ar\/wp-content\/uploads\/2022\/09\/dfghjkl\u00f2\u00e0-768x204-1.jpg 768w, https:\/\/www.ecoitaliano.com.ar\/wp-content\/uploads\/2022\/09\/dfghjkl\u00f2\u00e0-768x204-1-300x80.jpg 300w, https:\/\/www.ecoitaliano.com.ar\/wp-content\/uploads\/2022\/09\/dfghjkl\u00f2\u00e0-768x204-1-150x40.jpg 150w\" sizes=\"(max-width: 768px) 100vw, 768px\" \/><\/a><\/p>\n<p><strong><em>GIOVANNA: LA PULZELLA, <\/em><\/strong><\/p>\n<p><strong><em>LA FANCIULLA, L\u2019ALLODOLA<\/em><\/strong><\/p>\n<p><strong>CON LELLA COSTA <\/strong><\/p>\n<p><strong>Uno spettacolo ispirato alla figura di Giovanna d\u2019Arco, <\/strong><\/p>\n<p><strong>scritto da Lella Costa e Gabriele Scotti, in scena in prima assoluta per <em>Around<\/em>Verdi, commissione di Societ\u00e0 dei Concerti di Parma.<\/strong><\/p>\n<p><strong>Al pianoforte, Elia e Betsabea Faccini eseguono musiche tratte dall\u2019opera verdiana, trascritte per pianoforte a quattro mani. <\/strong><\/p>\n<p><strong>Teatro Regio di Parma<\/strong><\/p>\n<p><strong>venerd\u00ec 7 ottobre, ore 20.30<\/strong><\/p>\n<p>&nbsp;<\/p>\n<p><strong>Lella Costa <\/strong>torna al Festival Verdi con <strong><em>Giovanna: la pulzella, la fanciulla, l\u2019allodola<\/em><\/strong>, in scena <strong>venerd\u00ec 7 ottobre, ore 20.30<\/strong>, al <strong>Teatro Regio di Parma. <\/strong>Scritto da Lella Costa e \u00a0<strong>Gabriele Scotti<\/strong>, lo spettacolo \u00e8 la nuova commissione realizzata in prima assoluta da Societ\u00e0 dei Concerti di Parma per <em>Around<\/em>Verdi, la rassegna del Festival in cui l\u2019opera dialoga con generi e linguaggi differenti. In scena, l\u2019attrice, sulle musiche da <em>Giovanna d\u2019Arco <\/em>di Giuseppe Verdi trascritte per pianoforte a quattro mani ed eseguite da <strong>Elia e Betsabea Faccini<\/strong>, ripercorre la vicenda di uno dei personaggi femminili pi\u00f9 iconici e carismatici della storia, capace di ispirare e affascinare musicisti, scrittori, drammaturghi di ogni epoca. Partendo dall\u2019opera verdiana, Lella Costa ci accompagner\u00e0 in un racconto frutto di una ricerca tra le varie e molteplici fonti letterarie, musicali, teatrali ispirate alla fanciulla d\u2019Orleans, per offrirne una rilettura personalissima e contemporanea.<\/p>\n<p>\u201cGiovanna d\u2019Arco \u00e8 una delle 99 donne valorose che canto nel mio spettacolo, <em>Se non posso ballare\u2026 non \u00e8 la mia rivoluzione<\/em> \u2013 scrive Lella Costa. \u201cL\u00ec ho scelto di immaginare in poche frasi il suo spavento di bambina. In questo reading con Gabriele Scotti abbiamo fatto invece un lavoro di tessitura delle tante biografie che l\u2019hanno ritratta, anche molto differenti e discordanti tra loro. Tra queste, <em>l\u2019Allodola <\/em>del drammaturgo Jean Anouilh\u201d.<\/p>\n<p>&nbsp;<\/p>\n<p>Lella Costa \u00e8 attrice, autrice e scrittrice. Debutta a giugno 2021 con <em>Intelletto d\u2019amore. Dante e le donne<\/em> con la regia di Gabriele Vacis, nel giugno 2020 con <em>La vedova Socrate<\/em> di Franca Valeri, regia di Stefania Bonfadelli, nel gennaio 2020 con <em>Se non posso ballare\u2026 non \u00e8 la mia rivoluzione <\/em>con la regia di Serena Sinigaglia, ispirato a <em>Il Catalogo delle donne valorose<\/em> di Serena Dandini e nel 2019 con <em>La parola giusta <\/em>con la regia di Gabriele Vacis. Tra i suoi spettacoli teatrali pi\u00f9 recenti <em>Human<\/em> con Marco Baliani, <em>La traviata, l\u2019intelligenza del cuore <\/em>con la regia di Gabriele Vacis, <em>Questioni di cuore <\/em>dal carteggio di Natalia Aspesi con i suoi lettori. Gran parte dei suoi monologhi teatrali sono stati pubblicati da Feltrinelli: <em>La daga<\/em> <em>nel loden<\/em> (1992), <em>Che faccia fare<\/em> (1998), <em>In tourn\u00e9e<\/em> (2004) e <em>Amleto, Alice e la Traviata<\/em> (2008). Per Piemme sono usciti <em>Come una specie di sorriso<\/em> (2012) e <em>Che bello essere noi<\/em> (2014); per Solferino <em>Ci\u00f2 che possiamo fare<\/em> (2019) e <em>Intelletto d\u2019amore. Quattro donne e un poeta<\/em> (con G. Vacis, 2021). Nel 2017 ha condotto lo speciale tv <em>Mariangela!<\/em> (Rai Cultura) dedicato alla vita e alla carriera di Mariangela Melato. \u00c8 componente del CDA dell&#8217;Universit\u00e0 degli Studi di Scienze Gastronomiche di Pollenzo.<\/p>\n<p>Elia e Betsabea Faccini nascono a Torre del Lago, Toscana, e si diplomano in composizione e in pianoforte presso l\u2019ISSM L. Boccherini di Lucca. Danno vita al Faccini Piano Duo nel 2015, sotto la guida del Prof. Riccardo Peruzzi. Attualmente il duo si sta perfezionando con il Trio di Parma e Pierpaolo Maurizzi presso il Conservatorio A. Boito di Parma, e in Musica Contemporanea presso l\u2019International Divertimento Ensemble Academy a Milano. Vincitore di quasi trenta competizioni italiane e internazionali, il duo si afferma alla selezione \u201cAMUR per i nuovi talenti\u201d, competizione promossa dal Comitato AMUR, divenendo cos\u00ec \u201cArtisti in Residence\u201d per la stagione 2023\/2024. Il duo si \u00e8 esibito per la Societ\u00e0 del Quartetto di Milano, Isa-Festival, Sede Yamaha di Sofia (Bulgaria), IUC-Concerti della Sapienza, Fondazione Villa Bertelli, Festival delle Nazioni, Associazione Musicale Lucchese, Accademia Tadini di Lovere, Divertimento Ensemble.<\/p>\n<p><strong>BIGLIETTERIA DEL TEATRO REGIO DI PARMA <\/strong><\/p>\n<p>Biglietti da 5,00 a 25,00 euro.<\/p>\n<p>Strada Giuseppe Garibaldi, 16\/A 43121 Parma Tel. +39 0521 203999 <a href=\"mailto:biglietteria@teatroregioparma.it\">biglietteria@teatroregioparma.it<\/a><\/p>\n<p>Orari di apertura: dal marted\u00ec al sabato ore 11.00-13.00 e 17.00-19.00 e un\u2019ora precedente lo spettacolo. In caso di spettacolo nei giorni di chiusura, da un\u2019ora precedente lo spettacolo. Chiuso il luned\u00ec, la domenica e i giorni festivi.<\/p>\n<p>Il pagamento presso la Biglietteria del Teatro Regio di Parma pu\u00f2 essere effettuato con denaro contante in euro, con assegno circolare non trasferibile intestato a Fondazione Teatro Regio di Parma, con PagoBancomat, con carte di credito Visa, Cartasi, Diners, Mastercard, American Express. I biglietti per tutti gli spettacoli sono disponibili anche su festivalverdi.it. L\u2019acquisto online non comporta alcuna commissione di servizio.<\/p>\n<p>&nbsp;<\/p>\n<p><strong>PARTNER E SPONSOR <\/strong><\/p>\n<p><em>Il Festival Verdi \u00e8 realizzato grazie al contributo di<\/em> Ministero della Cultura, Regione Emilia-Romagna, Reggio Parma Festival, Comune di Parma. <em>Main<\/em> <em>partner <\/em>Chiesi. <em>Major partner<\/em> Fondazione Cariparma. <em>Partner <\/em>Cr\u00e9dit Agricole <em>Media partner<\/em> Mediaset. <em>Main<\/em> <em>sponsor<\/em> Iren, Barilla. <em>Sponsor<\/em> Unione Parmense degli Industriali, Dallara, Opem. <em>Sostenitori<\/em> CePIM, Mutti, Parmacotto, Grasselli, Sicim, La Giovane, Oinoe, Colser, Parmalat. <em>Con il contributo di <\/em>Ascom e Ascom Confcommercio Parma Fondazione, Camera di Commercio di Parma, Fondazione Monte Parma, Comune di Busseto, Concorso Internazionale Voci Verdiane Citt\u00e0 di Busseto, Comune di Fidenza, Istituto Nazionale di Studi Verdiani. <em>Advisor<\/em> AGFM.<em> Legal counselling <\/em>Villa&amp;Partners.<em> Con il supporto di<\/em> \u201cParma, io ci sto!\u201d.<em> Digital counselling<\/em> Unsocials. <em>Radio Ufficiale<\/em> Radio Monte Carlo. <em>Tour Operator Partner<\/em> Parma Incoming. <em>Hospitality Partner<\/em> Novotel. <em>Sostenitori tecnici<\/em> De Simoni, Milosped, IgpDecaux, Cavalca, Graphital. <em>Il Teatro Regio aderisce a <\/em>Fedora, Opera Europa, Opera Vision, Emilia taste, nature &amp; culture. <em>Partner istituzionali<\/em> Teatro Comunale di Bologna, La Toscanini. <em>Partner artistici<\/em> Societ\u00e0 dei Concerti di Parma, Casa della musica, Conservatorio \u201cArrigo Boito\u201d di Parma, Coro del Teatro Regio di Parma. L\u2019immagine esclusiva del Festival \u00e8 il ritratto di Giuseppe Verdi realizzato a matita da Renato Guttuso negli anni \u201960, donato al Teatro Regio di Parma dall\u2019Archivio storico Bocchi e concesso da Fabio Carapezza Guttuso \u00a9Renato Guttuso by SIAE 2021.<\/p>\n<p>&nbsp;<\/p>\n<p>&nbsp;<\/p>\n<p>&nbsp;<\/p>\n<p>&nbsp;<\/p>\n<p>&nbsp;<\/p>\n<p>&nbsp;<\/p>\n<p>&nbsp;<\/p>\n<p>&nbsp;<\/p>\n<p>&nbsp;<\/p>\n<p>&nbsp;<\/p>\n<p>&nbsp;<\/p>\n<p>&nbsp;<\/p>\n<p>&nbsp;<\/p>\n<p>&nbsp;<\/p>\n<p>&nbsp;<\/p>\n<p>&nbsp;<\/p>\n<p>&nbsp;<\/p>\n<p>Parma, 30 settembre 2022<\/p>\n<p>Paolo Maier<\/p>\n<p><em>Responsabile Comunicazione, Ufficio Stampa, Progetti speciali<\/em><\/p>\n<p>Teatro Regio di Parma strada Garibaldi<\/p>\n<p>16\/A, 43121 Parma \u2013 Italia<\/p>\n<p>Tel. +39 0521 203969<\/p>\n<p>p.maier@teatroregioparma.it<\/p>\n<p>stampa@teatroregioparma.it<\/p>\n<p>www.teatroregioparma.it<\/p>\n<p>&nbsp;<\/p>\n<p>&nbsp;<\/p>\n<p>&nbsp;<\/p>\n<p>&nbsp;<\/p>\n<p>Teatro Regio di Parma<\/p>\n<p>venerd\u00ec 7 ottobre 2022, ore 20.30<\/p>\n<p><strong>\u00a0<\/strong><\/p>\n<p><strong>GIOVANNA: LA PULZELLA, LA FANCIULLA, L\u2019ALLODOLA <\/strong><\/p>\n<p><em>\u00a0<\/em><\/p>\n<p><em>con<\/em><strong> LELLA COSTA <\/strong><\/p>\n<p>&nbsp;<\/p>\n<p>Durata complessiva 1 ora e 15 minuti, senza intervallo<\/p>\n<p>&nbsp;<\/p>\n<p><em>Scritto da <\/em>GABRIELE SCOTTI, LELLA COSTA<\/p>\n<p>&nbsp;<\/p>\n<p><em>Musiche di<\/em> GIUSEPPE VERDI<\/p>\n<p><em>trascritte per pianoforte a quattro mani da<\/em> Faccini Piano Duo<\/p>\n<p><em>\u00a0<\/em><\/p>\n<p><em>Pianoforte <\/em>ELIA FACCINI, BETSABEA FACCINI<\/p>\n<p>&nbsp;<\/p>\n<p>Commissione del Festival Verdi in prima assoluta<\/p>\n<p><em>Produzione<\/em> Societ\u00e0 dei Concerti di Parma<\/p>\n<p>&nbsp;<\/p>\n<p>&nbsp;<\/p>\n<p>&nbsp;<\/p>\n<p>&nbsp;<\/p>\n<p><strong>\u00a0<\/strong><\/p>\n<p><strong>\u00a0<\/strong><\/p>\n<p><strong>FESTIVAL VERDI<\/strong><\/p>\n<p>Parma e Busseto, 22 settembre &#8211; 16 ottobre 2022<\/p>\n<p><strong>\u00a0<\/strong><\/p>\n<p><strong>XXII EDIZIONE<\/strong><\/p>\n<p>&nbsp;<\/p>\n<p>&nbsp;<\/p>\n<p>&nbsp;<\/p>\n<p>&nbsp;<\/p>\n<p><strong>Teatro Regio di Parma<\/strong><\/p>\n<p>22 settembre, 1, 9, 16 ottobre 2022<\/p>\n<p><strong>LA FORZA DEL DESTINO<\/strong><\/p>\n<p><strong>\u00a0<\/strong><\/p>\n<p><strong>Teatro Regio di Parma<\/strong><\/p>\n<p>23, 30 settembre 2022<\/p>\n<p><strong>MESSA DA REQUIEM<\/strong><\/p>\n<p><strong>\u00a0<\/strong><\/p>\n<p><strong>Teatro Girolamo Magnani di Fidenza<\/strong><\/p>\n<p>24 settembre, 2, 8, 13 ottobre 2022<\/p>\n<p><strong>IL TROVATORE<\/strong><\/p>\n<p><strong>\u00a0<\/strong><\/p>\n<p><strong>Teatro Regio di Parma<\/strong><\/p>\n<p>25, 29 settembre, 6, 14 ottobre 2022<\/p>\n<p><strong>SIMON BOCCANEGRA<\/strong><\/p>\n<p><strong>\u00a0<\/strong><\/p>\n<p><strong>Teatro Giuseppe Verdi di Busseto<\/strong><\/p>\n<p>sabato 1 ottobre 2022<\/p>\n<p><strong>CONCERTO CORALE<\/strong><\/p>\n<p><strong>\u00a0<\/strong><\/p>\n<p><strong>Teatro Regio di Parma<\/strong><\/p>\n<p>4 ottobre 2022<\/p>\n<p><strong>FUOCO DI GIOIA<\/strong><\/p>\n<p><strong>\u00a0<\/strong><\/p>\n<p><strong>\u00a0<\/strong><\/p>\n<p><strong>\u00a0<\/strong><\/p>\n<p><strong>Teatro Giuseppe Verdi di Busseto<\/strong><\/p>\n<p>7, 9, 13, 16 ottobre 2022<\/p>\n<p><strong>RIGOLETTO <\/strong><\/p>\n<p><strong>E LA MALEDIZIONE<\/strong><\/p>\n<p><strong>\u00a0<\/strong><\/p>\n<p><strong>Teatro Regio di Parma<\/strong><\/p>\n<p>10 ottobre 2022<\/p>\n<p><strong>GALA VERDIANO<\/strong><\/p>\n<p>&nbsp;<\/p>\n<p><strong>Teatro Giuseppe Verdi di Busseto<br \/>\n<\/strong>marted\u00ec 11 ottobre 2022, ore 20.00<\/p>\n<p><strong>CONCERTO SINFONICO<\/strong><\/p>\n<p><strong>\u00a0<\/strong><\/p>\n<p><strong>Teatro Regio di Parma<br \/>\n<\/strong>mercoled\u00ec 12 ottobre 2022, ore 20.00<\/p>\n<p><strong>CONCERTO SINFONICO CORALE<\/strong><\/p>\n<p><strong>\u00a0<\/strong><\/p>\n<p><strong>Teatro Regio di Parma<\/strong><\/p>\n<p>15 ottobre 2022<\/p>\n<p><strong>PARSIFAL<\/strong><\/p>\n<p><strong>QUATTRO PEZZI SACRI <\/strong><\/p>\n<p>&nbsp;<\/p>\n<p><em>Around<\/em>Verdi<\/p>\n<p>&nbsp;<\/p>\n<p><strong>Teatro Regio di Parma<\/strong><\/p>\n<p>7 ottobre 2022<\/p>\n<p><strong>GIOVANNA: LA PULZELLA,<\/strong><\/p>\n<p><strong>LA FANCIULLA, L\u2019ALLODOLA<\/strong><\/p>\n<p><em>con <\/em><strong>Lella Costa<\/strong><\/p>\n<p><strong>\u00a0<\/strong><\/p>\n<p><strong>\u00a0<\/strong><\/p>\n<p>Scopri il programma completo su<\/p>\n<p>&nbsp;<\/p>\n<p><a href=\"http:\/\/www.teatroregioparma.it\"><strong>festivalverdi.it<\/strong><\/a><strong><br \/>\n<\/strong><\/p>\n<p><strong>CALENDARIO<\/strong><\/p>\n<p>&nbsp;<\/p>\n<p><strong>SETTEMBRE<\/strong><\/p>\n<p>&nbsp;<\/p>\n<p>9 ven\u00a0\u00a0\u00a0\u00a0\u00a0\u00a0\u00a0\u00a0\u00a0\u00a0\u00a0\u00a0\u00a0\u00a0 21.00 Parma Lirica <strong>INCONTRO CON GLI ARTISTI Simon Boccanegra<\/strong><\/p>\n<p>10 sab\u00a0\u00a0\u00a0\u00a0\u00a0\u00a0\u00a0\u00a0\u00a0\u00a0\u00a0\u00a0\u00a0 17.00 Ridotto del Teatro Regio <strong>PRIMA CHE SI ALZI IL SIPARIO La forza del destino<\/strong><\/p>\n<p>12 lun\u00a0\u00a0\u00a0\u00a0\u00a0\u00a0\u00a0\u00a0\u00a0\u00a0\u00a0\u00a0\u00a0 21.00 Corale Verdi <strong>INCONTRO CON GLI ARTISTI La forza del destino<\/strong><\/p>\n<p>14 mer \u00a0\u00a0\u00a0\u00a0\u00a0\u00a0\u00a0\u00a0\u00a0\u00a0\u00a0 17.00 Ridotto del Teatro Regio <strong>PRIMA CHE SI ALZI IL SIPARIO Simon Boccanegra<\/strong><\/p>\n<p>15 gio \u00a0\u00a0\u00a0\u00a0\u00a0\u00a0\u00a0\u00a0\u00a0\u00a0\u00a0\u00a0 15.30 Teatro Regio <strong>LA FORZA DEL DESTINO<\/strong> <strong>Prova Aperta<\/strong><\/p>\n<p>16 ven\u00a0\u00a0\u00a0\u00a0\u00a0\u00a0\u00a0\u00a0\u00a0\u00a0\u00a0\u00a0 21.00 Parma Lirica <strong>IL CORO DEL TEATRO REGIO DI PARMA IN PROVA<\/strong><\/p>\n<p>17 sab \u00a0\u00a0\u00a0\u00a0\u00a0\u00a0\u00a0\u00a0\u00a0\u00a0\u00a0\u00a0 15.30 Teatro Regio <strong>PROVA APERTA Simon Boccanegra<\/strong><\/p>\n<p><strong>18 dom<\/strong>\u00a0\u00a0\u00a0\u00a0\u00a0\u00a0\u00a0\u00a0\u00a0\u00a0\u00a0 17.00 Fidenza, Teatro Magnani <strong>PRIMA CHE SI ALZI IL SIPARIO Il trovatore<\/strong><\/p>\n<p>18.00 Teatro Regio <strong>LA FORZA DEL DESTINO Prova Under30<\/strong><\/p>\n<p>20 mar\u00a0\u00a0\u00a0\u00a0\u00a0\u00a0\u00a0\u00a0\u00a0\u00a0\u00a0\u00a0 17.00 Teatro Regio <strong>PRIMA CHE SI ALZI IL SIPARIO Requiem\/Quattro pezzi sacri<\/strong><\/p>\n<p>21 mer\u00a0\u00a0\u00a0\u00a0\u00a0\u00a0\u00a0\u00a0\u00a0\u00a0\u00a0\u00a0 20.00 Teatro Regio <strong>SIMON BOCCANEGRA Prova Under30<\/strong><\/p>\n<p>22 gio \u00a0\u00a0\u00a0\u00a0\u00a0\u00a0\u00a0\u00a0\u00a0\u00a0\u00a0\u00a0 15.30 Fidenza, Teatro Magnani <strong>IL TROVATORE Prova Aperta<\/strong><\/p>\n<p>19.00 Teatro Regio <strong>LA FORZA DEL DESTINO<\/strong><\/p>\n<p>23 ven \u00a0\u00a0\u00a0\u00a0\u00a0\u00a0\u00a0\u00a0\u00a0\u00a0\u00a0 20.00 Teatro Regio <strong>MESSA DA REQUIEM<\/strong><\/p>\n<p>24 sab \u00a0\u00a0\u00a0\u00a0\u00a0\u00a0\u00a0\u00a0\u00a0\u00a0\u00a0 20.00 Fidenza, Teatro Magnani <strong>IL TROVATORE<\/strong><\/p>\n<p><strong>25 dom<\/strong> \u00a0\u00a0\u00a0\u00a0\u00a0\u00a0\u00a0\u00a0\u00a0 16.00 Teatro Regio <strong>UNA SOTTINTESA COMPLICIT\u00c0 SCRITTI PER GIAN PAOLO MINARDI<\/strong><\/p>\n<p>20.00 Teatro Regio <strong>SIMON BOCCANEGRA<\/strong><\/p>\n<p>29 gio \u00a0\u00a0\u00a0\u00a0\u00a0\u00a0\u00a0\u00a0\u00a0\u00a0\u00a0\u00a0 20.00 Teatro Regio <strong>SIMON BOCCANEGRA<\/strong><\/p>\n<p>30 ven \u00a0\u00a0\u00a0\u00a0\u00a0\u00a0\u00a0\u00a0\u00a0\u00a0\u00a0 17.30 Ridotto del Teatro Regio <strong>CORI AL RIDOTTO <\/strong><strong>voci bianche<\/strong> <strong>Ars Canto \u201cGiuseppe Verdi\u201d<\/strong><\/p>\n<p>20.00 Teatro Regio <strong>MESSA DA REQUIEM<\/strong><\/p>\n<p><strong>\u00a0<\/strong><\/p>\n<p><strong>OTTOBRE<\/strong><\/p>\n<p>&nbsp;<\/p>\n<p>1 sab\u00a0\u00a0\u00a0\u00a0\u00a0\u00a0\u00a0\u00a0\u00a0\u00a0\u00a0\u00a0\u00a0\u00a0\u00a0 15.00 Busseto, Teatro Giuseppe Verdi <strong>CONCERTO CORALE<\/strong><\/p>\n<p>19.00 Teatro Regio <strong>LA FORZA DEL DESTINO<\/strong><\/p>\n<p><strong>2 dom<\/strong>\u00a0\u00a0\u00a0\u00a0\u00a0\u00a0\u00a0\u00a0\u00a0\u00a0\u00a0\u00a0 17.30 Ridotto del Teatro Regio <strong>CORI AL RIDOTTO <\/strong><strong>voci bianche Parma Musicale<\/strong><\/p>\n<p>20.00 Fidenza, Teatro Magnani <strong>IL TROVATORE<\/strong><\/p>\n<p>4 mar \u00a0\u00a0\u00a0\u00a0\u00a0\u00a0\u00a0\u00a0\u00a0\u00a0\u00a0\u00a0\u00a0 20.00 Teatro Regio <strong>FUOCO DI GIOIA<\/strong><\/p>\n<p>6 gio \u00a0\u00a0\u00a0\u00a0\u00a0\u00a0\u00a0\u00a0\u00a0\u00a0\u00a0\u00a0\u00a0\u00a0 20.00 Teatro Regio <strong>SIMON BOCCANEGRA<\/strong><\/p>\n<p>7 ven \u00a0\u00a0\u00a0\u00a0\u00a0\u00a0\u00a0\u00a0\u00a0\u00a0\u00a0\u00a0\u00a0 17.30 Ridotto del Teatro Regio <strong>CORI AL RIDOTTO <\/strong><strong>voci bianche Corale \u201cGiuseppe Verdi\u201d<\/strong><\/p>\n<p>20.00 Busseto, Teatro Giuseppe Verdi <strong>RIGOLETTO E LA MALEDIZIONE<\/strong><\/p>\n<p>20.00 Teatro Regio <strong>GIOVANNA, LA PULZELLA<\/strong>&#8230;<\/p>\n<p>8 sab \u00a0\u00a0\u00a0\u00a0\u00a0\u00a0\u00a0\u00a0\u00a0\u00a0\u00a0\u00a0\u00a0\u00a0 17.30 Ridotto del Teatro Regio <strong>CORI AL RIDOTTO <\/strong><strong>corale \u201cGiuseppe Verdi\u201d<\/strong><\/p>\n<p>20.00 Fidenza, Teatro Magnani <strong>IL TROVATORE<\/strong><\/p>\n<p><strong>9 dom<\/strong> \u00a0\u00a0\u00a0\u00a0\u00a0\u00a0\u00a0\u00a0\u00a0\u00a0\u00a0 15.00 Busseto, Teatro Giuseppe Verdi <strong>RIGOLETTO E LA MALEDIZIONE<\/strong><\/p>\n<p>19.00 Teatro Regio <strong>LA FORZA DEL DESTINO<\/strong><\/p>\n<p>10 lun \u00a0\u00a0\u00a0\u00a0\u00a0\u00a0\u00a0\u00a0\u00a0\u00a0\u00a0\u00a0 10.00 Teatro Regio <strong>IL MIO AMICO VERDI<\/strong><\/p>\n<p><strong>\u00a0\u00a0\u00a0\u00a0\u00a0\u00a0\u00a0\u00a0\u00a0\u00a0\u00a0\u00a0\u00a0\u00a0\u00a0\u00a0\u00a0\u00a0\u00a0\u00a0\u00a0\u00a0\u00a0 <\/strong>11.30 Monumento a Verdi <strong>CERIMONIA IN ONORE DI VERDI<\/strong><\/p>\n<p>20.00 Teatro Regio <strong>GALA VERDIANO<\/strong><\/p>\n<p>11 mar \u00a0\u00a0\u00a0\u00a0\u00a0\u00a0\u00a0\u00a0\u00a0\u00a0\u00a0\u00a0\u00a0\u00a0\u00a0\u00a0\u00a0\u00a0\u00a0\u00a0\u00a0\u00a0\u00a0 17.30 Ridotto del Teatro Regio <strong>CORI AL RIDOTTO <\/strong><strong>voci bianche \u201cChorus Cordis\u201d<\/strong><\/p>\n<p>20.00 Busseto, Teatro Giuseppe Verdi <strong>CONCERTO SINFONICO<\/strong><\/p>\n<p>12 mer\u00a0\u00a0\u00a0\u00a0\u00a0\u00a0\u00a0\u00a0\u00a0\u00a0\u00a0\u00a0 20.00 Teatro Regio di Parma <strong>CONCERTO SINFONICO CORALE<\/strong><\/p>\n<p>13 gio \u00a0\u00a0\u00a0\u00a0\u00a0\u00a0\u00a0\u00a0\u00a0\u00a0\u00a0\u00a0 15.00 Busseto, Teatro Giuseppe Verdi <strong>RIGOLETTO E LA MALEDIZIONE<\/strong><\/p>\n<p>15.00 Istituto Nazionale di Studi Verdiani <strong>VERDI E OLTRE<\/strong><\/p>\n<p>20.00 Fidenza, Teatro Magnani <strong>IL TROVATORE<\/strong><\/p>\n<p>14 ven \u00a0\u00a0\u00a0\u00a0\u00a0\u00a0\u00a0\u00a0\u00a0\u00a0\u00a0 9.15 e 15.00 Istituto Nazionale di Studi Verdiani <strong>VERDI E OLTRE<\/strong><\/p>\n<p>17.30 Ridotto del Teatro Regio <strong>CORI AL RIDOTTO <\/strong><strong>voci bianche Teatro Regio di Parma<\/strong><\/p>\n<p>20.00 Teatro Regio <strong>SIMON BOCCANEGRA<\/strong><\/p>\n<p>15 sab \u00a0\u00a0\u00a0\u00a0\u00a0\u00a0\u00a0\u00a0\u00a0\u00a0\u00a0\u00a0 9.15 Istituto Nazionale di Studi Verdiani <strong>VERDI E OLTRE<\/strong><\/p>\n<p>18.00 Teatro Regio <strong>QUATTRO PEZZI SACRI<\/strong><\/p>\n<p><strong>16 dom<\/strong> \u00a0\u00a0\u00a0\u00a0\u00a0\u00a0\u00a0\u00a0\u00a0 15.00 Busseto, Teatro Giuseppe Verdi <strong>RIGOLETTO E LA MALEDIZIONE<\/strong><\/p>\n<p>16.00 Teatro Regio <strong>LA FORZA DEL DESTINO<\/strong><\/p>\n<p><a href=\"http:\/\/www.ecoitaliano.com.ar\/wp-content\/uploads\/2022\/10\/Foto-Faccini-Piano-Duo-1.jpg\"><img decoding=\"async\" class=\"alignnone size-full wp-image-28012\" src=\"http:\/\/www.ecoitaliano.com.ar\/wp-content\/uploads\/2022\/10\/Foto-Faccini-Piano-Duo-1.jpg\" alt=\"\" width=\"1982\" height=\"1320\" srcset=\"https:\/\/www.ecoitaliano.com.ar\/wp-content\/uploads\/2022\/10\/Foto-Faccini-Piano-Duo-1.jpg 1982w, https:\/\/www.ecoitaliano.com.ar\/wp-content\/uploads\/2022\/10\/Foto-Faccini-Piano-Duo-1-300x200.jpg 300w, https:\/\/www.ecoitaliano.com.ar\/wp-content\/uploads\/2022\/10\/Foto-Faccini-Piano-Duo-1-768x511.jpg 768w, https:\/\/www.ecoitaliano.com.ar\/wp-content\/uploads\/2022\/10\/Foto-Faccini-Piano-Duo-1-1024x682.jpg 1024w, https:\/\/www.ecoitaliano.com.ar\/wp-content\/uploads\/2022\/10\/Foto-Faccini-Piano-Duo-1-150x100.jpg 150w\" sizes=\"(max-width: 1982px) 100vw, 1982px\" \/><\/a><\/p>\n<p><strong>CV \u2013 Faccini Piano Duo<\/strong><\/p>\n<p>&nbsp;<\/p>\n<p>Elia e Betsabea Faccini, pianisti e compositori anglo-italiani, nascono a Torre del Lago Puccini, Toscana.<\/p>\n<p>Diplomati in composizione con il massimo dei voti e lode sotto la guida del M\u00b0 Pietro Rigacci e laureati in pianoforte con il massimo dei voti, lode e menzione ad honorem presso l\u2019ISSM L. Boccherini di Lucca, Elia e Betsabea danno vita al duo nel 2015, sotto la guida del Prof. Riccardo<\/p>\n<p>Peruzzi. Attualmente il duo si sta perfezionando con il Trio di Parma e Pierpaolo Maurizzi presso il Conservatorio A. Boito di Parma, dove segue il Master di II livello in Musica da Camera. Segue inoltre il Corso di Perfezionamento in Musica Contemporanea tenuto dalla Prof.ssa Maria Grazia Bellocchio, presso l&#8217;International Divertimento Ensemble Academy (Milano).<\/p>\n<p>Recentemente Elia e Betsabea si sono affermati alla selezione \u201cAMUR per i nuovi talenti\u201d, competizione promossa dal Comitato AMUR, divenendo cos\u00ec \u201cArtisti in Residence\u00bb per la stagione 2023\/2024. Grazie a questa vittoria si esibiranno per le pi\u00f9 prestigiose societ\u00e0 concertistiche italiane. Il Faccini Piano Duo \u00e8 inoltre vincitore di quasi trenta competizioni nazionali e internazionali in Italia e all\u2019estero.<\/p>\n<p>Nel marzo 2022 sono stati invitati da Luca Ciammarughi a tenere un intervista per Radio Musica con le Ali per la rubrica \u201cProtagonisti di oggi e di domani\u201d. Hanno inoltre registrato per Radio Vaticana.<\/p>\n<p>Fiorente dal punto di vista concertistico, il duo si \u00e8 esibito in Italia, Austria e Bulgaria per prestigiosi enti musicali fra i quali si ricordano Societ\u00e0 del Quartetto di Milano, Isa-Festival, Sede Yamaha di Sofia (Bulgaria), IUC-Concerti della Sapienza, Fondazione Villa Bertelli, Festival delle Nazioni, Associazione Musicale Lucchese, Accademia Tadini di Lovere, Divertimento Ensemble.<\/p>\n<p>Elia e Betsabea hanno preso parte a numerosi corsi di perfezionamento tenuti da importanti personalit\u00e0 del panorama musicale internazionale quali Beatrice Rana, Bruno Canino, Pier Narciso Masi, Andrea Lucchesini, Aglika Genova e Liuben Dimitrov, Sivan Silver e Gil Garbur, Daniel Rivera, Fausto di Cesare.<\/p>\n<p>&nbsp;<\/p>\n<p><a href=\"http:\/\/www.ecoitaliano.com.ar\/wp-content\/uploads\/2022\/10\/Lella_costa.jpg\"><img decoding=\"async\" class=\"alignnone size-full wp-image-28013\" src=\"http:\/\/www.ecoitaliano.com.ar\/wp-content\/uploads\/2022\/10\/Lella_costa.jpg\" alt=\"\" width=\"1229\" height=\"768\" srcset=\"https:\/\/www.ecoitaliano.com.ar\/wp-content\/uploads\/2022\/10\/Lella_costa.jpg 1229w, https:\/\/www.ecoitaliano.com.ar\/wp-content\/uploads\/2022\/10\/Lella_costa-300x187.jpg 300w, https:\/\/www.ecoitaliano.com.ar\/wp-content\/uploads\/2022\/10\/Lella_costa-768x480.jpg 768w, https:\/\/www.ecoitaliano.com.ar\/wp-content\/uploads\/2022\/10\/Lella_costa-1024x640.jpg 1024w, https:\/\/www.ecoitaliano.com.ar\/wp-content\/uploads\/2022\/10\/Lella_costa-150x94.jpg 150w\" sizes=\"(max-width: 1229px) 100vw, 1229px\" \/><\/a><\/p>\n<p><strong>(short bio)<\/strong><strong>\u00a0<\/strong><\/p>\n<p>LELLA COSTA \u00e8 attrice, autrice e scrittrice. Debutta a giugno 2021 con <em>Intelletto d\u2019amore. Dante e le donne<\/em> con la regia di Gabriele Vacis, nel giugno 2020 con <em>La vedova Socrate<\/em> di Franca Valeri, regia di Stefania Bonfadelli, nel gennaio 2020 con <em>Se non posso ballare\u2026 non \u00e8 la mia rivoluzione <\/em>con la regia di Serena Sinigaglia, ispirato a <em>Il Catalogo delle donne valorose<\/em> di Serena Dandini e nel 2019 con <em>La parola giusta <\/em>con la regia di Gabriele Vacis. Tra i suoi spettacoli teatrali pi\u00f9 recenti\u00a0<em>Human<\/em>\u00a0con Marco Baliani,\u00a0Traviata<em> l\u2019Intelligenza del cuore<\/em>\u00a0con la regia di Gabriele Vacis,\u00a0<em>Questioni di cuore\u00a0<\/em>dal carteggio di Natalia Aspesi con i suoi lettori.\u00a0Gran parte dei suoi monologhi teatrali sono stati pubblicati da Feltrinelli: La daga nel loden (1992), Che faccia fare (1998), In tourn\u00e9e (2004) e Amleto, Alice e la Traviata (2008). Per Piemme sono usciti Come una specie di sorriso (2012) e Che bello essere noi (2014). Per Solferino sono usciti Ci\u00f2 che possiamo fare (2019) e Intelletto d\u2019amore. Quattro donne e un poeta (con G. Vacis, 2021) .\u00a0Nel 2017 ha condotto lo speciale tv Mariangela! (Rai Cultura) dedicato a la vita\u00a0e la carriera di Mariangela Melato.\u00a0\u00c8 componente del CDA dell&#8217;Universit\u00e0 degli Studi di\u00a0Scienze Gastronomiche di Pollenzo.<\/p>\n<p>&nbsp;<\/p>\n<p><strong>biografia<\/strong><\/p>\n<p>LELLA COSTA<\/p>\n<p>Dopo gli studi in lettere e il diploma all&#8217;Accademia dei Filodrammatici, Lella Costa esordisce a teatro nel 1980 con il monologo Repertorio, cio\u00e8 l&#8217;orfana e il reggicalze. \u00c8 l&#8217;inizio di un percorso che la porta a frequentare autori contemporanei, a lavorare in radio, ad avvicinarsi al teatro-cabaret e a divenire una delle pi\u00f9 rinomate attrici italiane. Nel 1987 debutta con Adlib, monologo che segna anche l&#8217;inizio della sua attivit\u00e0 di autrice. Seguiranno Coincidenze, Malsottile, Magoni (con le musiche originali di Ivano Fossati), La daga nel Loden, Stanca di guerra, (scritto in collaborazione con Alessandro Baricco), Un&#8217;altra storia (con la regia di Gabriele Vacis), Precise parole e Traviata, sempre con la regia di Vacis.<\/p>\n<p>Negli anni Duemila, Lella Costa torna a calcare il palcoscenico dei grandi teatri italiani con Alice. Una meraviglia di paese, Amleto e Ragazze. Nelle lande scoperchiate del fuori, spettacoli che si avvalgono della regia di Giorgio Gallione e delle musiche di Stefano Bollani. Nella pi\u00e8ce Arie (2011) conferma la sua predilezione per il monologo, mentre nel 2014 recita insieme a Paolo Calabresi nella commedia per quattro personaggi Nuda propriet\u00e0, scritta da Lidia Ravera e diretta da Emanuela Giordano. Insieme a Massimo Cirri e Giorgio Gallione \u00e8 co-autrice di molti degli spettacoli da lei interpretati. Negli ultimi anni, \u00e8 stata tra le protagoniste di Ferite a morte, spettacolo pluripremiato sulla questione attualissima della violenza di genere e sul femminicidio.<\/p>\n<p>All&#8217;attivit\u00e0 teatrale affianca da anni anche diverse e significative partecipazioni a trasmissioni radiofoniche e televisive; nello stesso tempo porta avanti un costante impegno civile. E\u2019 del 2015 il sodalizio artistico con Marco Baliani con il quale ha scritto e interpretato <em>HUMAN<\/em> spettacolo teatrale nato dall\u2019urgenza di interrogarsi sul senso profondo del migrare.<\/p>\n<p>Nel 2017 ha condotto lo speciale tv Mariangela! (Rai Cultura) dedicato a la vita e la carriera di Mariangela Melato.<\/p>\n<p>Recentemente Lella Costa \u00e8 tornata a confrontarsi con l\u2019opera teatrale-musicale, <em>Traviata l\u2019Intelligenza del cuore<\/em> scritta con Gabriele Vacis, che rende omaggio a tutte le \u201ctraviate\u201d del mondo, dalla Signora delle Camelie alle ragazze di strada, indagando con grazia e ironia la tematica femminile, che torna anche nello spettacolo <em>Questioni di cuore<\/em> in cui la Costa da voce a Le \u201clettere del cuore\u201d di Natalia Aspesi. Un viaggio attraverso la vita sentimentale e sessuale degli italiani nel corso degli ultimi trent&#8217;anni. I tradimenti, le trasgressioni, le paure, i pregiudizi. Migliaia di storie intorno all\u2019amore e alla passione che, incredibilmente, non cambiano con il passare dei decenni e l\u2019evoluzione del costume.<\/p>\n<p>Debutta nel 2019 con <em>La parola giusta <\/em>con la regia di Gabriele Vacis, nel gennaio 2020 con <em>Se non posso ballare\u2026 non \u00e8 la mia rivoluzione <\/em>con la regia di Serena Sinigaglia, ispirato a <em>Il Catalogo delle donne valorose<\/em> di Serena Dandini\u00a0 e nel 2020 con <em>La vedova Socrate<\/em> di Franca Valeri, regia di Stefania Bonfadelli e a giugno 2021 con <em>Intelletto d\u2019amore. Dante e le donne<\/em>, con la regia di Gabriele Vacis.<\/p>\n<p>&nbsp;<\/p>\n<p>\u00c8 componente del CDA dell&#8217;Universit\u00e0 degli Studi di <strong>Scienze Gastronomiche di Pollenzo.<\/strong><\/p>\n<p>&nbsp;<\/p>\n<p>&nbsp;<\/p>\n<p>&nbsp;<\/p>\n<p>&nbsp;<\/p>\n<p>&nbsp;<\/p>\n<p>&nbsp;<\/p>\n<p><strong>\u00a0<\/strong><\/p>\n<p><strong><em>\u00a0<\/em><\/strong><\/p>\n<p><strong>\u00a0<\/strong><\/p>\n","protected":false},"excerpt":{"rendered":"<p>GIOVANNA: LA PULZELLA, LA FANCIULLA, L\u2019ALLODOLA CON LELLA COSTA Uno spettacolo ispirato alla figura di Giovanna d\u2019Arco, scritto da Lella [&hellip;]<\/p>\n","protected":false},"author":1,"featured_media":0,"comment_status":"open","ping_status":"open","sticky":false,"template":"","format":"standard","meta":{"footnotes":""},"categories":[1],"tags":[],"class_list":["post-28011","post","type-post","status-publish","format-standard","hentry","category-sin-categoria"],"_links":{"self":[{"href":"https:\/\/www.ecoitaliano.com.ar\/index.php?rest_route=\/wp\/v2\/posts\/28011","targetHints":{"allow":["GET"]}}],"collection":[{"href":"https:\/\/www.ecoitaliano.com.ar\/index.php?rest_route=\/wp\/v2\/posts"}],"about":[{"href":"https:\/\/www.ecoitaliano.com.ar\/index.php?rest_route=\/wp\/v2\/types\/post"}],"author":[{"embeddable":true,"href":"https:\/\/www.ecoitaliano.com.ar\/index.php?rest_route=\/wp\/v2\/users\/1"}],"replies":[{"embeddable":true,"href":"https:\/\/www.ecoitaliano.com.ar\/index.php?rest_route=%2Fwp%2Fv2%2Fcomments&post=28011"}],"version-history":[{"count":0,"href":"https:\/\/www.ecoitaliano.com.ar\/index.php?rest_route=\/wp\/v2\/posts\/28011\/revisions"}],"wp:attachment":[{"href":"https:\/\/www.ecoitaliano.com.ar\/index.php?rest_route=%2Fwp%2Fv2%2Fmedia&parent=28011"}],"wp:term":[{"taxonomy":"category","embeddable":true,"href":"https:\/\/www.ecoitaliano.com.ar\/index.php?rest_route=%2Fwp%2Fv2%2Fcategories&post=28011"},{"taxonomy":"post_tag","embeddable":true,"href":"https:\/\/www.ecoitaliano.com.ar\/index.php?rest_route=%2Fwp%2Fv2%2Ftags&post=28011"}],"curies":[{"name":"wp","href":"https:\/\/api.w.org\/{rel}","templated":true}]}}