{"id":28157,"date":"2022-10-04T00:58:31","date_gmt":"2022-10-04T00:58:31","guid":{"rendered":"http:\/\/www.ecoitaliano.com.ar\/?p=28157"},"modified":"2022-10-04T00:58:31","modified_gmt":"2022-10-04T00:58:31","slug":"serena-conduce-operaclassica-eco-italiano-1787","status":"publish","type":"post","link":"https:\/\/www.ecoitaliano.com.ar\/?p=28157","title":{"rendered":"Serena conduce operaclassica eco italiano"},"content":{"rendered":"<p style=\"text-align: center;\"><a href=\"http:\/\/www.ecoitaliano.com.ar\/wp-content\/uploads\/2022\/10\/dfghjkl\u00f2\u00e0-768x204-1.jpg\"><img decoding=\"async\" class=\"alignnone size-full wp-image-28158\" src=\"http:\/\/www.ecoitaliano.com.ar\/wp-content\/uploads\/2022\/10\/dfghjkl\u00f2\u00e0-768x204-1.jpg\" alt=\"\" width=\"768\" height=\"204\" srcset=\"https:\/\/www.ecoitaliano.com.ar\/wp-content\/uploads\/2022\/10\/dfghjkl\u00f2\u00e0-768x204-1.jpg 768w, https:\/\/www.ecoitaliano.com.ar\/wp-content\/uploads\/2022\/10\/dfghjkl\u00f2\u00e0-768x204-1-300x80.jpg 300w, https:\/\/www.ecoitaliano.com.ar\/wp-content\/uploads\/2022\/10\/dfghjkl\u00f2\u00e0-768x204-1-150x40.jpg 150w\" sizes=\"(max-width: 768px) 100vw, 768px\" \/><\/a><\/p>\n<p><strong>ROSA FEOLA E SERGIO VITALE <\/strong><\/p>\n<p><strong>PROTAGONISTI DEL GALA VERDIANO <\/strong><\/p>\n<p><strong>IN OCCASIONE DEL 209\u00b0 COMPLEANNO DI GIUSEPPE VERDI<\/strong><\/p>\n<p><strong>\u00a0<\/strong><\/p>\n<p><strong>La giornata di festeggiamenti si aprir\u00e0 con la presentazione <\/strong><\/p>\n<p><strong>del volume <em>Il mio amico Verdi<\/em> di Geronimo Stilton, <\/strong><\/p>\n<p><strong>e con la tradizionale cerimonia al Monumento a Giuseppe Verdi <\/strong><\/p>\n<p><strong>in Piazzale della Pace.<\/strong><\/p>\n<p><strong>\u00a0<\/strong><\/p>\n<p><strong>Luned\u00ec, 10 ottobre 2022<\/strong><\/p>\n<p><strong>\u00a0<\/strong><\/p>\n<p><strong>IL MIO AMICO VERDI<\/strong><\/p>\n<p><strong>ore 10.00, Ridotto del Teatro Regio di Parma<\/strong><\/p>\n<p><strong>\u00a0<\/strong><\/p>\n<p><strong>CERIMONIA AL MONUMENTO A GIUSEPPE VERDI <\/strong><\/p>\n<p><strong>ore 11.30 Parma, Piazza della Pace<\/strong><\/p>\n<p><strong>\u00a0<\/strong><\/p>\n<p><strong>GALA VERDIANO <\/strong><\/p>\n<p><strong>ore 20.00, Teatro Regio di Parma<\/strong><\/p>\n<p><strong>\u00a0<\/strong><\/p>\n<p>Due grandi interpreti della lirica internazionale protagonisti al <strong>Gala Verdiano<\/strong>, il concerto che conclude la giornata di festeggiamenti per il 209\u00b0 anniversario della nascita di Giuseppe Verdi, <strong>luned\u00ec 10 ottobre 2022<\/strong>, <strong>ore 20.00<\/strong>, al <strong>Teatro Regio di Parma<\/strong>: il soprano <strong>Rosa Feola<\/strong>, al suo debutto al Teatro Regio di Parma e al Festival Verdi, e il baritono <strong>Sergio Vitale<\/strong>, accompagnati al pianoforte da <strong>Fabio Centanni<\/strong>, eseguiranno arie e duetti da <em>Alzira<\/em>, <em>I Lombardi alla prima Crociata<\/em>, <em>Un ballo in maschera<\/em>, <em>Luisa Miller<\/em>, <em>I masnadieri<\/em>, affiancate al Verdi cameristico delle <em>Sei Romanze per canto con accompagnamento di pianoforte<\/em>. Un\u2019occasione per esplorare un repertorio di grande raffinatezza, parallelo al melodramma, ma altrettanto amato da Verdi e in voga tra il pubblico dei salotti ottocenteschi.<\/p>\n<p>&nbsp;<\/p>\n<p>La giornata di festeggiamenti si aprir\u00e0 <strong>alle ore 10.00<\/strong> <strong>al Ridotto del Teatro Regio<\/strong> con un\u2019ospite speciale: <strong>Geronimo Stilton<\/strong> in baffi e pelliccia presenter\u00e0 il suo nuovo volume <strong><em>Il mio amico Verdi<\/em> <\/strong>(Edizioni Piemme) e racconter\u00e0 ai suoi lettori l\u2019avventura che l\u2019ha portato, a diventare assistente del Cigno di Busseto durante l\u2019allestimento di <em>Nabucco<\/em> e a scoprire tutti i segreti che si celano dietro l\u2019affascinante e spesso imprevedibile mondo del teatro.<\/p>\n<p>&nbsp;<\/p>\n<p><strong>Alle<\/strong><strong> ore 11.30<\/strong>, la tradizionale <strong>Cerimonia<\/strong> <strong>in onore di Verdi<\/strong>, a <strong>Parma<\/strong>, in <strong>Piazza della Pace<\/strong> presso il monumento a lui intitolato, come ogni anno omaggia il Maestro sulle note del <em>Va\u2019, pensiero<\/em> intonate dal <strong>Coro del Teatro Regio di Parma<\/strong> e dalla <strong>Corale Giuseppe Verdi<\/strong> diretti da <strong>Martino Faggiani<\/strong>. La cerimonia vedr\u00e0 la partecipazione delle istituzioni, delle associazioni cittadine e dell\u2019associazione Viva Verdi di Norimberga, in un momento di incontro e condivisione gioiosa per l\u2019immenso patrimonio che il Maestro ha offerto al mondo.<\/p>\n<p>&nbsp;<\/p>\n<p>&nbsp;<\/p>\n<p>&nbsp;<\/p>\n<p>&nbsp;<\/p>\n<p>&nbsp;<\/p>\n<p>&nbsp;<\/p>\n<p>&nbsp;<\/p>\n<p>&nbsp;<\/p>\n<p>&nbsp;<\/p>\n<p><strong>BIGLIETTERIA DEL TEATRO REGIO DI PARMA <\/strong><\/p>\n<p>Gala Verdiano: Biglietti da 10 a 90 euro.<\/p>\n<p>Strada Giuseppe Garibaldi, 16\/A 43121 Parma Tel. +39 0521 203999 <a href=\"mailto:biglietteria@teatroregioparma.it\">biglietteria@teatroregioparma.it<\/a><\/p>\n<p>Orari di apertura: dal marted\u00ec al sabato ore 11.00-13.00 e 17.00-19.00 e un\u2019ora precedente lo spettacolo. In caso di spettacolo nei giorni di chiusura, da un\u2019ora precedente lo spettacolo. Chiuso il luned\u00ec, la domenica e i giorni festivi.<\/p>\n<p>Il pagamento presso la Biglietteria del Teatro Regio di Parma pu\u00f2 essere effettuato con denaro contante in Euro, con assegno circolare non trasferibile intestato a Fondazione Teatro Regio di Parma, con PagoBancomat, con carte di credito Visa, Cartasi, Diners, Mastercard, American Express. I biglietti per tutti gli spettacoli sono disponibili anche su festivalverdi.it. L\u2019acquisto online non comporta alcuna commissione di servizio.<\/p>\n<p>&nbsp;<\/p>\n<p><strong>PARTNER E SPONSOR <\/strong><\/p>\n<p><em>Il Festival Verdi \u00e8 realizzato grazie al contributo di<\/em> Ministero della Cultura, Regione Emilia-Romagna, Reggio Parma Festival, Comune di Parma. <em>Main<\/em> <em>partner <\/em>Chiesi. <em>Major partner<\/em> Fondazione Cariparma. <em>Partner <\/em>Cr\u00e9dit Agricole <em>Media partner<\/em> Mediaset. <em>Main<\/em> <em>sponsor<\/em> Iren, Barilla. <em>Sponsor<\/em> Unione Parmense degli Industriali, Dallara, Opem. <em>Sostenitori<\/em> CePIM, Mutti, Parmacotto, Grasselli, Sicim, La Giovane, Oinoe, Colser, Parmalat. <em>Con il contributo di <\/em>Ascom e Ascom Confcommercio Parma Fondazione, Camera di Commercio di Parma, Fondazione Monte Parma, Comune di Busseto, Concorso Internazionale Voci Verdiane Citt\u00e0 di Busseto, Comune di Fidenza, Istituto Nazionale di Studi Verdiani. <em>Advisor<\/em> AGFM.<em> Legal counselling <\/em>Villa&amp;Partners.<em> Con il supporto di<\/em> \u201cParma, io ci sto!\u201d.<em> Digital counselling<\/em> Unsocials. <em>Radio Ufficiale<\/em> Radio Monte Carlo. <em>Tour Operator Partner<\/em> Parma Incoming. <em>Hospitality Partner<\/em> Novotel. <em>Sostenitori tecnici<\/em> De Simoni, Milosped, IgpDecaux, Cavalca, Graphital. <em>Il Teatro Regio aderisce a <\/em>Fedora, Opera Europa, Opera Vision, Emilia taste, nature &amp; culture. <em>Partner istituzionali<\/em> Teatro Comunale di Bologna, La Toscanini. <em>Partner artistici<\/em> Societ\u00e0 dei Concerti di Parma, Casa della musica, Conservatorio \u201cArrigo Boito\u201d di Parma, Coro del Teatro Regio di Parma. L\u2019immagine esclusiva del Festival \u00e8 il ritratto di Giuseppe Verdi realizzato a matita da Renato Guttuso negli anni \u201960, donato al Teatro Regio di Parma dall\u2019Archivio storico Bocchi e concesso da Fabio Carapezza Guttuso \u00a9Renato Guttuso by SIAE 2021.<\/p>\n<p>&nbsp;<\/p>\n<p>&nbsp;<\/p>\n<p>&nbsp;<\/p>\n<p>&nbsp;<\/p>\n<p>&nbsp;<\/p>\n<p>&nbsp;<\/p>\n<p>&nbsp;<\/p>\n<p>&nbsp;<\/p>\n<p>&nbsp;<\/p>\n<p>&nbsp;<\/p>\n<p>&nbsp;<\/p>\n<p>&nbsp;<\/p>\n<p>&nbsp;<\/p>\n<p>&nbsp;<\/p>\n<p>&nbsp;<\/p>\n<p>&nbsp;<\/p>\n<p>&nbsp;<\/p>\n<p>&nbsp;<\/p>\n<p>&nbsp;<\/p>\n<p>&nbsp;<\/p>\n<p>&nbsp;<\/p>\n<p>&nbsp;<\/p>\n<p>&nbsp;<\/p>\n<p>&nbsp;<\/p>\n<p>&nbsp;<\/p>\n<p>&nbsp;<\/p>\n<p>Parma, 1 ottobre 2022<\/p>\n<p>Paolo Maier<\/p>\n<p><em>Responsabile Comunicazione, Ufficio Stampa, Progetti speciali<\/em><\/p>\n<p>Teatro Regio di Parma strada Garibaldi<\/p>\n<p>16\/A, 43121 Parma \u2013 Italia<\/p>\n<p>Tel. +39 0521 203969<\/p>\n<p>p.maier@teatroregioparma.it<\/p>\n<p>stampa@teatroregioparma.it<\/p>\n<p>www.teatroregioparma.it<\/p>\n<p>&nbsp;<\/p>\n<p>Teatro Regio di Parma<br \/>\nluned\u00ec 10 ottobre 2022, ore 20.00<\/p>\n<p>&nbsp;<\/p>\n<p>&nbsp;<\/p>\n<p><strong>GALA VERDIANO<\/strong><\/p>\n<p>Durata complessiva 2 ore, compreso un intervallo<\/p>\n<p><em>209\u00b0 compleanno di Giuseppe Verdi<\/em><\/p>\n<p>&nbsp;<\/p>\n<p><em>Musica <\/em>GIUSEPPE VERDI<\/p>\n<p>&nbsp;<\/p>\n<p>&nbsp;<\/p>\n<p>\u201cIn solitaria stanza\u201d<\/p>\n<p>Da <em>Sei Romanze per canto con accompagnamento di pianoforte<\/em> (1838)<\/p>\n<p>&nbsp;<\/p>\n<p>Cavatina di Alzira \u201cDa Gusman su fragil barca\u2026 Nell\u2019astro che pi\u00f9 fulgido\u201d<\/p>\n<p>da <em>Alzira<\/em> (atto I)<\/p>\n<p>&nbsp;<\/p>\n<p>\u201cPerduta ho la pace\u201d<\/p>\n<p>\u201cDeh, pietoso, oh Addolorata\u201d<\/p>\n<p>\u201cNon t\u2019accostare all\u2019 urna\u201d<\/p>\n<p>da <em>Sei Romanze per canto con accompagnamento di pianoforte<\/em><\/p>\n<p>&nbsp;<\/p>\n<p>Preghiera di Giselda \u201cSalve, Maria\u201d<\/p>\n<p>da <em>I Lombardi alla prima Crociata<\/em> (atto I)<\/p>\n<p>&nbsp;<\/p>\n<p>Scena e aria di Renato \u201cAlzati! l\u00e0 tuo figlio\u2026 Eri tu\u201d<\/p>\n<p>da <em>Un ballo in maschera<\/em> (atto III)<\/p>\n<p>&nbsp;<\/p>\n<p>Duetto di Luisa e Miller \u201cLa tomba \u00e8 un letto sparso di fiori\u2026 Andrem raminghi e poveri\u201d<\/p>\n<p>da <em>Luisa Miller<\/em> (atto III)<\/p>\n<p>&nbsp;<\/p>\n<p>Aria di Amalia \u201cTu del mio Carlo al seno\u2026 Carlo vive?\u201d<\/p>\n<p>da <em>I masnadieri<\/em> (parte II)<\/p>\n<p>&nbsp;<\/p>\n<p>&nbsp;<\/p>\n<p>&nbsp;<\/p>\n<p>&nbsp;<\/p>\n<p>&nbsp;<\/p>\n<p>&nbsp;<\/p>\n<p>&nbsp;<\/p>\n<p>&nbsp;<\/p>\n<p>&nbsp;<\/p>\n<p>&nbsp;<\/p>\n<p>&nbsp;<\/p>\n<p>&nbsp;<\/p>\n<p>&nbsp;<\/p>\n<p>&nbsp;<\/p>\n<p>&nbsp;<\/p>\n<p>&nbsp;<\/p>\n<p>&nbsp;<\/p>\n<p>&nbsp;<\/p>\n<p>&nbsp;<\/p>\n<p>&nbsp;<\/p>\n<p>&nbsp;<\/p>\n<p>&nbsp;<\/p>\n<p>&nbsp;<\/p>\n<p>&nbsp;<\/p>\n<p>&nbsp;<\/p>\n<p><strong>\u00a0<\/strong><\/p>\n<p><strong>\u00a0<\/strong><\/p>\n<p><strong>FESTIVAL VERDI<\/strong><\/p>\n<p>Parma e Busseto, 22 settembre &#8211; 16 ottobre 2022<\/p>\n<p><strong>\u00a0<\/strong><\/p>\n<p><strong>XXII EDIZIONE<\/strong><\/p>\n<p>&nbsp;<\/p>\n<p>&nbsp;<\/p>\n<p>&nbsp;<\/p>\n<p>&nbsp;<\/p>\n<p><strong>Teatro Regio di Parma<\/strong><\/p>\n<p>22 settembre, 1, 9, 16 ottobre 2022<\/p>\n<p><strong>LA FORZA DEL DESTINO<\/strong><\/p>\n<p><strong>\u00a0<\/strong><\/p>\n<p><strong>Teatro Regio di Parma<\/strong><\/p>\n<p>23, 30 settembre 2022<\/p>\n<p><strong>MESSA DA REQUIEM<\/strong><\/p>\n<p><strong>\u00a0<\/strong><\/p>\n<p><strong>Teatro Girolamo Magnani di Fidenza<\/strong><\/p>\n<p>24 settembre, 2, 8, 13 ottobre 2022<\/p>\n<p><strong>IL TROVATORE<\/strong><\/p>\n<p><strong>\u00a0<\/strong><\/p>\n<p><strong>Teatro Regio di Parma<\/strong><\/p>\n<p>25, 29 settembre, 6, 14 ottobre 2022<\/p>\n<p><strong>SIMON BOCCANEGRA<\/strong><\/p>\n<p><strong>\u00a0<\/strong><\/p>\n<p><strong>Teatro Giuseppe Verdi di Busseto<\/strong><\/p>\n<p>sabato 1 ottobre 2022<\/p>\n<p><strong>CONCERTO CORALE<\/strong><\/p>\n<p><strong>\u00a0<\/strong><\/p>\n<p><strong>Teatro Regio di Parma<\/strong><\/p>\n<p>4 ottobre 2022<\/p>\n<p><strong>FUOCO DI GIOIA<\/strong><\/p>\n<p><strong>\u00a0<\/strong><\/p>\n<p><strong>\u00a0<\/strong><\/p>\n<p><strong>\u00a0<\/strong><\/p>\n<p><strong>Teatro Giuseppe Verdi di Busseto<\/strong><\/p>\n<p>7, 9, 13, 16 ottobre 2022<\/p>\n<p><strong>RIGOLETTO <\/strong><\/p>\n<p><strong>E LA MALEDIZIONE<\/strong><\/p>\n<p><strong>\u00a0<\/strong><\/p>\n<p><strong>Teatro Regio di Parma<\/strong><\/p>\n<p>10 ottobre 2022<\/p>\n<p><strong>GALA VERDIANO<\/strong><\/p>\n<p>&nbsp;<\/p>\n<p><strong>Teatro Giuseppe Verdi di Busseto<br \/>\n<\/strong>marted\u00ec 11 ottobre 2022, ore 20.00<\/p>\n<p><strong>CONCERTO SINFONICO<\/strong><\/p>\n<p><strong>\u00a0<\/strong><\/p>\n<p><strong>Teatro Regio di Parma<br \/>\n<\/strong>mercoled\u00ec 12 ottobre 2022, ore 20.00<\/p>\n<p><strong>CONCERTO SINFONICO CORALE<\/strong><\/p>\n<p><strong>\u00a0<\/strong><\/p>\n<p><strong>Teatro Regio di Parma<\/strong><\/p>\n<p>15 ottobre 2022<\/p>\n<p><strong>PARSIFAL<\/strong><\/p>\n<p><strong>QUATTRO PEZZI SACRI <\/strong><\/p>\n<p>&nbsp;<\/p>\n<p><em>Around<\/em>Verdi<\/p>\n<p>&nbsp;<\/p>\n<p><strong>Teatro Regio di Parma<\/strong><\/p>\n<p>7 ottobre 2022<\/p>\n<p><strong>GIOVANNA: LA PULZELLA,<\/strong><\/p>\n<p><strong>LA FANCIULLA, L\u2019ALLODOLA<\/strong><\/p>\n<p><em>con <\/em><strong>Lella Costa<\/strong><\/p>\n<p><strong>\u00a0<\/strong><\/p>\n<p><strong>\u00a0<\/strong><\/p>\n<p>Scopri il programma completo su<\/p>\n<p>&nbsp;<\/p>\n<p><a href=\"http:\/\/www.teatroregioparma.it\"><strong>festivalverdi.it<\/strong><\/a><strong><br \/>\n<\/strong><\/p>\n<p><strong>CALENDARIO<\/strong><\/p>\n<p>&nbsp;<\/p>\n<p><strong>SETTEMBRE<\/strong><\/p>\n<p>&nbsp;<\/p>\n<p>9 ven\u00a0\u00a0\u00a0\u00a0\u00a0\u00a0\u00a0\u00a0\u00a0\u00a0\u00a0\u00a0\u00a0\u00a0 21.00 Parma Lirica <strong>INCONTRO CON GLI ARTISTI Simon Boccanegra<\/strong><\/p>\n<p>10 sab\u00a0\u00a0\u00a0\u00a0\u00a0\u00a0\u00a0\u00a0\u00a0\u00a0\u00a0\u00a0\u00a0 17.00 Ridotto del Teatro Regio <strong>PRIMA CHE SI ALZI IL SIPARIO La forza del destino<\/strong><\/p>\n<p>12 lun\u00a0\u00a0\u00a0\u00a0\u00a0\u00a0\u00a0\u00a0\u00a0\u00a0\u00a0\u00a0\u00a0 21.00 Corale Verdi <strong>INCONTRO CON GLI ARTISTI La forza del destino<\/strong><\/p>\n<p>14 mer \u00a0\u00a0\u00a0\u00a0\u00a0\u00a0\u00a0\u00a0\u00a0\u00a0\u00a0 17.00 Ridotto del Teatro Regio <strong>PRIMA CHE SI ALZI IL SIPARIO Simon Boccanegra<\/strong><\/p>\n<p>15 gio \u00a0\u00a0\u00a0\u00a0\u00a0\u00a0\u00a0\u00a0\u00a0\u00a0\u00a0\u00a0 15.30 Teatro Regio <strong>LA FORZA DEL DESTINO<\/strong> <strong>Prova Aperta<\/strong><\/p>\n<p>16 ven\u00a0\u00a0\u00a0\u00a0\u00a0\u00a0\u00a0\u00a0\u00a0\u00a0\u00a0\u00a0 21.00 Parma Lirica <strong>IL CORO DEL TEATRO REGIO DI PARMA IN PROVA<\/strong><\/p>\n<p>17 sab \u00a0\u00a0\u00a0\u00a0\u00a0\u00a0\u00a0\u00a0\u00a0\u00a0\u00a0\u00a0 15.30 Teatro Regio <strong>PROVA APERTA Simon Boccanegra<\/strong><\/p>\n<p><strong>18 dom<\/strong>\u00a0\u00a0\u00a0\u00a0\u00a0\u00a0\u00a0\u00a0\u00a0\u00a0\u00a0 17.00 Fidenza, Teatro Magnani <strong>PRIMA CHE SI ALZI IL SIPARIO Il trovatore<\/strong><\/p>\n<p>18.00 Teatro Regio <strong>LA FORZA DEL DESTINO Prova Under30<\/strong><\/p>\n<p>20 mar\u00a0\u00a0\u00a0\u00a0\u00a0\u00a0\u00a0\u00a0\u00a0\u00a0\u00a0\u00a0 17.00 Teatro Regio <strong>PRIMA CHE SI ALZI IL SIPARIO Requiem\/Quattro pezzi sacri<\/strong><\/p>\n<p>21 mer\u00a0\u00a0\u00a0\u00a0\u00a0\u00a0\u00a0\u00a0\u00a0\u00a0\u00a0\u00a0 20.00 Teatro Regio <strong>SIMON BOCCANEGRA Prova Under30<\/strong><\/p>\n<p>22 gio \u00a0\u00a0\u00a0\u00a0\u00a0\u00a0\u00a0\u00a0\u00a0\u00a0\u00a0\u00a0 15.30 Fidenza, Teatro Magnani <strong>IL TROVATORE Prova Aperta<\/strong><\/p>\n<p>19.00 Teatro Regio <strong>LA FORZA DEL DESTINO<\/strong><\/p>\n<p>23 ven \u00a0\u00a0\u00a0\u00a0\u00a0\u00a0\u00a0\u00a0\u00a0\u00a0\u00a0 20.00 Teatro Regio <strong>MESSA DA REQUIEM<\/strong><\/p>\n<p>24 sab \u00a0\u00a0\u00a0\u00a0\u00a0\u00a0\u00a0\u00a0\u00a0\u00a0\u00a0 20.00 Fidenza, Teatro Magnani <strong>IL TROVATORE<\/strong><\/p>\n<p><strong>25 dom<\/strong> \u00a0\u00a0\u00a0\u00a0\u00a0\u00a0\u00a0\u00a0\u00a0 16.00 Teatro Regio <strong>UNA SOTTINTESA COMPLICIT\u00c0 SCRITTI PER GIAN PAOLO MINARDI<\/strong><\/p>\n<p>20.00 Teatro Regio <strong>SIMON BOCCANEGRA<\/strong><\/p>\n<p>29 gio \u00a0\u00a0\u00a0\u00a0\u00a0\u00a0\u00a0\u00a0\u00a0\u00a0\u00a0\u00a0 20.00 Teatro Regio <strong>SIMON BOCCANEGRA<\/strong><\/p>\n<p>30 ven \u00a0\u00a0\u00a0\u00a0\u00a0\u00a0\u00a0\u00a0\u00a0\u00a0\u00a0 17.30 Ridotto del Teatro Regio <strong>CORI AL RIDOTTO <\/strong><strong>voci bianche<\/strong> <strong>Ars Canto \u201cGiuseppe Verdi\u201d<\/strong><\/p>\n<p>20.00 Teatro Regio <strong>MESSA DA REQUIEM<\/strong><\/p>\n<p><strong>\u00a0<\/strong><\/p>\n<p><strong>OTTOBRE<\/strong><\/p>\n<p>&nbsp;<\/p>\n<p>1 sab\u00a0\u00a0\u00a0\u00a0\u00a0\u00a0\u00a0\u00a0\u00a0\u00a0\u00a0\u00a0\u00a0\u00a0\u00a0 15.00 Busseto, Teatro Giuseppe Verdi <strong>CONCERTO CORALE<\/strong><\/p>\n<p>19.00 Teatro Regio <strong>LA FORZA DEL DESTINO<\/strong><\/p>\n<p><strong>2 dom<\/strong>\u00a0\u00a0\u00a0\u00a0\u00a0\u00a0\u00a0\u00a0\u00a0\u00a0\u00a0\u00a0 17.30 Ridotto del Teatro Regio <strong>CORI AL RIDOTTO <\/strong><strong>voci bianche Parma Musicale<\/strong><\/p>\n<p>20.00 Fidenza, Teatro Magnani <strong>IL TROVATORE<\/strong><\/p>\n<p>4 mar \u00a0\u00a0\u00a0\u00a0\u00a0\u00a0\u00a0\u00a0\u00a0\u00a0\u00a0\u00a0\u00a0 20.00 Teatro Regio <strong>FUOCO DI GIOIA<\/strong><\/p>\n<p>6 gio \u00a0\u00a0\u00a0\u00a0\u00a0\u00a0\u00a0\u00a0\u00a0\u00a0\u00a0\u00a0\u00a0\u00a0 20.00 Teatro Regio <strong>SIMON BOCCANEGRA<\/strong><\/p>\n<p>7 ven \u00a0\u00a0\u00a0\u00a0\u00a0\u00a0\u00a0\u00a0\u00a0\u00a0\u00a0\u00a0\u00a0 17.30 Ridotto del Teatro Regio <strong>CORI AL RIDOTTO <\/strong><strong>voci bianche Corale \u201cGiuseppe Verdi\u201d<\/strong><\/p>\n<p>20.00 Busseto, Teatro Giuseppe Verdi <strong>RIGOLETTO E LA MALEDIZIONE<\/strong><\/p>\n<p>20.00 Teatro Regio <strong>GIOVANNA, LA PULZELLA<\/strong>&#8230;<\/p>\n<p>8 sab \u00a0\u00a0\u00a0\u00a0\u00a0\u00a0\u00a0\u00a0\u00a0\u00a0\u00a0\u00a0\u00a0\u00a0 17.30 Ridotto del Teatro Regio <strong>CORI AL RIDOTTO <\/strong><strong>corale \u201cGiuseppe Verdi\u201d<\/strong><\/p>\n<p>20.00 Fidenza, Teatro Magnani <strong>IL TROVATORE<\/strong><\/p>\n<p><strong>9 dom<\/strong> \u00a0\u00a0\u00a0\u00a0\u00a0\u00a0\u00a0\u00a0\u00a0\u00a0\u00a0 15.00 Busseto, Teatro Giuseppe Verdi <strong>RIGOLETTO E LA MALEDIZIONE<\/strong><\/p>\n<p>19.00 Teatro Regio <strong>LA FORZA DEL DESTINO<\/strong><\/p>\n<p>10 lun \u00a0\u00a0\u00a0\u00a0\u00a0\u00a0\u00a0\u00a0\u00a0\u00a0\u00a0\u00a0 10.00 Teatro Regio <strong>IL MIO AMICO VERDI<\/strong><\/p>\n<p><strong>\u00a0\u00a0\u00a0\u00a0\u00a0\u00a0\u00a0\u00a0\u00a0\u00a0\u00a0\u00a0\u00a0\u00a0\u00a0\u00a0\u00a0\u00a0\u00a0\u00a0\u00a0\u00a0\u00a0 <\/strong>11.30 Monumento a Verdi <strong>CERIMONIA IN ONORE DI VERDI<\/strong><\/p>\n<p>20.00 Teatro Regio <strong>GALA VERDIANO<\/strong><\/p>\n<p>11 mar \u00a0\u00a0\u00a0\u00a0\u00a0\u00a0\u00a0\u00a0\u00a0\u00a0\u00a0\u00a0\u00a0\u00a0\u00a0\u00a0\u00a0\u00a0\u00a0\u00a0\u00a0\u00a0\u00a0 17.30 Ridotto del Teatro Regio <strong>CORI AL RIDOTTO <\/strong><strong>voci bianche \u201cChorus Cordis\u201d<\/strong><\/p>\n<p>20.00 Busseto, Teatro Giuseppe Verdi <strong>CONCERTO SINFONICO<\/strong><\/p>\n<p>12 mer\u00a0\u00a0\u00a0\u00a0\u00a0\u00a0\u00a0\u00a0\u00a0\u00a0\u00a0\u00a0 20.00 Teatro Regio di Parma <strong>CONCERTO SINFONICO CORALE<\/strong><\/p>\n<p>13 gio \u00a0\u00a0\u00a0\u00a0\u00a0\u00a0\u00a0\u00a0\u00a0\u00a0\u00a0\u00a0 15.00 Busseto, Teatro Giuseppe Verdi <strong>RIGOLETTO E LA MALEDIZIONE<\/strong><\/p>\n<p>15.00 Istituto Nazionale di Studi Verdiani <strong>VERDI E OLTRE<\/strong><\/p>\n<p>20.00 Fidenza, Teatro Magnani <strong>IL TROVATORE<\/strong><\/p>\n<p>14 ven \u00a0\u00a0\u00a0\u00a0\u00a0\u00a0\u00a0\u00a0\u00a0\u00a0\u00a0 9.15 e 15.00 Istituto Nazionale di Studi Verdiani <strong>VERDI E OLTRE<\/strong><\/p>\n<p>17.30 Ridotto del Teatro Regio <strong>CORI AL RIDOTTO <\/strong><strong>voci bianche Teatro Regio di Parma<\/strong><\/p>\n<p>20.00 Teatro Regio <strong>SIMON BOCCANEGRA<\/strong><\/p>\n<p>15 sab \u00a0\u00a0\u00a0\u00a0\u00a0\u00a0\u00a0\u00a0\u00a0\u00a0\u00a0\u00a0 9.15 Istituto Nazionale di Studi Verdiani <strong>VERDI E OLTRE<\/strong><\/p>\n<p>18.00 Teatro Regio <strong>QUATTRO PEZZI SACRI<\/strong><\/p>\n<p><strong>16 dom<\/strong> \u00a0\u00a0\u00a0\u00a0\u00a0\u00a0\u00a0\u00a0\u00a0 15.00 Busseto, Teatro Giuseppe Verdi <strong>RIGOLETTO E LA MALEDIZIONE<\/strong><\/p>\n<p>16.00 Teatro Regio <strong>LA FORZA DEL DESTINO<\/strong><\/p>\n<p><a href=\"http:\/\/www.ecoitaliano.com.ar\/wp-content\/uploads\/2022\/10\/Centanni_DSC0330_phSimone-Scatarzi.jpg\"><img decoding=\"async\" class=\"alignnone size-full wp-image-28159\" src=\"http:\/\/www.ecoitaliano.com.ar\/wp-content\/uploads\/2022\/10\/Centanni_DSC0330_phSimone-Scatarzi.jpg\" alt=\"\" width=\"5726\" height=\"3783\" srcset=\"https:\/\/www.ecoitaliano.com.ar\/wp-content\/uploads\/2022\/10\/Centanni_DSC0330_phSimone-Scatarzi.jpg 5726w, https:\/\/www.ecoitaliano.com.ar\/wp-content\/uploads\/2022\/10\/Centanni_DSC0330_phSimone-Scatarzi-300x198.jpg 300w, https:\/\/www.ecoitaliano.com.ar\/wp-content\/uploads\/2022\/10\/Centanni_DSC0330_phSimone-Scatarzi-768x507.jpg 768w, https:\/\/www.ecoitaliano.com.ar\/wp-content\/uploads\/2022\/10\/Centanni_DSC0330_phSimone-Scatarzi-1024x677.jpg 1024w, https:\/\/www.ecoitaliano.com.ar\/wp-content\/uploads\/2022\/10\/Centanni_DSC0330_phSimone-Scatarzi-150x99.jpg 150w\" sizes=\"(max-width: 5726px) 100vw, 5726px\" \/><\/a><\/p>\n<p><strong>CURRICULUM VITAE &#8211; FABIO CENTANNI <\/strong><\/p>\n<p>Nato a Roma, si \u00e8 diplomato presso il Conservatorio di Santa Cecilia nel 1992 col massimo dei voti e la Lode.<\/p>\n<p>Alla sua formazione hanno contribuito numerosi insegnanti, tra cui Sergio Perticaroli, Pavel Gililov, Michele Campanella, Franco Scala, Piernarciso Masi, Felix Ayo, Germaine Mounier, docenti coi quali ha studiato presso l&#8217;<strong>Accademia Chigiana<\/strong> di Siena, la Sommerakademie \u201c<strong>Mozarteum<\/strong>\u201d di Salisburgo, l\u2019<strong>Accademia Nazionale di S. Cecilia<\/strong>, l\u2019Accademia \u201c<strong>Incontri col Maestro<\/strong>\u201d di Imola e l\u2019<strong>Accademia Musicale Pescarese<\/strong>.<\/p>\n<p>\u00c8 risultato vincitore di concorsi nazionali ed internazionali, tra i quali si evidenziano il Primo Premio Assoluto al secondo Concorso di Terzo d&#8217;Acqui (Alessandria) nel 1990, nonch\u00e9 il Primo Premio al decimo Concorso Pianistico Nazionale \u00abCitt\u00e0 di Velletri\u201d 1990, il terzo premio nel Concorso Internazionale \u00abCitt\u00e0 di Sulmona\u00bb nel 1999, il Premio della Critica al 38\u00b0 Concorso Nazionale Pianistico \u201cA. Speranza\u201d di Taranto nel 2000.<\/p>\n<p>Dal 2001 al 2015 ha lavorato come pianista accompagnatore presso l\u2019<strong>Accademia Nazionale di Santa Cecilia<\/strong>. Ha collaborato nei corsi dei Maestri <strong>Claudio Desderi<\/strong> (canto), <strong>Jacques Mauger<\/strong> (trombone),<strong> Guido Corti<\/strong> (corno),<strong> Carlo Tamponi<\/strong> <strong>e Andrea Oliva<\/strong> (flauto),<strong> Gabriele Cassone<\/strong>,<strong> Andrea Lucchi<\/strong> (tromba), <strong>Francesco Bossone<\/strong> (fagotto), <strong>Domenico Nordio<\/strong> (violino.)<\/p>\n<p>Nel 2011, 2012 e 2017 \u00e8 stato il pianista accompagnatore del corso di violino tenuto dalla Prof.ssa <strong>Sonig Tchakerian<\/strong>, presso l\u2019Accademia Nazionale di S. Cecilia.<\/p>\n<p>Dal 2006 al 2017 \u00e8 stato pianista e collaboratore didattico delle attivit\u00e0 di alto perfezionamento lirico del M\u00b0 <strong>Renata Scotto (Operastudio <\/strong>Accademia di S. Cecilia dal 2006 al 2015, <strong>Renata Scotto Opera Program<\/strong> Naples-Florida, <strong>Masterclass<\/strong> \u00d3pera de La Coru\u00f1a nel 2017).<\/p>\n<p>Dall\u2019aprile 2006 all\u2019 aprile 2008 ha lavorato come <strong>Solo Repetitor<\/strong> presso la <strong>Deutsche Oper am Rhein<\/strong> di D\u00fcsseldorf-Duisburg, preparando numerose produzioni (<em>L\u2019Elisir d\u2019amore, Der fliegende Holl\u00e4nder, L\u2019amour des trois oranges, Falstaff, Otello, Tosca, Giulio Cesare, Carmina Burana, Lucia di Lammermoor, Faust, Un ballo in maschera, La Boh\u00e8me<\/em>) ed esibendosi in numerosi concerti.<\/p>\n<p>Nel dicembre 2012 ha lavorato presso il\u00a0 <a href=\"http:\/\/www.geneveopera.com\/\"><strong>Grand Th\u00e9\u00e2tre de Gen\u00e8ve<\/strong><\/a><a href=\"http:\/\/www.geneveopera.com\/\">,<\/a> accompagnando la produzione del <em>Richard III<\/em> di<strong> G. Battistelli<\/strong>.<\/p>\n<p>\u00c8 stato ospite del Festival internazionale di Verbier dal 2009 al 2012 in qualit\u00e0 di accompagnatore delle masterclasses del M\u00b0 <strong>Claudio Desderi<\/strong> sul <em>Don Giovanni<\/em> di Mozart (2009), del M\u00b0 <strong>Nelly Miricioiu<\/strong> sulla <em>Boh\u00e8me<\/em> di Puccini (2010), come esecutore nella rappresentazione di <em>Cosi fan tutte<\/em> di Mozart in versione per pianoforte e quartetto d\u2019archi (2011) ed infine come coordinatore delle masterclasses di pianoforte tenute dai Maestri <strong>D. Bashkirov<\/strong> e <strong>M. Pressler<\/strong> (2012).<\/p>\n<p>Costante \u00e8 la sua attivit\u00e0 di Vocal Coach e Docente presso Universit\u00e0 ed importanti Istituzioni Internazionali, tra le quali si ricordano: \u201cEst\u00fadio Voce\u201d di Rio de Janeiro (2011-2017), Universidade Federal do Belo Horizonte (2016), Universidade Federal do Estado do Rio de Janeiro (2015), Casa da<\/p>\n<p>Cultura di Bras\u00edlia (2015), Conservatoire National Sup\u00e8rieur de Musique di Beyrouth-Libano (2013), Universit\u00e9 Antonine di Beyrouth-Libano, Conservatorio di Sydney (2014).<\/p>\n<p>Nell\u2019ottobre 2010 \u00e8 stato il pianista ufficiale del Concorso Violinistico Internazionale \u201cCitt\u00e0 di Brescia\u201d e dal 2012 \u00e8 pianista ufficiale del Concorso Violinistico Internazionale \u201cA. Postacchini\u201d di Fermo.<\/p>\n<p>Nel gennaio 2020 ha conseguito la Laurea Magistrale in Musicologia presso la \u201cSapienza Universit\u00e0 di Roma\u201d, con votazione 110 e lode.<\/p>\n<p>Attualmente \u00e8 docente del corso di Musica da Camera presso il <strong>Conservatorio \u201cG. Pierluigi da Palestrina<\/strong>\u201d di <strong>Cagliari<\/strong>.<\/p>\n<p><em>FABIO CENTANNI<\/em><\/p>\n<p><em>Biography<\/em><\/p>\n<p>Fabio Centanni is one of the most sought-after collaborative pianists internationally, for both Italian Opera and Instrumental music. Born in Rome, he graduated from the Conservatory of Santa Cecilia in 1992 with full marks and honors.<\/p>\n<p>Numerous teachers have contributed to his training, including Sergio Perticaroli, Pavel Gililov, Michele Campanella, Franco Scala, Piernarciso Masi, Felix Ayo, Germaine Mounier, teachers with whom he studied at the <strong>Accademia Chigiana<\/strong> of Siena, the \u00ab<strong>Mozarteum<\/strong>\u00bb Sommerakademie in Salzburg, the <strong>Accademia Nazionale di Santa Cecilia <\/strong>in Rome, the <strong>Incontri col Maestro<\/strong> Academy of Imola, and the <strong>Accademia Musicale<\/strong> in Pescara. Fabio has won numerous national and international competitions, including First Prize at the Competition of Terzo d&#8217;Acqui (Alessandria) in 1990, as well as First Prize at the National Piano Competition \u00abCity of Velletri\u00bb, Third prize at the \u00abCitt\u00e0 di Sulmona\u00bb international competition in 1999, and the Critics Award at the 38th National Piano Competition \u00abA. Speranza \u00abof Taranto in 2000.<\/p>\n<p>From 2001 to 2015 he worked as a piano accompanist at the<strong> Accademia Nazionale di Santa Cecilia<\/strong>. He collaborated with Claudio Desderi (voice), Jacques Mauger (trombone), Guido Corti (horn), Carlo Tamponi and Andrea Oliva (flute), Gabriele Cassone and Andrea Lucchi (trumpet), Francesco Bossone (bassoon), and Domenico Nordio (violin.) In 2011, 2012, and 2017 he was also the piano accompanist of the violin course held by Prof. Sonig Tchakerian.<\/p>\n<p>Since 2006, Fabio has worked alongside Italian soprano Renata Scotto, with whom he has worked both as pianist and teaching assistant (<strong>Operastudio<\/strong> Academy of S. Cecilia, <strong>Renata Scotto Opera Program<\/strong> Naples-Florida, <strong>Masterclass<\/strong> \u00d3pera de La Coru\u00f1a).<\/p>\n<p>Between April 2006 and April 2008 he worked as Solo Repetiteur at the <strong>Deutsche Oper am Rhein<\/strong> in D\u00fcsseldorf-Duisburg, preparing numerous productions (L\u2019Elisir d\u2019amore, Der fliegende Hollaender, L\u2019amour des trois oranges, Falstaff, Otello, Tosca, Giulio Cesare, Carmina Burana, Lucia di Lammermoor, Faust, Un ballo in maschera, La Boh\u00e8me) and performing in various concerts. In December 2012 he worked at the Grand Th\u00e9\u00e2tre de Gen\u00e8ve, accompanying the production of <strong>Richard III by G. Battistelli<\/strong>.<\/p>\n<p>He was a guest of the Verbier International Festival from 2009 to 2012 as accompanist of Masterclasses of Maestro <strong>Claudio Desderi<\/strong> on Mozart&#8217;s Don Giovanni (2009), of Maestra Nelly Miricioiu on Puccini&#8217;s La Boh\u00e8me (2010), as performer in the performance of \u00abCosi fan tutte\u00bb by Mozart in version for piano and string quartet (2011) and finally as coordinator of piano masterclasses (2012).<\/p>\n<p>Fabio is very active as both a Vocal Coach and a Lecturer at Universities and important International Institutions, including Est\u00fadio Voce\u201d di Rio de Janeiro (2011-2016), Universidade Federal do Belo Horizonte (2016), Universidade Federal do Estado do Rio de Janeiro (2015), Casa da Cultura di Bras\u00edlia (2015), Conservatoire National Sup\u00e8rieur de Musique di Beyrouth-Libano (2013), Universit\u00e9 Antonine di Beyrouth-Libano, Conservatorio di Sydney (2014).<\/p>\n<p>In October 2010 he was the official pianist of the \u00abCitt\u00e0 di Brescia\u00bb International Violin Competition and since 2012 he has been the official pianist of the \u00abA. Postacchini \u00abInternational Violin Competition of Fermo.<\/p>\n<p>He currently teaches the Chamber Music course at the \u00ab<strong>G.Pierluigi da Palestrina<\/strong>\u00bb Conservatory of Cagliari.<\/p>\n<figure id=\"attachment_28160\" aria-describedby=\"caption-attachment-28160\" style=\"width: 5760px\" class=\"wp-caption alignnone\"><a href=\"http:\/\/www.ecoitaliano.com.ar\/wp-content\/uploads\/2022\/10\/3-Feola-@Todd-Rosenberg.jpg\"><img decoding=\"async\" class=\"size-full wp-image-28160\" src=\"http:\/\/www.ecoitaliano.com.ar\/wp-content\/uploads\/2022\/10\/3-Feola-@Todd-Rosenberg.jpg\" alt=\"\" width=\"5760\" height=\"3840\" srcset=\"https:\/\/www.ecoitaliano.com.ar\/wp-content\/uploads\/2022\/10\/3-Feola-@Todd-Rosenberg.jpg 5760w, https:\/\/www.ecoitaliano.com.ar\/wp-content\/uploads\/2022\/10\/3-Feola-@Todd-Rosenberg-300x200.jpg 300w, https:\/\/www.ecoitaliano.com.ar\/wp-content\/uploads\/2022\/10\/3-Feola-@Todd-Rosenberg-768x512.jpg 768w, https:\/\/www.ecoitaliano.com.ar\/wp-content\/uploads\/2022\/10\/3-Feola-@Todd-Rosenberg-1024x683.jpg 1024w, https:\/\/www.ecoitaliano.com.ar\/wp-content\/uploads\/2022\/10\/3-Feola-@Todd-Rosenberg-150x100.jpg 150w\" sizes=\"(max-width: 5760px) 100vw, 5760px\" \/><\/a><figcaption id=\"caption-attachment-28160\" class=\"wp-caption-text\">4\/15\/16 5:19:12 PM &#8212; Rosa Feola Portraits<br \/>Hair and Makeup Nora Hess<br \/>\u00a9 Todd Rosenberg Photography 2016<\/figcaption><\/figure>\n<p>\u00abMelodramma\u00bb\u00a0 \u00a0 \u00a0\u00a0\u00a0\u00a0\u00a0\u00a0\u00a0\u00a0\u00a0\u00a0\u00a0\u00a0\u00a0\u00a0\u00a0\u00a0\u00a0\u00a0\u00a0\u00a0\u00a0\u00a0\u00a0\u00a0\u00a0\u00a0\u00a0\u00a0\u00a0 \u00a0\u00a0\u00a0\u00a0\u00a0\u00a0\u00a0\u00a0\u00a0 \u00a0\u00a0\u00a0\u00a0\u00a0\u00a0\u00a0\u00a0\u00a0\u00a0<strong>dr. Giandomenico Bisi &amp; C s.r.l.\u00a0\u00a0\u00a0\u00a0 <\/strong>\u00a0\u00a0\u00a0\u00a0\u00a0\u00a0\u00a0\u00a0\u00a0\u00a0\u00a0\u00a0\u00a0\u00a0\u00a0\u00a0\u00a0\u00a0\u00a0\u00a0\u00a0\u00a0\u00a0\u00a0\u00a0\u00a0\u00a0\u00a0\u00a0\u00a0\u00a0\u00a0\u00a0\u00a0\u00a0\u00a0\u00a0\u00a0\u00a0\u00a0\u00a0\u00a0\u00a0\u00a0\u00a0\u00a0\u00a0\u00a0\u00a0\u00a0\u00a0\u00a0\u00a0\u00a0\u00a0\u00a0\u00a0\u00a0\u00a0\u00a0\u00a0\u00a0\u00a0\u00a0\u00a0\u00a0\u00a0\u00a0\u00a0\u00a0\u00a0\u00a0\u00a0\u00a0\u00a0\u00a0\u00a0\u00a0\u00a0\u00a0\u00a0\u00a0 \u00a0\u00a0\u00a0\u00a0\u00a0\u00a0\u00a0\u00a0\u00a0\u00a0\u00a0\u00a0\u00a0\u00a0\u00a0\u00a0\u00a0\u00a0\u00a0\u00a0\u00a0\u00a0\u00a0\u00a0\u00a0\u00a0\u00a0\u00a0\u00a0\u00a0\u00a0\u00a0\u00a0\u00a0 \u00a0 <strong>Segretariato Artistico<\/strong><\/p>\n<p>&nbsp;<\/p>\n<p><strong>\u00a0<\/strong><\/p>\n<p><strong>ROSA FEOLA <\/strong>Soprano<\/p>\n<p>&nbsp;<\/p>\n<p>Nata a Caserta, si perfeziona all\u2019Opera Studio dell\u2019Accademia di Santa Cecilia con Renata Scotto. E\u2019 vincitrice del Concorso Operalia Pl\u00e1cido Domingo 2010<\/p>\n<p>&nbsp;<\/p>\n<p>Gli impegni pi\u00f9 recenti la vedono al Teatro Metropolitan di N.Y. nella produzione di <em>Rigoletto<\/em>, al Teatro alla Scala ne <em>Le nozze di Figaro<\/em> ed <em>Il Turco in Italia;<\/em> sempre al Teatro alla Scala prende parte al Concerto di inaugurazione \u201c A riveder le stelle\u201d dir. R. Chailly. Partecipa al Concerto di Capodanno 2021 del Teatro La Fenice di Venezia diretto da D. Harding, al Teatro Carlo Felice di Genova \u00e8 <em>Susanna<\/em> nel Segreto di Susanna ed a St. Petersburg registra per la Sony l\u2019aria di <em>Amina<\/em> ne La\u00a0 Sonnambula con la direzione di T. Currentzis. Ancora al Teatro alla Scala \u00e8 diretta dal M\u00b0 M-W Chung, nello <em>Stabat Mater<\/em> di Rossini ed all\u2019 Opera di Roma prende parte all\u2019 \u00a0<em>Idomeneo <\/em>di Mozart ed al <em>Rigoletto<\/em> dir. D.Gatti , regia di D. Michieletto con ripresa Rai.<\/p>\n<p>&nbsp;<\/p>\n<p>Collabora con i pi\u00f9 prestigiosi Direttori e Registi ed \u00e8 presente nei pi\u00f9 importanti Teatri Internazionali: Zurigo, Monaco, Amburgo, Salisburgo, Chicago, New York, Washington, Barcellona, Berlino, Londra, Madrid ecc.<\/p>\n<p>&nbsp;<\/p>\n<p>&nbsp;<\/p>\n<p>Gennaio 2022<\/p>\n<p>&nbsp;<\/p>\n<p>\u00abMelodramma\u00bb\u00a0 \u00a0 \u00a0\u00a0\u00a0\u00a0\u00a0\u00a0\u00a0\u00a0\u00a0\u00a0\u00a0\u00a0\u00a0\u00a0\u00a0\u00a0\u00a0\u00a0\u00a0\u00a0\u00a0\u00a0\u00a0\u00a0\u00a0\u00a0\u00a0\u00a0\u00a0 \u00a0\u00a0\u00a0\u00a0\u00a0\u00a0\u00a0\u00a0\u00a0 \u00a0\u00a0\u00a0\u00a0<strong>dr. Giandomenico Bisi &amp; C s.r.l.\u00a0\u00a0\u00a0 <\/strong>\u00a0\u00a0\u00a0\u00a0\u00a0\u00a0\u00a0\u00a0\u00a0\u00a0\u00a0\u00a0\u00a0\u00a0\u00a0\u00a0\u00a0\u00a0\u00a0\u00a0\u00a0\u00a0\u00a0\u00a0\u00a0\u00a0\u00a0\u00a0\u00a0\u00a0\u00a0\u00a0\u00a0\u00a0\u00a0\u00a0\u00a0\u00a0\u00a0\u00a0\u00a0\u00a0\u00a0\u00a0\u00a0\u00a0\u00a0\u00a0\u00a0\u00a0\u00a0\u00a0\u00a0\u00a0\u00a0\u00a0\u00a0\u00a0\u00a0\u00a0\u00a0\u00a0\u00a0\u00a0\u00a0\u00a0\u00a0\u00a0\u00a0\u00a0\u00a0\u00a0\u00a0\u00a0\u00a0\u00a0\u00a0\u00a0\u00a0\u00a0\u00a0\u00a0\u00a0\u00a0\u00a0\u00a0\u00a0\u00a0\u00a0\u00a0\u00a0\u00a0\u00a0 \u00a0\u00a0\u00a0\u00a0\u00a0\u00a0\u00a0\u00a0\u00a0\u00a0\u00a0 <strong>Segretariato Artistico<\/strong><\/p>\n<p>&nbsp;<\/p>\n<p>&nbsp;<\/p>\n<p>&nbsp;<\/p>\n<p>&nbsp;<\/p>\n<p>ROSA FEOLA Soprano<\/p>\n<p>&nbsp;<\/p>\n<p>Born in Caserta, she studied at the Opera Studio of the Santa Cecilia Academy with Renata Scotto. She is the winner of the 2010 Pl\u00e1cido Domingo Operalia Competition<\/p>\n<p>&nbsp;<\/p>\n<p>Her most recent engagements see her at the Metropolitan Theater in N.Y. in the production of Rigoletto, at the Teatro alla Scala in The Marriage of Figaro and Il Turco in Italia; she always at the Teatro alla Scala she takes part in the opening concert \u00abA riveder le stelle\u00bb dir. R. Chailly. She participates in the 2021 New Year&#8217;s Concert at the Teatro La Fenice in Venice directed by D. Harding, at the Carlo Felice Theater in Genoa she is Susanna in the Secret of Susanna and in St. Petersburg she records for Sony the aria of Amina in La Sonnambula with the direction by T. Currentzis. Again at the Teatro alla Scala she is directed by Maestro M-W Chung, in Rossini&#8217;s Stabat Mater and in the Rome Opera, she takes part in Mozart&#8217;s Idomeneo and in Rigoletto dir. D. Gatti, directed by D. Michieletto with Rai filming.<\/p>\n<p>&nbsp;<\/p>\n<p>You collaborate with the most prestigious Conductors and Directors and are present in the most important International Theaters: Zurich, Munich, Hamburg, Salzburg, Chicago, New York, Washington, Barcelona, \u200b\u200bBerlin, London, Madrid etc.<\/p>\n<p>January 2022<\/p>\n<p>\u00abMelodramma\u00bb\u00a0 \u00a0 \u00a0\u00a0\u00a0\u00a0\u00a0\u00a0\u00a0\u00a0\u00a0\u00a0\u00a0\u00a0\u00a0\u00a0\u00a0\u00a0\u00a0\u00a0\u00a0\u00a0\u00a0\u00a0\u00a0\u00a0\u00a0\u00a0\u00a0\u00a0\u00a0 \u00a0\u00a0\u00a0\u00a0\u00a0\u00a0\u00a0\u00a0\u00a0 \u00a0\u00a0\u00a0\u00a0\u00a0\u00a0\u00a0\u00a0\u00a0\u00a0<strong>dr. Giandomenico Bisi &amp; C s.r.l.\u00a0\u00a0\u00a0\u00a0 <\/strong>\u00a0\u00a0\u00a0\u00a0\u00a0\u00a0\u00a0\u00a0\u00a0\u00a0\u00a0\u00a0\u00a0\u00a0\u00a0\u00a0\u00a0\u00a0\u00a0\u00a0\u00a0\u00a0\u00a0\u00a0\u00a0\u00a0\u00a0\u00a0\u00a0\u00a0\u00a0\u00a0\u00a0\u00a0\u00a0\u00a0\u00a0\u00a0\u00a0\u00a0\u00a0\u00a0\u00a0\u00a0\u00a0\u00a0\u00a0\u00a0\u00a0\u00a0\u00a0\u00a0\u00a0\u00a0\u00a0\u00a0\u00a0\u00a0\u00a0\u00a0\u00a0\u00a0\u00a0\u00a0\u00a0\u00a0\u00a0\u00a0\u00a0\u00a0\u00a0\u00a0\u00a0\u00a0\u00a0\u00a0\u00a0\u00a0\u00a0\u00a0\u00a0\u00a0 \u00a0\u00a0\u00a0\u00a0\u00a0\u00a0\u00a0\u00a0\u00a0\u00a0\u00a0\u00a0\u00a0\u00a0\u00a0\u00a0\u00a0\u00a0\u00a0\u00a0\u00a0\u00a0\u00a0\u00a0\u00a0\u00a0\u00a0\u00a0\u00a0\u00a0\u00a0\u00a0\u00a0\u00a0 \u00a0 <strong>Segretariato Artistico<\/strong><\/p>\n<p>&nbsp;<\/p>\n<p><strong>ROSA FEOLA <\/strong>Soprano<\/p>\n<p>&nbsp;<\/p>\n<p>Born in Caserta, she studied at the Opera Studio of the Academy of Santa Cecilia with Renata Scotto. You attract international attention by winning the 2010 Operalia Competition chaired by Pl\u00e1cido Domingo held at the Teatro alla Scala in Milan.<\/p>\n<p>&nbsp;<\/p>\n<p>Her most recent engagements see her at the Metropolitan Theater of New York in the production of Rigoletto, at the Teatro alla Scala of her as Susanna in The Marriage of Figaro and Fiorilla in Il Turco in Italia; she always at the Teatro alla Scala she takes part in the opening concert \u00abA riveder le stelle\u00bb dir. R. Chailly. She participates in the 2021 New Year&#8217;s Concert at the Teatro La Fenice in Venice directed by D. Harding, at the Carlo Felice Theater in Genoa she is Susanna in the Secret of Susanna and in St. Petersburg she records for Sony the aria of Amina in La Sonnambula with the direction by T. Currentzis. Again at the Teatro alla Scala she is directed by Maestro M-W Chung, in Rossini&#8217;s Stabat Mater and in the Rome Opera, she takes part in Mozart&#8217;s Idomeneo and in Rigoletto dir. D. Gatti and the direction of D. Michieletto with Rai footage.<\/p>\n<p>&nbsp;<\/p>\n<p>At the beginning of the activity, directed by Maestro Riccardo Muti, she played Ines in I due Figaro by Mercadante at the Ravenna and Salzburg festivals, at Real in Madrid and Col\u00f3n in Buenos Aires. Again under the direction of Maestro Muti he recently participated in the inauguration concert of the Ravenna Festival 2020. He made his debut as Gilda (Rigoletto) in Ravenna, and played the same role later in Zurich, Turin, Munich, Naples, Chicago and at the Metropolitan of New York (2019). Like Elvira in Bellini&#8217;s I Puritani, she wins the Welsh Theater Award (best performer) and gets the nomination for the 2016 International Opera Award. gazza ladra by Rossini directed by Riccardo Chailly Teatro where he returns for Don Pasquale by Donizetti, for the Christmas Concert (2018), L&#8217;elisir d&#8217;amore (2019) and Il Turkish in Italy (2020).<\/p>\n<p>&nbsp;<\/p>\n<p>You are present in the most important international theaters: Zurich, Munich, Hamburg, Beijing, Salzburg, Chicago, New York, Washington, Barcelona, \u200b\u200bBerlin, London, Madrid etc. collaborating with the most prestigious Conductors and Directors.<\/p>\n<p>&nbsp;<\/p>\n<p>With M \u00b0 Muti and the Chicago Symphony Orchestra he made his American debut (2012) in Orff&#8217;s Carmina Burana at Millenium Park in Chicago and at the opening of the concert season of Carnegie Hall in New York, and again Mass n.5 by Schubert, Mozart&#8217;s Requiem, Mahler&#8217;s Fourth Symphony and Falstaff. You participate in the BBC Proms at the Royal Albert Hall in London with a concert of Mendelssohn and Mozart arias.<\/p>\n<p>&nbsp;<\/p>\n<p>She released her debut solo CD in 2015 titled <em>Musica e Poesia<\/em>, accompanied by Iain Burnside.<\/p>\n<p>&nbsp;<\/p>\n<p>January 2022<\/p>\n<p>\u00abMelodramma\u00bb\u00a0 \u00a0 \u00a0\u00a0\u00a0\u00a0\u00a0\u00a0\u00a0\u00a0\u00a0\u00a0\u00a0\u00a0\u00a0\u00a0\u00a0\u00a0\u00a0\u00a0\u00a0\u00a0\u00a0\u00a0\u00a0\u00a0\u00a0\u00a0\u00a0\u00a0\u00a0 \u00a0\u00a0\u00a0\u00a0\u00a0\u00a0\u00a0\u00a0\u00a0 \u00a0\u00a0\u00a0\u00a0\u00a0\u00a0\u00a0\u00a0\u00a0\u00a0<strong>dr. Giandomenico Bisi &amp; C s.r.l.\u00a0\u00a0\u00a0\u00a0 <\/strong>\u00a0\u00a0\u00a0\u00a0\u00a0\u00a0\u00a0\u00a0\u00a0\u00a0\u00a0\u00a0\u00a0\u00a0\u00a0\u00a0\u00a0\u00a0\u00a0\u00a0\u00a0\u00a0\u00a0\u00a0\u00a0\u00a0\u00a0\u00a0\u00a0\u00a0\u00a0\u00a0\u00a0\u00a0\u00a0\u00a0\u00a0\u00a0\u00a0\u00a0\u00a0\u00a0\u00a0\u00a0\u00a0\u00a0\u00a0\u00a0\u00a0\u00a0\u00a0\u00a0\u00a0\u00a0\u00a0\u00a0\u00a0\u00a0\u00a0\u00a0\u00a0\u00a0\u00a0\u00a0\u00a0\u00a0\u00a0\u00a0\u00a0\u00a0\u00a0\u00a0\u00a0\u00a0\u00a0\u00a0\u00a0\u00a0\u00a0\u00a0\u00a0\u00a0 \u00a0\u00a0\u00a0\u00a0\u00a0\u00a0\u00a0\u00a0\u00a0\u00a0\u00a0\u00a0\u00a0\u00a0\u00a0\u00a0\u00a0\u00a0\u00a0\u00a0\u00a0\u00a0\u00a0\u00a0\u00a0\u00a0\u00a0\u00a0\u00a0\u00a0\u00a0\u00a0\u00a0\u00a0 \u00a0 <strong>Segretariato Artistico<\/strong><\/p>\n<p><strong>ROSA FEOLA <\/strong>Soprano<\/p>\n<p>&nbsp;<\/p>\n<p>Nata a Caserta, si perfeziona all\u2019Opera Studio dell\u2019Accademia di Santa Cecilia con Renata Scotto. Si impone all\u2019 attenzione internazionale vincendo il Concorso Operalia 2010 presieduto da Pl\u00e1cido Domingo tenutosi al Teatro alla Scala di Milano.<\/p>\n<p>&nbsp;<\/p>\n<p>Gli impegni pi\u00f9 recenti la vedono al Teatro Metropolitan di New York nella produzione di <em>Rigoletto<\/em>, al Teatro alla Scala quale Susanna ne <em>Le nozze di Figaro<\/em> e Fiorilla ne <em>Il Turco in Italia;<\/em> sempre al Teatro alla Scala prende parte al Concerto di inaugurazione \u201c A riveder le stelle\u201d dir. R. Chailly. Partecipa al Concerto di Capodanno 2021 del Teatro La Fenice di Venezia diretto da D. Harding, al Teatro Carlo Felice di Genova \u00e8 <em>Susanna<\/em> nel Segreto di Susanna ed a St. Petersburg registra per la Sony l\u2019aria di <em>Amina<\/em> ne La\u00a0 Sonnambula con la direzione di T. Currentzis. Ancora al Teatro alla Scala \u00e8 diretta dal M\u00b0 M-W Chung, nello <em>Stabat Mater<\/em> di Rossini e all\u2019 Opera di Roma prende parte all\u2019 \u00a0<em>Idomeneo <\/em>di Mozart ed al <em>Rigoletto<\/em> dir. D.Gatti e la regia di D. Michieletto con ripresa Rai.<\/p>\n<p>&nbsp;<\/p>\n<p>Agli esordi dell\u2019 attivit\u00e0, diretta dal M\u00b0 Riccardo Muti interpreta Ines ne <em>I due Figaro<\/em> di Mercadante al festival di Ravenna e Salisburgo, al Real di Madrid e Col\u00f3n di Buenos Aires. Sempre con la direzione del M\u00b0 Muti partecipa recentemente al Concerto di inaugurazione del Ravenna Festival 2020. Debutta come Gilda (<em>Rigoletto<\/em>) a Ravenna, ed interpreta lo stesso ruolo successivamente a Zurigo, Torino, Monaco di Baviera, Napoli, Chicago ed al Metropolitan di New York (2019). Come Elvira ne <em>I Puritani<\/em> di Bellini vince il Welsh Theatre Award (migliore interprete) e ottiene la nomination all\u2019International Opera Award 2016. Nel 2017 partecipa al Concerto di Capodanno del Teatro La Fenice di Venezia diretto da Fabio Luisi e debutta alla Scala ne <em>La gazza ladra<\/em> di Rossini diretta da Riccardo Chailly Teatro dove torna per <em>Don Pasquale<\/em> di Donizetti, per il Concerto di Natale (2018), <em>L\u2019elisir d\u2019amore<\/em> (2019) ed <em>Il turco in Italia<\/em> (2020).<\/p>\n<p>&nbsp;<\/p>\n<p>E\u2019 presente nei pi\u00f9 importanti Teatri Internazionali: Zurigo, Monaco, Amburgo, Pechino, Salisburgo, Chicago, New York, Washington, Barcellona, Berlino, Londra, Madrid ecc. collaborando con i pi\u00f9 prestigiosi Direttori e Registi.<\/p>\n<p>&nbsp;<\/p>\n<p>Con il M\u00b0 Muti e la Chicago Symphony Orchestra ha fatto il suo debutto americano (2012) nei <em>Carmina Burana<\/em> di Orff al Millenium Park di Chicago ed all\u2019apertura della stagione concertistica della Carnegie Hall di New York, ed ancora la <em>Messa n.5 <\/em>di Schubert, il <em>Requiem<\/em> di Mozart, la <em>Quarta Sinfonia<\/em> di Mahler ed il <em>Falstaff<\/em>. Partecipa ai BBC Proms alla Royal Albert Hall di Londra con un concerto di arie di Mendelssohn e Mozart.<\/p>\n<p>&nbsp;<\/p>\n<p>Nel 2015 registra il suo primo cd, \u201cMusica e Poesia\u201d (OpusArte).<\/p>\n<p>&nbsp;<\/p>\n<p>Gennaio 2022<\/p>\n<p>&nbsp;<\/p>\n<p><a href=\"http:\/\/www.ecoitaliano.com.ar\/wp-content\/uploads\/2022\/10\/vitale-primo-piano-3.jpg\"><img decoding=\"async\" class=\"alignnone size-full wp-image-28161\" src=\"http:\/\/www.ecoitaliano.com.ar\/wp-content\/uploads\/2022\/10\/vitale-primo-piano-3.jpg\" alt=\"\" width=\"4838\" height=\"3456\" srcset=\"https:\/\/www.ecoitaliano.com.ar\/wp-content\/uploads\/2022\/10\/vitale-primo-piano-3.jpg 4838w, https:\/\/www.ecoitaliano.com.ar\/wp-content\/uploads\/2022\/10\/vitale-primo-piano-3-300x214.jpg 300w, https:\/\/www.ecoitaliano.com.ar\/wp-content\/uploads\/2022\/10\/vitale-primo-piano-3-768x549.jpg 768w, https:\/\/www.ecoitaliano.com.ar\/wp-content\/uploads\/2022\/10\/vitale-primo-piano-3-1024x731.jpg 1024w, https:\/\/www.ecoitaliano.com.ar\/wp-content\/uploads\/2022\/10\/vitale-primo-piano-3-150x107.jpg 150w\" sizes=\"(max-width: 4838px) 100vw, 4838px\" \/><\/a><\/p>\n<p>Sergio Vitale &#8211; Baritono &#8211; WPrint<\/p>\n<p>&nbsp;<\/p>\n<p>The young baritone Sergio Vitale studied at the Accademia Nazionale di Santa Cecilia Opera Studio in Rome under the guidance of Renata Scotto and with Renato Bruson at the Accademia Chigiana in Siena. He made his debut as Giorgio Germont in La Traviata and Schaunard in La Boh\u00e8me at the Deutsche Oper Berlin, where he sung as soloist for the 2010\/2011 season. He went on to sing as Don Giovanni (title role), Daniel Oren conducting, at the Teatro Verdi in Salerno, Gianni Schicchi (title role) at the Auditorium Parco della Musica in Rome, Malatesta in Don Pasquale in Savona. He performed in Falstaff (title role) at the Teatro della Fortuna in Fano; Il Viaggio a Reims (Don Profondo) at the Rossini Opera Festival; Rigoletto (Marullo) on tour in Japan with the Teatro alla Scala; Il Barbiere di Siviglia (Figaro) at the Teatro di San Carlo in Napoli under Bruno Campanella; Madama Butterfly as Sharpless at the Teatro Belli in Spoleto and in Il Turco in Italia (Don Geronio) at the Teatro Massimo Vincenzo Bellini in Catania. Concert performances include Carmina Burana with the Orchestra Giovanile italiana in Milan, Faur\u00e8&#8217;s Requiem at the Teatro Lirico in Cagliari, a concert at the Op\u00e8ra de Nice, Rigoletto as Marullo at the Concertgebouw in Amsterdam. Past engagements include Falstaff in a concert version with the first Italian Opera Accademy of Riccardo Muti, at the Teatro delle Muse in Ancona with Cristina Mazzavillani Muti staging and at the Teatro San Carlo in Naples. He appeared as Figaro (Il Barbiere di Siviglia) at the Tiroler Festspiele in Erl with Gustav Kuhn and as Marcello (La Boh\u00e8me) for the As.Li.Co circuit in Italy.<\/p>\n<p>Sergio starred as Haly (L\u2019italiana in Algeri) at the Teatro del Maggio Fiorentino under the baton of Bruno Campanella, De Siriex (Fedora) at the Teatro al San Carlo in Napoli; Giorgio Germont in La Traviata at the Teatro Lirico in Cagliari; Faur\u00e8&#8217;s Requiem at the Teatro Petruzzelli in Bari; Battistelli\u2019s Il Medico dei Pazzi in Venice;\u00a0 title role in Falstaff in Cagliari; revival of L\u2019Italiana in Algeri and at the Royal Opera House Muscat; La Boh\u00e8me (Marcello) at Teatro Regio in Parma; Giordano&#8217;s Giove a Pompei (title role) in Foggia and Chieti; Malatesta in Don Pasquale in Salerno; Conte Gil in Il Segreto di Susanna with the San Carlo in Naples at the Reggia in Caserta; La Fanciulla del West at the Lirico in Cagliari; La Traviata in Florence, Trapani and in Porto on tour with the Teatro Nacional de Sao Carlos; a new production of La Boh\u00e8me in Bologna, Graham Vick directing and Michele Mariotti conducting; Falstaff at the Deutsche Oper am Rhein in Dusseldorf;\u00a0 Un Ballo in maschera in Darmstadt;\u00a0 Roberto Devereux at the Teatro Regio in Parma; new production of Turandot (Ping) at the Teatro Comunale in Bologna.<\/p>\n<p>&nbsp;<\/p>\n<p>More recently he\u00a0 sang La Traviata in Trapani, Savona, Rieti; Gianni Schicchi (title role)\u00a0 in Brescia, Como, Pavia, Cremona; L&#8217;Elisir d&#8217;amore (Belcore) in Toulouse; Tosca in Naples; Il Maestro di Cappella and Il segreto di Susanna in Genoa; La forza del destino in Toulouse.<\/p>\n<p>&nbsp;<\/p>\n<p>Plans include La traviata in Macerata; Simon Boccanegra in Parma; Rigoletto (title role) in Rouen and Paris.<\/p>\n<p>&nbsp;<\/p>\n<p>&nbsp;<\/p>\n<p>&nbsp;<\/p>\n<p>June 2021<\/p>\n<p>Sergio Vitale &#8211; Baritono &#8211; WPrint<\/p>\n<p>&nbsp;<\/p>\n<p>Inizia lo studio del canto col M\u00b0 Luigi Giordano Orsini, perfezionandosi all\u2019Opera Studio dell\u2019Accademia Nazionale di Santa Cecilia sotto la guida di Renata Scotto e all\u2019Accademia Chigiana con Renato Bruson. Attualmente studia col M\u00b0 Anna Vandi. Vincitore del 1\u00b0 Premio assoluto al 64\u00b0 Concorso \u201c Comunit\u00e0 Europea \u201c del Teatro Lirico Sperimentale di Spoleto, il 1\u00b0 Premio al 14\u00b0 concorso lirico \u201cPremio Mattia Battistini \u201c di Rieti.<\/p>\n<p>Ha debuttato come Figaro ne Il Barbiere di Siviglia di Rossini al Teatro di San Carlo di Napoli con la direzione di Bruno Campanella. \u00c8 stato in seguito Don Giovanni nell\u2019omonima opera di Mozart al Teatro Verdi di Salerno diretto da Daniel Oren; Sir John Falstaff nel Falstaff\u00a0 di Verdi al Teatro della Fortuna di Fano; Gianni Schicchi nell\u2019omonima opera di Puccini all\u2019Accademia di Santa Cecilia; Don Geronio ne Il Turco in Italia di Rossini al Teatro Massimo V. Bellini di Catania; Conte di luna ne Il Trovatore di Verdi a Zaragoza; Marcello ne La Boh\u00e8me di Puccini al Teatro del Giglio di Lucca in coproduzione con i Teatri Alighieri di Ravenna, Verdi di Pisa e Goldoni di Livorno; Malatesta nel Don Pasquale di G. Donizetti al Teatro Chiabrera di Savona; Sharpless nella Madama Butterfly di Puccini al Teatro Belli di Spoleto; Marullo nel Rigoletto di Verdi con La Scala di Milano e in tourn\u00e9e in Giappone.<\/p>\n<p>&nbsp;<\/p>\n<p>Nella stagione 2010\/ 11 ha lavorato stabilmente come solista alla Deutsche Oper Berlin, debuttando numerose ruoli, tra i quali Giorgio Germont ne La Traviata di Verdi e Schaunard ne La Boheme di Puccini.<\/p>\n<p>&nbsp;<\/p>\n<p>Nelle passate stagioni ha interpretando Sir John Falstaff per l&#8217; Italian Opera Accademy diretta dal M\u00b0 Riccardo Muti e al Teatro delle Muse di Ancona con la regia di Cristina Mazzavillani Muti; Figaro ne Il barbiere di Siviglia di Rossini al Tiroler Festspiele di Erl diretto da Gustav Kuhn; Marcello ne La Boh\u00e9me di Puccini nel Circuito OperaLombardia; Haly ne L\u2019Italiana in Algeri di Rossini all\u2019Opera di Firenze ed in tour in Oman con la direzione di Bruno Campanella; De Siriex nella Fedora di Giordano al Teatro di San Carlo di Napoli; Giorgio Germont ne La Traviata al Teatro Lirico di Cagliari e all\u2019Opera di Firenze. Ha preso inoltre parte al Requiem di Faur\u00e8 al Teatro Petruzzelli di Bari e nella produzione de Il Medico dei Pazzi di Battistelli a Venezia; \u00e8 stato nuovamente protagonista nel Falstaff a Cagliari e nello Gianni Schicchi a Modena. Pi\u00f9 recentemente ha preso parte alla produzione dell\u2019opera di Giordano Giove a Pompei nel ruolo di Giove a Foggia, Pompei e Chieti; Malatesta nel Don Pasquale a Salerno; Conte Gil ne Il segreto di Susanna alla Reggia di Caserta con il Teatro San Carlo di Napoli; Marcello ne La Boheme al Teatro Comunale di Bologna diretto da Michele Mariotti, con la regia di Vick (produzione che si \u00e8 aggiudicata il premio Abbiati 2018); Duca di Nottingham nel Roberto Devereux al Teatro Regio di Parma; La Traviata a Porto, Savona e Rieti; Un ballo in maschera a Darmstadt; Falstaff a Dusseldorf. E&#8217; tornato al Teatro Comunale di Bologna come Ping in una nuova produzione di Turandot; La Traviata a Trapani e in tourn\u00e9e in Tunisia; Gianni Schicchi (ruolo del titolo) a Brescia, Pavia, Como, Cremona; L&#8217;Elisir d&#8217;amore (Belcore) a Toulouse; \u00e8 stato Sagrestano in Tosca in Piazza del Plebiscito a Napoli affianco ad Anna Netrebko; La Forza del Destino a Toulouse.<\/p>\n<p>&nbsp;<\/p>\n<p>Prossimi impegni prevedono Adriana Lecouvreur al Comunale di Bologna; La Traviata a Macerata; Rigoletto a Rouen e a Parigi; Simon Boccaanegra al Regio di Parma.<\/p>\n<p>&nbsp;<\/p>\n<p>Giugno 2021<\/p>\n","protected":false},"excerpt":{"rendered":"<p>ROSA FEOLA E SERGIO VITALE PROTAGONISTI DEL GALA VERDIANO IN OCCASIONE DEL 209\u00b0 COMPLEANNO DI GIUSEPPE VERDI \u00a0 La giornata [&hellip;]<\/p>\n","protected":false},"author":1,"featured_media":0,"comment_status":"open","ping_status":"open","sticky":false,"template":"","format":"standard","meta":{"footnotes":""},"categories":[1],"tags":[],"class_list":["post-28157","post","type-post","status-publish","format-standard","hentry","category-sin-categoria"],"_links":{"self":[{"href":"https:\/\/www.ecoitaliano.com.ar\/index.php?rest_route=\/wp\/v2\/posts\/28157","targetHints":{"allow":["GET"]}}],"collection":[{"href":"https:\/\/www.ecoitaliano.com.ar\/index.php?rest_route=\/wp\/v2\/posts"}],"about":[{"href":"https:\/\/www.ecoitaliano.com.ar\/index.php?rest_route=\/wp\/v2\/types\/post"}],"author":[{"embeddable":true,"href":"https:\/\/www.ecoitaliano.com.ar\/index.php?rest_route=\/wp\/v2\/users\/1"}],"replies":[{"embeddable":true,"href":"https:\/\/www.ecoitaliano.com.ar\/index.php?rest_route=%2Fwp%2Fv2%2Fcomments&post=28157"}],"version-history":[{"count":0,"href":"https:\/\/www.ecoitaliano.com.ar\/index.php?rest_route=\/wp\/v2\/posts\/28157\/revisions"}],"wp:attachment":[{"href":"https:\/\/www.ecoitaliano.com.ar\/index.php?rest_route=%2Fwp%2Fv2%2Fmedia&parent=28157"}],"wp:term":[{"taxonomy":"category","embeddable":true,"href":"https:\/\/www.ecoitaliano.com.ar\/index.php?rest_route=%2Fwp%2Fv2%2Fcategories&post=28157"},{"taxonomy":"post_tag","embeddable":true,"href":"https:\/\/www.ecoitaliano.com.ar\/index.php?rest_route=%2Fwp%2Fv2%2Ftags&post=28157"}],"curies":[{"name":"wp","href":"https:\/\/api.w.org\/{rel}","templated":true}]}}